{"id":210593,"date":"2026-01-28T21:55:14","date_gmt":"2026-01-29T01:55:14","guid":{"rendered":"https:\/\/potenciaradiofonicadominicana.com\/portal\/?p=210593"},"modified":"2026-01-28T21:55:14","modified_gmt":"2026-01-29T01:55:14","slug":"j-balvin-se-suma-al-super-bowl-como-capitan-en-partido-de-flag-football","status":"publish","type":"post","link":"https:\/\/potenciaradiofonicadominicana.com\/portal\/j-balvin-se-suma-al-super-bowl-como-capitan-en-partido-de-flag-football\/","title":{"rendered":"J Balvin se suma al Super Bowl como capit\u00e1n en partido de Flag Football"},"content":{"rendered":"<p><a href=\"https:\/\/potenciaradiofonicadominicana.com\/portal\/wp-content\/uploads\/2026\/01\/j-balvin-getty-performs-2025-gettyimages-2207720784-15a87b2c-focus-min0.01-0.73-896-504.jpg\"><img loading=\"lazy\" decoding=\"async\" class=\"alignnone size-full wp-image-210598\" src=\"https:\/\/potenciaradiofonicadominicana.com\/portal\/wp-content\/uploads\/2026\/01\/j-balvin-getty-performs-2025-gettyimages-2207720784-15a87b2c-focus-min0.01-0.73-896-504.jpg\" alt=\"\" width=\"896\" height=\"504\" srcset=\"https:\/\/potenciaradiofonicadominicana.com\/portal\/wp-content\/uploads\/2026\/01\/j-balvin-getty-performs-2025-gettyimages-2207720784-15a87b2c-focus-min0.01-0.73-896-504.jpg 896w, https:\/\/potenciaradiofonicadominicana.com\/portal\/wp-content\/uploads\/2026\/01\/j-balvin-getty-performs-2025-gettyimages-2207720784-15a87b2c-focus-min0.01-0.73-896-504-300x169.jpg 300w, https:\/\/potenciaradiofonicadominicana.com\/portal\/wp-content\/uploads\/2026\/01\/j-balvin-getty-performs-2025-gettyimages-2207720784-15a87b2c-focus-min0.01-0.73-896-504-768x432.jpg 768w\" sizes=\"auto, (max-width: 896px) 100vw, 896px\" \/><\/a><\/p>\n<p>El cantante colombiano\u00a0<strong>J Balvin<\/strong>\u00a0se uni\u00f3 este martes al cartel de figuras latinas del\u00a0<strong>Super Bowl<\/strong>\u00a0como capit\u00e1n en un\u00a0<strong>partido de flag football<\/strong>\u00a0previo a la final de la\u00a0<strong>NFL<\/strong>.<\/p>\n<p>Los\u00a0<strong>New England Patriots<\/strong>\u00a0de\u00a0<strong>Christian Gonz\u00e1lez<\/strong>\u00a0y Andy Borregales, jugadores de ra\u00edces colombiana y venezolana, enfrentar\u00e1n a los Seattle Seahawks en la edici\u00f3n 60 del\u00a0<strong>Super Bowl<\/strong>, que tendr\u00e1 como protagonista del espect\u00e1culo musical al puertorrique\u00f1o\u00a0<strong>Bad Bunny<\/strong>.<\/p>\n<ul class=\"list-text\">\n<li>La final de la liga de football americano (<strong>NFL<\/strong>) tendr\u00e1 lugar el\u00a0<strong>8 de febrero<\/strong>\u00a0en\u00a0<strong>Santa Clara<\/strong>, a las afueras de San Francisco (California).<\/li>\n<\/ul>\n<p>Un d\u00eda antes, y como parte de una\u00a0<strong>intensa semana<\/strong>\u00a0de eventos, un grupo de\u00a0<strong>figuras del deporte<\/strong>\u00a0y entretenimiento se reunir\u00e1 para disputar un\u00a0<strong>partido de flag football<\/strong>, una modalidad\u00a0<strong>sin contacto<\/strong> del football americano.<\/p>\n<p><strong>J Balvin<\/strong>\u00a0y el comediante estadounidense\u00a0<strong>Druski<\/strong>\u00a0capitanear\u00e1n a los dos equipos, que contar\u00e1n tambi\u00e9n con la estrella del\u00a0<strong>flag football<\/strong>\u00a0mexicana Diana Flores y los exquarterbacks de la\u00a0<strong>NFL<\/strong>\u00a0<strong>Cam Newton<\/strong>\u00a0y Michael Vick, seg\u00fan anunci\u00f3 este martes la liga.<\/p>\n<p>\u00abSer parte de un enorme\u00a0<strong>juego de flag<\/strong>\u00a0como este durante la semana del\u00a0<strong>Super Bowl<\/strong>\u00a0va a ser incre\u00edble\u00bb, dijo\u00a0<strong>J Balvin<\/strong>\u00a0en el comunicado. \u00abEstoy listo para liderar a mi equipo, traer la vibra y montar un espect\u00e1culo divertido que los fans recordar\u00e1n\u00bb.<\/p>\n<p>El cantante y productor de Medell\u00edn, que tiene 50 millones de seguidores en Instagram, ya particip\u00f3 en el\u00a0<strong>Super Bowl<\/strong>\u00a0de 2020, cuando subi\u00f3 al escenario de Miami junto al propio\u00a0<strong>Bad Bunny<\/strong>\u00a0como invitados del show conjunto de Shakira y Jennifer L\u00f3pez.<\/p>\n<p>Flag en la palestra<\/p>\n<p>El\u00a0<strong>juego de flag<\/strong>\u00a0football, incluido en la previa del pasado\u00a0<strong>Super Bowl<\/strong>\u00a0de Nueva Orleans, se celebrar\u00e1 en el centro de convenciones\u00a0<strong>Moscone<\/strong>\u00a0de San Francisco y ser\u00e1 retransmitido por\u00a0<strong>YouTube<\/strong>.<\/p>\n","protected":false},"excerpt":{"rendered":"<p>El cantante colombiano\u00a0J Balvin\u00a0se uni\u00f3 este martes al cartel de figuras latinas del\u00a0Super Bowl\u00a0como capit\u00e1n en un\u00a0partido de flag football\u00a0previo &#8230;<\/p>\n","protected":false},"author":2,"featured_media":210598,"comment_status":"closed","ping_status":"closed","sticky":false,"template":"","format":"standard","meta":{"footnotes":""},"categories":[28],"tags":[],"class_list":["post-210593","post","type-post","status-publish","format-standard","has-post-thumbnail","hentry","category-deportes"],"yoast_head":"<!-- This site is optimized with the Yoast SEO plugin v24.8.1 - https:\/\/yoast.com\/wordpress\/plugins\/seo\/ -->\n<title>J Balvin se suma al Super Bowl como capit\u00e1n en partido de Flag Football - PotenciaRadiofonicaDominicana.com<\/title>\n<meta name=\"robots\" content=\"index, follow, max-snippet:-1, max-image-preview:large, max-video-preview:-1\" \/>\n<link rel=\"canonical\" href=\"https:\/\/potenciaradiofonicadominicana.com\/portal\/j-balvin-se-suma-al-super-bowl-como-capitan-en-partido-de-flag-football\/\" \/>\n<meta property=\"og:locale\" content=\"es_ES\" \/>\n<meta property=\"og:type\" content=\"article\" \/>\n<meta property=\"og:title\" content=\"J Balvin se suma al Super Bowl como capit\u00e1n en partido de Flag Football - PotenciaRadiofonicaDominicana.com\" \/>\n<meta property=\"og:description\" content=\"El cantante colombiano\u00a0J Balvin\u00a0se uni\u00f3 este martes al cartel de figuras latinas del\u00a0Super Bowl\u00a0como capit\u00e1n en un\u00a0partido de flag football\u00a0previo ...\" \/>\n<meta property=\"og:url\" content=\"https:\/\/potenciaradiofonicadominicana.com\/portal\/j-balvin-se-suma-al-super-bowl-como-capitan-en-partido-de-flag-football\/\" \/>\n<meta property=\"og:site_name\" content=\"PotenciaRadiofonicaDominicana.com\" \/>\n<meta property=\"article:publisher\" content=\"https:\/\/web.facebook.com\/PotenciaRadiofonicaD\" \/>\n<meta property=\"article:published_time\" content=\"2026-01-29T01:55:14+00:00\" \/>\n<meta property=\"og:image\" content=\"https:\/\/potenciaradiofonicadominicana.com\/portal\/wp-content\/uploads\/2026\/01\/j-balvin-getty-performs-2025-gettyimages-2207720784-15a87b2c-focus-min0.01-0.73-896-504.jpg\" \/>\n\t<meta property=\"og:image:width\" content=\"896\" \/>\n\t<meta property=\"og:image:height\" content=\"504\" \/>\n\t<meta property=\"og:image:type\" content=\"image\/jpeg\" \/>\n<meta name=\"author\" content=\"Potencia Radiof\u00f3nica Dominicana\" \/>\n<meta name=\"twitter:card\" content=\"summary_large_image\" \/>\n<meta name=\"twitter:label1\" content=\"Escrito por\" \/>\n\t<meta name=\"twitter:data1\" content=\"Potencia Radiof\u00f3nica Dominicana\" \/>\n\t<meta name=\"twitter:label2\" content=\"Tiempo de lectura\" \/>\n\t<meta name=\"twitter:data2\" content=\"2 minutos\" \/>\n<script type=\"application\/ld+json\" class=\"yoast-schema-graph\">{\"@context\":\"https:\/\/schema.org\",\"@graph\":[{\"@type\":\"Article\",\"@id\":\"https:\/\/potenciaradiofonicadominicana.com\/portal\/j-balvin-se-suma-al-super-bowl-como-capitan-en-partido-de-flag-football\/#article\",\"isPartOf\":{\"@id\":\"https:\/\/potenciaradiofonicadominicana.com\/portal\/j-balvin-se-suma-al-super-bowl-como-capitan-en-partido-de-flag-football\/\"},\"author\":{\"name\":\"Potencia Radiof\u00f3nica Dominicana\",\"@id\":\"https:\/\/potenciaradiofonicadominicana.com\/portal\/#\/schema\/person\/a5cf1fea13877803ee0573ac18b03490\"},\"headline\":\"J Balvin se suma al Super Bowl como capit\u00e1n en partido de Flag Football\",\"datePublished\":\"2026-01-29T01:55:14+00:00\",\"mainEntityOfPage\":{\"@id\":\"https:\/\/potenciaradiofonicadominicana.com\/portal\/j-balvin-se-suma-al-super-bowl-como-capitan-en-partido-de-flag-football\/\"},\"wordCount\":325,\"publisher\":{\"@id\":\"https:\/\/potenciaradiofonicadominicana.com\/portal\/#organization\"},\"image\":{\"@id\":\"https:\/\/potenciaradiofonicadominicana.com\/portal\/j-balvin-se-suma-al-super-bowl-como-capitan-en-partido-de-flag-football\/#primaryimage\"},\"thumbnailUrl\":\"https:\/\/potenciaradiofonicadominicana.com\/portal\/wp-content\/uploads\/2026\/01\/j-balvin-getty-performs-2025-gettyimages-2207720784-15a87b2c-focus-min0.01-0.73-896-504.jpg\",\"articleSection\":[\"Deportes\"],\"inLanguage\":\"es\"},{\"@type\":\"WebPage\",\"@id\":\"https:\/\/potenciaradiofonicadominicana.com\/portal\/j-balvin-se-suma-al-super-bowl-como-capitan-en-partido-de-flag-football\/\",\"url\":\"https:\/\/potenciaradiofonicadominicana.com\/portal\/j-balvin-se-suma-al-super-bowl-como-capitan-en-partido-de-flag-football\/\",\"name\":\"J Balvin se suma al Super Bowl como capit\u00e1n en partido de Flag Football - PotenciaRadiofonicaDominicana.com\",\"isPartOf\":{\"@id\":\"https:\/\/potenciaradiofonicadominicana.com\/portal\/#website\"},\"primaryImageOfPage\":{\"@id\":\"https:\/\/potenciaradiofonicadominicana.com\/portal\/j-balvin-se-suma-al-super-bowl-como-capitan-en-partido-de-flag-football\/#primaryimage\"},\"image\":{\"@id\":\"https:\/\/potenciaradiofonicadominicana.com\/portal\/j-balvin-se-suma-al-super-bowl-como-capitan-en-partido-de-flag-football\/#primaryimage\"},\"thumbnailUrl\":\"https:\/\/potenciaradiofonicadominicana.com\/portal\/wp-content\/uploads\/2026\/01\/j-balvin-getty-performs-2025-gettyimages-2207720784-15a87b2c-focus-min0.01-0.73-896-504.jpg\",\"datePublished\":\"2026-01-29T01:55:14+00:00\",\"breadcrumb\":{\"@id\":\"https:\/\/potenciaradiofonicadominicana.com\/portal\/j-balvin-se-suma-al-super-bowl-como-capitan-en-partido-de-flag-football\/#breadcrumb\"},\"inLanguage\":\"es\",\"potentialAction\":[{\"@type\":\"ReadAction\",\"target\":[\"https:\/\/potenciaradiofonicadominicana.com\/portal\/j-balvin-se-suma-al-super-bowl-como-capitan-en-partido-de-flag-football\/\"]}]},{\"@type\":\"ImageObject\",\"inLanguage\":\"es\",\"@id\":\"https:\/\/potenciaradiofonicadominicana.com\/portal\/j-balvin-se-suma-al-super-bowl-como-capitan-en-partido-de-flag-football\/#primaryimage\",\"url\":\"https:\/\/potenciaradiofonicadominicana.com\/portal\/wp-content\/uploads\/2026\/01\/j-balvin-getty-performs-2025-gettyimages-2207720784-15a87b2c-focus-min0.01-0.73-896-504.jpg\",\"contentUrl\":\"https:\/\/potenciaradiofonicadominicana.com\/portal\/wp-content\/uploads\/2026\/01\/j-balvin-getty-performs-2025-gettyimages-2207720784-15a87b2c-focus-min0.01-0.73-896-504.jpg\",\"width\":896,\"height\":504},{\"@type\":\"BreadcrumbList\",\"@id\":\"https:\/\/potenciaradiofonicadominicana.com\/portal\/j-balvin-se-suma-al-super-bowl-como-capitan-en-partido-de-flag-football\/#breadcrumb\",\"itemListElement\":[{\"@type\":\"ListItem\",\"position\":1,\"name\":\"Portada\",\"item\":\"https:\/\/potenciaradiofonicadominicana.com\/portal\/\"},{\"@type\":\"ListItem\",\"position\":2,\"name\":\"J Balvin se suma al Super Bowl como capit\u00e1n en partido de Flag Football\"}]},{\"@type\":\"WebSite\",\"@id\":\"https:\/\/potenciaradiofonicadominicana.com\/portal\/#website\",\"url\":\"https:\/\/potenciaradiofonicadominicana.com\/portal\/\",\"name\":\"PotenciaRadiofonicaDominicana.com\",\"description\":\"Peri\u00f3dico Digital\",\"publisher\":{\"@id\":\"https:\/\/potenciaradiofonicadominicana.com\/portal\/#organization\"},\"potentialAction\":[{\"@type\":\"SearchAction\",\"target\":{\"@type\":\"EntryPoint\",\"urlTemplate\":\"https:\/\/potenciaradiofonicadominicana.com\/portal\/?s={search_term_string}\"},\"query-input\":{\"@type\":\"PropertyValueSpecification\",\"valueRequired\":true,\"valueName\":\"search_term_string\"}}],\"inLanguage\":\"es\"},{\"@type\":\"Organization\",\"@id\":\"https:\/\/potenciaradiofonicadominicana.com\/portal\/#organization\",\"name\":\"PotenciaRadiofonicaDominicana.com\",\"url\":\"https:\/\/potenciaradiofonicadominicana.com\/portal\/\",\"logo\":{\"@type\":\"ImageObject\",\"inLanguage\":\"es\",\"@id\":\"https:\/\/potenciaradiofonicadominicana.com\/portal\/#\/schema\/logo\/image\/\",\"url\":\"https:\/\/potenciaradiofonicadominicana.com\/portal\/wp-content\/uploads\/2022\/01\/descarga.png\",\"contentUrl\":\"https:\/\/potenciaradiofonicadominicana.com\/portal\/wp-content\/uploads\/2022\/01\/descarga.png\",\"width\":300,\"height\":100,\"caption\":\"PotenciaRadiofonicaDominicana.com\"},\"image\":{\"@id\":\"https:\/\/potenciaradiofonicadominicana.com\/portal\/#\/schema\/logo\/image\/\"},\"sameAs\":[\"https:\/\/web.facebook.com\/PotenciaRadiofonicaD\"]},{\"@type\":\"Person\",\"@id\":\"https:\/\/potenciaradiofonicadominicana.com\/portal\/#\/schema\/person\/a5cf1fea13877803ee0573ac18b03490\",\"name\":\"Potencia Radiof\u00f3nica Dominicana\",\"image\":{\"@type\":\"ImageObject\",\"inLanguage\":\"es\",\"@id\":\"https:\/\/potenciaradiofonicadominicana.com\/portal\/#\/schema\/person\/image\/\",\"url\":\"https:\/\/secure.gravatar.com\/avatar\/42a55ab9e8ccc656ba34cd791990602a?s=96&d=mm&r=g\",\"contentUrl\":\"https:\/\/secure.gravatar.com\/avatar\/42a55ab9e8ccc656ba34cd791990602a?s=96&d=mm&r=g\",\"caption\":\"Potencia Radiof\u00f3nica Dominicana\"},\"url\":\"https:\/\/potenciaradiofonicadominicana.com\/portal\/author\/johannyalmanzar\/\"}]}<\/script>\n<!-- \/ Yoast SEO plugin. -->","yoast_head_json":{"title":"J Balvin se suma al Super Bowl como capit\u00e1n en partido de Flag Football - PotenciaRadiofonicaDominicana.com","robots":{"index":"index","follow":"follow","max-snippet":"max-snippet:-1","max-image-preview":"max-image-preview:large","max-video-preview":"max-video-preview:-1"},"canonical":"https:\/\/potenciaradiofonicadominicana.com\/portal\/j-balvin-se-suma-al-super-bowl-como-capitan-en-partido-de-flag-football\/","og_locale":"es_ES","og_type":"article","og_title":"J Balvin se suma al Super Bowl como capit\u00e1n en partido de Flag Football - PotenciaRadiofonicaDominicana.com","og_description":"El cantante colombiano\u00a0J Balvin\u00a0se uni\u00f3 este martes al cartel de figuras latinas del\u00a0Super Bowl\u00a0como capit\u00e1n en un\u00a0partido de flag football\u00a0previo ...","og_url":"https:\/\/potenciaradiofonicadominicana.com\/portal\/j-balvin-se-suma-al-super-bowl-como-capitan-en-partido-de-flag-football\/","og_site_name":"PotenciaRadiofonicaDominicana.com","article_publisher":"https:\/\/web.facebook.com\/PotenciaRadiofonicaD","article_published_time":"2026-01-29T01:55:14+00:00","og_image":[{"width":896,"height":504,"url":"https:\/\/potenciaradiofonicadominicana.com\/portal\/wp-content\/uploads\/2026\/01\/j-balvin-getty-performs-2025-gettyimages-2207720784-15a87b2c-focus-min0.01-0.73-896-504.jpg","type":"image\/jpeg"}],"author":"Potencia Radiof\u00f3nica Dominicana","twitter_card":"summary_large_image","twitter_misc":{"Escrito por":"Potencia Radiof\u00f3nica Dominicana","Tiempo de lectura":"2 minutos"},"schema":{"@context":"https:\/\/schema.org","@graph":[{"@type":"Article","@id":"https:\/\/potenciaradiofonicadominicana.com\/portal\/j-balvin-se-suma-al-super-bowl-como-capitan-en-partido-de-flag-football\/#article","isPartOf":{"@id":"https:\/\/potenciaradiofonicadominicana.com\/portal\/j-balvin-se-suma-al-super-bowl-como-capitan-en-partido-de-flag-football\/"},"author":{"name":"Potencia Radiof\u00f3nica Dominicana","@id":"https:\/\/potenciaradiofonicadominicana.com\/portal\/#\/schema\/person\/a5cf1fea13877803ee0573ac18b03490"},"headline":"J Balvin se suma al Super Bowl como capit\u00e1n en partido de Flag Football","datePublished":"2026-01-29T01:55:14+00:00","mainEntityOfPage":{"@id":"https:\/\/potenciaradiofonicadominicana.com\/portal\/j-balvin-se-suma-al-super-bowl-como-capitan-en-partido-de-flag-football\/"},"wordCount":325,"publisher":{"@id":"https:\/\/potenciaradiofonicadominicana.com\/portal\/#organization"},"image":{"@id":"https:\/\/potenciaradiofonicadominicana.com\/portal\/j-balvin-se-suma-al-super-bowl-como-capitan-en-partido-de-flag-football\/#primaryimage"},"thumbnailUrl":"https:\/\/potenciaradiofonicadominicana.com\/portal\/wp-content\/uploads\/2026\/01\/j-balvin-getty-performs-2025-gettyimages-2207720784-15a87b2c-focus-min0.01-0.73-896-504.jpg","articleSection":["Deportes"],"inLanguage":"es"},{"@type":"WebPage","@id":"https:\/\/potenciaradiofonicadominicana.com\/portal\/j-balvin-se-suma-al-super-bowl-como-capitan-en-partido-de-flag-football\/","url":"https:\/\/potenciaradiofonicadominicana.com\/portal\/j-balvin-se-suma-al-super-bowl-como-capitan-en-partido-de-flag-football\/","name":"J Balvin se suma al Super Bowl como capit\u00e1n en partido de Flag Football - PotenciaRadiofonicaDominicana.com","isPartOf":{"@id":"https:\/\/potenciaradiofonicadominicana.com\/portal\/#website"},"primaryImageOfPage":{"@id":"https:\/\/potenciaradiofonicadominicana.com\/portal\/j-balvin-se-suma-al-super-bowl-como-capitan-en-partido-de-flag-football\/#primaryimage"},"image":{"@id":"https:\/\/potenciaradiofonicadominicana.com\/portal\/j-balvin-se-suma-al-super-bowl-como-capitan-en-partido-de-flag-football\/#primaryimage"},"thumbnailUrl":"https:\/\/potenciaradiofonicadominicana.com\/portal\/wp-content\/uploads\/2026\/01\/j-balvin-getty-performs-2025-gettyimages-2207720784-15a87b2c-focus-min0.01-0.73-896-504.jpg","datePublished":"2026-01-29T01:55:14+00:00","breadcrumb":{"@id":"https:\/\/potenciaradiofonicadominicana.com\/portal\/j-balvin-se-suma-al-super-bowl-como-capitan-en-partido-de-flag-football\/#breadcrumb"},"inLanguage":"es","potentialAction":[{"@type":"ReadAction","target":["https:\/\/potenciaradiofonicadominicana.com\/portal\/j-balvin-se-suma-al-super-bowl-como-capitan-en-partido-de-flag-football\/"]}]},{"@type":"ImageObject","inLanguage":"es","@id":"https:\/\/potenciaradiofonicadominicana.com\/portal\/j-balvin-se-suma-al-super-bowl-como-capitan-en-partido-de-flag-football\/#primaryimage","url":"https:\/\/potenciaradiofonicadominicana.com\/portal\/wp-content\/uploads\/2026\/01\/j-balvin-getty-performs-2025-gettyimages-2207720784-15a87b2c-focus-min0.01-0.73-896-504.jpg","contentUrl":"https:\/\/potenciaradiofonicadominicana.com\/portal\/wp-content\/uploads\/2026\/01\/j-balvin-getty-performs-2025-gettyimages-2207720784-15a87b2c-focus-min0.01-0.73-896-504.jpg","width":896,"height":504},{"@type":"BreadcrumbList","@id":"https:\/\/potenciaradiofonicadominicana.com\/portal\/j-balvin-se-suma-al-super-bowl-como-capitan-en-partido-de-flag-football\/#breadcrumb","itemListElement":[{"@type":"ListItem","position":1,"name":"Portada","item":"https:\/\/potenciaradiofonicadominicana.com\/portal\/"},{"@type":"ListItem","position":2,"name":"J Balvin se suma al Super Bowl como capit\u00e1n en partido de Flag Football"}]},{"@type":"WebSite","@id":"https:\/\/potenciaradiofonicadominicana.com\/portal\/#website","url":"https:\/\/potenciaradiofonicadominicana.com\/portal\/","name":"PotenciaRadiofonicaDominicana.com","description":"Peri\u00f3dico Digital","publisher":{"@id":"https:\/\/potenciaradiofonicadominicana.com\/portal\/#organization"},"potentialAction":[{"@type":"SearchAction","target":{"@type":"EntryPoint","urlTemplate":"https:\/\/potenciaradiofonicadominicana.com\/portal\/?s={search_term_string}"},"query-input":{"@type":"PropertyValueSpecification","valueRequired":true,"valueName":"search_term_string"}}],"inLanguage":"es"},{"@type":"Organization","@id":"https:\/\/potenciaradiofonicadominicana.com\/portal\/#organization","name":"PotenciaRadiofonicaDominicana.com","url":"https:\/\/potenciaradiofonicadominicana.com\/portal\/","logo":{"@type":"ImageObject","inLanguage":"es","@id":"https:\/\/potenciaradiofonicadominicana.com\/portal\/#\/schema\/logo\/image\/","url":"https:\/\/potenciaradiofonicadominicana.com\/portal\/wp-content\/uploads\/2022\/01\/descarga.png","contentUrl":"https:\/\/potenciaradiofonicadominicana.com\/portal\/wp-content\/uploads\/2022\/01\/descarga.png","width":300,"height":100,"caption":"PotenciaRadiofonicaDominicana.com"},"image":{"@id":"https:\/\/potenciaradiofonicadominicana.com\/portal\/#\/schema\/logo\/image\/"},"sameAs":["https:\/\/web.facebook.com\/PotenciaRadiofonicaD"]},{"@type":"Person","@id":"https:\/\/potenciaradiofonicadominicana.com\/portal\/#\/schema\/person\/a5cf1fea13877803ee0573ac18b03490","name":"Potencia Radiof\u00f3nica Dominicana","image":{"@type":"ImageObject","inLanguage":"es","@id":"https:\/\/potenciaradiofonicadominicana.com\/portal\/#\/schema\/person\/image\/","url":"https:\/\/secure.gravatar.com\/avatar\/42a55ab9e8ccc656ba34cd791990602a?s=96&d=mm&r=g","contentUrl":"https:\/\/secure.gravatar.com\/avatar\/42a55ab9e8ccc656ba34cd791990602a?s=96&d=mm&r=g","caption":"Potencia Radiof\u00f3nica Dominicana"},"url":"https:\/\/potenciaradiofonicadominicana.com\/portal\/author\/johannyalmanzar\/"}]}},"_links":{"self":[{"href":"https:\/\/potenciaradiofonicadominicana.com\/portal\/wp-json\/wp\/v2\/posts\/210593","targetHints":{"allow":["GET"]}}],"collection":[{"href":"https:\/\/potenciaradiofonicadominicana.com\/portal\/wp-json\/wp\/v2\/posts"}],"about":[{"href":"https:\/\/potenciaradiofonicadominicana.com\/portal\/wp-json\/wp\/v2\/types\/post"}],"author":[{"embeddable":true,"href":"https:\/\/potenciaradiofonicadominicana.com\/portal\/wp-json\/wp\/v2\/users\/2"}],"replies":[{"embeddable":true,"href":"https:\/\/potenciaradiofonicadominicana.com\/portal\/wp-json\/wp\/v2\/comments?post=210593"}],"version-history":[{"count":1,"href":"https:\/\/potenciaradiofonicadominicana.com\/portal\/wp-json\/wp\/v2\/posts\/210593\/revisions"}],"predecessor-version":[{"id":210604,"href":"https:\/\/potenciaradiofonicadominicana.com\/portal\/wp-json\/wp\/v2\/posts\/210593\/revisions\/210604"}],"wp:featuredmedia":[{"embeddable":true,"href":"https:\/\/potenciaradiofonicadominicana.com\/portal\/wp-json\/wp\/v2\/media\/210598"}],"wp:attachment":[{"href":"https:\/\/potenciaradiofonicadominicana.com\/portal\/wp-json\/wp\/v2\/media?parent=210593"}],"wp:term":[{"taxonomy":"category","embeddable":true,"href":"https:\/\/potenciaradiofonicadominicana.com\/portal\/wp-json\/wp\/v2\/categories?post=210593"},{"taxonomy":"post_tag","embeddable":true,"href":"https:\/\/potenciaradiofonicadominicana.com\/portal\/wp-json\/wp\/v2\/tags?post=210593"}],"curies":[{"name":"wp","href":"https:\/\/api.w.org\/{rel}","templated":true}]}}