{"id":210453,"date":"2026-01-26T23:42:01","date_gmt":"2026-01-27T03:42:01","guid":{"rendered":"https:\/\/potenciaradiofonicadominicana.com\/portal\/?p=210453"},"modified":"2026-01-26T23:42:01","modified_gmt":"2026-01-27T03:42:01","slug":"karl-anthony-towns-sobre-muertes-en-minnesota-debemos-exigir-responsabilidades","status":"publish","type":"post","link":"https:\/\/potenciaradiofonicadominicana.com\/portal\/karl-anthony-towns-sobre-muertes-en-minnesota-debemos-exigir-responsabilidades\/","title":{"rendered":"Karl-Anthony Towns sobre muertes en Minnesota: \u00abDebemos exigir responsabilidades\u00bb"},"content":{"rendered":"<p><a href=\"https:\/\/potenciaradiofonicadominicana.com\/portal\/wp-content\/uploads\/2026\/01\/towns-sobre-muertes-en-minnesota-debemos-exigir-responsabilidades-c8eea5cd-focus-0-0-896-504.jpg\"><img loading=\"lazy\" decoding=\"async\" class=\"alignnone size-full wp-image-210455\" src=\"https:\/\/potenciaradiofonicadominicana.com\/portal\/wp-content\/uploads\/2026\/01\/towns-sobre-muertes-en-minnesota-debemos-exigir-responsabilidades-c8eea5cd-focus-0-0-896-504.jpg\" alt=\"\" width=\"896\" height=\"504\" srcset=\"https:\/\/potenciaradiofonicadominicana.com\/portal\/wp-content\/uploads\/2026\/01\/towns-sobre-muertes-en-minnesota-debemos-exigir-responsabilidades-c8eea5cd-focus-0-0-896-504.jpg 896w, https:\/\/potenciaradiofonicadominicana.com\/portal\/wp-content\/uploads\/2026\/01\/towns-sobre-muertes-en-minnesota-debemos-exigir-responsabilidades-c8eea5cd-focus-0-0-896-504-300x169.jpg 300w, https:\/\/potenciaradiofonicadominicana.com\/portal\/wp-content\/uploads\/2026\/01\/towns-sobre-muertes-en-minnesota-debemos-exigir-responsabilidades-c8eea5cd-focus-0-0-896-504-768x432.jpg 768w\" sizes=\"auto, (max-width: 896px) 100vw, 896px\" \/><\/a><\/p>\n<p>La estrella de los\u00a0Knicks,\u00a0Karl-Anthony Towns, reaccion\u00f3 el domingo por la noche tras los recientes\u00a0tiroteos fatales\u00a0de ciudadanos estadounidenses a manos de agentes federales en Minnesota.<\/p>\n<p>Renee Nicole Good, de\u00a037 a\u00f1os, fue\u00a0asesinada a tiros\u00a0por un agente de\u00a0ICE\u00a0el 7 de enero.<\/p>\n<p>Alex Pretti, de\u00a037 a\u00f1os, fue\u00a0asesinado a tiros\u00a0por varios agentes de la CBP el 24 de enero.<\/p>\n<p>Good y Pretti\u00a0protestaban\u00a0por la presencia de\u00a0agentes de inmigraci\u00f3n\u00a0en Minnesota.<\/p>\n<p>\u00abEs desgarrador presenciar lo que est\u00e1 sucediendo en las Ciudades Gemelas y en el Gran Estado de la Estrella del Norte\u00bb, escribi\u00f3\u00a0Towns\u00a0en X, anteriormente Twitter. \u00abEstos sucesos han costado vidas y conmocionado a familias, y debemos exigir responsabilidad, transparencia y protecci\u00f3n para todas las personas. Este momento exige que reflexionemos honestamente sobre cu\u00e1les son realmente nuestros valores. Mis pensamientos, oraciones y mis m\u00e1s sinceras\u00a0condolencias\u00a0est\u00e1n con las familias de Renee Good y\u00a0Alex Pretti\u00bb.<\/p>\n<p>\u00abApoyo\u00a0a la\u00a0gente de Minnesota\u00bb.<\/p>\n<p>Towns\u00a0pas\u00f3 las primeras\u00a0nueve temporadas\u00a0de su carrera en la\u00a0NBA\u00a0jugando para los\u00a0Minnesota Timberwolves.<\/p>\n<p>Su\u00a0reacci\u00f3n\u00a0se produjo poco despu\u00e9s de que la\u00a0Asociaci\u00f3n de Jugadores de la NBA\u00a0y su comit\u00e9 ejecutivo emitieran un\u00a0comunicado tras el tiroteo de Pretti.<\/p>\n<p>El comunicado dec\u00eda<\/p>\n<p>\u00abTras la noticia de otro\u00a0tiroteo mortal\u00a0en\u00a0Minneapolis, una ciudad que ha estado a la vanguardia de la lucha contra la injusticia, los jugadores de la\u00a0NBA\u00a0ya no pueden permanecer en silencio\u00bb.<\/p>\n<p>\u00abAhora m\u00e1s que nunca, debemos\u00a0defender\u00a0el derecho a la\u00a0libertad de expresi\u00f3n\u00a0y solidarizarnos con las personas de Minnesota que protestan y arriesgan sus vidas para exigir justicia\u00bb.<\/p>\n","protected":false},"excerpt":{"rendered":"<p>La estrella de los\u00a0Knicks,\u00a0Karl-Anthony Towns, reaccion\u00f3 el domingo por la noche tras los recientes\u00a0tiroteos fatales\u00a0de ciudadanos estadounidenses a manos de &#8230;<\/p>\n","protected":false},"author":2,"featured_media":210455,"comment_status":"closed","ping_status":"closed","sticky":false,"template":"","format":"standard","meta":{"footnotes":""},"categories":[28],"tags":[],"class_list":["post-210453","post","type-post","status-publish","format-standard","has-post-thumbnail","hentry","category-deportes"],"yoast_head":"<!-- This site is optimized with the Yoast SEO plugin v24.8.1 - https:\/\/yoast.com\/wordpress\/plugins\/seo\/ -->\n<title>Karl-Anthony Towns sobre muertes en Minnesota: &quot;Debemos exigir responsabilidades&quot; - PotenciaRadiofonicaDominicana.com<\/title>\n<meta name=\"robots\" content=\"index, follow, max-snippet:-1, max-image-preview:large, max-video-preview:-1\" \/>\n<link rel=\"canonical\" href=\"https:\/\/potenciaradiofonicadominicana.com\/portal\/karl-anthony-towns-sobre-muertes-en-minnesota-debemos-exigir-responsabilidades\/\" \/>\n<meta property=\"og:locale\" content=\"es_ES\" \/>\n<meta property=\"og:type\" content=\"article\" \/>\n<meta property=\"og:title\" content=\"Karl-Anthony Towns sobre muertes en Minnesota: &quot;Debemos exigir responsabilidades&quot; - PotenciaRadiofonicaDominicana.com\" \/>\n<meta property=\"og:description\" content=\"La estrella de los\u00a0Knicks,\u00a0Karl-Anthony Towns, reaccion\u00f3 el domingo por la noche tras los recientes\u00a0tiroteos fatales\u00a0de ciudadanos estadounidenses a manos de ...\" \/>\n<meta property=\"og:url\" content=\"https:\/\/potenciaradiofonicadominicana.com\/portal\/karl-anthony-towns-sobre-muertes-en-minnesota-debemos-exigir-responsabilidades\/\" \/>\n<meta property=\"og:site_name\" content=\"PotenciaRadiofonicaDominicana.com\" \/>\n<meta property=\"article:publisher\" content=\"https:\/\/web.facebook.com\/PotenciaRadiofonicaD\" \/>\n<meta property=\"article:published_time\" content=\"2026-01-27T03:42:01+00:00\" \/>\n<meta property=\"og:image\" content=\"https:\/\/potenciaradiofonicadominicana.com\/portal\/wp-content\/uploads\/2026\/01\/towns-sobre-muertes-en-minnesota-debemos-exigir-responsabilidades-c8eea5cd-focus-0-0-896-504.jpg\" \/>\n\t<meta property=\"og:image:width\" content=\"896\" \/>\n\t<meta property=\"og:image:height\" content=\"504\" \/>\n\t<meta property=\"og:image:type\" content=\"image\/jpeg\" \/>\n<meta name=\"author\" content=\"Potencia Radiof\u00f3nica Dominicana\" \/>\n<meta name=\"twitter:card\" content=\"summary_large_image\" \/>\n<meta name=\"twitter:label1\" content=\"Escrito por\" \/>\n\t<meta name=\"twitter:data1\" content=\"Potencia Radiof\u00f3nica Dominicana\" \/>\n\t<meta name=\"twitter:label2\" content=\"Tiempo de lectura\" \/>\n\t<meta name=\"twitter:data2\" content=\"2 minutos\" \/>\n<script type=\"application\/ld+json\" class=\"yoast-schema-graph\">{\"@context\":\"https:\/\/schema.org\",\"@graph\":[{\"@type\":\"Article\",\"@id\":\"https:\/\/potenciaradiofonicadominicana.com\/portal\/karl-anthony-towns-sobre-muertes-en-minnesota-debemos-exigir-responsabilidades\/#article\",\"isPartOf\":{\"@id\":\"https:\/\/potenciaradiofonicadominicana.com\/portal\/karl-anthony-towns-sobre-muertes-en-minnesota-debemos-exigir-responsabilidades\/\"},\"author\":{\"name\":\"Potencia Radiof\u00f3nica Dominicana\",\"@id\":\"https:\/\/potenciaradiofonicadominicana.com\/portal\/#\/schema\/person\/a5cf1fea13877803ee0573ac18b03490\"},\"headline\":\"Karl-Anthony Towns sobre muertes en Minnesota: \u00abDebemos exigir responsabilidades\u00bb\",\"datePublished\":\"2026-01-27T03:42:01+00:00\",\"mainEntityOfPage\":{\"@id\":\"https:\/\/potenciaradiofonicadominicana.com\/portal\/karl-anthony-towns-sobre-muertes-en-minnesota-debemos-exigir-responsabilidades\/\"},\"wordCount\":290,\"publisher\":{\"@id\":\"https:\/\/potenciaradiofonicadominicana.com\/portal\/#organization\"},\"image\":{\"@id\":\"https:\/\/potenciaradiofonicadominicana.com\/portal\/karl-anthony-towns-sobre-muertes-en-minnesota-debemos-exigir-responsabilidades\/#primaryimage\"},\"thumbnailUrl\":\"https:\/\/potenciaradiofonicadominicana.com\/portal\/wp-content\/uploads\/2026\/01\/towns-sobre-muertes-en-minnesota-debemos-exigir-responsabilidades-c8eea5cd-focus-0-0-896-504.jpg\",\"articleSection\":[\"Deportes\"],\"inLanguage\":\"es\"},{\"@type\":\"WebPage\",\"@id\":\"https:\/\/potenciaradiofonicadominicana.com\/portal\/karl-anthony-towns-sobre-muertes-en-minnesota-debemos-exigir-responsabilidades\/\",\"url\":\"https:\/\/potenciaradiofonicadominicana.com\/portal\/karl-anthony-towns-sobre-muertes-en-minnesota-debemos-exigir-responsabilidades\/\",\"name\":\"Karl-Anthony Towns sobre muertes en Minnesota: \\\"Debemos exigir responsabilidades\\\" - PotenciaRadiofonicaDominicana.com\",\"isPartOf\":{\"@id\":\"https:\/\/potenciaradiofonicadominicana.com\/portal\/#website\"},\"primaryImageOfPage\":{\"@id\":\"https:\/\/potenciaradiofonicadominicana.com\/portal\/karl-anthony-towns-sobre-muertes-en-minnesota-debemos-exigir-responsabilidades\/#primaryimage\"},\"image\":{\"@id\":\"https:\/\/potenciaradiofonicadominicana.com\/portal\/karl-anthony-towns-sobre-muertes-en-minnesota-debemos-exigir-responsabilidades\/#primaryimage\"},\"thumbnailUrl\":\"https:\/\/potenciaradiofonicadominicana.com\/portal\/wp-content\/uploads\/2026\/01\/towns-sobre-muertes-en-minnesota-debemos-exigir-responsabilidades-c8eea5cd-focus-0-0-896-504.jpg\",\"datePublished\":\"2026-01-27T03:42:01+00:00\",\"breadcrumb\":{\"@id\":\"https:\/\/potenciaradiofonicadominicana.com\/portal\/karl-anthony-towns-sobre-muertes-en-minnesota-debemos-exigir-responsabilidades\/#breadcrumb\"},\"inLanguage\":\"es\",\"potentialAction\":[{\"@type\":\"ReadAction\",\"target\":[\"https:\/\/potenciaradiofonicadominicana.com\/portal\/karl-anthony-towns-sobre-muertes-en-minnesota-debemos-exigir-responsabilidades\/\"]}]},{\"@type\":\"ImageObject\",\"inLanguage\":\"es\",\"@id\":\"https:\/\/potenciaradiofonicadominicana.com\/portal\/karl-anthony-towns-sobre-muertes-en-minnesota-debemos-exigir-responsabilidades\/#primaryimage\",\"url\":\"https:\/\/potenciaradiofonicadominicana.com\/portal\/wp-content\/uploads\/2026\/01\/towns-sobre-muertes-en-minnesota-debemos-exigir-responsabilidades-c8eea5cd-focus-0-0-896-504.jpg\",\"contentUrl\":\"https:\/\/potenciaradiofonicadominicana.com\/portal\/wp-content\/uploads\/2026\/01\/towns-sobre-muertes-en-minnesota-debemos-exigir-responsabilidades-c8eea5cd-focus-0-0-896-504.jpg\",\"width\":896,\"height\":504},{\"@type\":\"BreadcrumbList\",\"@id\":\"https:\/\/potenciaradiofonicadominicana.com\/portal\/karl-anthony-towns-sobre-muertes-en-minnesota-debemos-exigir-responsabilidades\/#breadcrumb\",\"itemListElement\":[{\"@type\":\"ListItem\",\"position\":1,\"name\":\"Portada\",\"item\":\"https:\/\/potenciaradiofonicadominicana.com\/portal\/\"},{\"@type\":\"ListItem\",\"position\":2,\"name\":\"Karl-Anthony Towns sobre muertes en Minnesota: \u00abDebemos exigir responsabilidades\u00bb\"}]},{\"@type\":\"WebSite\",\"@id\":\"https:\/\/potenciaradiofonicadominicana.com\/portal\/#website\",\"url\":\"https:\/\/potenciaradiofonicadominicana.com\/portal\/\",\"name\":\"PotenciaRadiofonicaDominicana.com\",\"description\":\"Peri\u00f3dico Digital\",\"publisher\":{\"@id\":\"https:\/\/potenciaradiofonicadominicana.com\/portal\/#organization\"},\"potentialAction\":[{\"@type\":\"SearchAction\",\"target\":{\"@type\":\"EntryPoint\",\"urlTemplate\":\"https:\/\/potenciaradiofonicadominicana.com\/portal\/?s={search_term_string}\"},\"query-input\":{\"@type\":\"PropertyValueSpecification\",\"valueRequired\":true,\"valueName\":\"search_term_string\"}}],\"inLanguage\":\"es\"},{\"@type\":\"Organization\",\"@id\":\"https:\/\/potenciaradiofonicadominicana.com\/portal\/#organization\",\"name\":\"PotenciaRadiofonicaDominicana.com\",\"url\":\"https:\/\/potenciaradiofonicadominicana.com\/portal\/\",\"logo\":{\"@type\":\"ImageObject\",\"inLanguage\":\"es\",\"@id\":\"https:\/\/potenciaradiofonicadominicana.com\/portal\/#\/schema\/logo\/image\/\",\"url\":\"https:\/\/potenciaradiofonicadominicana.com\/portal\/wp-content\/uploads\/2022\/01\/descarga.png\",\"contentUrl\":\"https:\/\/potenciaradiofonicadominicana.com\/portal\/wp-content\/uploads\/2022\/01\/descarga.png\",\"width\":300,\"height\":100,\"caption\":\"PotenciaRadiofonicaDominicana.com\"},\"image\":{\"@id\":\"https:\/\/potenciaradiofonicadominicana.com\/portal\/#\/schema\/logo\/image\/\"},\"sameAs\":[\"https:\/\/web.facebook.com\/PotenciaRadiofonicaD\"]},{\"@type\":\"Person\",\"@id\":\"https:\/\/potenciaradiofonicadominicana.com\/portal\/#\/schema\/person\/a5cf1fea13877803ee0573ac18b03490\",\"name\":\"Potencia Radiof\u00f3nica Dominicana\",\"image\":{\"@type\":\"ImageObject\",\"inLanguage\":\"es\",\"@id\":\"https:\/\/potenciaradiofonicadominicana.com\/portal\/#\/schema\/person\/image\/\",\"url\":\"https:\/\/secure.gravatar.com\/avatar\/42a55ab9e8ccc656ba34cd791990602a?s=96&d=mm&r=g\",\"contentUrl\":\"https:\/\/secure.gravatar.com\/avatar\/42a55ab9e8ccc656ba34cd791990602a?s=96&d=mm&r=g\",\"caption\":\"Potencia Radiof\u00f3nica Dominicana\"},\"url\":\"https:\/\/potenciaradiofonicadominicana.com\/portal\/author\/johannyalmanzar\/\"}]}<\/script>\n<!-- \/ Yoast SEO plugin. -->","yoast_head_json":{"title":"Karl-Anthony Towns sobre muertes en Minnesota: \"Debemos exigir responsabilidades\" - PotenciaRadiofonicaDominicana.com","robots":{"index":"index","follow":"follow","max-snippet":"max-snippet:-1","max-image-preview":"max-image-preview:large","max-video-preview":"max-video-preview:-1"},"canonical":"https:\/\/potenciaradiofonicadominicana.com\/portal\/karl-anthony-towns-sobre-muertes-en-minnesota-debemos-exigir-responsabilidades\/","og_locale":"es_ES","og_type":"article","og_title":"Karl-Anthony Towns sobre muertes en Minnesota: \"Debemos exigir responsabilidades\" - PotenciaRadiofonicaDominicana.com","og_description":"La estrella de los\u00a0Knicks,\u00a0Karl-Anthony Towns, reaccion\u00f3 el domingo por la noche tras los recientes\u00a0tiroteos fatales\u00a0de ciudadanos estadounidenses a manos de ...","og_url":"https:\/\/potenciaradiofonicadominicana.com\/portal\/karl-anthony-towns-sobre-muertes-en-minnesota-debemos-exigir-responsabilidades\/","og_site_name":"PotenciaRadiofonicaDominicana.com","article_publisher":"https:\/\/web.facebook.com\/PotenciaRadiofonicaD","article_published_time":"2026-01-27T03:42:01+00:00","og_image":[{"width":896,"height":504,"url":"https:\/\/potenciaradiofonicadominicana.com\/portal\/wp-content\/uploads\/2026\/01\/towns-sobre-muertes-en-minnesota-debemos-exigir-responsabilidades-c8eea5cd-focus-0-0-896-504.jpg","type":"image\/jpeg"}],"author":"Potencia Radiof\u00f3nica Dominicana","twitter_card":"summary_large_image","twitter_misc":{"Escrito por":"Potencia Radiof\u00f3nica Dominicana","Tiempo de lectura":"2 minutos"},"schema":{"@context":"https:\/\/schema.org","@graph":[{"@type":"Article","@id":"https:\/\/potenciaradiofonicadominicana.com\/portal\/karl-anthony-towns-sobre-muertes-en-minnesota-debemos-exigir-responsabilidades\/#article","isPartOf":{"@id":"https:\/\/potenciaradiofonicadominicana.com\/portal\/karl-anthony-towns-sobre-muertes-en-minnesota-debemos-exigir-responsabilidades\/"},"author":{"name":"Potencia Radiof\u00f3nica Dominicana","@id":"https:\/\/potenciaradiofonicadominicana.com\/portal\/#\/schema\/person\/a5cf1fea13877803ee0573ac18b03490"},"headline":"Karl-Anthony Towns sobre muertes en Minnesota: \u00abDebemos exigir responsabilidades\u00bb","datePublished":"2026-01-27T03:42:01+00:00","mainEntityOfPage":{"@id":"https:\/\/potenciaradiofonicadominicana.com\/portal\/karl-anthony-towns-sobre-muertes-en-minnesota-debemos-exigir-responsabilidades\/"},"wordCount":290,"publisher":{"@id":"https:\/\/potenciaradiofonicadominicana.com\/portal\/#organization"},"image":{"@id":"https:\/\/potenciaradiofonicadominicana.com\/portal\/karl-anthony-towns-sobre-muertes-en-minnesota-debemos-exigir-responsabilidades\/#primaryimage"},"thumbnailUrl":"https:\/\/potenciaradiofonicadominicana.com\/portal\/wp-content\/uploads\/2026\/01\/towns-sobre-muertes-en-minnesota-debemos-exigir-responsabilidades-c8eea5cd-focus-0-0-896-504.jpg","articleSection":["Deportes"],"inLanguage":"es"},{"@type":"WebPage","@id":"https:\/\/potenciaradiofonicadominicana.com\/portal\/karl-anthony-towns-sobre-muertes-en-minnesota-debemos-exigir-responsabilidades\/","url":"https:\/\/potenciaradiofonicadominicana.com\/portal\/karl-anthony-towns-sobre-muertes-en-minnesota-debemos-exigir-responsabilidades\/","name":"Karl-Anthony Towns sobre muertes en Minnesota: \"Debemos exigir responsabilidades\" - PotenciaRadiofonicaDominicana.com","isPartOf":{"@id":"https:\/\/potenciaradiofonicadominicana.com\/portal\/#website"},"primaryImageOfPage":{"@id":"https:\/\/potenciaradiofonicadominicana.com\/portal\/karl-anthony-towns-sobre-muertes-en-minnesota-debemos-exigir-responsabilidades\/#primaryimage"},"image":{"@id":"https:\/\/potenciaradiofonicadominicana.com\/portal\/karl-anthony-towns-sobre-muertes-en-minnesota-debemos-exigir-responsabilidades\/#primaryimage"},"thumbnailUrl":"https:\/\/potenciaradiofonicadominicana.com\/portal\/wp-content\/uploads\/2026\/01\/towns-sobre-muertes-en-minnesota-debemos-exigir-responsabilidades-c8eea5cd-focus-0-0-896-504.jpg","datePublished":"2026-01-27T03:42:01+00:00","breadcrumb":{"@id":"https:\/\/potenciaradiofonicadominicana.com\/portal\/karl-anthony-towns-sobre-muertes-en-minnesota-debemos-exigir-responsabilidades\/#breadcrumb"},"inLanguage":"es","potentialAction":[{"@type":"ReadAction","target":["https:\/\/potenciaradiofonicadominicana.com\/portal\/karl-anthony-towns-sobre-muertes-en-minnesota-debemos-exigir-responsabilidades\/"]}]},{"@type":"ImageObject","inLanguage":"es","@id":"https:\/\/potenciaradiofonicadominicana.com\/portal\/karl-anthony-towns-sobre-muertes-en-minnesota-debemos-exigir-responsabilidades\/#primaryimage","url":"https:\/\/potenciaradiofonicadominicana.com\/portal\/wp-content\/uploads\/2026\/01\/towns-sobre-muertes-en-minnesota-debemos-exigir-responsabilidades-c8eea5cd-focus-0-0-896-504.jpg","contentUrl":"https:\/\/potenciaradiofonicadominicana.com\/portal\/wp-content\/uploads\/2026\/01\/towns-sobre-muertes-en-minnesota-debemos-exigir-responsabilidades-c8eea5cd-focus-0-0-896-504.jpg","width":896,"height":504},{"@type":"BreadcrumbList","@id":"https:\/\/potenciaradiofonicadominicana.com\/portal\/karl-anthony-towns-sobre-muertes-en-minnesota-debemos-exigir-responsabilidades\/#breadcrumb","itemListElement":[{"@type":"ListItem","position":1,"name":"Portada","item":"https:\/\/potenciaradiofonicadominicana.com\/portal\/"},{"@type":"ListItem","position":2,"name":"Karl-Anthony Towns sobre muertes en Minnesota: \u00abDebemos exigir responsabilidades\u00bb"}]},{"@type":"WebSite","@id":"https:\/\/potenciaradiofonicadominicana.com\/portal\/#website","url":"https:\/\/potenciaradiofonicadominicana.com\/portal\/","name":"PotenciaRadiofonicaDominicana.com","description":"Peri\u00f3dico Digital","publisher":{"@id":"https:\/\/potenciaradiofonicadominicana.com\/portal\/#organization"},"potentialAction":[{"@type":"SearchAction","target":{"@type":"EntryPoint","urlTemplate":"https:\/\/potenciaradiofonicadominicana.com\/portal\/?s={search_term_string}"},"query-input":{"@type":"PropertyValueSpecification","valueRequired":true,"valueName":"search_term_string"}}],"inLanguage":"es"},{"@type":"Organization","@id":"https:\/\/potenciaradiofonicadominicana.com\/portal\/#organization","name":"PotenciaRadiofonicaDominicana.com","url":"https:\/\/potenciaradiofonicadominicana.com\/portal\/","logo":{"@type":"ImageObject","inLanguage":"es","@id":"https:\/\/potenciaradiofonicadominicana.com\/portal\/#\/schema\/logo\/image\/","url":"https:\/\/potenciaradiofonicadominicana.com\/portal\/wp-content\/uploads\/2022\/01\/descarga.png","contentUrl":"https:\/\/potenciaradiofonicadominicana.com\/portal\/wp-content\/uploads\/2022\/01\/descarga.png","width":300,"height":100,"caption":"PotenciaRadiofonicaDominicana.com"},"image":{"@id":"https:\/\/potenciaradiofonicadominicana.com\/portal\/#\/schema\/logo\/image\/"},"sameAs":["https:\/\/web.facebook.com\/PotenciaRadiofonicaD"]},{"@type":"Person","@id":"https:\/\/potenciaradiofonicadominicana.com\/portal\/#\/schema\/person\/a5cf1fea13877803ee0573ac18b03490","name":"Potencia Radiof\u00f3nica Dominicana","image":{"@type":"ImageObject","inLanguage":"es","@id":"https:\/\/potenciaradiofonicadominicana.com\/portal\/#\/schema\/person\/image\/","url":"https:\/\/secure.gravatar.com\/avatar\/42a55ab9e8ccc656ba34cd791990602a?s=96&d=mm&r=g","contentUrl":"https:\/\/secure.gravatar.com\/avatar\/42a55ab9e8ccc656ba34cd791990602a?s=96&d=mm&r=g","caption":"Potencia Radiof\u00f3nica Dominicana"},"url":"https:\/\/potenciaradiofonicadominicana.com\/portal\/author\/johannyalmanzar\/"}]}},"_links":{"self":[{"href":"https:\/\/potenciaradiofonicadominicana.com\/portal\/wp-json\/wp\/v2\/posts\/210453","targetHints":{"allow":["GET"]}}],"collection":[{"href":"https:\/\/potenciaradiofonicadominicana.com\/portal\/wp-json\/wp\/v2\/posts"}],"about":[{"href":"https:\/\/potenciaradiofonicadominicana.com\/portal\/wp-json\/wp\/v2\/types\/post"}],"author":[{"embeddable":true,"href":"https:\/\/potenciaradiofonicadominicana.com\/portal\/wp-json\/wp\/v2\/users\/2"}],"replies":[{"embeddable":true,"href":"https:\/\/potenciaradiofonicadominicana.com\/portal\/wp-json\/wp\/v2\/comments?post=210453"}],"version-history":[{"count":1,"href":"https:\/\/potenciaradiofonicadominicana.com\/portal\/wp-json\/wp\/v2\/posts\/210453\/revisions"}],"predecessor-version":[{"id":210457,"href":"https:\/\/potenciaradiofonicadominicana.com\/portal\/wp-json\/wp\/v2\/posts\/210453\/revisions\/210457"}],"wp:featuredmedia":[{"embeddable":true,"href":"https:\/\/potenciaradiofonicadominicana.com\/portal\/wp-json\/wp\/v2\/media\/210455"}],"wp:attachment":[{"href":"https:\/\/potenciaradiofonicadominicana.com\/portal\/wp-json\/wp\/v2\/media?parent=210453"}],"wp:term":[{"taxonomy":"category","embeddable":true,"href":"https:\/\/potenciaradiofonicadominicana.com\/portal\/wp-json\/wp\/v2\/categories?post=210453"},{"taxonomy":"post_tag","embeddable":true,"href":"https:\/\/potenciaradiofonicadominicana.com\/portal\/wp-json\/wp\/v2\/tags?post=210453"}],"curies":[{"name":"wp","href":"https:\/\/api.w.org\/{rel}","templated":true}]}}