{"id":210446,"date":"2026-01-26T23:39:48","date_gmt":"2026-01-27T03:39:48","guid":{"rendered":"https:\/\/potenciaradiofonicadominicana.com\/portal\/?p=210446"},"modified":"2026-01-26T23:39:48","modified_gmt":"2026-01-27T03:39:48","slug":"sinner-se-mantiene-en-liza-por-una-tercera-corona-en-melbourne-keys-pierde-el-trono","status":"publish","type":"post","link":"https:\/\/potenciaradiofonicadominicana.com\/portal\/sinner-se-mantiene-en-liza-por-una-tercera-corona-en-melbourne-keys-pierde-el-trono\/","title":{"rendered":"Sinner se mantiene en liza por una tercera corona en Melbourne, Keys pierde el trono"},"content":{"rendered":"<p><a href=\"https:\/\/potenciaradiofonicadominicana.com\/portal\/wp-content\/uploads\/2026\/01\/sinner-se-mantiene-en-liza-por-una-tercera-corona-en-melbourne-71073c17-focus-0.02-0.57-896-504.jpg\"><img loading=\"lazy\" decoding=\"async\" class=\"alignnone size-full wp-image-210448\" src=\"https:\/\/potenciaradiofonicadominicana.com\/portal\/wp-content\/uploads\/2026\/01\/sinner-se-mantiene-en-liza-por-una-tercera-corona-en-melbourne-71073c17-focus-0.02-0.57-896-504.jpg\" alt=\"\" width=\"896\" height=\"504\" srcset=\"https:\/\/potenciaradiofonicadominicana.com\/portal\/wp-content\/uploads\/2026\/01\/sinner-se-mantiene-en-liza-por-una-tercera-corona-en-melbourne-71073c17-focus-0.02-0.57-896-504.jpg 896w, https:\/\/potenciaradiofonicadominicana.com\/portal\/wp-content\/uploads\/2026\/01\/sinner-se-mantiene-en-liza-por-una-tercera-corona-en-melbourne-71073c17-focus-0.02-0.57-896-504-300x169.jpg 300w, https:\/\/potenciaradiofonicadominicana.com\/portal\/wp-content\/uploads\/2026\/01\/sinner-se-mantiene-en-liza-por-una-tercera-corona-en-melbourne-71073c17-focus-0.02-0.57-896-504-768x432.jpg 768w\" sizes=\"auto, (max-width: 896px) 100vw, 896px\" \/><\/a><\/p>\n<p>El italiano\u00a0<strong>Jannik Sinner<\/strong>, N.2 del ranking y vigente campe\u00f3n del torneo, se clasific\u00f3 para\u00a0<strong>cuartos de final<\/strong>\u00a0del\u00a0<strong>Abierto de Australia<\/strong>, ronda que no jugar\u00e1 la defensora del t\u00edtulo, la estadounidense\u00a0<strong>Madison Keys<\/strong>\u00a0(N.9), eliminada en octavos.<\/p>\n<p><strong>Keys<\/strong>, que el a\u00f1o pasado dio la sorpresa al conquistar su primer Grand Slam luego de derrotar en la final de Melbourne a la bielorrusa Aryna Sabalenka, perdi\u00f3 claramente ante su compatriota\u00a0<strong>Jessica Pegula<\/strong>\u00a0(N.6) en dos sets, por 6-3 y 6-4.<\/p>\n<p>\u00abObviamente, no es la forma en que quer\u00eda que terminaran las cosas aqu\u00ed, pero aun as\u00ed estoy muy\u00a0<strong>orgullosa<\/strong>\u00a0de m\u00ed misma\u00bb, dijo\u00a0<strong>Keys<\/strong>, de\u00a0<strong>30 a\u00f1os<\/strong>.<\/p>\n<h2>&#8211; Presi\u00f3n y\u00a0<strong>nervios<\/strong>\u00a0&#8211;<\/h2>\n<p>\u00abCreo que, al regresar como campeona defensora y tener que lidiar con toda la\u00a0<strong>presi\u00f3n<\/strong>\u00a0y los\u00a0<strong>nervios<\/strong>\u00a0adicionales, estoy muy\u00a0<strong>orgullosa<\/strong> de c\u00f3mo lo manej\u00e9. Fue uno de esos d\u00edas en los que siento que Jess me super\u00f3, y puedo irme con la cabeza bien alta\u00bb, a\u00f1adi\u00f3.<\/p>\n<p><strong>Keys<\/strong>\u00a0cometi\u00f3 muchos\u00a0<strong>errores no forzados<\/strong>\u00a0(<strong>28<\/strong>\u00a0en total), incluyendo alguno garrafal como un\u00a0<strong>saque<\/strong>\u00a0que bot\u00f3 un metro por delante de la l\u00ednea de fondo.<\/p>\n<p><strong>Pegula<\/strong>, que busca ganar su\u00a0<strong>primer t\u00edtulo<\/strong>\u00a0de un torneo de Grand Slam tras alcanzar la final del US Open el a\u00f1o pasado, lleg\u00f3 a\u00a0<strong>cuartos de final<\/strong>\u00a0del\u00a0<strong>Abierto de Australia<\/strong>\u00a0durante tres a\u00f1os consecutivos, entre 2021 y 2023 y el mi\u00e9rcoles se enfrentar\u00e1 a la tambi\u00e9n estadounidense\u00a0<strong>Amanda Anisimova<\/strong>\u00a0(N.4) por un pase a semifinales.<\/p>\n<p>La que no fall\u00f3 fue la polaca\u00a0<strong>Iga Swiatek<\/strong>\u00a0(N.2), que acab\u00f3 con el sue\u00f1o de la local\u00a0<strong>Maddison Inglis<\/strong>\u00a0(N.168 del ranking y procedente de la fase previa), al ganarle c\u00f3modamente en dos sets (6-0 y 6-3).<\/p>\n<p>En\u00a0<strong>cuartos<\/strong>,\u00a0<strong>Swiatek<\/strong>\u00a0se enfrentar\u00e1 el mi\u00e9rcoles a la kazaja\u00a0<strong>Elena Rybakina<\/strong>\u00a0(N.5), que elimin\u00f3 en dos sets a la belga Elise Mertens (N.21) para intentar igualar su mejor resultado hasta ahora en Melbourne (semifinales en 2022 y 2025).<\/p>\n<p>En categor\u00eda masculina,\u00a0<strong>Sinner<\/strong>\u00a0no dej\u00f3 lugar a las sorpresas y venci\u00f3 a su compatriota\u00a0<strong>Luciano Darderi<\/strong>\u00a0(N.25) por 6-1, 6-3 y 7-6 (7\/2).<\/p>\n<p>Sin ceder su <strong>servicio<\/strong>\u00a0&#8211;<\/p>\n<p>\u00abEn el tercer set estaba\u00a0<strong>cansado<\/strong>, pero supe elevar mi\u00a0<strong>nivel de juego<\/strong>\u00a0para cerrar en tres sets\u00bb, destac\u00f3\u00a0<strong>Sinner<\/strong>, quien precis\u00f3 que\u00a0<strong>Darderi<\/strong> es \u00abun buen amigo, lo que a\u00f1ad\u00eda una dificultad\u00bb al encuentro.<\/p>\n<p><strong>Darderi<\/strong>\u00a0tuvo que esperar al sexto juego para inaugurar su casillero, pero fue incapaz de romper el\u00a0<strong>servicio<\/strong>\u00a0de\u00a0<strong>Sinner<\/strong>\u00a0ni una sola vez en todo el partido, aunque en el segundo set y, sobre todo, en el tercero, opuso algo m\u00e1s de\u00a0<strong>resistencia<\/strong>.<\/p>\n<p>Un\u00a0<strong>triunfo f\u00e1cil<\/strong>\u00a0para\u00a0<strong>Sinner<\/strong>, al menos mucho m\u00e1s que en la ronda anterior, cuando el italiano pas\u00f3 muchos apuros ante el estadounidense\u00a0<strong>Eliot Spizzirri<\/strong>, v\u00edctima de calambres debido al calor.<\/p>\n","protected":false},"excerpt":{"rendered":"<p>El italiano\u00a0Jannik Sinner, N.2 del ranking y vigente campe\u00f3n del torneo, se clasific\u00f3 para\u00a0cuartos de final\u00a0del\u00a0Abierto de Australia, ronda que &#8230;<\/p>\n","protected":false},"author":2,"featured_media":210448,"comment_status":"closed","ping_status":"closed","sticky":false,"template":"","format":"standard","meta":{"footnotes":""},"categories":[28],"tags":[],"class_list":["post-210446","post","type-post","status-publish","format-standard","has-post-thumbnail","hentry","category-deportes"],"yoast_head":"<!-- This site is optimized with the Yoast SEO plugin v24.8.1 - https:\/\/yoast.com\/wordpress\/plugins\/seo\/ -->\n<title>Sinner se mantiene en liza por una tercera corona en Melbourne, Keys pierde el trono - PotenciaRadiofonicaDominicana.com<\/title>\n<meta name=\"robots\" content=\"index, follow, max-snippet:-1, max-image-preview:large, max-video-preview:-1\" \/>\n<link rel=\"canonical\" href=\"https:\/\/potenciaradiofonicadominicana.com\/portal\/sinner-se-mantiene-en-liza-por-una-tercera-corona-en-melbourne-keys-pierde-el-trono\/\" \/>\n<meta property=\"og:locale\" content=\"es_ES\" \/>\n<meta property=\"og:type\" content=\"article\" \/>\n<meta property=\"og:title\" content=\"Sinner se mantiene en liza por una tercera corona en Melbourne, Keys pierde el trono - PotenciaRadiofonicaDominicana.com\" \/>\n<meta property=\"og:description\" content=\"El italiano\u00a0Jannik Sinner, N.2 del ranking y vigente campe\u00f3n del torneo, se clasific\u00f3 para\u00a0cuartos de final\u00a0del\u00a0Abierto de Australia, ronda que ...\" \/>\n<meta property=\"og:url\" content=\"https:\/\/potenciaradiofonicadominicana.com\/portal\/sinner-se-mantiene-en-liza-por-una-tercera-corona-en-melbourne-keys-pierde-el-trono\/\" \/>\n<meta property=\"og:site_name\" content=\"PotenciaRadiofonicaDominicana.com\" \/>\n<meta property=\"article:publisher\" content=\"https:\/\/web.facebook.com\/PotenciaRadiofonicaD\" \/>\n<meta property=\"article:published_time\" content=\"2026-01-27T03:39:48+00:00\" \/>\n<meta property=\"og:image\" content=\"https:\/\/potenciaradiofonicadominicana.com\/portal\/wp-content\/uploads\/2026\/01\/sinner-se-mantiene-en-liza-por-una-tercera-corona-en-melbourne-71073c17-focus-0.02-0.57-896-504.jpg\" \/>\n\t<meta property=\"og:image:width\" content=\"896\" \/>\n\t<meta property=\"og:image:height\" content=\"504\" \/>\n\t<meta property=\"og:image:type\" content=\"image\/jpeg\" \/>\n<meta name=\"author\" content=\"Potencia Radiof\u00f3nica Dominicana\" \/>\n<meta name=\"twitter:card\" content=\"summary_large_image\" \/>\n<meta name=\"twitter:label1\" content=\"Escrito por\" \/>\n\t<meta name=\"twitter:data1\" content=\"Potencia Radiof\u00f3nica Dominicana\" \/>\n\t<meta name=\"twitter:label2\" content=\"Tiempo de lectura\" \/>\n\t<meta name=\"twitter:data2\" content=\"3 minutos\" \/>\n<script type=\"application\/ld+json\" class=\"yoast-schema-graph\">{\"@context\":\"https:\/\/schema.org\",\"@graph\":[{\"@type\":\"Article\",\"@id\":\"https:\/\/potenciaradiofonicadominicana.com\/portal\/sinner-se-mantiene-en-liza-por-una-tercera-corona-en-melbourne-keys-pierde-el-trono\/#article\",\"isPartOf\":{\"@id\":\"https:\/\/potenciaradiofonicadominicana.com\/portal\/sinner-se-mantiene-en-liza-por-una-tercera-corona-en-melbourne-keys-pierde-el-trono\/\"},\"author\":{\"name\":\"Potencia Radiof\u00f3nica Dominicana\",\"@id\":\"https:\/\/potenciaradiofonicadominicana.com\/portal\/#\/schema\/person\/a5cf1fea13877803ee0573ac18b03490\"},\"headline\":\"Sinner se mantiene en liza por una tercera corona en Melbourne, Keys pierde el trono\",\"datePublished\":\"2026-01-27T03:39:48+00:00\",\"mainEntityOfPage\":{\"@id\":\"https:\/\/potenciaradiofonicadominicana.com\/portal\/sinner-se-mantiene-en-liza-por-una-tercera-corona-en-melbourne-keys-pierde-el-trono\/\"},\"wordCount\":493,\"publisher\":{\"@id\":\"https:\/\/potenciaradiofonicadominicana.com\/portal\/#organization\"},\"image\":{\"@id\":\"https:\/\/potenciaradiofonicadominicana.com\/portal\/sinner-se-mantiene-en-liza-por-una-tercera-corona-en-melbourne-keys-pierde-el-trono\/#primaryimage\"},\"thumbnailUrl\":\"https:\/\/potenciaradiofonicadominicana.com\/portal\/wp-content\/uploads\/2026\/01\/sinner-se-mantiene-en-liza-por-una-tercera-corona-en-melbourne-71073c17-focus-0.02-0.57-896-504.jpg\",\"articleSection\":[\"Deportes\"],\"inLanguage\":\"es\"},{\"@type\":\"WebPage\",\"@id\":\"https:\/\/potenciaradiofonicadominicana.com\/portal\/sinner-se-mantiene-en-liza-por-una-tercera-corona-en-melbourne-keys-pierde-el-trono\/\",\"url\":\"https:\/\/potenciaradiofonicadominicana.com\/portal\/sinner-se-mantiene-en-liza-por-una-tercera-corona-en-melbourne-keys-pierde-el-trono\/\",\"name\":\"Sinner se mantiene en liza por una tercera corona en Melbourne, Keys pierde el trono - PotenciaRadiofonicaDominicana.com\",\"isPartOf\":{\"@id\":\"https:\/\/potenciaradiofonicadominicana.com\/portal\/#website\"},\"primaryImageOfPage\":{\"@id\":\"https:\/\/potenciaradiofonicadominicana.com\/portal\/sinner-se-mantiene-en-liza-por-una-tercera-corona-en-melbourne-keys-pierde-el-trono\/#primaryimage\"},\"image\":{\"@id\":\"https:\/\/potenciaradiofonicadominicana.com\/portal\/sinner-se-mantiene-en-liza-por-una-tercera-corona-en-melbourne-keys-pierde-el-trono\/#primaryimage\"},\"thumbnailUrl\":\"https:\/\/potenciaradiofonicadominicana.com\/portal\/wp-content\/uploads\/2026\/01\/sinner-se-mantiene-en-liza-por-una-tercera-corona-en-melbourne-71073c17-focus-0.02-0.57-896-504.jpg\",\"datePublished\":\"2026-01-27T03:39:48+00:00\",\"breadcrumb\":{\"@id\":\"https:\/\/potenciaradiofonicadominicana.com\/portal\/sinner-se-mantiene-en-liza-por-una-tercera-corona-en-melbourne-keys-pierde-el-trono\/#breadcrumb\"},\"inLanguage\":\"es\",\"potentialAction\":[{\"@type\":\"ReadAction\",\"target\":[\"https:\/\/potenciaradiofonicadominicana.com\/portal\/sinner-se-mantiene-en-liza-por-una-tercera-corona-en-melbourne-keys-pierde-el-trono\/\"]}]},{\"@type\":\"ImageObject\",\"inLanguage\":\"es\",\"@id\":\"https:\/\/potenciaradiofonicadominicana.com\/portal\/sinner-se-mantiene-en-liza-por-una-tercera-corona-en-melbourne-keys-pierde-el-trono\/#primaryimage\",\"url\":\"https:\/\/potenciaradiofonicadominicana.com\/portal\/wp-content\/uploads\/2026\/01\/sinner-se-mantiene-en-liza-por-una-tercera-corona-en-melbourne-71073c17-focus-0.02-0.57-896-504.jpg\",\"contentUrl\":\"https:\/\/potenciaradiofonicadominicana.com\/portal\/wp-content\/uploads\/2026\/01\/sinner-se-mantiene-en-liza-por-una-tercera-corona-en-melbourne-71073c17-focus-0.02-0.57-896-504.jpg\",\"width\":896,\"height\":504},{\"@type\":\"BreadcrumbList\",\"@id\":\"https:\/\/potenciaradiofonicadominicana.com\/portal\/sinner-se-mantiene-en-liza-por-una-tercera-corona-en-melbourne-keys-pierde-el-trono\/#breadcrumb\",\"itemListElement\":[{\"@type\":\"ListItem\",\"position\":1,\"name\":\"Portada\",\"item\":\"https:\/\/potenciaradiofonicadominicana.com\/portal\/\"},{\"@type\":\"ListItem\",\"position\":2,\"name\":\"Sinner se mantiene en liza por una tercera corona en Melbourne, Keys pierde el trono\"}]},{\"@type\":\"WebSite\",\"@id\":\"https:\/\/potenciaradiofonicadominicana.com\/portal\/#website\",\"url\":\"https:\/\/potenciaradiofonicadominicana.com\/portal\/\",\"name\":\"PotenciaRadiofonicaDominicana.com\",\"description\":\"Peri\u00f3dico Digital\",\"publisher\":{\"@id\":\"https:\/\/potenciaradiofonicadominicana.com\/portal\/#organization\"},\"potentialAction\":[{\"@type\":\"SearchAction\",\"target\":{\"@type\":\"EntryPoint\",\"urlTemplate\":\"https:\/\/potenciaradiofonicadominicana.com\/portal\/?s={search_term_string}\"},\"query-input\":{\"@type\":\"PropertyValueSpecification\",\"valueRequired\":true,\"valueName\":\"search_term_string\"}}],\"inLanguage\":\"es\"},{\"@type\":\"Organization\",\"@id\":\"https:\/\/potenciaradiofonicadominicana.com\/portal\/#organization\",\"name\":\"PotenciaRadiofonicaDominicana.com\",\"url\":\"https:\/\/potenciaradiofonicadominicana.com\/portal\/\",\"logo\":{\"@type\":\"ImageObject\",\"inLanguage\":\"es\",\"@id\":\"https:\/\/potenciaradiofonicadominicana.com\/portal\/#\/schema\/logo\/image\/\",\"url\":\"https:\/\/potenciaradiofonicadominicana.com\/portal\/wp-content\/uploads\/2022\/01\/descarga.png\",\"contentUrl\":\"https:\/\/potenciaradiofonicadominicana.com\/portal\/wp-content\/uploads\/2022\/01\/descarga.png\",\"width\":300,\"height\":100,\"caption\":\"PotenciaRadiofonicaDominicana.com\"},\"image\":{\"@id\":\"https:\/\/potenciaradiofonicadominicana.com\/portal\/#\/schema\/logo\/image\/\"},\"sameAs\":[\"https:\/\/web.facebook.com\/PotenciaRadiofonicaD\"]},{\"@type\":\"Person\",\"@id\":\"https:\/\/potenciaradiofonicadominicana.com\/portal\/#\/schema\/person\/a5cf1fea13877803ee0573ac18b03490\",\"name\":\"Potencia Radiof\u00f3nica Dominicana\",\"image\":{\"@type\":\"ImageObject\",\"inLanguage\":\"es\",\"@id\":\"https:\/\/potenciaradiofonicadominicana.com\/portal\/#\/schema\/person\/image\/\",\"url\":\"https:\/\/secure.gravatar.com\/avatar\/42a55ab9e8ccc656ba34cd791990602a?s=96&d=mm&r=g\",\"contentUrl\":\"https:\/\/secure.gravatar.com\/avatar\/42a55ab9e8ccc656ba34cd791990602a?s=96&d=mm&r=g\",\"caption\":\"Potencia Radiof\u00f3nica Dominicana\"},\"url\":\"https:\/\/potenciaradiofonicadominicana.com\/portal\/author\/johannyalmanzar\/\"}]}<\/script>\n<!-- \/ Yoast SEO plugin. -->","yoast_head_json":{"title":"Sinner se mantiene en liza por una tercera corona en Melbourne, Keys pierde el trono - PotenciaRadiofonicaDominicana.com","robots":{"index":"index","follow":"follow","max-snippet":"max-snippet:-1","max-image-preview":"max-image-preview:large","max-video-preview":"max-video-preview:-1"},"canonical":"https:\/\/potenciaradiofonicadominicana.com\/portal\/sinner-se-mantiene-en-liza-por-una-tercera-corona-en-melbourne-keys-pierde-el-trono\/","og_locale":"es_ES","og_type":"article","og_title":"Sinner se mantiene en liza por una tercera corona en Melbourne, Keys pierde el trono - PotenciaRadiofonicaDominicana.com","og_description":"El italiano\u00a0Jannik Sinner, N.2 del ranking y vigente campe\u00f3n del torneo, se clasific\u00f3 para\u00a0cuartos de final\u00a0del\u00a0Abierto de Australia, ronda que ...","og_url":"https:\/\/potenciaradiofonicadominicana.com\/portal\/sinner-se-mantiene-en-liza-por-una-tercera-corona-en-melbourne-keys-pierde-el-trono\/","og_site_name":"PotenciaRadiofonicaDominicana.com","article_publisher":"https:\/\/web.facebook.com\/PotenciaRadiofonicaD","article_published_time":"2026-01-27T03:39:48+00:00","og_image":[{"width":896,"height":504,"url":"https:\/\/potenciaradiofonicadominicana.com\/portal\/wp-content\/uploads\/2026\/01\/sinner-se-mantiene-en-liza-por-una-tercera-corona-en-melbourne-71073c17-focus-0.02-0.57-896-504.jpg","type":"image\/jpeg"}],"author":"Potencia Radiof\u00f3nica Dominicana","twitter_card":"summary_large_image","twitter_misc":{"Escrito por":"Potencia Radiof\u00f3nica Dominicana","Tiempo de lectura":"3 minutos"},"schema":{"@context":"https:\/\/schema.org","@graph":[{"@type":"Article","@id":"https:\/\/potenciaradiofonicadominicana.com\/portal\/sinner-se-mantiene-en-liza-por-una-tercera-corona-en-melbourne-keys-pierde-el-trono\/#article","isPartOf":{"@id":"https:\/\/potenciaradiofonicadominicana.com\/portal\/sinner-se-mantiene-en-liza-por-una-tercera-corona-en-melbourne-keys-pierde-el-trono\/"},"author":{"name":"Potencia Radiof\u00f3nica Dominicana","@id":"https:\/\/potenciaradiofonicadominicana.com\/portal\/#\/schema\/person\/a5cf1fea13877803ee0573ac18b03490"},"headline":"Sinner se mantiene en liza por una tercera corona en Melbourne, Keys pierde el trono","datePublished":"2026-01-27T03:39:48+00:00","mainEntityOfPage":{"@id":"https:\/\/potenciaradiofonicadominicana.com\/portal\/sinner-se-mantiene-en-liza-por-una-tercera-corona-en-melbourne-keys-pierde-el-trono\/"},"wordCount":493,"publisher":{"@id":"https:\/\/potenciaradiofonicadominicana.com\/portal\/#organization"},"image":{"@id":"https:\/\/potenciaradiofonicadominicana.com\/portal\/sinner-se-mantiene-en-liza-por-una-tercera-corona-en-melbourne-keys-pierde-el-trono\/#primaryimage"},"thumbnailUrl":"https:\/\/potenciaradiofonicadominicana.com\/portal\/wp-content\/uploads\/2026\/01\/sinner-se-mantiene-en-liza-por-una-tercera-corona-en-melbourne-71073c17-focus-0.02-0.57-896-504.jpg","articleSection":["Deportes"],"inLanguage":"es"},{"@type":"WebPage","@id":"https:\/\/potenciaradiofonicadominicana.com\/portal\/sinner-se-mantiene-en-liza-por-una-tercera-corona-en-melbourne-keys-pierde-el-trono\/","url":"https:\/\/potenciaradiofonicadominicana.com\/portal\/sinner-se-mantiene-en-liza-por-una-tercera-corona-en-melbourne-keys-pierde-el-trono\/","name":"Sinner se mantiene en liza por una tercera corona en Melbourne, Keys pierde el trono - PotenciaRadiofonicaDominicana.com","isPartOf":{"@id":"https:\/\/potenciaradiofonicadominicana.com\/portal\/#website"},"primaryImageOfPage":{"@id":"https:\/\/potenciaradiofonicadominicana.com\/portal\/sinner-se-mantiene-en-liza-por-una-tercera-corona-en-melbourne-keys-pierde-el-trono\/#primaryimage"},"image":{"@id":"https:\/\/potenciaradiofonicadominicana.com\/portal\/sinner-se-mantiene-en-liza-por-una-tercera-corona-en-melbourne-keys-pierde-el-trono\/#primaryimage"},"thumbnailUrl":"https:\/\/potenciaradiofonicadominicana.com\/portal\/wp-content\/uploads\/2026\/01\/sinner-se-mantiene-en-liza-por-una-tercera-corona-en-melbourne-71073c17-focus-0.02-0.57-896-504.jpg","datePublished":"2026-01-27T03:39:48+00:00","breadcrumb":{"@id":"https:\/\/potenciaradiofonicadominicana.com\/portal\/sinner-se-mantiene-en-liza-por-una-tercera-corona-en-melbourne-keys-pierde-el-trono\/#breadcrumb"},"inLanguage":"es","potentialAction":[{"@type":"ReadAction","target":["https:\/\/potenciaradiofonicadominicana.com\/portal\/sinner-se-mantiene-en-liza-por-una-tercera-corona-en-melbourne-keys-pierde-el-trono\/"]}]},{"@type":"ImageObject","inLanguage":"es","@id":"https:\/\/potenciaradiofonicadominicana.com\/portal\/sinner-se-mantiene-en-liza-por-una-tercera-corona-en-melbourne-keys-pierde-el-trono\/#primaryimage","url":"https:\/\/potenciaradiofonicadominicana.com\/portal\/wp-content\/uploads\/2026\/01\/sinner-se-mantiene-en-liza-por-una-tercera-corona-en-melbourne-71073c17-focus-0.02-0.57-896-504.jpg","contentUrl":"https:\/\/potenciaradiofonicadominicana.com\/portal\/wp-content\/uploads\/2026\/01\/sinner-se-mantiene-en-liza-por-una-tercera-corona-en-melbourne-71073c17-focus-0.02-0.57-896-504.jpg","width":896,"height":504},{"@type":"BreadcrumbList","@id":"https:\/\/potenciaradiofonicadominicana.com\/portal\/sinner-se-mantiene-en-liza-por-una-tercera-corona-en-melbourne-keys-pierde-el-trono\/#breadcrumb","itemListElement":[{"@type":"ListItem","position":1,"name":"Portada","item":"https:\/\/potenciaradiofonicadominicana.com\/portal\/"},{"@type":"ListItem","position":2,"name":"Sinner se mantiene en liza por una tercera corona en Melbourne, Keys pierde el trono"}]},{"@type":"WebSite","@id":"https:\/\/potenciaradiofonicadominicana.com\/portal\/#website","url":"https:\/\/potenciaradiofonicadominicana.com\/portal\/","name":"PotenciaRadiofonicaDominicana.com","description":"Peri\u00f3dico Digital","publisher":{"@id":"https:\/\/potenciaradiofonicadominicana.com\/portal\/#organization"},"potentialAction":[{"@type":"SearchAction","target":{"@type":"EntryPoint","urlTemplate":"https:\/\/potenciaradiofonicadominicana.com\/portal\/?s={search_term_string}"},"query-input":{"@type":"PropertyValueSpecification","valueRequired":true,"valueName":"search_term_string"}}],"inLanguage":"es"},{"@type":"Organization","@id":"https:\/\/potenciaradiofonicadominicana.com\/portal\/#organization","name":"PotenciaRadiofonicaDominicana.com","url":"https:\/\/potenciaradiofonicadominicana.com\/portal\/","logo":{"@type":"ImageObject","inLanguage":"es","@id":"https:\/\/potenciaradiofonicadominicana.com\/portal\/#\/schema\/logo\/image\/","url":"https:\/\/potenciaradiofonicadominicana.com\/portal\/wp-content\/uploads\/2022\/01\/descarga.png","contentUrl":"https:\/\/potenciaradiofonicadominicana.com\/portal\/wp-content\/uploads\/2022\/01\/descarga.png","width":300,"height":100,"caption":"PotenciaRadiofonicaDominicana.com"},"image":{"@id":"https:\/\/potenciaradiofonicadominicana.com\/portal\/#\/schema\/logo\/image\/"},"sameAs":["https:\/\/web.facebook.com\/PotenciaRadiofonicaD"]},{"@type":"Person","@id":"https:\/\/potenciaradiofonicadominicana.com\/portal\/#\/schema\/person\/a5cf1fea13877803ee0573ac18b03490","name":"Potencia Radiof\u00f3nica Dominicana","image":{"@type":"ImageObject","inLanguage":"es","@id":"https:\/\/potenciaradiofonicadominicana.com\/portal\/#\/schema\/person\/image\/","url":"https:\/\/secure.gravatar.com\/avatar\/42a55ab9e8ccc656ba34cd791990602a?s=96&d=mm&r=g","contentUrl":"https:\/\/secure.gravatar.com\/avatar\/42a55ab9e8ccc656ba34cd791990602a?s=96&d=mm&r=g","caption":"Potencia Radiof\u00f3nica Dominicana"},"url":"https:\/\/potenciaradiofonicadominicana.com\/portal\/author\/johannyalmanzar\/"}]}},"_links":{"self":[{"href":"https:\/\/potenciaradiofonicadominicana.com\/portal\/wp-json\/wp\/v2\/posts\/210446","targetHints":{"allow":["GET"]}}],"collection":[{"href":"https:\/\/potenciaradiofonicadominicana.com\/portal\/wp-json\/wp\/v2\/posts"}],"about":[{"href":"https:\/\/potenciaradiofonicadominicana.com\/portal\/wp-json\/wp\/v2\/types\/post"}],"author":[{"embeddable":true,"href":"https:\/\/potenciaradiofonicadominicana.com\/portal\/wp-json\/wp\/v2\/users\/2"}],"replies":[{"embeddable":true,"href":"https:\/\/potenciaradiofonicadominicana.com\/portal\/wp-json\/wp\/v2\/comments?post=210446"}],"version-history":[{"count":1,"href":"https:\/\/potenciaradiofonicadominicana.com\/portal\/wp-json\/wp\/v2\/posts\/210446\/revisions"}],"predecessor-version":[{"id":210452,"href":"https:\/\/potenciaradiofonicadominicana.com\/portal\/wp-json\/wp\/v2\/posts\/210446\/revisions\/210452"}],"wp:featuredmedia":[{"embeddable":true,"href":"https:\/\/potenciaradiofonicadominicana.com\/portal\/wp-json\/wp\/v2\/media\/210448"}],"wp:attachment":[{"href":"https:\/\/potenciaradiofonicadominicana.com\/portal\/wp-json\/wp\/v2\/media?parent=210446"}],"wp:term":[{"taxonomy":"category","embeddable":true,"href":"https:\/\/potenciaradiofonicadominicana.com\/portal\/wp-json\/wp\/v2\/categories?post=210446"},{"taxonomy":"post_tag","embeddable":true,"href":"https:\/\/potenciaradiofonicadominicana.com\/portal\/wp-json\/wp\/v2\/tags?post=210446"}],"curies":[{"name":"wp","href":"https:\/\/api.w.org\/{rel}","templated":true}]}}