{"id":210418,"date":"2026-01-26T23:33:00","date_gmt":"2026-01-27T03:33:00","guid":{"rendered":"https:\/\/potenciaradiofonicadominicana.com\/portal\/?p=210418"},"modified":"2026-01-26T23:33:00","modified_gmt":"2026-01-27T03:33:00","slug":"hasta-45-grados-amenazan-a-alcaraz-y-de-minaur-y-ponen-en-jaque-al-abierto-de-australia","status":"publish","type":"post","link":"https:\/\/potenciaradiofonicadominicana.com\/portal\/hasta-45-grados-amenazan-a-alcaraz-y-de-minaur-y-ponen-en-jaque-al-abierto-de-australia\/","title":{"rendered":"Hasta 45 grados amenazan a Alcaraz y De Mi\u00f1aur y ponen en jaque al Abierto de Australia"},"content":{"rendered":"<p><a href=\"https:\/\/potenciaradiofonicadominicana.com\/portal\/wp-content\/uploads\/2026\/01\/australian-open-hasta-45-grados-amenazan-a-alcaraz-y-de-minaur-1b88eead-focus-0.09-0.66-896-504.jpg\"><img loading=\"lazy\" decoding=\"async\" class=\"alignnone size-full wp-image-210420\" src=\"https:\/\/potenciaradiofonicadominicana.com\/portal\/wp-content\/uploads\/2026\/01\/australian-open-hasta-45-grados-amenazan-a-alcaraz-y-de-minaur-1b88eead-focus-0.09-0.66-896-504.jpg\" alt=\"\" width=\"896\" height=\"504\" srcset=\"https:\/\/potenciaradiofonicadominicana.com\/portal\/wp-content\/uploads\/2026\/01\/australian-open-hasta-45-grados-amenazan-a-alcaraz-y-de-minaur-1b88eead-focus-0.09-0.66-896-504.jpg 896w, https:\/\/potenciaradiofonicadominicana.com\/portal\/wp-content\/uploads\/2026\/01\/australian-open-hasta-45-grados-amenazan-a-alcaraz-y-de-minaur-1b88eead-focus-0.09-0.66-896-504-300x169.jpg 300w, https:\/\/potenciaradiofonicadominicana.com\/portal\/wp-content\/uploads\/2026\/01\/australian-open-hasta-45-grados-amenazan-a-alcaraz-y-de-minaur-1b88eead-focus-0.09-0.66-896-504-768x432.jpg 768w\" sizes=\"auto, (max-width: 896px) 100vw, 896px\" \/><\/a><\/p>\n<p><strong>Melbourne<\/strong>\u00a0vive este martes la\u00a0<strong>jornada m\u00e1s calurosa<\/strong>\u00a0en lo que va de\u00a0<strong>Abierto de Australia<\/strong>, con temperaturas que podr\u00edan alcanzar los 45 grados, en plena recta decisiva, que podr\u00eda condicionar el partido programado para este d\u00eda entre\u00a0<strong>Carlos Alcaraz y Alex de Mi\u00f1aur<\/strong>.<\/p>\n<p>La\u00a0<strong>organizaci\u00f3n del torneo<\/strong>\u00a0ha\u00a0<strong>ajustado horarios<\/strong>, activado\u00a0<strong>protocolos especiales<\/strong>\u00a0y reforzado las medidas de seguridad ante el riesgo de estr\u00e9s t\u00e9rmico, priorizando la salud de jugadores, personal y aficionados, seg\u00fan se\u00f1alaron en un comunicado.<\/p>\n<p>Desde 2019, la asociaci\u00f3n de tenis de Australia aplica la denominada\u00a0<strong>Heat Stress Scale<\/strong>\u00a0(HSS o escala de estr\u00e9s t\u00e9rmico), un sistema dise\u00f1ado para evaluar el\u00a0<strong>impacto real del calor<\/strong>\u00a0en la competici\u00f3n. A diferencia de la temperatura ambiente tradicional, la escala combina\u00a0<strong>cuatro factores clim\u00e1ticos<\/strong>: temperatura del aire, calor radiante, humedad y velocidad del viento.<\/p>\n<p>Estos valores son medidos en distintos puntos del recinto del encuentro,\u00a0<strong>Melbourne<\/strong>\u00a0Park y con estos datos se establece un\u00a0<strong>nivel del 1 al 5<\/strong>\u00a0que determina las medidas a adoptar.<\/p>\n<p>Cuando la escala alcanza el\u00a0<strong>nivel 4<\/strong>\u00a0se autorizan\u00a0<strong>pausas adicionales<\/strong>\u00a0de enfriamiento entre sets para facilitar la hidrataci\u00f3n y la\u00a0<strong>recuperaci\u00f3n de los jugadores<\/strong>.<\/p>\n<p>Si el indicador sube al\u00a0<strong>nivel 5<\/strong>\u00a0se suspenden los partidos en pistas exteriores y se prioriza el cierre de los\u00a0<strong>techos retr\u00e1ctiles<\/strong>\u00a0en los estadios principales, como Rod Laver Arena y Margaret Court Arena, para continuar el juego en condiciones m\u00e1s controladas.<\/p>\n<p>Durante la ma\u00f1ana de este martes, la escala de estr\u00e9s t\u00e9rmico alcanz\u00f3 ya el\u00a0<strong>nivel 4<\/strong>,3.<\/p>\n<h2>Calor como protagonista<\/h2>\n<p>El italiano\u00a0<strong>Jannik Sinner<\/strong>, vigente campe\u00f3n del torneo y n\u00famero dos del mundo, sufri\u00f3\u00a0<strong>calambres<\/strong> y problemas f\u00edsicos durante un partido disputado en condiciones extremas. En pleno encuentro, el protocolo fue activado y el techo de Rod Laver Arena se cerr\u00f3, lo que le permiti\u00f3 recuperarse antes de reanudar el duelo.<\/p>\n<p>El propio\u00a0<strong>Sinner<\/strong>\u00a0reconoci\u00f3 posteriormente en una rueda de prensa la\u00a0<strong>dureza de la jornada<\/strong>\u00a0y que el\u00a0<strong>cierre del techo<\/strong>\u00a0le hab\u00eda \u00absalvado\u00bb.<\/p>\n<p>En el\u00a0<strong>cuadro femenino<\/strong>, las altas temperaturas tambi\u00e9n han dejado im\u00e1genes preocupantes. Una joven tenista tuvo que abandonar la pista en silla de ruedas tras colapsar por el esfuerzo y los\u00a0<strong>calambres<\/strong>, un episodio que evidenci\u00f3 la exigencia f\u00edsica de competir bajo\u00a0<strong>calor intenso<\/strong>\u00a0y reabri\u00f3 el debate sobre la protecci\u00f3n de las jugadoras, especialmente en partidos largos y rondas iniciales.<\/p>\n<p>La n\u00famero uno del mundo,\u00a0<strong>Aryna Sabalenka<\/strong>, ha expresado su\u00a0<strong>incomodidad<\/strong>\u00a0por competir en estas condiciones extremas y ha pedido una planificaci\u00f3n m\u00e1s cuidadosa en los horarios, as\u00ed como\u00a0<strong>medidas adicionales<\/strong>\u00a0para reducir los riesgos para la salud de los jugadores.<\/p>\n<p>En este contexto, la atenci\u00f3n se centra en\u00a0<strong>Carlos Alcaraz<\/strong>, uno de los principales aspirantes al t\u00edtulo, que afronta un\u00a0<strong>desaf\u00edo doble<\/strong>: superar a su rival y gestionar el desgaste f\u00edsico que impone el\u00a0<strong>calor extremo<\/strong>.<\/p>\n<p>El espa\u00f1ol, conocido por su intensidad y despliegue f\u00edsico, podr\u00eda verse obligado a ajustar su estrategia, acortar puntos y\u00a0<strong>administrar energ\u00edas<\/strong>\u00a0para evitar el agotamiento.<\/p>\n<p>Tambi\u00e9n el australiano\u00a0<strong>Alex De Mi\u00f1aur<\/strong>, impulsado por el apoyo del p\u00fablico local, tendr\u00e1 que lidiar con las altas temperaturas. Aunque su velocidad y resistencia son una de sus mayores virtudes, el\u00a0<strong>calor extremo<\/strong>\u00a0representa un factor de riesgo que puede influir en la duraci\u00f3n de los intercambios, la recuperaci\u00f3n entre puntos y la toma de decisiones en los momentos clave.<\/p>\n<p>Para la jornada de este martes el torneo ha reforzado los\u00a0<strong>servicios m\u00e9dicos<\/strong>, ampliado las\u00a0<strong>zonas de sombra<\/strong>\u00a0y refrigeraci\u00f3n, incrementado los\u00a0<strong>puntos de hidrataci\u00f3n<\/strong>\u00a0y establecido rotaciones especiales para los recogepelotas, con tiempos de descanso m\u00e1s largos.<\/p>\n","protected":false},"excerpt":{"rendered":"<p>Melbourne\u00a0vive este martes la\u00a0jornada m\u00e1s calurosa\u00a0en lo que va de\u00a0Abierto de Australia, con temperaturas que podr\u00edan alcanzar los 45 grados, &#8230;<\/p>\n","protected":false},"author":2,"featured_media":210420,"comment_status":"closed","ping_status":"closed","sticky":false,"template":"","format":"standard","meta":{"footnotes":""},"categories":[28],"tags":[],"class_list":["post-210418","post","type-post","status-publish","format-standard","has-post-thumbnail","hentry","category-deportes"],"yoast_head":"<!-- This site is optimized with the Yoast SEO plugin v24.8.1 - https:\/\/yoast.com\/wordpress\/plugins\/seo\/ -->\n<title>Hasta 45 grados amenazan a Alcaraz y De Mi\u00f1aur y ponen en jaque al Abierto de Australia - PotenciaRadiofonicaDominicana.com<\/title>\n<meta name=\"robots\" content=\"index, follow, max-snippet:-1, max-image-preview:large, max-video-preview:-1\" \/>\n<link rel=\"canonical\" href=\"https:\/\/potenciaradiofonicadominicana.com\/portal\/hasta-45-grados-amenazan-a-alcaraz-y-de-minaur-y-ponen-en-jaque-al-abierto-de-australia\/\" \/>\n<meta property=\"og:locale\" content=\"es_ES\" \/>\n<meta property=\"og:type\" content=\"article\" \/>\n<meta property=\"og:title\" content=\"Hasta 45 grados amenazan a Alcaraz y De Mi\u00f1aur y ponen en jaque al Abierto de Australia - PotenciaRadiofonicaDominicana.com\" \/>\n<meta property=\"og:description\" content=\"Melbourne\u00a0vive este martes la\u00a0jornada m\u00e1s calurosa\u00a0en lo que va de\u00a0Abierto de Australia, con temperaturas que podr\u00edan alcanzar los 45 grados, ...\" \/>\n<meta property=\"og:url\" content=\"https:\/\/potenciaradiofonicadominicana.com\/portal\/hasta-45-grados-amenazan-a-alcaraz-y-de-minaur-y-ponen-en-jaque-al-abierto-de-australia\/\" \/>\n<meta property=\"og:site_name\" content=\"PotenciaRadiofonicaDominicana.com\" \/>\n<meta property=\"article:publisher\" content=\"https:\/\/web.facebook.com\/PotenciaRadiofonicaD\" \/>\n<meta property=\"article:published_time\" content=\"2026-01-27T03:33:00+00:00\" \/>\n<meta property=\"og:image\" content=\"https:\/\/potenciaradiofonicadominicana.com\/portal\/wp-content\/uploads\/2026\/01\/australian-open-hasta-45-grados-amenazan-a-alcaraz-y-de-minaur-1b88eead-focus-0.09-0.66-896-504.jpg\" \/>\n\t<meta property=\"og:image:width\" content=\"896\" \/>\n\t<meta property=\"og:image:height\" content=\"504\" \/>\n\t<meta property=\"og:image:type\" content=\"image\/jpeg\" \/>\n<meta name=\"author\" content=\"Potencia Radiof\u00f3nica Dominicana\" \/>\n<meta name=\"twitter:card\" content=\"summary_large_image\" \/>\n<meta name=\"twitter:label1\" content=\"Escrito por\" \/>\n\t<meta name=\"twitter:data1\" content=\"Potencia Radiof\u00f3nica Dominicana\" \/>\n\t<meta name=\"twitter:label2\" content=\"Tiempo de lectura\" \/>\n\t<meta name=\"twitter:data2\" content=\"4 minutos\" \/>\n<script type=\"application\/ld+json\" class=\"yoast-schema-graph\">{\"@context\":\"https:\/\/schema.org\",\"@graph\":[{\"@type\":\"Article\",\"@id\":\"https:\/\/potenciaradiofonicadominicana.com\/portal\/hasta-45-grados-amenazan-a-alcaraz-y-de-minaur-y-ponen-en-jaque-al-abierto-de-australia\/#article\",\"isPartOf\":{\"@id\":\"https:\/\/potenciaradiofonicadominicana.com\/portal\/hasta-45-grados-amenazan-a-alcaraz-y-de-minaur-y-ponen-en-jaque-al-abierto-de-australia\/\"},\"author\":{\"name\":\"Potencia Radiof\u00f3nica Dominicana\",\"@id\":\"https:\/\/potenciaradiofonicadominicana.com\/portal\/#\/schema\/person\/a5cf1fea13877803ee0573ac18b03490\"},\"headline\":\"Hasta 45 grados amenazan a Alcaraz y De Mi\u00f1aur y ponen en jaque al Abierto de Australia\",\"datePublished\":\"2026-01-27T03:33:00+00:00\",\"mainEntityOfPage\":{\"@id\":\"https:\/\/potenciaradiofonicadominicana.com\/portal\/hasta-45-grados-amenazan-a-alcaraz-y-de-minaur-y-ponen-en-jaque-al-abierto-de-australia\/\"},\"wordCount\":651,\"publisher\":{\"@id\":\"https:\/\/potenciaradiofonicadominicana.com\/portal\/#organization\"},\"image\":{\"@id\":\"https:\/\/potenciaradiofonicadominicana.com\/portal\/hasta-45-grados-amenazan-a-alcaraz-y-de-minaur-y-ponen-en-jaque-al-abierto-de-australia\/#primaryimage\"},\"thumbnailUrl\":\"https:\/\/potenciaradiofonicadominicana.com\/portal\/wp-content\/uploads\/2026\/01\/australian-open-hasta-45-grados-amenazan-a-alcaraz-y-de-minaur-1b88eead-focus-0.09-0.66-896-504.jpg\",\"articleSection\":[\"Deportes\"],\"inLanguage\":\"es\"},{\"@type\":\"WebPage\",\"@id\":\"https:\/\/potenciaradiofonicadominicana.com\/portal\/hasta-45-grados-amenazan-a-alcaraz-y-de-minaur-y-ponen-en-jaque-al-abierto-de-australia\/\",\"url\":\"https:\/\/potenciaradiofonicadominicana.com\/portal\/hasta-45-grados-amenazan-a-alcaraz-y-de-minaur-y-ponen-en-jaque-al-abierto-de-australia\/\",\"name\":\"Hasta 45 grados amenazan a Alcaraz y De Mi\u00f1aur y ponen en jaque al Abierto de Australia - PotenciaRadiofonicaDominicana.com\",\"isPartOf\":{\"@id\":\"https:\/\/potenciaradiofonicadominicana.com\/portal\/#website\"},\"primaryImageOfPage\":{\"@id\":\"https:\/\/potenciaradiofonicadominicana.com\/portal\/hasta-45-grados-amenazan-a-alcaraz-y-de-minaur-y-ponen-en-jaque-al-abierto-de-australia\/#primaryimage\"},\"image\":{\"@id\":\"https:\/\/potenciaradiofonicadominicana.com\/portal\/hasta-45-grados-amenazan-a-alcaraz-y-de-minaur-y-ponen-en-jaque-al-abierto-de-australia\/#primaryimage\"},\"thumbnailUrl\":\"https:\/\/potenciaradiofonicadominicana.com\/portal\/wp-content\/uploads\/2026\/01\/australian-open-hasta-45-grados-amenazan-a-alcaraz-y-de-minaur-1b88eead-focus-0.09-0.66-896-504.jpg\",\"datePublished\":\"2026-01-27T03:33:00+00:00\",\"breadcrumb\":{\"@id\":\"https:\/\/potenciaradiofonicadominicana.com\/portal\/hasta-45-grados-amenazan-a-alcaraz-y-de-minaur-y-ponen-en-jaque-al-abierto-de-australia\/#breadcrumb\"},\"inLanguage\":\"es\",\"potentialAction\":[{\"@type\":\"ReadAction\",\"target\":[\"https:\/\/potenciaradiofonicadominicana.com\/portal\/hasta-45-grados-amenazan-a-alcaraz-y-de-minaur-y-ponen-en-jaque-al-abierto-de-australia\/\"]}]},{\"@type\":\"ImageObject\",\"inLanguage\":\"es\",\"@id\":\"https:\/\/potenciaradiofonicadominicana.com\/portal\/hasta-45-grados-amenazan-a-alcaraz-y-de-minaur-y-ponen-en-jaque-al-abierto-de-australia\/#primaryimage\",\"url\":\"https:\/\/potenciaradiofonicadominicana.com\/portal\/wp-content\/uploads\/2026\/01\/australian-open-hasta-45-grados-amenazan-a-alcaraz-y-de-minaur-1b88eead-focus-0.09-0.66-896-504.jpg\",\"contentUrl\":\"https:\/\/potenciaradiofonicadominicana.com\/portal\/wp-content\/uploads\/2026\/01\/australian-open-hasta-45-grados-amenazan-a-alcaraz-y-de-minaur-1b88eead-focus-0.09-0.66-896-504.jpg\",\"width\":896,\"height\":504},{\"@type\":\"BreadcrumbList\",\"@id\":\"https:\/\/potenciaradiofonicadominicana.com\/portal\/hasta-45-grados-amenazan-a-alcaraz-y-de-minaur-y-ponen-en-jaque-al-abierto-de-australia\/#breadcrumb\",\"itemListElement\":[{\"@type\":\"ListItem\",\"position\":1,\"name\":\"Portada\",\"item\":\"https:\/\/potenciaradiofonicadominicana.com\/portal\/\"},{\"@type\":\"ListItem\",\"position\":2,\"name\":\"Hasta 45 grados amenazan a Alcaraz y De Mi\u00f1aur y ponen en jaque al Abierto de Australia\"}]},{\"@type\":\"WebSite\",\"@id\":\"https:\/\/potenciaradiofonicadominicana.com\/portal\/#website\",\"url\":\"https:\/\/potenciaradiofonicadominicana.com\/portal\/\",\"name\":\"PotenciaRadiofonicaDominicana.com\",\"description\":\"Peri\u00f3dico Digital\",\"publisher\":{\"@id\":\"https:\/\/potenciaradiofonicadominicana.com\/portal\/#organization\"},\"potentialAction\":[{\"@type\":\"SearchAction\",\"target\":{\"@type\":\"EntryPoint\",\"urlTemplate\":\"https:\/\/potenciaradiofonicadominicana.com\/portal\/?s={search_term_string}\"},\"query-input\":{\"@type\":\"PropertyValueSpecification\",\"valueRequired\":true,\"valueName\":\"search_term_string\"}}],\"inLanguage\":\"es\"},{\"@type\":\"Organization\",\"@id\":\"https:\/\/potenciaradiofonicadominicana.com\/portal\/#organization\",\"name\":\"PotenciaRadiofonicaDominicana.com\",\"url\":\"https:\/\/potenciaradiofonicadominicana.com\/portal\/\",\"logo\":{\"@type\":\"ImageObject\",\"inLanguage\":\"es\",\"@id\":\"https:\/\/potenciaradiofonicadominicana.com\/portal\/#\/schema\/logo\/image\/\",\"url\":\"https:\/\/potenciaradiofonicadominicana.com\/portal\/wp-content\/uploads\/2022\/01\/descarga.png\",\"contentUrl\":\"https:\/\/potenciaradiofonicadominicana.com\/portal\/wp-content\/uploads\/2022\/01\/descarga.png\",\"width\":300,\"height\":100,\"caption\":\"PotenciaRadiofonicaDominicana.com\"},\"image\":{\"@id\":\"https:\/\/potenciaradiofonicadominicana.com\/portal\/#\/schema\/logo\/image\/\"},\"sameAs\":[\"https:\/\/web.facebook.com\/PotenciaRadiofonicaD\"]},{\"@type\":\"Person\",\"@id\":\"https:\/\/potenciaradiofonicadominicana.com\/portal\/#\/schema\/person\/a5cf1fea13877803ee0573ac18b03490\",\"name\":\"Potencia Radiof\u00f3nica Dominicana\",\"image\":{\"@type\":\"ImageObject\",\"inLanguage\":\"es\",\"@id\":\"https:\/\/potenciaradiofonicadominicana.com\/portal\/#\/schema\/person\/image\/\",\"url\":\"https:\/\/secure.gravatar.com\/avatar\/42a55ab9e8ccc656ba34cd791990602a?s=96&d=mm&r=g\",\"contentUrl\":\"https:\/\/secure.gravatar.com\/avatar\/42a55ab9e8ccc656ba34cd791990602a?s=96&d=mm&r=g\",\"caption\":\"Potencia Radiof\u00f3nica Dominicana\"},\"url\":\"https:\/\/potenciaradiofonicadominicana.com\/portal\/author\/johannyalmanzar\/\"}]}<\/script>\n<!-- \/ Yoast SEO plugin. -->","yoast_head_json":{"title":"Hasta 45 grados amenazan a Alcaraz y De Mi\u00f1aur y ponen en jaque al Abierto de Australia - PotenciaRadiofonicaDominicana.com","robots":{"index":"index","follow":"follow","max-snippet":"max-snippet:-1","max-image-preview":"max-image-preview:large","max-video-preview":"max-video-preview:-1"},"canonical":"https:\/\/potenciaradiofonicadominicana.com\/portal\/hasta-45-grados-amenazan-a-alcaraz-y-de-minaur-y-ponen-en-jaque-al-abierto-de-australia\/","og_locale":"es_ES","og_type":"article","og_title":"Hasta 45 grados amenazan a Alcaraz y De Mi\u00f1aur y ponen en jaque al Abierto de Australia - PotenciaRadiofonicaDominicana.com","og_description":"Melbourne\u00a0vive este martes la\u00a0jornada m\u00e1s calurosa\u00a0en lo que va de\u00a0Abierto de Australia, con temperaturas que podr\u00edan alcanzar los 45 grados, ...","og_url":"https:\/\/potenciaradiofonicadominicana.com\/portal\/hasta-45-grados-amenazan-a-alcaraz-y-de-minaur-y-ponen-en-jaque-al-abierto-de-australia\/","og_site_name":"PotenciaRadiofonicaDominicana.com","article_publisher":"https:\/\/web.facebook.com\/PotenciaRadiofonicaD","article_published_time":"2026-01-27T03:33:00+00:00","og_image":[{"width":896,"height":504,"url":"https:\/\/potenciaradiofonicadominicana.com\/portal\/wp-content\/uploads\/2026\/01\/australian-open-hasta-45-grados-amenazan-a-alcaraz-y-de-minaur-1b88eead-focus-0.09-0.66-896-504.jpg","type":"image\/jpeg"}],"author":"Potencia Radiof\u00f3nica Dominicana","twitter_card":"summary_large_image","twitter_misc":{"Escrito por":"Potencia Radiof\u00f3nica Dominicana","Tiempo de lectura":"4 minutos"},"schema":{"@context":"https:\/\/schema.org","@graph":[{"@type":"Article","@id":"https:\/\/potenciaradiofonicadominicana.com\/portal\/hasta-45-grados-amenazan-a-alcaraz-y-de-minaur-y-ponen-en-jaque-al-abierto-de-australia\/#article","isPartOf":{"@id":"https:\/\/potenciaradiofonicadominicana.com\/portal\/hasta-45-grados-amenazan-a-alcaraz-y-de-minaur-y-ponen-en-jaque-al-abierto-de-australia\/"},"author":{"name":"Potencia Radiof\u00f3nica Dominicana","@id":"https:\/\/potenciaradiofonicadominicana.com\/portal\/#\/schema\/person\/a5cf1fea13877803ee0573ac18b03490"},"headline":"Hasta 45 grados amenazan a Alcaraz y De Mi\u00f1aur y ponen en jaque al Abierto de Australia","datePublished":"2026-01-27T03:33:00+00:00","mainEntityOfPage":{"@id":"https:\/\/potenciaradiofonicadominicana.com\/portal\/hasta-45-grados-amenazan-a-alcaraz-y-de-minaur-y-ponen-en-jaque-al-abierto-de-australia\/"},"wordCount":651,"publisher":{"@id":"https:\/\/potenciaradiofonicadominicana.com\/portal\/#organization"},"image":{"@id":"https:\/\/potenciaradiofonicadominicana.com\/portal\/hasta-45-grados-amenazan-a-alcaraz-y-de-minaur-y-ponen-en-jaque-al-abierto-de-australia\/#primaryimage"},"thumbnailUrl":"https:\/\/potenciaradiofonicadominicana.com\/portal\/wp-content\/uploads\/2026\/01\/australian-open-hasta-45-grados-amenazan-a-alcaraz-y-de-minaur-1b88eead-focus-0.09-0.66-896-504.jpg","articleSection":["Deportes"],"inLanguage":"es"},{"@type":"WebPage","@id":"https:\/\/potenciaradiofonicadominicana.com\/portal\/hasta-45-grados-amenazan-a-alcaraz-y-de-minaur-y-ponen-en-jaque-al-abierto-de-australia\/","url":"https:\/\/potenciaradiofonicadominicana.com\/portal\/hasta-45-grados-amenazan-a-alcaraz-y-de-minaur-y-ponen-en-jaque-al-abierto-de-australia\/","name":"Hasta 45 grados amenazan a Alcaraz y De Mi\u00f1aur y ponen en jaque al Abierto de Australia - PotenciaRadiofonicaDominicana.com","isPartOf":{"@id":"https:\/\/potenciaradiofonicadominicana.com\/portal\/#website"},"primaryImageOfPage":{"@id":"https:\/\/potenciaradiofonicadominicana.com\/portal\/hasta-45-grados-amenazan-a-alcaraz-y-de-minaur-y-ponen-en-jaque-al-abierto-de-australia\/#primaryimage"},"image":{"@id":"https:\/\/potenciaradiofonicadominicana.com\/portal\/hasta-45-grados-amenazan-a-alcaraz-y-de-minaur-y-ponen-en-jaque-al-abierto-de-australia\/#primaryimage"},"thumbnailUrl":"https:\/\/potenciaradiofonicadominicana.com\/portal\/wp-content\/uploads\/2026\/01\/australian-open-hasta-45-grados-amenazan-a-alcaraz-y-de-minaur-1b88eead-focus-0.09-0.66-896-504.jpg","datePublished":"2026-01-27T03:33:00+00:00","breadcrumb":{"@id":"https:\/\/potenciaradiofonicadominicana.com\/portal\/hasta-45-grados-amenazan-a-alcaraz-y-de-minaur-y-ponen-en-jaque-al-abierto-de-australia\/#breadcrumb"},"inLanguage":"es","potentialAction":[{"@type":"ReadAction","target":["https:\/\/potenciaradiofonicadominicana.com\/portal\/hasta-45-grados-amenazan-a-alcaraz-y-de-minaur-y-ponen-en-jaque-al-abierto-de-australia\/"]}]},{"@type":"ImageObject","inLanguage":"es","@id":"https:\/\/potenciaradiofonicadominicana.com\/portal\/hasta-45-grados-amenazan-a-alcaraz-y-de-minaur-y-ponen-en-jaque-al-abierto-de-australia\/#primaryimage","url":"https:\/\/potenciaradiofonicadominicana.com\/portal\/wp-content\/uploads\/2026\/01\/australian-open-hasta-45-grados-amenazan-a-alcaraz-y-de-minaur-1b88eead-focus-0.09-0.66-896-504.jpg","contentUrl":"https:\/\/potenciaradiofonicadominicana.com\/portal\/wp-content\/uploads\/2026\/01\/australian-open-hasta-45-grados-amenazan-a-alcaraz-y-de-minaur-1b88eead-focus-0.09-0.66-896-504.jpg","width":896,"height":504},{"@type":"BreadcrumbList","@id":"https:\/\/potenciaradiofonicadominicana.com\/portal\/hasta-45-grados-amenazan-a-alcaraz-y-de-minaur-y-ponen-en-jaque-al-abierto-de-australia\/#breadcrumb","itemListElement":[{"@type":"ListItem","position":1,"name":"Portada","item":"https:\/\/potenciaradiofonicadominicana.com\/portal\/"},{"@type":"ListItem","position":2,"name":"Hasta 45 grados amenazan a Alcaraz y De Mi\u00f1aur y ponen en jaque al Abierto de Australia"}]},{"@type":"WebSite","@id":"https:\/\/potenciaradiofonicadominicana.com\/portal\/#website","url":"https:\/\/potenciaradiofonicadominicana.com\/portal\/","name":"PotenciaRadiofonicaDominicana.com","description":"Peri\u00f3dico Digital","publisher":{"@id":"https:\/\/potenciaradiofonicadominicana.com\/portal\/#organization"},"potentialAction":[{"@type":"SearchAction","target":{"@type":"EntryPoint","urlTemplate":"https:\/\/potenciaradiofonicadominicana.com\/portal\/?s={search_term_string}"},"query-input":{"@type":"PropertyValueSpecification","valueRequired":true,"valueName":"search_term_string"}}],"inLanguage":"es"},{"@type":"Organization","@id":"https:\/\/potenciaradiofonicadominicana.com\/portal\/#organization","name":"PotenciaRadiofonicaDominicana.com","url":"https:\/\/potenciaradiofonicadominicana.com\/portal\/","logo":{"@type":"ImageObject","inLanguage":"es","@id":"https:\/\/potenciaradiofonicadominicana.com\/portal\/#\/schema\/logo\/image\/","url":"https:\/\/potenciaradiofonicadominicana.com\/portal\/wp-content\/uploads\/2022\/01\/descarga.png","contentUrl":"https:\/\/potenciaradiofonicadominicana.com\/portal\/wp-content\/uploads\/2022\/01\/descarga.png","width":300,"height":100,"caption":"PotenciaRadiofonicaDominicana.com"},"image":{"@id":"https:\/\/potenciaradiofonicadominicana.com\/portal\/#\/schema\/logo\/image\/"},"sameAs":["https:\/\/web.facebook.com\/PotenciaRadiofonicaD"]},{"@type":"Person","@id":"https:\/\/potenciaradiofonicadominicana.com\/portal\/#\/schema\/person\/a5cf1fea13877803ee0573ac18b03490","name":"Potencia Radiof\u00f3nica Dominicana","image":{"@type":"ImageObject","inLanguage":"es","@id":"https:\/\/potenciaradiofonicadominicana.com\/portal\/#\/schema\/person\/image\/","url":"https:\/\/secure.gravatar.com\/avatar\/42a55ab9e8ccc656ba34cd791990602a?s=96&d=mm&r=g","contentUrl":"https:\/\/secure.gravatar.com\/avatar\/42a55ab9e8ccc656ba34cd791990602a?s=96&d=mm&r=g","caption":"Potencia Radiof\u00f3nica Dominicana"},"url":"https:\/\/potenciaradiofonicadominicana.com\/portal\/author\/johannyalmanzar\/"}]}},"_links":{"self":[{"href":"https:\/\/potenciaradiofonicadominicana.com\/portal\/wp-json\/wp\/v2\/posts\/210418","targetHints":{"allow":["GET"]}}],"collection":[{"href":"https:\/\/potenciaradiofonicadominicana.com\/portal\/wp-json\/wp\/v2\/posts"}],"about":[{"href":"https:\/\/potenciaradiofonicadominicana.com\/portal\/wp-json\/wp\/v2\/types\/post"}],"author":[{"embeddable":true,"href":"https:\/\/potenciaradiofonicadominicana.com\/portal\/wp-json\/wp\/v2\/users\/2"}],"replies":[{"embeddable":true,"href":"https:\/\/potenciaradiofonicadominicana.com\/portal\/wp-json\/wp\/v2\/comments?post=210418"}],"version-history":[{"count":1,"href":"https:\/\/potenciaradiofonicadominicana.com\/portal\/wp-json\/wp\/v2\/posts\/210418\/revisions"}],"predecessor-version":[{"id":210423,"href":"https:\/\/potenciaradiofonicadominicana.com\/portal\/wp-json\/wp\/v2\/posts\/210418\/revisions\/210423"}],"wp:featuredmedia":[{"embeddable":true,"href":"https:\/\/potenciaradiofonicadominicana.com\/portal\/wp-json\/wp\/v2\/media\/210420"}],"wp:attachment":[{"href":"https:\/\/potenciaradiofonicadominicana.com\/portal\/wp-json\/wp\/v2\/media?parent=210418"}],"wp:term":[{"taxonomy":"category","embeddable":true,"href":"https:\/\/potenciaradiofonicadominicana.com\/portal\/wp-json\/wp\/v2\/categories?post=210418"},{"taxonomy":"post_tag","embeddable":true,"href":"https:\/\/potenciaradiofonicadominicana.com\/portal\/wp-json\/wp\/v2\/tags?post=210418"}],"curies":[{"name":"wp","href":"https:\/\/api.w.org\/{rel}","templated":true}]}}