{"id":210408,"date":"2026-01-26T23:29:22","date_gmt":"2026-01-27T03:29:22","guid":{"rendered":"https:\/\/potenciaradiofonicadominicana.com\/portal\/?p=210408"},"modified":"2026-01-26T23:29:22","modified_gmt":"2026-01-27T03:29:22","slug":"juan-nunez-afirma-que-jose-ramirez-esta-positivo-y-a-bordo-con-rd-para-el-clasico-mundial","status":"publish","type":"post","link":"https:\/\/potenciaradiofonicadominicana.com\/portal\/juan-nunez-afirma-que-jose-ramirez-esta-positivo-y-a-bordo-con-rd-para-el-clasico-mundial\/","title":{"rendered":"Juan N\u00fa\u00f1ez afirma que Jos\u00e9 Ram\u00edrez est\u00e1 positivo y a bordo con RD para el Cl\u00e1sico Mundial"},"content":{"rendered":"<p><a href=\"https:\/\/potenciaradiofonicadominicana.com\/portal\/wp-content\/uploads\/2026\/01\/ap25147051536056-75846322-focus-0.11-0.58-896-504.jpg\"><img loading=\"lazy\" decoding=\"async\" class=\"alignnone size-full wp-image-210410\" src=\"https:\/\/potenciaradiofonicadominicana.com\/portal\/wp-content\/uploads\/2026\/01\/ap25147051536056-75846322-focus-0.11-0.58-896-504.jpg\" alt=\"\" width=\"896\" height=\"504\" srcset=\"https:\/\/potenciaradiofonicadominicana.com\/portal\/wp-content\/uploads\/2026\/01\/ap25147051536056-75846322-focus-0.11-0.58-896-504.jpg 896w, https:\/\/potenciaradiofonicadominicana.com\/portal\/wp-content\/uploads\/2026\/01\/ap25147051536056-75846322-focus-0.11-0.58-896-504-300x169.jpg 300w, https:\/\/potenciaradiofonicadominicana.com\/portal\/wp-content\/uploads\/2026\/01\/ap25147051536056-75846322-focus-0.11-0.58-896-504-768x432.jpg 768w\" sizes=\"auto, (max-width: 896px) 100vw, 896px\" \/><\/a><\/p>\n<p>El presidente de la Federaci\u00f3n Dominicana de B\u00e9isbol (<strong>Fedom<\/strong>),\u00a0<strong>Juan N\u00fa\u00f1ez<\/strong>, inform\u00f3 que el\u00a0<strong>tercera base<\/strong>\u00a0de los Guardianes de Cleveland,\u00a0<strong>Jos\u00e9 Ram\u00edrez<\/strong>, se mantiene\u00a0<strong>positivo y comprometido<\/strong>\u00a0con la selecci\u00f3n nacional que participar\u00e1 en el\u00a0<strong>Cl\u00e1sico Mundial<\/strong>\u00a0de B\u00e9isbol.<\/p>\n<p>Con esta informaci\u00f3n se desmienten los rumores que circularon durante el transcurso de este domingo en\u00a0<strong>redes sociales<\/strong>, sobre una supuesta renuncia a su participaci\u00f3n.<\/p>\n<p><strong>Fedom<\/strong>\u00a0expres\u00f3 que esta posici\u00f3n de Ram\u00edrez respalda lo que ha expresado de manera reiterada en diversas declaraciones p\u00fablicas, mostrando\u00a0<strong>entusiasmo<\/strong>, compromiso y\u00a0<strong>total disposici\u00f3n<\/strong> de aportar al equipo en el rol que sea necesario.<\/p>\n<ul class=\"list-text\">\n<li><strong>N\u00fa\u00f1ez<\/strong>\u00a0expres\u00f3 que para el pa\u00eds contar con un jugador del\u00a0<strong>calibre de Ram\u00edrez<\/strong>\u00a0en su roster tiene un\u00a0<strong>valor incalculable<\/strong>.<\/li>\n<\/ul>\n<p>Recientemente, el\u00a0<strong>antesalista<\/strong>\u00a0fue categ\u00f3rico en una\u00a0<strong>entrevista<\/strong>\u00a0concedida al periodista H\u00e9ctor G\u00f3mez, donde afirm\u00f3: \u201cEstar\u00e9 en primera plana en el equipo dando el 100 %\u201d.<\/p>\n<p>Asimismo, asegur\u00f3 que no tiene inconvenientes en\u00a0<strong>adaptarse<\/strong>\u00a0a las necesidades del conjunto, ya sea jugando en la\u00a0<strong>tercera base<\/strong>\u00a0o como\u00a0<strong>bateador designado<\/strong>.<\/p>\n","protected":false},"excerpt":{"rendered":"<p>El presidente de la Federaci\u00f3n Dominicana de B\u00e9isbol (Fedom),\u00a0Juan N\u00fa\u00f1ez, inform\u00f3 que el\u00a0tercera base\u00a0de los Guardianes de Cleveland,\u00a0Jos\u00e9 Ram\u00edrez, se &#8230;<\/p>\n","protected":false},"author":2,"featured_media":210410,"comment_status":"closed","ping_status":"closed","sticky":false,"template":"","format":"standard","meta":{"footnotes":""},"categories":[28],"tags":[],"class_list":["post-210408","post","type-post","status-publish","format-standard","has-post-thumbnail","hentry","category-deportes"],"yoast_head":"<!-- This site is optimized with the Yoast SEO plugin v24.8.1 - https:\/\/yoast.com\/wordpress\/plugins\/seo\/ -->\n<title>Juan N\u00fa\u00f1ez afirma que Jos\u00e9 Ram\u00edrez est\u00e1 positivo y a bordo con RD para el Cl\u00e1sico Mundial - PotenciaRadiofonicaDominicana.com<\/title>\n<meta name=\"robots\" content=\"index, follow, max-snippet:-1, max-image-preview:large, max-video-preview:-1\" \/>\n<link rel=\"canonical\" href=\"https:\/\/potenciaradiofonicadominicana.com\/portal\/juan-nunez-afirma-que-jose-ramirez-esta-positivo-y-a-bordo-con-rd-para-el-clasico-mundial\/\" \/>\n<meta property=\"og:locale\" content=\"es_ES\" \/>\n<meta property=\"og:type\" content=\"article\" \/>\n<meta property=\"og:title\" content=\"Juan N\u00fa\u00f1ez afirma que Jos\u00e9 Ram\u00edrez est\u00e1 positivo y a bordo con RD para el Cl\u00e1sico Mundial - PotenciaRadiofonicaDominicana.com\" \/>\n<meta property=\"og:description\" content=\"El presidente de la Federaci\u00f3n Dominicana de B\u00e9isbol (Fedom),\u00a0Juan N\u00fa\u00f1ez, inform\u00f3 que el\u00a0tercera base\u00a0de los Guardianes de Cleveland,\u00a0Jos\u00e9 Ram\u00edrez, se ...\" \/>\n<meta property=\"og:url\" content=\"https:\/\/potenciaradiofonicadominicana.com\/portal\/juan-nunez-afirma-que-jose-ramirez-esta-positivo-y-a-bordo-con-rd-para-el-clasico-mundial\/\" \/>\n<meta property=\"og:site_name\" content=\"PotenciaRadiofonicaDominicana.com\" \/>\n<meta property=\"article:publisher\" content=\"https:\/\/web.facebook.com\/PotenciaRadiofonicaD\" \/>\n<meta property=\"article:published_time\" content=\"2026-01-27T03:29:22+00:00\" \/>\n<meta property=\"og:image\" content=\"https:\/\/potenciaradiofonicadominicana.com\/portal\/wp-content\/uploads\/2026\/01\/ap25147051536056-75846322-focus-0.11-0.58-896-504.jpg\" \/>\n\t<meta property=\"og:image:width\" content=\"896\" \/>\n\t<meta property=\"og:image:height\" content=\"504\" \/>\n\t<meta property=\"og:image:type\" content=\"image\/jpeg\" \/>\n<meta name=\"author\" content=\"Potencia Radiof\u00f3nica Dominicana\" \/>\n<meta name=\"twitter:card\" content=\"summary_large_image\" \/>\n<meta name=\"twitter:label1\" content=\"Escrito por\" \/>\n\t<meta name=\"twitter:data1\" content=\"Potencia Radiof\u00f3nica Dominicana\" \/>\n\t<meta name=\"twitter:label2\" content=\"Tiempo de lectura\" \/>\n\t<meta name=\"twitter:data2\" content=\"2 minutos\" \/>\n<script type=\"application\/ld+json\" class=\"yoast-schema-graph\">{\"@context\":\"https:\/\/schema.org\",\"@graph\":[{\"@type\":\"Article\",\"@id\":\"https:\/\/potenciaradiofonicadominicana.com\/portal\/juan-nunez-afirma-que-jose-ramirez-esta-positivo-y-a-bordo-con-rd-para-el-clasico-mundial\/#article\",\"isPartOf\":{\"@id\":\"https:\/\/potenciaradiofonicadominicana.com\/portal\/juan-nunez-afirma-que-jose-ramirez-esta-positivo-y-a-bordo-con-rd-para-el-clasico-mundial\/\"},\"author\":{\"name\":\"Potencia Radiof\u00f3nica Dominicana\",\"@id\":\"https:\/\/potenciaradiofonicadominicana.com\/portal\/#\/schema\/person\/a5cf1fea13877803ee0573ac18b03490\"},\"headline\":\"Juan N\u00fa\u00f1ez afirma que Jos\u00e9 Ram\u00edrez est\u00e1 positivo y a bordo con RD para el Cl\u00e1sico Mundial\",\"datePublished\":\"2026-01-27T03:29:22+00:00\",\"mainEntityOfPage\":{\"@id\":\"https:\/\/potenciaradiofonicadominicana.com\/portal\/juan-nunez-afirma-que-jose-ramirez-esta-positivo-y-a-bordo-con-rd-para-el-clasico-mundial\/\"},\"wordCount\":208,\"publisher\":{\"@id\":\"https:\/\/potenciaradiofonicadominicana.com\/portal\/#organization\"},\"image\":{\"@id\":\"https:\/\/potenciaradiofonicadominicana.com\/portal\/juan-nunez-afirma-que-jose-ramirez-esta-positivo-y-a-bordo-con-rd-para-el-clasico-mundial\/#primaryimage\"},\"thumbnailUrl\":\"https:\/\/potenciaradiofonicadominicana.com\/portal\/wp-content\/uploads\/2026\/01\/ap25147051536056-75846322-focus-0.11-0.58-896-504.jpg\",\"articleSection\":[\"Deportes\"],\"inLanguage\":\"es\"},{\"@type\":\"WebPage\",\"@id\":\"https:\/\/potenciaradiofonicadominicana.com\/portal\/juan-nunez-afirma-que-jose-ramirez-esta-positivo-y-a-bordo-con-rd-para-el-clasico-mundial\/\",\"url\":\"https:\/\/potenciaradiofonicadominicana.com\/portal\/juan-nunez-afirma-que-jose-ramirez-esta-positivo-y-a-bordo-con-rd-para-el-clasico-mundial\/\",\"name\":\"Juan N\u00fa\u00f1ez afirma que Jos\u00e9 Ram\u00edrez est\u00e1 positivo y a bordo con RD para el Cl\u00e1sico Mundial - PotenciaRadiofonicaDominicana.com\",\"isPartOf\":{\"@id\":\"https:\/\/potenciaradiofonicadominicana.com\/portal\/#website\"},\"primaryImageOfPage\":{\"@id\":\"https:\/\/potenciaradiofonicadominicana.com\/portal\/juan-nunez-afirma-que-jose-ramirez-esta-positivo-y-a-bordo-con-rd-para-el-clasico-mundial\/#primaryimage\"},\"image\":{\"@id\":\"https:\/\/potenciaradiofonicadominicana.com\/portal\/juan-nunez-afirma-que-jose-ramirez-esta-positivo-y-a-bordo-con-rd-para-el-clasico-mundial\/#primaryimage\"},\"thumbnailUrl\":\"https:\/\/potenciaradiofonicadominicana.com\/portal\/wp-content\/uploads\/2026\/01\/ap25147051536056-75846322-focus-0.11-0.58-896-504.jpg\",\"datePublished\":\"2026-01-27T03:29:22+00:00\",\"breadcrumb\":{\"@id\":\"https:\/\/potenciaradiofonicadominicana.com\/portal\/juan-nunez-afirma-que-jose-ramirez-esta-positivo-y-a-bordo-con-rd-para-el-clasico-mundial\/#breadcrumb\"},\"inLanguage\":\"es\",\"potentialAction\":[{\"@type\":\"ReadAction\",\"target\":[\"https:\/\/potenciaradiofonicadominicana.com\/portal\/juan-nunez-afirma-que-jose-ramirez-esta-positivo-y-a-bordo-con-rd-para-el-clasico-mundial\/\"]}]},{\"@type\":\"ImageObject\",\"inLanguage\":\"es\",\"@id\":\"https:\/\/potenciaradiofonicadominicana.com\/portal\/juan-nunez-afirma-que-jose-ramirez-esta-positivo-y-a-bordo-con-rd-para-el-clasico-mundial\/#primaryimage\",\"url\":\"https:\/\/potenciaradiofonicadominicana.com\/portal\/wp-content\/uploads\/2026\/01\/ap25147051536056-75846322-focus-0.11-0.58-896-504.jpg\",\"contentUrl\":\"https:\/\/potenciaradiofonicadominicana.com\/portal\/wp-content\/uploads\/2026\/01\/ap25147051536056-75846322-focus-0.11-0.58-896-504.jpg\",\"width\":896,\"height\":504},{\"@type\":\"BreadcrumbList\",\"@id\":\"https:\/\/potenciaradiofonicadominicana.com\/portal\/juan-nunez-afirma-que-jose-ramirez-esta-positivo-y-a-bordo-con-rd-para-el-clasico-mundial\/#breadcrumb\",\"itemListElement\":[{\"@type\":\"ListItem\",\"position\":1,\"name\":\"Portada\",\"item\":\"https:\/\/potenciaradiofonicadominicana.com\/portal\/\"},{\"@type\":\"ListItem\",\"position\":2,\"name\":\"Juan N\u00fa\u00f1ez afirma que Jos\u00e9 Ram\u00edrez est\u00e1 positivo y a bordo con RD para el Cl\u00e1sico Mundial\"}]},{\"@type\":\"WebSite\",\"@id\":\"https:\/\/potenciaradiofonicadominicana.com\/portal\/#website\",\"url\":\"https:\/\/potenciaradiofonicadominicana.com\/portal\/\",\"name\":\"PotenciaRadiofonicaDominicana.com\",\"description\":\"Peri\u00f3dico Digital\",\"publisher\":{\"@id\":\"https:\/\/potenciaradiofonicadominicana.com\/portal\/#organization\"},\"potentialAction\":[{\"@type\":\"SearchAction\",\"target\":{\"@type\":\"EntryPoint\",\"urlTemplate\":\"https:\/\/potenciaradiofonicadominicana.com\/portal\/?s={search_term_string}\"},\"query-input\":{\"@type\":\"PropertyValueSpecification\",\"valueRequired\":true,\"valueName\":\"search_term_string\"}}],\"inLanguage\":\"es\"},{\"@type\":\"Organization\",\"@id\":\"https:\/\/potenciaradiofonicadominicana.com\/portal\/#organization\",\"name\":\"PotenciaRadiofonicaDominicana.com\",\"url\":\"https:\/\/potenciaradiofonicadominicana.com\/portal\/\",\"logo\":{\"@type\":\"ImageObject\",\"inLanguage\":\"es\",\"@id\":\"https:\/\/potenciaradiofonicadominicana.com\/portal\/#\/schema\/logo\/image\/\",\"url\":\"https:\/\/potenciaradiofonicadominicana.com\/portal\/wp-content\/uploads\/2022\/01\/descarga.png\",\"contentUrl\":\"https:\/\/potenciaradiofonicadominicana.com\/portal\/wp-content\/uploads\/2022\/01\/descarga.png\",\"width\":300,\"height\":100,\"caption\":\"PotenciaRadiofonicaDominicana.com\"},\"image\":{\"@id\":\"https:\/\/potenciaradiofonicadominicana.com\/portal\/#\/schema\/logo\/image\/\"},\"sameAs\":[\"https:\/\/web.facebook.com\/PotenciaRadiofonicaD\"]},{\"@type\":\"Person\",\"@id\":\"https:\/\/potenciaradiofonicadominicana.com\/portal\/#\/schema\/person\/a5cf1fea13877803ee0573ac18b03490\",\"name\":\"Potencia Radiof\u00f3nica Dominicana\",\"image\":{\"@type\":\"ImageObject\",\"inLanguage\":\"es\",\"@id\":\"https:\/\/potenciaradiofonicadominicana.com\/portal\/#\/schema\/person\/image\/\",\"url\":\"https:\/\/secure.gravatar.com\/avatar\/42a55ab9e8ccc656ba34cd791990602a?s=96&d=mm&r=g\",\"contentUrl\":\"https:\/\/secure.gravatar.com\/avatar\/42a55ab9e8ccc656ba34cd791990602a?s=96&d=mm&r=g\",\"caption\":\"Potencia Radiof\u00f3nica Dominicana\"},\"url\":\"https:\/\/potenciaradiofonicadominicana.com\/portal\/author\/johannyalmanzar\/\"}]}<\/script>\n<!-- \/ Yoast SEO plugin. -->","yoast_head_json":{"title":"Juan N\u00fa\u00f1ez afirma que Jos\u00e9 Ram\u00edrez est\u00e1 positivo y a bordo con RD para el Cl\u00e1sico Mundial - PotenciaRadiofonicaDominicana.com","robots":{"index":"index","follow":"follow","max-snippet":"max-snippet:-1","max-image-preview":"max-image-preview:large","max-video-preview":"max-video-preview:-1"},"canonical":"https:\/\/potenciaradiofonicadominicana.com\/portal\/juan-nunez-afirma-que-jose-ramirez-esta-positivo-y-a-bordo-con-rd-para-el-clasico-mundial\/","og_locale":"es_ES","og_type":"article","og_title":"Juan N\u00fa\u00f1ez afirma que Jos\u00e9 Ram\u00edrez est\u00e1 positivo y a bordo con RD para el Cl\u00e1sico Mundial - PotenciaRadiofonicaDominicana.com","og_description":"El presidente de la Federaci\u00f3n Dominicana de B\u00e9isbol (Fedom),\u00a0Juan N\u00fa\u00f1ez, inform\u00f3 que el\u00a0tercera base\u00a0de los Guardianes de Cleveland,\u00a0Jos\u00e9 Ram\u00edrez, se ...","og_url":"https:\/\/potenciaradiofonicadominicana.com\/portal\/juan-nunez-afirma-que-jose-ramirez-esta-positivo-y-a-bordo-con-rd-para-el-clasico-mundial\/","og_site_name":"PotenciaRadiofonicaDominicana.com","article_publisher":"https:\/\/web.facebook.com\/PotenciaRadiofonicaD","article_published_time":"2026-01-27T03:29:22+00:00","og_image":[{"width":896,"height":504,"url":"https:\/\/potenciaradiofonicadominicana.com\/portal\/wp-content\/uploads\/2026\/01\/ap25147051536056-75846322-focus-0.11-0.58-896-504.jpg","type":"image\/jpeg"}],"author":"Potencia Radiof\u00f3nica Dominicana","twitter_card":"summary_large_image","twitter_misc":{"Escrito por":"Potencia Radiof\u00f3nica Dominicana","Tiempo de lectura":"2 minutos"},"schema":{"@context":"https:\/\/schema.org","@graph":[{"@type":"Article","@id":"https:\/\/potenciaradiofonicadominicana.com\/portal\/juan-nunez-afirma-que-jose-ramirez-esta-positivo-y-a-bordo-con-rd-para-el-clasico-mundial\/#article","isPartOf":{"@id":"https:\/\/potenciaradiofonicadominicana.com\/portal\/juan-nunez-afirma-que-jose-ramirez-esta-positivo-y-a-bordo-con-rd-para-el-clasico-mundial\/"},"author":{"name":"Potencia Radiof\u00f3nica Dominicana","@id":"https:\/\/potenciaradiofonicadominicana.com\/portal\/#\/schema\/person\/a5cf1fea13877803ee0573ac18b03490"},"headline":"Juan N\u00fa\u00f1ez afirma que Jos\u00e9 Ram\u00edrez est\u00e1 positivo y a bordo con RD para el Cl\u00e1sico Mundial","datePublished":"2026-01-27T03:29:22+00:00","mainEntityOfPage":{"@id":"https:\/\/potenciaradiofonicadominicana.com\/portal\/juan-nunez-afirma-que-jose-ramirez-esta-positivo-y-a-bordo-con-rd-para-el-clasico-mundial\/"},"wordCount":208,"publisher":{"@id":"https:\/\/potenciaradiofonicadominicana.com\/portal\/#organization"},"image":{"@id":"https:\/\/potenciaradiofonicadominicana.com\/portal\/juan-nunez-afirma-que-jose-ramirez-esta-positivo-y-a-bordo-con-rd-para-el-clasico-mundial\/#primaryimage"},"thumbnailUrl":"https:\/\/potenciaradiofonicadominicana.com\/portal\/wp-content\/uploads\/2026\/01\/ap25147051536056-75846322-focus-0.11-0.58-896-504.jpg","articleSection":["Deportes"],"inLanguage":"es"},{"@type":"WebPage","@id":"https:\/\/potenciaradiofonicadominicana.com\/portal\/juan-nunez-afirma-que-jose-ramirez-esta-positivo-y-a-bordo-con-rd-para-el-clasico-mundial\/","url":"https:\/\/potenciaradiofonicadominicana.com\/portal\/juan-nunez-afirma-que-jose-ramirez-esta-positivo-y-a-bordo-con-rd-para-el-clasico-mundial\/","name":"Juan N\u00fa\u00f1ez afirma que Jos\u00e9 Ram\u00edrez est\u00e1 positivo y a bordo con RD para el Cl\u00e1sico Mundial - PotenciaRadiofonicaDominicana.com","isPartOf":{"@id":"https:\/\/potenciaradiofonicadominicana.com\/portal\/#website"},"primaryImageOfPage":{"@id":"https:\/\/potenciaradiofonicadominicana.com\/portal\/juan-nunez-afirma-que-jose-ramirez-esta-positivo-y-a-bordo-con-rd-para-el-clasico-mundial\/#primaryimage"},"image":{"@id":"https:\/\/potenciaradiofonicadominicana.com\/portal\/juan-nunez-afirma-que-jose-ramirez-esta-positivo-y-a-bordo-con-rd-para-el-clasico-mundial\/#primaryimage"},"thumbnailUrl":"https:\/\/potenciaradiofonicadominicana.com\/portal\/wp-content\/uploads\/2026\/01\/ap25147051536056-75846322-focus-0.11-0.58-896-504.jpg","datePublished":"2026-01-27T03:29:22+00:00","breadcrumb":{"@id":"https:\/\/potenciaradiofonicadominicana.com\/portal\/juan-nunez-afirma-que-jose-ramirez-esta-positivo-y-a-bordo-con-rd-para-el-clasico-mundial\/#breadcrumb"},"inLanguage":"es","potentialAction":[{"@type":"ReadAction","target":["https:\/\/potenciaradiofonicadominicana.com\/portal\/juan-nunez-afirma-que-jose-ramirez-esta-positivo-y-a-bordo-con-rd-para-el-clasico-mundial\/"]}]},{"@type":"ImageObject","inLanguage":"es","@id":"https:\/\/potenciaradiofonicadominicana.com\/portal\/juan-nunez-afirma-que-jose-ramirez-esta-positivo-y-a-bordo-con-rd-para-el-clasico-mundial\/#primaryimage","url":"https:\/\/potenciaradiofonicadominicana.com\/portal\/wp-content\/uploads\/2026\/01\/ap25147051536056-75846322-focus-0.11-0.58-896-504.jpg","contentUrl":"https:\/\/potenciaradiofonicadominicana.com\/portal\/wp-content\/uploads\/2026\/01\/ap25147051536056-75846322-focus-0.11-0.58-896-504.jpg","width":896,"height":504},{"@type":"BreadcrumbList","@id":"https:\/\/potenciaradiofonicadominicana.com\/portal\/juan-nunez-afirma-que-jose-ramirez-esta-positivo-y-a-bordo-con-rd-para-el-clasico-mundial\/#breadcrumb","itemListElement":[{"@type":"ListItem","position":1,"name":"Portada","item":"https:\/\/potenciaradiofonicadominicana.com\/portal\/"},{"@type":"ListItem","position":2,"name":"Juan N\u00fa\u00f1ez afirma que Jos\u00e9 Ram\u00edrez est\u00e1 positivo y a bordo con RD para el Cl\u00e1sico Mundial"}]},{"@type":"WebSite","@id":"https:\/\/potenciaradiofonicadominicana.com\/portal\/#website","url":"https:\/\/potenciaradiofonicadominicana.com\/portal\/","name":"PotenciaRadiofonicaDominicana.com","description":"Peri\u00f3dico Digital","publisher":{"@id":"https:\/\/potenciaradiofonicadominicana.com\/portal\/#organization"},"potentialAction":[{"@type":"SearchAction","target":{"@type":"EntryPoint","urlTemplate":"https:\/\/potenciaradiofonicadominicana.com\/portal\/?s={search_term_string}"},"query-input":{"@type":"PropertyValueSpecification","valueRequired":true,"valueName":"search_term_string"}}],"inLanguage":"es"},{"@type":"Organization","@id":"https:\/\/potenciaradiofonicadominicana.com\/portal\/#organization","name":"PotenciaRadiofonicaDominicana.com","url":"https:\/\/potenciaradiofonicadominicana.com\/portal\/","logo":{"@type":"ImageObject","inLanguage":"es","@id":"https:\/\/potenciaradiofonicadominicana.com\/portal\/#\/schema\/logo\/image\/","url":"https:\/\/potenciaradiofonicadominicana.com\/portal\/wp-content\/uploads\/2022\/01\/descarga.png","contentUrl":"https:\/\/potenciaradiofonicadominicana.com\/portal\/wp-content\/uploads\/2022\/01\/descarga.png","width":300,"height":100,"caption":"PotenciaRadiofonicaDominicana.com"},"image":{"@id":"https:\/\/potenciaradiofonicadominicana.com\/portal\/#\/schema\/logo\/image\/"},"sameAs":["https:\/\/web.facebook.com\/PotenciaRadiofonicaD"]},{"@type":"Person","@id":"https:\/\/potenciaradiofonicadominicana.com\/portal\/#\/schema\/person\/a5cf1fea13877803ee0573ac18b03490","name":"Potencia Radiof\u00f3nica Dominicana","image":{"@type":"ImageObject","inLanguage":"es","@id":"https:\/\/potenciaradiofonicadominicana.com\/portal\/#\/schema\/person\/image\/","url":"https:\/\/secure.gravatar.com\/avatar\/42a55ab9e8ccc656ba34cd791990602a?s=96&d=mm&r=g","contentUrl":"https:\/\/secure.gravatar.com\/avatar\/42a55ab9e8ccc656ba34cd791990602a?s=96&d=mm&r=g","caption":"Potencia Radiof\u00f3nica Dominicana"},"url":"https:\/\/potenciaradiofonicadominicana.com\/portal\/author\/johannyalmanzar\/"}]}},"_links":{"self":[{"href":"https:\/\/potenciaradiofonicadominicana.com\/portal\/wp-json\/wp\/v2\/posts\/210408","targetHints":{"allow":["GET"]}}],"collection":[{"href":"https:\/\/potenciaradiofonicadominicana.com\/portal\/wp-json\/wp\/v2\/posts"}],"about":[{"href":"https:\/\/potenciaradiofonicadominicana.com\/portal\/wp-json\/wp\/v2\/types\/post"}],"author":[{"embeddable":true,"href":"https:\/\/potenciaradiofonicadominicana.com\/portal\/wp-json\/wp\/v2\/users\/2"}],"replies":[{"embeddable":true,"href":"https:\/\/potenciaradiofonicadominicana.com\/portal\/wp-json\/wp\/v2\/comments?post=210408"}],"version-history":[{"count":1,"href":"https:\/\/potenciaradiofonicadominicana.com\/portal\/wp-json\/wp\/v2\/posts\/210408\/revisions"}],"predecessor-version":[{"id":210412,"href":"https:\/\/potenciaradiofonicadominicana.com\/portal\/wp-json\/wp\/v2\/posts\/210408\/revisions\/210412"}],"wp:featuredmedia":[{"embeddable":true,"href":"https:\/\/potenciaradiofonicadominicana.com\/portal\/wp-json\/wp\/v2\/media\/210410"}],"wp:attachment":[{"href":"https:\/\/potenciaradiofonicadominicana.com\/portal\/wp-json\/wp\/v2\/media?parent=210408"}],"wp:term":[{"taxonomy":"category","embeddable":true,"href":"https:\/\/potenciaradiofonicadominicana.com\/portal\/wp-json\/wp\/v2\/categories?post=210408"},{"taxonomy":"post_tag","embeddable":true,"href":"https:\/\/potenciaradiofonicadominicana.com\/portal\/wp-json\/wp\/v2\/tags?post=210408"}],"curies":[{"name":"wp","href":"https:\/\/api.w.org\/{rel}","templated":true}]}}