{"id":210244,"date":"2026-01-21T19:10:33","date_gmt":"2026-01-21T23:10:33","guid":{"rendered":"https:\/\/potenciaradiofonicadominicana.com\/portal\/?p=210244"},"modified":"2026-01-21T19:10:33","modified_gmt":"2026-01-21T23:10:33","slug":"bellinger-se-queda-con-los-yankees-por-cinco-anos-y-162-5-millones","status":"publish","type":"post","link":"https:\/\/potenciaradiofonicadominicana.com\/portal\/bellinger-se-queda-con-los-yankees-por-cinco-anos-y-162-5-millones\/","title":{"rendered":"Bellinger se queda con los Yankees por cinco a\u00f1os y 162.5 millones"},"content":{"rendered":"<p><a href=\"https:\/\/potenciaradiofonicadominicana.com\/portal\/wp-content\/uploads\/2026\/01\/kbnk7xqdyeyuummnyvwo.jpg\"><img loading=\"lazy\" decoding=\"async\" class=\"alignnone size-full wp-image-210245\" src=\"https:\/\/potenciaradiofonicadominicana.com\/portal\/wp-content\/uploads\/2026\/01\/kbnk7xqdyeyuummnyvwo.jpg\" alt=\"\" width=\"1024\" height=\"576\" srcset=\"https:\/\/potenciaradiofonicadominicana.com\/portal\/wp-content\/uploads\/2026\/01\/kbnk7xqdyeyuummnyvwo.jpg 1024w, https:\/\/potenciaradiofonicadominicana.com\/portal\/wp-content\/uploads\/2026\/01\/kbnk7xqdyeyuummnyvwo-300x169.jpg 300w, https:\/\/potenciaradiofonicadominicana.com\/portal\/wp-content\/uploads\/2026\/01\/kbnk7xqdyeyuummnyvwo-768x432.jpg 768w\" sizes=\"auto, (max-width: 1024px) 100vw, 1024px\" \/><\/a><\/p>\n<p id=\"m44-43-45\">Cody Bellinger se convirti\u00f3 en el \u00faltimo de los principales bateadores agentes libres en llegar a un acuerdo, al aceptar el mi\u00e9rcoles quedarse con los Yankees de Nueva York por un contrato de cinco a\u00f1os y 162,5 millones de d\u00f3lares, seg\u00fan inform\u00f3 a The Associated Press una persona familiarizada con las negociaciones.<\/p>\n<p id=\"m49-48-50\">La persona habl\u00f3 bajo condici\u00f3n de anonimato porque el acuerdo estaba sujeto a que Bellinger complete un reconocimiento f\u00edsico.<\/p>\n<p id=\"m54-53-55\">Bellinger recibir\u00e1 un bono por firmar de 20 millones y un veto completo a canjes. Tiene el derecho de optar por salir del contrato despu\u00e9s de las temporadas de 2027 o 2028 para convertirse nuevamente en agente libre, pero si hay una interrupci\u00f3n laboral que lleva a que no se jueguen partidos en 2027, el acuerdo especifica que las opciones de salida se trasladar\u00e1n a despu\u00e9s de las temporadas de 2027 y 2028.<\/p>\n<p id=\"m59-58-60\">Dos veces All-Star, adquirido por los Yankees de los Cachorros de Chicago en diciembre de 2024, Bellinger bate\u00f3 para .272 con 29 jonrones y 98 carreras impulsadas el a\u00f1o pasado, incluyendo .302 con 18 jonrones y 55 carreras impulsadas en el Yankee Stadium. Bateador zurdo, jug\u00f3 en 149 partidos en el jardines y siete en primera base en su primera temporada desde 2022 sin una estancia en la lista de lesionados.<\/p>\n<p id=\"m64-63-65\">Es el hijo del ex Yankee Clay Bellinger.<\/p>\n<p id=\"m69-68-70\">Elegido Novato del A\u00f1o de la Liga Nacional en 2017 y MVP de ese circuito en 2019, Bellinger tiene un promedio de .261 con 225 jonrones y 695 carreras impulsadas en ocho temporadas con los Dodgers de Los \u00c1ngeles (2018-22), los Cachorros (2023-24) y los Yankees.<\/p>\n<p id=\"m74-73-75\">Devengo 57,5 millones del contrato de tres a\u00f1os y 80 millones que pact\u00f3 con los Cachorros antes de la temporada de 2024. Bellinger rechaz\u00f3 una opci\u00f3n de 25 millones para 2026 a favor de una rescisi\u00f3n de 5 millones.<\/p>\n","protected":false},"excerpt":{"rendered":"<p>Cody Bellinger se convirti\u00f3 en el \u00faltimo de los principales bateadores agentes libres en llegar a un acuerdo, al aceptar &#8230;<\/p>\n","protected":false},"author":2,"featured_media":210245,"comment_status":"closed","ping_status":"closed","sticky":false,"template":"","format":"standard","meta":{"footnotes":""},"categories":[28],"tags":[],"class_list":["post-210244","post","type-post","status-publish","format-standard","has-post-thumbnail","hentry","category-deportes"],"yoast_head":"<!-- This site is optimized with the Yoast SEO plugin v24.8.1 - https:\/\/yoast.com\/wordpress\/plugins\/seo\/ -->\n<title>Bellinger se queda con los Yankees por cinco a\u00f1os y 162.5 millones - PotenciaRadiofonicaDominicana.com<\/title>\n<meta name=\"robots\" content=\"index, follow, max-snippet:-1, max-image-preview:large, max-video-preview:-1\" \/>\n<link rel=\"canonical\" href=\"https:\/\/potenciaradiofonicadominicana.com\/portal\/bellinger-se-queda-con-los-yankees-por-cinco-anos-y-162-5-millones\/\" \/>\n<meta property=\"og:locale\" content=\"es_ES\" \/>\n<meta property=\"og:type\" content=\"article\" \/>\n<meta property=\"og:title\" content=\"Bellinger se queda con los Yankees por cinco a\u00f1os y 162.5 millones - PotenciaRadiofonicaDominicana.com\" \/>\n<meta property=\"og:description\" content=\"Cody Bellinger se convirti\u00f3 en el \u00faltimo de los principales bateadores agentes libres en llegar a un acuerdo, al aceptar ...\" \/>\n<meta property=\"og:url\" content=\"https:\/\/potenciaradiofonicadominicana.com\/portal\/bellinger-se-queda-con-los-yankees-por-cinco-anos-y-162-5-millones\/\" \/>\n<meta property=\"og:site_name\" content=\"PotenciaRadiofonicaDominicana.com\" \/>\n<meta property=\"article:publisher\" content=\"https:\/\/web.facebook.com\/PotenciaRadiofonicaD\" \/>\n<meta property=\"article:published_time\" content=\"2026-01-21T23:10:33+00:00\" \/>\n<meta property=\"og:image\" content=\"https:\/\/potenciaradiofonicadominicana.com\/portal\/wp-content\/uploads\/2026\/01\/kbnk7xqdyeyuummnyvwo.jpg\" \/>\n\t<meta property=\"og:image:width\" content=\"1024\" \/>\n\t<meta property=\"og:image:height\" content=\"576\" \/>\n\t<meta property=\"og:image:type\" content=\"image\/jpeg\" \/>\n<meta name=\"author\" content=\"Potencia Radiof\u00f3nica Dominicana\" \/>\n<meta name=\"twitter:card\" content=\"summary_large_image\" \/>\n<meta name=\"twitter:label1\" content=\"Escrito por\" \/>\n\t<meta name=\"twitter:data1\" content=\"Potencia Radiof\u00f3nica Dominicana\" \/>\n\t<meta name=\"twitter:label2\" content=\"Tiempo de lectura\" \/>\n\t<meta name=\"twitter:data2\" content=\"2 minutos\" \/>\n<script type=\"application\/ld+json\" class=\"yoast-schema-graph\">{\"@context\":\"https:\/\/schema.org\",\"@graph\":[{\"@type\":\"Article\",\"@id\":\"https:\/\/potenciaradiofonicadominicana.com\/portal\/bellinger-se-queda-con-los-yankees-por-cinco-anos-y-162-5-millones\/#article\",\"isPartOf\":{\"@id\":\"https:\/\/potenciaradiofonicadominicana.com\/portal\/bellinger-se-queda-con-los-yankees-por-cinco-anos-y-162-5-millones\/\"},\"author\":{\"name\":\"Potencia Radiof\u00f3nica Dominicana\",\"@id\":\"https:\/\/potenciaradiofonicadominicana.com\/portal\/#\/schema\/person\/a5cf1fea13877803ee0573ac18b03490\"},\"headline\":\"Bellinger se queda con los Yankees por cinco a\u00f1os y 162.5 millones\",\"datePublished\":\"2026-01-21T23:10:33+00:00\",\"mainEntityOfPage\":{\"@id\":\"https:\/\/potenciaradiofonicadominicana.com\/portal\/bellinger-se-queda-con-los-yankees-por-cinco-anos-y-162-5-millones\/\"},\"wordCount\":308,\"publisher\":{\"@id\":\"https:\/\/potenciaradiofonicadominicana.com\/portal\/#organization\"},\"image\":{\"@id\":\"https:\/\/potenciaradiofonicadominicana.com\/portal\/bellinger-se-queda-con-los-yankees-por-cinco-anos-y-162-5-millones\/#primaryimage\"},\"thumbnailUrl\":\"https:\/\/potenciaradiofonicadominicana.com\/portal\/wp-content\/uploads\/2026\/01\/kbnk7xqdyeyuummnyvwo.jpg\",\"articleSection\":[\"Deportes\"],\"inLanguage\":\"es\"},{\"@type\":\"WebPage\",\"@id\":\"https:\/\/potenciaradiofonicadominicana.com\/portal\/bellinger-se-queda-con-los-yankees-por-cinco-anos-y-162-5-millones\/\",\"url\":\"https:\/\/potenciaradiofonicadominicana.com\/portal\/bellinger-se-queda-con-los-yankees-por-cinco-anos-y-162-5-millones\/\",\"name\":\"Bellinger se queda con los Yankees por cinco a\u00f1os y 162.5 millones - PotenciaRadiofonicaDominicana.com\",\"isPartOf\":{\"@id\":\"https:\/\/potenciaradiofonicadominicana.com\/portal\/#website\"},\"primaryImageOfPage\":{\"@id\":\"https:\/\/potenciaradiofonicadominicana.com\/portal\/bellinger-se-queda-con-los-yankees-por-cinco-anos-y-162-5-millones\/#primaryimage\"},\"image\":{\"@id\":\"https:\/\/potenciaradiofonicadominicana.com\/portal\/bellinger-se-queda-con-los-yankees-por-cinco-anos-y-162-5-millones\/#primaryimage\"},\"thumbnailUrl\":\"https:\/\/potenciaradiofonicadominicana.com\/portal\/wp-content\/uploads\/2026\/01\/kbnk7xqdyeyuummnyvwo.jpg\",\"datePublished\":\"2026-01-21T23:10:33+00:00\",\"breadcrumb\":{\"@id\":\"https:\/\/potenciaradiofonicadominicana.com\/portal\/bellinger-se-queda-con-los-yankees-por-cinco-anos-y-162-5-millones\/#breadcrumb\"},\"inLanguage\":\"es\",\"potentialAction\":[{\"@type\":\"ReadAction\",\"target\":[\"https:\/\/potenciaradiofonicadominicana.com\/portal\/bellinger-se-queda-con-los-yankees-por-cinco-anos-y-162-5-millones\/\"]}]},{\"@type\":\"ImageObject\",\"inLanguage\":\"es\",\"@id\":\"https:\/\/potenciaradiofonicadominicana.com\/portal\/bellinger-se-queda-con-los-yankees-por-cinco-anos-y-162-5-millones\/#primaryimage\",\"url\":\"https:\/\/potenciaradiofonicadominicana.com\/portal\/wp-content\/uploads\/2026\/01\/kbnk7xqdyeyuummnyvwo.jpg\",\"contentUrl\":\"https:\/\/potenciaradiofonicadominicana.com\/portal\/wp-content\/uploads\/2026\/01\/kbnk7xqdyeyuummnyvwo.jpg\",\"width\":1024,\"height\":576},{\"@type\":\"BreadcrumbList\",\"@id\":\"https:\/\/potenciaradiofonicadominicana.com\/portal\/bellinger-se-queda-con-los-yankees-por-cinco-anos-y-162-5-millones\/#breadcrumb\",\"itemListElement\":[{\"@type\":\"ListItem\",\"position\":1,\"name\":\"Portada\",\"item\":\"https:\/\/potenciaradiofonicadominicana.com\/portal\/\"},{\"@type\":\"ListItem\",\"position\":2,\"name\":\"Bellinger se queda con los Yankees por cinco a\u00f1os y 162.5 millones\"}]},{\"@type\":\"WebSite\",\"@id\":\"https:\/\/potenciaradiofonicadominicana.com\/portal\/#website\",\"url\":\"https:\/\/potenciaradiofonicadominicana.com\/portal\/\",\"name\":\"PotenciaRadiofonicaDominicana.com\",\"description\":\"Peri\u00f3dico Digital\",\"publisher\":{\"@id\":\"https:\/\/potenciaradiofonicadominicana.com\/portal\/#organization\"},\"potentialAction\":[{\"@type\":\"SearchAction\",\"target\":{\"@type\":\"EntryPoint\",\"urlTemplate\":\"https:\/\/potenciaradiofonicadominicana.com\/portal\/?s={search_term_string}\"},\"query-input\":{\"@type\":\"PropertyValueSpecification\",\"valueRequired\":true,\"valueName\":\"search_term_string\"}}],\"inLanguage\":\"es\"},{\"@type\":\"Organization\",\"@id\":\"https:\/\/potenciaradiofonicadominicana.com\/portal\/#organization\",\"name\":\"PotenciaRadiofonicaDominicana.com\",\"url\":\"https:\/\/potenciaradiofonicadominicana.com\/portal\/\",\"logo\":{\"@type\":\"ImageObject\",\"inLanguage\":\"es\",\"@id\":\"https:\/\/potenciaradiofonicadominicana.com\/portal\/#\/schema\/logo\/image\/\",\"url\":\"https:\/\/potenciaradiofonicadominicana.com\/portal\/wp-content\/uploads\/2022\/01\/descarga.png\",\"contentUrl\":\"https:\/\/potenciaradiofonicadominicana.com\/portal\/wp-content\/uploads\/2022\/01\/descarga.png\",\"width\":300,\"height\":100,\"caption\":\"PotenciaRadiofonicaDominicana.com\"},\"image\":{\"@id\":\"https:\/\/potenciaradiofonicadominicana.com\/portal\/#\/schema\/logo\/image\/\"},\"sameAs\":[\"https:\/\/web.facebook.com\/PotenciaRadiofonicaD\"]},{\"@type\":\"Person\",\"@id\":\"https:\/\/potenciaradiofonicadominicana.com\/portal\/#\/schema\/person\/a5cf1fea13877803ee0573ac18b03490\",\"name\":\"Potencia Radiof\u00f3nica Dominicana\",\"image\":{\"@type\":\"ImageObject\",\"inLanguage\":\"es\",\"@id\":\"https:\/\/potenciaradiofonicadominicana.com\/portal\/#\/schema\/person\/image\/\",\"url\":\"https:\/\/secure.gravatar.com\/avatar\/42a55ab9e8ccc656ba34cd791990602a?s=96&d=mm&r=g\",\"contentUrl\":\"https:\/\/secure.gravatar.com\/avatar\/42a55ab9e8ccc656ba34cd791990602a?s=96&d=mm&r=g\",\"caption\":\"Potencia Radiof\u00f3nica Dominicana\"},\"url\":\"https:\/\/potenciaradiofonicadominicana.com\/portal\/author\/johannyalmanzar\/\"}]}<\/script>\n<!-- \/ Yoast SEO plugin. -->","yoast_head_json":{"title":"Bellinger se queda con los Yankees por cinco a\u00f1os y 162.5 millones - PotenciaRadiofonicaDominicana.com","robots":{"index":"index","follow":"follow","max-snippet":"max-snippet:-1","max-image-preview":"max-image-preview:large","max-video-preview":"max-video-preview:-1"},"canonical":"https:\/\/potenciaradiofonicadominicana.com\/portal\/bellinger-se-queda-con-los-yankees-por-cinco-anos-y-162-5-millones\/","og_locale":"es_ES","og_type":"article","og_title":"Bellinger se queda con los Yankees por cinco a\u00f1os y 162.5 millones - PotenciaRadiofonicaDominicana.com","og_description":"Cody Bellinger se convirti\u00f3 en el \u00faltimo de los principales bateadores agentes libres en llegar a un acuerdo, al aceptar ...","og_url":"https:\/\/potenciaradiofonicadominicana.com\/portal\/bellinger-se-queda-con-los-yankees-por-cinco-anos-y-162-5-millones\/","og_site_name":"PotenciaRadiofonicaDominicana.com","article_publisher":"https:\/\/web.facebook.com\/PotenciaRadiofonicaD","article_published_time":"2026-01-21T23:10:33+00:00","og_image":[{"width":1024,"height":576,"url":"https:\/\/potenciaradiofonicadominicana.com\/portal\/wp-content\/uploads\/2026\/01\/kbnk7xqdyeyuummnyvwo.jpg","type":"image\/jpeg"}],"author":"Potencia Radiof\u00f3nica Dominicana","twitter_card":"summary_large_image","twitter_misc":{"Escrito por":"Potencia Radiof\u00f3nica Dominicana","Tiempo de lectura":"2 minutos"},"schema":{"@context":"https:\/\/schema.org","@graph":[{"@type":"Article","@id":"https:\/\/potenciaradiofonicadominicana.com\/portal\/bellinger-se-queda-con-los-yankees-por-cinco-anos-y-162-5-millones\/#article","isPartOf":{"@id":"https:\/\/potenciaradiofonicadominicana.com\/portal\/bellinger-se-queda-con-los-yankees-por-cinco-anos-y-162-5-millones\/"},"author":{"name":"Potencia Radiof\u00f3nica Dominicana","@id":"https:\/\/potenciaradiofonicadominicana.com\/portal\/#\/schema\/person\/a5cf1fea13877803ee0573ac18b03490"},"headline":"Bellinger se queda con los Yankees por cinco a\u00f1os y 162.5 millones","datePublished":"2026-01-21T23:10:33+00:00","mainEntityOfPage":{"@id":"https:\/\/potenciaradiofonicadominicana.com\/portal\/bellinger-se-queda-con-los-yankees-por-cinco-anos-y-162-5-millones\/"},"wordCount":308,"publisher":{"@id":"https:\/\/potenciaradiofonicadominicana.com\/portal\/#organization"},"image":{"@id":"https:\/\/potenciaradiofonicadominicana.com\/portal\/bellinger-se-queda-con-los-yankees-por-cinco-anos-y-162-5-millones\/#primaryimage"},"thumbnailUrl":"https:\/\/potenciaradiofonicadominicana.com\/portal\/wp-content\/uploads\/2026\/01\/kbnk7xqdyeyuummnyvwo.jpg","articleSection":["Deportes"],"inLanguage":"es"},{"@type":"WebPage","@id":"https:\/\/potenciaradiofonicadominicana.com\/portal\/bellinger-se-queda-con-los-yankees-por-cinco-anos-y-162-5-millones\/","url":"https:\/\/potenciaradiofonicadominicana.com\/portal\/bellinger-se-queda-con-los-yankees-por-cinco-anos-y-162-5-millones\/","name":"Bellinger se queda con los Yankees por cinco a\u00f1os y 162.5 millones - PotenciaRadiofonicaDominicana.com","isPartOf":{"@id":"https:\/\/potenciaradiofonicadominicana.com\/portal\/#website"},"primaryImageOfPage":{"@id":"https:\/\/potenciaradiofonicadominicana.com\/portal\/bellinger-se-queda-con-los-yankees-por-cinco-anos-y-162-5-millones\/#primaryimage"},"image":{"@id":"https:\/\/potenciaradiofonicadominicana.com\/portal\/bellinger-se-queda-con-los-yankees-por-cinco-anos-y-162-5-millones\/#primaryimage"},"thumbnailUrl":"https:\/\/potenciaradiofonicadominicana.com\/portal\/wp-content\/uploads\/2026\/01\/kbnk7xqdyeyuummnyvwo.jpg","datePublished":"2026-01-21T23:10:33+00:00","breadcrumb":{"@id":"https:\/\/potenciaradiofonicadominicana.com\/portal\/bellinger-se-queda-con-los-yankees-por-cinco-anos-y-162-5-millones\/#breadcrumb"},"inLanguage":"es","potentialAction":[{"@type":"ReadAction","target":["https:\/\/potenciaradiofonicadominicana.com\/portal\/bellinger-se-queda-con-los-yankees-por-cinco-anos-y-162-5-millones\/"]}]},{"@type":"ImageObject","inLanguage":"es","@id":"https:\/\/potenciaradiofonicadominicana.com\/portal\/bellinger-se-queda-con-los-yankees-por-cinco-anos-y-162-5-millones\/#primaryimage","url":"https:\/\/potenciaradiofonicadominicana.com\/portal\/wp-content\/uploads\/2026\/01\/kbnk7xqdyeyuummnyvwo.jpg","contentUrl":"https:\/\/potenciaradiofonicadominicana.com\/portal\/wp-content\/uploads\/2026\/01\/kbnk7xqdyeyuummnyvwo.jpg","width":1024,"height":576},{"@type":"BreadcrumbList","@id":"https:\/\/potenciaradiofonicadominicana.com\/portal\/bellinger-se-queda-con-los-yankees-por-cinco-anos-y-162-5-millones\/#breadcrumb","itemListElement":[{"@type":"ListItem","position":1,"name":"Portada","item":"https:\/\/potenciaradiofonicadominicana.com\/portal\/"},{"@type":"ListItem","position":2,"name":"Bellinger se queda con los Yankees por cinco a\u00f1os y 162.5 millones"}]},{"@type":"WebSite","@id":"https:\/\/potenciaradiofonicadominicana.com\/portal\/#website","url":"https:\/\/potenciaradiofonicadominicana.com\/portal\/","name":"PotenciaRadiofonicaDominicana.com","description":"Peri\u00f3dico Digital","publisher":{"@id":"https:\/\/potenciaradiofonicadominicana.com\/portal\/#organization"},"potentialAction":[{"@type":"SearchAction","target":{"@type":"EntryPoint","urlTemplate":"https:\/\/potenciaradiofonicadominicana.com\/portal\/?s={search_term_string}"},"query-input":{"@type":"PropertyValueSpecification","valueRequired":true,"valueName":"search_term_string"}}],"inLanguage":"es"},{"@type":"Organization","@id":"https:\/\/potenciaradiofonicadominicana.com\/portal\/#organization","name":"PotenciaRadiofonicaDominicana.com","url":"https:\/\/potenciaradiofonicadominicana.com\/portal\/","logo":{"@type":"ImageObject","inLanguage":"es","@id":"https:\/\/potenciaradiofonicadominicana.com\/portal\/#\/schema\/logo\/image\/","url":"https:\/\/potenciaradiofonicadominicana.com\/portal\/wp-content\/uploads\/2022\/01\/descarga.png","contentUrl":"https:\/\/potenciaradiofonicadominicana.com\/portal\/wp-content\/uploads\/2022\/01\/descarga.png","width":300,"height":100,"caption":"PotenciaRadiofonicaDominicana.com"},"image":{"@id":"https:\/\/potenciaradiofonicadominicana.com\/portal\/#\/schema\/logo\/image\/"},"sameAs":["https:\/\/web.facebook.com\/PotenciaRadiofonicaD"]},{"@type":"Person","@id":"https:\/\/potenciaradiofonicadominicana.com\/portal\/#\/schema\/person\/a5cf1fea13877803ee0573ac18b03490","name":"Potencia Radiof\u00f3nica Dominicana","image":{"@type":"ImageObject","inLanguage":"es","@id":"https:\/\/potenciaradiofonicadominicana.com\/portal\/#\/schema\/person\/image\/","url":"https:\/\/secure.gravatar.com\/avatar\/42a55ab9e8ccc656ba34cd791990602a?s=96&d=mm&r=g","contentUrl":"https:\/\/secure.gravatar.com\/avatar\/42a55ab9e8ccc656ba34cd791990602a?s=96&d=mm&r=g","caption":"Potencia Radiof\u00f3nica Dominicana"},"url":"https:\/\/potenciaradiofonicadominicana.com\/portal\/author\/johannyalmanzar\/"}]}},"_links":{"self":[{"href":"https:\/\/potenciaradiofonicadominicana.com\/portal\/wp-json\/wp\/v2\/posts\/210244","targetHints":{"allow":["GET"]}}],"collection":[{"href":"https:\/\/potenciaradiofonicadominicana.com\/portal\/wp-json\/wp\/v2\/posts"}],"about":[{"href":"https:\/\/potenciaradiofonicadominicana.com\/portal\/wp-json\/wp\/v2\/types\/post"}],"author":[{"embeddable":true,"href":"https:\/\/potenciaradiofonicadominicana.com\/portal\/wp-json\/wp\/v2\/users\/2"}],"replies":[{"embeddable":true,"href":"https:\/\/potenciaradiofonicadominicana.com\/portal\/wp-json\/wp\/v2\/comments?post=210244"}],"version-history":[{"count":1,"href":"https:\/\/potenciaradiofonicadominicana.com\/portal\/wp-json\/wp\/v2\/posts\/210244\/revisions"}],"predecessor-version":[{"id":210246,"href":"https:\/\/potenciaradiofonicadominicana.com\/portal\/wp-json\/wp\/v2\/posts\/210244\/revisions\/210246"}],"wp:featuredmedia":[{"embeddable":true,"href":"https:\/\/potenciaradiofonicadominicana.com\/portal\/wp-json\/wp\/v2\/media\/210245"}],"wp:attachment":[{"href":"https:\/\/potenciaradiofonicadominicana.com\/portal\/wp-json\/wp\/v2\/media?parent=210244"}],"wp:term":[{"taxonomy":"category","embeddable":true,"href":"https:\/\/potenciaradiofonicadominicana.com\/portal\/wp-json\/wp\/v2\/categories?post=210244"},{"taxonomy":"post_tag","embeddable":true,"href":"https:\/\/potenciaradiofonicadominicana.com\/portal\/wp-json\/wp\/v2\/tags?post=210244"}],"curies":[{"name":"wp","href":"https:\/\/api.w.org\/{rel}","templated":true}]}}