{"id":210241,"date":"2026-01-21T19:08:47","date_gmt":"2026-01-21T23:08:47","guid":{"rendered":"https:\/\/potenciaradiofonicadominicana.com\/portal\/?p=210241"},"modified":"2026-01-21T19:08:47","modified_gmt":"2026-01-21T23:08:47","slug":"yadier-molina-regresa-a-los-cardenales-como-asistente-especial","status":"publish","type":"post","link":"https:\/\/potenciaradiofonicadominicana.com\/portal\/yadier-molina-regresa-a-los-cardenales-como-asistente-especial\/","title":{"rendered":"Yadier Molina regresa a los Cardenales como asistente especial"},"content":{"rendered":"<p><a href=\"https:\/\/potenciaradiofonicadominicana.com\/portal\/wp-content\/uploads\/2026\/01\/28_De-9_1p01.webp\"><img loading=\"lazy\" decoding=\"async\" class=\"alignnone size-full wp-image-210242\" src=\"https:\/\/potenciaradiofonicadominicana.com\/portal\/wp-content\/uploads\/2026\/01\/28_De-9_1p01.webp\" alt=\"\" width=\"1200\" height=\"731\" srcset=\"https:\/\/potenciaradiofonicadominicana.com\/portal\/wp-content\/uploads\/2026\/01\/28_De-9_1p01.webp 1200w, https:\/\/potenciaradiofonicadominicana.com\/portal\/wp-content\/uploads\/2026\/01\/28_De-9_1p01-300x183.webp 300w, https:\/\/potenciaradiofonicadominicana.com\/portal\/wp-content\/uploads\/2026\/01\/28_De-9_1p01-1024x624.webp 1024w, https:\/\/potenciaradiofonicadominicana.com\/portal\/wp-content\/uploads\/2026\/01\/28_De-9_1p01-768x468.webp 768w, https:\/\/potenciaradiofonicadominicana.com\/portal\/wp-content\/uploads\/2026\/01\/28_De-9_1p01-165x100.webp 165w\" sizes=\"auto, (max-width: 1200px) 100vw, 1200px\" \/><\/a><\/p>\n<p>Yadier Molina se reincorpora a los Cardenales de San Luis como asistente especial de la oficina principal, donde el veterano receptor puertorrique\u00f1o aportar\u00e1 sus ideas sobre el programa de receptores del club, la estrategia de juego y las operaciones diarias.<\/p>\n<p>Los Cardenales anunciaron el mi\u00e9rcoles el papel de Molina bajo el nuevo presidente de operaciones de b\u00e9isbol, Chaim Bloom.<\/p>\n<p>Molina, de 43 a\u00f1os, fue pieza clave en los equipos campeones de la Serie Mundial en 2006 y 2011, adempas ganar otro par de banderines de la Liga Nacional.<\/p>\n<p>El diez veces All-Star es el \u00fanico jugador en la historia del b\u00e9isbol que ha atrapado 2.000 o m\u00e1s juegos con un solo club, y sus nueve Guantes de Oro son superados \u00fanicamente por Iv\u00e1n Rodr\u00edguez y Johnny Bench en su posici\u00f3n.<\/p>\n<p>Molina, oriundo de Bayam\u00f3n, Puerto Rico, se retir\u00f3 despu\u00e9s de la temporada 2022 y pronto se dedic\u00f3 a la direcci\u00f3n t\u00e9cnica.<\/p>\n<p>Dirigi\u00f3 a los Criollos de Caguas al t\u00edtulo de la liga de Puerto Rico en 2023 y 2024 en Puerto Rico, y tambi\u00e9n gui\u00f3 al equipo en la Serie del Caribe 2024. Molina dirigi\u00f3 a los Navegantes del Magallanes de la Liga de Venezuela y 2022 y regres\u00f3 al club el a\u00f1o pasado, siendo proclamado como el Manager del A\u00f1o de la liga. Y por segunda edici\u00f3n consecutivo ser\u00e1 el piloto de Puerto Rico en el Cl\u00e1sico Mundial que se disputar\u00e1 en marzo.<\/p>\n<p>\u201cEstamos felices de dar la bienvenida a Yadi de nuevo a la organizaci\u00f3n de los Cardenales\u201d, dijo Bloom en un comunicado. \u201cEs un competidor de \u00e9lite, un ganador constante y uno de los mejores en su posici\u00f3n, y esperamos muchas contribuciones durante sus visitas con nosotros\u201d.<\/p>\n","protected":false},"excerpt":{"rendered":"<p>Yadier Molina se reincorpora a los Cardenales de San Luis como asistente especial de la oficina principal, donde el veterano &#8230;<\/p>\n","protected":false},"author":2,"featured_media":210242,"comment_status":"closed","ping_status":"closed","sticky":false,"template":"","format":"standard","meta":{"footnotes":""},"categories":[28],"tags":[],"class_list":["post-210241","post","type-post","status-publish","format-standard","has-post-thumbnail","hentry","category-deportes"],"yoast_head":"<!-- This site is optimized with the Yoast SEO plugin v24.8.1 - https:\/\/yoast.com\/wordpress\/plugins\/seo\/ -->\n<title>Yadier Molina regresa a los Cardenales como asistente especial - PotenciaRadiofonicaDominicana.com<\/title>\n<meta name=\"robots\" content=\"index, follow, max-snippet:-1, max-image-preview:large, max-video-preview:-1\" \/>\n<link rel=\"canonical\" href=\"https:\/\/potenciaradiofonicadominicana.com\/portal\/yadier-molina-regresa-a-los-cardenales-como-asistente-especial\/\" \/>\n<meta property=\"og:locale\" content=\"es_ES\" \/>\n<meta property=\"og:type\" content=\"article\" \/>\n<meta property=\"og:title\" content=\"Yadier Molina regresa a los Cardenales como asistente especial - PotenciaRadiofonicaDominicana.com\" \/>\n<meta property=\"og:description\" content=\"Yadier Molina se reincorpora a los Cardenales de San Luis como asistente especial de la oficina principal, donde el veterano ...\" \/>\n<meta property=\"og:url\" content=\"https:\/\/potenciaradiofonicadominicana.com\/portal\/yadier-molina-regresa-a-los-cardenales-como-asistente-especial\/\" \/>\n<meta property=\"og:site_name\" content=\"PotenciaRadiofonicaDominicana.com\" \/>\n<meta property=\"article:publisher\" content=\"https:\/\/web.facebook.com\/PotenciaRadiofonicaD\" \/>\n<meta property=\"article:published_time\" content=\"2026-01-21T23:08:47+00:00\" \/>\n<meta property=\"og:image\" content=\"https:\/\/potenciaradiofonicadominicana.com\/portal\/wp-content\/uploads\/2026\/01\/28_De-9_1p01.webp\" \/>\n\t<meta property=\"og:image:width\" content=\"1200\" \/>\n\t<meta property=\"og:image:height\" content=\"731\" \/>\n\t<meta property=\"og:image:type\" content=\"image\/webp\" \/>\n<meta name=\"author\" content=\"Potencia Radiof\u00f3nica Dominicana\" \/>\n<meta name=\"twitter:card\" content=\"summary_large_image\" \/>\n<meta name=\"twitter:label1\" content=\"Escrito por\" \/>\n\t<meta name=\"twitter:data1\" content=\"Potencia Radiof\u00f3nica Dominicana\" \/>\n\t<meta name=\"twitter:label2\" content=\"Tiempo de lectura\" \/>\n\t<meta name=\"twitter:data2\" content=\"2 minutos\" \/>\n<script type=\"application\/ld+json\" class=\"yoast-schema-graph\">{\"@context\":\"https:\/\/schema.org\",\"@graph\":[{\"@type\":\"Article\",\"@id\":\"https:\/\/potenciaradiofonicadominicana.com\/portal\/yadier-molina-regresa-a-los-cardenales-como-asistente-especial\/#article\",\"isPartOf\":{\"@id\":\"https:\/\/potenciaradiofonicadominicana.com\/portal\/yadier-molina-regresa-a-los-cardenales-como-asistente-especial\/\"},\"author\":{\"name\":\"Potencia Radiof\u00f3nica Dominicana\",\"@id\":\"https:\/\/potenciaradiofonicadominicana.com\/portal\/#\/schema\/person\/a5cf1fea13877803ee0573ac18b03490\"},\"headline\":\"Yadier Molina regresa a los Cardenales como asistente especial\",\"datePublished\":\"2026-01-21T23:08:47+00:00\",\"mainEntityOfPage\":{\"@id\":\"https:\/\/potenciaradiofonicadominicana.com\/portal\/yadier-molina-regresa-a-los-cardenales-como-asistente-especial\/\"},\"wordCount\":301,\"publisher\":{\"@id\":\"https:\/\/potenciaradiofonicadominicana.com\/portal\/#organization\"},\"image\":{\"@id\":\"https:\/\/potenciaradiofonicadominicana.com\/portal\/yadier-molina-regresa-a-los-cardenales-como-asistente-especial\/#primaryimage\"},\"thumbnailUrl\":\"https:\/\/potenciaradiofonicadominicana.com\/portal\/wp-content\/uploads\/2026\/01\/28_De-9_1p01.webp\",\"articleSection\":[\"Deportes\"],\"inLanguage\":\"es\"},{\"@type\":\"WebPage\",\"@id\":\"https:\/\/potenciaradiofonicadominicana.com\/portal\/yadier-molina-regresa-a-los-cardenales-como-asistente-especial\/\",\"url\":\"https:\/\/potenciaradiofonicadominicana.com\/portal\/yadier-molina-regresa-a-los-cardenales-como-asistente-especial\/\",\"name\":\"Yadier Molina regresa a los Cardenales como asistente especial - PotenciaRadiofonicaDominicana.com\",\"isPartOf\":{\"@id\":\"https:\/\/potenciaradiofonicadominicana.com\/portal\/#website\"},\"primaryImageOfPage\":{\"@id\":\"https:\/\/potenciaradiofonicadominicana.com\/portal\/yadier-molina-regresa-a-los-cardenales-como-asistente-especial\/#primaryimage\"},\"image\":{\"@id\":\"https:\/\/potenciaradiofonicadominicana.com\/portal\/yadier-molina-regresa-a-los-cardenales-como-asistente-especial\/#primaryimage\"},\"thumbnailUrl\":\"https:\/\/potenciaradiofonicadominicana.com\/portal\/wp-content\/uploads\/2026\/01\/28_De-9_1p01.webp\",\"datePublished\":\"2026-01-21T23:08:47+00:00\",\"breadcrumb\":{\"@id\":\"https:\/\/potenciaradiofonicadominicana.com\/portal\/yadier-molina-regresa-a-los-cardenales-como-asistente-especial\/#breadcrumb\"},\"inLanguage\":\"es\",\"potentialAction\":[{\"@type\":\"ReadAction\",\"target\":[\"https:\/\/potenciaradiofonicadominicana.com\/portal\/yadier-molina-regresa-a-los-cardenales-como-asistente-especial\/\"]}]},{\"@type\":\"ImageObject\",\"inLanguage\":\"es\",\"@id\":\"https:\/\/potenciaradiofonicadominicana.com\/portal\/yadier-molina-regresa-a-los-cardenales-como-asistente-especial\/#primaryimage\",\"url\":\"https:\/\/potenciaradiofonicadominicana.com\/portal\/wp-content\/uploads\/2026\/01\/28_De-9_1p01.webp\",\"contentUrl\":\"https:\/\/potenciaradiofonicadominicana.com\/portal\/wp-content\/uploads\/2026\/01\/28_De-9_1p01.webp\",\"width\":1200,\"height\":731},{\"@type\":\"BreadcrumbList\",\"@id\":\"https:\/\/potenciaradiofonicadominicana.com\/portal\/yadier-molina-regresa-a-los-cardenales-como-asistente-especial\/#breadcrumb\",\"itemListElement\":[{\"@type\":\"ListItem\",\"position\":1,\"name\":\"Portada\",\"item\":\"https:\/\/potenciaradiofonicadominicana.com\/portal\/\"},{\"@type\":\"ListItem\",\"position\":2,\"name\":\"Yadier Molina regresa a los Cardenales como asistente especial\"}]},{\"@type\":\"WebSite\",\"@id\":\"https:\/\/potenciaradiofonicadominicana.com\/portal\/#website\",\"url\":\"https:\/\/potenciaradiofonicadominicana.com\/portal\/\",\"name\":\"PotenciaRadiofonicaDominicana.com\",\"description\":\"Peri\u00f3dico Digital\",\"publisher\":{\"@id\":\"https:\/\/potenciaradiofonicadominicana.com\/portal\/#organization\"},\"potentialAction\":[{\"@type\":\"SearchAction\",\"target\":{\"@type\":\"EntryPoint\",\"urlTemplate\":\"https:\/\/potenciaradiofonicadominicana.com\/portal\/?s={search_term_string}\"},\"query-input\":{\"@type\":\"PropertyValueSpecification\",\"valueRequired\":true,\"valueName\":\"search_term_string\"}}],\"inLanguage\":\"es\"},{\"@type\":\"Organization\",\"@id\":\"https:\/\/potenciaradiofonicadominicana.com\/portal\/#organization\",\"name\":\"PotenciaRadiofonicaDominicana.com\",\"url\":\"https:\/\/potenciaradiofonicadominicana.com\/portal\/\",\"logo\":{\"@type\":\"ImageObject\",\"inLanguage\":\"es\",\"@id\":\"https:\/\/potenciaradiofonicadominicana.com\/portal\/#\/schema\/logo\/image\/\",\"url\":\"https:\/\/potenciaradiofonicadominicana.com\/portal\/wp-content\/uploads\/2022\/01\/descarga.png\",\"contentUrl\":\"https:\/\/potenciaradiofonicadominicana.com\/portal\/wp-content\/uploads\/2022\/01\/descarga.png\",\"width\":300,\"height\":100,\"caption\":\"PotenciaRadiofonicaDominicana.com\"},\"image\":{\"@id\":\"https:\/\/potenciaradiofonicadominicana.com\/portal\/#\/schema\/logo\/image\/\"},\"sameAs\":[\"https:\/\/web.facebook.com\/PotenciaRadiofonicaD\"]},{\"@type\":\"Person\",\"@id\":\"https:\/\/potenciaradiofonicadominicana.com\/portal\/#\/schema\/person\/a5cf1fea13877803ee0573ac18b03490\",\"name\":\"Potencia Radiof\u00f3nica Dominicana\",\"image\":{\"@type\":\"ImageObject\",\"inLanguage\":\"es\",\"@id\":\"https:\/\/potenciaradiofonicadominicana.com\/portal\/#\/schema\/person\/image\/\",\"url\":\"https:\/\/secure.gravatar.com\/avatar\/42a55ab9e8ccc656ba34cd791990602a?s=96&d=mm&r=g\",\"contentUrl\":\"https:\/\/secure.gravatar.com\/avatar\/42a55ab9e8ccc656ba34cd791990602a?s=96&d=mm&r=g\",\"caption\":\"Potencia Radiof\u00f3nica Dominicana\"},\"url\":\"https:\/\/potenciaradiofonicadominicana.com\/portal\/author\/johannyalmanzar\/\"}]}<\/script>\n<!-- \/ Yoast SEO plugin. -->","yoast_head_json":{"title":"Yadier Molina regresa a los Cardenales como asistente especial - PotenciaRadiofonicaDominicana.com","robots":{"index":"index","follow":"follow","max-snippet":"max-snippet:-1","max-image-preview":"max-image-preview:large","max-video-preview":"max-video-preview:-1"},"canonical":"https:\/\/potenciaradiofonicadominicana.com\/portal\/yadier-molina-regresa-a-los-cardenales-como-asistente-especial\/","og_locale":"es_ES","og_type":"article","og_title":"Yadier Molina regresa a los Cardenales como asistente especial - PotenciaRadiofonicaDominicana.com","og_description":"Yadier Molina se reincorpora a los Cardenales de San Luis como asistente especial de la oficina principal, donde el veterano ...","og_url":"https:\/\/potenciaradiofonicadominicana.com\/portal\/yadier-molina-regresa-a-los-cardenales-como-asistente-especial\/","og_site_name":"PotenciaRadiofonicaDominicana.com","article_publisher":"https:\/\/web.facebook.com\/PotenciaRadiofonicaD","article_published_time":"2026-01-21T23:08:47+00:00","og_image":[{"width":1200,"height":731,"url":"https:\/\/potenciaradiofonicadominicana.com\/portal\/wp-content\/uploads\/2026\/01\/28_De-9_1p01.webp","type":"image\/webp"}],"author":"Potencia Radiof\u00f3nica Dominicana","twitter_card":"summary_large_image","twitter_misc":{"Escrito por":"Potencia Radiof\u00f3nica Dominicana","Tiempo de lectura":"2 minutos"},"schema":{"@context":"https:\/\/schema.org","@graph":[{"@type":"Article","@id":"https:\/\/potenciaradiofonicadominicana.com\/portal\/yadier-molina-regresa-a-los-cardenales-como-asistente-especial\/#article","isPartOf":{"@id":"https:\/\/potenciaradiofonicadominicana.com\/portal\/yadier-molina-regresa-a-los-cardenales-como-asistente-especial\/"},"author":{"name":"Potencia Radiof\u00f3nica Dominicana","@id":"https:\/\/potenciaradiofonicadominicana.com\/portal\/#\/schema\/person\/a5cf1fea13877803ee0573ac18b03490"},"headline":"Yadier Molina regresa a los Cardenales como asistente especial","datePublished":"2026-01-21T23:08:47+00:00","mainEntityOfPage":{"@id":"https:\/\/potenciaradiofonicadominicana.com\/portal\/yadier-molina-regresa-a-los-cardenales-como-asistente-especial\/"},"wordCount":301,"publisher":{"@id":"https:\/\/potenciaradiofonicadominicana.com\/portal\/#organization"},"image":{"@id":"https:\/\/potenciaradiofonicadominicana.com\/portal\/yadier-molina-regresa-a-los-cardenales-como-asistente-especial\/#primaryimage"},"thumbnailUrl":"https:\/\/potenciaradiofonicadominicana.com\/portal\/wp-content\/uploads\/2026\/01\/28_De-9_1p01.webp","articleSection":["Deportes"],"inLanguage":"es"},{"@type":"WebPage","@id":"https:\/\/potenciaradiofonicadominicana.com\/portal\/yadier-molina-regresa-a-los-cardenales-como-asistente-especial\/","url":"https:\/\/potenciaradiofonicadominicana.com\/portal\/yadier-molina-regresa-a-los-cardenales-como-asistente-especial\/","name":"Yadier Molina regresa a los Cardenales como asistente especial - PotenciaRadiofonicaDominicana.com","isPartOf":{"@id":"https:\/\/potenciaradiofonicadominicana.com\/portal\/#website"},"primaryImageOfPage":{"@id":"https:\/\/potenciaradiofonicadominicana.com\/portal\/yadier-molina-regresa-a-los-cardenales-como-asistente-especial\/#primaryimage"},"image":{"@id":"https:\/\/potenciaradiofonicadominicana.com\/portal\/yadier-molina-regresa-a-los-cardenales-como-asistente-especial\/#primaryimage"},"thumbnailUrl":"https:\/\/potenciaradiofonicadominicana.com\/portal\/wp-content\/uploads\/2026\/01\/28_De-9_1p01.webp","datePublished":"2026-01-21T23:08:47+00:00","breadcrumb":{"@id":"https:\/\/potenciaradiofonicadominicana.com\/portal\/yadier-molina-regresa-a-los-cardenales-como-asistente-especial\/#breadcrumb"},"inLanguage":"es","potentialAction":[{"@type":"ReadAction","target":["https:\/\/potenciaradiofonicadominicana.com\/portal\/yadier-molina-regresa-a-los-cardenales-como-asistente-especial\/"]}]},{"@type":"ImageObject","inLanguage":"es","@id":"https:\/\/potenciaradiofonicadominicana.com\/portal\/yadier-molina-regresa-a-los-cardenales-como-asistente-especial\/#primaryimage","url":"https:\/\/potenciaradiofonicadominicana.com\/portal\/wp-content\/uploads\/2026\/01\/28_De-9_1p01.webp","contentUrl":"https:\/\/potenciaradiofonicadominicana.com\/portal\/wp-content\/uploads\/2026\/01\/28_De-9_1p01.webp","width":1200,"height":731},{"@type":"BreadcrumbList","@id":"https:\/\/potenciaradiofonicadominicana.com\/portal\/yadier-molina-regresa-a-los-cardenales-como-asistente-especial\/#breadcrumb","itemListElement":[{"@type":"ListItem","position":1,"name":"Portada","item":"https:\/\/potenciaradiofonicadominicana.com\/portal\/"},{"@type":"ListItem","position":2,"name":"Yadier Molina regresa a los Cardenales como asistente especial"}]},{"@type":"WebSite","@id":"https:\/\/potenciaradiofonicadominicana.com\/portal\/#website","url":"https:\/\/potenciaradiofonicadominicana.com\/portal\/","name":"PotenciaRadiofonicaDominicana.com","description":"Peri\u00f3dico Digital","publisher":{"@id":"https:\/\/potenciaradiofonicadominicana.com\/portal\/#organization"},"potentialAction":[{"@type":"SearchAction","target":{"@type":"EntryPoint","urlTemplate":"https:\/\/potenciaradiofonicadominicana.com\/portal\/?s={search_term_string}"},"query-input":{"@type":"PropertyValueSpecification","valueRequired":true,"valueName":"search_term_string"}}],"inLanguage":"es"},{"@type":"Organization","@id":"https:\/\/potenciaradiofonicadominicana.com\/portal\/#organization","name":"PotenciaRadiofonicaDominicana.com","url":"https:\/\/potenciaradiofonicadominicana.com\/portal\/","logo":{"@type":"ImageObject","inLanguage":"es","@id":"https:\/\/potenciaradiofonicadominicana.com\/portal\/#\/schema\/logo\/image\/","url":"https:\/\/potenciaradiofonicadominicana.com\/portal\/wp-content\/uploads\/2022\/01\/descarga.png","contentUrl":"https:\/\/potenciaradiofonicadominicana.com\/portal\/wp-content\/uploads\/2022\/01\/descarga.png","width":300,"height":100,"caption":"PotenciaRadiofonicaDominicana.com"},"image":{"@id":"https:\/\/potenciaradiofonicadominicana.com\/portal\/#\/schema\/logo\/image\/"},"sameAs":["https:\/\/web.facebook.com\/PotenciaRadiofonicaD"]},{"@type":"Person","@id":"https:\/\/potenciaradiofonicadominicana.com\/portal\/#\/schema\/person\/a5cf1fea13877803ee0573ac18b03490","name":"Potencia Radiof\u00f3nica Dominicana","image":{"@type":"ImageObject","inLanguage":"es","@id":"https:\/\/potenciaradiofonicadominicana.com\/portal\/#\/schema\/person\/image\/","url":"https:\/\/secure.gravatar.com\/avatar\/42a55ab9e8ccc656ba34cd791990602a?s=96&d=mm&r=g","contentUrl":"https:\/\/secure.gravatar.com\/avatar\/42a55ab9e8ccc656ba34cd791990602a?s=96&d=mm&r=g","caption":"Potencia Radiof\u00f3nica Dominicana"},"url":"https:\/\/potenciaradiofonicadominicana.com\/portal\/author\/johannyalmanzar\/"}]}},"_links":{"self":[{"href":"https:\/\/potenciaradiofonicadominicana.com\/portal\/wp-json\/wp\/v2\/posts\/210241","targetHints":{"allow":["GET"]}}],"collection":[{"href":"https:\/\/potenciaradiofonicadominicana.com\/portal\/wp-json\/wp\/v2\/posts"}],"about":[{"href":"https:\/\/potenciaradiofonicadominicana.com\/portal\/wp-json\/wp\/v2\/types\/post"}],"author":[{"embeddable":true,"href":"https:\/\/potenciaradiofonicadominicana.com\/portal\/wp-json\/wp\/v2\/users\/2"}],"replies":[{"embeddable":true,"href":"https:\/\/potenciaradiofonicadominicana.com\/portal\/wp-json\/wp\/v2\/comments?post=210241"}],"version-history":[{"count":1,"href":"https:\/\/potenciaradiofonicadominicana.com\/portal\/wp-json\/wp\/v2\/posts\/210241\/revisions"}],"predecessor-version":[{"id":210243,"href":"https:\/\/potenciaradiofonicadominicana.com\/portal\/wp-json\/wp\/v2\/posts\/210241\/revisions\/210243"}],"wp:featuredmedia":[{"embeddable":true,"href":"https:\/\/potenciaradiofonicadominicana.com\/portal\/wp-json\/wp\/v2\/media\/210242"}],"wp:attachment":[{"href":"https:\/\/potenciaradiofonicadominicana.com\/portal\/wp-json\/wp\/v2\/media?parent=210241"}],"wp:term":[{"taxonomy":"category","embeddable":true,"href":"https:\/\/potenciaradiofonicadominicana.com\/portal\/wp-json\/wp\/v2\/categories?post=210241"},{"taxonomy":"post_tag","embeddable":true,"href":"https:\/\/potenciaradiofonicadominicana.com\/portal\/wp-json\/wp\/v2\/tags?post=210241"}],"curies":[{"name":"wp","href":"https:\/\/api.w.org\/{rel}","templated":true}]}}