{"id":210238,"date":"2026-01-21T19:07:21","date_gmt":"2026-01-21T23:07:21","guid":{"rendered":"https:\/\/potenciaradiofonicadominicana.com\/portal\/?p=210238"},"modified":"2026-01-21T19:07:21","modified_gmt":"2026-01-21T23:07:21","slug":"red-sox-finaliza-pacto-con-el-lanzador-zurdo-ranger-suarez","status":"publish","type":"post","link":"https:\/\/potenciaradiofonicadominicana.com\/portal\/red-sox-finaliza-pacto-con-el-lanzador-zurdo-ranger-suarez\/","title":{"rendered":"Red Sox finaliza pacto con el lanzador zurdo Ranger Su\u00e1rez"},"content":{"rendered":"<p><a href=\"https:\/\/potenciaradiofonicadominicana.com\/portal\/wp-content\/uploads\/2026\/01\/Ranger-Suarez-USATSI_27187633.webp\"><img loading=\"lazy\" decoding=\"async\" class=\"alignnone size-full wp-image-210239\" src=\"https:\/\/potenciaradiofonicadominicana.com\/portal\/wp-content\/uploads\/2026\/01\/Ranger-Suarez-USATSI_27187633.webp\" alt=\"\" width=\"1200\" height=\"675\" srcset=\"https:\/\/potenciaradiofonicadominicana.com\/portal\/wp-content\/uploads\/2026\/01\/Ranger-Suarez-USATSI_27187633.webp 1200w, https:\/\/potenciaradiofonicadominicana.com\/portal\/wp-content\/uploads\/2026\/01\/Ranger-Suarez-USATSI_27187633-300x169.webp 300w, https:\/\/potenciaradiofonicadominicana.com\/portal\/wp-content\/uploads\/2026\/01\/Ranger-Suarez-USATSI_27187633-1024x576.webp 1024w, https:\/\/potenciaradiofonicadominicana.com\/portal\/wp-content\/uploads\/2026\/01\/Ranger-Suarez-USATSI_27187633-768x432.webp 768w\" sizes=\"auto, (max-width: 1200px) 100vw, 1200px\" \/><\/a><\/p>\n<p>El lanzador zurdo Ranger Su\u00e1rez y los Boston Red Sox finalizaron el mi\u00e9rcoles su contrato de cinco a\u00f1os y $130 millones.<\/p>\n<p>Su\u00e1rez recibir\u00e1 un bono por firmar de $3 millones, pagadero dentro de los 30 d\u00edas posteriores a la aprobaci\u00f3n del acuerdo por parte de las Grandes Ligas, y salarios de $7 millones este a\u00f1o, $15 millones en 2027, $30 millones en cada una de las dos temporadas siguientes y $35 millones en 2030. El acuerdo incluye una opci\u00f3n mutua de $35 millones para 2031 con una cl\u00e1usula de rescisi\u00f3n de $10 millones.<\/p>\n<p>Su\u00e1rez, All-Star en 2024, hab\u00eda pasado toda su carrera profesional con los Philadelphia Phillies despu\u00e9s de firmar a los 16 a\u00f1os en abril de 2012. El venezolano de 30 a\u00f1os lanz\u00f3 desde el bullpen al principio, pero ha sido un jugador constante y, en general, un ganador confiable desde que se incorpor\u00f3 a la rotaci\u00f3n de forma exclusiva en 2022.<\/p>\n<p>Este acuerdo fue el primero con un agente libre de las Grandes Ligas para los Red Sox esta temporada y se produjo despu\u00e9s de que los Chicago Cubs superaran su oferta por Alex Bregman, a quien le ofrecieron un contrato de cinco a\u00f1os y $175 millones con una cl\u00e1usula de no traspaso que los Red Sox no estaban dispuestos a ofrecer.<\/p>\n<p>Su\u00e1rez tuvo un r\u00e9cord de 12-8 con una efectividad de 3.20 la temporada pasada en 26 aperturas, cubriendo un r\u00e9cord personal de 157 1\/3 entradas, y luego se convirti\u00f3 en agente libre por primera vez. Debido a que rechaz\u00f3 una oferta calificada de $22.025.000 de Filadelfia en noviembre, Boston cede sus selecciones n\u00famero dos y cinco m\u00e1s altas en el draft amateur de julio y pierde 1 mill\u00f3n de d\u00f3lares en asignaci\u00f3n de bonos por firmar para jugadores internacionales en 2027.<\/p>\n<p>Filadelfia recibe una selecci\u00f3n adicional despu\u00e9s de la cuarta ronda del draft como compensaci\u00f3n. Su\u00e1rez tuvo un r\u00e9cord de 8-5 con una efectividad de 1.36 y cuatro salvamentos en 12 aperturas y 27 apariciones como relevista en 2021. Termin\u00f3 la siguiente temporada con un r\u00e9cord de 10-7 y una efectividad de 3.65 en 29 aperturas y 155\u2153 entradas, para luego bajar su rendimiento a 4-6 con una efectividad de 4.18 en 22 aperturas en 2023, a\u00f1o en el que ingres\u00f3 a la lista de lesionados por una distensi\u00f3n en el codo izquierdo y posteriormente por una distensi\u00f3n en el tend\u00f3n de la corva derecho. Sin embargo, se recuper\u00f3 r\u00e1pidamente al a\u00f1o siguiente, logrando un r\u00e9cord de 12-8 con una efectividad de 3.46 en 27 aperturas y 150\u2154 entradas.<\/p>\n<p>Su\u00e1rez ha estado en la lista de lesionados por espasmos, dolor o rigidez en la parte baja de la espalda en tres ocasiones durante las \u00faltimas cuatro temporadas.<\/p>\n<p>Gray, de 29 a\u00f1os, bate\u00f3 .231 con tres jonrones y nueve carreras impulsadas en 30 partidos con Tampa Bay el a\u00f1o pasado y fue adquirido por Boston en noviembre. B\u00e1ez, de 24 a\u00f1os, bate\u00f3 .278 con ocho jonrones y 54 carreras impulsadas el a\u00f1o pasado con Cedar Rapids (Clase A Avanzada) y Wichita (Doble A).<\/p>\n","protected":false},"excerpt":{"rendered":"<p>El lanzador zurdo Ranger Su\u00e1rez y los Boston Red Sox finalizaron el mi\u00e9rcoles su contrato de cinco a\u00f1os y $130 &#8230;<\/p>\n","protected":false},"author":2,"featured_media":210239,"comment_status":"closed","ping_status":"closed","sticky":false,"template":"","format":"standard","meta":{"footnotes":""},"categories":[28],"tags":[],"class_list":["post-210238","post","type-post","status-publish","format-standard","has-post-thumbnail","hentry","category-deportes"],"yoast_head":"<!-- This site is optimized with the Yoast SEO plugin v24.8.1 - https:\/\/yoast.com\/wordpress\/plugins\/seo\/ -->\n<title>Red Sox finaliza pacto con el lanzador zurdo Ranger Su\u00e1rez - PotenciaRadiofonicaDominicana.com<\/title>\n<meta name=\"robots\" content=\"index, follow, max-snippet:-1, max-image-preview:large, max-video-preview:-1\" \/>\n<link rel=\"canonical\" href=\"https:\/\/potenciaradiofonicadominicana.com\/portal\/red-sox-finaliza-pacto-con-el-lanzador-zurdo-ranger-suarez\/\" \/>\n<meta property=\"og:locale\" content=\"es_ES\" \/>\n<meta property=\"og:type\" content=\"article\" \/>\n<meta property=\"og:title\" content=\"Red Sox finaliza pacto con el lanzador zurdo Ranger Su\u00e1rez - PotenciaRadiofonicaDominicana.com\" \/>\n<meta property=\"og:description\" content=\"El lanzador zurdo Ranger Su\u00e1rez y los Boston Red Sox finalizaron el mi\u00e9rcoles su contrato de cinco a\u00f1os y $130 ...\" \/>\n<meta property=\"og:url\" content=\"https:\/\/potenciaradiofonicadominicana.com\/portal\/red-sox-finaliza-pacto-con-el-lanzador-zurdo-ranger-suarez\/\" \/>\n<meta property=\"og:site_name\" content=\"PotenciaRadiofonicaDominicana.com\" \/>\n<meta property=\"article:publisher\" content=\"https:\/\/web.facebook.com\/PotenciaRadiofonicaD\" \/>\n<meta property=\"article:published_time\" content=\"2026-01-21T23:07:21+00:00\" \/>\n<meta property=\"og:image\" content=\"https:\/\/potenciaradiofonicadominicana.com\/portal\/wp-content\/uploads\/2026\/01\/Ranger-Suarez-USATSI_27187633.webp\" \/>\n\t<meta property=\"og:image:width\" content=\"1200\" \/>\n\t<meta property=\"og:image:height\" content=\"675\" \/>\n\t<meta property=\"og:image:type\" content=\"image\/webp\" \/>\n<meta name=\"author\" content=\"Potencia Radiof\u00f3nica Dominicana\" \/>\n<meta name=\"twitter:card\" content=\"summary_large_image\" \/>\n<meta name=\"twitter:label1\" content=\"Escrito por\" \/>\n\t<meta name=\"twitter:data1\" content=\"Potencia Radiof\u00f3nica Dominicana\" \/>\n\t<meta name=\"twitter:label2\" content=\"Tiempo de lectura\" \/>\n\t<meta name=\"twitter:data2\" content=\"3 minutos\" \/>\n<script type=\"application\/ld+json\" class=\"yoast-schema-graph\">{\"@context\":\"https:\/\/schema.org\",\"@graph\":[{\"@type\":\"Article\",\"@id\":\"https:\/\/potenciaradiofonicadominicana.com\/portal\/red-sox-finaliza-pacto-con-el-lanzador-zurdo-ranger-suarez\/#article\",\"isPartOf\":{\"@id\":\"https:\/\/potenciaradiofonicadominicana.com\/portal\/red-sox-finaliza-pacto-con-el-lanzador-zurdo-ranger-suarez\/\"},\"author\":{\"name\":\"Potencia Radiof\u00f3nica Dominicana\",\"@id\":\"https:\/\/potenciaradiofonicadominicana.com\/portal\/#\/schema\/person\/a5cf1fea13877803ee0573ac18b03490\"},\"headline\":\"Red Sox finaliza pacto con el lanzador zurdo Ranger Su\u00e1rez\",\"datePublished\":\"2026-01-21T23:07:21+00:00\",\"mainEntityOfPage\":{\"@id\":\"https:\/\/potenciaradiofonicadominicana.com\/portal\/red-sox-finaliza-pacto-con-el-lanzador-zurdo-ranger-suarez\/\"},\"wordCount\":519,\"publisher\":{\"@id\":\"https:\/\/potenciaradiofonicadominicana.com\/portal\/#organization\"},\"image\":{\"@id\":\"https:\/\/potenciaradiofonicadominicana.com\/portal\/red-sox-finaliza-pacto-con-el-lanzador-zurdo-ranger-suarez\/#primaryimage\"},\"thumbnailUrl\":\"https:\/\/potenciaradiofonicadominicana.com\/portal\/wp-content\/uploads\/2026\/01\/Ranger-Suarez-USATSI_27187633.webp\",\"articleSection\":[\"Deportes\"],\"inLanguage\":\"es\"},{\"@type\":\"WebPage\",\"@id\":\"https:\/\/potenciaradiofonicadominicana.com\/portal\/red-sox-finaliza-pacto-con-el-lanzador-zurdo-ranger-suarez\/\",\"url\":\"https:\/\/potenciaradiofonicadominicana.com\/portal\/red-sox-finaliza-pacto-con-el-lanzador-zurdo-ranger-suarez\/\",\"name\":\"Red Sox finaliza pacto con el lanzador zurdo Ranger Su\u00e1rez - PotenciaRadiofonicaDominicana.com\",\"isPartOf\":{\"@id\":\"https:\/\/potenciaradiofonicadominicana.com\/portal\/#website\"},\"primaryImageOfPage\":{\"@id\":\"https:\/\/potenciaradiofonicadominicana.com\/portal\/red-sox-finaliza-pacto-con-el-lanzador-zurdo-ranger-suarez\/#primaryimage\"},\"image\":{\"@id\":\"https:\/\/potenciaradiofonicadominicana.com\/portal\/red-sox-finaliza-pacto-con-el-lanzador-zurdo-ranger-suarez\/#primaryimage\"},\"thumbnailUrl\":\"https:\/\/potenciaradiofonicadominicana.com\/portal\/wp-content\/uploads\/2026\/01\/Ranger-Suarez-USATSI_27187633.webp\",\"datePublished\":\"2026-01-21T23:07:21+00:00\",\"breadcrumb\":{\"@id\":\"https:\/\/potenciaradiofonicadominicana.com\/portal\/red-sox-finaliza-pacto-con-el-lanzador-zurdo-ranger-suarez\/#breadcrumb\"},\"inLanguage\":\"es\",\"potentialAction\":[{\"@type\":\"ReadAction\",\"target\":[\"https:\/\/potenciaradiofonicadominicana.com\/portal\/red-sox-finaliza-pacto-con-el-lanzador-zurdo-ranger-suarez\/\"]}]},{\"@type\":\"ImageObject\",\"inLanguage\":\"es\",\"@id\":\"https:\/\/potenciaradiofonicadominicana.com\/portal\/red-sox-finaliza-pacto-con-el-lanzador-zurdo-ranger-suarez\/#primaryimage\",\"url\":\"https:\/\/potenciaradiofonicadominicana.com\/portal\/wp-content\/uploads\/2026\/01\/Ranger-Suarez-USATSI_27187633.webp\",\"contentUrl\":\"https:\/\/potenciaradiofonicadominicana.com\/portal\/wp-content\/uploads\/2026\/01\/Ranger-Suarez-USATSI_27187633.webp\",\"width\":1200,\"height\":675},{\"@type\":\"BreadcrumbList\",\"@id\":\"https:\/\/potenciaradiofonicadominicana.com\/portal\/red-sox-finaliza-pacto-con-el-lanzador-zurdo-ranger-suarez\/#breadcrumb\",\"itemListElement\":[{\"@type\":\"ListItem\",\"position\":1,\"name\":\"Portada\",\"item\":\"https:\/\/potenciaradiofonicadominicana.com\/portal\/\"},{\"@type\":\"ListItem\",\"position\":2,\"name\":\"Red Sox finaliza pacto con el lanzador zurdo Ranger Su\u00e1rez\"}]},{\"@type\":\"WebSite\",\"@id\":\"https:\/\/potenciaradiofonicadominicana.com\/portal\/#website\",\"url\":\"https:\/\/potenciaradiofonicadominicana.com\/portal\/\",\"name\":\"PotenciaRadiofonicaDominicana.com\",\"description\":\"Peri\u00f3dico Digital\",\"publisher\":{\"@id\":\"https:\/\/potenciaradiofonicadominicana.com\/portal\/#organization\"},\"potentialAction\":[{\"@type\":\"SearchAction\",\"target\":{\"@type\":\"EntryPoint\",\"urlTemplate\":\"https:\/\/potenciaradiofonicadominicana.com\/portal\/?s={search_term_string}\"},\"query-input\":{\"@type\":\"PropertyValueSpecification\",\"valueRequired\":true,\"valueName\":\"search_term_string\"}}],\"inLanguage\":\"es\"},{\"@type\":\"Organization\",\"@id\":\"https:\/\/potenciaradiofonicadominicana.com\/portal\/#organization\",\"name\":\"PotenciaRadiofonicaDominicana.com\",\"url\":\"https:\/\/potenciaradiofonicadominicana.com\/portal\/\",\"logo\":{\"@type\":\"ImageObject\",\"inLanguage\":\"es\",\"@id\":\"https:\/\/potenciaradiofonicadominicana.com\/portal\/#\/schema\/logo\/image\/\",\"url\":\"https:\/\/potenciaradiofonicadominicana.com\/portal\/wp-content\/uploads\/2022\/01\/descarga.png\",\"contentUrl\":\"https:\/\/potenciaradiofonicadominicana.com\/portal\/wp-content\/uploads\/2022\/01\/descarga.png\",\"width\":300,\"height\":100,\"caption\":\"PotenciaRadiofonicaDominicana.com\"},\"image\":{\"@id\":\"https:\/\/potenciaradiofonicadominicana.com\/portal\/#\/schema\/logo\/image\/\"},\"sameAs\":[\"https:\/\/web.facebook.com\/PotenciaRadiofonicaD\"]},{\"@type\":\"Person\",\"@id\":\"https:\/\/potenciaradiofonicadominicana.com\/portal\/#\/schema\/person\/a5cf1fea13877803ee0573ac18b03490\",\"name\":\"Potencia Radiof\u00f3nica Dominicana\",\"image\":{\"@type\":\"ImageObject\",\"inLanguage\":\"es\",\"@id\":\"https:\/\/potenciaradiofonicadominicana.com\/portal\/#\/schema\/person\/image\/\",\"url\":\"https:\/\/secure.gravatar.com\/avatar\/42a55ab9e8ccc656ba34cd791990602a?s=96&d=mm&r=g\",\"contentUrl\":\"https:\/\/secure.gravatar.com\/avatar\/42a55ab9e8ccc656ba34cd791990602a?s=96&d=mm&r=g\",\"caption\":\"Potencia Radiof\u00f3nica Dominicana\"},\"url\":\"https:\/\/potenciaradiofonicadominicana.com\/portal\/author\/johannyalmanzar\/\"}]}<\/script>\n<!-- \/ Yoast SEO plugin. -->","yoast_head_json":{"title":"Red Sox finaliza pacto con el lanzador zurdo Ranger Su\u00e1rez - PotenciaRadiofonicaDominicana.com","robots":{"index":"index","follow":"follow","max-snippet":"max-snippet:-1","max-image-preview":"max-image-preview:large","max-video-preview":"max-video-preview:-1"},"canonical":"https:\/\/potenciaradiofonicadominicana.com\/portal\/red-sox-finaliza-pacto-con-el-lanzador-zurdo-ranger-suarez\/","og_locale":"es_ES","og_type":"article","og_title":"Red Sox finaliza pacto con el lanzador zurdo Ranger Su\u00e1rez - PotenciaRadiofonicaDominicana.com","og_description":"El lanzador zurdo Ranger Su\u00e1rez y los Boston Red Sox finalizaron el mi\u00e9rcoles su contrato de cinco a\u00f1os y $130 ...","og_url":"https:\/\/potenciaradiofonicadominicana.com\/portal\/red-sox-finaliza-pacto-con-el-lanzador-zurdo-ranger-suarez\/","og_site_name":"PotenciaRadiofonicaDominicana.com","article_publisher":"https:\/\/web.facebook.com\/PotenciaRadiofonicaD","article_published_time":"2026-01-21T23:07:21+00:00","og_image":[{"width":1200,"height":675,"url":"https:\/\/potenciaradiofonicadominicana.com\/portal\/wp-content\/uploads\/2026\/01\/Ranger-Suarez-USATSI_27187633.webp","type":"image\/webp"}],"author":"Potencia Radiof\u00f3nica Dominicana","twitter_card":"summary_large_image","twitter_misc":{"Escrito por":"Potencia Radiof\u00f3nica Dominicana","Tiempo de lectura":"3 minutos"},"schema":{"@context":"https:\/\/schema.org","@graph":[{"@type":"Article","@id":"https:\/\/potenciaradiofonicadominicana.com\/portal\/red-sox-finaliza-pacto-con-el-lanzador-zurdo-ranger-suarez\/#article","isPartOf":{"@id":"https:\/\/potenciaradiofonicadominicana.com\/portal\/red-sox-finaliza-pacto-con-el-lanzador-zurdo-ranger-suarez\/"},"author":{"name":"Potencia Radiof\u00f3nica Dominicana","@id":"https:\/\/potenciaradiofonicadominicana.com\/portal\/#\/schema\/person\/a5cf1fea13877803ee0573ac18b03490"},"headline":"Red Sox finaliza pacto con el lanzador zurdo Ranger Su\u00e1rez","datePublished":"2026-01-21T23:07:21+00:00","mainEntityOfPage":{"@id":"https:\/\/potenciaradiofonicadominicana.com\/portal\/red-sox-finaliza-pacto-con-el-lanzador-zurdo-ranger-suarez\/"},"wordCount":519,"publisher":{"@id":"https:\/\/potenciaradiofonicadominicana.com\/portal\/#organization"},"image":{"@id":"https:\/\/potenciaradiofonicadominicana.com\/portal\/red-sox-finaliza-pacto-con-el-lanzador-zurdo-ranger-suarez\/#primaryimage"},"thumbnailUrl":"https:\/\/potenciaradiofonicadominicana.com\/portal\/wp-content\/uploads\/2026\/01\/Ranger-Suarez-USATSI_27187633.webp","articleSection":["Deportes"],"inLanguage":"es"},{"@type":"WebPage","@id":"https:\/\/potenciaradiofonicadominicana.com\/portal\/red-sox-finaliza-pacto-con-el-lanzador-zurdo-ranger-suarez\/","url":"https:\/\/potenciaradiofonicadominicana.com\/portal\/red-sox-finaliza-pacto-con-el-lanzador-zurdo-ranger-suarez\/","name":"Red Sox finaliza pacto con el lanzador zurdo Ranger Su\u00e1rez - PotenciaRadiofonicaDominicana.com","isPartOf":{"@id":"https:\/\/potenciaradiofonicadominicana.com\/portal\/#website"},"primaryImageOfPage":{"@id":"https:\/\/potenciaradiofonicadominicana.com\/portal\/red-sox-finaliza-pacto-con-el-lanzador-zurdo-ranger-suarez\/#primaryimage"},"image":{"@id":"https:\/\/potenciaradiofonicadominicana.com\/portal\/red-sox-finaliza-pacto-con-el-lanzador-zurdo-ranger-suarez\/#primaryimage"},"thumbnailUrl":"https:\/\/potenciaradiofonicadominicana.com\/portal\/wp-content\/uploads\/2026\/01\/Ranger-Suarez-USATSI_27187633.webp","datePublished":"2026-01-21T23:07:21+00:00","breadcrumb":{"@id":"https:\/\/potenciaradiofonicadominicana.com\/portal\/red-sox-finaliza-pacto-con-el-lanzador-zurdo-ranger-suarez\/#breadcrumb"},"inLanguage":"es","potentialAction":[{"@type":"ReadAction","target":["https:\/\/potenciaradiofonicadominicana.com\/portal\/red-sox-finaliza-pacto-con-el-lanzador-zurdo-ranger-suarez\/"]}]},{"@type":"ImageObject","inLanguage":"es","@id":"https:\/\/potenciaradiofonicadominicana.com\/portal\/red-sox-finaliza-pacto-con-el-lanzador-zurdo-ranger-suarez\/#primaryimage","url":"https:\/\/potenciaradiofonicadominicana.com\/portal\/wp-content\/uploads\/2026\/01\/Ranger-Suarez-USATSI_27187633.webp","contentUrl":"https:\/\/potenciaradiofonicadominicana.com\/portal\/wp-content\/uploads\/2026\/01\/Ranger-Suarez-USATSI_27187633.webp","width":1200,"height":675},{"@type":"BreadcrumbList","@id":"https:\/\/potenciaradiofonicadominicana.com\/portal\/red-sox-finaliza-pacto-con-el-lanzador-zurdo-ranger-suarez\/#breadcrumb","itemListElement":[{"@type":"ListItem","position":1,"name":"Portada","item":"https:\/\/potenciaradiofonicadominicana.com\/portal\/"},{"@type":"ListItem","position":2,"name":"Red Sox finaliza pacto con el lanzador zurdo Ranger Su\u00e1rez"}]},{"@type":"WebSite","@id":"https:\/\/potenciaradiofonicadominicana.com\/portal\/#website","url":"https:\/\/potenciaradiofonicadominicana.com\/portal\/","name":"PotenciaRadiofonicaDominicana.com","description":"Peri\u00f3dico Digital","publisher":{"@id":"https:\/\/potenciaradiofonicadominicana.com\/portal\/#organization"},"potentialAction":[{"@type":"SearchAction","target":{"@type":"EntryPoint","urlTemplate":"https:\/\/potenciaradiofonicadominicana.com\/portal\/?s={search_term_string}"},"query-input":{"@type":"PropertyValueSpecification","valueRequired":true,"valueName":"search_term_string"}}],"inLanguage":"es"},{"@type":"Organization","@id":"https:\/\/potenciaradiofonicadominicana.com\/portal\/#organization","name":"PotenciaRadiofonicaDominicana.com","url":"https:\/\/potenciaradiofonicadominicana.com\/portal\/","logo":{"@type":"ImageObject","inLanguage":"es","@id":"https:\/\/potenciaradiofonicadominicana.com\/portal\/#\/schema\/logo\/image\/","url":"https:\/\/potenciaradiofonicadominicana.com\/portal\/wp-content\/uploads\/2022\/01\/descarga.png","contentUrl":"https:\/\/potenciaradiofonicadominicana.com\/portal\/wp-content\/uploads\/2022\/01\/descarga.png","width":300,"height":100,"caption":"PotenciaRadiofonicaDominicana.com"},"image":{"@id":"https:\/\/potenciaradiofonicadominicana.com\/portal\/#\/schema\/logo\/image\/"},"sameAs":["https:\/\/web.facebook.com\/PotenciaRadiofonicaD"]},{"@type":"Person","@id":"https:\/\/potenciaradiofonicadominicana.com\/portal\/#\/schema\/person\/a5cf1fea13877803ee0573ac18b03490","name":"Potencia Radiof\u00f3nica Dominicana","image":{"@type":"ImageObject","inLanguage":"es","@id":"https:\/\/potenciaradiofonicadominicana.com\/portal\/#\/schema\/person\/image\/","url":"https:\/\/secure.gravatar.com\/avatar\/42a55ab9e8ccc656ba34cd791990602a?s=96&d=mm&r=g","contentUrl":"https:\/\/secure.gravatar.com\/avatar\/42a55ab9e8ccc656ba34cd791990602a?s=96&d=mm&r=g","caption":"Potencia Radiof\u00f3nica Dominicana"},"url":"https:\/\/potenciaradiofonicadominicana.com\/portal\/author\/johannyalmanzar\/"}]}},"_links":{"self":[{"href":"https:\/\/potenciaradiofonicadominicana.com\/portal\/wp-json\/wp\/v2\/posts\/210238","targetHints":{"allow":["GET"]}}],"collection":[{"href":"https:\/\/potenciaradiofonicadominicana.com\/portal\/wp-json\/wp\/v2\/posts"}],"about":[{"href":"https:\/\/potenciaradiofonicadominicana.com\/portal\/wp-json\/wp\/v2\/types\/post"}],"author":[{"embeddable":true,"href":"https:\/\/potenciaradiofonicadominicana.com\/portal\/wp-json\/wp\/v2\/users\/2"}],"replies":[{"embeddable":true,"href":"https:\/\/potenciaradiofonicadominicana.com\/portal\/wp-json\/wp\/v2\/comments?post=210238"}],"version-history":[{"count":1,"href":"https:\/\/potenciaradiofonicadominicana.com\/portal\/wp-json\/wp\/v2\/posts\/210238\/revisions"}],"predecessor-version":[{"id":210240,"href":"https:\/\/potenciaradiofonicadominicana.com\/portal\/wp-json\/wp\/v2\/posts\/210238\/revisions\/210240"}],"wp:featuredmedia":[{"embeddable":true,"href":"https:\/\/potenciaradiofonicadominicana.com\/portal\/wp-json\/wp\/v2\/media\/210239"}],"wp:attachment":[{"href":"https:\/\/potenciaradiofonicadominicana.com\/portal\/wp-json\/wp\/v2\/media?parent=210238"}],"wp:term":[{"taxonomy":"category","embeddable":true,"href":"https:\/\/potenciaradiofonicadominicana.com\/portal\/wp-json\/wp\/v2\/categories?post=210238"},{"taxonomy":"post_tag","embeddable":true,"href":"https:\/\/potenciaradiofonicadominicana.com\/portal\/wp-json\/wp\/v2\/tags?post=210238"}],"curies":[{"name":"wp","href":"https:\/\/api.w.org\/{rel}","templated":true}]}}