{"id":210234,"date":"2026-01-21T19:05:09","date_gmt":"2026-01-21T23:05:09","guid":{"rendered":"https:\/\/potenciaradiofonicadominicana.com\/portal\/?p=210234"},"modified":"2026-01-21T19:05:09","modified_gmt":"2026-01-21T23:05:09","slug":"atletismo-inicia-este-fin-de-semana-preparacion-para-juegos-centroamericanos-2026","status":"publish","type":"post","link":"https:\/\/potenciaradiofonicadominicana.com\/portal\/atletismo-inicia-este-fin-de-semana-preparacion-para-juegos-centroamericanos-2026\/","title":{"rendered":"Atletismo inicia este fin de semana preparaci\u00f3n para Juegos Centroamericanos 2026"},"content":{"rendered":"<p><a href=\"https:\/\/potenciaradiofonicadominicana.com\/portal\/wp-content\/uploads\/2026\/01\/Liranyi-en-la-pista.webp\"><img loading=\"lazy\" decoding=\"async\" class=\"alignnone size-full wp-image-210235\" src=\"https:\/\/potenciaradiofonicadominicana.com\/portal\/wp-content\/uploads\/2026\/01\/Liranyi-en-la-pista.webp\" alt=\"\" width=\"800\" height=\"533\" srcset=\"https:\/\/potenciaradiofonicadominicana.com\/portal\/wp-content\/uploads\/2026\/01\/Liranyi-en-la-pista.webp 800w, https:\/\/potenciaradiofonicadominicana.com\/portal\/wp-content\/uploads\/2026\/01\/Liranyi-en-la-pista-300x200.webp 300w, https:\/\/potenciaradiofonicadominicana.com\/portal\/wp-content\/uploads\/2026\/01\/Liranyi-en-la-pista-768x512.webp 768w\" sizes=\"auto, (max-width: 800px) 100vw, 800px\" \/><\/a><\/p>\n<p>La Federaci\u00f3n Dominicana de Asociaciones de Atletismo anunci\u00f3 para este viernes 23 y s\u00e1bado 24 la celebraci\u00f3n del 4to Torneo de Pruebas No Oficiales de Atletismo, de cara a la preparaci\u00f3n de la delegaci\u00f3n dominicana que estar\u00e1 representando el pa\u00eds en los venideros XXV Juegos Centroamericanos y del Caribe Santo Domingo 2026.<\/p>\n<p>La informaci\u00f3n la dio a conocer el presidente de la federaci\u00f3n de atletismo, Alexis Peguero, en un despacho de prensa, quien dijo que cuenta con el apoyo del Ministerio de Deportes, el Comit\u00e9 Ol\u00edmpico, ADIDAS, el Creso, y la World Athletics<\/p>\n<p>Indic\u00f3 que la Federaci\u00f3n estar\u00e1 haciendo su primer evento del a\u00f1o y est\u00e1 enfocada en presentar una delegaci\u00f3n totalmente competitiva y que coloque la bandera tricolor en el m\u00e1s alto nivel en los Juegos Santo Domingo 2026.<\/p>\n<p>\u201cLa familia del atletismo est\u00e1 unida en ese prop\u00f3sito y lo vamos a conseguir porque tenemos atletas medallistas ol\u00edmpicos, mundialistas, panamericanos y centroamericanos, que siempre han obtenido medallas de calidad para el pa\u00eds y este a\u00f1o no ser\u00e1 la excepci\u00f3n\u201d, acot\u00f3.<\/p>\n<p>Coment\u00f3 Peguero que para esos eventos de este viernes en la pista de atletismo \u201cLugelin Santos\u201d en el municipio de Bayaguana, de la provincia de Monte Plata, en el complejo Isaac Ogando, ya todas las asociaciones tienen listos sus representantes.<\/p>\n<p>\u201cSe competir\u00e1 el viernes a partir de las 3:30 de la tarde en las modalidades de 2,000, 3,000, 4,000 y 6,000 metros, en ambas ramas donde los t\u00e9cnicos de la federaci\u00f3n estar\u00e1n atentos a sus marcas\u201d, a\u00f1adi\u00f3.<\/p>\n<p>Indic\u00f3 que el s\u00e1bado 24, las competencias iniciar\u00e1n a las 8:30 de la ma\u00f1ana en las modalidades de 60 metros, 150, 300, 5,00, 600 y 1,000 metros.<\/p>\n<p>\u201cAh\u00ed vamos a ver los avances que est\u00e1n teniendo nuestros atletas en las diferentes modalidades de cara a los Juegos Centroamericanos\u201d, acot\u00f3 Peguero.<\/p>\n","protected":false},"excerpt":{"rendered":"<p>La Federaci\u00f3n Dominicana de Asociaciones de Atletismo anunci\u00f3 para este viernes 23 y s\u00e1bado 24 la celebraci\u00f3n del 4to Torneo &#8230;<\/p>\n","protected":false},"author":2,"featured_media":210235,"comment_status":"closed","ping_status":"closed","sticky":false,"template":"","format":"standard","meta":{"footnotes":""},"categories":[28],"tags":[],"class_list":["post-210234","post","type-post","status-publish","format-standard","has-post-thumbnail","hentry","category-deportes"],"yoast_head":"<!-- This site is optimized with the Yoast SEO plugin v24.8.1 - https:\/\/yoast.com\/wordpress\/plugins\/seo\/ -->\n<title>Atletismo inicia este fin de semana preparaci\u00f3n para Juegos Centroamericanos 2026 - PotenciaRadiofonicaDominicana.com<\/title>\n<meta name=\"robots\" content=\"index, follow, max-snippet:-1, max-image-preview:large, max-video-preview:-1\" \/>\n<link rel=\"canonical\" href=\"https:\/\/potenciaradiofonicadominicana.com\/portal\/atletismo-inicia-este-fin-de-semana-preparacion-para-juegos-centroamericanos-2026\/\" \/>\n<meta property=\"og:locale\" content=\"es_ES\" \/>\n<meta property=\"og:type\" content=\"article\" \/>\n<meta property=\"og:title\" content=\"Atletismo inicia este fin de semana preparaci\u00f3n para Juegos Centroamericanos 2026 - PotenciaRadiofonicaDominicana.com\" \/>\n<meta property=\"og:description\" content=\"La Federaci\u00f3n Dominicana de Asociaciones de Atletismo anunci\u00f3 para este viernes 23 y s\u00e1bado 24 la celebraci\u00f3n del 4to Torneo ...\" \/>\n<meta property=\"og:url\" content=\"https:\/\/potenciaradiofonicadominicana.com\/portal\/atletismo-inicia-este-fin-de-semana-preparacion-para-juegos-centroamericanos-2026\/\" \/>\n<meta property=\"og:site_name\" content=\"PotenciaRadiofonicaDominicana.com\" \/>\n<meta property=\"article:publisher\" content=\"https:\/\/web.facebook.com\/PotenciaRadiofonicaD\" \/>\n<meta property=\"article:published_time\" content=\"2026-01-21T23:05:09+00:00\" \/>\n<meta property=\"og:image\" content=\"https:\/\/potenciaradiofonicadominicana.com\/portal\/wp-content\/uploads\/2026\/01\/Liranyi-en-la-pista.webp\" \/>\n\t<meta property=\"og:image:width\" content=\"800\" \/>\n\t<meta property=\"og:image:height\" content=\"533\" \/>\n\t<meta property=\"og:image:type\" content=\"image\/webp\" \/>\n<meta name=\"author\" content=\"Potencia Radiof\u00f3nica Dominicana\" \/>\n<meta name=\"twitter:card\" content=\"summary_large_image\" \/>\n<meta name=\"twitter:label1\" content=\"Escrito por\" \/>\n\t<meta name=\"twitter:data1\" content=\"Potencia Radiof\u00f3nica Dominicana\" \/>\n\t<meta name=\"twitter:label2\" content=\"Tiempo de lectura\" \/>\n\t<meta name=\"twitter:data2\" content=\"2 minutos\" \/>\n<script type=\"application\/ld+json\" class=\"yoast-schema-graph\">{\"@context\":\"https:\/\/schema.org\",\"@graph\":[{\"@type\":\"Article\",\"@id\":\"https:\/\/potenciaradiofonicadominicana.com\/portal\/atletismo-inicia-este-fin-de-semana-preparacion-para-juegos-centroamericanos-2026\/#article\",\"isPartOf\":{\"@id\":\"https:\/\/potenciaradiofonicadominicana.com\/portal\/atletismo-inicia-este-fin-de-semana-preparacion-para-juegos-centroamericanos-2026\/\"},\"author\":{\"name\":\"Potencia Radiof\u00f3nica Dominicana\",\"@id\":\"https:\/\/potenciaradiofonicadominicana.com\/portal\/#\/schema\/person\/a5cf1fea13877803ee0573ac18b03490\"},\"headline\":\"Atletismo inicia este fin de semana preparaci\u00f3n para Juegos Centroamericanos 2026\",\"datePublished\":\"2026-01-21T23:05:09+00:00\",\"mainEntityOfPage\":{\"@id\":\"https:\/\/potenciaradiofonicadominicana.com\/portal\/atletismo-inicia-este-fin-de-semana-preparacion-para-juegos-centroamericanos-2026\/\"},\"wordCount\":318,\"publisher\":{\"@id\":\"https:\/\/potenciaradiofonicadominicana.com\/portal\/#organization\"},\"image\":{\"@id\":\"https:\/\/potenciaradiofonicadominicana.com\/portal\/atletismo-inicia-este-fin-de-semana-preparacion-para-juegos-centroamericanos-2026\/#primaryimage\"},\"thumbnailUrl\":\"https:\/\/potenciaradiofonicadominicana.com\/portal\/wp-content\/uploads\/2026\/01\/Liranyi-en-la-pista.webp\",\"articleSection\":[\"Deportes\"],\"inLanguage\":\"es\"},{\"@type\":\"WebPage\",\"@id\":\"https:\/\/potenciaradiofonicadominicana.com\/portal\/atletismo-inicia-este-fin-de-semana-preparacion-para-juegos-centroamericanos-2026\/\",\"url\":\"https:\/\/potenciaradiofonicadominicana.com\/portal\/atletismo-inicia-este-fin-de-semana-preparacion-para-juegos-centroamericanos-2026\/\",\"name\":\"Atletismo inicia este fin de semana preparaci\u00f3n para Juegos Centroamericanos 2026 - PotenciaRadiofonicaDominicana.com\",\"isPartOf\":{\"@id\":\"https:\/\/potenciaradiofonicadominicana.com\/portal\/#website\"},\"primaryImageOfPage\":{\"@id\":\"https:\/\/potenciaradiofonicadominicana.com\/portal\/atletismo-inicia-este-fin-de-semana-preparacion-para-juegos-centroamericanos-2026\/#primaryimage\"},\"image\":{\"@id\":\"https:\/\/potenciaradiofonicadominicana.com\/portal\/atletismo-inicia-este-fin-de-semana-preparacion-para-juegos-centroamericanos-2026\/#primaryimage\"},\"thumbnailUrl\":\"https:\/\/potenciaradiofonicadominicana.com\/portal\/wp-content\/uploads\/2026\/01\/Liranyi-en-la-pista.webp\",\"datePublished\":\"2026-01-21T23:05:09+00:00\",\"breadcrumb\":{\"@id\":\"https:\/\/potenciaradiofonicadominicana.com\/portal\/atletismo-inicia-este-fin-de-semana-preparacion-para-juegos-centroamericanos-2026\/#breadcrumb\"},\"inLanguage\":\"es\",\"potentialAction\":[{\"@type\":\"ReadAction\",\"target\":[\"https:\/\/potenciaradiofonicadominicana.com\/portal\/atletismo-inicia-este-fin-de-semana-preparacion-para-juegos-centroamericanos-2026\/\"]}]},{\"@type\":\"ImageObject\",\"inLanguage\":\"es\",\"@id\":\"https:\/\/potenciaradiofonicadominicana.com\/portal\/atletismo-inicia-este-fin-de-semana-preparacion-para-juegos-centroamericanos-2026\/#primaryimage\",\"url\":\"https:\/\/potenciaradiofonicadominicana.com\/portal\/wp-content\/uploads\/2026\/01\/Liranyi-en-la-pista.webp\",\"contentUrl\":\"https:\/\/potenciaradiofonicadominicana.com\/portal\/wp-content\/uploads\/2026\/01\/Liranyi-en-la-pista.webp\",\"width\":800,\"height\":533},{\"@type\":\"BreadcrumbList\",\"@id\":\"https:\/\/potenciaradiofonicadominicana.com\/portal\/atletismo-inicia-este-fin-de-semana-preparacion-para-juegos-centroamericanos-2026\/#breadcrumb\",\"itemListElement\":[{\"@type\":\"ListItem\",\"position\":1,\"name\":\"Portada\",\"item\":\"https:\/\/potenciaradiofonicadominicana.com\/portal\/\"},{\"@type\":\"ListItem\",\"position\":2,\"name\":\"Atletismo inicia este fin de semana preparaci\u00f3n para Juegos Centroamericanos 2026\"}]},{\"@type\":\"WebSite\",\"@id\":\"https:\/\/potenciaradiofonicadominicana.com\/portal\/#website\",\"url\":\"https:\/\/potenciaradiofonicadominicana.com\/portal\/\",\"name\":\"PotenciaRadiofonicaDominicana.com\",\"description\":\"Peri\u00f3dico Digital\",\"publisher\":{\"@id\":\"https:\/\/potenciaradiofonicadominicana.com\/portal\/#organization\"},\"potentialAction\":[{\"@type\":\"SearchAction\",\"target\":{\"@type\":\"EntryPoint\",\"urlTemplate\":\"https:\/\/potenciaradiofonicadominicana.com\/portal\/?s={search_term_string}\"},\"query-input\":{\"@type\":\"PropertyValueSpecification\",\"valueRequired\":true,\"valueName\":\"search_term_string\"}}],\"inLanguage\":\"es\"},{\"@type\":\"Organization\",\"@id\":\"https:\/\/potenciaradiofonicadominicana.com\/portal\/#organization\",\"name\":\"PotenciaRadiofonicaDominicana.com\",\"url\":\"https:\/\/potenciaradiofonicadominicana.com\/portal\/\",\"logo\":{\"@type\":\"ImageObject\",\"inLanguage\":\"es\",\"@id\":\"https:\/\/potenciaradiofonicadominicana.com\/portal\/#\/schema\/logo\/image\/\",\"url\":\"https:\/\/potenciaradiofonicadominicana.com\/portal\/wp-content\/uploads\/2022\/01\/descarga.png\",\"contentUrl\":\"https:\/\/potenciaradiofonicadominicana.com\/portal\/wp-content\/uploads\/2022\/01\/descarga.png\",\"width\":300,\"height\":100,\"caption\":\"PotenciaRadiofonicaDominicana.com\"},\"image\":{\"@id\":\"https:\/\/potenciaradiofonicadominicana.com\/portal\/#\/schema\/logo\/image\/\"},\"sameAs\":[\"https:\/\/web.facebook.com\/PotenciaRadiofonicaD\"]},{\"@type\":\"Person\",\"@id\":\"https:\/\/potenciaradiofonicadominicana.com\/portal\/#\/schema\/person\/a5cf1fea13877803ee0573ac18b03490\",\"name\":\"Potencia Radiof\u00f3nica Dominicana\",\"image\":{\"@type\":\"ImageObject\",\"inLanguage\":\"es\",\"@id\":\"https:\/\/potenciaradiofonicadominicana.com\/portal\/#\/schema\/person\/image\/\",\"url\":\"https:\/\/secure.gravatar.com\/avatar\/42a55ab9e8ccc656ba34cd791990602a?s=96&d=mm&r=g\",\"contentUrl\":\"https:\/\/secure.gravatar.com\/avatar\/42a55ab9e8ccc656ba34cd791990602a?s=96&d=mm&r=g\",\"caption\":\"Potencia Radiof\u00f3nica Dominicana\"},\"url\":\"https:\/\/potenciaradiofonicadominicana.com\/portal\/author\/johannyalmanzar\/\"}]}<\/script>\n<!-- \/ Yoast SEO plugin. -->","yoast_head_json":{"title":"Atletismo inicia este fin de semana preparaci\u00f3n para Juegos Centroamericanos 2026 - PotenciaRadiofonicaDominicana.com","robots":{"index":"index","follow":"follow","max-snippet":"max-snippet:-1","max-image-preview":"max-image-preview:large","max-video-preview":"max-video-preview:-1"},"canonical":"https:\/\/potenciaradiofonicadominicana.com\/portal\/atletismo-inicia-este-fin-de-semana-preparacion-para-juegos-centroamericanos-2026\/","og_locale":"es_ES","og_type":"article","og_title":"Atletismo inicia este fin de semana preparaci\u00f3n para Juegos Centroamericanos 2026 - PotenciaRadiofonicaDominicana.com","og_description":"La Federaci\u00f3n Dominicana de Asociaciones de Atletismo anunci\u00f3 para este viernes 23 y s\u00e1bado 24 la celebraci\u00f3n del 4to Torneo ...","og_url":"https:\/\/potenciaradiofonicadominicana.com\/portal\/atletismo-inicia-este-fin-de-semana-preparacion-para-juegos-centroamericanos-2026\/","og_site_name":"PotenciaRadiofonicaDominicana.com","article_publisher":"https:\/\/web.facebook.com\/PotenciaRadiofonicaD","article_published_time":"2026-01-21T23:05:09+00:00","og_image":[{"width":800,"height":533,"url":"https:\/\/potenciaradiofonicadominicana.com\/portal\/wp-content\/uploads\/2026\/01\/Liranyi-en-la-pista.webp","type":"image\/webp"}],"author":"Potencia Radiof\u00f3nica Dominicana","twitter_card":"summary_large_image","twitter_misc":{"Escrito por":"Potencia Radiof\u00f3nica Dominicana","Tiempo de lectura":"2 minutos"},"schema":{"@context":"https:\/\/schema.org","@graph":[{"@type":"Article","@id":"https:\/\/potenciaradiofonicadominicana.com\/portal\/atletismo-inicia-este-fin-de-semana-preparacion-para-juegos-centroamericanos-2026\/#article","isPartOf":{"@id":"https:\/\/potenciaradiofonicadominicana.com\/portal\/atletismo-inicia-este-fin-de-semana-preparacion-para-juegos-centroamericanos-2026\/"},"author":{"name":"Potencia Radiof\u00f3nica Dominicana","@id":"https:\/\/potenciaradiofonicadominicana.com\/portal\/#\/schema\/person\/a5cf1fea13877803ee0573ac18b03490"},"headline":"Atletismo inicia este fin de semana preparaci\u00f3n para Juegos Centroamericanos 2026","datePublished":"2026-01-21T23:05:09+00:00","mainEntityOfPage":{"@id":"https:\/\/potenciaradiofonicadominicana.com\/portal\/atletismo-inicia-este-fin-de-semana-preparacion-para-juegos-centroamericanos-2026\/"},"wordCount":318,"publisher":{"@id":"https:\/\/potenciaradiofonicadominicana.com\/portal\/#organization"},"image":{"@id":"https:\/\/potenciaradiofonicadominicana.com\/portal\/atletismo-inicia-este-fin-de-semana-preparacion-para-juegos-centroamericanos-2026\/#primaryimage"},"thumbnailUrl":"https:\/\/potenciaradiofonicadominicana.com\/portal\/wp-content\/uploads\/2026\/01\/Liranyi-en-la-pista.webp","articleSection":["Deportes"],"inLanguage":"es"},{"@type":"WebPage","@id":"https:\/\/potenciaradiofonicadominicana.com\/portal\/atletismo-inicia-este-fin-de-semana-preparacion-para-juegos-centroamericanos-2026\/","url":"https:\/\/potenciaradiofonicadominicana.com\/portal\/atletismo-inicia-este-fin-de-semana-preparacion-para-juegos-centroamericanos-2026\/","name":"Atletismo inicia este fin de semana preparaci\u00f3n para Juegos Centroamericanos 2026 - PotenciaRadiofonicaDominicana.com","isPartOf":{"@id":"https:\/\/potenciaradiofonicadominicana.com\/portal\/#website"},"primaryImageOfPage":{"@id":"https:\/\/potenciaradiofonicadominicana.com\/portal\/atletismo-inicia-este-fin-de-semana-preparacion-para-juegos-centroamericanos-2026\/#primaryimage"},"image":{"@id":"https:\/\/potenciaradiofonicadominicana.com\/portal\/atletismo-inicia-este-fin-de-semana-preparacion-para-juegos-centroamericanos-2026\/#primaryimage"},"thumbnailUrl":"https:\/\/potenciaradiofonicadominicana.com\/portal\/wp-content\/uploads\/2026\/01\/Liranyi-en-la-pista.webp","datePublished":"2026-01-21T23:05:09+00:00","breadcrumb":{"@id":"https:\/\/potenciaradiofonicadominicana.com\/portal\/atletismo-inicia-este-fin-de-semana-preparacion-para-juegos-centroamericanos-2026\/#breadcrumb"},"inLanguage":"es","potentialAction":[{"@type":"ReadAction","target":["https:\/\/potenciaradiofonicadominicana.com\/portal\/atletismo-inicia-este-fin-de-semana-preparacion-para-juegos-centroamericanos-2026\/"]}]},{"@type":"ImageObject","inLanguage":"es","@id":"https:\/\/potenciaradiofonicadominicana.com\/portal\/atletismo-inicia-este-fin-de-semana-preparacion-para-juegos-centroamericanos-2026\/#primaryimage","url":"https:\/\/potenciaradiofonicadominicana.com\/portal\/wp-content\/uploads\/2026\/01\/Liranyi-en-la-pista.webp","contentUrl":"https:\/\/potenciaradiofonicadominicana.com\/portal\/wp-content\/uploads\/2026\/01\/Liranyi-en-la-pista.webp","width":800,"height":533},{"@type":"BreadcrumbList","@id":"https:\/\/potenciaradiofonicadominicana.com\/portal\/atletismo-inicia-este-fin-de-semana-preparacion-para-juegos-centroamericanos-2026\/#breadcrumb","itemListElement":[{"@type":"ListItem","position":1,"name":"Portada","item":"https:\/\/potenciaradiofonicadominicana.com\/portal\/"},{"@type":"ListItem","position":2,"name":"Atletismo inicia este fin de semana preparaci\u00f3n para Juegos Centroamericanos 2026"}]},{"@type":"WebSite","@id":"https:\/\/potenciaradiofonicadominicana.com\/portal\/#website","url":"https:\/\/potenciaradiofonicadominicana.com\/portal\/","name":"PotenciaRadiofonicaDominicana.com","description":"Peri\u00f3dico Digital","publisher":{"@id":"https:\/\/potenciaradiofonicadominicana.com\/portal\/#organization"},"potentialAction":[{"@type":"SearchAction","target":{"@type":"EntryPoint","urlTemplate":"https:\/\/potenciaradiofonicadominicana.com\/portal\/?s={search_term_string}"},"query-input":{"@type":"PropertyValueSpecification","valueRequired":true,"valueName":"search_term_string"}}],"inLanguage":"es"},{"@type":"Organization","@id":"https:\/\/potenciaradiofonicadominicana.com\/portal\/#organization","name":"PotenciaRadiofonicaDominicana.com","url":"https:\/\/potenciaradiofonicadominicana.com\/portal\/","logo":{"@type":"ImageObject","inLanguage":"es","@id":"https:\/\/potenciaradiofonicadominicana.com\/portal\/#\/schema\/logo\/image\/","url":"https:\/\/potenciaradiofonicadominicana.com\/portal\/wp-content\/uploads\/2022\/01\/descarga.png","contentUrl":"https:\/\/potenciaradiofonicadominicana.com\/portal\/wp-content\/uploads\/2022\/01\/descarga.png","width":300,"height":100,"caption":"PotenciaRadiofonicaDominicana.com"},"image":{"@id":"https:\/\/potenciaradiofonicadominicana.com\/portal\/#\/schema\/logo\/image\/"},"sameAs":["https:\/\/web.facebook.com\/PotenciaRadiofonicaD"]},{"@type":"Person","@id":"https:\/\/potenciaradiofonicadominicana.com\/portal\/#\/schema\/person\/a5cf1fea13877803ee0573ac18b03490","name":"Potencia Radiof\u00f3nica Dominicana","image":{"@type":"ImageObject","inLanguage":"es","@id":"https:\/\/potenciaradiofonicadominicana.com\/portal\/#\/schema\/person\/image\/","url":"https:\/\/secure.gravatar.com\/avatar\/42a55ab9e8ccc656ba34cd791990602a?s=96&d=mm&r=g","contentUrl":"https:\/\/secure.gravatar.com\/avatar\/42a55ab9e8ccc656ba34cd791990602a?s=96&d=mm&r=g","caption":"Potencia Radiof\u00f3nica Dominicana"},"url":"https:\/\/potenciaradiofonicadominicana.com\/portal\/author\/johannyalmanzar\/"}]}},"_links":{"self":[{"href":"https:\/\/potenciaradiofonicadominicana.com\/portal\/wp-json\/wp\/v2\/posts\/210234","targetHints":{"allow":["GET"]}}],"collection":[{"href":"https:\/\/potenciaradiofonicadominicana.com\/portal\/wp-json\/wp\/v2\/posts"}],"about":[{"href":"https:\/\/potenciaradiofonicadominicana.com\/portal\/wp-json\/wp\/v2\/types\/post"}],"author":[{"embeddable":true,"href":"https:\/\/potenciaradiofonicadominicana.com\/portal\/wp-json\/wp\/v2\/users\/2"}],"replies":[{"embeddable":true,"href":"https:\/\/potenciaradiofonicadominicana.com\/portal\/wp-json\/wp\/v2\/comments?post=210234"}],"version-history":[{"count":1,"href":"https:\/\/potenciaradiofonicadominicana.com\/portal\/wp-json\/wp\/v2\/posts\/210234\/revisions"}],"predecessor-version":[{"id":210236,"href":"https:\/\/potenciaradiofonicadominicana.com\/portal\/wp-json\/wp\/v2\/posts\/210234\/revisions\/210236"}],"wp:featuredmedia":[{"embeddable":true,"href":"https:\/\/potenciaradiofonicadominicana.com\/portal\/wp-json\/wp\/v2\/media\/210235"}],"wp:attachment":[{"href":"https:\/\/potenciaradiofonicadominicana.com\/portal\/wp-json\/wp\/v2\/media?parent=210234"}],"wp:term":[{"taxonomy":"category","embeddable":true,"href":"https:\/\/potenciaradiofonicadominicana.com\/portal\/wp-json\/wp\/v2\/categories?post=210234"},{"taxonomy":"post_tag","embeddable":true,"href":"https:\/\/potenciaradiofonicadominicana.com\/portal\/wp-json\/wp\/v2\/tags?post=210234"}],"curies":[{"name":"wp","href":"https:\/\/api.w.org\/{rel}","templated":true}]}}