{"id":210228,"date":"2026-01-21T19:01:02","date_gmt":"2026-01-21T23:01:02","guid":{"rendered":"https:\/\/potenciaradiofonicadominicana.com\/portal\/?p=210228"},"modified":"2026-01-21T19:01:02","modified_gmt":"2026-01-21T23:01:02","slug":"el-barca-logro-una-victoria-ante-el-slavia-de-praga","status":"publish","type":"post","link":"https:\/\/potenciaradiofonicadominicana.com\/portal\/el-barca-logro-una-victoria-ante-el-slavia-de-praga\/","title":{"rendered":"El Bar\u00e7a logr\u00f3 una victoria ante el Slavia de Praga"},"content":{"rendered":"<p><a href=\"https:\/\/potenciaradiofonicadominicana.com\/portal\/wp-content\/uploads\/2026\/01\/El-periodico-de-ceuta-5-3-750x393-1.jpg\"><img loading=\"lazy\" decoding=\"async\" class=\"alignnone size-full wp-image-210229\" src=\"https:\/\/potenciaradiofonicadominicana.com\/portal\/wp-content\/uploads\/2026\/01\/El-periodico-de-ceuta-5-3-750x393-1.jpg\" alt=\"\" width=\"750\" height=\"393\" srcset=\"https:\/\/potenciaradiofonicadominicana.com\/portal\/wp-content\/uploads\/2026\/01\/El-periodico-de-ceuta-5-3-750x393-1.jpg 750w, https:\/\/potenciaradiofonicadominicana.com\/portal\/wp-content\/uploads\/2026\/01\/El-periodico-de-ceuta-5-3-750x393-1-300x157.jpg 300w\" sizes=\"auto, (max-width: 750px) 100vw, 750px\" \/><\/a><\/p>\n<p>Un doblete de Ferm\u00edn en la primera mitad, y los goles de Olmo y Lewandowski en la segunda descongelaron a tiempo al Barcelona en el Eden Arena, donde logr\u00f3 una victoria ante el Slavia de Praga (2-4) que le permite depender de s\u00ed mismo, en la \u00faltima jornada, para clasificarse directamente para los octavos de final de la Liga de Campeones.<\/p>\n<p>Los azulgranas tuvieron que sobreponerse al fri\u00f3 de la capital checa y a un sorprendente arranque local, que sali\u00f3 en tromba y avisaba nada m\u00e1s empezar el partido.<\/p>\n<p>Gerard Mart\u00edn, que hoy daba descanso a Cubars\u00ed en el eje de la zaga, med\u00eda mal a la hora de despejar un bal\u00f3n, y Chov\u00fd acaba rematando alto en la primera jugada del partido.<\/p>\n<p>Tampoco acertaba entre los tres palos Ferm\u00edn en la jugada siguiente tras controlar, dentro del \u00e1rea, un bal\u00f3n colgado por Raphinha. Pero los locales, esta vez s\u00ed, encontrar\u00edan el camino del gol, en una jugada extra\u00f1a, cuando el duelo apenas cumpl\u00eda sus diez primeros minutos.<\/p>\n<p>Holes prolongaba un saque de esquina al segundo palo y Kusej se trastabillaba con De Jong para enviar el bal\u00f3n al fondo de la red, casi sin querer, mientras chocaba con Joan Garc\u00eda en la ca\u00edda.<\/p>\n<p>Un inicio inesperadamente inc\u00f3modo para los de Flick, incapaces de superar la presi\u00f3n asfixiante del rival y al ambiente del animoso Eden Arena, que no viv\u00eda un partido de su equipo desde hac\u00eda m\u00e1s de un mes.<br \/>\nCon Moses tapando a Pedri en la creaci\u00f3n, y sin el concurso de Lamine Yamal -su baja por sanci\u00f3n la cubri\u00f3 Roony Bardhji- al Bar\u00e7a le cost\u00f3 casi media hora controlar el choque y empezar a vivir en campo contrario. Y Eric Garc\u00eda, con un disparo desde la frontal, pon\u00eda a prueba por primera vez a St\u00e4nek, antes de que los visitantes dieran la vuelta al marcador.<\/p>\n<p>Lo hizo Ferm\u00edn por partida doble en la recta final del primer tiempo. En el primero tanto, aprovech\u00f3 una combinaci\u00f3n de primeras entre Eric, Raphinha y De Jong, para ganar la espalda a la zaga visitante y sorprender a St\u00e4nek con un disparo al palo corto. Y en el segundo, ejecut\u00f3 un tiro colocado desde la frontal que hac\u00eda imposible la estirada del portero del Slavia.<\/p>\n<p>Pero cuando parec\u00eda que el encuentro llegaba al descanso con el 1-2, el conjunto checo volv\u00eda a empatar en otro saque de esquina. Esta vez, era Chaloupek quien prolongaba el bal\u00f3n, que sorprend\u00eda a Joan Garc\u00eda tras rebotar en el hombro del Lewandowski. Sali\u00f3 mucho mejor el Barcelona en la segunda mitad. Pedri disparaba a las manos Stan\u00ebk al inicio de la reanudaci\u00f3n y el \u00e1rbitro anulaba un gol de De Jong por fuera de juego previo en el remate de Lewandowski.<br \/>\nSin embargo, el Slavia, espoleado por su p\u00fablico, a\u00fan era capaz de elevar la exigencia f\u00edsica del duelo y encima Pedri se romp\u00eda para el Bar\u00e7a, lo que Flick aprovechaba para jugarse con Olmo y Rashford en la media hora final. Nada m\u00e1s ingresar en el campo, Olmo hac\u00eda el 3-2 con un latigazo desde la frontal a la escuadra izquierda de la porter\u00eda local.<\/p>\n<p>Y en el 70, Lewandowski hac\u00eda el cuarto, en l\u00ednea de gol, tras domar un centro de Rashford. Provod y el reci\u00e9n ingresado Schranz remataban desviado sobre la meta de Joan Garc\u00eda y de neutralizar el resto de aproximaciones del conjunto local se encargaba un Eric Garc\u00eda imperial. No hubo un quinto visitante pese a que la clasificaci\u00f3n esta ahora mismo pendiente del &#8216;goal-avarage&#8217;. Pero las derrotas de Manchester City y Atalanta y el empate del Atl\u00e9tico de Madrid colocan al Barcelona en novena posici\u00f3n, aunque empatado con el PSG, que es sexto.<\/p>\n<p>La pr\u00f3xima semana, el cuadro azulgrana recibir\u00e1 al Copenhague en el Spotify Camp Nou con el objetivo cumplido de depender de s\u00ed mismo, pese al susto inicial en Praga, ante una de las cenicientas de esta Champions, donde todav\u00eda no conoce la victoria.<\/p>\n<p>&nbsp;<\/p>\n","protected":false},"excerpt":{"rendered":"<p>Un doblete de Ferm\u00edn en la primera mitad, y los goles de Olmo y Lewandowski en la segunda descongelaron a &#8230;<\/p>\n","protected":false},"author":2,"featured_media":210229,"comment_status":"closed","ping_status":"closed","sticky":false,"template":"","format":"standard","meta":{"footnotes":""},"categories":[28],"tags":[],"class_list":["post-210228","post","type-post","status-publish","format-standard","has-post-thumbnail","hentry","category-deportes"],"yoast_head":"<!-- This site is optimized with the Yoast SEO plugin v24.8.1 - https:\/\/yoast.com\/wordpress\/plugins\/seo\/ -->\n<title>El Bar\u00e7a logr\u00f3 una victoria ante el Slavia de Praga - PotenciaRadiofonicaDominicana.com<\/title>\n<meta name=\"robots\" content=\"index, follow, max-snippet:-1, max-image-preview:large, max-video-preview:-1\" \/>\n<link rel=\"canonical\" href=\"https:\/\/potenciaradiofonicadominicana.com\/portal\/el-barca-logro-una-victoria-ante-el-slavia-de-praga\/\" \/>\n<meta property=\"og:locale\" content=\"es_ES\" \/>\n<meta property=\"og:type\" content=\"article\" \/>\n<meta property=\"og:title\" content=\"El Bar\u00e7a logr\u00f3 una victoria ante el Slavia de Praga - PotenciaRadiofonicaDominicana.com\" \/>\n<meta property=\"og:description\" content=\"Un doblete de Ferm\u00edn en la primera mitad, y los goles de Olmo y Lewandowski en la segunda descongelaron a ...\" \/>\n<meta property=\"og:url\" content=\"https:\/\/potenciaradiofonicadominicana.com\/portal\/el-barca-logro-una-victoria-ante-el-slavia-de-praga\/\" \/>\n<meta property=\"og:site_name\" content=\"PotenciaRadiofonicaDominicana.com\" \/>\n<meta property=\"article:publisher\" content=\"https:\/\/web.facebook.com\/PotenciaRadiofonicaD\" \/>\n<meta property=\"article:published_time\" content=\"2026-01-21T23:01:02+00:00\" \/>\n<meta property=\"og:image\" content=\"https:\/\/potenciaradiofonicadominicana.com\/portal\/wp-content\/uploads\/2026\/01\/El-periodico-de-ceuta-5-3-750x393-1.jpg\" \/>\n\t<meta property=\"og:image:width\" content=\"750\" \/>\n\t<meta property=\"og:image:height\" content=\"393\" \/>\n\t<meta property=\"og:image:type\" content=\"image\/jpeg\" \/>\n<meta name=\"author\" content=\"Potencia Radiof\u00f3nica Dominicana\" \/>\n<meta name=\"twitter:card\" content=\"summary_large_image\" \/>\n<meta name=\"twitter:label1\" content=\"Escrito por\" \/>\n\t<meta name=\"twitter:data1\" content=\"Potencia Radiof\u00f3nica Dominicana\" \/>\n\t<meta name=\"twitter:label2\" content=\"Tiempo de lectura\" \/>\n\t<meta name=\"twitter:data2\" content=\"4 minutos\" \/>\n<script type=\"application\/ld+json\" class=\"yoast-schema-graph\">{\"@context\":\"https:\/\/schema.org\",\"@graph\":[{\"@type\":\"Article\",\"@id\":\"https:\/\/potenciaradiofonicadominicana.com\/portal\/el-barca-logro-una-victoria-ante-el-slavia-de-praga\/#article\",\"isPartOf\":{\"@id\":\"https:\/\/potenciaradiofonicadominicana.com\/portal\/el-barca-logro-una-victoria-ante-el-slavia-de-praga\/\"},\"author\":{\"name\":\"Potencia Radiof\u00f3nica Dominicana\",\"@id\":\"https:\/\/potenciaradiofonicadominicana.com\/portal\/#\/schema\/person\/a5cf1fea13877803ee0573ac18b03490\"},\"headline\":\"El Bar\u00e7a logr\u00f3 una victoria ante el Slavia de Praga\",\"datePublished\":\"2026-01-21T23:01:02+00:00\",\"mainEntityOfPage\":{\"@id\":\"https:\/\/potenciaradiofonicadominicana.com\/portal\/el-barca-logro-una-victoria-ante-el-slavia-de-praga\/\"},\"wordCount\":721,\"publisher\":{\"@id\":\"https:\/\/potenciaradiofonicadominicana.com\/portal\/#organization\"},\"image\":{\"@id\":\"https:\/\/potenciaradiofonicadominicana.com\/portal\/el-barca-logro-una-victoria-ante-el-slavia-de-praga\/#primaryimage\"},\"thumbnailUrl\":\"https:\/\/potenciaradiofonicadominicana.com\/portal\/wp-content\/uploads\/2026\/01\/El-periodico-de-ceuta-5-3-750x393-1.jpg\",\"articleSection\":[\"Deportes\"],\"inLanguage\":\"es\"},{\"@type\":\"WebPage\",\"@id\":\"https:\/\/potenciaradiofonicadominicana.com\/portal\/el-barca-logro-una-victoria-ante-el-slavia-de-praga\/\",\"url\":\"https:\/\/potenciaradiofonicadominicana.com\/portal\/el-barca-logro-una-victoria-ante-el-slavia-de-praga\/\",\"name\":\"El Bar\u00e7a logr\u00f3 una victoria ante el Slavia de Praga - PotenciaRadiofonicaDominicana.com\",\"isPartOf\":{\"@id\":\"https:\/\/potenciaradiofonicadominicana.com\/portal\/#website\"},\"primaryImageOfPage\":{\"@id\":\"https:\/\/potenciaradiofonicadominicana.com\/portal\/el-barca-logro-una-victoria-ante-el-slavia-de-praga\/#primaryimage\"},\"image\":{\"@id\":\"https:\/\/potenciaradiofonicadominicana.com\/portal\/el-barca-logro-una-victoria-ante-el-slavia-de-praga\/#primaryimage\"},\"thumbnailUrl\":\"https:\/\/potenciaradiofonicadominicana.com\/portal\/wp-content\/uploads\/2026\/01\/El-periodico-de-ceuta-5-3-750x393-1.jpg\",\"datePublished\":\"2026-01-21T23:01:02+00:00\",\"breadcrumb\":{\"@id\":\"https:\/\/potenciaradiofonicadominicana.com\/portal\/el-barca-logro-una-victoria-ante-el-slavia-de-praga\/#breadcrumb\"},\"inLanguage\":\"es\",\"potentialAction\":[{\"@type\":\"ReadAction\",\"target\":[\"https:\/\/potenciaradiofonicadominicana.com\/portal\/el-barca-logro-una-victoria-ante-el-slavia-de-praga\/\"]}]},{\"@type\":\"ImageObject\",\"inLanguage\":\"es\",\"@id\":\"https:\/\/potenciaradiofonicadominicana.com\/portal\/el-barca-logro-una-victoria-ante-el-slavia-de-praga\/#primaryimage\",\"url\":\"https:\/\/potenciaradiofonicadominicana.com\/portal\/wp-content\/uploads\/2026\/01\/El-periodico-de-ceuta-5-3-750x393-1.jpg\",\"contentUrl\":\"https:\/\/potenciaradiofonicadominicana.com\/portal\/wp-content\/uploads\/2026\/01\/El-periodico-de-ceuta-5-3-750x393-1.jpg\",\"width\":750,\"height\":393},{\"@type\":\"BreadcrumbList\",\"@id\":\"https:\/\/potenciaradiofonicadominicana.com\/portal\/el-barca-logro-una-victoria-ante-el-slavia-de-praga\/#breadcrumb\",\"itemListElement\":[{\"@type\":\"ListItem\",\"position\":1,\"name\":\"Portada\",\"item\":\"https:\/\/potenciaradiofonicadominicana.com\/portal\/\"},{\"@type\":\"ListItem\",\"position\":2,\"name\":\"El Bar\u00e7a logr\u00f3 una victoria ante el Slavia de Praga\"}]},{\"@type\":\"WebSite\",\"@id\":\"https:\/\/potenciaradiofonicadominicana.com\/portal\/#website\",\"url\":\"https:\/\/potenciaradiofonicadominicana.com\/portal\/\",\"name\":\"PotenciaRadiofonicaDominicana.com\",\"description\":\"Peri\u00f3dico Digital\",\"publisher\":{\"@id\":\"https:\/\/potenciaradiofonicadominicana.com\/portal\/#organization\"},\"potentialAction\":[{\"@type\":\"SearchAction\",\"target\":{\"@type\":\"EntryPoint\",\"urlTemplate\":\"https:\/\/potenciaradiofonicadominicana.com\/portal\/?s={search_term_string}\"},\"query-input\":{\"@type\":\"PropertyValueSpecification\",\"valueRequired\":true,\"valueName\":\"search_term_string\"}}],\"inLanguage\":\"es\"},{\"@type\":\"Organization\",\"@id\":\"https:\/\/potenciaradiofonicadominicana.com\/portal\/#organization\",\"name\":\"PotenciaRadiofonicaDominicana.com\",\"url\":\"https:\/\/potenciaradiofonicadominicana.com\/portal\/\",\"logo\":{\"@type\":\"ImageObject\",\"inLanguage\":\"es\",\"@id\":\"https:\/\/potenciaradiofonicadominicana.com\/portal\/#\/schema\/logo\/image\/\",\"url\":\"https:\/\/potenciaradiofonicadominicana.com\/portal\/wp-content\/uploads\/2022\/01\/descarga.png\",\"contentUrl\":\"https:\/\/potenciaradiofonicadominicana.com\/portal\/wp-content\/uploads\/2022\/01\/descarga.png\",\"width\":300,\"height\":100,\"caption\":\"PotenciaRadiofonicaDominicana.com\"},\"image\":{\"@id\":\"https:\/\/potenciaradiofonicadominicana.com\/portal\/#\/schema\/logo\/image\/\"},\"sameAs\":[\"https:\/\/web.facebook.com\/PotenciaRadiofonicaD\"]},{\"@type\":\"Person\",\"@id\":\"https:\/\/potenciaradiofonicadominicana.com\/portal\/#\/schema\/person\/a5cf1fea13877803ee0573ac18b03490\",\"name\":\"Potencia Radiof\u00f3nica Dominicana\",\"image\":{\"@type\":\"ImageObject\",\"inLanguage\":\"es\",\"@id\":\"https:\/\/potenciaradiofonicadominicana.com\/portal\/#\/schema\/person\/image\/\",\"url\":\"https:\/\/secure.gravatar.com\/avatar\/42a55ab9e8ccc656ba34cd791990602a?s=96&d=mm&r=g\",\"contentUrl\":\"https:\/\/secure.gravatar.com\/avatar\/42a55ab9e8ccc656ba34cd791990602a?s=96&d=mm&r=g\",\"caption\":\"Potencia Radiof\u00f3nica Dominicana\"},\"url\":\"https:\/\/potenciaradiofonicadominicana.com\/portal\/author\/johannyalmanzar\/\"}]}<\/script>\n<!-- \/ Yoast SEO plugin. -->","yoast_head_json":{"title":"El Bar\u00e7a logr\u00f3 una victoria ante el Slavia de Praga - PotenciaRadiofonicaDominicana.com","robots":{"index":"index","follow":"follow","max-snippet":"max-snippet:-1","max-image-preview":"max-image-preview:large","max-video-preview":"max-video-preview:-1"},"canonical":"https:\/\/potenciaradiofonicadominicana.com\/portal\/el-barca-logro-una-victoria-ante-el-slavia-de-praga\/","og_locale":"es_ES","og_type":"article","og_title":"El Bar\u00e7a logr\u00f3 una victoria ante el Slavia de Praga - PotenciaRadiofonicaDominicana.com","og_description":"Un doblete de Ferm\u00edn en la primera mitad, y los goles de Olmo y Lewandowski en la segunda descongelaron a ...","og_url":"https:\/\/potenciaradiofonicadominicana.com\/portal\/el-barca-logro-una-victoria-ante-el-slavia-de-praga\/","og_site_name":"PotenciaRadiofonicaDominicana.com","article_publisher":"https:\/\/web.facebook.com\/PotenciaRadiofonicaD","article_published_time":"2026-01-21T23:01:02+00:00","og_image":[{"width":750,"height":393,"url":"https:\/\/potenciaradiofonicadominicana.com\/portal\/wp-content\/uploads\/2026\/01\/El-periodico-de-ceuta-5-3-750x393-1.jpg","type":"image\/jpeg"}],"author":"Potencia Radiof\u00f3nica Dominicana","twitter_card":"summary_large_image","twitter_misc":{"Escrito por":"Potencia Radiof\u00f3nica Dominicana","Tiempo de lectura":"4 minutos"},"schema":{"@context":"https:\/\/schema.org","@graph":[{"@type":"Article","@id":"https:\/\/potenciaradiofonicadominicana.com\/portal\/el-barca-logro-una-victoria-ante-el-slavia-de-praga\/#article","isPartOf":{"@id":"https:\/\/potenciaradiofonicadominicana.com\/portal\/el-barca-logro-una-victoria-ante-el-slavia-de-praga\/"},"author":{"name":"Potencia Radiof\u00f3nica Dominicana","@id":"https:\/\/potenciaradiofonicadominicana.com\/portal\/#\/schema\/person\/a5cf1fea13877803ee0573ac18b03490"},"headline":"El Bar\u00e7a logr\u00f3 una victoria ante el Slavia de Praga","datePublished":"2026-01-21T23:01:02+00:00","mainEntityOfPage":{"@id":"https:\/\/potenciaradiofonicadominicana.com\/portal\/el-barca-logro-una-victoria-ante-el-slavia-de-praga\/"},"wordCount":721,"publisher":{"@id":"https:\/\/potenciaradiofonicadominicana.com\/portal\/#organization"},"image":{"@id":"https:\/\/potenciaradiofonicadominicana.com\/portal\/el-barca-logro-una-victoria-ante-el-slavia-de-praga\/#primaryimage"},"thumbnailUrl":"https:\/\/potenciaradiofonicadominicana.com\/portal\/wp-content\/uploads\/2026\/01\/El-periodico-de-ceuta-5-3-750x393-1.jpg","articleSection":["Deportes"],"inLanguage":"es"},{"@type":"WebPage","@id":"https:\/\/potenciaradiofonicadominicana.com\/portal\/el-barca-logro-una-victoria-ante-el-slavia-de-praga\/","url":"https:\/\/potenciaradiofonicadominicana.com\/portal\/el-barca-logro-una-victoria-ante-el-slavia-de-praga\/","name":"El Bar\u00e7a logr\u00f3 una victoria ante el Slavia de Praga - PotenciaRadiofonicaDominicana.com","isPartOf":{"@id":"https:\/\/potenciaradiofonicadominicana.com\/portal\/#website"},"primaryImageOfPage":{"@id":"https:\/\/potenciaradiofonicadominicana.com\/portal\/el-barca-logro-una-victoria-ante-el-slavia-de-praga\/#primaryimage"},"image":{"@id":"https:\/\/potenciaradiofonicadominicana.com\/portal\/el-barca-logro-una-victoria-ante-el-slavia-de-praga\/#primaryimage"},"thumbnailUrl":"https:\/\/potenciaradiofonicadominicana.com\/portal\/wp-content\/uploads\/2026\/01\/El-periodico-de-ceuta-5-3-750x393-1.jpg","datePublished":"2026-01-21T23:01:02+00:00","breadcrumb":{"@id":"https:\/\/potenciaradiofonicadominicana.com\/portal\/el-barca-logro-una-victoria-ante-el-slavia-de-praga\/#breadcrumb"},"inLanguage":"es","potentialAction":[{"@type":"ReadAction","target":["https:\/\/potenciaradiofonicadominicana.com\/portal\/el-barca-logro-una-victoria-ante-el-slavia-de-praga\/"]}]},{"@type":"ImageObject","inLanguage":"es","@id":"https:\/\/potenciaradiofonicadominicana.com\/portal\/el-barca-logro-una-victoria-ante-el-slavia-de-praga\/#primaryimage","url":"https:\/\/potenciaradiofonicadominicana.com\/portal\/wp-content\/uploads\/2026\/01\/El-periodico-de-ceuta-5-3-750x393-1.jpg","contentUrl":"https:\/\/potenciaradiofonicadominicana.com\/portal\/wp-content\/uploads\/2026\/01\/El-periodico-de-ceuta-5-3-750x393-1.jpg","width":750,"height":393},{"@type":"BreadcrumbList","@id":"https:\/\/potenciaradiofonicadominicana.com\/portal\/el-barca-logro-una-victoria-ante-el-slavia-de-praga\/#breadcrumb","itemListElement":[{"@type":"ListItem","position":1,"name":"Portada","item":"https:\/\/potenciaradiofonicadominicana.com\/portal\/"},{"@type":"ListItem","position":2,"name":"El Bar\u00e7a logr\u00f3 una victoria ante el Slavia de Praga"}]},{"@type":"WebSite","@id":"https:\/\/potenciaradiofonicadominicana.com\/portal\/#website","url":"https:\/\/potenciaradiofonicadominicana.com\/portal\/","name":"PotenciaRadiofonicaDominicana.com","description":"Peri\u00f3dico Digital","publisher":{"@id":"https:\/\/potenciaradiofonicadominicana.com\/portal\/#organization"},"potentialAction":[{"@type":"SearchAction","target":{"@type":"EntryPoint","urlTemplate":"https:\/\/potenciaradiofonicadominicana.com\/portal\/?s={search_term_string}"},"query-input":{"@type":"PropertyValueSpecification","valueRequired":true,"valueName":"search_term_string"}}],"inLanguage":"es"},{"@type":"Organization","@id":"https:\/\/potenciaradiofonicadominicana.com\/portal\/#organization","name":"PotenciaRadiofonicaDominicana.com","url":"https:\/\/potenciaradiofonicadominicana.com\/portal\/","logo":{"@type":"ImageObject","inLanguage":"es","@id":"https:\/\/potenciaradiofonicadominicana.com\/portal\/#\/schema\/logo\/image\/","url":"https:\/\/potenciaradiofonicadominicana.com\/portal\/wp-content\/uploads\/2022\/01\/descarga.png","contentUrl":"https:\/\/potenciaradiofonicadominicana.com\/portal\/wp-content\/uploads\/2022\/01\/descarga.png","width":300,"height":100,"caption":"PotenciaRadiofonicaDominicana.com"},"image":{"@id":"https:\/\/potenciaradiofonicadominicana.com\/portal\/#\/schema\/logo\/image\/"},"sameAs":["https:\/\/web.facebook.com\/PotenciaRadiofonicaD"]},{"@type":"Person","@id":"https:\/\/potenciaradiofonicadominicana.com\/portal\/#\/schema\/person\/a5cf1fea13877803ee0573ac18b03490","name":"Potencia Radiof\u00f3nica Dominicana","image":{"@type":"ImageObject","inLanguage":"es","@id":"https:\/\/potenciaradiofonicadominicana.com\/portal\/#\/schema\/person\/image\/","url":"https:\/\/secure.gravatar.com\/avatar\/42a55ab9e8ccc656ba34cd791990602a?s=96&d=mm&r=g","contentUrl":"https:\/\/secure.gravatar.com\/avatar\/42a55ab9e8ccc656ba34cd791990602a?s=96&d=mm&r=g","caption":"Potencia Radiof\u00f3nica Dominicana"},"url":"https:\/\/potenciaradiofonicadominicana.com\/portal\/author\/johannyalmanzar\/"}]}},"_links":{"self":[{"href":"https:\/\/potenciaradiofonicadominicana.com\/portal\/wp-json\/wp\/v2\/posts\/210228","targetHints":{"allow":["GET"]}}],"collection":[{"href":"https:\/\/potenciaradiofonicadominicana.com\/portal\/wp-json\/wp\/v2\/posts"}],"about":[{"href":"https:\/\/potenciaradiofonicadominicana.com\/portal\/wp-json\/wp\/v2\/types\/post"}],"author":[{"embeddable":true,"href":"https:\/\/potenciaradiofonicadominicana.com\/portal\/wp-json\/wp\/v2\/users\/2"}],"replies":[{"embeddable":true,"href":"https:\/\/potenciaradiofonicadominicana.com\/portal\/wp-json\/wp\/v2\/comments?post=210228"}],"version-history":[{"count":1,"href":"https:\/\/potenciaradiofonicadominicana.com\/portal\/wp-json\/wp\/v2\/posts\/210228\/revisions"}],"predecessor-version":[{"id":210230,"href":"https:\/\/potenciaradiofonicadominicana.com\/portal\/wp-json\/wp\/v2\/posts\/210228\/revisions\/210230"}],"wp:featuredmedia":[{"embeddable":true,"href":"https:\/\/potenciaradiofonicadominicana.com\/portal\/wp-json\/wp\/v2\/media\/210229"}],"wp:attachment":[{"href":"https:\/\/potenciaradiofonicadominicana.com\/portal\/wp-json\/wp\/v2\/media?parent=210228"}],"wp:term":[{"taxonomy":"category","embeddable":true,"href":"https:\/\/potenciaradiofonicadominicana.com\/portal\/wp-json\/wp\/v2\/categories?post=210228"},{"taxonomy":"post_tag","embeddable":true,"href":"https:\/\/potenciaradiofonicadominicana.com\/portal\/wp-json\/wp\/v2\/tags?post=210228"}],"curies":[{"name":"wp","href":"https:\/\/api.w.org\/{rel}","templated":true}]}}