{"id":210225,"date":"2026-01-21T18:59:22","date_gmt":"2026-01-21T22:59:22","guid":{"rendered":"https:\/\/potenciaradiofonicadominicana.com\/portal\/?p=210225"},"modified":"2026-01-21T18:59:22","modified_gmt":"2026-01-21T22:59:22","slug":"alcaraz-y-sabalenka-cumplen-y-ya-estan-en-tercera-ronda-en-melbourne","status":"publish","type":"post","link":"https:\/\/potenciaradiofonicadominicana.com\/portal\/alcaraz-y-sabalenka-cumplen-y-ya-estan-en-tercera-ronda-en-melbourne\/","title":{"rendered":"Alcaraz y Sabalenka cumplen y ya est\u00e1n en tercera ronda en Melbourne"},"content":{"rendered":"<p><a href=\"https:\/\/potenciaradiofonicadominicana.com\/portal\/wp-content\/uploads\/2026\/01\/d1170b7bcc7e4e7ed0ce73b54c4e2f3c818ed0cf05f47e3e764f7a730eb592eb.webp\"><img loading=\"lazy\" decoding=\"async\" class=\"alignnone size-full wp-image-210226\" src=\"https:\/\/potenciaradiofonicadominicana.com\/portal\/wp-content\/uploads\/2026\/01\/d1170b7bcc7e4e7ed0ce73b54c4e2f3c818ed0cf05f47e3e764f7a730eb592eb.webp\" alt=\"\" width=\"1140\" height=\"760\" srcset=\"https:\/\/potenciaradiofonicadominicana.com\/portal\/wp-content\/uploads\/2026\/01\/d1170b7bcc7e4e7ed0ce73b54c4e2f3c818ed0cf05f47e3e764f7a730eb592eb.webp 1140w, https:\/\/potenciaradiofonicadominicana.com\/portal\/wp-content\/uploads\/2026\/01\/d1170b7bcc7e4e7ed0ce73b54c4e2f3c818ed0cf05f47e3e764f7a730eb592eb-300x200.webp 300w, https:\/\/potenciaradiofonicadominicana.com\/portal\/wp-content\/uploads\/2026\/01\/d1170b7bcc7e4e7ed0ce73b54c4e2f3c818ed0cf05f47e3e764f7a730eb592eb-1024x683.webp 1024w, https:\/\/potenciaradiofonicadominicana.com\/portal\/wp-content\/uploads\/2026\/01\/d1170b7bcc7e4e7ed0ce73b54c4e2f3c818ed0cf05f47e3e764f7a730eb592eb-768x512.webp 768w\" sizes=\"auto, (max-width: 1140px) 100vw, 1140px\" \/><\/a><\/p>\n<p>Aunque con algo m\u00e1s de trabajo de lo previsible, el n\u00famero uno del mundo Carlos Alcaraz derrot\u00f3 este mi\u00e9rcoles al veterano alem\u00e1n Yannick Hanfmann para acceder a tercera ronda del Abierto de Australia, en la que tambi\u00e9n estar\u00e1 su hom\u00f3loga femenina Aryna Sabalenka.<\/p>\n<p>Tambi\u00e9n avanzaron el tres veces finalista del primer &#8216;Grande&#8217; del a\u00f1o, el ruso Daniil Medvedev, el vigente subcampe\u00f3n Alexander Zverev y la \u00faltima campeona de Roland Garros Coco Gauff.<\/p>\n<p>Bajo un tiempo m\u00e1s fresco y nublado en el Melbourne Park luego de tres d\u00edas de calor, la estrella espa\u00f1ola Carlos Alcaraz, seis veces ganador de Grand Slam, se impuso por 7-6 (7\/4), 6-3 y 6-2 en la Rod Laver Arena y se enfrentar\u00e1 en su siguiente compromiso al franc\u00e9s Corentin Moutet (37\u00ba del mundo), verdugo del estadounidense Michael Zheng tras abandono de este \u00faltimo en el cuarto set debido a unos problemas f\u00edsicos.<\/p>\n<p>El murciano est\u00e1 ya a cinco victorias de convertirse en el jugador m\u00e1s joven de la historia en completar el Grand Slam, la conquista de los cuatro &#8216;Grandes&#8217; (Roland Garros, Wimbledon, US Open y Abierto de Australia). Hasta ahora ese honor est\u00e1 en manos de su compatriota Rafa Nadal.<\/p>\n<p>Sin embargo, Alcaraz sud\u00f3 m\u00e1s de lo esperado para imponerse a un jugador 12 a\u00f1os mayor que \u00e9l y que nunca ha ganado un t\u00edtulo en su carrera.<\/p>\n<p>\u00abSab\u00eda que iba a jugar muy bien. Conozco su nivel, ya he jugado contra \u00e9l varias veces\u00bb, dijo el tenista de 22 a\u00f1os.<\/p>\n<p>Hasta ahora, las pistas duras de Melbourne Park han sido su n\u00e9mesis, ya que no ha pasado de cuartos de final en sus cuatro visitas a Australia.<\/p>\n<p>El a\u00f1o pasado, el de El Palmar cay\u00f3 en esa fase ante Novak Djokovic y el a\u00f1o anterior ante Alexander Zverev.<\/p>\n<p>\u00abEstoy muy, muy contento de haber superado un primer set realmente dif\u00edcil y luego empec\u00e9 a sentirme un poco mejor en la cancha\u00bb, dijo.<\/p>\n<p>Avanzan Cer\u00fandolo y Etcheverry<br \/>\nHanfmann nunca hab\u00eda pasado de la segunda ronda en sus 16 participaciones anteriores en Grand Slam, pero empez\u00f3 bien, aunque luego sufri\u00f3 una remontada del espa\u00f1ol de 22 a\u00f1os.<\/p>\n<p>&nbsp;<\/p>\n<p>El alem\u00e1n necesit\u00f3 un tiempo muerto m\u00e9dico para que le atendieran el hombro izquierdo en el descanso.<\/p>\n<p>Continu\u00f3 valientemente, pero Alcaraz, que gan\u00f3 ocho t\u00edtulos la temporada pasada, consigui\u00f3 un quiebre para ponerse 3-1 arriba y no cometi\u00f3 ning\u00fan error en su carrera hacia la meta.<\/p>\n<p>El impredecible Medvedev, finalista en 2021, 2022 y 2024, derrot\u00f3 al franc\u00e9s Quentin Halys 6-7 (9\/11), 6-3, 6-4, 6-2 y se medir\u00e1 con el h\u00fangaro Fabian Marozsan en la siguiente ronda.<\/p>\n<p>Y el alem\u00e1n Zverev hizo lo propio ante el tambi\u00e9n franc\u00e9s Alexandre M\u00fcller. El de Hamburgo cedi\u00f3 un set y precis\u00f3 fisioterapia en el cuarto set por problemas en el tobillo izquierdo.<\/p>\n<p>Tambi\u00e9n estar\u00e1n en tercera ronda los argentinos Francisco Cer\u00fandolo y Tom\u00e1s Etcheverry tras eliminar al bosnio Damir D\u017eumhur y al brit\u00e1nico Arthur Fery respectivamente. Cer\u00fandolo se medir\u00e1 con el ruso Andrey Rublev, mientras que el kazajo Alexander Bublik ser\u00e1 el rival de Etcheverry por el pase a octavos.<\/p>\n<p>Asimismo jugar\u00e1 al menos un partido m\u00e1s el espa\u00f1ol Alejandro Davidovich, quien protagoniz\u00f3 un enfrentamiento con un sector del p\u00fablico, al que tach\u00f3 de \u00abborrachos ignorantes\u00bb por haber aplaudido un resbal\u00f3n suyo que le provoc\u00f3 dolor en el tobillo durante su partido ganado ante el estadounidense Reilly Opelka. Su pr\u00f3ximo rival ser\u00e1 Tomy Paul, que elimin\u00f3 al argentino Thiago Agust\u00edn Tirante.<\/p>\n<p>Otro albiceleste, Francisco Comesa\u00f1a, cay\u00f3 ante Frances Tiafoe.<\/p>\n<p>&#8211; Sabalenka y Gauff por la v\u00eda r\u00e1pida &#8211;<\/p>\n<p>En categor\u00eda femenina, la cuatro veces ganadora de Grand Slam Aryna Sabalenka derrot\u00f3 a la china Bai Zhuoxuan (702 del mundo) por 6-3 y 6-1.<\/p>\n<p>La bielorrusa no tuvo problema alguno para ganar su partido en 72 minutos de duraci\u00f3n ante la jugadora china, que ven\u00eda de la qualy.<\/p>\n<p>En tercera ronda en Melbourne, Sabalenka se medir\u00e1 con la austr\u00edaca de origen ruso Anastasia Potapova, que elimin\u00f3 a la brit\u00e1nica Emma Raducanu.<\/p>\n<p>Y la tercera cabeza de serie, Coco Gauff, estuvo impecable para doblegar en apenas 78 minutos a la serbia Olga Danilovic.<\/p>\n<p>La tenista de 21 a\u00f1os gan\u00f3 contundentemente los primeros cinco juegos para imponer su autoridad en la contienda, y venci\u00f3 6-2, 6-2 en el Margaret Court Arena.<\/p>\n<p>Ahora deber\u00e1 enfrentar a su compatriota Hailey Baptiste (N. 70), quien venci\u00f3 a la australiana Storm Hunter en sets consecutivos.<\/p>\n<p>Recientes ganadoras de los torneos de Auckland y de Adelaida, la ucraniana Elina Svitolina (12\u00aa) y la rusa Mirra Andreeva (7\u00aa), tambi\u00e9n se clasificaron en dos sets.<\/p>\n","protected":false},"excerpt":{"rendered":"<p>Aunque con algo m\u00e1s de trabajo de lo previsible, el n\u00famero uno del mundo Carlos Alcaraz derrot\u00f3 este mi\u00e9rcoles al &#8230;<\/p>\n","protected":false},"author":2,"featured_media":210226,"comment_status":"closed","ping_status":"closed","sticky":false,"template":"","format":"standard","meta":{"footnotes":""},"categories":[28],"tags":[],"class_list":["post-210225","post","type-post","status-publish","format-standard","has-post-thumbnail","hentry","category-deportes"],"yoast_head":"<!-- This site is optimized with the Yoast SEO plugin v24.8.1 - https:\/\/yoast.com\/wordpress\/plugins\/seo\/ -->\n<title>Alcaraz y Sabalenka cumplen y ya est\u00e1n en tercera ronda en Melbourne - PotenciaRadiofonicaDominicana.com<\/title>\n<meta name=\"robots\" content=\"index, follow, max-snippet:-1, max-image-preview:large, max-video-preview:-1\" \/>\n<link rel=\"canonical\" href=\"https:\/\/potenciaradiofonicadominicana.com\/portal\/alcaraz-y-sabalenka-cumplen-y-ya-estan-en-tercera-ronda-en-melbourne\/\" \/>\n<meta property=\"og:locale\" content=\"es_ES\" \/>\n<meta property=\"og:type\" content=\"article\" \/>\n<meta property=\"og:title\" content=\"Alcaraz y Sabalenka cumplen y ya est\u00e1n en tercera ronda en Melbourne - PotenciaRadiofonicaDominicana.com\" \/>\n<meta property=\"og:description\" content=\"Aunque con algo m\u00e1s de trabajo de lo previsible, el n\u00famero uno del mundo Carlos Alcaraz derrot\u00f3 este mi\u00e9rcoles al ...\" \/>\n<meta property=\"og:url\" content=\"https:\/\/potenciaradiofonicadominicana.com\/portal\/alcaraz-y-sabalenka-cumplen-y-ya-estan-en-tercera-ronda-en-melbourne\/\" \/>\n<meta property=\"og:site_name\" content=\"PotenciaRadiofonicaDominicana.com\" \/>\n<meta property=\"article:publisher\" content=\"https:\/\/web.facebook.com\/PotenciaRadiofonicaD\" \/>\n<meta property=\"article:published_time\" content=\"2026-01-21T22:59:22+00:00\" \/>\n<meta property=\"og:image\" content=\"https:\/\/potenciaradiofonicadominicana.com\/portal\/wp-content\/uploads\/2026\/01\/d1170b7bcc7e4e7ed0ce73b54c4e2f3c818ed0cf05f47e3e764f7a730eb592eb.webp\" \/>\n\t<meta property=\"og:image:width\" content=\"1140\" \/>\n\t<meta property=\"og:image:height\" content=\"760\" \/>\n\t<meta property=\"og:image:type\" content=\"image\/webp\" \/>\n<meta name=\"author\" content=\"Potencia Radiof\u00f3nica Dominicana\" \/>\n<meta name=\"twitter:card\" content=\"summary_large_image\" \/>\n<meta name=\"twitter:label1\" content=\"Escrito por\" \/>\n\t<meta name=\"twitter:data1\" content=\"Potencia Radiof\u00f3nica Dominicana\" \/>\n\t<meta name=\"twitter:label2\" content=\"Tiempo de lectura\" \/>\n\t<meta name=\"twitter:data2\" content=\"4 minutos\" \/>\n<script type=\"application\/ld+json\" class=\"yoast-schema-graph\">{\"@context\":\"https:\/\/schema.org\",\"@graph\":[{\"@type\":\"Article\",\"@id\":\"https:\/\/potenciaradiofonicadominicana.com\/portal\/alcaraz-y-sabalenka-cumplen-y-ya-estan-en-tercera-ronda-en-melbourne\/#article\",\"isPartOf\":{\"@id\":\"https:\/\/potenciaradiofonicadominicana.com\/portal\/alcaraz-y-sabalenka-cumplen-y-ya-estan-en-tercera-ronda-en-melbourne\/\"},\"author\":{\"name\":\"Potencia Radiof\u00f3nica Dominicana\",\"@id\":\"https:\/\/potenciaradiofonicadominicana.com\/portal\/#\/schema\/person\/a5cf1fea13877803ee0573ac18b03490\"},\"headline\":\"Alcaraz y Sabalenka cumplen y ya est\u00e1n en tercera ronda en Melbourne\",\"datePublished\":\"2026-01-21T22:59:22+00:00\",\"mainEntityOfPage\":{\"@id\":\"https:\/\/potenciaradiofonicadominicana.com\/portal\/alcaraz-y-sabalenka-cumplen-y-ya-estan-en-tercera-ronda-en-melbourne\/\"},\"wordCount\":811,\"publisher\":{\"@id\":\"https:\/\/potenciaradiofonicadominicana.com\/portal\/#organization\"},\"image\":{\"@id\":\"https:\/\/potenciaradiofonicadominicana.com\/portal\/alcaraz-y-sabalenka-cumplen-y-ya-estan-en-tercera-ronda-en-melbourne\/#primaryimage\"},\"thumbnailUrl\":\"https:\/\/potenciaradiofonicadominicana.com\/portal\/wp-content\/uploads\/2026\/01\/d1170b7bcc7e4e7ed0ce73b54c4e2f3c818ed0cf05f47e3e764f7a730eb592eb.webp\",\"articleSection\":[\"Deportes\"],\"inLanguage\":\"es\"},{\"@type\":\"WebPage\",\"@id\":\"https:\/\/potenciaradiofonicadominicana.com\/portal\/alcaraz-y-sabalenka-cumplen-y-ya-estan-en-tercera-ronda-en-melbourne\/\",\"url\":\"https:\/\/potenciaradiofonicadominicana.com\/portal\/alcaraz-y-sabalenka-cumplen-y-ya-estan-en-tercera-ronda-en-melbourne\/\",\"name\":\"Alcaraz y Sabalenka cumplen y ya est\u00e1n en tercera ronda en Melbourne - PotenciaRadiofonicaDominicana.com\",\"isPartOf\":{\"@id\":\"https:\/\/potenciaradiofonicadominicana.com\/portal\/#website\"},\"primaryImageOfPage\":{\"@id\":\"https:\/\/potenciaradiofonicadominicana.com\/portal\/alcaraz-y-sabalenka-cumplen-y-ya-estan-en-tercera-ronda-en-melbourne\/#primaryimage\"},\"image\":{\"@id\":\"https:\/\/potenciaradiofonicadominicana.com\/portal\/alcaraz-y-sabalenka-cumplen-y-ya-estan-en-tercera-ronda-en-melbourne\/#primaryimage\"},\"thumbnailUrl\":\"https:\/\/potenciaradiofonicadominicana.com\/portal\/wp-content\/uploads\/2026\/01\/d1170b7bcc7e4e7ed0ce73b54c4e2f3c818ed0cf05f47e3e764f7a730eb592eb.webp\",\"datePublished\":\"2026-01-21T22:59:22+00:00\",\"breadcrumb\":{\"@id\":\"https:\/\/potenciaradiofonicadominicana.com\/portal\/alcaraz-y-sabalenka-cumplen-y-ya-estan-en-tercera-ronda-en-melbourne\/#breadcrumb\"},\"inLanguage\":\"es\",\"potentialAction\":[{\"@type\":\"ReadAction\",\"target\":[\"https:\/\/potenciaradiofonicadominicana.com\/portal\/alcaraz-y-sabalenka-cumplen-y-ya-estan-en-tercera-ronda-en-melbourne\/\"]}]},{\"@type\":\"ImageObject\",\"inLanguage\":\"es\",\"@id\":\"https:\/\/potenciaradiofonicadominicana.com\/portal\/alcaraz-y-sabalenka-cumplen-y-ya-estan-en-tercera-ronda-en-melbourne\/#primaryimage\",\"url\":\"https:\/\/potenciaradiofonicadominicana.com\/portal\/wp-content\/uploads\/2026\/01\/d1170b7bcc7e4e7ed0ce73b54c4e2f3c818ed0cf05f47e3e764f7a730eb592eb.webp\",\"contentUrl\":\"https:\/\/potenciaradiofonicadominicana.com\/portal\/wp-content\/uploads\/2026\/01\/d1170b7bcc7e4e7ed0ce73b54c4e2f3c818ed0cf05f47e3e764f7a730eb592eb.webp\",\"width\":1140,\"height\":760},{\"@type\":\"BreadcrumbList\",\"@id\":\"https:\/\/potenciaradiofonicadominicana.com\/portal\/alcaraz-y-sabalenka-cumplen-y-ya-estan-en-tercera-ronda-en-melbourne\/#breadcrumb\",\"itemListElement\":[{\"@type\":\"ListItem\",\"position\":1,\"name\":\"Portada\",\"item\":\"https:\/\/potenciaradiofonicadominicana.com\/portal\/\"},{\"@type\":\"ListItem\",\"position\":2,\"name\":\"Alcaraz y Sabalenka cumplen y ya est\u00e1n en tercera ronda en Melbourne\"}]},{\"@type\":\"WebSite\",\"@id\":\"https:\/\/potenciaradiofonicadominicana.com\/portal\/#website\",\"url\":\"https:\/\/potenciaradiofonicadominicana.com\/portal\/\",\"name\":\"PotenciaRadiofonicaDominicana.com\",\"description\":\"Peri\u00f3dico Digital\",\"publisher\":{\"@id\":\"https:\/\/potenciaradiofonicadominicana.com\/portal\/#organization\"},\"potentialAction\":[{\"@type\":\"SearchAction\",\"target\":{\"@type\":\"EntryPoint\",\"urlTemplate\":\"https:\/\/potenciaradiofonicadominicana.com\/portal\/?s={search_term_string}\"},\"query-input\":{\"@type\":\"PropertyValueSpecification\",\"valueRequired\":true,\"valueName\":\"search_term_string\"}}],\"inLanguage\":\"es\"},{\"@type\":\"Organization\",\"@id\":\"https:\/\/potenciaradiofonicadominicana.com\/portal\/#organization\",\"name\":\"PotenciaRadiofonicaDominicana.com\",\"url\":\"https:\/\/potenciaradiofonicadominicana.com\/portal\/\",\"logo\":{\"@type\":\"ImageObject\",\"inLanguage\":\"es\",\"@id\":\"https:\/\/potenciaradiofonicadominicana.com\/portal\/#\/schema\/logo\/image\/\",\"url\":\"https:\/\/potenciaradiofonicadominicana.com\/portal\/wp-content\/uploads\/2022\/01\/descarga.png\",\"contentUrl\":\"https:\/\/potenciaradiofonicadominicana.com\/portal\/wp-content\/uploads\/2022\/01\/descarga.png\",\"width\":300,\"height\":100,\"caption\":\"PotenciaRadiofonicaDominicana.com\"},\"image\":{\"@id\":\"https:\/\/potenciaradiofonicadominicana.com\/portal\/#\/schema\/logo\/image\/\"},\"sameAs\":[\"https:\/\/web.facebook.com\/PotenciaRadiofonicaD\"]},{\"@type\":\"Person\",\"@id\":\"https:\/\/potenciaradiofonicadominicana.com\/portal\/#\/schema\/person\/a5cf1fea13877803ee0573ac18b03490\",\"name\":\"Potencia Radiof\u00f3nica Dominicana\",\"image\":{\"@type\":\"ImageObject\",\"inLanguage\":\"es\",\"@id\":\"https:\/\/potenciaradiofonicadominicana.com\/portal\/#\/schema\/person\/image\/\",\"url\":\"https:\/\/secure.gravatar.com\/avatar\/42a55ab9e8ccc656ba34cd791990602a?s=96&d=mm&r=g\",\"contentUrl\":\"https:\/\/secure.gravatar.com\/avatar\/42a55ab9e8ccc656ba34cd791990602a?s=96&d=mm&r=g\",\"caption\":\"Potencia Radiof\u00f3nica Dominicana\"},\"url\":\"https:\/\/potenciaradiofonicadominicana.com\/portal\/author\/johannyalmanzar\/\"}]}<\/script>\n<!-- \/ Yoast SEO plugin. -->","yoast_head_json":{"title":"Alcaraz y Sabalenka cumplen y ya est\u00e1n en tercera ronda en Melbourne - PotenciaRadiofonicaDominicana.com","robots":{"index":"index","follow":"follow","max-snippet":"max-snippet:-1","max-image-preview":"max-image-preview:large","max-video-preview":"max-video-preview:-1"},"canonical":"https:\/\/potenciaradiofonicadominicana.com\/portal\/alcaraz-y-sabalenka-cumplen-y-ya-estan-en-tercera-ronda-en-melbourne\/","og_locale":"es_ES","og_type":"article","og_title":"Alcaraz y Sabalenka cumplen y ya est\u00e1n en tercera ronda en Melbourne - PotenciaRadiofonicaDominicana.com","og_description":"Aunque con algo m\u00e1s de trabajo de lo previsible, el n\u00famero uno del mundo Carlos Alcaraz derrot\u00f3 este mi\u00e9rcoles al ...","og_url":"https:\/\/potenciaradiofonicadominicana.com\/portal\/alcaraz-y-sabalenka-cumplen-y-ya-estan-en-tercera-ronda-en-melbourne\/","og_site_name":"PotenciaRadiofonicaDominicana.com","article_publisher":"https:\/\/web.facebook.com\/PotenciaRadiofonicaD","article_published_time":"2026-01-21T22:59:22+00:00","og_image":[{"width":1140,"height":760,"url":"https:\/\/potenciaradiofonicadominicana.com\/portal\/wp-content\/uploads\/2026\/01\/d1170b7bcc7e4e7ed0ce73b54c4e2f3c818ed0cf05f47e3e764f7a730eb592eb.webp","type":"image\/webp"}],"author":"Potencia Radiof\u00f3nica Dominicana","twitter_card":"summary_large_image","twitter_misc":{"Escrito por":"Potencia Radiof\u00f3nica Dominicana","Tiempo de lectura":"4 minutos"},"schema":{"@context":"https:\/\/schema.org","@graph":[{"@type":"Article","@id":"https:\/\/potenciaradiofonicadominicana.com\/portal\/alcaraz-y-sabalenka-cumplen-y-ya-estan-en-tercera-ronda-en-melbourne\/#article","isPartOf":{"@id":"https:\/\/potenciaradiofonicadominicana.com\/portal\/alcaraz-y-sabalenka-cumplen-y-ya-estan-en-tercera-ronda-en-melbourne\/"},"author":{"name":"Potencia Radiof\u00f3nica Dominicana","@id":"https:\/\/potenciaradiofonicadominicana.com\/portal\/#\/schema\/person\/a5cf1fea13877803ee0573ac18b03490"},"headline":"Alcaraz y Sabalenka cumplen y ya est\u00e1n en tercera ronda en Melbourne","datePublished":"2026-01-21T22:59:22+00:00","mainEntityOfPage":{"@id":"https:\/\/potenciaradiofonicadominicana.com\/portal\/alcaraz-y-sabalenka-cumplen-y-ya-estan-en-tercera-ronda-en-melbourne\/"},"wordCount":811,"publisher":{"@id":"https:\/\/potenciaradiofonicadominicana.com\/portal\/#organization"},"image":{"@id":"https:\/\/potenciaradiofonicadominicana.com\/portal\/alcaraz-y-sabalenka-cumplen-y-ya-estan-en-tercera-ronda-en-melbourne\/#primaryimage"},"thumbnailUrl":"https:\/\/potenciaradiofonicadominicana.com\/portal\/wp-content\/uploads\/2026\/01\/d1170b7bcc7e4e7ed0ce73b54c4e2f3c818ed0cf05f47e3e764f7a730eb592eb.webp","articleSection":["Deportes"],"inLanguage":"es"},{"@type":"WebPage","@id":"https:\/\/potenciaradiofonicadominicana.com\/portal\/alcaraz-y-sabalenka-cumplen-y-ya-estan-en-tercera-ronda-en-melbourne\/","url":"https:\/\/potenciaradiofonicadominicana.com\/portal\/alcaraz-y-sabalenka-cumplen-y-ya-estan-en-tercera-ronda-en-melbourne\/","name":"Alcaraz y Sabalenka cumplen y ya est\u00e1n en tercera ronda en Melbourne - PotenciaRadiofonicaDominicana.com","isPartOf":{"@id":"https:\/\/potenciaradiofonicadominicana.com\/portal\/#website"},"primaryImageOfPage":{"@id":"https:\/\/potenciaradiofonicadominicana.com\/portal\/alcaraz-y-sabalenka-cumplen-y-ya-estan-en-tercera-ronda-en-melbourne\/#primaryimage"},"image":{"@id":"https:\/\/potenciaradiofonicadominicana.com\/portal\/alcaraz-y-sabalenka-cumplen-y-ya-estan-en-tercera-ronda-en-melbourne\/#primaryimage"},"thumbnailUrl":"https:\/\/potenciaradiofonicadominicana.com\/portal\/wp-content\/uploads\/2026\/01\/d1170b7bcc7e4e7ed0ce73b54c4e2f3c818ed0cf05f47e3e764f7a730eb592eb.webp","datePublished":"2026-01-21T22:59:22+00:00","breadcrumb":{"@id":"https:\/\/potenciaradiofonicadominicana.com\/portal\/alcaraz-y-sabalenka-cumplen-y-ya-estan-en-tercera-ronda-en-melbourne\/#breadcrumb"},"inLanguage":"es","potentialAction":[{"@type":"ReadAction","target":["https:\/\/potenciaradiofonicadominicana.com\/portal\/alcaraz-y-sabalenka-cumplen-y-ya-estan-en-tercera-ronda-en-melbourne\/"]}]},{"@type":"ImageObject","inLanguage":"es","@id":"https:\/\/potenciaradiofonicadominicana.com\/portal\/alcaraz-y-sabalenka-cumplen-y-ya-estan-en-tercera-ronda-en-melbourne\/#primaryimage","url":"https:\/\/potenciaradiofonicadominicana.com\/portal\/wp-content\/uploads\/2026\/01\/d1170b7bcc7e4e7ed0ce73b54c4e2f3c818ed0cf05f47e3e764f7a730eb592eb.webp","contentUrl":"https:\/\/potenciaradiofonicadominicana.com\/portal\/wp-content\/uploads\/2026\/01\/d1170b7bcc7e4e7ed0ce73b54c4e2f3c818ed0cf05f47e3e764f7a730eb592eb.webp","width":1140,"height":760},{"@type":"BreadcrumbList","@id":"https:\/\/potenciaradiofonicadominicana.com\/portal\/alcaraz-y-sabalenka-cumplen-y-ya-estan-en-tercera-ronda-en-melbourne\/#breadcrumb","itemListElement":[{"@type":"ListItem","position":1,"name":"Portada","item":"https:\/\/potenciaradiofonicadominicana.com\/portal\/"},{"@type":"ListItem","position":2,"name":"Alcaraz y Sabalenka cumplen y ya est\u00e1n en tercera ronda en Melbourne"}]},{"@type":"WebSite","@id":"https:\/\/potenciaradiofonicadominicana.com\/portal\/#website","url":"https:\/\/potenciaradiofonicadominicana.com\/portal\/","name":"PotenciaRadiofonicaDominicana.com","description":"Peri\u00f3dico Digital","publisher":{"@id":"https:\/\/potenciaradiofonicadominicana.com\/portal\/#organization"},"potentialAction":[{"@type":"SearchAction","target":{"@type":"EntryPoint","urlTemplate":"https:\/\/potenciaradiofonicadominicana.com\/portal\/?s={search_term_string}"},"query-input":{"@type":"PropertyValueSpecification","valueRequired":true,"valueName":"search_term_string"}}],"inLanguage":"es"},{"@type":"Organization","@id":"https:\/\/potenciaradiofonicadominicana.com\/portal\/#organization","name":"PotenciaRadiofonicaDominicana.com","url":"https:\/\/potenciaradiofonicadominicana.com\/portal\/","logo":{"@type":"ImageObject","inLanguage":"es","@id":"https:\/\/potenciaradiofonicadominicana.com\/portal\/#\/schema\/logo\/image\/","url":"https:\/\/potenciaradiofonicadominicana.com\/portal\/wp-content\/uploads\/2022\/01\/descarga.png","contentUrl":"https:\/\/potenciaradiofonicadominicana.com\/portal\/wp-content\/uploads\/2022\/01\/descarga.png","width":300,"height":100,"caption":"PotenciaRadiofonicaDominicana.com"},"image":{"@id":"https:\/\/potenciaradiofonicadominicana.com\/portal\/#\/schema\/logo\/image\/"},"sameAs":["https:\/\/web.facebook.com\/PotenciaRadiofonicaD"]},{"@type":"Person","@id":"https:\/\/potenciaradiofonicadominicana.com\/portal\/#\/schema\/person\/a5cf1fea13877803ee0573ac18b03490","name":"Potencia Radiof\u00f3nica Dominicana","image":{"@type":"ImageObject","inLanguage":"es","@id":"https:\/\/potenciaradiofonicadominicana.com\/portal\/#\/schema\/person\/image\/","url":"https:\/\/secure.gravatar.com\/avatar\/42a55ab9e8ccc656ba34cd791990602a?s=96&d=mm&r=g","contentUrl":"https:\/\/secure.gravatar.com\/avatar\/42a55ab9e8ccc656ba34cd791990602a?s=96&d=mm&r=g","caption":"Potencia Radiof\u00f3nica Dominicana"},"url":"https:\/\/potenciaradiofonicadominicana.com\/portal\/author\/johannyalmanzar\/"}]}},"_links":{"self":[{"href":"https:\/\/potenciaradiofonicadominicana.com\/portal\/wp-json\/wp\/v2\/posts\/210225","targetHints":{"allow":["GET"]}}],"collection":[{"href":"https:\/\/potenciaradiofonicadominicana.com\/portal\/wp-json\/wp\/v2\/posts"}],"about":[{"href":"https:\/\/potenciaradiofonicadominicana.com\/portal\/wp-json\/wp\/v2\/types\/post"}],"author":[{"embeddable":true,"href":"https:\/\/potenciaradiofonicadominicana.com\/portal\/wp-json\/wp\/v2\/users\/2"}],"replies":[{"embeddable":true,"href":"https:\/\/potenciaradiofonicadominicana.com\/portal\/wp-json\/wp\/v2\/comments?post=210225"}],"version-history":[{"count":1,"href":"https:\/\/potenciaradiofonicadominicana.com\/portal\/wp-json\/wp\/v2\/posts\/210225\/revisions"}],"predecessor-version":[{"id":210227,"href":"https:\/\/potenciaradiofonicadominicana.com\/portal\/wp-json\/wp\/v2\/posts\/210225\/revisions\/210227"}],"wp:featuredmedia":[{"embeddable":true,"href":"https:\/\/potenciaradiofonicadominicana.com\/portal\/wp-json\/wp\/v2\/media\/210226"}],"wp:attachment":[{"href":"https:\/\/potenciaradiofonicadominicana.com\/portal\/wp-json\/wp\/v2\/media?parent=210225"}],"wp:term":[{"taxonomy":"category","embeddable":true,"href":"https:\/\/potenciaradiofonicadominicana.com\/portal\/wp-json\/wp\/v2\/categories?post=210225"},{"taxonomy":"post_tag","embeddable":true,"href":"https:\/\/potenciaradiofonicadominicana.com\/portal\/wp-json\/wp\/v2\/tags?post=210225"}],"curies":[{"name":"wp","href":"https:\/\/api.w.org\/{rel}","templated":true}]}}