{"id":210219,"date":"2026-01-21T18:56:24","date_gmt":"2026-01-21T22:56:24","guid":{"rendered":"https:\/\/potenciaradiofonicadominicana.com\/portal\/?p=210219"},"modified":"2026-01-21T18:56:24","modified_gmt":"2026-01-21T22:56:24","slug":"alcaraz-se-instala-en-tercera-ronda-en-el-abierto-de-australia","status":"publish","type":"post","link":"https:\/\/potenciaradiofonicadominicana.com\/portal\/alcaraz-se-instala-en-tercera-ronda-en-el-abierto-de-australia\/","title":{"rendered":"Alcaraz se instala en tercera ronda en el Abierto de Australia"},"content":{"rendered":"<p><a href=\"https:\/\/potenciaradiofonicadominicana.com\/portal\/wp-content\/uploads\/2026\/01\/efe_20260121_072627203.webp\"><img loading=\"lazy\" decoding=\"async\" class=\"alignnone size-full wp-image-210220\" src=\"https:\/\/potenciaradiofonicadominicana.com\/portal\/wp-content\/uploads\/2026\/01\/efe_20260121_072627203.webp\" alt=\"\" width=\"768\" height=\"432\" srcset=\"https:\/\/potenciaradiofonicadominicana.com\/portal\/wp-content\/uploads\/2026\/01\/efe_20260121_072627203.webp 768w, https:\/\/potenciaradiofonicadominicana.com\/portal\/wp-content\/uploads\/2026\/01\/efe_20260121_072627203-300x169.webp 300w\" sizes=\"auto, (max-width: 768px) 100vw, 768px\" \/><\/a><\/p>\n<p>AUSTRALIA.- El segundo partido oficial de la temporada de Carlos Alcaraz supuso un nuevo paso en el trayecto hacia su primer \u00e9xito en Melbourne resuelto con un firme triunfo ante el alem\u00e1n Yannick Hanfmann al que super\u00f3 en tres sets despu\u00e9s de dos horas y 44 minutos.<\/p>\n<p>Espera adversario el murciano en el siguiente tramo que saldr\u00e1 del choque entre el estadounidense Michael Zheng y el franc\u00e9s Corentin Moutet. Mientras, asume su estancia por cuarta vez en los dieciseisavos de final del primer Grand Slam del a\u00f1o, el \u00fanico major del que carece su historial y que tiene entre ceja y ceja.<\/p>\n<p>Fue de menos a m\u00e1s el espa\u00f1ol de 22 a\u00f1os que sali\u00f3 airoso, respondi\u00f3 con seriedad a los contratiempos que tuvo en el primer parcial, el m\u00e1s enrevesado en el partido. Fue cuando perdi\u00f3 su saque y el germano, con buenos golpes y batallador, se situ\u00f3 con una ventaja de 3-1 y el set de cara.<\/p>\n<p>Nunca ha estado en una tercera ronda de un grande el jugador de Karlsruhe, de 34 a\u00f1os ya, que tira de experiencia, ahora en el puesto 102 del r\u00e1nking y que lo m\u00e1ximo que logr\u00f3 fue el puesto 45 de julio del 2023 y que busc\u00f3 su momento. Lo tuvo cerca aunque solo en el primer set. Hasta que el espa\u00f1ol se asent\u00f3 y en cuanto pudo enderez\u00f3 la situaci\u00f3n para igualar la manga (3-3).<\/p>\n<p>Fue ese el \u00fanico momento de apuro de Alcaraz y sali\u00f3 airoso de un primer parcial que se alarg\u00f3 durante 78 minutos. Ya no hubo m\u00e1s. No perdi\u00f3 m\u00e1s su saque en el encuentro ante un rival que despu\u00e9s decay\u00f3 aunque siempre busc\u00f3 su momento. Sin embargo, careci\u00f3 de la convicci\u00f3n de entonces y fue siempre a remolque en cada set, con desequilibrios que fue incapaz de enmendar.<\/p>\n<p>El espa\u00f1ol de 22 a\u00f1os que aspira a convertirse en el m\u00e1s joven de la historia en completar el Grand Slam en su carrera y el m\u00e1s joven en la Era Open en ganar siete Grand Slam, fue a m\u00e1s con el paso de los juegos y termin\u00f3 a buen nivel.<\/p>\n<p>Despu\u00e9s, sobre la pista, el murciano reconoci\u00f3 que se encontr\u00f3 con \u00abdificultades en el primer set pero estaba preparado para ello. Creo que he terminado a buen nivel\u00bb, dijo Alcaraz que afronta su primer torneo de la temporada.<\/p>\n<p>El murciano, que no jugar\u00e1 hasta el viernes, aprovechar\u00e1 para descansar y recuperar y jugar al golf, al que siempre que puede hace. Como el lunes, tras ganar en primera ronda. Entonces jug\u00f3 con el suizo Roger Federer desvel\u00f3 en la entrevista de pista. \u00abTuve la suerte de jugar con Roger y su golf es tan bonito como su tenis\u00bb, apunt\u00f3.<\/p>\n<p>El n\u00famero uno del mundo jugar\u00e1 en tercera ronda contra el ganador del partido entre el estadounidense Michael Zheng y el franc\u00e9s Corentin Moutet.<\/p>\n","protected":false},"excerpt":{"rendered":"<p>AUSTRALIA.- El segundo partido oficial de la temporada de Carlos Alcaraz supuso un nuevo paso en el trayecto hacia su &#8230;<\/p>\n","protected":false},"author":2,"featured_media":210220,"comment_status":"closed","ping_status":"closed","sticky":false,"template":"","format":"standard","meta":{"footnotes":""},"categories":[28],"tags":[],"class_list":["post-210219","post","type-post","status-publish","format-standard","has-post-thumbnail","hentry","category-deportes"],"yoast_head":"<!-- This site is optimized with the Yoast SEO plugin v24.8.1 - https:\/\/yoast.com\/wordpress\/plugins\/seo\/ -->\n<title>Alcaraz se instala en tercera ronda en el Abierto de Australia - PotenciaRadiofonicaDominicana.com<\/title>\n<meta name=\"robots\" content=\"index, follow, max-snippet:-1, max-image-preview:large, max-video-preview:-1\" \/>\n<link rel=\"canonical\" href=\"https:\/\/potenciaradiofonicadominicana.com\/portal\/alcaraz-se-instala-en-tercera-ronda-en-el-abierto-de-australia\/\" \/>\n<meta property=\"og:locale\" content=\"es_ES\" \/>\n<meta property=\"og:type\" content=\"article\" \/>\n<meta property=\"og:title\" content=\"Alcaraz se instala en tercera ronda en el Abierto de Australia - PotenciaRadiofonicaDominicana.com\" \/>\n<meta property=\"og:description\" content=\"AUSTRALIA.- El segundo partido oficial de la temporada de Carlos Alcaraz supuso un nuevo paso en el trayecto hacia su ...\" \/>\n<meta property=\"og:url\" content=\"https:\/\/potenciaradiofonicadominicana.com\/portal\/alcaraz-se-instala-en-tercera-ronda-en-el-abierto-de-australia\/\" \/>\n<meta property=\"og:site_name\" content=\"PotenciaRadiofonicaDominicana.com\" \/>\n<meta property=\"article:publisher\" content=\"https:\/\/web.facebook.com\/PotenciaRadiofonicaD\" \/>\n<meta property=\"article:published_time\" content=\"2026-01-21T22:56:24+00:00\" \/>\n<meta property=\"og:image\" content=\"https:\/\/potenciaradiofonicadominicana.com\/portal\/wp-content\/uploads\/2026\/01\/efe_20260121_072627203.webp\" \/>\n\t<meta property=\"og:image:width\" content=\"768\" \/>\n\t<meta property=\"og:image:height\" content=\"432\" \/>\n\t<meta property=\"og:image:type\" content=\"image\/webp\" \/>\n<meta name=\"author\" content=\"Potencia Radiof\u00f3nica Dominicana\" \/>\n<meta name=\"twitter:card\" content=\"summary_large_image\" \/>\n<meta name=\"twitter:label1\" content=\"Escrito por\" \/>\n\t<meta name=\"twitter:data1\" content=\"Potencia Radiof\u00f3nica Dominicana\" \/>\n\t<meta name=\"twitter:label2\" content=\"Tiempo de lectura\" \/>\n\t<meta name=\"twitter:data2\" content=\"3 minutos\" \/>\n<script type=\"application\/ld+json\" class=\"yoast-schema-graph\">{\"@context\":\"https:\/\/schema.org\",\"@graph\":[{\"@type\":\"Article\",\"@id\":\"https:\/\/potenciaradiofonicadominicana.com\/portal\/alcaraz-se-instala-en-tercera-ronda-en-el-abierto-de-australia\/#article\",\"isPartOf\":{\"@id\":\"https:\/\/potenciaradiofonicadominicana.com\/portal\/alcaraz-se-instala-en-tercera-ronda-en-el-abierto-de-australia\/\"},\"author\":{\"name\":\"Potencia Radiof\u00f3nica Dominicana\",\"@id\":\"https:\/\/potenciaradiofonicadominicana.com\/portal\/#\/schema\/person\/a5cf1fea13877803ee0573ac18b03490\"},\"headline\":\"Alcaraz se instala en tercera ronda en el Abierto de Australia\",\"datePublished\":\"2026-01-21T22:56:24+00:00\",\"mainEntityOfPage\":{\"@id\":\"https:\/\/potenciaradiofonicadominicana.com\/portal\/alcaraz-se-instala-en-tercera-ronda-en-el-abierto-de-australia\/\"},\"wordCount\":504,\"publisher\":{\"@id\":\"https:\/\/potenciaradiofonicadominicana.com\/portal\/#organization\"},\"image\":{\"@id\":\"https:\/\/potenciaradiofonicadominicana.com\/portal\/alcaraz-se-instala-en-tercera-ronda-en-el-abierto-de-australia\/#primaryimage\"},\"thumbnailUrl\":\"https:\/\/potenciaradiofonicadominicana.com\/portal\/wp-content\/uploads\/2026\/01\/efe_20260121_072627203.webp\",\"articleSection\":[\"Deportes\"],\"inLanguage\":\"es\"},{\"@type\":\"WebPage\",\"@id\":\"https:\/\/potenciaradiofonicadominicana.com\/portal\/alcaraz-se-instala-en-tercera-ronda-en-el-abierto-de-australia\/\",\"url\":\"https:\/\/potenciaradiofonicadominicana.com\/portal\/alcaraz-se-instala-en-tercera-ronda-en-el-abierto-de-australia\/\",\"name\":\"Alcaraz se instala en tercera ronda en el Abierto de Australia - PotenciaRadiofonicaDominicana.com\",\"isPartOf\":{\"@id\":\"https:\/\/potenciaradiofonicadominicana.com\/portal\/#website\"},\"primaryImageOfPage\":{\"@id\":\"https:\/\/potenciaradiofonicadominicana.com\/portal\/alcaraz-se-instala-en-tercera-ronda-en-el-abierto-de-australia\/#primaryimage\"},\"image\":{\"@id\":\"https:\/\/potenciaradiofonicadominicana.com\/portal\/alcaraz-se-instala-en-tercera-ronda-en-el-abierto-de-australia\/#primaryimage\"},\"thumbnailUrl\":\"https:\/\/potenciaradiofonicadominicana.com\/portal\/wp-content\/uploads\/2026\/01\/efe_20260121_072627203.webp\",\"datePublished\":\"2026-01-21T22:56:24+00:00\",\"breadcrumb\":{\"@id\":\"https:\/\/potenciaradiofonicadominicana.com\/portal\/alcaraz-se-instala-en-tercera-ronda-en-el-abierto-de-australia\/#breadcrumb\"},\"inLanguage\":\"es\",\"potentialAction\":[{\"@type\":\"ReadAction\",\"target\":[\"https:\/\/potenciaradiofonicadominicana.com\/portal\/alcaraz-se-instala-en-tercera-ronda-en-el-abierto-de-australia\/\"]}]},{\"@type\":\"ImageObject\",\"inLanguage\":\"es\",\"@id\":\"https:\/\/potenciaradiofonicadominicana.com\/portal\/alcaraz-se-instala-en-tercera-ronda-en-el-abierto-de-australia\/#primaryimage\",\"url\":\"https:\/\/potenciaradiofonicadominicana.com\/portal\/wp-content\/uploads\/2026\/01\/efe_20260121_072627203.webp\",\"contentUrl\":\"https:\/\/potenciaradiofonicadominicana.com\/portal\/wp-content\/uploads\/2026\/01\/efe_20260121_072627203.webp\",\"width\":768,\"height\":432},{\"@type\":\"BreadcrumbList\",\"@id\":\"https:\/\/potenciaradiofonicadominicana.com\/portal\/alcaraz-se-instala-en-tercera-ronda-en-el-abierto-de-australia\/#breadcrumb\",\"itemListElement\":[{\"@type\":\"ListItem\",\"position\":1,\"name\":\"Portada\",\"item\":\"https:\/\/potenciaradiofonicadominicana.com\/portal\/\"},{\"@type\":\"ListItem\",\"position\":2,\"name\":\"Alcaraz se instala en tercera ronda en el Abierto de Australia\"}]},{\"@type\":\"WebSite\",\"@id\":\"https:\/\/potenciaradiofonicadominicana.com\/portal\/#website\",\"url\":\"https:\/\/potenciaradiofonicadominicana.com\/portal\/\",\"name\":\"PotenciaRadiofonicaDominicana.com\",\"description\":\"Peri\u00f3dico Digital\",\"publisher\":{\"@id\":\"https:\/\/potenciaradiofonicadominicana.com\/portal\/#organization\"},\"potentialAction\":[{\"@type\":\"SearchAction\",\"target\":{\"@type\":\"EntryPoint\",\"urlTemplate\":\"https:\/\/potenciaradiofonicadominicana.com\/portal\/?s={search_term_string}\"},\"query-input\":{\"@type\":\"PropertyValueSpecification\",\"valueRequired\":true,\"valueName\":\"search_term_string\"}}],\"inLanguage\":\"es\"},{\"@type\":\"Organization\",\"@id\":\"https:\/\/potenciaradiofonicadominicana.com\/portal\/#organization\",\"name\":\"PotenciaRadiofonicaDominicana.com\",\"url\":\"https:\/\/potenciaradiofonicadominicana.com\/portal\/\",\"logo\":{\"@type\":\"ImageObject\",\"inLanguage\":\"es\",\"@id\":\"https:\/\/potenciaradiofonicadominicana.com\/portal\/#\/schema\/logo\/image\/\",\"url\":\"https:\/\/potenciaradiofonicadominicana.com\/portal\/wp-content\/uploads\/2022\/01\/descarga.png\",\"contentUrl\":\"https:\/\/potenciaradiofonicadominicana.com\/portal\/wp-content\/uploads\/2022\/01\/descarga.png\",\"width\":300,\"height\":100,\"caption\":\"PotenciaRadiofonicaDominicana.com\"},\"image\":{\"@id\":\"https:\/\/potenciaradiofonicadominicana.com\/portal\/#\/schema\/logo\/image\/\"},\"sameAs\":[\"https:\/\/web.facebook.com\/PotenciaRadiofonicaD\"]},{\"@type\":\"Person\",\"@id\":\"https:\/\/potenciaradiofonicadominicana.com\/portal\/#\/schema\/person\/a5cf1fea13877803ee0573ac18b03490\",\"name\":\"Potencia Radiof\u00f3nica Dominicana\",\"image\":{\"@type\":\"ImageObject\",\"inLanguage\":\"es\",\"@id\":\"https:\/\/potenciaradiofonicadominicana.com\/portal\/#\/schema\/person\/image\/\",\"url\":\"https:\/\/secure.gravatar.com\/avatar\/42a55ab9e8ccc656ba34cd791990602a?s=96&d=mm&r=g\",\"contentUrl\":\"https:\/\/secure.gravatar.com\/avatar\/42a55ab9e8ccc656ba34cd791990602a?s=96&d=mm&r=g\",\"caption\":\"Potencia Radiof\u00f3nica Dominicana\"},\"url\":\"https:\/\/potenciaradiofonicadominicana.com\/portal\/author\/johannyalmanzar\/\"}]}<\/script>\n<!-- \/ Yoast SEO plugin. -->","yoast_head_json":{"title":"Alcaraz se instala en tercera ronda en el Abierto de Australia - PotenciaRadiofonicaDominicana.com","robots":{"index":"index","follow":"follow","max-snippet":"max-snippet:-1","max-image-preview":"max-image-preview:large","max-video-preview":"max-video-preview:-1"},"canonical":"https:\/\/potenciaradiofonicadominicana.com\/portal\/alcaraz-se-instala-en-tercera-ronda-en-el-abierto-de-australia\/","og_locale":"es_ES","og_type":"article","og_title":"Alcaraz se instala en tercera ronda en el Abierto de Australia - PotenciaRadiofonicaDominicana.com","og_description":"AUSTRALIA.- El segundo partido oficial de la temporada de Carlos Alcaraz supuso un nuevo paso en el trayecto hacia su ...","og_url":"https:\/\/potenciaradiofonicadominicana.com\/portal\/alcaraz-se-instala-en-tercera-ronda-en-el-abierto-de-australia\/","og_site_name":"PotenciaRadiofonicaDominicana.com","article_publisher":"https:\/\/web.facebook.com\/PotenciaRadiofonicaD","article_published_time":"2026-01-21T22:56:24+00:00","og_image":[{"width":768,"height":432,"url":"https:\/\/potenciaradiofonicadominicana.com\/portal\/wp-content\/uploads\/2026\/01\/efe_20260121_072627203.webp","type":"image\/webp"}],"author":"Potencia Radiof\u00f3nica Dominicana","twitter_card":"summary_large_image","twitter_misc":{"Escrito por":"Potencia Radiof\u00f3nica Dominicana","Tiempo de lectura":"3 minutos"},"schema":{"@context":"https:\/\/schema.org","@graph":[{"@type":"Article","@id":"https:\/\/potenciaradiofonicadominicana.com\/portal\/alcaraz-se-instala-en-tercera-ronda-en-el-abierto-de-australia\/#article","isPartOf":{"@id":"https:\/\/potenciaradiofonicadominicana.com\/portal\/alcaraz-se-instala-en-tercera-ronda-en-el-abierto-de-australia\/"},"author":{"name":"Potencia Radiof\u00f3nica Dominicana","@id":"https:\/\/potenciaradiofonicadominicana.com\/portal\/#\/schema\/person\/a5cf1fea13877803ee0573ac18b03490"},"headline":"Alcaraz se instala en tercera ronda en el Abierto de Australia","datePublished":"2026-01-21T22:56:24+00:00","mainEntityOfPage":{"@id":"https:\/\/potenciaradiofonicadominicana.com\/portal\/alcaraz-se-instala-en-tercera-ronda-en-el-abierto-de-australia\/"},"wordCount":504,"publisher":{"@id":"https:\/\/potenciaradiofonicadominicana.com\/portal\/#organization"},"image":{"@id":"https:\/\/potenciaradiofonicadominicana.com\/portal\/alcaraz-se-instala-en-tercera-ronda-en-el-abierto-de-australia\/#primaryimage"},"thumbnailUrl":"https:\/\/potenciaradiofonicadominicana.com\/portal\/wp-content\/uploads\/2026\/01\/efe_20260121_072627203.webp","articleSection":["Deportes"],"inLanguage":"es"},{"@type":"WebPage","@id":"https:\/\/potenciaradiofonicadominicana.com\/portal\/alcaraz-se-instala-en-tercera-ronda-en-el-abierto-de-australia\/","url":"https:\/\/potenciaradiofonicadominicana.com\/portal\/alcaraz-se-instala-en-tercera-ronda-en-el-abierto-de-australia\/","name":"Alcaraz se instala en tercera ronda en el Abierto de Australia - PotenciaRadiofonicaDominicana.com","isPartOf":{"@id":"https:\/\/potenciaradiofonicadominicana.com\/portal\/#website"},"primaryImageOfPage":{"@id":"https:\/\/potenciaradiofonicadominicana.com\/portal\/alcaraz-se-instala-en-tercera-ronda-en-el-abierto-de-australia\/#primaryimage"},"image":{"@id":"https:\/\/potenciaradiofonicadominicana.com\/portal\/alcaraz-se-instala-en-tercera-ronda-en-el-abierto-de-australia\/#primaryimage"},"thumbnailUrl":"https:\/\/potenciaradiofonicadominicana.com\/portal\/wp-content\/uploads\/2026\/01\/efe_20260121_072627203.webp","datePublished":"2026-01-21T22:56:24+00:00","breadcrumb":{"@id":"https:\/\/potenciaradiofonicadominicana.com\/portal\/alcaraz-se-instala-en-tercera-ronda-en-el-abierto-de-australia\/#breadcrumb"},"inLanguage":"es","potentialAction":[{"@type":"ReadAction","target":["https:\/\/potenciaradiofonicadominicana.com\/portal\/alcaraz-se-instala-en-tercera-ronda-en-el-abierto-de-australia\/"]}]},{"@type":"ImageObject","inLanguage":"es","@id":"https:\/\/potenciaradiofonicadominicana.com\/portal\/alcaraz-se-instala-en-tercera-ronda-en-el-abierto-de-australia\/#primaryimage","url":"https:\/\/potenciaradiofonicadominicana.com\/portal\/wp-content\/uploads\/2026\/01\/efe_20260121_072627203.webp","contentUrl":"https:\/\/potenciaradiofonicadominicana.com\/portal\/wp-content\/uploads\/2026\/01\/efe_20260121_072627203.webp","width":768,"height":432},{"@type":"BreadcrumbList","@id":"https:\/\/potenciaradiofonicadominicana.com\/portal\/alcaraz-se-instala-en-tercera-ronda-en-el-abierto-de-australia\/#breadcrumb","itemListElement":[{"@type":"ListItem","position":1,"name":"Portada","item":"https:\/\/potenciaradiofonicadominicana.com\/portal\/"},{"@type":"ListItem","position":2,"name":"Alcaraz se instala en tercera ronda en el Abierto de Australia"}]},{"@type":"WebSite","@id":"https:\/\/potenciaradiofonicadominicana.com\/portal\/#website","url":"https:\/\/potenciaradiofonicadominicana.com\/portal\/","name":"PotenciaRadiofonicaDominicana.com","description":"Peri\u00f3dico Digital","publisher":{"@id":"https:\/\/potenciaradiofonicadominicana.com\/portal\/#organization"},"potentialAction":[{"@type":"SearchAction","target":{"@type":"EntryPoint","urlTemplate":"https:\/\/potenciaradiofonicadominicana.com\/portal\/?s={search_term_string}"},"query-input":{"@type":"PropertyValueSpecification","valueRequired":true,"valueName":"search_term_string"}}],"inLanguage":"es"},{"@type":"Organization","@id":"https:\/\/potenciaradiofonicadominicana.com\/portal\/#organization","name":"PotenciaRadiofonicaDominicana.com","url":"https:\/\/potenciaradiofonicadominicana.com\/portal\/","logo":{"@type":"ImageObject","inLanguage":"es","@id":"https:\/\/potenciaradiofonicadominicana.com\/portal\/#\/schema\/logo\/image\/","url":"https:\/\/potenciaradiofonicadominicana.com\/portal\/wp-content\/uploads\/2022\/01\/descarga.png","contentUrl":"https:\/\/potenciaradiofonicadominicana.com\/portal\/wp-content\/uploads\/2022\/01\/descarga.png","width":300,"height":100,"caption":"PotenciaRadiofonicaDominicana.com"},"image":{"@id":"https:\/\/potenciaradiofonicadominicana.com\/portal\/#\/schema\/logo\/image\/"},"sameAs":["https:\/\/web.facebook.com\/PotenciaRadiofonicaD"]},{"@type":"Person","@id":"https:\/\/potenciaradiofonicadominicana.com\/portal\/#\/schema\/person\/a5cf1fea13877803ee0573ac18b03490","name":"Potencia Radiof\u00f3nica Dominicana","image":{"@type":"ImageObject","inLanguage":"es","@id":"https:\/\/potenciaradiofonicadominicana.com\/portal\/#\/schema\/person\/image\/","url":"https:\/\/secure.gravatar.com\/avatar\/42a55ab9e8ccc656ba34cd791990602a?s=96&d=mm&r=g","contentUrl":"https:\/\/secure.gravatar.com\/avatar\/42a55ab9e8ccc656ba34cd791990602a?s=96&d=mm&r=g","caption":"Potencia Radiof\u00f3nica Dominicana"},"url":"https:\/\/potenciaradiofonicadominicana.com\/portal\/author\/johannyalmanzar\/"}]}},"_links":{"self":[{"href":"https:\/\/potenciaradiofonicadominicana.com\/portal\/wp-json\/wp\/v2\/posts\/210219","targetHints":{"allow":["GET"]}}],"collection":[{"href":"https:\/\/potenciaradiofonicadominicana.com\/portal\/wp-json\/wp\/v2\/posts"}],"about":[{"href":"https:\/\/potenciaradiofonicadominicana.com\/portal\/wp-json\/wp\/v2\/types\/post"}],"author":[{"embeddable":true,"href":"https:\/\/potenciaradiofonicadominicana.com\/portal\/wp-json\/wp\/v2\/users\/2"}],"replies":[{"embeddable":true,"href":"https:\/\/potenciaradiofonicadominicana.com\/portal\/wp-json\/wp\/v2\/comments?post=210219"}],"version-history":[{"count":1,"href":"https:\/\/potenciaradiofonicadominicana.com\/portal\/wp-json\/wp\/v2\/posts\/210219\/revisions"}],"predecessor-version":[{"id":210221,"href":"https:\/\/potenciaradiofonicadominicana.com\/portal\/wp-json\/wp\/v2\/posts\/210219\/revisions\/210221"}],"wp:featuredmedia":[{"embeddable":true,"href":"https:\/\/potenciaradiofonicadominicana.com\/portal\/wp-json\/wp\/v2\/media\/210220"}],"wp:attachment":[{"href":"https:\/\/potenciaradiofonicadominicana.com\/portal\/wp-json\/wp\/v2\/media?parent=210219"}],"wp:term":[{"taxonomy":"category","embeddable":true,"href":"https:\/\/potenciaradiofonicadominicana.com\/portal\/wp-json\/wp\/v2\/categories?post=210219"},{"taxonomy":"post_tag","embeddable":true,"href":"https:\/\/potenciaradiofonicadominicana.com\/portal\/wp-json\/wp\/v2\/tags?post=210219"}],"curies":[{"name":"wp","href":"https:\/\/api.w.org\/{rel}","templated":true}]}}