{"id":210216,"date":"2026-01-21T18:54:58","date_gmt":"2026-01-21T22:54:58","guid":{"rendered":"https:\/\/potenciaradiofonicadominicana.com\/portal\/?p=210216"},"modified":"2026-01-21T18:54:58","modified_gmt":"2026-01-21T22:54:58","slug":"warriors-no-contemplan-traspasar-a-butler-a-pesar-de-la-lesion","status":"publish","type":"post","link":"https:\/\/potenciaradiofonicadominicana.com\/portal\/warriors-no-contemplan-traspasar-a-butler-a-pesar-de-la-lesion\/","title":{"rendered":"Warriors no contemplan traspasar a Butler a pesar de la lesi\u00f3n"},"content":{"rendered":"<p><a href=\"https:\/\/potenciaradiofonicadominicana.com\/portal\/wp-content\/uploads\/2026\/01\/Jimmy-Butler-en-la-duela-al-momento-de-lesionarse-la-rodilla.jpg\"><img loading=\"lazy\" decoding=\"async\" class=\"alignnone size-full wp-image-210217\" src=\"https:\/\/potenciaradiofonicadominicana.com\/portal\/wp-content\/uploads\/2026\/01\/Jimmy-Butler-en-la-duela-al-momento-de-lesionarse-la-rodilla.jpg\" alt=\"\" width=\"720\" height=\"480\" srcset=\"https:\/\/potenciaradiofonicadominicana.com\/portal\/wp-content\/uploads\/2026\/01\/Jimmy-Butler-en-la-duela-al-momento-de-lesionarse-la-rodilla.jpg 720w, https:\/\/potenciaradiofonicadominicana.com\/portal\/wp-content\/uploads\/2026\/01\/Jimmy-Butler-en-la-duela-al-momento-de-lesionarse-la-rodilla-300x200.jpg 300w\" sizes=\"auto, (max-width: 720px) 100vw, 720px\" \/><\/a><\/p>\n<p>El gerente general de los <strong>Golden State Warriors, Mike Dunleavy, <\/strong>declar\u00f3 a los periodistas el martes por la noche que no tiene planes de traspasar el contrato de <strong>Jimmy Butler <\/strong>antes de la fecha l\u00edmite de traspasos del 5 de febrero, a pesar de la rotura del ligamento cruzado anterior de Butler y la necesidad urgente del equipo de mejorar su plantilla para poder competir de forma realista en la<strong> Conferencia Oeste.<\/strong><\/p>\n<p>\u00abNo lo contemplo\u00bb, dijo Dunleavy. \u00abAhora que lo mencionan, dir\u00eda que mi objetivo es que nos d\u00e9 un impulso el pr\u00f3ximo a\u00f1o, de la misma manera que lo hizo el a\u00f1o pasado cuando lleg\u00f3\u00bb.<\/p>\n<p>Los Warriors vivieron una situaci\u00f3n similar, aunque de menor repercusi\u00f3n, la temporada regular pasada. El veterano escolta <strong>De\u2019Anthony Melton <\/strong>se rompi\u00f3 el ligamento anterior cruzado en noviembre. En diciembre, Dunleavy traspas\u00f3 el contrato de Melton a los <strong>Brooklyn Nets<\/strong> a cambio de <strong>Dennis Schroder<\/strong>. En febrero, traspas\u00f3 a Schroder como parte del paquete al <strong>Miami Heat<\/strong> para adquirir a Butler.<\/p>\n<p>El lunes, Butler se <strong>rompi\u00f3 el ligamento anterior cruzado<\/strong> de la rodilla derecha tras una mala ca\u00edda en el partido contra los Heat. La lesi\u00f3n pone fin a su temporada y, como admiti\u00f3 Dunleavy, se espera que su ausencia se extienda hasta la pr\u00f3xima temporada regular.<\/p>\n<p>Butler tiene un salario de 54.1 millones de d\u00f3lares esta temporada y de 56.8 millones de d\u00f3lares la pr\u00f3xima, en el \u00faltimo a\u00f1o de su contrato actual.<\/p>\n<p>Mientras los Warriors analizan las consecuencias de la devastadora noticia de la lesi\u00f3n, se ha barajado la posibilidad de utilizar su contrato en el mercado de traspasos \u2014presumiblemente junto con selecciones del draft\u2014 como una v\u00eda para mejorar la plantilla actual, dise\u00f1ada para ganar ahora, en torno a <strong>Stephen Curry.<\/strong> Sin embargo, Dunleavy descart\u00f3 esa opci\u00f3n.<\/p>\n<p>\u00abA su edad, haber tenido el a\u00f1o que ha tenido es impresionante\u00bb, dijo Dunleavy sobre Butler, quien cumplir\u00e1 37 a\u00f1os antes de la pr\u00f3xima temporada. \u00abCreo que tiene un estilo de juego que le permitir\u00e1 jugar durante mucho tiempo gracias a su habilidad, su f\u00edsico y su inteligencia para el juego. As\u00ed que supongo que mi visi\u00f3n para \u00e9l es que regrese en alg\u00fan momento entre ahora y esta misma fecha del pr\u00f3ximo a\u00f1o\u00bb.<\/p>\n<p>La lesi\u00f3n de Butler tiene un efecto domin\u00f3 en <strong>Jonathan Kuminga, <\/strong>el joven alero de los Warriors, quien hasta el martes solo hab\u00eda jugado 10 minutos en el \u00faltimo mes y la semana pasada solicit\u00f3 un traspaso a la franquicia debido a la acumulaci\u00f3n de partidos sin jugar.<\/p>\n<p>El entrenador de los Warriors, <strong>Steve Kerr<\/strong>, como era de esperar, reincorpor\u00f3 a Kuminga a la rotaci\u00f3n el martes por la noche contra los <strong>Toronto Raptors, y<\/strong> Kuminga respondi\u00f3 con una actuaci\u00f3n inspirada. Anot\u00f3 20 puntos en 21 minutos, encestando siete de sus 10 tiros, y ayud\u00f3 a liderar una remontada desde el banquillo, reduciendo una desventaja de 30 puntos a un solo d\u00edgito. Los Warriors terminaron perdiendo 145-127.<\/p>\n<p>Kerr dijo despu\u00e9s del partido que Kuminga se mantendr\u00eda en la rotaci\u00f3n y no descart\u00f3 su regreso a la alineaci\u00f3n titular cuando el equipo parta para una gira de cuatro partidos fuera de casa en Dallas, Minnesota (dos partidos) y Utah.<\/p>\n<p>\u201cCon Jimmy fuera, obviamente hay un hueco en esa posici\u00f3n de nuestra plantilla\u201d, dijo Kerr. \u201cJK volver\u00e1 a ser importante\u201d.<\/p>\n<p>Kuminga ya hab\u00eda estado relegado en la rotaci\u00f3n y descontento en el pasado, para luego regresar a un rol con mucha participaci\u00f3n, sobre todo durante la segunda ronda de los playoffs en mayo pasado contra los <strong>Minnesota Timberwolves<\/strong>, despu\u00e9s de que Curry sufriera una lesi\u00f3n en el tend\u00f3n de la corva. Dunleavy reconoci\u00f3 la solicitud de traspaso de Kuminga, pero dijo: \u201cCuando se hace una solicitud, tiene que haber demanda en el mercado\u201d.<\/p>\n<p>\u201cEstoy decepcionado de que las cosas no hayan salido mejor [con Kuminga]\u201d, dijo Dunleavy. \u201cPero es lo que hay\u2026 Todav\u00eda queda tiempo. Est\u00e1 en nuestra plantilla. S\u00e9 que se ha solicitado un traspaso, pero no hay nada inminente y las cosas en esta liga pueden cambiar en un instante, como sucedi\u00f3 anoche. As\u00ed que tiene que estar preparado\u201d.<\/p>\n<p>Se espera que los Warriors busquen traspasos para Kuminga hasta la fecha l\u00edmite, pero Dunleavy dijo que usar\u00e1 las pr\u00f3ximas dos semanas para evaluar la situaci\u00f3n de los Warriors tras la lesi\u00f3n de Butler, que podr\u00eda cambiar el rumbo de la franquicia.<\/p>\n<p>Dijo que los Warriors podr\u00edan optar por usar algunas de sus futuras selecciones de primera ronda para buscar ayuda inmediata, pero el umbral para un traspaso arriesgado es alto.<\/p>\n<p>\u201cSi hablamos de intercambiar selecciones del draft que se usar\u00e1n cuando Steph ya no est\u00e9 aqu\u00ed, tendr\u00e1 que ser un jugador que creamos que estar\u00e1 aqu\u00ed cuando se usen esas selecciones\u201d, dijo Dunleavy. \u201cEse jugador tendr\u00e1 que ser bastante influyente. Requerir\u00eda mucho: en cuanto a posici\u00f3n, estilo de juego, tipo de jugador, todo eso. Lo dejar\u00eda bastante abierto.<\/p>\n<div class=\"copy-attrib\"><\/div>\n","protected":false},"excerpt":{"rendered":"<p>El gerente general de los Golden State Warriors, Mike Dunleavy, declar\u00f3 a los periodistas el martes por la noche que &#8230;<\/p>\n","protected":false},"author":2,"featured_media":210217,"comment_status":"closed","ping_status":"closed","sticky":false,"template":"","format":"standard","meta":{"footnotes":""},"categories":[28],"tags":[],"class_list":["post-210216","post","type-post","status-publish","format-standard","has-post-thumbnail","hentry","category-deportes"],"yoast_head":"<!-- This site is optimized with the Yoast SEO plugin v24.8.1 - https:\/\/yoast.com\/wordpress\/plugins\/seo\/ -->\n<title>Warriors no contemplan traspasar a Butler a pesar de la lesi\u00f3n - PotenciaRadiofonicaDominicana.com<\/title>\n<meta name=\"robots\" content=\"index, follow, max-snippet:-1, max-image-preview:large, max-video-preview:-1\" \/>\n<link rel=\"canonical\" href=\"https:\/\/potenciaradiofonicadominicana.com\/portal\/warriors-no-contemplan-traspasar-a-butler-a-pesar-de-la-lesion\/\" \/>\n<meta property=\"og:locale\" content=\"es_ES\" \/>\n<meta property=\"og:type\" content=\"article\" \/>\n<meta property=\"og:title\" content=\"Warriors no contemplan traspasar a Butler a pesar de la lesi\u00f3n - PotenciaRadiofonicaDominicana.com\" \/>\n<meta property=\"og:description\" content=\"El gerente general de los Golden State Warriors, Mike Dunleavy, declar\u00f3 a los periodistas el martes por la noche que ...\" \/>\n<meta property=\"og:url\" content=\"https:\/\/potenciaradiofonicadominicana.com\/portal\/warriors-no-contemplan-traspasar-a-butler-a-pesar-de-la-lesion\/\" \/>\n<meta property=\"og:site_name\" content=\"PotenciaRadiofonicaDominicana.com\" \/>\n<meta property=\"article:publisher\" content=\"https:\/\/web.facebook.com\/PotenciaRadiofonicaD\" \/>\n<meta property=\"article:published_time\" content=\"2026-01-21T22:54:58+00:00\" \/>\n<meta property=\"og:image\" content=\"https:\/\/potenciaradiofonicadominicana.com\/portal\/wp-content\/uploads\/2026\/01\/Jimmy-Butler-en-la-duela-al-momento-de-lesionarse-la-rodilla.jpg\" \/>\n\t<meta property=\"og:image:width\" content=\"720\" \/>\n\t<meta property=\"og:image:height\" content=\"480\" \/>\n\t<meta property=\"og:image:type\" content=\"image\/jpeg\" \/>\n<meta name=\"author\" content=\"Potencia Radiof\u00f3nica Dominicana\" \/>\n<meta name=\"twitter:card\" content=\"summary_large_image\" \/>\n<meta name=\"twitter:label1\" content=\"Escrito por\" \/>\n\t<meta name=\"twitter:data1\" content=\"Potencia Radiof\u00f3nica Dominicana\" \/>\n\t<meta name=\"twitter:label2\" content=\"Tiempo de lectura\" \/>\n\t<meta name=\"twitter:data2\" content=\"5 minutos\" \/>\n<script type=\"application\/ld+json\" class=\"yoast-schema-graph\">{\"@context\":\"https:\/\/schema.org\",\"@graph\":[{\"@type\":\"Article\",\"@id\":\"https:\/\/potenciaradiofonicadominicana.com\/portal\/warriors-no-contemplan-traspasar-a-butler-a-pesar-de-la-lesion\/#article\",\"isPartOf\":{\"@id\":\"https:\/\/potenciaradiofonicadominicana.com\/portal\/warriors-no-contemplan-traspasar-a-butler-a-pesar-de-la-lesion\/\"},\"author\":{\"name\":\"Potencia Radiof\u00f3nica Dominicana\",\"@id\":\"https:\/\/potenciaradiofonicadominicana.com\/portal\/#\/schema\/person\/a5cf1fea13877803ee0573ac18b03490\"},\"headline\":\"Warriors no contemplan traspasar a Butler a pesar de la lesi\u00f3n\",\"datePublished\":\"2026-01-21T22:54:58+00:00\",\"mainEntityOfPage\":{\"@id\":\"https:\/\/potenciaradiofonicadominicana.com\/portal\/warriors-no-contemplan-traspasar-a-butler-a-pesar-de-la-lesion\/\"},\"wordCount\":865,\"publisher\":{\"@id\":\"https:\/\/potenciaradiofonicadominicana.com\/portal\/#organization\"},\"image\":{\"@id\":\"https:\/\/potenciaradiofonicadominicana.com\/portal\/warriors-no-contemplan-traspasar-a-butler-a-pesar-de-la-lesion\/#primaryimage\"},\"thumbnailUrl\":\"https:\/\/potenciaradiofonicadominicana.com\/portal\/wp-content\/uploads\/2026\/01\/Jimmy-Butler-en-la-duela-al-momento-de-lesionarse-la-rodilla.jpg\",\"articleSection\":[\"Deportes\"],\"inLanguage\":\"es\"},{\"@type\":\"WebPage\",\"@id\":\"https:\/\/potenciaradiofonicadominicana.com\/portal\/warriors-no-contemplan-traspasar-a-butler-a-pesar-de-la-lesion\/\",\"url\":\"https:\/\/potenciaradiofonicadominicana.com\/portal\/warriors-no-contemplan-traspasar-a-butler-a-pesar-de-la-lesion\/\",\"name\":\"Warriors no contemplan traspasar a Butler a pesar de la lesi\u00f3n - PotenciaRadiofonicaDominicana.com\",\"isPartOf\":{\"@id\":\"https:\/\/potenciaradiofonicadominicana.com\/portal\/#website\"},\"primaryImageOfPage\":{\"@id\":\"https:\/\/potenciaradiofonicadominicana.com\/portal\/warriors-no-contemplan-traspasar-a-butler-a-pesar-de-la-lesion\/#primaryimage\"},\"image\":{\"@id\":\"https:\/\/potenciaradiofonicadominicana.com\/portal\/warriors-no-contemplan-traspasar-a-butler-a-pesar-de-la-lesion\/#primaryimage\"},\"thumbnailUrl\":\"https:\/\/potenciaradiofonicadominicana.com\/portal\/wp-content\/uploads\/2026\/01\/Jimmy-Butler-en-la-duela-al-momento-de-lesionarse-la-rodilla.jpg\",\"datePublished\":\"2026-01-21T22:54:58+00:00\",\"breadcrumb\":{\"@id\":\"https:\/\/potenciaradiofonicadominicana.com\/portal\/warriors-no-contemplan-traspasar-a-butler-a-pesar-de-la-lesion\/#breadcrumb\"},\"inLanguage\":\"es\",\"potentialAction\":[{\"@type\":\"ReadAction\",\"target\":[\"https:\/\/potenciaradiofonicadominicana.com\/portal\/warriors-no-contemplan-traspasar-a-butler-a-pesar-de-la-lesion\/\"]}]},{\"@type\":\"ImageObject\",\"inLanguage\":\"es\",\"@id\":\"https:\/\/potenciaradiofonicadominicana.com\/portal\/warriors-no-contemplan-traspasar-a-butler-a-pesar-de-la-lesion\/#primaryimage\",\"url\":\"https:\/\/potenciaradiofonicadominicana.com\/portal\/wp-content\/uploads\/2026\/01\/Jimmy-Butler-en-la-duela-al-momento-de-lesionarse-la-rodilla.jpg\",\"contentUrl\":\"https:\/\/potenciaradiofonicadominicana.com\/portal\/wp-content\/uploads\/2026\/01\/Jimmy-Butler-en-la-duela-al-momento-de-lesionarse-la-rodilla.jpg\",\"width\":720,\"height\":480},{\"@type\":\"BreadcrumbList\",\"@id\":\"https:\/\/potenciaradiofonicadominicana.com\/portal\/warriors-no-contemplan-traspasar-a-butler-a-pesar-de-la-lesion\/#breadcrumb\",\"itemListElement\":[{\"@type\":\"ListItem\",\"position\":1,\"name\":\"Portada\",\"item\":\"https:\/\/potenciaradiofonicadominicana.com\/portal\/\"},{\"@type\":\"ListItem\",\"position\":2,\"name\":\"Warriors no contemplan traspasar a Butler a pesar de la lesi\u00f3n\"}]},{\"@type\":\"WebSite\",\"@id\":\"https:\/\/potenciaradiofonicadominicana.com\/portal\/#website\",\"url\":\"https:\/\/potenciaradiofonicadominicana.com\/portal\/\",\"name\":\"PotenciaRadiofonicaDominicana.com\",\"description\":\"Peri\u00f3dico Digital\",\"publisher\":{\"@id\":\"https:\/\/potenciaradiofonicadominicana.com\/portal\/#organization\"},\"potentialAction\":[{\"@type\":\"SearchAction\",\"target\":{\"@type\":\"EntryPoint\",\"urlTemplate\":\"https:\/\/potenciaradiofonicadominicana.com\/portal\/?s={search_term_string}\"},\"query-input\":{\"@type\":\"PropertyValueSpecification\",\"valueRequired\":true,\"valueName\":\"search_term_string\"}}],\"inLanguage\":\"es\"},{\"@type\":\"Organization\",\"@id\":\"https:\/\/potenciaradiofonicadominicana.com\/portal\/#organization\",\"name\":\"PotenciaRadiofonicaDominicana.com\",\"url\":\"https:\/\/potenciaradiofonicadominicana.com\/portal\/\",\"logo\":{\"@type\":\"ImageObject\",\"inLanguage\":\"es\",\"@id\":\"https:\/\/potenciaradiofonicadominicana.com\/portal\/#\/schema\/logo\/image\/\",\"url\":\"https:\/\/potenciaradiofonicadominicana.com\/portal\/wp-content\/uploads\/2022\/01\/descarga.png\",\"contentUrl\":\"https:\/\/potenciaradiofonicadominicana.com\/portal\/wp-content\/uploads\/2022\/01\/descarga.png\",\"width\":300,\"height\":100,\"caption\":\"PotenciaRadiofonicaDominicana.com\"},\"image\":{\"@id\":\"https:\/\/potenciaradiofonicadominicana.com\/portal\/#\/schema\/logo\/image\/\"},\"sameAs\":[\"https:\/\/web.facebook.com\/PotenciaRadiofonicaD\"]},{\"@type\":\"Person\",\"@id\":\"https:\/\/potenciaradiofonicadominicana.com\/portal\/#\/schema\/person\/a5cf1fea13877803ee0573ac18b03490\",\"name\":\"Potencia Radiof\u00f3nica Dominicana\",\"image\":{\"@type\":\"ImageObject\",\"inLanguage\":\"es\",\"@id\":\"https:\/\/potenciaradiofonicadominicana.com\/portal\/#\/schema\/person\/image\/\",\"url\":\"https:\/\/secure.gravatar.com\/avatar\/42a55ab9e8ccc656ba34cd791990602a?s=96&d=mm&r=g\",\"contentUrl\":\"https:\/\/secure.gravatar.com\/avatar\/42a55ab9e8ccc656ba34cd791990602a?s=96&d=mm&r=g\",\"caption\":\"Potencia Radiof\u00f3nica Dominicana\"},\"url\":\"https:\/\/potenciaradiofonicadominicana.com\/portal\/author\/johannyalmanzar\/\"}]}<\/script>\n<!-- \/ Yoast SEO plugin. -->","yoast_head_json":{"title":"Warriors no contemplan traspasar a Butler a pesar de la lesi\u00f3n - PotenciaRadiofonicaDominicana.com","robots":{"index":"index","follow":"follow","max-snippet":"max-snippet:-1","max-image-preview":"max-image-preview:large","max-video-preview":"max-video-preview:-1"},"canonical":"https:\/\/potenciaradiofonicadominicana.com\/portal\/warriors-no-contemplan-traspasar-a-butler-a-pesar-de-la-lesion\/","og_locale":"es_ES","og_type":"article","og_title":"Warriors no contemplan traspasar a Butler a pesar de la lesi\u00f3n - PotenciaRadiofonicaDominicana.com","og_description":"El gerente general de los Golden State Warriors, Mike Dunleavy, declar\u00f3 a los periodistas el martes por la noche que ...","og_url":"https:\/\/potenciaradiofonicadominicana.com\/portal\/warriors-no-contemplan-traspasar-a-butler-a-pesar-de-la-lesion\/","og_site_name":"PotenciaRadiofonicaDominicana.com","article_publisher":"https:\/\/web.facebook.com\/PotenciaRadiofonicaD","article_published_time":"2026-01-21T22:54:58+00:00","og_image":[{"width":720,"height":480,"url":"https:\/\/potenciaradiofonicadominicana.com\/portal\/wp-content\/uploads\/2026\/01\/Jimmy-Butler-en-la-duela-al-momento-de-lesionarse-la-rodilla.jpg","type":"image\/jpeg"}],"author":"Potencia Radiof\u00f3nica Dominicana","twitter_card":"summary_large_image","twitter_misc":{"Escrito por":"Potencia Radiof\u00f3nica Dominicana","Tiempo de lectura":"5 minutos"},"schema":{"@context":"https:\/\/schema.org","@graph":[{"@type":"Article","@id":"https:\/\/potenciaradiofonicadominicana.com\/portal\/warriors-no-contemplan-traspasar-a-butler-a-pesar-de-la-lesion\/#article","isPartOf":{"@id":"https:\/\/potenciaradiofonicadominicana.com\/portal\/warriors-no-contemplan-traspasar-a-butler-a-pesar-de-la-lesion\/"},"author":{"name":"Potencia Radiof\u00f3nica Dominicana","@id":"https:\/\/potenciaradiofonicadominicana.com\/portal\/#\/schema\/person\/a5cf1fea13877803ee0573ac18b03490"},"headline":"Warriors no contemplan traspasar a Butler a pesar de la lesi\u00f3n","datePublished":"2026-01-21T22:54:58+00:00","mainEntityOfPage":{"@id":"https:\/\/potenciaradiofonicadominicana.com\/portal\/warriors-no-contemplan-traspasar-a-butler-a-pesar-de-la-lesion\/"},"wordCount":865,"publisher":{"@id":"https:\/\/potenciaradiofonicadominicana.com\/portal\/#organization"},"image":{"@id":"https:\/\/potenciaradiofonicadominicana.com\/portal\/warriors-no-contemplan-traspasar-a-butler-a-pesar-de-la-lesion\/#primaryimage"},"thumbnailUrl":"https:\/\/potenciaradiofonicadominicana.com\/portal\/wp-content\/uploads\/2026\/01\/Jimmy-Butler-en-la-duela-al-momento-de-lesionarse-la-rodilla.jpg","articleSection":["Deportes"],"inLanguage":"es"},{"@type":"WebPage","@id":"https:\/\/potenciaradiofonicadominicana.com\/portal\/warriors-no-contemplan-traspasar-a-butler-a-pesar-de-la-lesion\/","url":"https:\/\/potenciaradiofonicadominicana.com\/portal\/warriors-no-contemplan-traspasar-a-butler-a-pesar-de-la-lesion\/","name":"Warriors no contemplan traspasar a Butler a pesar de la lesi\u00f3n - PotenciaRadiofonicaDominicana.com","isPartOf":{"@id":"https:\/\/potenciaradiofonicadominicana.com\/portal\/#website"},"primaryImageOfPage":{"@id":"https:\/\/potenciaradiofonicadominicana.com\/portal\/warriors-no-contemplan-traspasar-a-butler-a-pesar-de-la-lesion\/#primaryimage"},"image":{"@id":"https:\/\/potenciaradiofonicadominicana.com\/portal\/warriors-no-contemplan-traspasar-a-butler-a-pesar-de-la-lesion\/#primaryimage"},"thumbnailUrl":"https:\/\/potenciaradiofonicadominicana.com\/portal\/wp-content\/uploads\/2026\/01\/Jimmy-Butler-en-la-duela-al-momento-de-lesionarse-la-rodilla.jpg","datePublished":"2026-01-21T22:54:58+00:00","breadcrumb":{"@id":"https:\/\/potenciaradiofonicadominicana.com\/portal\/warriors-no-contemplan-traspasar-a-butler-a-pesar-de-la-lesion\/#breadcrumb"},"inLanguage":"es","potentialAction":[{"@type":"ReadAction","target":["https:\/\/potenciaradiofonicadominicana.com\/portal\/warriors-no-contemplan-traspasar-a-butler-a-pesar-de-la-lesion\/"]}]},{"@type":"ImageObject","inLanguage":"es","@id":"https:\/\/potenciaradiofonicadominicana.com\/portal\/warriors-no-contemplan-traspasar-a-butler-a-pesar-de-la-lesion\/#primaryimage","url":"https:\/\/potenciaradiofonicadominicana.com\/portal\/wp-content\/uploads\/2026\/01\/Jimmy-Butler-en-la-duela-al-momento-de-lesionarse-la-rodilla.jpg","contentUrl":"https:\/\/potenciaradiofonicadominicana.com\/portal\/wp-content\/uploads\/2026\/01\/Jimmy-Butler-en-la-duela-al-momento-de-lesionarse-la-rodilla.jpg","width":720,"height":480},{"@type":"BreadcrumbList","@id":"https:\/\/potenciaradiofonicadominicana.com\/portal\/warriors-no-contemplan-traspasar-a-butler-a-pesar-de-la-lesion\/#breadcrumb","itemListElement":[{"@type":"ListItem","position":1,"name":"Portada","item":"https:\/\/potenciaradiofonicadominicana.com\/portal\/"},{"@type":"ListItem","position":2,"name":"Warriors no contemplan traspasar a Butler a pesar de la lesi\u00f3n"}]},{"@type":"WebSite","@id":"https:\/\/potenciaradiofonicadominicana.com\/portal\/#website","url":"https:\/\/potenciaradiofonicadominicana.com\/portal\/","name":"PotenciaRadiofonicaDominicana.com","description":"Peri\u00f3dico Digital","publisher":{"@id":"https:\/\/potenciaradiofonicadominicana.com\/portal\/#organization"},"potentialAction":[{"@type":"SearchAction","target":{"@type":"EntryPoint","urlTemplate":"https:\/\/potenciaradiofonicadominicana.com\/portal\/?s={search_term_string}"},"query-input":{"@type":"PropertyValueSpecification","valueRequired":true,"valueName":"search_term_string"}}],"inLanguage":"es"},{"@type":"Organization","@id":"https:\/\/potenciaradiofonicadominicana.com\/portal\/#organization","name":"PotenciaRadiofonicaDominicana.com","url":"https:\/\/potenciaradiofonicadominicana.com\/portal\/","logo":{"@type":"ImageObject","inLanguage":"es","@id":"https:\/\/potenciaradiofonicadominicana.com\/portal\/#\/schema\/logo\/image\/","url":"https:\/\/potenciaradiofonicadominicana.com\/portal\/wp-content\/uploads\/2022\/01\/descarga.png","contentUrl":"https:\/\/potenciaradiofonicadominicana.com\/portal\/wp-content\/uploads\/2022\/01\/descarga.png","width":300,"height":100,"caption":"PotenciaRadiofonicaDominicana.com"},"image":{"@id":"https:\/\/potenciaradiofonicadominicana.com\/portal\/#\/schema\/logo\/image\/"},"sameAs":["https:\/\/web.facebook.com\/PotenciaRadiofonicaD"]},{"@type":"Person","@id":"https:\/\/potenciaradiofonicadominicana.com\/portal\/#\/schema\/person\/a5cf1fea13877803ee0573ac18b03490","name":"Potencia Radiof\u00f3nica Dominicana","image":{"@type":"ImageObject","inLanguage":"es","@id":"https:\/\/potenciaradiofonicadominicana.com\/portal\/#\/schema\/person\/image\/","url":"https:\/\/secure.gravatar.com\/avatar\/42a55ab9e8ccc656ba34cd791990602a?s=96&d=mm&r=g","contentUrl":"https:\/\/secure.gravatar.com\/avatar\/42a55ab9e8ccc656ba34cd791990602a?s=96&d=mm&r=g","caption":"Potencia Radiof\u00f3nica Dominicana"},"url":"https:\/\/potenciaradiofonicadominicana.com\/portal\/author\/johannyalmanzar\/"}]}},"_links":{"self":[{"href":"https:\/\/potenciaradiofonicadominicana.com\/portal\/wp-json\/wp\/v2\/posts\/210216","targetHints":{"allow":["GET"]}}],"collection":[{"href":"https:\/\/potenciaradiofonicadominicana.com\/portal\/wp-json\/wp\/v2\/posts"}],"about":[{"href":"https:\/\/potenciaradiofonicadominicana.com\/portal\/wp-json\/wp\/v2\/types\/post"}],"author":[{"embeddable":true,"href":"https:\/\/potenciaradiofonicadominicana.com\/portal\/wp-json\/wp\/v2\/users\/2"}],"replies":[{"embeddable":true,"href":"https:\/\/potenciaradiofonicadominicana.com\/portal\/wp-json\/wp\/v2\/comments?post=210216"}],"version-history":[{"count":1,"href":"https:\/\/potenciaradiofonicadominicana.com\/portal\/wp-json\/wp\/v2\/posts\/210216\/revisions"}],"predecessor-version":[{"id":210218,"href":"https:\/\/potenciaradiofonicadominicana.com\/portal\/wp-json\/wp\/v2\/posts\/210216\/revisions\/210218"}],"wp:featuredmedia":[{"embeddable":true,"href":"https:\/\/potenciaradiofonicadominicana.com\/portal\/wp-json\/wp\/v2\/media\/210217"}],"wp:attachment":[{"href":"https:\/\/potenciaradiofonicadominicana.com\/portal\/wp-json\/wp\/v2\/media?parent=210216"}],"wp:term":[{"taxonomy":"category","embeddable":true,"href":"https:\/\/potenciaradiofonicadominicana.com\/portal\/wp-json\/wp\/v2\/categories?post=210216"},{"taxonomy":"post_tag","embeddable":true,"href":"https:\/\/potenciaradiofonicadominicana.com\/portal\/wp-json\/wp\/v2\/tags?post=210216"}],"curies":[{"name":"wp","href":"https:\/\/api.w.org\/{rel}","templated":true}]}}