{"id":207576,"date":"2025-10-21T22:55:44","date_gmt":"2025-10-22T02:55:44","guid":{"rendered":"https:\/\/potenciaradiofonicadominicana.com\/portal\/?p=207576"},"modified":"2025-10-21T22:55:44","modified_gmt":"2025-10-22T02:55:44","slug":"ministerio-de-cultura-suspende-funciones-del-festival-internacional-de-teatro-rd-2025-por-tormenta-tropical","status":"publish","type":"post","link":"https:\/\/potenciaradiofonicadominicana.com\/portal\/ministerio-de-cultura-suspende-funciones-del-festival-internacional-de-teatro-rd-2025-por-tormenta-tropical\/","title":{"rendered":"Ministerio de Cultura suspende funciones del Festival Internacional de Teatro RD 2025 por tormenta tropical"},"content":{"rendered":"<p><a href=\"https:\/\/potenciaradiofonicadominicana.com\/portal\/wp-content\/uploads\/2025\/10\/XII-Festival-Internacional-de-Teatro.jpg\"><img loading=\"lazy\" decoding=\"async\" class=\"alignnone size-full wp-image-207577\" src=\"https:\/\/potenciaradiofonicadominicana.com\/portal\/wp-content\/uploads\/2025\/10\/XII-Festival-Internacional-de-Teatro.jpg\" alt=\"\" width=\"1000\" height=\"600\" srcset=\"https:\/\/potenciaradiofonicadominicana.com\/portal\/wp-content\/uploads\/2025\/10\/XII-Festival-Internacional-de-Teatro.jpg 1000w, https:\/\/potenciaradiofonicadominicana.com\/portal\/wp-content\/uploads\/2025\/10\/XII-Festival-Internacional-de-Teatro-300x180.jpg 300w, https:\/\/potenciaradiofonicadominicana.com\/portal\/wp-content\/uploads\/2025\/10\/XII-Festival-Internacional-de-Teatro-768x461.jpg 768w, https:\/\/potenciaradiofonicadominicana.com\/portal\/wp-content\/uploads\/2025\/10\/XII-Festival-Internacional-de-Teatro-165x100.jpg 165w, https:\/\/potenciaradiofonicadominicana.com\/portal\/wp-content\/uploads\/2025\/10\/XII-Festival-Internacional-de-Teatro-400x240.jpg 400w\" sizes=\"auto, (max-width: 1000px) 100vw, 1000px\" \/><\/a><\/p>\n<p>El\u00a0<strong>XIII Festival Internacional de Teatro RD 2025<\/strong>\u00a0(<strong>FITE RD 2025<\/strong>), inaugurado el\u00a0<strong>domingo<\/strong>\u00a0<strong>19<\/strong>\u00a0de octubre, ser\u00e1 objeto de una\u00a0<strong>suspensi\u00f3n temporal<\/strong>\u00a0de sus funciones programadas para este\u00a0<strong>martes y mi\u00e9rcoles<\/strong>.<\/p>\n<p>El evento, organizado por el\u00a0<strong>Ministerio de Cultura<\/strong>\u00a0de la Rep\u00fablica Dominicana, est\u00e1 dedicado al\u00a0<strong>gestor cultural Freddy Ginebra<\/strong>\u00a0y tiene a Espa\u00f1a como pa\u00eds invitado.<\/p>\n<p>La decisi\u00f3n responde a las\u00a0<strong>condiciones clim\u00e1ticas adversas<\/strong>\u00a0generadas por el paso de la\u00a0<strong>tormenta tropical Melissa<\/strong>, que podr\u00edan causar inundaciones, lluvias continuas, vientos fuertes y aumento del nivel del mar, afectando los escenarios, el transporte, las comunicaciones y la seguridad del p\u00fablico y los artistas.<\/p>\n<p>En su comunicado, el\u00a0<strong>Ministerio de Cultura<\/strong>\u00a0explic\u00f3 que la medida busca garantizar la seguridad de los asistentes, artistas y equipos t\u00e9cnicos, y adelant\u00f3 que las jornadas teatrales se reanudar\u00e1n tan pronto mejoren las condiciones del tiempo, conforme a las recomendaciones del Centro de Operaciones de Emergencias (COE) y el Instituto Nacional de Meteorolog\u00eda (Indomet).<\/p>\n<h2>Tributo a\u00a0<strong>Freddy Ginebra<\/strong><\/h2>\n<ul class=\"list-text\">\n<li>Durante su inauguraci\u00f3n, celebrada en la\u00a0<strong>Sala M\u00e1ximo Avil\u00e9s Blonda<\/strong>\u00a0del Palacio de Bellas Artes, se rindi\u00f3\u00a0<strong>homenaje a Freddy Ginebra<\/strong>\u00a0y se reconoci\u00f3 la trayectoria de la compa\u00f1\u00eda espa\u00f1ola\u00a0<strong>Teatro Corsario<\/strong>, invitada de honor del festival.<\/li>\n<li>El\u00a0<strong>FITE RD 2025<\/strong>\u00a0se desarrolla del\u00a0<strong>19 al 30 de octubre<\/strong>\u00a0con una programaci\u00f3n de\u00a0<strong>75 funciones<\/strong>\u00a0de compa\u00f1\u00edas nacionales e internacionales bajo el lema \u00abEl teatro somos todos\u00bb.<\/li>\n<li>Las\u00a0<strong>nuevas fechas<\/strong>\u00a0de las\u00a0<strong>funciones suspendidas<\/strong>\u00a0ser\u00e1n anunciadas en los<strong>\u00a0canales<\/strong>\u00a0oficiales del\u00a0<strong>Ministerio de Cultura<\/strong>.<\/li>\n<\/ul>\n","protected":false},"excerpt":{"rendered":"<p>El\u00a0XIII Festival Internacional de Teatro RD 2025\u00a0(FITE RD 2025), inaugurado el\u00a0domingo\u00a019\u00a0de octubre, ser\u00e1 objeto de una\u00a0suspensi\u00f3n temporal\u00a0de sus funciones programadas &#8230;<\/p>\n","protected":false},"author":2,"featured_media":207577,"comment_status":"closed","ping_status":"closed","sticky":false,"template":"","format":"standard","meta":{"footnotes":""},"categories":[31],"tags":[],"class_list":["post-207576","post","type-post","status-publish","format-standard","has-post-thumbnail","hentry","category-arte-y-espectaculo"],"yoast_head":"<!-- This site is optimized with the Yoast SEO plugin v24.8.1 - https:\/\/yoast.com\/wordpress\/plugins\/seo\/ -->\n<title>Ministerio de Cultura suspende funciones del Festival Internacional de Teatro RD 2025 por tormenta tropical - PotenciaRadiofonicaDominicana.com<\/title>\n<meta name=\"robots\" content=\"index, follow, max-snippet:-1, max-image-preview:large, max-video-preview:-1\" \/>\n<link rel=\"canonical\" href=\"https:\/\/potenciaradiofonicadominicana.com\/portal\/ministerio-de-cultura-suspende-funciones-del-festival-internacional-de-teatro-rd-2025-por-tormenta-tropical\/\" \/>\n<meta property=\"og:locale\" content=\"es_ES\" \/>\n<meta property=\"og:type\" content=\"article\" \/>\n<meta property=\"og:title\" content=\"Ministerio de Cultura suspende funciones del Festival Internacional de Teatro RD 2025 por tormenta tropical - PotenciaRadiofonicaDominicana.com\" \/>\n<meta property=\"og:description\" content=\"El\u00a0XIII Festival Internacional de Teatro RD 2025\u00a0(FITE RD 2025), inaugurado el\u00a0domingo\u00a019\u00a0de octubre, ser\u00e1 objeto de una\u00a0suspensi\u00f3n temporal\u00a0de sus funciones programadas ...\" \/>\n<meta property=\"og:url\" content=\"https:\/\/potenciaradiofonicadominicana.com\/portal\/ministerio-de-cultura-suspende-funciones-del-festival-internacional-de-teatro-rd-2025-por-tormenta-tropical\/\" \/>\n<meta property=\"og:site_name\" content=\"PotenciaRadiofonicaDominicana.com\" \/>\n<meta property=\"article:publisher\" content=\"https:\/\/web.facebook.com\/PotenciaRadiofonicaD\" \/>\n<meta property=\"article:published_time\" content=\"2025-10-22T02:55:44+00:00\" \/>\n<meta property=\"og:image\" content=\"https:\/\/potenciaradiofonicadominicana.com\/portal\/wp-content\/uploads\/2025\/10\/XII-Festival-Internacional-de-Teatro.jpg\" \/>\n\t<meta property=\"og:image:width\" content=\"1000\" \/>\n\t<meta property=\"og:image:height\" content=\"600\" \/>\n\t<meta property=\"og:image:type\" content=\"image\/jpeg\" \/>\n<meta name=\"author\" content=\"Potencia Radiof\u00f3nica Dominicana\" \/>\n<meta name=\"twitter:card\" content=\"summary_large_image\" \/>\n<meta name=\"twitter:label1\" content=\"Escrito por\" \/>\n\t<meta name=\"twitter:data1\" content=\"Potencia Radiof\u00f3nica Dominicana\" \/>\n\t<meta name=\"twitter:label2\" content=\"Tiempo de lectura\" \/>\n\t<meta name=\"twitter:data2\" content=\"2 minutos\" \/>\n<script type=\"application\/ld+json\" class=\"yoast-schema-graph\">{\"@context\":\"https:\/\/schema.org\",\"@graph\":[{\"@type\":\"Article\",\"@id\":\"https:\/\/potenciaradiofonicadominicana.com\/portal\/ministerio-de-cultura-suspende-funciones-del-festival-internacional-de-teatro-rd-2025-por-tormenta-tropical\/#article\",\"isPartOf\":{\"@id\":\"https:\/\/potenciaradiofonicadominicana.com\/portal\/ministerio-de-cultura-suspende-funciones-del-festival-internacional-de-teatro-rd-2025-por-tormenta-tropical\/\"},\"author\":{\"name\":\"Potencia Radiof\u00f3nica Dominicana\",\"@id\":\"https:\/\/potenciaradiofonicadominicana.com\/portal\/#\/schema\/person\/a5cf1fea13877803ee0573ac18b03490\"},\"headline\":\"Ministerio de Cultura suspende funciones del Festival Internacional de Teatro RD 2025 por tormenta tropical\",\"datePublished\":\"2025-10-22T02:55:44+00:00\",\"mainEntityOfPage\":{\"@id\":\"https:\/\/potenciaradiofonicadominicana.com\/portal\/ministerio-de-cultura-suspende-funciones-del-festival-internacional-de-teatro-rd-2025-por-tormenta-tropical\/\"},\"wordCount\":274,\"publisher\":{\"@id\":\"https:\/\/potenciaradiofonicadominicana.com\/portal\/#organization\"},\"image\":{\"@id\":\"https:\/\/potenciaradiofonicadominicana.com\/portal\/ministerio-de-cultura-suspende-funciones-del-festival-internacional-de-teatro-rd-2025-por-tormenta-tropical\/#primaryimage\"},\"thumbnailUrl\":\"https:\/\/potenciaradiofonicadominicana.com\/portal\/wp-content\/uploads\/2025\/10\/XII-Festival-Internacional-de-Teatro.jpg\",\"articleSection\":[\"Arte y Espectaculo\"],\"inLanguage\":\"es\"},{\"@type\":\"WebPage\",\"@id\":\"https:\/\/potenciaradiofonicadominicana.com\/portal\/ministerio-de-cultura-suspende-funciones-del-festival-internacional-de-teatro-rd-2025-por-tormenta-tropical\/\",\"url\":\"https:\/\/potenciaradiofonicadominicana.com\/portal\/ministerio-de-cultura-suspende-funciones-del-festival-internacional-de-teatro-rd-2025-por-tormenta-tropical\/\",\"name\":\"Ministerio de Cultura suspende funciones del Festival Internacional de Teatro RD 2025 por tormenta tropical - PotenciaRadiofonicaDominicana.com\",\"isPartOf\":{\"@id\":\"https:\/\/potenciaradiofonicadominicana.com\/portal\/#website\"},\"primaryImageOfPage\":{\"@id\":\"https:\/\/potenciaradiofonicadominicana.com\/portal\/ministerio-de-cultura-suspende-funciones-del-festival-internacional-de-teatro-rd-2025-por-tormenta-tropical\/#primaryimage\"},\"image\":{\"@id\":\"https:\/\/potenciaradiofonicadominicana.com\/portal\/ministerio-de-cultura-suspende-funciones-del-festival-internacional-de-teatro-rd-2025-por-tormenta-tropical\/#primaryimage\"},\"thumbnailUrl\":\"https:\/\/potenciaradiofonicadominicana.com\/portal\/wp-content\/uploads\/2025\/10\/XII-Festival-Internacional-de-Teatro.jpg\",\"datePublished\":\"2025-10-22T02:55:44+00:00\",\"breadcrumb\":{\"@id\":\"https:\/\/potenciaradiofonicadominicana.com\/portal\/ministerio-de-cultura-suspende-funciones-del-festival-internacional-de-teatro-rd-2025-por-tormenta-tropical\/#breadcrumb\"},\"inLanguage\":\"es\",\"potentialAction\":[{\"@type\":\"ReadAction\",\"target\":[\"https:\/\/potenciaradiofonicadominicana.com\/portal\/ministerio-de-cultura-suspende-funciones-del-festival-internacional-de-teatro-rd-2025-por-tormenta-tropical\/\"]}]},{\"@type\":\"ImageObject\",\"inLanguage\":\"es\",\"@id\":\"https:\/\/potenciaradiofonicadominicana.com\/portal\/ministerio-de-cultura-suspende-funciones-del-festival-internacional-de-teatro-rd-2025-por-tormenta-tropical\/#primaryimage\",\"url\":\"https:\/\/potenciaradiofonicadominicana.com\/portal\/wp-content\/uploads\/2025\/10\/XII-Festival-Internacional-de-Teatro.jpg\",\"contentUrl\":\"https:\/\/potenciaradiofonicadominicana.com\/portal\/wp-content\/uploads\/2025\/10\/XII-Festival-Internacional-de-Teatro.jpg\",\"width\":1000,\"height\":600},{\"@type\":\"BreadcrumbList\",\"@id\":\"https:\/\/potenciaradiofonicadominicana.com\/portal\/ministerio-de-cultura-suspende-funciones-del-festival-internacional-de-teatro-rd-2025-por-tormenta-tropical\/#breadcrumb\",\"itemListElement\":[{\"@type\":\"ListItem\",\"position\":1,\"name\":\"Portada\",\"item\":\"https:\/\/potenciaradiofonicadominicana.com\/portal\/\"},{\"@type\":\"ListItem\",\"position\":2,\"name\":\"Ministerio de Cultura suspende funciones del Festival Internacional de Teatro RD 2025 por tormenta tropical\"}]},{\"@type\":\"WebSite\",\"@id\":\"https:\/\/potenciaradiofonicadominicana.com\/portal\/#website\",\"url\":\"https:\/\/potenciaradiofonicadominicana.com\/portal\/\",\"name\":\"PotenciaRadiofonicaDominicana.com\",\"description\":\"Peri\u00f3dico Digital\",\"publisher\":{\"@id\":\"https:\/\/potenciaradiofonicadominicana.com\/portal\/#organization\"},\"potentialAction\":[{\"@type\":\"SearchAction\",\"target\":{\"@type\":\"EntryPoint\",\"urlTemplate\":\"https:\/\/potenciaradiofonicadominicana.com\/portal\/?s={search_term_string}\"},\"query-input\":{\"@type\":\"PropertyValueSpecification\",\"valueRequired\":true,\"valueName\":\"search_term_string\"}}],\"inLanguage\":\"es\"},{\"@type\":\"Organization\",\"@id\":\"https:\/\/potenciaradiofonicadominicana.com\/portal\/#organization\",\"name\":\"PotenciaRadiofonicaDominicana.com\",\"url\":\"https:\/\/potenciaradiofonicadominicana.com\/portal\/\",\"logo\":{\"@type\":\"ImageObject\",\"inLanguage\":\"es\",\"@id\":\"https:\/\/potenciaradiofonicadominicana.com\/portal\/#\/schema\/logo\/image\/\",\"url\":\"https:\/\/potenciaradiofonicadominicana.com\/portal\/wp-content\/uploads\/2022\/01\/descarga.png\",\"contentUrl\":\"https:\/\/potenciaradiofonicadominicana.com\/portal\/wp-content\/uploads\/2022\/01\/descarga.png\",\"width\":300,\"height\":100,\"caption\":\"PotenciaRadiofonicaDominicana.com\"},\"image\":{\"@id\":\"https:\/\/potenciaradiofonicadominicana.com\/portal\/#\/schema\/logo\/image\/\"},\"sameAs\":[\"https:\/\/web.facebook.com\/PotenciaRadiofonicaD\"]},{\"@type\":\"Person\",\"@id\":\"https:\/\/potenciaradiofonicadominicana.com\/portal\/#\/schema\/person\/a5cf1fea13877803ee0573ac18b03490\",\"name\":\"Potencia Radiof\u00f3nica Dominicana\",\"image\":{\"@type\":\"ImageObject\",\"inLanguage\":\"es\",\"@id\":\"https:\/\/potenciaradiofonicadominicana.com\/portal\/#\/schema\/person\/image\/\",\"url\":\"https:\/\/secure.gravatar.com\/avatar\/42a55ab9e8ccc656ba34cd791990602a?s=96&d=mm&r=g\",\"contentUrl\":\"https:\/\/secure.gravatar.com\/avatar\/42a55ab9e8ccc656ba34cd791990602a?s=96&d=mm&r=g\",\"caption\":\"Potencia Radiof\u00f3nica Dominicana\"},\"url\":\"https:\/\/potenciaradiofonicadominicana.com\/portal\/author\/johannyalmanzar\/\"}]}<\/script>\n<!-- \/ Yoast SEO plugin. -->","yoast_head_json":{"title":"Ministerio de Cultura suspende funciones del Festival Internacional de Teatro RD 2025 por tormenta tropical - PotenciaRadiofonicaDominicana.com","robots":{"index":"index","follow":"follow","max-snippet":"max-snippet:-1","max-image-preview":"max-image-preview:large","max-video-preview":"max-video-preview:-1"},"canonical":"https:\/\/potenciaradiofonicadominicana.com\/portal\/ministerio-de-cultura-suspende-funciones-del-festival-internacional-de-teatro-rd-2025-por-tormenta-tropical\/","og_locale":"es_ES","og_type":"article","og_title":"Ministerio de Cultura suspende funciones del Festival Internacional de Teatro RD 2025 por tormenta tropical - PotenciaRadiofonicaDominicana.com","og_description":"El\u00a0XIII Festival Internacional de Teatro RD 2025\u00a0(FITE RD 2025), inaugurado el\u00a0domingo\u00a019\u00a0de octubre, ser\u00e1 objeto de una\u00a0suspensi\u00f3n temporal\u00a0de sus funciones programadas ...","og_url":"https:\/\/potenciaradiofonicadominicana.com\/portal\/ministerio-de-cultura-suspende-funciones-del-festival-internacional-de-teatro-rd-2025-por-tormenta-tropical\/","og_site_name":"PotenciaRadiofonicaDominicana.com","article_publisher":"https:\/\/web.facebook.com\/PotenciaRadiofonicaD","article_published_time":"2025-10-22T02:55:44+00:00","og_image":[{"width":1000,"height":600,"url":"https:\/\/potenciaradiofonicadominicana.com\/portal\/wp-content\/uploads\/2025\/10\/XII-Festival-Internacional-de-Teatro.jpg","type":"image\/jpeg"}],"author":"Potencia Radiof\u00f3nica Dominicana","twitter_card":"summary_large_image","twitter_misc":{"Escrito por":"Potencia Radiof\u00f3nica Dominicana","Tiempo de lectura":"2 minutos"},"schema":{"@context":"https:\/\/schema.org","@graph":[{"@type":"Article","@id":"https:\/\/potenciaradiofonicadominicana.com\/portal\/ministerio-de-cultura-suspende-funciones-del-festival-internacional-de-teatro-rd-2025-por-tormenta-tropical\/#article","isPartOf":{"@id":"https:\/\/potenciaradiofonicadominicana.com\/portal\/ministerio-de-cultura-suspende-funciones-del-festival-internacional-de-teatro-rd-2025-por-tormenta-tropical\/"},"author":{"name":"Potencia Radiof\u00f3nica Dominicana","@id":"https:\/\/potenciaradiofonicadominicana.com\/portal\/#\/schema\/person\/a5cf1fea13877803ee0573ac18b03490"},"headline":"Ministerio de Cultura suspende funciones del Festival Internacional de Teatro RD 2025 por tormenta tropical","datePublished":"2025-10-22T02:55:44+00:00","mainEntityOfPage":{"@id":"https:\/\/potenciaradiofonicadominicana.com\/portal\/ministerio-de-cultura-suspende-funciones-del-festival-internacional-de-teatro-rd-2025-por-tormenta-tropical\/"},"wordCount":274,"publisher":{"@id":"https:\/\/potenciaradiofonicadominicana.com\/portal\/#organization"},"image":{"@id":"https:\/\/potenciaradiofonicadominicana.com\/portal\/ministerio-de-cultura-suspende-funciones-del-festival-internacional-de-teatro-rd-2025-por-tormenta-tropical\/#primaryimage"},"thumbnailUrl":"https:\/\/potenciaradiofonicadominicana.com\/portal\/wp-content\/uploads\/2025\/10\/XII-Festival-Internacional-de-Teatro.jpg","articleSection":["Arte y Espectaculo"],"inLanguage":"es"},{"@type":"WebPage","@id":"https:\/\/potenciaradiofonicadominicana.com\/portal\/ministerio-de-cultura-suspende-funciones-del-festival-internacional-de-teatro-rd-2025-por-tormenta-tropical\/","url":"https:\/\/potenciaradiofonicadominicana.com\/portal\/ministerio-de-cultura-suspende-funciones-del-festival-internacional-de-teatro-rd-2025-por-tormenta-tropical\/","name":"Ministerio de Cultura suspende funciones del Festival Internacional de Teatro RD 2025 por tormenta tropical - PotenciaRadiofonicaDominicana.com","isPartOf":{"@id":"https:\/\/potenciaradiofonicadominicana.com\/portal\/#website"},"primaryImageOfPage":{"@id":"https:\/\/potenciaradiofonicadominicana.com\/portal\/ministerio-de-cultura-suspende-funciones-del-festival-internacional-de-teatro-rd-2025-por-tormenta-tropical\/#primaryimage"},"image":{"@id":"https:\/\/potenciaradiofonicadominicana.com\/portal\/ministerio-de-cultura-suspende-funciones-del-festival-internacional-de-teatro-rd-2025-por-tormenta-tropical\/#primaryimage"},"thumbnailUrl":"https:\/\/potenciaradiofonicadominicana.com\/portal\/wp-content\/uploads\/2025\/10\/XII-Festival-Internacional-de-Teatro.jpg","datePublished":"2025-10-22T02:55:44+00:00","breadcrumb":{"@id":"https:\/\/potenciaradiofonicadominicana.com\/portal\/ministerio-de-cultura-suspende-funciones-del-festival-internacional-de-teatro-rd-2025-por-tormenta-tropical\/#breadcrumb"},"inLanguage":"es","potentialAction":[{"@type":"ReadAction","target":["https:\/\/potenciaradiofonicadominicana.com\/portal\/ministerio-de-cultura-suspende-funciones-del-festival-internacional-de-teatro-rd-2025-por-tormenta-tropical\/"]}]},{"@type":"ImageObject","inLanguage":"es","@id":"https:\/\/potenciaradiofonicadominicana.com\/portal\/ministerio-de-cultura-suspende-funciones-del-festival-internacional-de-teatro-rd-2025-por-tormenta-tropical\/#primaryimage","url":"https:\/\/potenciaradiofonicadominicana.com\/portal\/wp-content\/uploads\/2025\/10\/XII-Festival-Internacional-de-Teatro.jpg","contentUrl":"https:\/\/potenciaradiofonicadominicana.com\/portal\/wp-content\/uploads\/2025\/10\/XII-Festival-Internacional-de-Teatro.jpg","width":1000,"height":600},{"@type":"BreadcrumbList","@id":"https:\/\/potenciaradiofonicadominicana.com\/portal\/ministerio-de-cultura-suspende-funciones-del-festival-internacional-de-teatro-rd-2025-por-tormenta-tropical\/#breadcrumb","itemListElement":[{"@type":"ListItem","position":1,"name":"Portada","item":"https:\/\/potenciaradiofonicadominicana.com\/portal\/"},{"@type":"ListItem","position":2,"name":"Ministerio de Cultura suspende funciones del Festival Internacional de Teatro RD 2025 por tormenta tropical"}]},{"@type":"WebSite","@id":"https:\/\/potenciaradiofonicadominicana.com\/portal\/#website","url":"https:\/\/potenciaradiofonicadominicana.com\/portal\/","name":"PotenciaRadiofonicaDominicana.com","description":"Peri\u00f3dico Digital","publisher":{"@id":"https:\/\/potenciaradiofonicadominicana.com\/portal\/#organization"},"potentialAction":[{"@type":"SearchAction","target":{"@type":"EntryPoint","urlTemplate":"https:\/\/potenciaradiofonicadominicana.com\/portal\/?s={search_term_string}"},"query-input":{"@type":"PropertyValueSpecification","valueRequired":true,"valueName":"search_term_string"}}],"inLanguage":"es"},{"@type":"Organization","@id":"https:\/\/potenciaradiofonicadominicana.com\/portal\/#organization","name":"PotenciaRadiofonicaDominicana.com","url":"https:\/\/potenciaradiofonicadominicana.com\/portal\/","logo":{"@type":"ImageObject","inLanguage":"es","@id":"https:\/\/potenciaradiofonicadominicana.com\/portal\/#\/schema\/logo\/image\/","url":"https:\/\/potenciaradiofonicadominicana.com\/portal\/wp-content\/uploads\/2022\/01\/descarga.png","contentUrl":"https:\/\/potenciaradiofonicadominicana.com\/portal\/wp-content\/uploads\/2022\/01\/descarga.png","width":300,"height":100,"caption":"PotenciaRadiofonicaDominicana.com"},"image":{"@id":"https:\/\/potenciaradiofonicadominicana.com\/portal\/#\/schema\/logo\/image\/"},"sameAs":["https:\/\/web.facebook.com\/PotenciaRadiofonicaD"]},{"@type":"Person","@id":"https:\/\/potenciaradiofonicadominicana.com\/portal\/#\/schema\/person\/a5cf1fea13877803ee0573ac18b03490","name":"Potencia Radiof\u00f3nica Dominicana","image":{"@type":"ImageObject","inLanguage":"es","@id":"https:\/\/potenciaradiofonicadominicana.com\/portal\/#\/schema\/person\/image\/","url":"https:\/\/secure.gravatar.com\/avatar\/42a55ab9e8ccc656ba34cd791990602a?s=96&d=mm&r=g","contentUrl":"https:\/\/secure.gravatar.com\/avatar\/42a55ab9e8ccc656ba34cd791990602a?s=96&d=mm&r=g","caption":"Potencia Radiof\u00f3nica Dominicana"},"url":"https:\/\/potenciaradiofonicadominicana.com\/portal\/author\/johannyalmanzar\/"}]}},"_links":{"self":[{"href":"https:\/\/potenciaradiofonicadominicana.com\/portal\/wp-json\/wp\/v2\/posts\/207576","targetHints":{"allow":["GET"]}}],"collection":[{"href":"https:\/\/potenciaradiofonicadominicana.com\/portal\/wp-json\/wp\/v2\/posts"}],"about":[{"href":"https:\/\/potenciaradiofonicadominicana.com\/portal\/wp-json\/wp\/v2\/types\/post"}],"author":[{"embeddable":true,"href":"https:\/\/potenciaradiofonicadominicana.com\/portal\/wp-json\/wp\/v2\/users\/2"}],"replies":[{"embeddable":true,"href":"https:\/\/potenciaradiofonicadominicana.com\/portal\/wp-json\/wp\/v2\/comments?post=207576"}],"version-history":[{"count":1,"href":"https:\/\/potenciaradiofonicadominicana.com\/portal\/wp-json\/wp\/v2\/posts\/207576\/revisions"}],"predecessor-version":[{"id":207578,"href":"https:\/\/potenciaradiofonicadominicana.com\/portal\/wp-json\/wp\/v2\/posts\/207576\/revisions\/207578"}],"wp:featuredmedia":[{"embeddable":true,"href":"https:\/\/potenciaradiofonicadominicana.com\/portal\/wp-json\/wp\/v2\/media\/207577"}],"wp:attachment":[{"href":"https:\/\/potenciaradiofonicadominicana.com\/portal\/wp-json\/wp\/v2\/media?parent=207576"}],"wp:term":[{"taxonomy":"category","embeddable":true,"href":"https:\/\/potenciaradiofonicadominicana.com\/portal\/wp-json\/wp\/v2\/categories?post=207576"},{"taxonomy":"post_tag","embeddable":true,"href":"https:\/\/potenciaradiofonicadominicana.com\/portal\/wp-json\/wp\/v2\/tags?post=207576"}],"curies":[{"name":"wp","href":"https:\/\/api.w.org\/{rel}","templated":true}]}}