{"id":205405,"date":"2025-09-23T23:11:21","date_gmt":"2025-09-24T03:11:21","guid":{"rendered":"https:\/\/potenciaradiofonicadominicana.com\/portal\/?p=205405"},"modified":"2025-09-23T23:11:21","modified_gmt":"2025-09-24T03:11:21","slug":"gobierno-aprueba-presupuesto-para-el-2026-por-rd-1-billon-744-mil-mm","status":"publish","type":"post","link":"https:\/\/potenciaradiofonicadominicana.com\/portal\/gobierno-aprueba-presupuesto-para-el-2026-por-rd-1-billon-744-mil-mm\/","title":{"rendered":"Gobierno aprueba presupuesto para el 2026 por RD$ 1 bill\u00f3n 744 mil MM"},"content":{"rendered":"<p><a href=\"https:\/\/potenciaradiofonicadominicana.com\/portal\/wp-content\/uploads\/2025\/09\/whatsapp-image-2025-09-23-at-13026-pm-e76664e3-focus-min047-026-608-342.jpg\"><img loading=\"lazy\" decoding=\"async\" class=\"alignnone size-full wp-image-205407\" src=\"https:\/\/potenciaradiofonicadominicana.com\/portal\/wp-content\/uploads\/2025\/09\/whatsapp-image-2025-09-23-at-13026-pm-e76664e3-focus-min047-026-608-342.jpg\" alt=\"\" width=\"608\" height=\"342\" srcset=\"https:\/\/potenciaradiofonicadominicana.com\/portal\/wp-content\/uploads\/2025\/09\/whatsapp-image-2025-09-23-at-13026-pm-e76664e3-focus-min047-026-608-342.jpg 608w, https:\/\/potenciaradiofonicadominicana.com\/portal\/wp-content\/uploads\/2025\/09\/whatsapp-image-2025-09-23-at-13026-pm-e76664e3-focus-min047-026-608-342-300x169.jpg 300w\" sizes=\"auto, (max-width: 608px) 100vw, 608px\" \/><\/a><\/p>\n<p>El Consejo de Ministros conoci\u00f3 y aprob\u00f3 este martes el proyecto de ley del Presupuesto General del Estado correspondiente al a\u00f1o 2026, el cual ser\u00e1 remitido al Congreso Nacional antes del 1 de octubre, conforme establece la Constituci\u00f3n de la Rep\u00fablica.<\/p>\n<p>El Presupuesto 2026 asciende a RD$1 bill\u00f3n 744 mil millones, equivalente al 20.1% del PIB.<\/p>\n<p>Tras la reuni\u00f3n, el ministro de la Presidencia, Jos\u00e9 Ignacio Paliza, detall\u00f3 que el presupuesto incluye fondos para los Juegos Centroamericanos y del Caribe, as\u00ed como para la implementaci\u00f3n de la nueva C\u00e9dula de Identidad y Electoral.<\/p>\n<p>Paliza inform\u00f3 que se asignar\u00e1 RD$3,700 millones para la organizaci\u00f3n de los Juegos Centroamericanos y del Caribe. Asimismo, se destinar\u00e1n RD$6,000 millones para la implementaci\u00f3n de la nueva C\u00e9dula de Identidad y Electoral, a cargo de la Junta Central Electoral (JCE).<\/p>\n<p>Uno de los ejes centrales de la propuesta es el impulso de la inversi\u00f3n p\u00fablica, que alcanzar\u00e1 un 2.5% del PIB.<\/p>\n<p>El gasto de capital proyectado para 2026 ser\u00e1 de RD$7,354.6 millones, superior al presupuesto reformulado 2025, y RD$39,000 millones m\u00e1s en relaci\u00f3n al presupuesto inicial 2025.<\/p>\n<p>Se proyecta que los servicios sociales representen aproximadamente el 46 % del gasto total.<\/p>\n<p>Entre los compromisos del Gobierno destacan la garant\u00eda del 4 % del PIB para educaci\u00f3n, incrementos en salud, seguridad social y la asignaci\u00f3n de mayores recursos a deportes, en ocasi\u00f3n de la celebraci\u00f3n de los XXV Juegos Centroamericanos y del Caribe en el pa\u00eds.<\/p>\n<p>Adem\u00e1s, la asignaci\u00f3n presupuestaria contempla la profundizaci\u00f3n de medidas orientadas a una mayor eficiencia en el uso de los recursos p\u00fablicos. Un ejemplo de ello es la reciente fusi\u00f3n del Ministerio de Hacienda y Econom\u00eda, como parte de los esfuerzos de racionalizaci\u00f3n administrativa.<\/p>\n","protected":false},"excerpt":{"rendered":"<p>El Consejo de Ministros conoci\u00f3 y aprob\u00f3 este martes el proyecto de ley del Presupuesto General del Estado correspondiente al &#8230;<\/p>\n","protected":false},"author":2,"featured_media":205407,"comment_status":"closed","ping_status":"closed","sticky":false,"template":"","format":"standard","meta":{"footnotes":""},"categories":[26],"tags":[],"class_list":["post-205405","post","type-post","status-publish","format-standard","has-post-thumbnail","hentry","category-economia"],"yoast_head":"<!-- This site is optimized with the Yoast SEO plugin v24.8.1 - https:\/\/yoast.com\/wordpress\/plugins\/seo\/ -->\n<title>Gobierno aprueba presupuesto para el 2026 por RD$ 1 bill\u00f3n 744 mil MM - PotenciaRadiofonicaDominicana.com<\/title>\n<meta name=\"robots\" content=\"index, follow, max-snippet:-1, max-image-preview:large, max-video-preview:-1\" \/>\n<link rel=\"canonical\" href=\"https:\/\/potenciaradiofonicadominicana.com\/portal\/gobierno-aprueba-presupuesto-para-el-2026-por-rd-1-billon-744-mil-mm\/\" \/>\n<meta property=\"og:locale\" content=\"es_ES\" \/>\n<meta property=\"og:type\" content=\"article\" \/>\n<meta property=\"og:title\" content=\"Gobierno aprueba presupuesto para el 2026 por RD$ 1 bill\u00f3n 744 mil MM - PotenciaRadiofonicaDominicana.com\" \/>\n<meta property=\"og:description\" content=\"El Consejo de Ministros conoci\u00f3 y aprob\u00f3 este martes el proyecto de ley del Presupuesto General del Estado correspondiente al ...\" \/>\n<meta property=\"og:url\" content=\"https:\/\/potenciaradiofonicadominicana.com\/portal\/gobierno-aprueba-presupuesto-para-el-2026-por-rd-1-billon-744-mil-mm\/\" \/>\n<meta property=\"og:site_name\" content=\"PotenciaRadiofonicaDominicana.com\" \/>\n<meta property=\"article:publisher\" content=\"https:\/\/web.facebook.com\/PotenciaRadiofonicaD\" \/>\n<meta property=\"article:published_time\" content=\"2025-09-24T03:11:21+00:00\" \/>\n<meta property=\"og:image\" content=\"https:\/\/potenciaradiofonicadominicana.com\/portal\/wp-content\/uploads\/2025\/09\/whatsapp-image-2025-09-23-at-13026-pm-e76664e3-focus-min047-026-608-342.jpg\" \/>\n\t<meta property=\"og:image:width\" content=\"608\" \/>\n\t<meta property=\"og:image:height\" content=\"342\" \/>\n\t<meta property=\"og:image:type\" content=\"image\/jpeg\" \/>\n<meta name=\"author\" content=\"Potencia Radiof\u00f3nica Dominicana\" \/>\n<meta name=\"twitter:card\" content=\"summary_large_image\" \/>\n<meta name=\"twitter:label1\" content=\"Escrito por\" \/>\n\t<meta name=\"twitter:data1\" content=\"Potencia Radiof\u00f3nica Dominicana\" \/>\n\t<meta name=\"twitter:label2\" content=\"Tiempo de lectura\" \/>\n\t<meta name=\"twitter:data2\" content=\"2 minutos\" \/>\n<script type=\"application\/ld+json\" class=\"yoast-schema-graph\">{\"@context\":\"https:\/\/schema.org\",\"@graph\":[{\"@type\":\"Article\",\"@id\":\"https:\/\/potenciaradiofonicadominicana.com\/portal\/gobierno-aprueba-presupuesto-para-el-2026-por-rd-1-billon-744-mil-mm\/#article\",\"isPartOf\":{\"@id\":\"https:\/\/potenciaradiofonicadominicana.com\/portal\/gobierno-aprueba-presupuesto-para-el-2026-por-rd-1-billon-744-mil-mm\/\"},\"author\":{\"name\":\"Potencia Radiof\u00f3nica Dominicana\",\"@id\":\"https:\/\/potenciaradiofonicadominicana.com\/portal\/#\/schema\/person\/a5cf1fea13877803ee0573ac18b03490\"},\"headline\":\"Gobierno aprueba presupuesto para el 2026 por RD$ 1 bill\u00f3n 744 mil MM\",\"datePublished\":\"2025-09-24T03:11:21+00:00\",\"mainEntityOfPage\":{\"@id\":\"https:\/\/potenciaradiofonicadominicana.com\/portal\/gobierno-aprueba-presupuesto-para-el-2026-por-rd-1-billon-744-mil-mm\/\"},\"wordCount\":308,\"publisher\":{\"@id\":\"https:\/\/potenciaradiofonicadominicana.com\/portal\/#organization\"},\"image\":{\"@id\":\"https:\/\/potenciaradiofonicadominicana.com\/portal\/gobierno-aprueba-presupuesto-para-el-2026-por-rd-1-billon-744-mil-mm\/#primaryimage\"},\"thumbnailUrl\":\"https:\/\/potenciaradiofonicadominicana.com\/portal\/wp-content\/uploads\/2025\/09\/whatsapp-image-2025-09-23-at-13026-pm-e76664e3-focus-min047-026-608-342.jpg\",\"articleSection\":[\"Econom\u00eda\"],\"inLanguage\":\"es\"},{\"@type\":\"WebPage\",\"@id\":\"https:\/\/potenciaradiofonicadominicana.com\/portal\/gobierno-aprueba-presupuesto-para-el-2026-por-rd-1-billon-744-mil-mm\/\",\"url\":\"https:\/\/potenciaradiofonicadominicana.com\/portal\/gobierno-aprueba-presupuesto-para-el-2026-por-rd-1-billon-744-mil-mm\/\",\"name\":\"Gobierno aprueba presupuesto para el 2026 por RD$ 1 bill\u00f3n 744 mil MM - PotenciaRadiofonicaDominicana.com\",\"isPartOf\":{\"@id\":\"https:\/\/potenciaradiofonicadominicana.com\/portal\/#website\"},\"primaryImageOfPage\":{\"@id\":\"https:\/\/potenciaradiofonicadominicana.com\/portal\/gobierno-aprueba-presupuesto-para-el-2026-por-rd-1-billon-744-mil-mm\/#primaryimage\"},\"image\":{\"@id\":\"https:\/\/potenciaradiofonicadominicana.com\/portal\/gobierno-aprueba-presupuesto-para-el-2026-por-rd-1-billon-744-mil-mm\/#primaryimage\"},\"thumbnailUrl\":\"https:\/\/potenciaradiofonicadominicana.com\/portal\/wp-content\/uploads\/2025\/09\/whatsapp-image-2025-09-23-at-13026-pm-e76664e3-focus-min047-026-608-342.jpg\",\"datePublished\":\"2025-09-24T03:11:21+00:00\",\"breadcrumb\":{\"@id\":\"https:\/\/potenciaradiofonicadominicana.com\/portal\/gobierno-aprueba-presupuesto-para-el-2026-por-rd-1-billon-744-mil-mm\/#breadcrumb\"},\"inLanguage\":\"es\",\"potentialAction\":[{\"@type\":\"ReadAction\",\"target\":[\"https:\/\/potenciaradiofonicadominicana.com\/portal\/gobierno-aprueba-presupuesto-para-el-2026-por-rd-1-billon-744-mil-mm\/\"]}]},{\"@type\":\"ImageObject\",\"inLanguage\":\"es\",\"@id\":\"https:\/\/potenciaradiofonicadominicana.com\/portal\/gobierno-aprueba-presupuesto-para-el-2026-por-rd-1-billon-744-mil-mm\/#primaryimage\",\"url\":\"https:\/\/potenciaradiofonicadominicana.com\/portal\/wp-content\/uploads\/2025\/09\/whatsapp-image-2025-09-23-at-13026-pm-e76664e3-focus-min047-026-608-342.jpg\",\"contentUrl\":\"https:\/\/potenciaradiofonicadominicana.com\/portal\/wp-content\/uploads\/2025\/09\/whatsapp-image-2025-09-23-at-13026-pm-e76664e3-focus-min047-026-608-342.jpg\",\"width\":608,\"height\":342},{\"@type\":\"BreadcrumbList\",\"@id\":\"https:\/\/potenciaradiofonicadominicana.com\/portal\/gobierno-aprueba-presupuesto-para-el-2026-por-rd-1-billon-744-mil-mm\/#breadcrumb\",\"itemListElement\":[{\"@type\":\"ListItem\",\"position\":1,\"name\":\"Portada\",\"item\":\"https:\/\/potenciaradiofonicadominicana.com\/portal\/\"},{\"@type\":\"ListItem\",\"position\":2,\"name\":\"Gobierno aprueba presupuesto para el 2026 por RD$ 1 bill\u00f3n 744 mil MM\"}]},{\"@type\":\"WebSite\",\"@id\":\"https:\/\/potenciaradiofonicadominicana.com\/portal\/#website\",\"url\":\"https:\/\/potenciaradiofonicadominicana.com\/portal\/\",\"name\":\"PotenciaRadiofonicaDominicana.com\",\"description\":\"Peri\u00f3dico Digital\",\"publisher\":{\"@id\":\"https:\/\/potenciaradiofonicadominicana.com\/portal\/#organization\"},\"potentialAction\":[{\"@type\":\"SearchAction\",\"target\":{\"@type\":\"EntryPoint\",\"urlTemplate\":\"https:\/\/potenciaradiofonicadominicana.com\/portal\/?s={search_term_string}\"},\"query-input\":{\"@type\":\"PropertyValueSpecification\",\"valueRequired\":true,\"valueName\":\"search_term_string\"}}],\"inLanguage\":\"es\"},{\"@type\":\"Organization\",\"@id\":\"https:\/\/potenciaradiofonicadominicana.com\/portal\/#organization\",\"name\":\"PotenciaRadiofonicaDominicana.com\",\"url\":\"https:\/\/potenciaradiofonicadominicana.com\/portal\/\",\"logo\":{\"@type\":\"ImageObject\",\"inLanguage\":\"es\",\"@id\":\"https:\/\/potenciaradiofonicadominicana.com\/portal\/#\/schema\/logo\/image\/\",\"url\":\"https:\/\/potenciaradiofonicadominicana.com\/portal\/wp-content\/uploads\/2022\/01\/descarga.png\",\"contentUrl\":\"https:\/\/potenciaradiofonicadominicana.com\/portal\/wp-content\/uploads\/2022\/01\/descarga.png\",\"width\":300,\"height\":100,\"caption\":\"PotenciaRadiofonicaDominicana.com\"},\"image\":{\"@id\":\"https:\/\/potenciaradiofonicadominicana.com\/portal\/#\/schema\/logo\/image\/\"},\"sameAs\":[\"https:\/\/web.facebook.com\/PotenciaRadiofonicaD\"]},{\"@type\":\"Person\",\"@id\":\"https:\/\/potenciaradiofonicadominicana.com\/portal\/#\/schema\/person\/a5cf1fea13877803ee0573ac18b03490\",\"name\":\"Potencia Radiof\u00f3nica Dominicana\",\"image\":{\"@type\":\"ImageObject\",\"inLanguage\":\"es\",\"@id\":\"https:\/\/potenciaradiofonicadominicana.com\/portal\/#\/schema\/person\/image\/\",\"url\":\"https:\/\/secure.gravatar.com\/avatar\/42a55ab9e8ccc656ba34cd791990602a?s=96&d=mm&r=g\",\"contentUrl\":\"https:\/\/secure.gravatar.com\/avatar\/42a55ab9e8ccc656ba34cd791990602a?s=96&d=mm&r=g\",\"caption\":\"Potencia Radiof\u00f3nica Dominicana\"},\"url\":\"https:\/\/potenciaradiofonicadominicana.com\/portal\/author\/johannyalmanzar\/\"}]}<\/script>\n<!-- \/ Yoast SEO plugin. -->","yoast_head_json":{"title":"Gobierno aprueba presupuesto para el 2026 por RD$ 1 bill\u00f3n 744 mil MM - PotenciaRadiofonicaDominicana.com","robots":{"index":"index","follow":"follow","max-snippet":"max-snippet:-1","max-image-preview":"max-image-preview:large","max-video-preview":"max-video-preview:-1"},"canonical":"https:\/\/potenciaradiofonicadominicana.com\/portal\/gobierno-aprueba-presupuesto-para-el-2026-por-rd-1-billon-744-mil-mm\/","og_locale":"es_ES","og_type":"article","og_title":"Gobierno aprueba presupuesto para el 2026 por RD$ 1 bill\u00f3n 744 mil MM - PotenciaRadiofonicaDominicana.com","og_description":"El Consejo de Ministros conoci\u00f3 y aprob\u00f3 este martes el proyecto de ley del Presupuesto General del Estado correspondiente al ...","og_url":"https:\/\/potenciaradiofonicadominicana.com\/portal\/gobierno-aprueba-presupuesto-para-el-2026-por-rd-1-billon-744-mil-mm\/","og_site_name":"PotenciaRadiofonicaDominicana.com","article_publisher":"https:\/\/web.facebook.com\/PotenciaRadiofonicaD","article_published_time":"2025-09-24T03:11:21+00:00","og_image":[{"width":608,"height":342,"url":"https:\/\/potenciaradiofonicadominicana.com\/portal\/wp-content\/uploads\/2025\/09\/whatsapp-image-2025-09-23-at-13026-pm-e76664e3-focus-min047-026-608-342.jpg","type":"image\/jpeg"}],"author":"Potencia Radiof\u00f3nica Dominicana","twitter_card":"summary_large_image","twitter_misc":{"Escrito por":"Potencia Radiof\u00f3nica Dominicana","Tiempo de lectura":"2 minutos"},"schema":{"@context":"https:\/\/schema.org","@graph":[{"@type":"Article","@id":"https:\/\/potenciaradiofonicadominicana.com\/portal\/gobierno-aprueba-presupuesto-para-el-2026-por-rd-1-billon-744-mil-mm\/#article","isPartOf":{"@id":"https:\/\/potenciaradiofonicadominicana.com\/portal\/gobierno-aprueba-presupuesto-para-el-2026-por-rd-1-billon-744-mil-mm\/"},"author":{"name":"Potencia Radiof\u00f3nica Dominicana","@id":"https:\/\/potenciaradiofonicadominicana.com\/portal\/#\/schema\/person\/a5cf1fea13877803ee0573ac18b03490"},"headline":"Gobierno aprueba presupuesto para el 2026 por RD$ 1 bill\u00f3n 744 mil MM","datePublished":"2025-09-24T03:11:21+00:00","mainEntityOfPage":{"@id":"https:\/\/potenciaradiofonicadominicana.com\/portal\/gobierno-aprueba-presupuesto-para-el-2026-por-rd-1-billon-744-mil-mm\/"},"wordCount":308,"publisher":{"@id":"https:\/\/potenciaradiofonicadominicana.com\/portal\/#organization"},"image":{"@id":"https:\/\/potenciaradiofonicadominicana.com\/portal\/gobierno-aprueba-presupuesto-para-el-2026-por-rd-1-billon-744-mil-mm\/#primaryimage"},"thumbnailUrl":"https:\/\/potenciaradiofonicadominicana.com\/portal\/wp-content\/uploads\/2025\/09\/whatsapp-image-2025-09-23-at-13026-pm-e76664e3-focus-min047-026-608-342.jpg","articleSection":["Econom\u00eda"],"inLanguage":"es"},{"@type":"WebPage","@id":"https:\/\/potenciaradiofonicadominicana.com\/portal\/gobierno-aprueba-presupuesto-para-el-2026-por-rd-1-billon-744-mil-mm\/","url":"https:\/\/potenciaradiofonicadominicana.com\/portal\/gobierno-aprueba-presupuesto-para-el-2026-por-rd-1-billon-744-mil-mm\/","name":"Gobierno aprueba presupuesto para el 2026 por RD$ 1 bill\u00f3n 744 mil MM - PotenciaRadiofonicaDominicana.com","isPartOf":{"@id":"https:\/\/potenciaradiofonicadominicana.com\/portal\/#website"},"primaryImageOfPage":{"@id":"https:\/\/potenciaradiofonicadominicana.com\/portal\/gobierno-aprueba-presupuesto-para-el-2026-por-rd-1-billon-744-mil-mm\/#primaryimage"},"image":{"@id":"https:\/\/potenciaradiofonicadominicana.com\/portal\/gobierno-aprueba-presupuesto-para-el-2026-por-rd-1-billon-744-mil-mm\/#primaryimage"},"thumbnailUrl":"https:\/\/potenciaradiofonicadominicana.com\/portal\/wp-content\/uploads\/2025\/09\/whatsapp-image-2025-09-23-at-13026-pm-e76664e3-focus-min047-026-608-342.jpg","datePublished":"2025-09-24T03:11:21+00:00","breadcrumb":{"@id":"https:\/\/potenciaradiofonicadominicana.com\/portal\/gobierno-aprueba-presupuesto-para-el-2026-por-rd-1-billon-744-mil-mm\/#breadcrumb"},"inLanguage":"es","potentialAction":[{"@type":"ReadAction","target":["https:\/\/potenciaradiofonicadominicana.com\/portal\/gobierno-aprueba-presupuesto-para-el-2026-por-rd-1-billon-744-mil-mm\/"]}]},{"@type":"ImageObject","inLanguage":"es","@id":"https:\/\/potenciaradiofonicadominicana.com\/portal\/gobierno-aprueba-presupuesto-para-el-2026-por-rd-1-billon-744-mil-mm\/#primaryimage","url":"https:\/\/potenciaradiofonicadominicana.com\/portal\/wp-content\/uploads\/2025\/09\/whatsapp-image-2025-09-23-at-13026-pm-e76664e3-focus-min047-026-608-342.jpg","contentUrl":"https:\/\/potenciaradiofonicadominicana.com\/portal\/wp-content\/uploads\/2025\/09\/whatsapp-image-2025-09-23-at-13026-pm-e76664e3-focus-min047-026-608-342.jpg","width":608,"height":342},{"@type":"BreadcrumbList","@id":"https:\/\/potenciaradiofonicadominicana.com\/portal\/gobierno-aprueba-presupuesto-para-el-2026-por-rd-1-billon-744-mil-mm\/#breadcrumb","itemListElement":[{"@type":"ListItem","position":1,"name":"Portada","item":"https:\/\/potenciaradiofonicadominicana.com\/portal\/"},{"@type":"ListItem","position":2,"name":"Gobierno aprueba presupuesto para el 2026 por RD$ 1 bill\u00f3n 744 mil MM"}]},{"@type":"WebSite","@id":"https:\/\/potenciaradiofonicadominicana.com\/portal\/#website","url":"https:\/\/potenciaradiofonicadominicana.com\/portal\/","name":"PotenciaRadiofonicaDominicana.com","description":"Peri\u00f3dico Digital","publisher":{"@id":"https:\/\/potenciaradiofonicadominicana.com\/portal\/#organization"},"potentialAction":[{"@type":"SearchAction","target":{"@type":"EntryPoint","urlTemplate":"https:\/\/potenciaradiofonicadominicana.com\/portal\/?s={search_term_string}"},"query-input":{"@type":"PropertyValueSpecification","valueRequired":true,"valueName":"search_term_string"}}],"inLanguage":"es"},{"@type":"Organization","@id":"https:\/\/potenciaradiofonicadominicana.com\/portal\/#organization","name":"PotenciaRadiofonicaDominicana.com","url":"https:\/\/potenciaradiofonicadominicana.com\/portal\/","logo":{"@type":"ImageObject","inLanguage":"es","@id":"https:\/\/potenciaradiofonicadominicana.com\/portal\/#\/schema\/logo\/image\/","url":"https:\/\/potenciaradiofonicadominicana.com\/portal\/wp-content\/uploads\/2022\/01\/descarga.png","contentUrl":"https:\/\/potenciaradiofonicadominicana.com\/portal\/wp-content\/uploads\/2022\/01\/descarga.png","width":300,"height":100,"caption":"PotenciaRadiofonicaDominicana.com"},"image":{"@id":"https:\/\/potenciaradiofonicadominicana.com\/portal\/#\/schema\/logo\/image\/"},"sameAs":["https:\/\/web.facebook.com\/PotenciaRadiofonicaD"]},{"@type":"Person","@id":"https:\/\/potenciaradiofonicadominicana.com\/portal\/#\/schema\/person\/a5cf1fea13877803ee0573ac18b03490","name":"Potencia Radiof\u00f3nica Dominicana","image":{"@type":"ImageObject","inLanguage":"es","@id":"https:\/\/potenciaradiofonicadominicana.com\/portal\/#\/schema\/person\/image\/","url":"https:\/\/secure.gravatar.com\/avatar\/42a55ab9e8ccc656ba34cd791990602a?s=96&d=mm&r=g","contentUrl":"https:\/\/secure.gravatar.com\/avatar\/42a55ab9e8ccc656ba34cd791990602a?s=96&d=mm&r=g","caption":"Potencia Radiof\u00f3nica Dominicana"},"url":"https:\/\/potenciaradiofonicadominicana.com\/portal\/author\/johannyalmanzar\/"}]}},"_links":{"self":[{"href":"https:\/\/potenciaradiofonicadominicana.com\/portal\/wp-json\/wp\/v2\/posts\/205405","targetHints":{"allow":["GET"]}}],"collection":[{"href":"https:\/\/potenciaradiofonicadominicana.com\/portal\/wp-json\/wp\/v2\/posts"}],"about":[{"href":"https:\/\/potenciaradiofonicadominicana.com\/portal\/wp-json\/wp\/v2\/types\/post"}],"author":[{"embeddable":true,"href":"https:\/\/potenciaradiofonicadominicana.com\/portal\/wp-json\/wp\/v2\/users\/2"}],"replies":[{"embeddable":true,"href":"https:\/\/potenciaradiofonicadominicana.com\/portal\/wp-json\/wp\/v2\/comments?post=205405"}],"version-history":[{"count":1,"href":"https:\/\/potenciaradiofonicadominicana.com\/portal\/wp-json\/wp\/v2\/posts\/205405\/revisions"}],"predecessor-version":[{"id":205409,"href":"https:\/\/potenciaradiofonicadominicana.com\/portal\/wp-json\/wp\/v2\/posts\/205405\/revisions\/205409"}],"wp:featuredmedia":[{"embeddable":true,"href":"https:\/\/potenciaradiofonicadominicana.com\/portal\/wp-json\/wp\/v2\/media\/205407"}],"wp:attachment":[{"href":"https:\/\/potenciaradiofonicadominicana.com\/portal\/wp-json\/wp\/v2\/media?parent=205405"}],"wp:term":[{"taxonomy":"category","embeddable":true,"href":"https:\/\/potenciaradiofonicadominicana.com\/portal\/wp-json\/wp\/v2\/categories?post=205405"},{"taxonomy":"post_tag","embeddable":true,"href":"https:\/\/potenciaradiofonicadominicana.com\/portal\/wp-json\/wp\/v2\/tags?post=205405"}],"curies":[{"name":"wp","href":"https:\/\/api.w.org\/{rel}","templated":true}]}}