{"id":204755,"date":"2025-09-15T09:05:19","date_gmt":"2025-09-15T13:05:19","guid":{"rendered":"https:\/\/potenciaradiofonicadominicana.com\/portal\/?p=204755"},"modified":"2025-09-15T09:05:19","modified_gmt":"2025-09-15T13:05:19","slug":"el-parque-submarino-de-la-caleta-asi-van-los-trabajos-de-reconstruccion","status":"publish","type":"post","link":"https:\/\/potenciaradiofonicadominicana.com\/portal\/el-parque-submarino-de-la-caleta-asi-van-los-trabajos-de-reconstruccion\/","title":{"rendered":"El parque submarino de La Caleta: As\u00ed van los trabajos de reconstrucci\u00f3n"},"content":{"rendered":"<p><a href=\"https:\/\/potenciaradiofonicadominicana.com\/portal\/wp-content\/uploads\/2025\/09\/IMG_0105-scaled-1.webp\"><img loading=\"lazy\" decoding=\"async\" class=\"alignnone size-full wp-image-204756\" src=\"https:\/\/potenciaradiofonicadominicana.com\/portal\/wp-content\/uploads\/2025\/09\/IMG_0105-scaled-1.webp\" alt=\"\" width=\"2560\" height=\"1707\" srcset=\"https:\/\/potenciaradiofonicadominicana.com\/portal\/wp-content\/uploads\/2025\/09\/IMG_0105-scaled-1.webp 2560w, https:\/\/potenciaradiofonicadominicana.com\/portal\/wp-content\/uploads\/2025\/09\/IMG_0105-scaled-1-300x200.webp 300w, https:\/\/potenciaradiofonicadominicana.com\/portal\/wp-content\/uploads\/2025\/09\/IMG_0105-scaled-1-1024x683.webp 1024w, https:\/\/potenciaradiofonicadominicana.com\/portal\/wp-content\/uploads\/2025\/09\/IMG_0105-scaled-1-768x512.webp 768w, https:\/\/potenciaradiofonicadominicana.com\/portal\/wp-content\/uploads\/2025\/09\/IMG_0105-scaled-1-1536x1024.webp 1536w, https:\/\/potenciaradiofonicadominicana.com\/portal\/wp-content\/uploads\/2025\/09\/IMG_0105-scaled-1-2048x1366.webp 2048w\" sizes=\"auto, (max-width: 2560px) 100vw, 2560px\" \/><\/a><\/p>\n<p><strong>La Caleta, Boca Chica<\/strong>.-El ministro de Turismo,\u00a0David Collado, realiz\u00f3 este domingo una visita de supervisi\u00f3n a la reconstrucci\u00f3n del parque submarino de La Caleta y anunci\u00f3 que la obra estar\u00e1 listo para inaugurar en 30 d\u00edas.<\/p>\n<p>Collado, acompa\u00f1ado con parte de equipo de arquitectos, ingenieros, escultores y funcionarios del MITUR, dijo que la obra esta terminas en m\u00e1s de un 90 por ciento.<\/p>\n<p>El ministro Collado destac\u00f3 la importancia de la obra, tras asegurar que es el parque submarino m\u00e1s visitado del pa\u00eds.<\/p>\n<div class=\"col-12 text-center\">\n<div id=\"0a208dfe-a67c-42a0-8b16-c9aa359ceb12\" class=\"pbs\" data-pbs-root=\"true\" data-pbs-position=\"static\" data-pbs-outstream=\"true\"><\/div>\n<\/div>\n<p>\u00abEste ser\u00e1 el \u00faltimo suspiro de disfrute de los turistas que visitan el pa\u00eds, cuando van al aeropuerto de las Am\u00e9ricas\u00bb, indic\u00f3 el funcionario.<\/p>\n<p>Lament\u00f3 que este parque estuviese abandonado por m\u00e1s de 50 a\u00f1os, por lo que defini\u00f3 como hist\u00f3rica y sin precedente la obras, que podr\u00e1n disfrutar turistas nacionales y extranjeros.<\/p>\n<figure class=\"wp-block-image size-large\"><img loading=\"lazy\" decoding=\"async\" class=\"wp-image-3049859 lazy entered loaded\" src=\"https:\/\/hoy.com.do\/wp-content\/uploads\/2025\/09\/IMG_0101-1024x683.jpg?x54270\" sizes=\"auto, (max-width: 1024px) 100vw, 1024px\" srcset=\"https:\/\/hoy.com.do\/wp-content\/uploads\/2025\/09\/IMG_0101-1024x683.jpg 1024w, https:\/\/hoy.com.do\/wp-content\/uploads\/2025\/09\/IMG_0101-300x200.jpg 300w, https:\/\/hoy.com.do\/wp-content\/uploads\/2025\/09\/IMG_0101-1536x1024.jpg 1536w, https:\/\/hoy.com.do\/wp-content\/uploads\/2025\/09\/IMG_0101-2048x1365.jpg 2048w\" alt=\"IMG 0101\" width=\"1024\" height=\"683\" data-src=\"https:\/\/hoy.com.do\/wp-content\/uploads\/2025\/09\/IMG_0101-1024x683.jpg?x54270\" data-srcset=\"https:\/\/hoy.com.do\/wp-content\/uploads\/2025\/09\/IMG_0101-1024x683.jpg 1024w, https:\/\/hoy.com.do\/wp-content\/uploads\/2025\/09\/IMG_0101-300x200.jpg 300w, https:\/\/hoy.com.do\/wp-content\/uploads\/2025\/09\/IMG_0101-1536x1024.jpg 1536w, https:\/\/hoy.com.do\/wp-content\/uploads\/2025\/09\/IMG_0101-2048x1365.jpg 2048w\" data-sizes=\"(max-width: 1024px) 100vw, 1024px\" data-ll-status=\"loaded\" \/><\/figure>\n<p>La intervenci\u00f3n abarca un \u00e1rea general de 119,925 metros cuadrados, dentro de los cuales se realizar\u00e1 un paseo de 2.74 kil\u00f3metros, conmemorativo a los pa\u00edses de Am\u00e9rica y el Caribe, que contempla el remozamiento de 45 Monolitos, ubicados en salida del Aeropuerto Internacional de Las Am\u00e9ricas ( AILA ), juntamente con 20,000 metros cuadrados, aproximadamente, de plazas y senderos internos en el parque.<\/p>\n<p>Tambi\u00e9n incluye paisajismo a todo lo largo del parque, siempre teniendo en cuenta la conservaci\u00f3n y preservaci\u00f3n de las especies existentes pertenecientes a este Parque Nacional.<\/p>\n<p>Adem\u00e1s, contar\u00e1 con la construcci\u00f3n de nuevos senderos peatonales, estacionamientos, plazas, zonas de esparcimiento, miradores, \u00e1reas de recreaci\u00f3n infantil y m\u00f3dulo de p\u00e9rgolas para vendedores.<\/p>\n<p>A a todo eso se suma tambi\u00e9n la construcci\u00f3n de un m\u00f3dulo de servicio, que tendr\u00e1 oficinas, ba\u00f1os y oficinas de Politur.<\/p>\n<p>La ejecuci\u00f3n de la obra esta a carga del Ceiztur, por un monto total de RD$395,404,271.<\/p>\n<p>El Parque Nacional Submarino La Caleta.<\/p>\n<p>Fue establecido en 1986 en un esfuerzo por proteger el patrimonio cultural y biol\u00f3gico subacu\u00e1tico presente en el lugar. Dentro del parque se encuentra el Museo Etnol\u00f3gico y Arqueol\u00f3gico Ta\u00edno descubierto en la playa en la d\u00e9cada de los 70, poseedor de una importante colecci\u00f3n de objetos ta\u00ednos.<\/p>\n<p>En el fondo marino de La Caleta se encuentra el naufragio de la fragata Nuestra Se\u00f1ora de Bego\u00f1a.<\/p>\n","protected":false},"excerpt":{"rendered":"<p>La Caleta, Boca Chica.-El ministro de Turismo,\u00a0David Collado, realiz\u00f3 este domingo una visita de supervisi\u00f3n a la reconstrucci\u00f3n del parque &#8230;<\/p>\n","protected":false},"author":2,"featured_media":204756,"comment_status":"closed","ping_status":"closed","sticky":false,"template":"","format":"standard","meta":{"footnotes":""},"categories":[26],"tags":[],"class_list":["post-204755","post","type-post","status-publish","format-standard","has-post-thumbnail","hentry","category-economia"],"yoast_head":"<!-- This site is optimized with the Yoast SEO plugin v24.8.1 - https:\/\/yoast.com\/wordpress\/plugins\/seo\/ -->\n<title>El parque submarino de La Caleta: As\u00ed van los trabajos de reconstrucci\u00f3n - PotenciaRadiofonicaDominicana.com<\/title>\n<meta name=\"robots\" content=\"index, follow, max-snippet:-1, max-image-preview:large, max-video-preview:-1\" \/>\n<link rel=\"canonical\" href=\"https:\/\/potenciaradiofonicadominicana.com\/portal\/el-parque-submarino-de-la-caleta-asi-van-los-trabajos-de-reconstruccion\/\" \/>\n<meta property=\"og:locale\" content=\"es_ES\" \/>\n<meta property=\"og:type\" content=\"article\" \/>\n<meta property=\"og:title\" content=\"El parque submarino de La Caleta: As\u00ed van los trabajos de reconstrucci\u00f3n - PotenciaRadiofonicaDominicana.com\" \/>\n<meta property=\"og:description\" content=\"La Caleta, Boca Chica.-El ministro de Turismo,\u00a0David Collado, realiz\u00f3 este domingo una visita de supervisi\u00f3n a la reconstrucci\u00f3n del parque ...\" \/>\n<meta property=\"og:url\" content=\"https:\/\/potenciaradiofonicadominicana.com\/portal\/el-parque-submarino-de-la-caleta-asi-van-los-trabajos-de-reconstruccion\/\" \/>\n<meta property=\"og:site_name\" content=\"PotenciaRadiofonicaDominicana.com\" \/>\n<meta property=\"article:publisher\" content=\"https:\/\/web.facebook.com\/PotenciaRadiofonicaD\" \/>\n<meta property=\"article:published_time\" content=\"2025-09-15T13:05:19+00:00\" \/>\n<meta property=\"og:image\" content=\"https:\/\/potenciaradiofonicadominicana.com\/portal\/wp-content\/uploads\/2025\/09\/IMG_0105-scaled-1.webp\" \/>\n\t<meta property=\"og:image:width\" content=\"2560\" \/>\n\t<meta property=\"og:image:height\" content=\"1707\" \/>\n\t<meta property=\"og:image:type\" content=\"image\/webp\" \/>\n<meta name=\"author\" content=\"Potencia Radiof\u00f3nica Dominicana\" \/>\n<meta name=\"twitter:card\" content=\"summary_large_image\" \/>\n<meta name=\"twitter:label1\" content=\"Escrito por\" \/>\n\t<meta name=\"twitter:data1\" content=\"Potencia Radiof\u00f3nica Dominicana\" \/>\n\t<meta name=\"twitter:label2\" content=\"Tiempo de lectura\" \/>\n\t<meta name=\"twitter:data2\" content=\"3 minutos\" \/>\n<script type=\"application\/ld+json\" class=\"yoast-schema-graph\">{\"@context\":\"https:\/\/schema.org\",\"@graph\":[{\"@type\":\"Article\",\"@id\":\"https:\/\/potenciaradiofonicadominicana.com\/portal\/el-parque-submarino-de-la-caleta-asi-van-los-trabajos-de-reconstruccion\/#article\",\"isPartOf\":{\"@id\":\"https:\/\/potenciaradiofonicadominicana.com\/portal\/el-parque-submarino-de-la-caleta-asi-van-los-trabajos-de-reconstruccion\/\"},\"author\":{\"name\":\"Potencia Radiof\u00f3nica Dominicana\",\"@id\":\"https:\/\/potenciaradiofonicadominicana.com\/portal\/#\/schema\/person\/a5cf1fea13877803ee0573ac18b03490\"},\"headline\":\"El parque submarino de La Caleta: As\u00ed van los trabajos de reconstrucci\u00f3n\",\"datePublished\":\"2025-09-15T13:05:19+00:00\",\"mainEntityOfPage\":{\"@id\":\"https:\/\/potenciaradiofonicadominicana.com\/portal\/el-parque-submarino-de-la-caleta-asi-van-los-trabajos-de-reconstruccion\/\"},\"wordCount\":405,\"publisher\":{\"@id\":\"https:\/\/potenciaradiofonicadominicana.com\/portal\/#organization\"},\"image\":{\"@id\":\"https:\/\/potenciaradiofonicadominicana.com\/portal\/el-parque-submarino-de-la-caleta-asi-van-los-trabajos-de-reconstruccion\/#primaryimage\"},\"thumbnailUrl\":\"https:\/\/potenciaradiofonicadominicana.com\/portal\/wp-content\/uploads\/2025\/09\/IMG_0105-scaled-1.webp\",\"articleSection\":[\"Econom\u00eda\"],\"inLanguage\":\"es\"},{\"@type\":\"WebPage\",\"@id\":\"https:\/\/potenciaradiofonicadominicana.com\/portal\/el-parque-submarino-de-la-caleta-asi-van-los-trabajos-de-reconstruccion\/\",\"url\":\"https:\/\/potenciaradiofonicadominicana.com\/portal\/el-parque-submarino-de-la-caleta-asi-van-los-trabajos-de-reconstruccion\/\",\"name\":\"El parque submarino de La Caleta: As\u00ed van los trabajos de reconstrucci\u00f3n - PotenciaRadiofonicaDominicana.com\",\"isPartOf\":{\"@id\":\"https:\/\/potenciaradiofonicadominicana.com\/portal\/#website\"},\"primaryImageOfPage\":{\"@id\":\"https:\/\/potenciaradiofonicadominicana.com\/portal\/el-parque-submarino-de-la-caleta-asi-van-los-trabajos-de-reconstruccion\/#primaryimage\"},\"image\":{\"@id\":\"https:\/\/potenciaradiofonicadominicana.com\/portal\/el-parque-submarino-de-la-caleta-asi-van-los-trabajos-de-reconstruccion\/#primaryimage\"},\"thumbnailUrl\":\"https:\/\/potenciaradiofonicadominicana.com\/portal\/wp-content\/uploads\/2025\/09\/IMG_0105-scaled-1.webp\",\"datePublished\":\"2025-09-15T13:05:19+00:00\",\"breadcrumb\":{\"@id\":\"https:\/\/potenciaradiofonicadominicana.com\/portal\/el-parque-submarino-de-la-caleta-asi-van-los-trabajos-de-reconstruccion\/#breadcrumb\"},\"inLanguage\":\"es\",\"potentialAction\":[{\"@type\":\"ReadAction\",\"target\":[\"https:\/\/potenciaradiofonicadominicana.com\/portal\/el-parque-submarino-de-la-caleta-asi-van-los-trabajos-de-reconstruccion\/\"]}]},{\"@type\":\"ImageObject\",\"inLanguage\":\"es\",\"@id\":\"https:\/\/potenciaradiofonicadominicana.com\/portal\/el-parque-submarino-de-la-caleta-asi-van-los-trabajos-de-reconstruccion\/#primaryimage\",\"url\":\"https:\/\/potenciaradiofonicadominicana.com\/portal\/wp-content\/uploads\/2025\/09\/IMG_0105-scaled-1.webp\",\"contentUrl\":\"https:\/\/potenciaradiofonicadominicana.com\/portal\/wp-content\/uploads\/2025\/09\/IMG_0105-scaled-1.webp\",\"width\":2560,\"height\":1707},{\"@type\":\"BreadcrumbList\",\"@id\":\"https:\/\/potenciaradiofonicadominicana.com\/portal\/el-parque-submarino-de-la-caleta-asi-van-los-trabajos-de-reconstruccion\/#breadcrumb\",\"itemListElement\":[{\"@type\":\"ListItem\",\"position\":1,\"name\":\"Portada\",\"item\":\"https:\/\/potenciaradiofonicadominicana.com\/portal\/\"},{\"@type\":\"ListItem\",\"position\":2,\"name\":\"El parque submarino de La Caleta: As\u00ed van los trabajos de reconstrucci\u00f3n\"}]},{\"@type\":\"WebSite\",\"@id\":\"https:\/\/potenciaradiofonicadominicana.com\/portal\/#website\",\"url\":\"https:\/\/potenciaradiofonicadominicana.com\/portal\/\",\"name\":\"PotenciaRadiofonicaDominicana.com\",\"description\":\"Peri\u00f3dico Digital\",\"publisher\":{\"@id\":\"https:\/\/potenciaradiofonicadominicana.com\/portal\/#organization\"},\"potentialAction\":[{\"@type\":\"SearchAction\",\"target\":{\"@type\":\"EntryPoint\",\"urlTemplate\":\"https:\/\/potenciaradiofonicadominicana.com\/portal\/?s={search_term_string}\"},\"query-input\":{\"@type\":\"PropertyValueSpecification\",\"valueRequired\":true,\"valueName\":\"search_term_string\"}}],\"inLanguage\":\"es\"},{\"@type\":\"Organization\",\"@id\":\"https:\/\/potenciaradiofonicadominicana.com\/portal\/#organization\",\"name\":\"PotenciaRadiofonicaDominicana.com\",\"url\":\"https:\/\/potenciaradiofonicadominicana.com\/portal\/\",\"logo\":{\"@type\":\"ImageObject\",\"inLanguage\":\"es\",\"@id\":\"https:\/\/potenciaradiofonicadominicana.com\/portal\/#\/schema\/logo\/image\/\",\"url\":\"https:\/\/potenciaradiofonicadominicana.com\/portal\/wp-content\/uploads\/2022\/01\/descarga.png\",\"contentUrl\":\"https:\/\/potenciaradiofonicadominicana.com\/portal\/wp-content\/uploads\/2022\/01\/descarga.png\",\"width\":300,\"height\":100,\"caption\":\"PotenciaRadiofonicaDominicana.com\"},\"image\":{\"@id\":\"https:\/\/potenciaradiofonicadominicana.com\/portal\/#\/schema\/logo\/image\/\"},\"sameAs\":[\"https:\/\/web.facebook.com\/PotenciaRadiofonicaD\"]},{\"@type\":\"Person\",\"@id\":\"https:\/\/potenciaradiofonicadominicana.com\/portal\/#\/schema\/person\/a5cf1fea13877803ee0573ac18b03490\",\"name\":\"Potencia Radiof\u00f3nica Dominicana\",\"image\":{\"@type\":\"ImageObject\",\"inLanguage\":\"es\",\"@id\":\"https:\/\/potenciaradiofonicadominicana.com\/portal\/#\/schema\/person\/image\/\",\"url\":\"https:\/\/secure.gravatar.com\/avatar\/42a55ab9e8ccc656ba34cd791990602a?s=96&d=mm&r=g\",\"contentUrl\":\"https:\/\/secure.gravatar.com\/avatar\/42a55ab9e8ccc656ba34cd791990602a?s=96&d=mm&r=g\",\"caption\":\"Potencia Radiof\u00f3nica Dominicana\"},\"url\":\"https:\/\/potenciaradiofonicadominicana.com\/portal\/author\/johannyalmanzar\/\"}]}<\/script>\n<!-- \/ Yoast SEO plugin. -->","yoast_head_json":{"title":"El parque submarino de La Caleta: As\u00ed van los trabajos de reconstrucci\u00f3n - PotenciaRadiofonicaDominicana.com","robots":{"index":"index","follow":"follow","max-snippet":"max-snippet:-1","max-image-preview":"max-image-preview:large","max-video-preview":"max-video-preview:-1"},"canonical":"https:\/\/potenciaradiofonicadominicana.com\/portal\/el-parque-submarino-de-la-caleta-asi-van-los-trabajos-de-reconstruccion\/","og_locale":"es_ES","og_type":"article","og_title":"El parque submarino de La Caleta: As\u00ed van los trabajos de reconstrucci\u00f3n - PotenciaRadiofonicaDominicana.com","og_description":"La Caleta, Boca Chica.-El ministro de Turismo,\u00a0David Collado, realiz\u00f3 este domingo una visita de supervisi\u00f3n a la reconstrucci\u00f3n del parque ...","og_url":"https:\/\/potenciaradiofonicadominicana.com\/portal\/el-parque-submarino-de-la-caleta-asi-van-los-trabajos-de-reconstruccion\/","og_site_name":"PotenciaRadiofonicaDominicana.com","article_publisher":"https:\/\/web.facebook.com\/PotenciaRadiofonicaD","article_published_time":"2025-09-15T13:05:19+00:00","og_image":[{"width":2560,"height":1707,"url":"https:\/\/potenciaradiofonicadominicana.com\/portal\/wp-content\/uploads\/2025\/09\/IMG_0105-scaled-1.webp","type":"image\/webp"}],"author":"Potencia Radiof\u00f3nica Dominicana","twitter_card":"summary_large_image","twitter_misc":{"Escrito por":"Potencia Radiof\u00f3nica Dominicana","Tiempo de lectura":"3 minutos"},"schema":{"@context":"https:\/\/schema.org","@graph":[{"@type":"Article","@id":"https:\/\/potenciaradiofonicadominicana.com\/portal\/el-parque-submarino-de-la-caleta-asi-van-los-trabajos-de-reconstruccion\/#article","isPartOf":{"@id":"https:\/\/potenciaradiofonicadominicana.com\/portal\/el-parque-submarino-de-la-caleta-asi-van-los-trabajos-de-reconstruccion\/"},"author":{"name":"Potencia Radiof\u00f3nica Dominicana","@id":"https:\/\/potenciaradiofonicadominicana.com\/portal\/#\/schema\/person\/a5cf1fea13877803ee0573ac18b03490"},"headline":"El parque submarino de La Caleta: As\u00ed van los trabajos de reconstrucci\u00f3n","datePublished":"2025-09-15T13:05:19+00:00","mainEntityOfPage":{"@id":"https:\/\/potenciaradiofonicadominicana.com\/portal\/el-parque-submarino-de-la-caleta-asi-van-los-trabajos-de-reconstruccion\/"},"wordCount":405,"publisher":{"@id":"https:\/\/potenciaradiofonicadominicana.com\/portal\/#organization"},"image":{"@id":"https:\/\/potenciaradiofonicadominicana.com\/portal\/el-parque-submarino-de-la-caleta-asi-van-los-trabajos-de-reconstruccion\/#primaryimage"},"thumbnailUrl":"https:\/\/potenciaradiofonicadominicana.com\/portal\/wp-content\/uploads\/2025\/09\/IMG_0105-scaled-1.webp","articleSection":["Econom\u00eda"],"inLanguage":"es"},{"@type":"WebPage","@id":"https:\/\/potenciaradiofonicadominicana.com\/portal\/el-parque-submarino-de-la-caleta-asi-van-los-trabajos-de-reconstruccion\/","url":"https:\/\/potenciaradiofonicadominicana.com\/portal\/el-parque-submarino-de-la-caleta-asi-van-los-trabajos-de-reconstruccion\/","name":"El parque submarino de La Caleta: As\u00ed van los trabajos de reconstrucci\u00f3n - PotenciaRadiofonicaDominicana.com","isPartOf":{"@id":"https:\/\/potenciaradiofonicadominicana.com\/portal\/#website"},"primaryImageOfPage":{"@id":"https:\/\/potenciaradiofonicadominicana.com\/portal\/el-parque-submarino-de-la-caleta-asi-van-los-trabajos-de-reconstruccion\/#primaryimage"},"image":{"@id":"https:\/\/potenciaradiofonicadominicana.com\/portal\/el-parque-submarino-de-la-caleta-asi-van-los-trabajos-de-reconstruccion\/#primaryimage"},"thumbnailUrl":"https:\/\/potenciaradiofonicadominicana.com\/portal\/wp-content\/uploads\/2025\/09\/IMG_0105-scaled-1.webp","datePublished":"2025-09-15T13:05:19+00:00","breadcrumb":{"@id":"https:\/\/potenciaradiofonicadominicana.com\/portal\/el-parque-submarino-de-la-caleta-asi-van-los-trabajos-de-reconstruccion\/#breadcrumb"},"inLanguage":"es","potentialAction":[{"@type":"ReadAction","target":["https:\/\/potenciaradiofonicadominicana.com\/portal\/el-parque-submarino-de-la-caleta-asi-van-los-trabajos-de-reconstruccion\/"]}]},{"@type":"ImageObject","inLanguage":"es","@id":"https:\/\/potenciaradiofonicadominicana.com\/portal\/el-parque-submarino-de-la-caleta-asi-van-los-trabajos-de-reconstruccion\/#primaryimage","url":"https:\/\/potenciaradiofonicadominicana.com\/portal\/wp-content\/uploads\/2025\/09\/IMG_0105-scaled-1.webp","contentUrl":"https:\/\/potenciaradiofonicadominicana.com\/portal\/wp-content\/uploads\/2025\/09\/IMG_0105-scaled-1.webp","width":2560,"height":1707},{"@type":"BreadcrumbList","@id":"https:\/\/potenciaradiofonicadominicana.com\/portal\/el-parque-submarino-de-la-caleta-asi-van-los-trabajos-de-reconstruccion\/#breadcrumb","itemListElement":[{"@type":"ListItem","position":1,"name":"Portada","item":"https:\/\/potenciaradiofonicadominicana.com\/portal\/"},{"@type":"ListItem","position":2,"name":"El parque submarino de La Caleta: As\u00ed van los trabajos de reconstrucci\u00f3n"}]},{"@type":"WebSite","@id":"https:\/\/potenciaradiofonicadominicana.com\/portal\/#website","url":"https:\/\/potenciaradiofonicadominicana.com\/portal\/","name":"PotenciaRadiofonicaDominicana.com","description":"Peri\u00f3dico Digital","publisher":{"@id":"https:\/\/potenciaradiofonicadominicana.com\/portal\/#organization"},"potentialAction":[{"@type":"SearchAction","target":{"@type":"EntryPoint","urlTemplate":"https:\/\/potenciaradiofonicadominicana.com\/portal\/?s={search_term_string}"},"query-input":{"@type":"PropertyValueSpecification","valueRequired":true,"valueName":"search_term_string"}}],"inLanguage":"es"},{"@type":"Organization","@id":"https:\/\/potenciaradiofonicadominicana.com\/portal\/#organization","name":"PotenciaRadiofonicaDominicana.com","url":"https:\/\/potenciaradiofonicadominicana.com\/portal\/","logo":{"@type":"ImageObject","inLanguage":"es","@id":"https:\/\/potenciaradiofonicadominicana.com\/portal\/#\/schema\/logo\/image\/","url":"https:\/\/potenciaradiofonicadominicana.com\/portal\/wp-content\/uploads\/2022\/01\/descarga.png","contentUrl":"https:\/\/potenciaradiofonicadominicana.com\/portal\/wp-content\/uploads\/2022\/01\/descarga.png","width":300,"height":100,"caption":"PotenciaRadiofonicaDominicana.com"},"image":{"@id":"https:\/\/potenciaradiofonicadominicana.com\/portal\/#\/schema\/logo\/image\/"},"sameAs":["https:\/\/web.facebook.com\/PotenciaRadiofonicaD"]},{"@type":"Person","@id":"https:\/\/potenciaradiofonicadominicana.com\/portal\/#\/schema\/person\/a5cf1fea13877803ee0573ac18b03490","name":"Potencia Radiof\u00f3nica Dominicana","image":{"@type":"ImageObject","inLanguage":"es","@id":"https:\/\/potenciaradiofonicadominicana.com\/portal\/#\/schema\/person\/image\/","url":"https:\/\/secure.gravatar.com\/avatar\/42a55ab9e8ccc656ba34cd791990602a?s=96&d=mm&r=g","contentUrl":"https:\/\/secure.gravatar.com\/avatar\/42a55ab9e8ccc656ba34cd791990602a?s=96&d=mm&r=g","caption":"Potencia Radiof\u00f3nica Dominicana"},"url":"https:\/\/potenciaradiofonicadominicana.com\/portal\/author\/johannyalmanzar\/"}]}},"_links":{"self":[{"href":"https:\/\/potenciaradiofonicadominicana.com\/portal\/wp-json\/wp\/v2\/posts\/204755","targetHints":{"allow":["GET"]}}],"collection":[{"href":"https:\/\/potenciaradiofonicadominicana.com\/portal\/wp-json\/wp\/v2\/posts"}],"about":[{"href":"https:\/\/potenciaradiofonicadominicana.com\/portal\/wp-json\/wp\/v2\/types\/post"}],"author":[{"embeddable":true,"href":"https:\/\/potenciaradiofonicadominicana.com\/portal\/wp-json\/wp\/v2\/users\/2"}],"replies":[{"embeddable":true,"href":"https:\/\/potenciaradiofonicadominicana.com\/portal\/wp-json\/wp\/v2\/comments?post=204755"}],"version-history":[{"count":1,"href":"https:\/\/potenciaradiofonicadominicana.com\/portal\/wp-json\/wp\/v2\/posts\/204755\/revisions"}],"predecessor-version":[{"id":204757,"href":"https:\/\/potenciaradiofonicadominicana.com\/portal\/wp-json\/wp\/v2\/posts\/204755\/revisions\/204757"}],"wp:featuredmedia":[{"embeddable":true,"href":"https:\/\/potenciaradiofonicadominicana.com\/portal\/wp-json\/wp\/v2\/media\/204756"}],"wp:attachment":[{"href":"https:\/\/potenciaradiofonicadominicana.com\/portal\/wp-json\/wp\/v2\/media?parent=204755"}],"wp:term":[{"taxonomy":"category","embeddable":true,"href":"https:\/\/potenciaradiofonicadominicana.com\/portal\/wp-json\/wp\/v2\/categories?post=204755"},{"taxonomy":"post_tag","embeddable":true,"href":"https:\/\/potenciaradiofonicadominicana.com\/portal\/wp-json\/wp\/v2\/tags?post=204755"}],"curies":[{"name":"wp","href":"https:\/\/api.w.org\/{rel}","templated":true}]}}