{"id":204424,"date":"2025-09-07T21:32:32","date_gmt":"2025-09-08T01:32:32","guid":{"rendered":"https:\/\/potenciaradiofonicadominicana.com\/portal\/?p=204424"},"modified":"2025-09-07T21:32:32","modified_gmt":"2025-09-08T01:32:32","slug":"infotep-inaugura-centro-de-capacitacion-en-zona-franca-de-puerto-plata","status":"publish","type":"post","link":"https:\/\/potenciaradiofonicadominicana.com\/portal\/infotep-inaugura-centro-de-capacitacion-en-zona-franca-de-puerto-plata\/","title":{"rendered":"INFOTEP inaugura Centro de Capacitaci\u00f3n en Zona Franca de Puerto Plata"},"content":{"rendered":"<p><a href=\"https:\/\/potenciaradiofonicadominicana.com\/portal\/wp-content\/uploads\/2025\/09\/infotep-puerto-plata-inaguracion-pjm.webp\"><img loading=\"lazy\" decoding=\"async\" class=\"alignnone size-full wp-image-204425\" src=\"https:\/\/potenciaradiofonicadominicana.com\/portal\/wp-content\/uploads\/2025\/09\/infotep-puerto-plata-inaguracion-pjm.webp\" alt=\"\" width=\"1280\" height=\"852\" srcset=\"https:\/\/potenciaradiofonicadominicana.com\/portal\/wp-content\/uploads\/2025\/09\/infotep-puerto-plata-inaguracion-pjm.webp 1280w, https:\/\/potenciaradiofonicadominicana.com\/portal\/wp-content\/uploads\/2025\/09\/infotep-puerto-plata-inaguracion-pjm-300x200.webp 300w, https:\/\/potenciaradiofonicadominicana.com\/portal\/wp-content\/uploads\/2025\/09\/infotep-puerto-plata-inaguracion-pjm-1024x682.webp 1024w, https:\/\/potenciaradiofonicadominicana.com\/portal\/wp-content\/uploads\/2025\/09\/infotep-puerto-plata-inaguracion-pjm-768x511.webp 768w\" sizes=\"auto, (max-width: 1280px) 100vw, 1280px\" \/><\/a><\/p>\n<p><strong>Puerto Plata. \u2013 El ministro de la Presidencia, Jos\u00e9 Ignacio Paliza,<\/strong>\u00a0en representaci\u00f3n del presidente Luis Abinader inaugur\u00f3 un moderno Centro de Capacitaci\u00f3n del Instituto Nacional de Formaci\u00f3n T\u00e9cnico Profesional<strong>\u00a0(INFOTEP)<\/strong>\u00a0en la Zona Franca Industrial de Puerto Plata, en un acto que marca un paso decisivo para fortalecer el desarrollo productivo y social de la regi\u00f3n Norte.<\/p>\n<p>El nuevo Centro de Formaci\u00f3n<strong>\u00a0INFOTEP<\/strong>\u00a0Zona Franca est\u00e1 ubicado en la carretera Puerto Plata-Navarrete, frente al\u00a0<strong>CURA\u2013UASD,<\/strong> y ha sido construido en alianza con la Corporaci\u00f3n de Zonas Francas, con el objetivo de atender la demanda de formaci\u00f3n t\u00e9cnica tanto de los trabajadores del parque industrial como de los habitantes de las comunidades cercanas.<\/p>\n<p><strong>El director general del INFOTEP, Rafael Santos Bad\u00eda, destac\u00f3<\/strong>\u00a0la trascendencia del proyecto para la dinamizaci\u00f3n econ\u00f3mica y laboral de la provincia.<\/p>\n<p>\u201cCon este centro ampliamos la cobertura de formaci\u00f3n en la Costa Norte y acercamos a\u00fan m\u00e1s al\u00a0<strong>INFOTEP<\/strong>\u00a0a la gente de Puerto Plata. Aqu\u00ed se capacitar\u00e1n miles de j\u00f3venes y adultos en \u00e1reas claves para la industria, el comercio y los servicios, lo que tendr\u00e1 un impacto directo en las oportunidades de empleo y en la competitividad de las empresas\u201d,\u00a0<strong>expres\u00f3 Santos Bad\u00eda.<\/strong><\/p>\n<p>De su lado La presidenta de la Corporaci\u00f3n de Zona<strong>\u00a0Franca de Puerto Plata, Mileyka Brugal Imbert,\u00a0<\/strong>destac\u00f3 que la inauguraci\u00f3n del Centro de Capacitaci\u00f3n del<strong>\u00a0INFOTEP\u00a0<\/strong>constituye un paso decisivo para responder a las necesidades de las empresas y al desarrollo de la provincia.<\/p>\n<p>\u201cEste centro es una herramienta fundamental para desarrollar habilidades, preparar nuevos talentos y brindar a nuestras empresas el recurso m\u00e1s importante para su sostenibilidad y crecimiento: el recurso humano\u201d, afirm\u00f3.<\/p>\n<p>El acto de inauguraci\u00f3n cont\u00f3 con la participaci\u00f3n de la senadora de la provincia\u00a0<strong>Ginette Bournigal , Monse\u00f1or Julio C\u00e9sar Corniel Amaro,\u00a0<\/strong>obispo de la di\u00f3cesis de Puerto Plata. Tambi\u00e9n Igor Rodr\u00edguez, director general del Instituto Dominicano de Aviaci\u00f3n Civil\u00a0<strong>(IDAC),<\/strong>\u00a0y el se\u00f1or Anulfo Pascual, subdirector de Aduanas para Zonas Francas.<\/p>\n<p>De igual manera, estuvieron presentes el alcalde de Puerto Plata,\u00a0<em>Diomedes Roque Garc\u00eda,\u00a0<\/em>representantes del \u00e1mbito municipal, as\u00ed como los miembros de la Junta de directores del INFOTEP, Gabriel del R\u00edo, Narciso Cabral y Otto Flores., la subdirectora general del INFOTEP, Maira Morla, y el director regional Cibao Norte, Luis Manuel Rodr\u00edguez y el encargado de la Oficina Sat\u00e9lite Elvis Perez.<\/p>\n<h2 class=\"wp-block-heading\"><strong>Infraestructura y oferta acad\u00e9mica<\/strong><\/h2>\n<p>La instalaci\u00f3n cuenta con talleres textiles especializados, un taller de inform\u00e1tica, aulas did\u00e1cticas y \u00e1reas administrativas, adem\u00e1s de facilidades que garantizan su operaci\u00f3n inmediata.<\/p>\n<p>En este centro se impartir\u00e1n cursos t\u00e9cnicos en confecci\u00f3n textil, inform\u00e1tica, ciberseguridad, servicios administrativos, ingl\u00e9s y salud financiera, as\u00ed como carreras t\u00e9cnicas en confecci\u00f3n industrial, programaci\u00f3n de bases de datos, inteligencia artificial aplicada a negocios, community manager y marketing digital.<\/p>\n<p>Explicaron que el centro complementa la oferta formativa que el INFOTEP ya ven\u00eda desarrollando en otro local dentro del parque, donde se imparten programas en gastronom\u00eda, electricidad industrial y refrigeraci\u00f3n.<\/p>\n<h2 class=\"wp-block-heading\"><strong>Impacto en la comunidad y el sector productivo<\/strong><\/h2>\n<p>El director del<strong>\u00a0INFOTEP\u00a0<\/strong>explic\u00f3 que el centro responde a las necesidades de empresas del parque de zona franca como Kochmar, Papakura y Carusso Holding Company, especialmente en la formaci\u00f3n de operarios textiles y mandos medios.<\/p>\n<p>Asimismo, beneficiar\u00e1 directamente a residentes de comunidades como Cafemba, Cofres\u00ed, Cost\u00e1mbar, Villa Progreso, Playa Oeste, San Marcos, Barrio San Felipe, entre otras, adem\u00e1s de estudiantes de las universidades\u00a0<strong>CURA\u2013UASD y UTESA<\/strong>, quienes podr\u00e1n complementar su formaci\u00f3n universitaria con programas t\u00e9cnicos especializados.<\/p>\n<p>\u201cEste centro no solo aporta al sector empresarial, tambi\u00e9n abre nuevas puertas de superaci\u00f3n a los j\u00f3venes y adultos de Puerto Plata, quienes ahora tienen m\u00e1s cerca la oportunidad de capacitarse para un mejor futuro\u201d, afirm\u00f3 Santos Bad\u00eda.<\/p>\n<h2 class=\"wp-block-heading\"><strong>Tercer centro en la provincia<\/strong><\/h2>\n<p>Con esta inauguraci\u00f3n, el\u00a0<strong>INFOTEP<\/strong>\u00a0suma su tercer centro de formaci\u00f3n en Puerto Plata, junto al Centro Tecnol\u00f3gico ubicado en el antiguo Hotel Montemar y al Centro Tecnol\u00f3gico P\u00e9rez, en el municipio de Imbert.<\/p>\n<p>Indicaron que pr\u00f3ximamente, se sumar\u00e1n nuevas infraestructuras en Villa Montellano y Punta Bergant\u00edn, fortaleciendo as\u00ed la ruta de expansi\u00f3n institucional en la regi\u00f3n.<\/p>\n<h2 class=\"wp-block-heading\"><strong>Ejecuci\u00f3n y estad\u00edsticas<\/strong><\/h2>\n<p>Desde agosto de 2020 hasta agosto de 2025, la Oficina Sat\u00e9lite Costa Norte del INFOTEP ha registrado importantes avances, capacitando a 154 mil 236 participantes, de los cuales el 53.15% son mujeres y el 46.85% hombres, reflejando un impacto significativo y equilibrado en la poblaci\u00f3n de la provincia de Puerto Plata y zonas aleda\u00f1as.<\/p>\n<p>Los programas m\u00e1s demandados en este per\u00edodo han sido electricidad industrial, refrigeraci\u00f3n y aire acondicionado, gastronom\u00eda, cuidados de enfermer\u00eda, farmacia, marketing digital y hoteler\u00eda y turismo.<\/p>\n<p>Santos Bad\u00eda subray\u00f3 que estos logros consolidan la presencia del INFOTEP en la provincia y ratifican el compromiso institucional con el desarrollo de capacidades que respondan a las demandas del mercado laboral y la visi\u00f3n de progreso del pa\u00eds.<\/p>\n","protected":false},"excerpt":{"rendered":"<p>Puerto Plata. \u2013 El ministro de la Presidencia, Jos\u00e9 Ignacio Paliza,\u00a0en representaci\u00f3n del presidente Luis Abinader inaugur\u00f3 un moderno Centro &#8230;<\/p>\n","protected":false},"author":2,"featured_media":204425,"comment_status":"closed","ping_status":"closed","sticky":false,"template":"","format":"standard","meta":{"footnotes":""},"categories":[25],"tags":[],"class_list":["post-204424","post","type-post","status-publish","format-standard","has-post-thumbnail","hentry","category-noticias"],"yoast_head":"<!-- This site is optimized with the Yoast SEO plugin v24.8.1 - https:\/\/yoast.com\/wordpress\/plugins\/seo\/ -->\n<title>INFOTEP inaugura Centro de Capacitaci\u00f3n en Zona Franca de Puerto Plata - PotenciaRadiofonicaDominicana.com<\/title>\n<meta name=\"robots\" content=\"index, follow, max-snippet:-1, max-image-preview:large, max-video-preview:-1\" \/>\n<link rel=\"canonical\" href=\"https:\/\/potenciaradiofonicadominicana.com\/portal\/infotep-inaugura-centro-de-capacitacion-en-zona-franca-de-puerto-plata\/\" \/>\n<meta property=\"og:locale\" content=\"es_ES\" \/>\n<meta property=\"og:type\" content=\"article\" \/>\n<meta property=\"og:title\" content=\"INFOTEP inaugura Centro de Capacitaci\u00f3n en Zona Franca de Puerto Plata - PotenciaRadiofonicaDominicana.com\" \/>\n<meta property=\"og:description\" content=\"Puerto Plata. \u2013 El ministro de la Presidencia, Jos\u00e9 Ignacio Paliza,\u00a0en representaci\u00f3n del presidente Luis Abinader inaugur\u00f3 un moderno Centro ...\" \/>\n<meta property=\"og:url\" content=\"https:\/\/potenciaradiofonicadominicana.com\/portal\/infotep-inaugura-centro-de-capacitacion-en-zona-franca-de-puerto-plata\/\" \/>\n<meta property=\"og:site_name\" content=\"PotenciaRadiofonicaDominicana.com\" \/>\n<meta property=\"article:publisher\" content=\"https:\/\/web.facebook.com\/PotenciaRadiofonicaD\" \/>\n<meta property=\"article:published_time\" content=\"2025-09-08T01:32:32+00:00\" \/>\n<meta property=\"og:image\" content=\"https:\/\/potenciaradiofonicadominicana.com\/portal\/wp-content\/uploads\/2025\/09\/infotep-puerto-plata-inaguracion-pjm.webp\" \/>\n\t<meta property=\"og:image:width\" content=\"1280\" \/>\n\t<meta property=\"og:image:height\" content=\"852\" \/>\n\t<meta property=\"og:image:type\" content=\"image\/webp\" \/>\n<meta name=\"author\" content=\"Potencia Radiof\u00f3nica Dominicana\" \/>\n<meta name=\"twitter:card\" content=\"summary_large_image\" \/>\n<meta name=\"twitter:label1\" content=\"Escrito por\" \/>\n\t<meta name=\"twitter:data1\" content=\"Potencia Radiof\u00f3nica Dominicana\" \/>\n\t<meta name=\"twitter:label2\" content=\"Tiempo de lectura\" \/>\n\t<meta name=\"twitter:data2\" content=\"5 minutos\" \/>\n<script type=\"application\/ld+json\" class=\"yoast-schema-graph\">{\"@context\":\"https:\/\/schema.org\",\"@graph\":[{\"@type\":\"Article\",\"@id\":\"https:\/\/potenciaradiofonicadominicana.com\/portal\/infotep-inaugura-centro-de-capacitacion-en-zona-franca-de-puerto-plata\/#article\",\"isPartOf\":{\"@id\":\"https:\/\/potenciaradiofonicadominicana.com\/portal\/infotep-inaugura-centro-de-capacitacion-en-zona-franca-de-puerto-plata\/\"},\"author\":{\"name\":\"Potencia Radiof\u00f3nica Dominicana\",\"@id\":\"https:\/\/potenciaradiofonicadominicana.com\/portal\/#\/schema\/person\/a5cf1fea13877803ee0573ac18b03490\"},\"headline\":\"INFOTEP inaugura Centro de Capacitaci\u00f3n en Zona Franca de Puerto Plata\",\"datePublished\":\"2025-09-08T01:32:32+00:00\",\"mainEntityOfPage\":{\"@id\":\"https:\/\/potenciaradiofonicadominicana.com\/portal\/infotep-inaugura-centro-de-capacitacion-en-zona-franca-de-puerto-plata\/\"},\"wordCount\":885,\"publisher\":{\"@id\":\"https:\/\/potenciaradiofonicadominicana.com\/portal\/#organization\"},\"image\":{\"@id\":\"https:\/\/potenciaradiofonicadominicana.com\/portal\/infotep-inaugura-centro-de-capacitacion-en-zona-franca-de-puerto-plata\/#primaryimage\"},\"thumbnailUrl\":\"https:\/\/potenciaradiofonicadominicana.com\/portal\/wp-content\/uploads\/2025\/09\/infotep-puerto-plata-inaguracion-pjm.webp\",\"articleSection\":[\"Noticias\"],\"inLanguage\":\"es\"},{\"@type\":\"WebPage\",\"@id\":\"https:\/\/potenciaradiofonicadominicana.com\/portal\/infotep-inaugura-centro-de-capacitacion-en-zona-franca-de-puerto-plata\/\",\"url\":\"https:\/\/potenciaradiofonicadominicana.com\/portal\/infotep-inaugura-centro-de-capacitacion-en-zona-franca-de-puerto-plata\/\",\"name\":\"INFOTEP inaugura Centro de Capacitaci\u00f3n en Zona Franca de Puerto Plata - PotenciaRadiofonicaDominicana.com\",\"isPartOf\":{\"@id\":\"https:\/\/potenciaradiofonicadominicana.com\/portal\/#website\"},\"primaryImageOfPage\":{\"@id\":\"https:\/\/potenciaradiofonicadominicana.com\/portal\/infotep-inaugura-centro-de-capacitacion-en-zona-franca-de-puerto-plata\/#primaryimage\"},\"image\":{\"@id\":\"https:\/\/potenciaradiofonicadominicana.com\/portal\/infotep-inaugura-centro-de-capacitacion-en-zona-franca-de-puerto-plata\/#primaryimage\"},\"thumbnailUrl\":\"https:\/\/potenciaradiofonicadominicana.com\/portal\/wp-content\/uploads\/2025\/09\/infotep-puerto-plata-inaguracion-pjm.webp\",\"datePublished\":\"2025-09-08T01:32:32+00:00\",\"breadcrumb\":{\"@id\":\"https:\/\/potenciaradiofonicadominicana.com\/portal\/infotep-inaugura-centro-de-capacitacion-en-zona-franca-de-puerto-plata\/#breadcrumb\"},\"inLanguage\":\"es\",\"potentialAction\":[{\"@type\":\"ReadAction\",\"target\":[\"https:\/\/potenciaradiofonicadominicana.com\/portal\/infotep-inaugura-centro-de-capacitacion-en-zona-franca-de-puerto-plata\/\"]}]},{\"@type\":\"ImageObject\",\"inLanguage\":\"es\",\"@id\":\"https:\/\/potenciaradiofonicadominicana.com\/portal\/infotep-inaugura-centro-de-capacitacion-en-zona-franca-de-puerto-plata\/#primaryimage\",\"url\":\"https:\/\/potenciaradiofonicadominicana.com\/portal\/wp-content\/uploads\/2025\/09\/infotep-puerto-plata-inaguracion-pjm.webp\",\"contentUrl\":\"https:\/\/potenciaradiofonicadominicana.com\/portal\/wp-content\/uploads\/2025\/09\/infotep-puerto-plata-inaguracion-pjm.webp\",\"width\":1280,\"height\":852},{\"@type\":\"BreadcrumbList\",\"@id\":\"https:\/\/potenciaradiofonicadominicana.com\/portal\/infotep-inaugura-centro-de-capacitacion-en-zona-franca-de-puerto-plata\/#breadcrumb\",\"itemListElement\":[{\"@type\":\"ListItem\",\"position\":1,\"name\":\"Portada\",\"item\":\"https:\/\/potenciaradiofonicadominicana.com\/portal\/\"},{\"@type\":\"ListItem\",\"position\":2,\"name\":\"INFOTEP inaugura Centro de Capacitaci\u00f3n en Zona Franca de Puerto Plata\"}]},{\"@type\":\"WebSite\",\"@id\":\"https:\/\/potenciaradiofonicadominicana.com\/portal\/#website\",\"url\":\"https:\/\/potenciaradiofonicadominicana.com\/portal\/\",\"name\":\"PotenciaRadiofonicaDominicana.com\",\"description\":\"Peri\u00f3dico Digital\",\"publisher\":{\"@id\":\"https:\/\/potenciaradiofonicadominicana.com\/portal\/#organization\"},\"potentialAction\":[{\"@type\":\"SearchAction\",\"target\":{\"@type\":\"EntryPoint\",\"urlTemplate\":\"https:\/\/potenciaradiofonicadominicana.com\/portal\/?s={search_term_string}\"},\"query-input\":{\"@type\":\"PropertyValueSpecification\",\"valueRequired\":true,\"valueName\":\"search_term_string\"}}],\"inLanguage\":\"es\"},{\"@type\":\"Organization\",\"@id\":\"https:\/\/potenciaradiofonicadominicana.com\/portal\/#organization\",\"name\":\"PotenciaRadiofonicaDominicana.com\",\"url\":\"https:\/\/potenciaradiofonicadominicana.com\/portal\/\",\"logo\":{\"@type\":\"ImageObject\",\"inLanguage\":\"es\",\"@id\":\"https:\/\/potenciaradiofonicadominicana.com\/portal\/#\/schema\/logo\/image\/\",\"url\":\"https:\/\/potenciaradiofonicadominicana.com\/portal\/wp-content\/uploads\/2022\/01\/descarga.png\",\"contentUrl\":\"https:\/\/potenciaradiofonicadominicana.com\/portal\/wp-content\/uploads\/2022\/01\/descarga.png\",\"width\":300,\"height\":100,\"caption\":\"PotenciaRadiofonicaDominicana.com\"},\"image\":{\"@id\":\"https:\/\/potenciaradiofonicadominicana.com\/portal\/#\/schema\/logo\/image\/\"},\"sameAs\":[\"https:\/\/web.facebook.com\/PotenciaRadiofonicaD\"]},{\"@type\":\"Person\",\"@id\":\"https:\/\/potenciaradiofonicadominicana.com\/portal\/#\/schema\/person\/a5cf1fea13877803ee0573ac18b03490\",\"name\":\"Potencia Radiof\u00f3nica Dominicana\",\"image\":{\"@type\":\"ImageObject\",\"inLanguage\":\"es\",\"@id\":\"https:\/\/potenciaradiofonicadominicana.com\/portal\/#\/schema\/person\/image\/\",\"url\":\"https:\/\/secure.gravatar.com\/avatar\/42a55ab9e8ccc656ba34cd791990602a?s=96&d=mm&r=g\",\"contentUrl\":\"https:\/\/secure.gravatar.com\/avatar\/42a55ab9e8ccc656ba34cd791990602a?s=96&d=mm&r=g\",\"caption\":\"Potencia Radiof\u00f3nica Dominicana\"},\"url\":\"https:\/\/potenciaradiofonicadominicana.com\/portal\/author\/johannyalmanzar\/\"}]}<\/script>\n<!-- \/ Yoast SEO plugin. -->","yoast_head_json":{"title":"INFOTEP inaugura Centro de Capacitaci\u00f3n en Zona Franca de Puerto Plata - PotenciaRadiofonicaDominicana.com","robots":{"index":"index","follow":"follow","max-snippet":"max-snippet:-1","max-image-preview":"max-image-preview:large","max-video-preview":"max-video-preview:-1"},"canonical":"https:\/\/potenciaradiofonicadominicana.com\/portal\/infotep-inaugura-centro-de-capacitacion-en-zona-franca-de-puerto-plata\/","og_locale":"es_ES","og_type":"article","og_title":"INFOTEP inaugura Centro de Capacitaci\u00f3n en Zona Franca de Puerto Plata - PotenciaRadiofonicaDominicana.com","og_description":"Puerto Plata. \u2013 El ministro de la Presidencia, Jos\u00e9 Ignacio Paliza,\u00a0en representaci\u00f3n del presidente Luis Abinader inaugur\u00f3 un moderno Centro ...","og_url":"https:\/\/potenciaradiofonicadominicana.com\/portal\/infotep-inaugura-centro-de-capacitacion-en-zona-franca-de-puerto-plata\/","og_site_name":"PotenciaRadiofonicaDominicana.com","article_publisher":"https:\/\/web.facebook.com\/PotenciaRadiofonicaD","article_published_time":"2025-09-08T01:32:32+00:00","og_image":[{"width":1280,"height":852,"url":"https:\/\/potenciaradiofonicadominicana.com\/portal\/wp-content\/uploads\/2025\/09\/infotep-puerto-plata-inaguracion-pjm.webp","type":"image\/webp"}],"author":"Potencia Radiof\u00f3nica Dominicana","twitter_card":"summary_large_image","twitter_misc":{"Escrito por":"Potencia Radiof\u00f3nica Dominicana","Tiempo de lectura":"5 minutos"},"schema":{"@context":"https:\/\/schema.org","@graph":[{"@type":"Article","@id":"https:\/\/potenciaradiofonicadominicana.com\/portal\/infotep-inaugura-centro-de-capacitacion-en-zona-franca-de-puerto-plata\/#article","isPartOf":{"@id":"https:\/\/potenciaradiofonicadominicana.com\/portal\/infotep-inaugura-centro-de-capacitacion-en-zona-franca-de-puerto-plata\/"},"author":{"name":"Potencia Radiof\u00f3nica Dominicana","@id":"https:\/\/potenciaradiofonicadominicana.com\/portal\/#\/schema\/person\/a5cf1fea13877803ee0573ac18b03490"},"headline":"INFOTEP inaugura Centro de Capacitaci\u00f3n en Zona Franca de Puerto Plata","datePublished":"2025-09-08T01:32:32+00:00","mainEntityOfPage":{"@id":"https:\/\/potenciaradiofonicadominicana.com\/portal\/infotep-inaugura-centro-de-capacitacion-en-zona-franca-de-puerto-plata\/"},"wordCount":885,"publisher":{"@id":"https:\/\/potenciaradiofonicadominicana.com\/portal\/#organization"},"image":{"@id":"https:\/\/potenciaradiofonicadominicana.com\/portal\/infotep-inaugura-centro-de-capacitacion-en-zona-franca-de-puerto-plata\/#primaryimage"},"thumbnailUrl":"https:\/\/potenciaradiofonicadominicana.com\/portal\/wp-content\/uploads\/2025\/09\/infotep-puerto-plata-inaguracion-pjm.webp","articleSection":["Noticias"],"inLanguage":"es"},{"@type":"WebPage","@id":"https:\/\/potenciaradiofonicadominicana.com\/portal\/infotep-inaugura-centro-de-capacitacion-en-zona-franca-de-puerto-plata\/","url":"https:\/\/potenciaradiofonicadominicana.com\/portal\/infotep-inaugura-centro-de-capacitacion-en-zona-franca-de-puerto-plata\/","name":"INFOTEP inaugura Centro de Capacitaci\u00f3n en Zona Franca de Puerto Plata - PotenciaRadiofonicaDominicana.com","isPartOf":{"@id":"https:\/\/potenciaradiofonicadominicana.com\/portal\/#website"},"primaryImageOfPage":{"@id":"https:\/\/potenciaradiofonicadominicana.com\/portal\/infotep-inaugura-centro-de-capacitacion-en-zona-franca-de-puerto-plata\/#primaryimage"},"image":{"@id":"https:\/\/potenciaradiofonicadominicana.com\/portal\/infotep-inaugura-centro-de-capacitacion-en-zona-franca-de-puerto-plata\/#primaryimage"},"thumbnailUrl":"https:\/\/potenciaradiofonicadominicana.com\/portal\/wp-content\/uploads\/2025\/09\/infotep-puerto-plata-inaguracion-pjm.webp","datePublished":"2025-09-08T01:32:32+00:00","breadcrumb":{"@id":"https:\/\/potenciaradiofonicadominicana.com\/portal\/infotep-inaugura-centro-de-capacitacion-en-zona-franca-de-puerto-plata\/#breadcrumb"},"inLanguage":"es","potentialAction":[{"@type":"ReadAction","target":["https:\/\/potenciaradiofonicadominicana.com\/portal\/infotep-inaugura-centro-de-capacitacion-en-zona-franca-de-puerto-plata\/"]}]},{"@type":"ImageObject","inLanguage":"es","@id":"https:\/\/potenciaradiofonicadominicana.com\/portal\/infotep-inaugura-centro-de-capacitacion-en-zona-franca-de-puerto-plata\/#primaryimage","url":"https:\/\/potenciaradiofonicadominicana.com\/portal\/wp-content\/uploads\/2025\/09\/infotep-puerto-plata-inaguracion-pjm.webp","contentUrl":"https:\/\/potenciaradiofonicadominicana.com\/portal\/wp-content\/uploads\/2025\/09\/infotep-puerto-plata-inaguracion-pjm.webp","width":1280,"height":852},{"@type":"BreadcrumbList","@id":"https:\/\/potenciaradiofonicadominicana.com\/portal\/infotep-inaugura-centro-de-capacitacion-en-zona-franca-de-puerto-plata\/#breadcrumb","itemListElement":[{"@type":"ListItem","position":1,"name":"Portada","item":"https:\/\/potenciaradiofonicadominicana.com\/portal\/"},{"@type":"ListItem","position":2,"name":"INFOTEP inaugura Centro de Capacitaci\u00f3n en Zona Franca de Puerto Plata"}]},{"@type":"WebSite","@id":"https:\/\/potenciaradiofonicadominicana.com\/portal\/#website","url":"https:\/\/potenciaradiofonicadominicana.com\/portal\/","name":"PotenciaRadiofonicaDominicana.com","description":"Peri\u00f3dico Digital","publisher":{"@id":"https:\/\/potenciaradiofonicadominicana.com\/portal\/#organization"},"potentialAction":[{"@type":"SearchAction","target":{"@type":"EntryPoint","urlTemplate":"https:\/\/potenciaradiofonicadominicana.com\/portal\/?s={search_term_string}"},"query-input":{"@type":"PropertyValueSpecification","valueRequired":true,"valueName":"search_term_string"}}],"inLanguage":"es"},{"@type":"Organization","@id":"https:\/\/potenciaradiofonicadominicana.com\/portal\/#organization","name":"PotenciaRadiofonicaDominicana.com","url":"https:\/\/potenciaradiofonicadominicana.com\/portal\/","logo":{"@type":"ImageObject","inLanguage":"es","@id":"https:\/\/potenciaradiofonicadominicana.com\/portal\/#\/schema\/logo\/image\/","url":"https:\/\/potenciaradiofonicadominicana.com\/portal\/wp-content\/uploads\/2022\/01\/descarga.png","contentUrl":"https:\/\/potenciaradiofonicadominicana.com\/portal\/wp-content\/uploads\/2022\/01\/descarga.png","width":300,"height":100,"caption":"PotenciaRadiofonicaDominicana.com"},"image":{"@id":"https:\/\/potenciaradiofonicadominicana.com\/portal\/#\/schema\/logo\/image\/"},"sameAs":["https:\/\/web.facebook.com\/PotenciaRadiofonicaD"]},{"@type":"Person","@id":"https:\/\/potenciaradiofonicadominicana.com\/portal\/#\/schema\/person\/a5cf1fea13877803ee0573ac18b03490","name":"Potencia Radiof\u00f3nica Dominicana","image":{"@type":"ImageObject","inLanguage":"es","@id":"https:\/\/potenciaradiofonicadominicana.com\/portal\/#\/schema\/person\/image\/","url":"https:\/\/secure.gravatar.com\/avatar\/42a55ab9e8ccc656ba34cd791990602a?s=96&d=mm&r=g","contentUrl":"https:\/\/secure.gravatar.com\/avatar\/42a55ab9e8ccc656ba34cd791990602a?s=96&d=mm&r=g","caption":"Potencia Radiof\u00f3nica Dominicana"},"url":"https:\/\/potenciaradiofonicadominicana.com\/portal\/author\/johannyalmanzar\/"}]}},"_links":{"self":[{"href":"https:\/\/potenciaradiofonicadominicana.com\/portal\/wp-json\/wp\/v2\/posts\/204424","targetHints":{"allow":["GET"]}}],"collection":[{"href":"https:\/\/potenciaradiofonicadominicana.com\/portal\/wp-json\/wp\/v2\/posts"}],"about":[{"href":"https:\/\/potenciaradiofonicadominicana.com\/portal\/wp-json\/wp\/v2\/types\/post"}],"author":[{"embeddable":true,"href":"https:\/\/potenciaradiofonicadominicana.com\/portal\/wp-json\/wp\/v2\/users\/2"}],"replies":[{"embeddable":true,"href":"https:\/\/potenciaradiofonicadominicana.com\/portal\/wp-json\/wp\/v2\/comments?post=204424"}],"version-history":[{"count":1,"href":"https:\/\/potenciaradiofonicadominicana.com\/portal\/wp-json\/wp\/v2\/posts\/204424\/revisions"}],"predecessor-version":[{"id":204426,"href":"https:\/\/potenciaradiofonicadominicana.com\/portal\/wp-json\/wp\/v2\/posts\/204424\/revisions\/204426"}],"wp:featuredmedia":[{"embeddable":true,"href":"https:\/\/potenciaradiofonicadominicana.com\/portal\/wp-json\/wp\/v2\/media\/204425"}],"wp:attachment":[{"href":"https:\/\/potenciaradiofonicadominicana.com\/portal\/wp-json\/wp\/v2\/media?parent=204424"}],"wp:term":[{"taxonomy":"category","embeddable":true,"href":"https:\/\/potenciaradiofonicadominicana.com\/portal\/wp-json\/wp\/v2\/categories?post=204424"},{"taxonomy":"post_tag","embeddable":true,"href":"https:\/\/potenciaradiofonicadominicana.com\/portal\/wp-json\/wp\/v2\/tags?post=204424"}],"curies":[{"name":"wp","href":"https:\/\/api.w.org\/{rel}","templated":true}]}}