{"id":204100,"date":"2025-09-04T23:12:41","date_gmt":"2025-09-05T03:12:41","guid":{"rendered":"https:\/\/potenciaradiofonicadominicana.com\/portal\/?p=204100"},"modified":"2025-09-04T23:12:41","modified_gmt":"2025-09-05T03:12:41","slug":"hipolito-mejia-ya-no-quiere-hablar-de-politica-estoy-mas-manoseado-que-una-mata-de-cafe","status":"publish","type":"post","link":"https:\/\/potenciaradiofonicadominicana.com\/portal\/hipolito-mejia-ya-no-quiere-hablar-de-politica-estoy-mas-manoseado-que-una-mata-de-cafe\/","title":{"rendered":"Hip\u00f3lito Mej\u00eda ya no quiere hablar de pol\u00edtica: \u00abEstoy m\u00e1s manoseado que una mata de caf\u00e9\u00bb"},"content":{"rendered":"<p><a href=\"https:\/\/potenciaradiofonicadominicana.com\/portal\/wp-content\/uploads\/2025\/09\/WhatsApp-Image-2024-09-11-at-10.37.49.jpeg\"><img loading=\"lazy\" decoding=\"async\" class=\"alignnone size-full wp-image-204101\" src=\"https:\/\/potenciaradiofonicadominicana.com\/portal\/wp-content\/uploads\/2025\/09\/WhatsApp-Image-2024-09-11-at-10.37.49.jpeg\" alt=\"\" width=\"1600\" height=\"1064\" srcset=\"https:\/\/potenciaradiofonicadominicana.com\/portal\/wp-content\/uploads\/2025\/09\/WhatsApp-Image-2024-09-11-at-10.37.49.jpeg 1600w, https:\/\/potenciaradiofonicadominicana.com\/portal\/wp-content\/uploads\/2025\/09\/WhatsApp-Image-2024-09-11-at-10.37.49-300x200.jpeg 300w, https:\/\/potenciaradiofonicadominicana.com\/portal\/wp-content\/uploads\/2025\/09\/WhatsApp-Image-2024-09-11-at-10.37.49-1024x681.jpeg 1024w, https:\/\/potenciaradiofonicadominicana.com\/portal\/wp-content\/uploads\/2025\/09\/WhatsApp-Image-2024-09-11-at-10.37.49-768x511.jpeg 768w, https:\/\/potenciaradiofonicadominicana.com\/portal\/wp-content\/uploads\/2025\/09\/WhatsApp-Image-2024-09-11-at-10.37.49-1536x1021.jpeg 1536w\" sizes=\"auto, (max-width: 1600px) 100vw, 1600px\" \/><\/a><\/p>\n<p>Como expresidente de la Rep\u00fablica Dominicana y exministro de Agricultura,\u00a0<strong>Hip\u00f3lito Mej\u00eda<\/strong>\u00a0fue invitado, como todos los a\u00f1os, al\u00a0<strong>Encuentro Nacional de L\u00edderes del Sector Agropecuario<\/strong>, un evento en el que los principales agroempresarios debaten sobre las estrategias para seguir\u00a0<strong>desarrollando el sector<\/strong>.<\/p>\n<p>Con la jocosidad que lo caracteriza, Mej\u00eda\u2013 quien es\u00a0<strong>agr\u00f3nomo de profesi\u00f3n<\/strong>\u2013 asegur\u00f3 que asisti\u00f3 porque no se trataba de un\u00a0<strong>evento pol\u00edtico<\/strong>.<\/p>\n<p>\u00abYo dije: si tengo que hablar de\u00a0<strong>pol\u00edtica<\/strong>, me jod\u00ed. Hombre, yo estoy m\u00e1s manoseado que una mata de caf\u00e9\u00bb, brome\u00f3 junto al presidente ejecutivo de la Junta Agroempresarial Dominicana (<strong>JAD<\/strong>), Osmar Ben\u00edtez.<\/p>\n<p>Declar\u00f3 estar\u00a0<strong>harto de la pol\u00edtica<\/strong>. \u00abYo estoy harto de los pol\u00edticos, pero el Todopoderoso me ha castigado porque mi hija (<strong>Carolina Mej\u00eda<\/strong>) est\u00e1 metida de nuevo en la\u00a0<strong>pol\u00edtica<\/strong> y tengo yo que estar, por \u00f3smosis, meterme en la joroba esta. Afortunada o desgraciadamente\u00bb.<\/p>\n<p>Durante su intervenci\u00f3n en el encuentro, dedicado a c\u00f3mo\u00a0<strong>incrementar las exportaciones agropecuarias<\/strong>\u00a0de cara al 2036, Mej\u00eda resalt\u00f3 que se necesita que el\u00a0<strong>seguro agropecuario estatal<\/strong>\u00a0cuente con m\u00e1s fondos para que pueda asistir con eficiencia a los productores ante cualquier cat\u00e1strofe que represente la p\u00e9rdida de sus cosechas.<\/p>\n<p>Aunque evit\u00f3 abundar en\u00a0<strong>temas impositivos<\/strong>, el exmandatario consider\u00f3 que se puede gravar con impuestos a determinados\u00a0<strong>sectores econ\u00f3micos<\/strong>\u00a0que presenten \u00abexcesos de beneficios\u00bb y, de ah\u00ed, destinar \u00abun peque\u00f1o porcentaje\u00bb que incremente los\u00a0<strong>fondos del seguro agropecuario<\/strong>.<\/p>\n<p>Puso como ejemplo la\u00a0<strong>banca comercial<\/strong>. \u00abLa banca no presta, y ha ganado muchos cuartos. Yo creo que se puede penalizar y la debemos penalizar, pagando impuestos, para beneficio futuro de los rubros que el pa\u00eds necesita a mediano, corto y largo plazo\u00bb, plante\u00f3.<\/p>\n<p>Por \u00faltimo, Mej\u00eda hizo un llamado a los productores a tener \u00abojo\u00bb con\u00a0<strong>garantizar la sanidad animal<\/strong>\u00a0y la\u00a0<strong>sanidad vegetal<\/strong>\u00a0en sus procesos de producci\u00f3n.<\/p>\n<p>\u00abHay que cumplir al pie de la letra (los\u00a0<strong>protocolos de sanidad<\/strong>). Hay que ser claros; aqu\u00ed hay muchos cultivos que se han perdido por falta de control de la aplicaci\u00f3n de pesticidas\u00bb, enfatiz\u00f3.<\/p>\n<p>Calific\u00f3 como \u00abuna\u00a0<strong>falta de respeto<\/strong>\u00bb saltarse estos protocolos, refiri\u00e9ndose al\u00a0<strong>sector ap\u00edcola<\/strong>\u00a0\u2013en el que productores afirmaron haber perdido m\u00e1s de 300 colmenas el a\u00f1o pasado debido a que productores de aj\u00edes pr\u00f3ximos a ellos fumigaron con pesticidas de \u00abbanda roja\u00bb \u2013es decir, productos catalogados con una alta toxicidad\u2013.<\/p>\n<p>\u00abSi se aplican estas\u00a0<strong>recomendaciones<\/strong>, no tengo la menor duda de que daremos un\u00a0<strong>brinco cuantitativo<\/strong>\u00a0y cualitativo en el futuro (del sector)\u00bb, asever\u00f3.<\/p>\n","protected":false},"excerpt":{"rendered":"<p>Como expresidente de la Rep\u00fablica Dominicana y exministro de Agricultura,\u00a0Hip\u00f3lito Mej\u00eda\u00a0fue invitado, como todos los a\u00f1os, al\u00a0Encuentro Nacional de L\u00edderes &#8230;<\/p>\n","protected":false},"author":2,"featured_media":204101,"comment_status":"closed","ping_status":"closed","sticky":false,"template":"","format":"standard","meta":{"footnotes":""},"categories":[26],"tags":[],"class_list":["post-204100","post","type-post","status-publish","format-standard","has-post-thumbnail","hentry","category-economia"],"yoast_head":"<!-- This site is optimized with the Yoast SEO plugin v24.8.1 - https:\/\/yoast.com\/wordpress\/plugins\/seo\/ -->\n<title>Hip\u00f3lito Mej\u00eda ya no quiere hablar de pol\u00edtica: &quot;Estoy m\u00e1s manoseado que una mata de caf\u00e9&quot; - PotenciaRadiofonicaDominicana.com<\/title>\n<meta name=\"robots\" content=\"index, follow, max-snippet:-1, max-image-preview:large, max-video-preview:-1\" \/>\n<link rel=\"canonical\" href=\"https:\/\/potenciaradiofonicadominicana.com\/portal\/hipolito-mejia-ya-no-quiere-hablar-de-politica-estoy-mas-manoseado-que-una-mata-de-cafe\/\" \/>\n<meta property=\"og:locale\" content=\"es_ES\" \/>\n<meta property=\"og:type\" content=\"article\" \/>\n<meta property=\"og:title\" content=\"Hip\u00f3lito Mej\u00eda ya no quiere hablar de pol\u00edtica: &quot;Estoy m\u00e1s manoseado que una mata de caf\u00e9&quot; - PotenciaRadiofonicaDominicana.com\" \/>\n<meta property=\"og:description\" content=\"Como expresidente de la Rep\u00fablica Dominicana y exministro de Agricultura,\u00a0Hip\u00f3lito Mej\u00eda\u00a0fue invitado, como todos los a\u00f1os, al\u00a0Encuentro Nacional de L\u00edderes ...\" \/>\n<meta property=\"og:url\" content=\"https:\/\/potenciaradiofonicadominicana.com\/portal\/hipolito-mejia-ya-no-quiere-hablar-de-politica-estoy-mas-manoseado-que-una-mata-de-cafe\/\" \/>\n<meta property=\"og:site_name\" content=\"PotenciaRadiofonicaDominicana.com\" \/>\n<meta property=\"article:publisher\" content=\"https:\/\/web.facebook.com\/PotenciaRadiofonicaD\" \/>\n<meta property=\"article:published_time\" content=\"2025-09-05T03:12:41+00:00\" \/>\n<meta property=\"og:image\" content=\"https:\/\/potenciaradiofonicadominicana.com\/portal\/wp-content\/uploads\/2025\/09\/WhatsApp-Image-2024-09-11-at-10.37.49.jpeg\" \/>\n\t<meta property=\"og:image:width\" content=\"1600\" \/>\n\t<meta property=\"og:image:height\" content=\"1064\" \/>\n\t<meta property=\"og:image:type\" content=\"image\/jpeg\" \/>\n<meta name=\"author\" content=\"Potencia Radiof\u00f3nica Dominicana\" \/>\n<meta name=\"twitter:card\" content=\"summary_large_image\" \/>\n<meta name=\"twitter:label1\" content=\"Escrito por\" \/>\n\t<meta name=\"twitter:data1\" content=\"Potencia Radiof\u00f3nica Dominicana\" \/>\n\t<meta name=\"twitter:label2\" content=\"Tiempo de lectura\" \/>\n\t<meta name=\"twitter:data2\" content=\"3 minutos\" \/>\n<script type=\"application\/ld+json\" class=\"yoast-schema-graph\">{\"@context\":\"https:\/\/schema.org\",\"@graph\":[{\"@type\":\"Article\",\"@id\":\"https:\/\/potenciaradiofonicadominicana.com\/portal\/hipolito-mejia-ya-no-quiere-hablar-de-politica-estoy-mas-manoseado-que-una-mata-de-cafe\/#article\",\"isPartOf\":{\"@id\":\"https:\/\/potenciaradiofonicadominicana.com\/portal\/hipolito-mejia-ya-no-quiere-hablar-de-politica-estoy-mas-manoseado-que-una-mata-de-cafe\/\"},\"author\":{\"name\":\"Potencia Radiof\u00f3nica Dominicana\",\"@id\":\"https:\/\/potenciaradiofonicadominicana.com\/portal\/#\/schema\/person\/a5cf1fea13877803ee0573ac18b03490\"},\"headline\":\"Hip\u00f3lito Mej\u00eda ya no quiere hablar de pol\u00edtica: \u00abEstoy m\u00e1s manoseado que una mata de caf\u00e9\u00bb\",\"datePublished\":\"2025-09-05T03:12:41+00:00\",\"mainEntityOfPage\":{\"@id\":\"https:\/\/potenciaradiofonicadominicana.com\/portal\/hipolito-mejia-ya-no-quiere-hablar-de-politica-estoy-mas-manoseado-que-una-mata-de-cafe\/\"},\"wordCount\":462,\"publisher\":{\"@id\":\"https:\/\/potenciaradiofonicadominicana.com\/portal\/#organization\"},\"image\":{\"@id\":\"https:\/\/potenciaradiofonicadominicana.com\/portal\/hipolito-mejia-ya-no-quiere-hablar-de-politica-estoy-mas-manoseado-que-una-mata-de-cafe\/#primaryimage\"},\"thumbnailUrl\":\"https:\/\/potenciaradiofonicadominicana.com\/portal\/wp-content\/uploads\/2025\/09\/WhatsApp-Image-2024-09-11-at-10.37.49.jpeg\",\"articleSection\":[\"Econom\u00eda\"],\"inLanguage\":\"es\"},{\"@type\":\"WebPage\",\"@id\":\"https:\/\/potenciaradiofonicadominicana.com\/portal\/hipolito-mejia-ya-no-quiere-hablar-de-politica-estoy-mas-manoseado-que-una-mata-de-cafe\/\",\"url\":\"https:\/\/potenciaradiofonicadominicana.com\/portal\/hipolito-mejia-ya-no-quiere-hablar-de-politica-estoy-mas-manoseado-que-una-mata-de-cafe\/\",\"name\":\"Hip\u00f3lito Mej\u00eda ya no quiere hablar de pol\u00edtica: \\\"Estoy m\u00e1s manoseado que una mata de caf\u00e9\\\" - PotenciaRadiofonicaDominicana.com\",\"isPartOf\":{\"@id\":\"https:\/\/potenciaradiofonicadominicana.com\/portal\/#website\"},\"primaryImageOfPage\":{\"@id\":\"https:\/\/potenciaradiofonicadominicana.com\/portal\/hipolito-mejia-ya-no-quiere-hablar-de-politica-estoy-mas-manoseado-que-una-mata-de-cafe\/#primaryimage\"},\"image\":{\"@id\":\"https:\/\/potenciaradiofonicadominicana.com\/portal\/hipolito-mejia-ya-no-quiere-hablar-de-politica-estoy-mas-manoseado-que-una-mata-de-cafe\/#primaryimage\"},\"thumbnailUrl\":\"https:\/\/potenciaradiofonicadominicana.com\/portal\/wp-content\/uploads\/2025\/09\/WhatsApp-Image-2024-09-11-at-10.37.49.jpeg\",\"datePublished\":\"2025-09-05T03:12:41+00:00\",\"breadcrumb\":{\"@id\":\"https:\/\/potenciaradiofonicadominicana.com\/portal\/hipolito-mejia-ya-no-quiere-hablar-de-politica-estoy-mas-manoseado-que-una-mata-de-cafe\/#breadcrumb\"},\"inLanguage\":\"es\",\"potentialAction\":[{\"@type\":\"ReadAction\",\"target\":[\"https:\/\/potenciaradiofonicadominicana.com\/portal\/hipolito-mejia-ya-no-quiere-hablar-de-politica-estoy-mas-manoseado-que-una-mata-de-cafe\/\"]}]},{\"@type\":\"ImageObject\",\"inLanguage\":\"es\",\"@id\":\"https:\/\/potenciaradiofonicadominicana.com\/portal\/hipolito-mejia-ya-no-quiere-hablar-de-politica-estoy-mas-manoseado-que-una-mata-de-cafe\/#primaryimage\",\"url\":\"https:\/\/potenciaradiofonicadominicana.com\/portal\/wp-content\/uploads\/2025\/09\/WhatsApp-Image-2024-09-11-at-10.37.49.jpeg\",\"contentUrl\":\"https:\/\/potenciaradiofonicadominicana.com\/portal\/wp-content\/uploads\/2025\/09\/WhatsApp-Image-2024-09-11-at-10.37.49.jpeg\",\"width\":1600,\"height\":1064},{\"@type\":\"BreadcrumbList\",\"@id\":\"https:\/\/potenciaradiofonicadominicana.com\/portal\/hipolito-mejia-ya-no-quiere-hablar-de-politica-estoy-mas-manoseado-que-una-mata-de-cafe\/#breadcrumb\",\"itemListElement\":[{\"@type\":\"ListItem\",\"position\":1,\"name\":\"Portada\",\"item\":\"https:\/\/potenciaradiofonicadominicana.com\/portal\/\"},{\"@type\":\"ListItem\",\"position\":2,\"name\":\"Hip\u00f3lito Mej\u00eda ya no quiere hablar de pol\u00edtica: \u00abEstoy m\u00e1s manoseado que una mata de caf\u00e9\u00bb\"}]},{\"@type\":\"WebSite\",\"@id\":\"https:\/\/potenciaradiofonicadominicana.com\/portal\/#website\",\"url\":\"https:\/\/potenciaradiofonicadominicana.com\/portal\/\",\"name\":\"PotenciaRadiofonicaDominicana.com\",\"description\":\"Peri\u00f3dico Digital\",\"publisher\":{\"@id\":\"https:\/\/potenciaradiofonicadominicana.com\/portal\/#organization\"},\"potentialAction\":[{\"@type\":\"SearchAction\",\"target\":{\"@type\":\"EntryPoint\",\"urlTemplate\":\"https:\/\/potenciaradiofonicadominicana.com\/portal\/?s={search_term_string}\"},\"query-input\":{\"@type\":\"PropertyValueSpecification\",\"valueRequired\":true,\"valueName\":\"search_term_string\"}}],\"inLanguage\":\"es\"},{\"@type\":\"Organization\",\"@id\":\"https:\/\/potenciaradiofonicadominicana.com\/portal\/#organization\",\"name\":\"PotenciaRadiofonicaDominicana.com\",\"url\":\"https:\/\/potenciaradiofonicadominicana.com\/portal\/\",\"logo\":{\"@type\":\"ImageObject\",\"inLanguage\":\"es\",\"@id\":\"https:\/\/potenciaradiofonicadominicana.com\/portal\/#\/schema\/logo\/image\/\",\"url\":\"https:\/\/potenciaradiofonicadominicana.com\/portal\/wp-content\/uploads\/2022\/01\/descarga.png\",\"contentUrl\":\"https:\/\/potenciaradiofonicadominicana.com\/portal\/wp-content\/uploads\/2022\/01\/descarga.png\",\"width\":300,\"height\":100,\"caption\":\"PotenciaRadiofonicaDominicana.com\"},\"image\":{\"@id\":\"https:\/\/potenciaradiofonicadominicana.com\/portal\/#\/schema\/logo\/image\/\"},\"sameAs\":[\"https:\/\/web.facebook.com\/PotenciaRadiofonicaD\"]},{\"@type\":\"Person\",\"@id\":\"https:\/\/potenciaradiofonicadominicana.com\/portal\/#\/schema\/person\/a5cf1fea13877803ee0573ac18b03490\",\"name\":\"Potencia Radiof\u00f3nica Dominicana\",\"image\":{\"@type\":\"ImageObject\",\"inLanguage\":\"es\",\"@id\":\"https:\/\/potenciaradiofonicadominicana.com\/portal\/#\/schema\/person\/image\/\",\"url\":\"https:\/\/secure.gravatar.com\/avatar\/42a55ab9e8ccc656ba34cd791990602a?s=96&d=mm&r=g\",\"contentUrl\":\"https:\/\/secure.gravatar.com\/avatar\/42a55ab9e8ccc656ba34cd791990602a?s=96&d=mm&r=g\",\"caption\":\"Potencia Radiof\u00f3nica Dominicana\"},\"url\":\"https:\/\/potenciaradiofonicadominicana.com\/portal\/author\/johannyalmanzar\/\"}]}<\/script>\n<!-- \/ Yoast SEO plugin. -->","yoast_head_json":{"title":"Hip\u00f3lito Mej\u00eda ya no quiere hablar de pol\u00edtica: \"Estoy m\u00e1s manoseado que una mata de caf\u00e9\" - PotenciaRadiofonicaDominicana.com","robots":{"index":"index","follow":"follow","max-snippet":"max-snippet:-1","max-image-preview":"max-image-preview:large","max-video-preview":"max-video-preview:-1"},"canonical":"https:\/\/potenciaradiofonicadominicana.com\/portal\/hipolito-mejia-ya-no-quiere-hablar-de-politica-estoy-mas-manoseado-que-una-mata-de-cafe\/","og_locale":"es_ES","og_type":"article","og_title":"Hip\u00f3lito Mej\u00eda ya no quiere hablar de pol\u00edtica: \"Estoy m\u00e1s manoseado que una mata de caf\u00e9\" - PotenciaRadiofonicaDominicana.com","og_description":"Como expresidente de la Rep\u00fablica Dominicana y exministro de Agricultura,\u00a0Hip\u00f3lito Mej\u00eda\u00a0fue invitado, como todos los a\u00f1os, al\u00a0Encuentro Nacional de L\u00edderes ...","og_url":"https:\/\/potenciaradiofonicadominicana.com\/portal\/hipolito-mejia-ya-no-quiere-hablar-de-politica-estoy-mas-manoseado-que-una-mata-de-cafe\/","og_site_name":"PotenciaRadiofonicaDominicana.com","article_publisher":"https:\/\/web.facebook.com\/PotenciaRadiofonicaD","article_published_time":"2025-09-05T03:12:41+00:00","og_image":[{"width":1600,"height":1064,"url":"https:\/\/potenciaradiofonicadominicana.com\/portal\/wp-content\/uploads\/2025\/09\/WhatsApp-Image-2024-09-11-at-10.37.49.jpeg","type":"image\/jpeg"}],"author":"Potencia Radiof\u00f3nica Dominicana","twitter_card":"summary_large_image","twitter_misc":{"Escrito por":"Potencia Radiof\u00f3nica Dominicana","Tiempo de lectura":"3 minutos"},"schema":{"@context":"https:\/\/schema.org","@graph":[{"@type":"Article","@id":"https:\/\/potenciaradiofonicadominicana.com\/portal\/hipolito-mejia-ya-no-quiere-hablar-de-politica-estoy-mas-manoseado-que-una-mata-de-cafe\/#article","isPartOf":{"@id":"https:\/\/potenciaradiofonicadominicana.com\/portal\/hipolito-mejia-ya-no-quiere-hablar-de-politica-estoy-mas-manoseado-que-una-mata-de-cafe\/"},"author":{"name":"Potencia Radiof\u00f3nica Dominicana","@id":"https:\/\/potenciaradiofonicadominicana.com\/portal\/#\/schema\/person\/a5cf1fea13877803ee0573ac18b03490"},"headline":"Hip\u00f3lito Mej\u00eda ya no quiere hablar de pol\u00edtica: \u00abEstoy m\u00e1s manoseado que una mata de caf\u00e9\u00bb","datePublished":"2025-09-05T03:12:41+00:00","mainEntityOfPage":{"@id":"https:\/\/potenciaradiofonicadominicana.com\/portal\/hipolito-mejia-ya-no-quiere-hablar-de-politica-estoy-mas-manoseado-que-una-mata-de-cafe\/"},"wordCount":462,"publisher":{"@id":"https:\/\/potenciaradiofonicadominicana.com\/portal\/#organization"},"image":{"@id":"https:\/\/potenciaradiofonicadominicana.com\/portal\/hipolito-mejia-ya-no-quiere-hablar-de-politica-estoy-mas-manoseado-que-una-mata-de-cafe\/#primaryimage"},"thumbnailUrl":"https:\/\/potenciaradiofonicadominicana.com\/portal\/wp-content\/uploads\/2025\/09\/WhatsApp-Image-2024-09-11-at-10.37.49.jpeg","articleSection":["Econom\u00eda"],"inLanguage":"es"},{"@type":"WebPage","@id":"https:\/\/potenciaradiofonicadominicana.com\/portal\/hipolito-mejia-ya-no-quiere-hablar-de-politica-estoy-mas-manoseado-que-una-mata-de-cafe\/","url":"https:\/\/potenciaradiofonicadominicana.com\/portal\/hipolito-mejia-ya-no-quiere-hablar-de-politica-estoy-mas-manoseado-que-una-mata-de-cafe\/","name":"Hip\u00f3lito Mej\u00eda ya no quiere hablar de pol\u00edtica: \"Estoy m\u00e1s manoseado que una mata de caf\u00e9\" - PotenciaRadiofonicaDominicana.com","isPartOf":{"@id":"https:\/\/potenciaradiofonicadominicana.com\/portal\/#website"},"primaryImageOfPage":{"@id":"https:\/\/potenciaradiofonicadominicana.com\/portal\/hipolito-mejia-ya-no-quiere-hablar-de-politica-estoy-mas-manoseado-que-una-mata-de-cafe\/#primaryimage"},"image":{"@id":"https:\/\/potenciaradiofonicadominicana.com\/portal\/hipolito-mejia-ya-no-quiere-hablar-de-politica-estoy-mas-manoseado-que-una-mata-de-cafe\/#primaryimage"},"thumbnailUrl":"https:\/\/potenciaradiofonicadominicana.com\/portal\/wp-content\/uploads\/2025\/09\/WhatsApp-Image-2024-09-11-at-10.37.49.jpeg","datePublished":"2025-09-05T03:12:41+00:00","breadcrumb":{"@id":"https:\/\/potenciaradiofonicadominicana.com\/portal\/hipolito-mejia-ya-no-quiere-hablar-de-politica-estoy-mas-manoseado-que-una-mata-de-cafe\/#breadcrumb"},"inLanguage":"es","potentialAction":[{"@type":"ReadAction","target":["https:\/\/potenciaradiofonicadominicana.com\/portal\/hipolito-mejia-ya-no-quiere-hablar-de-politica-estoy-mas-manoseado-que-una-mata-de-cafe\/"]}]},{"@type":"ImageObject","inLanguage":"es","@id":"https:\/\/potenciaradiofonicadominicana.com\/portal\/hipolito-mejia-ya-no-quiere-hablar-de-politica-estoy-mas-manoseado-que-una-mata-de-cafe\/#primaryimage","url":"https:\/\/potenciaradiofonicadominicana.com\/portal\/wp-content\/uploads\/2025\/09\/WhatsApp-Image-2024-09-11-at-10.37.49.jpeg","contentUrl":"https:\/\/potenciaradiofonicadominicana.com\/portal\/wp-content\/uploads\/2025\/09\/WhatsApp-Image-2024-09-11-at-10.37.49.jpeg","width":1600,"height":1064},{"@type":"BreadcrumbList","@id":"https:\/\/potenciaradiofonicadominicana.com\/portal\/hipolito-mejia-ya-no-quiere-hablar-de-politica-estoy-mas-manoseado-que-una-mata-de-cafe\/#breadcrumb","itemListElement":[{"@type":"ListItem","position":1,"name":"Portada","item":"https:\/\/potenciaradiofonicadominicana.com\/portal\/"},{"@type":"ListItem","position":2,"name":"Hip\u00f3lito Mej\u00eda ya no quiere hablar de pol\u00edtica: \u00abEstoy m\u00e1s manoseado que una mata de caf\u00e9\u00bb"}]},{"@type":"WebSite","@id":"https:\/\/potenciaradiofonicadominicana.com\/portal\/#website","url":"https:\/\/potenciaradiofonicadominicana.com\/portal\/","name":"PotenciaRadiofonicaDominicana.com","description":"Peri\u00f3dico Digital","publisher":{"@id":"https:\/\/potenciaradiofonicadominicana.com\/portal\/#organization"},"potentialAction":[{"@type":"SearchAction","target":{"@type":"EntryPoint","urlTemplate":"https:\/\/potenciaradiofonicadominicana.com\/portal\/?s={search_term_string}"},"query-input":{"@type":"PropertyValueSpecification","valueRequired":true,"valueName":"search_term_string"}}],"inLanguage":"es"},{"@type":"Organization","@id":"https:\/\/potenciaradiofonicadominicana.com\/portal\/#organization","name":"PotenciaRadiofonicaDominicana.com","url":"https:\/\/potenciaradiofonicadominicana.com\/portal\/","logo":{"@type":"ImageObject","inLanguage":"es","@id":"https:\/\/potenciaradiofonicadominicana.com\/portal\/#\/schema\/logo\/image\/","url":"https:\/\/potenciaradiofonicadominicana.com\/portal\/wp-content\/uploads\/2022\/01\/descarga.png","contentUrl":"https:\/\/potenciaradiofonicadominicana.com\/portal\/wp-content\/uploads\/2022\/01\/descarga.png","width":300,"height":100,"caption":"PotenciaRadiofonicaDominicana.com"},"image":{"@id":"https:\/\/potenciaradiofonicadominicana.com\/portal\/#\/schema\/logo\/image\/"},"sameAs":["https:\/\/web.facebook.com\/PotenciaRadiofonicaD"]},{"@type":"Person","@id":"https:\/\/potenciaradiofonicadominicana.com\/portal\/#\/schema\/person\/a5cf1fea13877803ee0573ac18b03490","name":"Potencia Radiof\u00f3nica Dominicana","image":{"@type":"ImageObject","inLanguage":"es","@id":"https:\/\/potenciaradiofonicadominicana.com\/portal\/#\/schema\/person\/image\/","url":"https:\/\/secure.gravatar.com\/avatar\/42a55ab9e8ccc656ba34cd791990602a?s=96&d=mm&r=g","contentUrl":"https:\/\/secure.gravatar.com\/avatar\/42a55ab9e8ccc656ba34cd791990602a?s=96&d=mm&r=g","caption":"Potencia Radiof\u00f3nica Dominicana"},"url":"https:\/\/potenciaradiofonicadominicana.com\/portal\/author\/johannyalmanzar\/"}]}},"_links":{"self":[{"href":"https:\/\/potenciaradiofonicadominicana.com\/portal\/wp-json\/wp\/v2\/posts\/204100","targetHints":{"allow":["GET"]}}],"collection":[{"href":"https:\/\/potenciaradiofonicadominicana.com\/portal\/wp-json\/wp\/v2\/posts"}],"about":[{"href":"https:\/\/potenciaradiofonicadominicana.com\/portal\/wp-json\/wp\/v2\/types\/post"}],"author":[{"embeddable":true,"href":"https:\/\/potenciaradiofonicadominicana.com\/portal\/wp-json\/wp\/v2\/users\/2"}],"replies":[{"embeddable":true,"href":"https:\/\/potenciaradiofonicadominicana.com\/portal\/wp-json\/wp\/v2\/comments?post=204100"}],"version-history":[{"count":1,"href":"https:\/\/potenciaradiofonicadominicana.com\/portal\/wp-json\/wp\/v2\/posts\/204100\/revisions"}],"predecessor-version":[{"id":204103,"href":"https:\/\/potenciaradiofonicadominicana.com\/portal\/wp-json\/wp\/v2\/posts\/204100\/revisions\/204103"}],"wp:featuredmedia":[{"embeddable":true,"href":"https:\/\/potenciaradiofonicadominicana.com\/portal\/wp-json\/wp\/v2\/media\/204101"}],"wp:attachment":[{"href":"https:\/\/potenciaradiofonicadominicana.com\/portal\/wp-json\/wp\/v2\/media?parent=204100"}],"wp:term":[{"taxonomy":"category","embeddable":true,"href":"https:\/\/potenciaradiofonicadominicana.com\/portal\/wp-json\/wp\/v2\/categories?post=204100"},{"taxonomy":"post_tag","embeddable":true,"href":"https:\/\/potenciaradiofonicadominicana.com\/portal\/wp-json\/wp\/v2\/tags?post=204100"}],"curies":[{"name":"wp","href":"https:\/\/api.w.org\/{rel}","templated":true}]}}