{"id":201728,"date":"2025-08-17T21:53:07","date_gmt":"2025-08-18T01:53:07","guid":{"rendered":"https:\/\/potenciaradiofonicadominicana.com\/portal\/?p=201728"},"modified":"2025-08-17T21:53:07","modified_gmt":"2025-08-18T01:53:07","slug":"grupo-mania-sigue-apostando-al-merengue-desde-puerto-rico","status":"publish","type":"post","link":"https:\/\/potenciaradiofonicadominicana.com\/portal\/grupo-mania-sigue-apostando-al-merengue-desde-puerto-rico\/","title":{"rendered":"Grupo Man\u00eda sigue apostando al merengue desde Puerto Rico"},"content":{"rendered":"<p><a href=\"https:\/\/potenciaradiofonicadominicana.com\/portal\/wp-content\/uploads\/2025\/08\/5b78af9fafb7254eb2bf2a0cff78e5d0.webp\"><img loading=\"lazy\" decoding=\"async\" class=\"alignnone size-full wp-image-201729\" src=\"https:\/\/potenciaradiofonicadominicana.com\/portal\/wp-content\/uploads\/2025\/08\/5b78af9fafb7254eb2bf2a0cff78e5d0.webp\" alt=\"\" width=\"1080\" height=\"970\" srcset=\"https:\/\/potenciaradiofonicadominicana.com\/portal\/wp-content\/uploads\/2025\/08\/5b78af9fafb7254eb2bf2a0cff78e5d0.webp 1080w, https:\/\/potenciaradiofonicadominicana.com\/portal\/wp-content\/uploads\/2025\/08\/5b78af9fafb7254eb2bf2a0cff78e5d0-300x269.webp 300w, https:\/\/potenciaradiofonicadominicana.com\/portal\/wp-content\/uploads\/2025\/08\/5b78af9fafb7254eb2bf2a0cff78e5d0-1024x920.webp 1024w, https:\/\/potenciaradiofonicadominicana.com\/portal\/wp-content\/uploads\/2025\/08\/5b78af9fafb7254eb2bf2a0cff78e5d0-768x690.webp 768w\" sizes=\"auto, (max-width: 1080px) 100vw, 1080px\" \/><\/a><\/p>\n<p><strong>San Juan.-<\/strong>\u00a0La reconocida agrupaci\u00f3n de merengue Grupo Man\u00eda estren\u00f3 el tema y el v\u00eddeo musical \u201cGuaya\u201d, un merengue que forma parte de su m\u00e1s reciente producci\u00f3n discogr\u00e1fica \u201cMundialmente Man\u00eda\u201d.<\/p>\n<p>El sencillo \u201cGuaya\u201d, cargado de energ\u00eda, y mucho sabor y swing, es interpretado por Daniel Serrano junto a los coros de H\u00e9ctor \u201cBanchy\u201d Serrano y Alfred Cotto.<\/p>\n<p>La canci\u00f3n relata una noche de rumba en la que Daniel se encuentra con una joven coqueta, la toma por la cintura y comienzan a bailar \u201cGuaya\u201d al ritmo contagioso del merengue.<\/p>\n<p>El merengue conecta con lo que somos: alegr\u00eda, rumba y ese sabor de la calle que siempre ha caracterizado a Man\u00eda. Cuando la canto siento que estoy invitando a la gente a soltarse, a bailar y a gozar sin complicaciones, qu\u00e9 es lo que queremos transmitir\u201d, dijo Daniel.<\/p>\n<p>Como es tradici\u00f3n con cada lanzamiento de la agrupaci\u00f3n, los fan\u00e1ticos ya est\u00e1n practicando el nuevo pasito del \u201cmerengue que est\u00e1 siendo viral en las redes sociales, en los medios de comunicaci\u00f3n y en cada presentaci\u00f3n en vivo.<\/p>\n<p>\u201c\u2018GUAYA\u2019 ya est\u00e1 creando su propia historia. Es un tema bailable, lleno de energ\u00eda y cada lanzamiento es como una nueva criatura que desarrolla su identidad y personalidad. Eso nos llena de orgullo\u201d, manifest\u00f3 el l\u00edder del grupo, Banchy.<\/p>\n<p>\u201cLo m\u00e1s bonito de este tema es que sigue demostrando la esencia de Grupo Man\u00eda, pero con un sonido fresco y moderno para las nuevas generaciones. En cada proyecto damos lo mejor de nosotros, y con \u2018GUAYA\u2019 sentimos que estamos llevando el merengue a otro nivel\u201d, expres\u00f3 Alfred.<\/p>\n<div class=\"col-12 text-center\">\n<div id=\"f8a99173-dcaa-4bee-8796-aba0adc0bd33\" class=\"pbs\" data-pbs-root=\"true\" data-pbs-position=\"static\" data-pbs-outstream=\"true\"><\/div>\n<\/div>\n<p>El v\u00eddeo fue dirigido y producido por el joven talento Rafael Andr\u00e9s V\u00e1zquez de RA Visuals, y filmado en Monkey Do Studios.<\/p>\n<div class=\"row my-3\">\n<div class=\"col-12\">\n<div class=\"post 300x250_3 d-flex align-items-center justify-content-center\" data-hidden=\"none\">\n<div id=\"div-gpt-ad-1519409790919-2\" data-google-query-id=\"CMuKg-Wfk48DFTUA2wEdP7IBHg\">\n<div id=\"google_ads_iframe_\/1018679\/ElDia_Articulo\/ElDia_Articulo_300x250_3_0__container__\"><\/div>\n<\/div>\n<\/div>\n<\/div>\n<\/div>\n<p>En las escenas participaron los bailarines Gina Santos, David Avil\u00e9s, Jos\u00e9 Cancely y Yanelie Jim\u00e9nez.<\/p>\n<p>La producci\u00f3n y arreglo musical estuvo a cargo de Carlos Ortega, la fotograf\u00eda de Leonardo Galloza y el equipo t\u00e9cnico de pantallas compuesto por Giovanni Feliciano, Eddies Hern\u00e1ndez y Nelson Estrada.<\/p>\n<p>En el videoclip, Banchy Serrano, Daniel Serrano y Alfred Cotto proyectan un estilo juvenil, fresco y alegre, acompa\u00f1ado del carisma que siempre los ha caracterizado.<\/p>\n<div class=\"row my-3\">\n<div class=\"col-12\">\n<div class=\"post 300x250_4 d-flex align-items-center justify-content-center\" data-hidden=\"none\">\n<div id=\"div-gpt-ad-1519409790919-3\" data-google-query-id=\"COeyhOWfk48DFWOVywEdbuAV0Q\">\n<div id=\"google_ads_iframe_\/1018679\/ElDia_Articulo\/ElDia_Articulo_300x250_4_0__container__\"><\/div>\n<\/div>\n<\/div>\n<\/div>\n<\/div>\n<p>\u201cEste tema, que ya est\u00e1 sonando en la radio de Puerto Rico, Estados Unidos y otros pa\u00edses, se lanz\u00f3 en un TikTok con un conteo de la fecha de estreno. El p\u00fablico lo ha hecho suyo y cada vez m\u00e1s seguidores se suman al ritmo del \u2018Guaya\u2019\u201d, expres\u00f3 Alexis V\u00e1zquez, manejador de Grupo Man\u00eda.<\/p>\n<p>Con este nuevo proyecto audiovisual, Grupo Man\u00eda reafirma por qu\u00e9 se ha mantenido en la cima del g\u00e9nero durante m\u00e1s de tres d\u00e9cadas, conquistando a nuevas generaciones y sumando ciudades a su activa agenda de presentaciones.<\/p>\n<p>El sencillo \u201cGUAYA\u201d ya est\u00e1 disponible en todas las plataformas digitales, incluyendo Apple Music, Spotify y YouTube.<\/p>\n","protected":false},"excerpt":{"rendered":"<p>San Juan.-\u00a0La reconocida agrupaci\u00f3n de merengue Grupo Man\u00eda estren\u00f3 el tema y el v\u00eddeo musical \u201cGuaya\u201d, un merengue que forma &#8230;<\/p>\n","protected":false},"author":2,"featured_media":201729,"comment_status":"closed","ping_status":"closed","sticky":false,"template":"","format":"standard","meta":{"footnotes":""},"categories":[31],"tags":[],"class_list":["post-201728","post","type-post","status-publish","format-standard","has-post-thumbnail","hentry","category-arte-y-espectaculo"],"yoast_head":"<!-- This site is optimized with the Yoast SEO plugin v24.8.1 - https:\/\/yoast.com\/wordpress\/plugins\/seo\/ -->\n<title>Grupo Man\u00eda sigue apostando al merengue desde Puerto Rico - PotenciaRadiofonicaDominicana.com<\/title>\n<meta name=\"robots\" content=\"index, follow, max-snippet:-1, max-image-preview:large, max-video-preview:-1\" \/>\n<link rel=\"canonical\" href=\"https:\/\/potenciaradiofonicadominicana.com\/portal\/grupo-mania-sigue-apostando-al-merengue-desde-puerto-rico\/\" \/>\n<meta property=\"og:locale\" content=\"es_ES\" \/>\n<meta property=\"og:type\" content=\"article\" \/>\n<meta property=\"og:title\" content=\"Grupo Man\u00eda sigue apostando al merengue desde Puerto Rico - PotenciaRadiofonicaDominicana.com\" \/>\n<meta property=\"og:description\" content=\"San Juan.-\u00a0La reconocida agrupaci\u00f3n de merengue Grupo Man\u00eda estren\u00f3 el tema y el v\u00eddeo musical \u201cGuaya\u201d, un merengue que forma ...\" \/>\n<meta property=\"og:url\" content=\"https:\/\/potenciaradiofonicadominicana.com\/portal\/grupo-mania-sigue-apostando-al-merengue-desde-puerto-rico\/\" \/>\n<meta property=\"og:site_name\" content=\"PotenciaRadiofonicaDominicana.com\" \/>\n<meta property=\"article:publisher\" content=\"https:\/\/web.facebook.com\/PotenciaRadiofonicaD\" \/>\n<meta property=\"article:published_time\" content=\"2025-08-18T01:53:07+00:00\" \/>\n<meta property=\"og:image\" content=\"https:\/\/potenciaradiofonicadominicana.com\/portal\/wp-content\/uploads\/2025\/08\/5b78af9fafb7254eb2bf2a0cff78e5d0.webp\" \/>\n\t<meta property=\"og:image:width\" content=\"1080\" \/>\n\t<meta property=\"og:image:height\" content=\"970\" \/>\n\t<meta property=\"og:image:type\" content=\"image\/webp\" \/>\n<meta name=\"author\" content=\"Potencia Radiof\u00f3nica Dominicana\" \/>\n<meta name=\"twitter:card\" content=\"summary_large_image\" \/>\n<meta name=\"twitter:label1\" content=\"Escrito por\" \/>\n\t<meta name=\"twitter:data1\" content=\"Potencia Radiof\u00f3nica Dominicana\" \/>\n\t<meta name=\"twitter:label2\" content=\"Tiempo de lectura\" \/>\n\t<meta name=\"twitter:data2\" content=\"3 minutos\" \/>\n<script type=\"application\/ld+json\" class=\"yoast-schema-graph\">{\"@context\":\"https:\/\/schema.org\",\"@graph\":[{\"@type\":\"Article\",\"@id\":\"https:\/\/potenciaradiofonicadominicana.com\/portal\/grupo-mania-sigue-apostando-al-merengue-desde-puerto-rico\/#article\",\"isPartOf\":{\"@id\":\"https:\/\/potenciaradiofonicadominicana.com\/portal\/grupo-mania-sigue-apostando-al-merengue-desde-puerto-rico\/\"},\"author\":{\"name\":\"Potencia Radiof\u00f3nica Dominicana\",\"@id\":\"https:\/\/potenciaradiofonicadominicana.com\/portal\/#\/schema\/person\/a5cf1fea13877803ee0573ac18b03490\"},\"headline\":\"Grupo Man\u00eda sigue apostando al merengue desde Puerto Rico\",\"datePublished\":\"2025-08-18T01:53:07+00:00\",\"mainEntityOfPage\":{\"@id\":\"https:\/\/potenciaradiofonicadominicana.com\/portal\/grupo-mania-sigue-apostando-al-merengue-desde-puerto-rico\/\"},\"wordCount\":514,\"publisher\":{\"@id\":\"https:\/\/potenciaradiofonicadominicana.com\/portal\/#organization\"},\"image\":{\"@id\":\"https:\/\/potenciaradiofonicadominicana.com\/portal\/grupo-mania-sigue-apostando-al-merengue-desde-puerto-rico\/#primaryimage\"},\"thumbnailUrl\":\"https:\/\/potenciaradiofonicadominicana.com\/portal\/wp-content\/uploads\/2025\/08\/5b78af9fafb7254eb2bf2a0cff78e5d0.webp\",\"articleSection\":[\"Arte y Espectaculo\"],\"inLanguage\":\"es\"},{\"@type\":\"WebPage\",\"@id\":\"https:\/\/potenciaradiofonicadominicana.com\/portal\/grupo-mania-sigue-apostando-al-merengue-desde-puerto-rico\/\",\"url\":\"https:\/\/potenciaradiofonicadominicana.com\/portal\/grupo-mania-sigue-apostando-al-merengue-desde-puerto-rico\/\",\"name\":\"Grupo Man\u00eda sigue apostando al merengue desde Puerto Rico - PotenciaRadiofonicaDominicana.com\",\"isPartOf\":{\"@id\":\"https:\/\/potenciaradiofonicadominicana.com\/portal\/#website\"},\"primaryImageOfPage\":{\"@id\":\"https:\/\/potenciaradiofonicadominicana.com\/portal\/grupo-mania-sigue-apostando-al-merengue-desde-puerto-rico\/#primaryimage\"},\"image\":{\"@id\":\"https:\/\/potenciaradiofonicadominicana.com\/portal\/grupo-mania-sigue-apostando-al-merengue-desde-puerto-rico\/#primaryimage\"},\"thumbnailUrl\":\"https:\/\/potenciaradiofonicadominicana.com\/portal\/wp-content\/uploads\/2025\/08\/5b78af9fafb7254eb2bf2a0cff78e5d0.webp\",\"datePublished\":\"2025-08-18T01:53:07+00:00\",\"breadcrumb\":{\"@id\":\"https:\/\/potenciaradiofonicadominicana.com\/portal\/grupo-mania-sigue-apostando-al-merengue-desde-puerto-rico\/#breadcrumb\"},\"inLanguage\":\"es\",\"potentialAction\":[{\"@type\":\"ReadAction\",\"target\":[\"https:\/\/potenciaradiofonicadominicana.com\/portal\/grupo-mania-sigue-apostando-al-merengue-desde-puerto-rico\/\"]}]},{\"@type\":\"ImageObject\",\"inLanguage\":\"es\",\"@id\":\"https:\/\/potenciaradiofonicadominicana.com\/portal\/grupo-mania-sigue-apostando-al-merengue-desde-puerto-rico\/#primaryimage\",\"url\":\"https:\/\/potenciaradiofonicadominicana.com\/portal\/wp-content\/uploads\/2025\/08\/5b78af9fafb7254eb2bf2a0cff78e5d0.webp\",\"contentUrl\":\"https:\/\/potenciaradiofonicadominicana.com\/portal\/wp-content\/uploads\/2025\/08\/5b78af9fafb7254eb2bf2a0cff78e5d0.webp\",\"width\":1080,\"height\":970},{\"@type\":\"BreadcrumbList\",\"@id\":\"https:\/\/potenciaradiofonicadominicana.com\/portal\/grupo-mania-sigue-apostando-al-merengue-desde-puerto-rico\/#breadcrumb\",\"itemListElement\":[{\"@type\":\"ListItem\",\"position\":1,\"name\":\"Portada\",\"item\":\"https:\/\/potenciaradiofonicadominicana.com\/portal\/\"},{\"@type\":\"ListItem\",\"position\":2,\"name\":\"Grupo Man\u00eda sigue apostando al merengue desde Puerto Rico\"}]},{\"@type\":\"WebSite\",\"@id\":\"https:\/\/potenciaradiofonicadominicana.com\/portal\/#website\",\"url\":\"https:\/\/potenciaradiofonicadominicana.com\/portal\/\",\"name\":\"PotenciaRadiofonicaDominicana.com\",\"description\":\"Peri\u00f3dico Digital\",\"publisher\":{\"@id\":\"https:\/\/potenciaradiofonicadominicana.com\/portal\/#organization\"},\"potentialAction\":[{\"@type\":\"SearchAction\",\"target\":{\"@type\":\"EntryPoint\",\"urlTemplate\":\"https:\/\/potenciaradiofonicadominicana.com\/portal\/?s={search_term_string}\"},\"query-input\":{\"@type\":\"PropertyValueSpecification\",\"valueRequired\":true,\"valueName\":\"search_term_string\"}}],\"inLanguage\":\"es\"},{\"@type\":\"Organization\",\"@id\":\"https:\/\/potenciaradiofonicadominicana.com\/portal\/#organization\",\"name\":\"PotenciaRadiofonicaDominicana.com\",\"url\":\"https:\/\/potenciaradiofonicadominicana.com\/portal\/\",\"logo\":{\"@type\":\"ImageObject\",\"inLanguage\":\"es\",\"@id\":\"https:\/\/potenciaradiofonicadominicana.com\/portal\/#\/schema\/logo\/image\/\",\"url\":\"https:\/\/potenciaradiofonicadominicana.com\/portal\/wp-content\/uploads\/2022\/01\/descarga.png\",\"contentUrl\":\"https:\/\/potenciaradiofonicadominicana.com\/portal\/wp-content\/uploads\/2022\/01\/descarga.png\",\"width\":300,\"height\":100,\"caption\":\"PotenciaRadiofonicaDominicana.com\"},\"image\":{\"@id\":\"https:\/\/potenciaradiofonicadominicana.com\/portal\/#\/schema\/logo\/image\/\"},\"sameAs\":[\"https:\/\/web.facebook.com\/PotenciaRadiofonicaD\"]},{\"@type\":\"Person\",\"@id\":\"https:\/\/potenciaradiofonicadominicana.com\/portal\/#\/schema\/person\/a5cf1fea13877803ee0573ac18b03490\",\"name\":\"Potencia Radiof\u00f3nica Dominicana\",\"image\":{\"@type\":\"ImageObject\",\"inLanguage\":\"es\",\"@id\":\"https:\/\/potenciaradiofonicadominicana.com\/portal\/#\/schema\/person\/image\/\",\"url\":\"https:\/\/secure.gravatar.com\/avatar\/42a55ab9e8ccc656ba34cd791990602a?s=96&d=mm&r=g\",\"contentUrl\":\"https:\/\/secure.gravatar.com\/avatar\/42a55ab9e8ccc656ba34cd791990602a?s=96&d=mm&r=g\",\"caption\":\"Potencia Radiof\u00f3nica Dominicana\"},\"url\":\"https:\/\/potenciaradiofonicadominicana.com\/portal\/author\/johannyalmanzar\/\"}]}<\/script>\n<!-- \/ Yoast SEO plugin. -->","yoast_head_json":{"title":"Grupo Man\u00eda sigue apostando al merengue desde Puerto Rico - PotenciaRadiofonicaDominicana.com","robots":{"index":"index","follow":"follow","max-snippet":"max-snippet:-1","max-image-preview":"max-image-preview:large","max-video-preview":"max-video-preview:-1"},"canonical":"https:\/\/potenciaradiofonicadominicana.com\/portal\/grupo-mania-sigue-apostando-al-merengue-desde-puerto-rico\/","og_locale":"es_ES","og_type":"article","og_title":"Grupo Man\u00eda sigue apostando al merengue desde Puerto Rico - PotenciaRadiofonicaDominicana.com","og_description":"San Juan.-\u00a0La reconocida agrupaci\u00f3n de merengue Grupo Man\u00eda estren\u00f3 el tema y el v\u00eddeo musical \u201cGuaya\u201d, un merengue que forma ...","og_url":"https:\/\/potenciaradiofonicadominicana.com\/portal\/grupo-mania-sigue-apostando-al-merengue-desde-puerto-rico\/","og_site_name":"PotenciaRadiofonicaDominicana.com","article_publisher":"https:\/\/web.facebook.com\/PotenciaRadiofonicaD","article_published_time":"2025-08-18T01:53:07+00:00","og_image":[{"width":1080,"height":970,"url":"https:\/\/potenciaradiofonicadominicana.com\/portal\/wp-content\/uploads\/2025\/08\/5b78af9fafb7254eb2bf2a0cff78e5d0.webp","type":"image\/webp"}],"author":"Potencia Radiof\u00f3nica Dominicana","twitter_card":"summary_large_image","twitter_misc":{"Escrito por":"Potencia Radiof\u00f3nica Dominicana","Tiempo de lectura":"3 minutos"},"schema":{"@context":"https:\/\/schema.org","@graph":[{"@type":"Article","@id":"https:\/\/potenciaradiofonicadominicana.com\/portal\/grupo-mania-sigue-apostando-al-merengue-desde-puerto-rico\/#article","isPartOf":{"@id":"https:\/\/potenciaradiofonicadominicana.com\/portal\/grupo-mania-sigue-apostando-al-merengue-desde-puerto-rico\/"},"author":{"name":"Potencia Radiof\u00f3nica Dominicana","@id":"https:\/\/potenciaradiofonicadominicana.com\/portal\/#\/schema\/person\/a5cf1fea13877803ee0573ac18b03490"},"headline":"Grupo Man\u00eda sigue apostando al merengue desde Puerto Rico","datePublished":"2025-08-18T01:53:07+00:00","mainEntityOfPage":{"@id":"https:\/\/potenciaradiofonicadominicana.com\/portal\/grupo-mania-sigue-apostando-al-merengue-desde-puerto-rico\/"},"wordCount":514,"publisher":{"@id":"https:\/\/potenciaradiofonicadominicana.com\/portal\/#organization"},"image":{"@id":"https:\/\/potenciaradiofonicadominicana.com\/portal\/grupo-mania-sigue-apostando-al-merengue-desde-puerto-rico\/#primaryimage"},"thumbnailUrl":"https:\/\/potenciaradiofonicadominicana.com\/portal\/wp-content\/uploads\/2025\/08\/5b78af9fafb7254eb2bf2a0cff78e5d0.webp","articleSection":["Arte y Espectaculo"],"inLanguage":"es"},{"@type":"WebPage","@id":"https:\/\/potenciaradiofonicadominicana.com\/portal\/grupo-mania-sigue-apostando-al-merengue-desde-puerto-rico\/","url":"https:\/\/potenciaradiofonicadominicana.com\/portal\/grupo-mania-sigue-apostando-al-merengue-desde-puerto-rico\/","name":"Grupo Man\u00eda sigue apostando al merengue desde Puerto Rico - PotenciaRadiofonicaDominicana.com","isPartOf":{"@id":"https:\/\/potenciaradiofonicadominicana.com\/portal\/#website"},"primaryImageOfPage":{"@id":"https:\/\/potenciaradiofonicadominicana.com\/portal\/grupo-mania-sigue-apostando-al-merengue-desde-puerto-rico\/#primaryimage"},"image":{"@id":"https:\/\/potenciaradiofonicadominicana.com\/portal\/grupo-mania-sigue-apostando-al-merengue-desde-puerto-rico\/#primaryimage"},"thumbnailUrl":"https:\/\/potenciaradiofonicadominicana.com\/portal\/wp-content\/uploads\/2025\/08\/5b78af9fafb7254eb2bf2a0cff78e5d0.webp","datePublished":"2025-08-18T01:53:07+00:00","breadcrumb":{"@id":"https:\/\/potenciaradiofonicadominicana.com\/portal\/grupo-mania-sigue-apostando-al-merengue-desde-puerto-rico\/#breadcrumb"},"inLanguage":"es","potentialAction":[{"@type":"ReadAction","target":["https:\/\/potenciaradiofonicadominicana.com\/portal\/grupo-mania-sigue-apostando-al-merengue-desde-puerto-rico\/"]}]},{"@type":"ImageObject","inLanguage":"es","@id":"https:\/\/potenciaradiofonicadominicana.com\/portal\/grupo-mania-sigue-apostando-al-merengue-desde-puerto-rico\/#primaryimage","url":"https:\/\/potenciaradiofonicadominicana.com\/portal\/wp-content\/uploads\/2025\/08\/5b78af9fafb7254eb2bf2a0cff78e5d0.webp","contentUrl":"https:\/\/potenciaradiofonicadominicana.com\/portal\/wp-content\/uploads\/2025\/08\/5b78af9fafb7254eb2bf2a0cff78e5d0.webp","width":1080,"height":970},{"@type":"BreadcrumbList","@id":"https:\/\/potenciaradiofonicadominicana.com\/portal\/grupo-mania-sigue-apostando-al-merengue-desde-puerto-rico\/#breadcrumb","itemListElement":[{"@type":"ListItem","position":1,"name":"Portada","item":"https:\/\/potenciaradiofonicadominicana.com\/portal\/"},{"@type":"ListItem","position":2,"name":"Grupo Man\u00eda sigue apostando al merengue desde Puerto Rico"}]},{"@type":"WebSite","@id":"https:\/\/potenciaradiofonicadominicana.com\/portal\/#website","url":"https:\/\/potenciaradiofonicadominicana.com\/portal\/","name":"PotenciaRadiofonicaDominicana.com","description":"Peri\u00f3dico Digital","publisher":{"@id":"https:\/\/potenciaradiofonicadominicana.com\/portal\/#organization"},"potentialAction":[{"@type":"SearchAction","target":{"@type":"EntryPoint","urlTemplate":"https:\/\/potenciaradiofonicadominicana.com\/portal\/?s={search_term_string}"},"query-input":{"@type":"PropertyValueSpecification","valueRequired":true,"valueName":"search_term_string"}}],"inLanguage":"es"},{"@type":"Organization","@id":"https:\/\/potenciaradiofonicadominicana.com\/portal\/#organization","name":"PotenciaRadiofonicaDominicana.com","url":"https:\/\/potenciaradiofonicadominicana.com\/portal\/","logo":{"@type":"ImageObject","inLanguage":"es","@id":"https:\/\/potenciaradiofonicadominicana.com\/portal\/#\/schema\/logo\/image\/","url":"https:\/\/potenciaradiofonicadominicana.com\/portal\/wp-content\/uploads\/2022\/01\/descarga.png","contentUrl":"https:\/\/potenciaradiofonicadominicana.com\/portal\/wp-content\/uploads\/2022\/01\/descarga.png","width":300,"height":100,"caption":"PotenciaRadiofonicaDominicana.com"},"image":{"@id":"https:\/\/potenciaradiofonicadominicana.com\/portal\/#\/schema\/logo\/image\/"},"sameAs":["https:\/\/web.facebook.com\/PotenciaRadiofonicaD"]},{"@type":"Person","@id":"https:\/\/potenciaradiofonicadominicana.com\/portal\/#\/schema\/person\/a5cf1fea13877803ee0573ac18b03490","name":"Potencia Radiof\u00f3nica Dominicana","image":{"@type":"ImageObject","inLanguage":"es","@id":"https:\/\/potenciaradiofonicadominicana.com\/portal\/#\/schema\/person\/image\/","url":"https:\/\/secure.gravatar.com\/avatar\/42a55ab9e8ccc656ba34cd791990602a?s=96&d=mm&r=g","contentUrl":"https:\/\/secure.gravatar.com\/avatar\/42a55ab9e8ccc656ba34cd791990602a?s=96&d=mm&r=g","caption":"Potencia Radiof\u00f3nica Dominicana"},"url":"https:\/\/potenciaradiofonicadominicana.com\/portal\/author\/johannyalmanzar\/"}]}},"_links":{"self":[{"href":"https:\/\/potenciaradiofonicadominicana.com\/portal\/wp-json\/wp\/v2\/posts\/201728","targetHints":{"allow":["GET"]}}],"collection":[{"href":"https:\/\/potenciaradiofonicadominicana.com\/portal\/wp-json\/wp\/v2\/posts"}],"about":[{"href":"https:\/\/potenciaradiofonicadominicana.com\/portal\/wp-json\/wp\/v2\/types\/post"}],"author":[{"embeddable":true,"href":"https:\/\/potenciaradiofonicadominicana.com\/portal\/wp-json\/wp\/v2\/users\/2"}],"replies":[{"embeddable":true,"href":"https:\/\/potenciaradiofonicadominicana.com\/portal\/wp-json\/wp\/v2\/comments?post=201728"}],"version-history":[{"count":1,"href":"https:\/\/potenciaradiofonicadominicana.com\/portal\/wp-json\/wp\/v2\/posts\/201728\/revisions"}],"predecessor-version":[{"id":201730,"href":"https:\/\/potenciaradiofonicadominicana.com\/portal\/wp-json\/wp\/v2\/posts\/201728\/revisions\/201730"}],"wp:featuredmedia":[{"embeddable":true,"href":"https:\/\/potenciaradiofonicadominicana.com\/portal\/wp-json\/wp\/v2\/media\/201729"}],"wp:attachment":[{"href":"https:\/\/potenciaradiofonicadominicana.com\/portal\/wp-json\/wp\/v2\/media?parent=201728"}],"wp:term":[{"taxonomy":"category","embeddable":true,"href":"https:\/\/potenciaradiofonicadominicana.com\/portal\/wp-json\/wp\/v2\/categories?post=201728"},{"taxonomy":"post_tag","embeddable":true,"href":"https:\/\/potenciaradiofonicadominicana.com\/portal\/wp-json\/wp\/v2\/tags?post=201728"}],"curies":[{"name":"wp","href":"https:\/\/api.w.org\/{rel}","templated":true}]}}