{"id":200148,"date":"2025-08-06T21:59:04","date_gmt":"2025-08-07T01:59:04","guid":{"rendered":"https:\/\/potenciaradiofonicadominicana.com\/portal\/?p=200148"},"modified":"2025-08-06T21:59:04","modified_gmt":"2025-08-07T01:59:04","slug":"medio-ambiente-y-senado-de-la-republica-establecen-alianza-para-impulsar-politica-de-sostenibilidad-ambiental","status":"publish","type":"post","link":"https:\/\/potenciaradiofonicadominicana.com\/portal\/medio-ambiente-y-senado-de-la-republica-establecen-alianza-para-impulsar-politica-de-sostenibilidad-ambiental\/","title":{"rendered":"Medio Ambiente y Senado de la Rep\u00fablica establecen alianza para impulsar pol\u00edtica de sostenibilidad ambiental"},"content":{"rendered":"<p><a href=\"https:\/\/potenciaradiofonicadominicana.com\/portal\/wp-content\/uploads\/2025\/08\/WhatsApp-Image-2025-08-05-at-3.31.46-PM-1.jpeg\"><img loading=\"lazy\" decoding=\"async\" class=\"alignnone size-full wp-image-200149\" src=\"https:\/\/potenciaradiofonicadominicana.com\/portal\/wp-content\/uploads\/2025\/08\/WhatsApp-Image-2025-08-05-at-3.31.46-PM-1.jpeg\" alt=\"\" width=\"1300\" height=\"731\" srcset=\"https:\/\/potenciaradiofonicadominicana.com\/portal\/wp-content\/uploads\/2025\/08\/WhatsApp-Image-2025-08-05-at-3.31.46-PM-1.jpeg 1300w, https:\/\/potenciaradiofonicadominicana.com\/portal\/wp-content\/uploads\/2025\/08\/WhatsApp-Image-2025-08-05-at-3.31.46-PM-1-300x169.jpeg 300w, https:\/\/potenciaradiofonicadominicana.com\/portal\/wp-content\/uploads\/2025\/08\/WhatsApp-Image-2025-08-05-at-3.31.46-PM-1-1024x576.jpeg 1024w, https:\/\/potenciaradiofonicadominicana.com\/portal\/wp-content\/uploads\/2025\/08\/WhatsApp-Image-2025-08-05-at-3.31.46-PM-1-768x432.jpeg 768w\" sizes=\"auto, (max-width: 1300px) 100vw, 1300px\" \/><\/a><\/p>\n<p>El ministro de Medio Ambiente y Recursos Naturales, Pa\u00edno Henr\u00edquez, y el presidente del Senado de la Rep\u00fablica, Ricardo de los Santos, firmaron un acuerdo de colaboraci\u00f3n para impulsar una pol\u00edtica transversal de sostenibilidad ambiental. Esta tiene como objetivo ejecutar el \u201cPrograma Integral de Responsabilidad Social y Ambiental\u201d, enfocado en fortalecer la cultura de la sostenibilidad dentro del Senado y en sus comunidades de influencia.<\/p>\n<p>El convenio, que tendr\u00e1 vigencia hasta el a\u00f1o 2027 y se aplicar\u00e1 a nivel nacional, establece la intervenci\u00f3n en zonas ecol\u00f3gicas prioritarias y en oficinas senatoriales del interior del pa\u00eds. Forma parte de un consenso entre 45 instituciones p\u00fablicas que asumieron el compromiso de transformar sus acciones para ser m\u00e1s amigables con el medio ambiente.<\/p>\n<p>Durante el acto, realizado en uno de los salones del Senado, Henr\u00edquez expres\u00f3 que esta firma marca el inicio de una serie de acciones y planes que ambas instituciones ejecutar\u00e1n para proteger el medio ambiente, ante la gravedad del impacto que el cambio clim\u00e1tico tiene en el pa\u00eds, dada su vulnerabilidad por ser un territorio antillano.<\/p>\n<p>El ministro reconoci\u00f3 que la lucha contra los embates del calentamiento global ser\u00e1 ardua, y exhort\u00f3 a todos los sectores nacionales a aunar esfuerzos para que las futuras generaciones puedan disfrutar de un medio ambiente mejor que el que heredamos.<\/p>\n<p>&nbsp;<\/p>\n<p>Por su parte, el presidente del Senado, Ricardo de los Santos, destac\u00f3 la importancia del encuentro, se\u00f1alando que el medio ambiente es uno de los temas m\u00e1s trascendentales para la humanidad y que es responsabilidad de todos cuidarlo. Adem\u00e1s, inform\u00f3 que la C\u00e1mara Alta ha puesto en pr\u00e1ctica iniciativas en favor de la naturaleza, como la jornada de reforestaci\u00f3n realizada en los humedales del Ozama.<\/p>\n<p>Con la firma del acuerdo, el Ministerio de Medio Ambiente y Recursos Naturales (MMARN) se compromete a brindar asesor\u00eda t\u00e9cnica en sostenibilidad y educaci\u00f3n ambiental, y a acompa\u00f1ar al Senado en jornadas de reforestaci\u00f3n y restauraci\u00f3n ecol\u00f3gica en zonas prioritarias.<\/p>\n<p>La ejecuci\u00f3n del acuerdo estar\u00e1 a cargo del Viceministerio de Cambio Clim\u00e1tico y Sostenibilidad.<\/p>\n<p>El Senado, por su parte, se compromete a destinar recursos internos para el desarrollo del programa, con la participaci\u00f3n activa de senadores y comunidades, al tiempo que implementar\u00e1 pol\u00edticas de buenas pr\u00e1cticas y mejorar\u00e1 sus est\u00e1ndares ambientales internos.<\/p>\n<p>En el acto estuvieron presentes los viceministros Ana Emilia Pimentel y Len\u00edn Bueno, de Cambio Clim\u00e1tico y Sostenibilidad y de Gesti\u00f3n Ambiental, respectivamente; as\u00ed como los senadores Pedro Catrain, vicepresidente del Senado, y Antonio Marte, presidente de la Comisi\u00f3n de Medio Ambiente y Recursos Naturales del Senado, entre otros.<\/p>\n","protected":false},"excerpt":{"rendered":"<p>El ministro de Medio Ambiente y Recursos Naturales, Pa\u00edno Henr\u00edquez, y el presidente del Senado de la Rep\u00fablica, Ricardo de &#8230;<\/p>\n","protected":false},"author":2,"featured_media":200149,"comment_status":"closed","ping_status":"closed","sticky":false,"template":"","format":"standard","meta":{"footnotes":""},"categories":[25],"tags":[],"class_list":["post-200148","post","type-post","status-publish","format-standard","has-post-thumbnail","hentry","category-noticias"],"yoast_head":"<!-- This site is optimized with the Yoast SEO plugin v24.8.1 - https:\/\/yoast.com\/wordpress\/plugins\/seo\/ -->\n<title>Medio Ambiente y Senado de la Rep\u00fablica establecen alianza para impulsar pol\u00edtica de sostenibilidad ambiental - PotenciaRadiofonicaDominicana.com<\/title>\n<meta name=\"robots\" content=\"index, follow, max-snippet:-1, max-image-preview:large, max-video-preview:-1\" \/>\n<link rel=\"canonical\" href=\"https:\/\/potenciaradiofonicadominicana.com\/portal\/medio-ambiente-y-senado-de-la-republica-establecen-alianza-para-impulsar-politica-de-sostenibilidad-ambiental\/\" \/>\n<meta property=\"og:locale\" content=\"es_ES\" \/>\n<meta property=\"og:type\" content=\"article\" \/>\n<meta property=\"og:title\" content=\"Medio Ambiente y Senado de la Rep\u00fablica establecen alianza para impulsar pol\u00edtica de sostenibilidad ambiental - PotenciaRadiofonicaDominicana.com\" \/>\n<meta property=\"og:description\" content=\"El ministro de Medio Ambiente y Recursos Naturales, Pa\u00edno Henr\u00edquez, y el presidente del Senado de la Rep\u00fablica, Ricardo de ...\" \/>\n<meta property=\"og:url\" content=\"https:\/\/potenciaradiofonicadominicana.com\/portal\/medio-ambiente-y-senado-de-la-republica-establecen-alianza-para-impulsar-politica-de-sostenibilidad-ambiental\/\" \/>\n<meta property=\"og:site_name\" content=\"PotenciaRadiofonicaDominicana.com\" \/>\n<meta property=\"article:publisher\" content=\"https:\/\/web.facebook.com\/PotenciaRadiofonicaD\" \/>\n<meta property=\"article:published_time\" content=\"2025-08-07T01:59:04+00:00\" \/>\n<meta property=\"og:image\" content=\"https:\/\/potenciaradiofonicadominicana.com\/portal\/wp-content\/uploads\/2025\/08\/WhatsApp-Image-2025-08-05-at-3.31.46-PM-1.jpeg\" \/>\n\t<meta property=\"og:image:width\" content=\"1300\" \/>\n\t<meta property=\"og:image:height\" content=\"731\" \/>\n\t<meta property=\"og:image:type\" content=\"image\/jpeg\" \/>\n<meta name=\"author\" content=\"Potencia Radiof\u00f3nica Dominicana\" \/>\n<meta name=\"twitter:card\" content=\"summary_large_image\" \/>\n<meta name=\"twitter:label1\" content=\"Escrito por\" \/>\n\t<meta name=\"twitter:data1\" content=\"Potencia Radiof\u00f3nica Dominicana\" \/>\n\t<meta name=\"twitter:label2\" content=\"Tiempo de lectura\" \/>\n\t<meta name=\"twitter:data2\" content=\"3 minutos\" \/>\n<script type=\"application\/ld+json\" class=\"yoast-schema-graph\">{\"@context\":\"https:\/\/schema.org\",\"@graph\":[{\"@type\":\"Article\",\"@id\":\"https:\/\/potenciaradiofonicadominicana.com\/portal\/medio-ambiente-y-senado-de-la-republica-establecen-alianza-para-impulsar-politica-de-sostenibilidad-ambiental\/#article\",\"isPartOf\":{\"@id\":\"https:\/\/potenciaradiofonicadominicana.com\/portal\/medio-ambiente-y-senado-de-la-republica-establecen-alianza-para-impulsar-politica-de-sostenibilidad-ambiental\/\"},\"author\":{\"name\":\"Potencia Radiof\u00f3nica Dominicana\",\"@id\":\"https:\/\/potenciaradiofonicadominicana.com\/portal\/#\/schema\/person\/a5cf1fea13877803ee0573ac18b03490\"},\"headline\":\"Medio Ambiente y Senado de la Rep\u00fablica establecen alianza para impulsar pol\u00edtica de sostenibilidad ambiental\",\"datePublished\":\"2025-08-07T01:59:04+00:00\",\"mainEntityOfPage\":{\"@id\":\"https:\/\/potenciaradiofonicadominicana.com\/portal\/medio-ambiente-y-senado-de-la-republica-establecen-alianza-para-impulsar-politica-de-sostenibilidad-ambiental\/\"},\"wordCount\":476,\"publisher\":{\"@id\":\"https:\/\/potenciaradiofonicadominicana.com\/portal\/#organization\"},\"image\":{\"@id\":\"https:\/\/potenciaradiofonicadominicana.com\/portal\/medio-ambiente-y-senado-de-la-republica-establecen-alianza-para-impulsar-politica-de-sostenibilidad-ambiental\/#primaryimage\"},\"thumbnailUrl\":\"https:\/\/potenciaradiofonicadominicana.com\/portal\/wp-content\/uploads\/2025\/08\/WhatsApp-Image-2025-08-05-at-3.31.46-PM-1.jpeg\",\"articleSection\":[\"Noticias\"],\"inLanguage\":\"es\"},{\"@type\":\"WebPage\",\"@id\":\"https:\/\/potenciaradiofonicadominicana.com\/portal\/medio-ambiente-y-senado-de-la-republica-establecen-alianza-para-impulsar-politica-de-sostenibilidad-ambiental\/\",\"url\":\"https:\/\/potenciaradiofonicadominicana.com\/portal\/medio-ambiente-y-senado-de-la-republica-establecen-alianza-para-impulsar-politica-de-sostenibilidad-ambiental\/\",\"name\":\"Medio Ambiente y Senado de la Rep\u00fablica establecen alianza para impulsar pol\u00edtica de sostenibilidad ambiental - PotenciaRadiofonicaDominicana.com\",\"isPartOf\":{\"@id\":\"https:\/\/potenciaradiofonicadominicana.com\/portal\/#website\"},\"primaryImageOfPage\":{\"@id\":\"https:\/\/potenciaradiofonicadominicana.com\/portal\/medio-ambiente-y-senado-de-la-republica-establecen-alianza-para-impulsar-politica-de-sostenibilidad-ambiental\/#primaryimage\"},\"image\":{\"@id\":\"https:\/\/potenciaradiofonicadominicana.com\/portal\/medio-ambiente-y-senado-de-la-republica-establecen-alianza-para-impulsar-politica-de-sostenibilidad-ambiental\/#primaryimage\"},\"thumbnailUrl\":\"https:\/\/potenciaradiofonicadominicana.com\/portal\/wp-content\/uploads\/2025\/08\/WhatsApp-Image-2025-08-05-at-3.31.46-PM-1.jpeg\",\"datePublished\":\"2025-08-07T01:59:04+00:00\",\"breadcrumb\":{\"@id\":\"https:\/\/potenciaradiofonicadominicana.com\/portal\/medio-ambiente-y-senado-de-la-republica-establecen-alianza-para-impulsar-politica-de-sostenibilidad-ambiental\/#breadcrumb\"},\"inLanguage\":\"es\",\"potentialAction\":[{\"@type\":\"ReadAction\",\"target\":[\"https:\/\/potenciaradiofonicadominicana.com\/portal\/medio-ambiente-y-senado-de-la-republica-establecen-alianza-para-impulsar-politica-de-sostenibilidad-ambiental\/\"]}]},{\"@type\":\"ImageObject\",\"inLanguage\":\"es\",\"@id\":\"https:\/\/potenciaradiofonicadominicana.com\/portal\/medio-ambiente-y-senado-de-la-republica-establecen-alianza-para-impulsar-politica-de-sostenibilidad-ambiental\/#primaryimage\",\"url\":\"https:\/\/potenciaradiofonicadominicana.com\/portal\/wp-content\/uploads\/2025\/08\/WhatsApp-Image-2025-08-05-at-3.31.46-PM-1.jpeg\",\"contentUrl\":\"https:\/\/potenciaradiofonicadominicana.com\/portal\/wp-content\/uploads\/2025\/08\/WhatsApp-Image-2025-08-05-at-3.31.46-PM-1.jpeg\",\"width\":1300,\"height\":731},{\"@type\":\"BreadcrumbList\",\"@id\":\"https:\/\/potenciaradiofonicadominicana.com\/portal\/medio-ambiente-y-senado-de-la-republica-establecen-alianza-para-impulsar-politica-de-sostenibilidad-ambiental\/#breadcrumb\",\"itemListElement\":[{\"@type\":\"ListItem\",\"position\":1,\"name\":\"Portada\",\"item\":\"https:\/\/potenciaradiofonicadominicana.com\/portal\/\"},{\"@type\":\"ListItem\",\"position\":2,\"name\":\"Medio Ambiente y Senado de la Rep\u00fablica establecen alianza para impulsar pol\u00edtica de sostenibilidad ambiental\"}]},{\"@type\":\"WebSite\",\"@id\":\"https:\/\/potenciaradiofonicadominicana.com\/portal\/#website\",\"url\":\"https:\/\/potenciaradiofonicadominicana.com\/portal\/\",\"name\":\"PotenciaRadiofonicaDominicana.com\",\"description\":\"Peri\u00f3dico Digital\",\"publisher\":{\"@id\":\"https:\/\/potenciaradiofonicadominicana.com\/portal\/#organization\"},\"potentialAction\":[{\"@type\":\"SearchAction\",\"target\":{\"@type\":\"EntryPoint\",\"urlTemplate\":\"https:\/\/potenciaradiofonicadominicana.com\/portal\/?s={search_term_string}\"},\"query-input\":{\"@type\":\"PropertyValueSpecification\",\"valueRequired\":true,\"valueName\":\"search_term_string\"}}],\"inLanguage\":\"es\"},{\"@type\":\"Organization\",\"@id\":\"https:\/\/potenciaradiofonicadominicana.com\/portal\/#organization\",\"name\":\"PotenciaRadiofonicaDominicana.com\",\"url\":\"https:\/\/potenciaradiofonicadominicana.com\/portal\/\",\"logo\":{\"@type\":\"ImageObject\",\"inLanguage\":\"es\",\"@id\":\"https:\/\/potenciaradiofonicadominicana.com\/portal\/#\/schema\/logo\/image\/\",\"url\":\"https:\/\/potenciaradiofonicadominicana.com\/portal\/wp-content\/uploads\/2022\/01\/descarga.png\",\"contentUrl\":\"https:\/\/potenciaradiofonicadominicana.com\/portal\/wp-content\/uploads\/2022\/01\/descarga.png\",\"width\":300,\"height\":100,\"caption\":\"PotenciaRadiofonicaDominicana.com\"},\"image\":{\"@id\":\"https:\/\/potenciaradiofonicadominicana.com\/portal\/#\/schema\/logo\/image\/\"},\"sameAs\":[\"https:\/\/web.facebook.com\/PotenciaRadiofonicaD\"]},{\"@type\":\"Person\",\"@id\":\"https:\/\/potenciaradiofonicadominicana.com\/portal\/#\/schema\/person\/a5cf1fea13877803ee0573ac18b03490\",\"name\":\"Potencia Radiof\u00f3nica Dominicana\",\"image\":{\"@type\":\"ImageObject\",\"inLanguage\":\"es\",\"@id\":\"https:\/\/potenciaradiofonicadominicana.com\/portal\/#\/schema\/person\/image\/\",\"url\":\"https:\/\/secure.gravatar.com\/avatar\/42a55ab9e8ccc656ba34cd791990602a?s=96&d=mm&r=g\",\"contentUrl\":\"https:\/\/secure.gravatar.com\/avatar\/42a55ab9e8ccc656ba34cd791990602a?s=96&d=mm&r=g\",\"caption\":\"Potencia Radiof\u00f3nica Dominicana\"},\"url\":\"https:\/\/potenciaradiofonicadominicana.com\/portal\/author\/johannyalmanzar\/\"}]}<\/script>\n<!-- \/ Yoast SEO plugin. -->","yoast_head_json":{"title":"Medio Ambiente y Senado de la Rep\u00fablica establecen alianza para impulsar pol\u00edtica de sostenibilidad ambiental - PotenciaRadiofonicaDominicana.com","robots":{"index":"index","follow":"follow","max-snippet":"max-snippet:-1","max-image-preview":"max-image-preview:large","max-video-preview":"max-video-preview:-1"},"canonical":"https:\/\/potenciaradiofonicadominicana.com\/portal\/medio-ambiente-y-senado-de-la-republica-establecen-alianza-para-impulsar-politica-de-sostenibilidad-ambiental\/","og_locale":"es_ES","og_type":"article","og_title":"Medio Ambiente y Senado de la Rep\u00fablica establecen alianza para impulsar pol\u00edtica de sostenibilidad ambiental - PotenciaRadiofonicaDominicana.com","og_description":"El ministro de Medio Ambiente y Recursos Naturales, Pa\u00edno Henr\u00edquez, y el presidente del Senado de la Rep\u00fablica, Ricardo de ...","og_url":"https:\/\/potenciaradiofonicadominicana.com\/portal\/medio-ambiente-y-senado-de-la-republica-establecen-alianza-para-impulsar-politica-de-sostenibilidad-ambiental\/","og_site_name":"PotenciaRadiofonicaDominicana.com","article_publisher":"https:\/\/web.facebook.com\/PotenciaRadiofonicaD","article_published_time":"2025-08-07T01:59:04+00:00","og_image":[{"width":1300,"height":731,"url":"https:\/\/potenciaradiofonicadominicana.com\/portal\/wp-content\/uploads\/2025\/08\/WhatsApp-Image-2025-08-05-at-3.31.46-PM-1.jpeg","type":"image\/jpeg"}],"author":"Potencia Radiof\u00f3nica Dominicana","twitter_card":"summary_large_image","twitter_misc":{"Escrito por":"Potencia Radiof\u00f3nica Dominicana","Tiempo de lectura":"3 minutos"},"schema":{"@context":"https:\/\/schema.org","@graph":[{"@type":"Article","@id":"https:\/\/potenciaradiofonicadominicana.com\/portal\/medio-ambiente-y-senado-de-la-republica-establecen-alianza-para-impulsar-politica-de-sostenibilidad-ambiental\/#article","isPartOf":{"@id":"https:\/\/potenciaradiofonicadominicana.com\/portal\/medio-ambiente-y-senado-de-la-republica-establecen-alianza-para-impulsar-politica-de-sostenibilidad-ambiental\/"},"author":{"name":"Potencia Radiof\u00f3nica Dominicana","@id":"https:\/\/potenciaradiofonicadominicana.com\/portal\/#\/schema\/person\/a5cf1fea13877803ee0573ac18b03490"},"headline":"Medio Ambiente y Senado de la Rep\u00fablica establecen alianza para impulsar pol\u00edtica de sostenibilidad ambiental","datePublished":"2025-08-07T01:59:04+00:00","mainEntityOfPage":{"@id":"https:\/\/potenciaradiofonicadominicana.com\/portal\/medio-ambiente-y-senado-de-la-republica-establecen-alianza-para-impulsar-politica-de-sostenibilidad-ambiental\/"},"wordCount":476,"publisher":{"@id":"https:\/\/potenciaradiofonicadominicana.com\/portal\/#organization"},"image":{"@id":"https:\/\/potenciaradiofonicadominicana.com\/portal\/medio-ambiente-y-senado-de-la-republica-establecen-alianza-para-impulsar-politica-de-sostenibilidad-ambiental\/#primaryimage"},"thumbnailUrl":"https:\/\/potenciaradiofonicadominicana.com\/portal\/wp-content\/uploads\/2025\/08\/WhatsApp-Image-2025-08-05-at-3.31.46-PM-1.jpeg","articleSection":["Noticias"],"inLanguage":"es"},{"@type":"WebPage","@id":"https:\/\/potenciaradiofonicadominicana.com\/portal\/medio-ambiente-y-senado-de-la-republica-establecen-alianza-para-impulsar-politica-de-sostenibilidad-ambiental\/","url":"https:\/\/potenciaradiofonicadominicana.com\/portal\/medio-ambiente-y-senado-de-la-republica-establecen-alianza-para-impulsar-politica-de-sostenibilidad-ambiental\/","name":"Medio Ambiente y Senado de la Rep\u00fablica establecen alianza para impulsar pol\u00edtica de sostenibilidad ambiental - PotenciaRadiofonicaDominicana.com","isPartOf":{"@id":"https:\/\/potenciaradiofonicadominicana.com\/portal\/#website"},"primaryImageOfPage":{"@id":"https:\/\/potenciaradiofonicadominicana.com\/portal\/medio-ambiente-y-senado-de-la-republica-establecen-alianza-para-impulsar-politica-de-sostenibilidad-ambiental\/#primaryimage"},"image":{"@id":"https:\/\/potenciaradiofonicadominicana.com\/portal\/medio-ambiente-y-senado-de-la-republica-establecen-alianza-para-impulsar-politica-de-sostenibilidad-ambiental\/#primaryimage"},"thumbnailUrl":"https:\/\/potenciaradiofonicadominicana.com\/portal\/wp-content\/uploads\/2025\/08\/WhatsApp-Image-2025-08-05-at-3.31.46-PM-1.jpeg","datePublished":"2025-08-07T01:59:04+00:00","breadcrumb":{"@id":"https:\/\/potenciaradiofonicadominicana.com\/portal\/medio-ambiente-y-senado-de-la-republica-establecen-alianza-para-impulsar-politica-de-sostenibilidad-ambiental\/#breadcrumb"},"inLanguage":"es","potentialAction":[{"@type":"ReadAction","target":["https:\/\/potenciaradiofonicadominicana.com\/portal\/medio-ambiente-y-senado-de-la-republica-establecen-alianza-para-impulsar-politica-de-sostenibilidad-ambiental\/"]}]},{"@type":"ImageObject","inLanguage":"es","@id":"https:\/\/potenciaradiofonicadominicana.com\/portal\/medio-ambiente-y-senado-de-la-republica-establecen-alianza-para-impulsar-politica-de-sostenibilidad-ambiental\/#primaryimage","url":"https:\/\/potenciaradiofonicadominicana.com\/portal\/wp-content\/uploads\/2025\/08\/WhatsApp-Image-2025-08-05-at-3.31.46-PM-1.jpeg","contentUrl":"https:\/\/potenciaradiofonicadominicana.com\/portal\/wp-content\/uploads\/2025\/08\/WhatsApp-Image-2025-08-05-at-3.31.46-PM-1.jpeg","width":1300,"height":731},{"@type":"BreadcrumbList","@id":"https:\/\/potenciaradiofonicadominicana.com\/portal\/medio-ambiente-y-senado-de-la-republica-establecen-alianza-para-impulsar-politica-de-sostenibilidad-ambiental\/#breadcrumb","itemListElement":[{"@type":"ListItem","position":1,"name":"Portada","item":"https:\/\/potenciaradiofonicadominicana.com\/portal\/"},{"@type":"ListItem","position":2,"name":"Medio Ambiente y Senado de la Rep\u00fablica establecen alianza para impulsar pol\u00edtica de sostenibilidad ambiental"}]},{"@type":"WebSite","@id":"https:\/\/potenciaradiofonicadominicana.com\/portal\/#website","url":"https:\/\/potenciaradiofonicadominicana.com\/portal\/","name":"PotenciaRadiofonicaDominicana.com","description":"Peri\u00f3dico Digital","publisher":{"@id":"https:\/\/potenciaradiofonicadominicana.com\/portal\/#organization"},"potentialAction":[{"@type":"SearchAction","target":{"@type":"EntryPoint","urlTemplate":"https:\/\/potenciaradiofonicadominicana.com\/portal\/?s={search_term_string}"},"query-input":{"@type":"PropertyValueSpecification","valueRequired":true,"valueName":"search_term_string"}}],"inLanguage":"es"},{"@type":"Organization","@id":"https:\/\/potenciaradiofonicadominicana.com\/portal\/#organization","name":"PotenciaRadiofonicaDominicana.com","url":"https:\/\/potenciaradiofonicadominicana.com\/portal\/","logo":{"@type":"ImageObject","inLanguage":"es","@id":"https:\/\/potenciaradiofonicadominicana.com\/portal\/#\/schema\/logo\/image\/","url":"https:\/\/potenciaradiofonicadominicana.com\/portal\/wp-content\/uploads\/2022\/01\/descarga.png","contentUrl":"https:\/\/potenciaradiofonicadominicana.com\/portal\/wp-content\/uploads\/2022\/01\/descarga.png","width":300,"height":100,"caption":"PotenciaRadiofonicaDominicana.com"},"image":{"@id":"https:\/\/potenciaradiofonicadominicana.com\/portal\/#\/schema\/logo\/image\/"},"sameAs":["https:\/\/web.facebook.com\/PotenciaRadiofonicaD"]},{"@type":"Person","@id":"https:\/\/potenciaradiofonicadominicana.com\/portal\/#\/schema\/person\/a5cf1fea13877803ee0573ac18b03490","name":"Potencia Radiof\u00f3nica Dominicana","image":{"@type":"ImageObject","inLanguage":"es","@id":"https:\/\/potenciaradiofonicadominicana.com\/portal\/#\/schema\/person\/image\/","url":"https:\/\/secure.gravatar.com\/avatar\/42a55ab9e8ccc656ba34cd791990602a?s=96&d=mm&r=g","contentUrl":"https:\/\/secure.gravatar.com\/avatar\/42a55ab9e8ccc656ba34cd791990602a?s=96&d=mm&r=g","caption":"Potencia Radiof\u00f3nica Dominicana"},"url":"https:\/\/potenciaradiofonicadominicana.com\/portal\/author\/johannyalmanzar\/"}]}},"_links":{"self":[{"href":"https:\/\/potenciaradiofonicadominicana.com\/portal\/wp-json\/wp\/v2\/posts\/200148","targetHints":{"allow":["GET"]}}],"collection":[{"href":"https:\/\/potenciaradiofonicadominicana.com\/portal\/wp-json\/wp\/v2\/posts"}],"about":[{"href":"https:\/\/potenciaradiofonicadominicana.com\/portal\/wp-json\/wp\/v2\/types\/post"}],"author":[{"embeddable":true,"href":"https:\/\/potenciaradiofonicadominicana.com\/portal\/wp-json\/wp\/v2\/users\/2"}],"replies":[{"embeddable":true,"href":"https:\/\/potenciaradiofonicadominicana.com\/portal\/wp-json\/wp\/v2\/comments?post=200148"}],"version-history":[{"count":1,"href":"https:\/\/potenciaradiofonicadominicana.com\/portal\/wp-json\/wp\/v2\/posts\/200148\/revisions"}],"predecessor-version":[{"id":200150,"href":"https:\/\/potenciaradiofonicadominicana.com\/portal\/wp-json\/wp\/v2\/posts\/200148\/revisions\/200150"}],"wp:featuredmedia":[{"embeddable":true,"href":"https:\/\/potenciaradiofonicadominicana.com\/portal\/wp-json\/wp\/v2\/media\/200149"}],"wp:attachment":[{"href":"https:\/\/potenciaradiofonicadominicana.com\/portal\/wp-json\/wp\/v2\/media?parent=200148"}],"wp:term":[{"taxonomy":"category","embeddable":true,"href":"https:\/\/potenciaradiofonicadominicana.com\/portal\/wp-json\/wp\/v2\/categories?post=200148"},{"taxonomy":"post_tag","embeddable":true,"href":"https:\/\/potenciaradiofonicadominicana.com\/portal\/wp-json\/wp\/v2\/tags?post=200148"}],"curies":[{"name":"wp","href":"https:\/\/api.w.org\/{rel}","templated":true}]}}