{"id":200142,"date":"2025-08-06T21:56:54","date_gmt":"2025-08-07T01:56:54","guid":{"rendered":"https:\/\/potenciaradiofonicadominicana.com\/portal\/?p=200142"},"modified":"2025-08-06T21:56:54","modified_gmt":"2025-08-07T01:56:54","slug":"inabie-impactara-a-mas-de-200000-estudiantes-con-jornadas-y-atenciones-de-salud-en-el-ano-escolar-2025-2026","status":"publish","type":"post","link":"https:\/\/potenciaradiofonicadominicana.com\/portal\/inabie-impactara-a-mas-de-200000-estudiantes-con-jornadas-y-atenciones-de-salud-en-el-ano-escolar-2025-2026\/","title":{"rendered":"INABIE impactar\u00e1 a m\u00e1s de 200,000 estudiantes con jornadas y atenciones de salud en el a\u00f1o escolar 2025-2026"},"content":{"rendered":"<p><a href=\"https:\/\/potenciaradiofonicadominicana.com\/portal\/wp-content\/uploads\/2025\/08\/IMG_6914.jpeg\"><img loading=\"lazy\" decoding=\"async\" class=\"alignnone size-full wp-image-200143\" src=\"https:\/\/potenciaradiofonicadominicana.com\/portal\/wp-content\/uploads\/2025\/08\/IMG_6914.jpeg\" alt=\"\" width=\"1300\" height=\"731\" srcset=\"https:\/\/potenciaradiofonicadominicana.com\/portal\/wp-content\/uploads\/2025\/08\/IMG_6914.jpeg 1300w, https:\/\/potenciaradiofonicadominicana.com\/portal\/wp-content\/uploads\/2025\/08\/IMG_6914-300x169.jpeg 300w, https:\/\/potenciaradiofonicadominicana.com\/portal\/wp-content\/uploads\/2025\/08\/IMG_6914-1024x576.jpeg 1024w, https:\/\/potenciaradiofonicadominicana.com\/portal\/wp-content\/uploads\/2025\/08\/IMG_6914-768x432.jpeg 768w\" sizes=\"auto, (max-width: 1300px) 100vw, 1300px\" \/><\/a><\/p>\n<p>El Instituto Nacional de Bienestar Estudiantil (INABIE) anunci\u00f3 que proyecta impactar a m\u00e1s de 200,000 estudiantes del sistema educativo p\u00fablico dominicano, con jornadas integrales y las atenciones diarias de salud durante el a\u00f1o escolar 2025-2026 que casi comienza, como parte de su compromiso con el bienestar f\u00edsico y emocional de la poblaci\u00f3n estudiantil.<\/p>\n<p>Estas jornadas, que pretenden lograr un aumento del 40 % de beneficiarios, con relaci\u00f3n al concluyente 2024-2025, donde se benefici\u00f3 a 146,000 estudiantes, incluir\u00e1n evaluaciones odontol\u00f3gicas, visuales, auditivas y preventivas, as\u00ed como la entrega de medicamentos, lentes correctivos, auxiliares auditivos y kits de higiene bucal, entre otros insumos.<\/p>\n<p>Las actividades estar\u00e1n enfocadas en la detecci\u00f3n temprana de condiciones que afectan el rendimiento escolar y en la promoci\u00f3n de h\u00e1bitos saludables.<\/p>\n<p>El director ejecutivo del INABIE, V\u00edctor Castro, explic\u00f3 que esta iniciativa forma parte de un plan nacional que busca garantizar el derecho a la salud de los estudiantes, especialmente en zonas vulnerables. \u201cNuestra meta es que cada estudiante cuente con las condiciones necesarias para aprender y desarrollarse plenamente\u201d, afirm\u00f3.<\/p>\n<p>Las jornadas de salud se realizar\u00e1n de manera coordinada con las diferentes \u00e1reas de la instituci\u00f3n, que cuenta con especialistas de todas las ramas antes mencionadas.<\/p>\n<p>Cobertura nacional<\/p>\n<p>Durante este ciclo, las brigadas odontol\u00f3gicas estar\u00e1n presentes en m\u00e1s de 1,200 centros educativos p\u00fablicos, con una frecuencia planificada para garantizar cobertura regional equitativa. Las provincias de mayor prioridad incluyen: Monte Plata, El\u00edas Pi\u00f1a, Bahoruco, Azua, San Juan, Hato Mayor y La Vega.<\/p>\n<p>Resultados esperados:<\/p>\n<p>\u2022 200,000 estudiantes impactados directamente<\/p>\n<p>\u2022 80,000 aplicaciones de fl\u00faor<\/p>\n<p>\u2022 50,000 limpiezas dentales<\/p>\n<p>\u2022 90,000 estudiantes sensibilizados en buenas pr\u00e1cticas de higiene bucal<\/p>\n<p>\u2022 Miles de atenciones en salud preventiva<\/p>\n<p>\u2022 Miles de atenciones en salud auditiva y dispositivos implantados<\/p>\n<p>\u2022 20,000 lentes disponibles<\/p>\n<p>\u2022 Levantamiento de medidas antropom\u00e9tricas<\/p>\n<p>Ampliaci\u00f3n de m\u00f3dulos de salud bucal<\/p>\n<p>El INABIE tambi\u00e9n ampli\u00f3 su red de atenci\u00f3n con la inauguraci\u00f3n de ocho nuevos m\u00f3dulos de Salud Bucal, alcanzando un total de 54 unidades en funcionamiento a nivel nacional.<\/p>\n<p>Con estas acciones, INABIE consolida su compromiso con el bienestar estudiantil, acercando servicios de salud a los territorios y garantizando respuestas oportunas a las necesidades de la poblaci\u00f3n escolar del pa\u00eds.<\/p>\n<p>Esta iniciativa se enmarca en la pol\u00edtica de salud preventiva del Estado dominicano, que busca mejorar los \u00edndices de bienestar estudiantil y reducir la deserci\u00f3n escolar por causas de salud no atendidas.<\/p>\n","protected":false},"excerpt":{"rendered":"<p>El Instituto Nacional de Bienestar Estudiantil (INABIE) anunci\u00f3 que proyecta impactar a m\u00e1s de 200,000 estudiantes del sistema educativo p\u00fablico &#8230;<\/p>\n","protected":false},"author":2,"featured_media":200143,"comment_status":"closed","ping_status":"closed","sticky":false,"template":"","format":"standard","meta":{"footnotes":""},"categories":[25],"tags":[],"class_list":["post-200142","post","type-post","status-publish","format-standard","has-post-thumbnail","hentry","category-noticias"],"yoast_head":"<!-- This site is optimized with the Yoast SEO plugin v24.8.1 - https:\/\/yoast.com\/wordpress\/plugins\/seo\/ -->\n<title>INABIE impactar\u00e1 a m\u00e1s de 200,000 estudiantes con jornadas y atenciones de salud en el a\u00f1o escolar 2025-2026 - PotenciaRadiofonicaDominicana.com<\/title>\n<meta name=\"robots\" content=\"index, follow, max-snippet:-1, max-image-preview:large, max-video-preview:-1\" \/>\n<link rel=\"canonical\" href=\"https:\/\/potenciaradiofonicadominicana.com\/portal\/inabie-impactara-a-mas-de-200000-estudiantes-con-jornadas-y-atenciones-de-salud-en-el-ano-escolar-2025-2026\/\" \/>\n<meta property=\"og:locale\" content=\"es_ES\" \/>\n<meta property=\"og:type\" content=\"article\" \/>\n<meta property=\"og:title\" content=\"INABIE impactar\u00e1 a m\u00e1s de 200,000 estudiantes con jornadas y atenciones de salud en el a\u00f1o escolar 2025-2026 - PotenciaRadiofonicaDominicana.com\" \/>\n<meta property=\"og:description\" content=\"El Instituto Nacional de Bienestar Estudiantil (INABIE) anunci\u00f3 que proyecta impactar a m\u00e1s de 200,000 estudiantes del sistema educativo p\u00fablico ...\" \/>\n<meta property=\"og:url\" content=\"https:\/\/potenciaradiofonicadominicana.com\/portal\/inabie-impactara-a-mas-de-200000-estudiantes-con-jornadas-y-atenciones-de-salud-en-el-ano-escolar-2025-2026\/\" \/>\n<meta property=\"og:site_name\" content=\"PotenciaRadiofonicaDominicana.com\" \/>\n<meta property=\"article:publisher\" content=\"https:\/\/web.facebook.com\/PotenciaRadiofonicaD\" \/>\n<meta property=\"article:published_time\" content=\"2025-08-07T01:56:54+00:00\" \/>\n<meta property=\"og:image\" content=\"https:\/\/potenciaradiofonicadominicana.com\/portal\/wp-content\/uploads\/2025\/08\/IMG_6914.jpeg\" \/>\n\t<meta property=\"og:image:width\" content=\"1300\" \/>\n\t<meta property=\"og:image:height\" content=\"731\" \/>\n\t<meta property=\"og:image:type\" content=\"image\/jpeg\" \/>\n<meta name=\"author\" content=\"Potencia Radiof\u00f3nica Dominicana\" \/>\n<meta name=\"twitter:card\" content=\"summary_large_image\" \/>\n<meta name=\"twitter:label1\" content=\"Escrito por\" \/>\n\t<meta name=\"twitter:data1\" content=\"Potencia Radiof\u00f3nica Dominicana\" \/>\n\t<meta name=\"twitter:label2\" content=\"Tiempo de lectura\" \/>\n\t<meta name=\"twitter:data2\" content=\"3 minutos\" \/>\n<script type=\"application\/ld+json\" class=\"yoast-schema-graph\">{\"@context\":\"https:\/\/schema.org\",\"@graph\":[{\"@type\":\"Article\",\"@id\":\"https:\/\/potenciaradiofonicadominicana.com\/portal\/inabie-impactara-a-mas-de-200000-estudiantes-con-jornadas-y-atenciones-de-salud-en-el-ano-escolar-2025-2026\/#article\",\"isPartOf\":{\"@id\":\"https:\/\/potenciaradiofonicadominicana.com\/portal\/inabie-impactara-a-mas-de-200000-estudiantes-con-jornadas-y-atenciones-de-salud-en-el-ano-escolar-2025-2026\/\"},\"author\":{\"name\":\"Potencia Radiof\u00f3nica Dominicana\",\"@id\":\"https:\/\/potenciaradiofonicadominicana.com\/portal\/#\/schema\/person\/a5cf1fea13877803ee0573ac18b03490\"},\"headline\":\"INABIE impactar\u00e1 a m\u00e1s de 200,000 estudiantes con jornadas y atenciones de salud en el a\u00f1o escolar 2025-2026\",\"datePublished\":\"2025-08-07T01:56:54+00:00\",\"mainEntityOfPage\":{\"@id\":\"https:\/\/potenciaradiofonicadominicana.com\/portal\/inabie-impactara-a-mas-de-200000-estudiantes-con-jornadas-y-atenciones-de-salud-en-el-ano-escolar-2025-2026\/\"},\"wordCount\":427,\"publisher\":{\"@id\":\"https:\/\/potenciaradiofonicadominicana.com\/portal\/#organization\"},\"image\":{\"@id\":\"https:\/\/potenciaradiofonicadominicana.com\/portal\/inabie-impactara-a-mas-de-200000-estudiantes-con-jornadas-y-atenciones-de-salud-en-el-ano-escolar-2025-2026\/#primaryimage\"},\"thumbnailUrl\":\"https:\/\/potenciaradiofonicadominicana.com\/portal\/wp-content\/uploads\/2025\/08\/IMG_6914.jpeg\",\"articleSection\":[\"Noticias\"],\"inLanguage\":\"es\"},{\"@type\":\"WebPage\",\"@id\":\"https:\/\/potenciaradiofonicadominicana.com\/portal\/inabie-impactara-a-mas-de-200000-estudiantes-con-jornadas-y-atenciones-de-salud-en-el-ano-escolar-2025-2026\/\",\"url\":\"https:\/\/potenciaradiofonicadominicana.com\/portal\/inabie-impactara-a-mas-de-200000-estudiantes-con-jornadas-y-atenciones-de-salud-en-el-ano-escolar-2025-2026\/\",\"name\":\"INABIE impactar\u00e1 a m\u00e1s de 200,000 estudiantes con jornadas y atenciones de salud en el a\u00f1o escolar 2025-2026 - PotenciaRadiofonicaDominicana.com\",\"isPartOf\":{\"@id\":\"https:\/\/potenciaradiofonicadominicana.com\/portal\/#website\"},\"primaryImageOfPage\":{\"@id\":\"https:\/\/potenciaradiofonicadominicana.com\/portal\/inabie-impactara-a-mas-de-200000-estudiantes-con-jornadas-y-atenciones-de-salud-en-el-ano-escolar-2025-2026\/#primaryimage\"},\"image\":{\"@id\":\"https:\/\/potenciaradiofonicadominicana.com\/portal\/inabie-impactara-a-mas-de-200000-estudiantes-con-jornadas-y-atenciones-de-salud-en-el-ano-escolar-2025-2026\/#primaryimage\"},\"thumbnailUrl\":\"https:\/\/potenciaradiofonicadominicana.com\/portal\/wp-content\/uploads\/2025\/08\/IMG_6914.jpeg\",\"datePublished\":\"2025-08-07T01:56:54+00:00\",\"breadcrumb\":{\"@id\":\"https:\/\/potenciaradiofonicadominicana.com\/portal\/inabie-impactara-a-mas-de-200000-estudiantes-con-jornadas-y-atenciones-de-salud-en-el-ano-escolar-2025-2026\/#breadcrumb\"},\"inLanguage\":\"es\",\"potentialAction\":[{\"@type\":\"ReadAction\",\"target\":[\"https:\/\/potenciaradiofonicadominicana.com\/portal\/inabie-impactara-a-mas-de-200000-estudiantes-con-jornadas-y-atenciones-de-salud-en-el-ano-escolar-2025-2026\/\"]}]},{\"@type\":\"ImageObject\",\"inLanguage\":\"es\",\"@id\":\"https:\/\/potenciaradiofonicadominicana.com\/portal\/inabie-impactara-a-mas-de-200000-estudiantes-con-jornadas-y-atenciones-de-salud-en-el-ano-escolar-2025-2026\/#primaryimage\",\"url\":\"https:\/\/potenciaradiofonicadominicana.com\/portal\/wp-content\/uploads\/2025\/08\/IMG_6914.jpeg\",\"contentUrl\":\"https:\/\/potenciaradiofonicadominicana.com\/portal\/wp-content\/uploads\/2025\/08\/IMG_6914.jpeg\",\"width\":1300,\"height\":731},{\"@type\":\"BreadcrumbList\",\"@id\":\"https:\/\/potenciaradiofonicadominicana.com\/portal\/inabie-impactara-a-mas-de-200000-estudiantes-con-jornadas-y-atenciones-de-salud-en-el-ano-escolar-2025-2026\/#breadcrumb\",\"itemListElement\":[{\"@type\":\"ListItem\",\"position\":1,\"name\":\"Portada\",\"item\":\"https:\/\/potenciaradiofonicadominicana.com\/portal\/\"},{\"@type\":\"ListItem\",\"position\":2,\"name\":\"INABIE impactar\u00e1 a m\u00e1s de 200,000 estudiantes con jornadas y atenciones de salud en el a\u00f1o escolar 2025-2026\"}]},{\"@type\":\"WebSite\",\"@id\":\"https:\/\/potenciaradiofonicadominicana.com\/portal\/#website\",\"url\":\"https:\/\/potenciaradiofonicadominicana.com\/portal\/\",\"name\":\"PotenciaRadiofonicaDominicana.com\",\"description\":\"Peri\u00f3dico Digital\",\"publisher\":{\"@id\":\"https:\/\/potenciaradiofonicadominicana.com\/portal\/#organization\"},\"potentialAction\":[{\"@type\":\"SearchAction\",\"target\":{\"@type\":\"EntryPoint\",\"urlTemplate\":\"https:\/\/potenciaradiofonicadominicana.com\/portal\/?s={search_term_string}\"},\"query-input\":{\"@type\":\"PropertyValueSpecification\",\"valueRequired\":true,\"valueName\":\"search_term_string\"}}],\"inLanguage\":\"es\"},{\"@type\":\"Organization\",\"@id\":\"https:\/\/potenciaradiofonicadominicana.com\/portal\/#organization\",\"name\":\"PotenciaRadiofonicaDominicana.com\",\"url\":\"https:\/\/potenciaradiofonicadominicana.com\/portal\/\",\"logo\":{\"@type\":\"ImageObject\",\"inLanguage\":\"es\",\"@id\":\"https:\/\/potenciaradiofonicadominicana.com\/portal\/#\/schema\/logo\/image\/\",\"url\":\"https:\/\/potenciaradiofonicadominicana.com\/portal\/wp-content\/uploads\/2022\/01\/descarga.png\",\"contentUrl\":\"https:\/\/potenciaradiofonicadominicana.com\/portal\/wp-content\/uploads\/2022\/01\/descarga.png\",\"width\":300,\"height\":100,\"caption\":\"PotenciaRadiofonicaDominicana.com\"},\"image\":{\"@id\":\"https:\/\/potenciaradiofonicadominicana.com\/portal\/#\/schema\/logo\/image\/\"},\"sameAs\":[\"https:\/\/web.facebook.com\/PotenciaRadiofonicaD\"]},{\"@type\":\"Person\",\"@id\":\"https:\/\/potenciaradiofonicadominicana.com\/portal\/#\/schema\/person\/a5cf1fea13877803ee0573ac18b03490\",\"name\":\"Potencia Radiof\u00f3nica Dominicana\",\"image\":{\"@type\":\"ImageObject\",\"inLanguage\":\"es\",\"@id\":\"https:\/\/potenciaradiofonicadominicana.com\/portal\/#\/schema\/person\/image\/\",\"url\":\"https:\/\/secure.gravatar.com\/avatar\/42a55ab9e8ccc656ba34cd791990602a?s=96&d=mm&r=g\",\"contentUrl\":\"https:\/\/secure.gravatar.com\/avatar\/42a55ab9e8ccc656ba34cd791990602a?s=96&d=mm&r=g\",\"caption\":\"Potencia Radiof\u00f3nica Dominicana\"},\"url\":\"https:\/\/potenciaradiofonicadominicana.com\/portal\/author\/johannyalmanzar\/\"}]}<\/script>\n<!-- \/ Yoast SEO plugin. -->","yoast_head_json":{"title":"INABIE impactar\u00e1 a m\u00e1s de 200,000 estudiantes con jornadas y atenciones de salud en el a\u00f1o escolar 2025-2026 - PotenciaRadiofonicaDominicana.com","robots":{"index":"index","follow":"follow","max-snippet":"max-snippet:-1","max-image-preview":"max-image-preview:large","max-video-preview":"max-video-preview:-1"},"canonical":"https:\/\/potenciaradiofonicadominicana.com\/portal\/inabie-impactara-a-mas-de-200000-estudiantes-con-jornadas-y-atenciones-de-salud-en-el-ano-escolar-2025-2026\/","og_locale":"es_ES","og_type":"article","og_title":"INABIE impactar\u00e1 a m\u00e1s de 200,000 estudiantes con jornadas y atenciones de salud en el a\u00f1o escolar 2025-2026 - PotenciaRadiofonicaDominicana.com","og_description":"El Instituto Nacional de Bienestar Estudiantil (INABIE) anunci\u00f3 que proyecta impactar a m\u00e1s de 200,000 estudiantes del sistema educativo p\u00fablico ...","og_url":"https:\/\/potenciaradiofonicadominicana.com\/portal\/inabie-impactara-a-mas-de-200000-estudiantes-con-jornadas-y-atenciones-de-salud-en-el-ano-escolar-2025-2026\/","og_site_name":"PotenciaRadiofonicaDominicana.com","article_publisher":"https:\/\/web.facebook.com\/PotenciaRadiofonicaD","article_published_time":"2025-08-07T01:56:54+00:00","og_image":[{"width":1300,"height":731,"url":"https:\/\/potenciaradiofonicadominicana.com\/portal\/wp-content\/uploads\/2025\/08\/IMG_6914.jpeg","type":"image\/jpeg"}],"author":"Potencia Radiof\u00f3nica Dominicana","twitter_card":"summary_large_image","twitter_misc":{"Escrito por":"Potencia Radiof\u00f3nica Dominicana","Tiempo de lectura":"3 minutos"},"schema":{"@context":"https:\/\/schema.org","@graph":[{"@type":"Article","@id":"https:\/\/potenciaradiofonicadominicana.com\/portal\/inabie-impactara-a-mas-de-200000-estudiantes-con-jornadas-y-atenciones-de-salud-en-el-ano-escolar-2025-2026\/#article","isPartOf":{"@id":"https:\/\/potenciaradiofonicadominicana.com\/portal\/inabie-impactara-a-mas-de-200000-estudiantes-con-jornadas-y-atenciones-de-salud-en-el-ano-escolar-2025-2026\/"},"author":{"name":"Potencia Radiof\u00f3nica Dominicana","@id":"https:\/\/potenciaradiofonicadominicana.com\/portal\/#\/schema\/person\/a5cf1fea13877803ee0573ac18b03490"},"headline":"INABIE impactar\u00e1 a m\u00e1s de 200,000 estudiantes con jornadas y atenciones de salud en el a\u00f1o escolar 2025-2026","datePublished":"2025-08-07T01:56:54+00:00","mainEntityOfPage":{"@id":"https:\/\/potenciaradiofonicadominicana.com\/portal\/inabie-impactara-a-mas-de-200000-estudiantes-con-jornadas-y-atenciones-de-salud-en-el-ano-escolar-2025-2026\/"},"wordCount":427,"publisher":{"@id":"https:\/\/potenciaradiofonicadominicana.com\/portal\/#organization"},"image":{"@id":"https:\/\/potenciaradiofonicadominicana.com\/portal\/inabie-impactara-a-mas-de-200000-estudiantes-con-jornadas-y-atenciones-de-salud-en-el-ano-escolar-2025-2026\/#primaryimage"},"thumbnailUrl":"https:\/\/potenciaradiofonicadominicana.com\/portal\/wp-content\/uploads\/2025\/08\/IMG_6914.jpeg","articleSection":["Noticias"],"inLanguage":"es"},{"@type":"WebPage","@id":"https:\/\/potenciaradiofonicadominicana.com\/portal\/inabie-impactara-a-mas-de-200000-estudiantes-con-jornadas-y-atenciones-de-salud-en-el-ano-escolar-2025-2026\/","url":"https:\/\/potenciaradiofonicadominicana.com\/portal\/inabie-impactara-a-mas-de-200000-estudiantes-con-jornadas-y-atenciones-de-salud-en-el-ano-escolar-2025-2026\/","name":"INABIE impactar\u00e1 a m\u00e1s de 200,000 estudiantes con jornadas y atenciones de salud en el a\u00f1o escolar 2025-2026 - PotenciaRadiofonicaDominicana.com","isPartOf":{"@id":"https:\/\/potenciaradiofonicadominicana.com\/portal\/#website"},"primaryImageOfPage":{"@id":"https:\/\/potenciaradiofonicadominicana.com\/portal\/inabie-impactara-a-mas-de-200000-estudiantes-con-jornadas-y-atenciones-de-salud-en-el-ano-escolar-2025-2026\/#primaryimage"},"image":{"@id":"https:\/\/potenciaradiofonicadominicana.com\/portal\/inabie-impactara-a-mas-de-200000-estudiantes-con-jornadas-y-atenciones-de-salud-en-el-ano-escolar-2025-2026\/#primaryimage"},"thumbnailUrl":"https:\/\/potenciaradiofonicadominicana.com\/portal\/wp-content\/uploads\/2025\/08\/IMG_6914.jpeg","datePublished":"2025-08-07T01:56:54+00:00","breadcrumb":{"@id":"https:\/\/potenciaradiofonicadominicana.com\/portal\/inabie-impactara-a-mas-de-200000-estudiantes-con-jornadas-y-atenciones-de-salud-en-el-ano-escolar-2025-2026\/#breadcrumb"},"inLanguage":"es","potentialAction":[{"@type":"ReadAction","target":["https:\/\/potenciaradiofonicadominicana.com\/portal\/inabie-impactara-a-mas-de-200000-estudiantes-con-jornadas-y-atenciones-de-salud-en-el-ano-escolar-2025-2026\/"]}]},{"@type":"ImageObject","inLanguage":"es","@id":"https:\/\/potenciaradiofonicadominicana.com\/portal\/inabie-impactara-a-mas-de-200000-estudiantes-con-jornadas-y-atenciones-de-salud-en-el-ano-escolar-2025-2026\/#primaryimage","url":"https:\/\/potenciaradiofonicadominicana.com\/portal\/wp-content\/uploads\/2025\/08\/IMG_6914.jpeg","contentUrl":"https:\/\/potenciaradiofonicadominicana.com\/portal\/wp-content\/uploads\/2025\/08\/IMG_6914.jpeg","width":1300,"height":731},{"@type":"BreadcrumbList","@id":"https:\/\/potenciaradiofonicadominicana.com\/portal\/inabie-impactara-a-mas-de-200000-estudiantes-con-jornadas-y-atenciones-de-salud-en-el-ano-escolar-2025-2026\/#breadcrumb","itemListElement":[{"@type":"ListItem","position":1,"name":"Portada","item":"https:\/\/potenciaradiofonicadominicana.com\/portal\/"},{"@type":"ListItem","position":2,"name":"INABIE impactar\u00e1 a m\u00e1s de 200,000 estudiantes con jornadas y atenciones de salud en el a\u00f1o escolar 2025-2026"}]},{"@type":"WebSite","@id":"https:\/\/potenciaradiofonicadominicana.com\/portal\/#website","url":"https:\/\/potenciaradiofonicadominicana.com\/portal\/","name":"PotenciaRadiofonicaDominicana.com","description":"Peri\u00f3dico Digital","publisher":{"@id":"https:\/\/potenciaradiofonicadominicana.com\/portal\/#organization"},"potentialAction":[{"@type":"SearchAction","target":{"@type":"EntryPoint","urlTemplate":"https:\/\/potenciaradiofonicadominicana.com\/portal\/?s={search_term_string}"},"query-input":{"@type":"PropertyValueSpecification","valueRequired":true,"valueName":"search_term_string"}}],"inLanguage":"es"},{"@type":"Organization","@id":"https:\/\/potenciaradiofonicadominicana.com\/portal\/#organization","name":"PotenciaRadiofonicaDominicana.com","url":"https:\/\/potenciaradiofonicadominicana.com\/portal\/","logo":{"@type":"ImageObject","inLanguage":"es","@id":"https:\/\/potenciaradiofonicadominicana.com\/portal\/#\/schema\/logo\/image\/","url":"https:\/\/potenciaradiofonicadominicana.com\/portal\/wp-content\/uploads\/2022\/01\/descarga.png","contentUrl":"https:\/\/potenciaradiofonicadominicana.com\/portal\/wp-content\/uploads\/2022\/01\/descarga.png","width":300,"height":100,"caption":"PotenciaRadiofonicaDominicana.com"},"image":{"@id":"https:\/\/potenciaradiofonicadominicana.com\/portal\/#\/schema\/logo\/image\/"},"sameAs":["https:\/\/web.facebook.com\/PotenciaRadiofonicaD"]},{"@type":"Person","@id":"https:\/\/potenciaradiofonicadominicana.com\/portal\/#\/schema\/person\/a5cf1fea13877803ee0573ac18b03490","name":"Potencia Radiof\u00f3nica Dominicana","image":{"@type":"ImageObject","inLanguage":"es","@id":"https:\/\/potenciaradiofonicadominicana.com\/portal\/#\/schema\/person\/image\/","url":"https:\/\/secure.gravatar.com\/avatar\/42a55ab9e8ccc656ba34cd791990602a?s=96&d=mm&r=g","contentUrl":"https:\/\/secure.gravatar.com\/avatar\/42a55ab9e8ccc656ba34cd791990602a?s=96&d=mm&r=g","caption":"Potencia Radiof\u00f3nica Dominicana"},"url":"https:\/\/potenciaradiofonicadominicana.com\/portal\/author\/johannyalmanzar\/"}]}},"_links":{"self":[{"href":"https:\/\/potenciaradiofonicadominicana.com\/portal\/wp-json\/wp\/v2\/posts\/200142","targetHints":{"allow":["GET"]}}],"collection":[{"href":"https:\/\/potenciaradiofonicadominicana.com\/portal\/wp-json\/wp\/v2\/posts"}],"about":[{"href":"https:\/\/potenciaradiofonicadominicana.com\/portal\/wp-json\/wp\/v2\/types\/post"}],"author":[{"embeddable":true,"href":"https:\/\/potenciaradiofonicadominicana.com\/portal\/wp-json\/wp\/v2\/users\/2"}],"replies":[{"embeddable":true,"href":"https:\/\/potenciaradiofonicadominicana.com\/portal\/wp-json\/wp\/v2\/comments?post=200142"}],"version-history":[{"count":1,"href":"https:\/\/potenciaradiofonicadominicana.com\/portal\/wp-json\/wp\/v2\/posts\/200142\/revisions"}],"predecessor-version":[{"id":200144,"href":"https:\/\/potenciaradiofonicadominicana.com\/portal\/wp-json\/wp\/v2\/posts\/200142\/revisions\/200144"}],"wp:featuredmedia":[{"embeddable":true,"href":"https:\/\/potenciaradiofonicadominicana.com\/portal\/wp-json\/wp\/v2\/media\/200143"}],"wp:attachment":[{"href":"https:\/\/potenciaradiofonicadominicana.com\/portal\/wp-json\/wp\/v2\/media?parent=200142"}],"wp:term":[{"taxonomy":"category","embeddable":true,"href":"https:\/\/potenciaradiofonicadominicana.com\/portal\/wp-json\/wp\/v2\/categories?post=200142"},{"taxonomy":"post_tag","embeddable":true,"href":"https:\/\/potenciaradiofonicadominicana.com\/portal\/wp-json\/wp\/v2\/tags?post=200142"}],"curies":[{"name":"wp","href":"https:\/\/api.w.org\/{rel}","templated":true}]}}