{"id":200056,"date":"2025-08-06T21:04:00","date_gmt":"2025-08-07T01:04:00","guid":{"rendered":"https:\/\/potenciaradiofonicadominicana.com\/portal\/?p=200056"},"modified":"2025-08-06T21:04:00","modified_gmt":"2025-08-07T01:04:00","slug":"jetsmart-inaugura-ruta-a-medellin-desde-punta-cana","status":"publish","type":"post","link":"https:\/\/potenciaradiofonicadominicana.com\/portal\/jetsmart-inaugura-ruta-a-medellin-desde-punta-cana\/","title":{"rendered":"JetSMART inaugura ruta a Medell\u00edn desde Punta Cana"},"content":{"rendered":"<p><a href=\"https:\/\/potenciaradiofonicadominicana.com\/portal\/wp-content\/uploads\/2025\/08\/Jetsmart.jpg\"><img loading=\"lazy\" decoding=\"async\" class=\"alignnone size-full wp-image-200057\" src=\"https:\/\/potenciaradiofonicadominicana.com\/portal\/wp-content\/uploads\/2025\/08\/Jetsmart.jpg\" alt=\"\" width=\"1180\" height=\"665\" srcset=\"https:\/\/potenciaradiofonicadominicana.com\/portal\/wp-content\/uploads\/2025\/08\/Jetsmart.jpg 1180w, https:\/\/potenciaradiofonicadominicana.com\/portal\/wp-content\/uploads\/2025\/08\/Jetsmart-300x169.jpg 300w, https:\/\/potenciaradiofonicadominicana.com\/portal\/wp-content\/uploads\/2025\/08\/Jetsmart-1024x577.jpg 1024w, https:\/\/potenciaradiofonicadominicana.com\/portal\/wp-content\/uploads\/2025\/08\/Jetsmart-768x433.jpg 768w\" sizes=\"auto, (max-width: 1180px) 100vw, 1180px\" \/><\/a><\/p>\n<p>La aerol\u00ednea\u00a0<strong>JetSMART<\/strong>\u00a0anunci\u00f3 este mi\u00e9rcoles la apertura de dos rutas internacionales que conectar\u00e1n a\u00a0<strong>Punta Cana<\/strong>\u00a0con las ciudades de\u00a0<strong>Medell\u00edn<\/strong>\u00a0y\u00a0<strong>Cali<\/strong>, en Colombia, a partir del\u00a0<strong>5 de diciembre de 2025<\/strong>.<\/p>\n<p>Con esta operaci\u00f3n,\u00a0<strong>Rep\u00fablica Dominicana<\/strong>\u00a0se suma a la\u00a0<strong>red de destinos<\/strong>\u00a0de la compa\u00f1\u00eda, que actualmente vuela a nueve pa\u00edses en la regi\u00f3n. Los vuelos hacia\u00a0<strong>Medell\u00edn<\/strong>\u00a0se realizar\u00e1n los lunes, jueves y domingos, mientras que la conexi\u00f3n con\u00a0<strong>Cali<\/strong>\u00a0operar\u00e1 los mi\u00e9rcoles, viernes y s\u00e1bados.<\/p>\n<p>De acuerdo a una nota de prensa, el trayecto entre\u00a0<strong>Punta Cana<\/strong>\u00a0y\u00a0<strong>Medell\u00edn<\/strong>\u00a0tendr\u00e1 una duraci\u00f3n aproximada de dos horas y 40 minutos, y el de\u00a0<strong>Cali<\/strong>, cerca de tres horas.<\/p>\n<h2>Otros destinos de Sudam\u00e9rica<\/h2>\n<p>Seg\u00fan\u00a0<strong>JetSMART<\/strong>, se proyecta movilizar a m\u00e1s de\u00a0<strong>90 mil pasajeros<\/strong>\u00a0entre ambas rutas durante el\u00a0<strong>primer a\u00f1o de operaciones<\/strong>. Las nuevas conexiones tambi\u00e9n permitir\u00e1n a los viajeros acceder a otros destinos sudamericanos mediante enlaces internos de la aerol\u00ednea.<\/p>\n<p>Representantes de la compa\u00f1\u00eda y autoridades de promoci\u00f3n tur\u00edstica en Colombia destacaron el impacto que esta iniciativa tendr\u00e1 en la conectividad entre el\u00a0<strong>Caribe y Am\u00e9rica del Sur<\/strong>.<\/p>\n<p><strong>JetSMART<\/strong>, que inici\u00f3 operaciones en 2016, cuenta con una flota de 49 aviones Airbus A320 y A321 y opera m\u00e1s de\u00a0<strong>80 rutas en la regi\u00f3n.<\/strong><\/p>\n","protected":false},"excerpt":{"rendered":"<p>La aerol\u00ednea\u00a0JetSMART\u00a0anunci\u00f3 este mi\u00e9rcoles la apertura de dos rutas internacionales que conectar\u00e1n a\u00a0Punta Cana\u00a0con las ciudades de\u00a0Medell\u00edn\u00a0y\u00a0Cali, en Colombia, a &#8230;<\/p>\n","protected":false},"author":2,"featured_media":200057,"comment_status":"closed","ping_status":"closed","sticky":false,"template":"","format":"standard","meta":{"footnotes":""},"categories":[26],"tags":[],"class_list":["post-200056","post","type-post","status-publish","format-standard","has-post-thumbnail","hentry","category-economia"],"yoast_head":"<!-- This site is optimized with the Yoast SEO plugin v24.8.1 - https:\/\/yoast.com\/wordpress\/plugins\/seo\/ -->\n<title>JetSMART inaugura ruta a Medell\u00edn desde Punta Cana - PotenciaRadiofonicaDominicana.com<\/title>\n<meta name=\"robots\" content=\"index, follow, max-snippet:-1, max-image-preview:large, max-video-preview:-1\" \/>\n<link rel=\"canonical\" href=\"https:\/\/potenciaradiofonicadominicana.com\/portal\/jetsmart-inaugura-ruta-a-medellin-desde-punta-cana\/\" \/>\n<meta property=\"og:locale\" content=\"es_ES\" \/>\n<meta property=\"og:type\" content=\"article\" \/>\n<meta property=\"og:title\" content=\"JetSMART inaugura ruta a Medell\u00edn desde Punta Cana - PotenciaRadiofonicaDominicana.com\" \/>\n<meta property=\"og:description\" content=\"La aerol\u00ednea\u00a0JetSMART\u00a0anunci\u00f3 este mi\u00e9rcoles la apertura de dos rutas internacionales que conectar\u00e1n a\u00a0Punta Cana\u00a0con las ciudades de\u00a0Medell\u00edn\u00a0y\u00a0Cali, en Colombia, a ...\" \/>\n<meta property=\"og:url\" content=\"https:\/\/potenciaradiofonicadominicana.com\/portal\/jetsmart-inaugura-ruta-a-medellin-desde-punta-cana\/\" \/>\n<meta property=\"og:site_name\" content=\"PotenciaRadiofonicaDominicana.com\" \/>\n<meta property=\"article:publisher\" content=\"https:\/\/web.facebook.com\/PotenciaRadiofonicaD\" \/>\n<meta property=\"article:published_time\" content=\"2025-08-07T01:04:00+00:00\" \/>\n<meta property=\"og:image\" content=\"https:\/\/potenciaradiofonicadominicana.com\/portal\/wp-content\/uploads\/2025\/08\/Jetsmart.jpg\" \/>\n\t<meta property=\"og:image:width\" content=\"1180\" \/>\n\t<meta property=\"og:image:height\" content=\"665\" \/>\n\t<meta property=\"og:image:type\" content=\"image\/jpeg\" \/>\n<meta name=\"author\" content=\"Potencia Radiof\u00f3nica Dominicana\" \/>\n<meta name=\"twitter:card\" content=\"summary_large_image\" \/>\n<meta name=\"twitter:label1\" content=\"Escrito por\" \/>\n\t<meta name=\"twitter:data1\" content=\"Potencia Radiof\u00f3nica Dominicana\" \/>\n\t<meta name=\"twitter:label2\" content=\"Tiempo de lectura\" \/>\n\t<meta name=\"twitter:data2\" content=\"2 minutos\" \/>\n<script type=\"application\/ld+json\" class=\"yoast-schema-graph\">{\"@context\":\"https:\/\/schema.org\",\"@graph\":[{\"@type\":\"Article\",\"@id\":\"https:\/\/potenciaradiofonicadominicana.com\/portal\/jetsmart-inaugura-ruta-a-medellin-desde-punta-cana\/#article\",\"isPartOf\":{\"@id\":\"https:\/\/potenciaradiofonicadominicana.com\/portal\/jetsmart-inaugura-ruta-a-medellin-desde-punta-cana\/\"},\"author\":{\"name\":\"Potencia Radiof\u00f3nica Dominicana\",\"@id\":\"https:\/\/potenciaradiofonicadominicana.com\/portal\/#\/schema\/person\/a5cf1fea13877803ee0573ac18b03490\"},\"headline\":\"JetSMART inaugura ruta a Medell\u00edn desde Punta Cana\",\"datePublished\":\"2025-08-07T01:04:00+00:00\",\"mainEntityOfPage\":{\"@id\":\"https:\/\/potenciaradiofonicadominicana.com\/portal\/jetsmart-inaugura-ruta-a-medellin-desde-punta-cana\/\"},\"wordCount\":241,\"publisher\":{\"@id\":\"https:\/\/potenciaradiofonicadominicana.com\/portal\/#organization\"},\"image\":{\"@id\":\"https:\/\/potenciaradiofonicadominicana.com\/portal\/jetsmart-inaugura-ruta-a-medellin-desde-punta-cana\/#primaryimage\"},\"thumbnailUrl\":\"https:\/\/potenciaradiofonicadominicana.com\/portal\/wp-content\/uploads\/2025\/08\/Jetsmart.jpg\",\"articleSection\":[\"Econom\u00eda\"],\"inLanguage\":\"es\"},{\"@type\":\"WebPage\",\"@id\":\"https:\/\/potenciaradiofonicadominicana.com\/portal\/jetsmart-inaugura-ruta-a-medellin-desde-punta-cana\/\",\"url\":\"https:\/\/potenciaradiofonicadominicana.com\/portal\/jetsmart-inaugura-ruta-a-medellin-desde-punta-cana\/\",\"name\":\"JetSMART inaugura ruta a Medell\u00edn desde Punta Cana - PotenciaRadiofonicaDominicana.com\",\"isPartOf\":{\"@id\":\"https:\/\/potenciaradiofonicadominicana.com\/portal\/#website\"},\"primaryImageOfPage\":{\"@id\":\"https:\/\/potenciaradiofonicadominicana.com\/portal\/jetsmart-inaugura-ruta-a-medellin-desde-punta-cana\/#primaryimage\"},\"image\":{\"@id\":\"https:\/\/potenciaradiofonicadominicana.com\/portal\/jetsmart-inaugura-ruta-a-medellin-desde-punta-cana\/#primaryimage\"},\"thumbnailUrl\":\"https:\/\/potenciaradiofonicadominicana.com\/portal\/wp-content\/uploads\/2025\/08\/Jetsmart.jpg\",\"datePublished\":\"2025-08-07T01:04:00+00:00\",\"breadcrumb\":{\"@id\":\"https:\/\/potenciaradiofonicadominicana.com\/portal\/jetsmart-inaugura-ruta-a-medellin-desde-punta-cana\/#breadcrumb\"},\"inLanguage\":\"es\",\"potentialAction\":[{\"@type\":\"ReadAction\",\"target\":[\"https:\/\/potenciaradiofonicadominicana.com\/portal\/jetsmart-inaugura-ruta-a-medellin-desde-punta-cana\/\"]}]},{\"@type\":\"ImageObject\",\"inLanguage\":\"es\",\"@id\":\"https:\/\/potenciaradiofonicadominicana.com\/portal\/jetsmart-inaugura-ruta-a-medellin-desde-punta-cana\/#primaryimage\",\"url\":\"https:\/\/potenciaradiofonicadominicana.com\/portal\/wp-content\/uploads\/2025\/08\/Jetsmart.jpg\",\"contentUrl\":\"https:\/\/potenciaradiofonicadominicana.com\/portal\/wp-content\/uploads\/2025\/08\/Jetsmart.jpg\",\"width\":1180,\"height\":665},{\"@type\":\"BreadcrumbList\",\"@id\":\"https:\/\/potenciaradiofonicadominicana.com\/portal\/jetsmart-inaugura-ruta-a-medellin-desde-punta-cana\/#breadcrumb\",\"itemListElement\":[{\"@type\":\"ListItem\",\"position\":1,\"name\":\"Portada\",\"item\":\"https:\/\/potenciaradiofonicadominicana.com\/portal\/\"},{\"@type\":\"ListItem\",\"position\":2,\"name\":\"JetSMART inaugura ruta a Medell\u00edn desde Punta Cana\"}]},{\"@type\":\"WebSite\",\"@id\":\"https:\/\/potenciaradiofonicadominicana.com\/portal\/#website\",\"url\":\"https:\/\/potenciaradiofonicadominicana.com\/portal\/\",\"name\":\"PotenciaRadiofonicaDominicana.com\",\"description\":\"Peri\u00f3dico Digital\",\"publisher\":{\"@id\":\"https:\/\/potenciaradiofonicadominicana.com\/portal\/#organization\"},\"potentialAction\":[{\"@type\":\"SearchAction\",\"target\":{\"@type\":\"EntryPoint\",\"urlTemplate\":\"https:\/\/potenciaradiofonicadominicana.com\/portal\/?s={search_term_string}\"},\"query-input\":{\"@type\":\"PropertyValueSpecification\",\"valueRequired\":true,\"valueName\":\"search_term_string\"}}],\"inLanguage\":\"es\"},{\"@type\":\"Organization\",\"@id\":\"https:\/\/potenciaradiofonicadominicana.com\/portal\/#organization\",\"name\":\"PotenciaRadiofonicaDominicana.com\",\"url\":\"https:\/\/potenciaradiofonicadominicana.com\/portal\/\",\"logo\":{\"@type\":\"ImageObject\",\"inLanguage\":\"es\",\"@id\":\"https:\/\/potenciaradiofonicadominicana.com\/portal\/#\/schema\/logo\/image\/\",\"url\":\"https:\/\/potenciaradiofonicadominicana.com\/portal\/wp-content\/uploads\/2022\/01\/descarga.png\",\"contentUrl\":\"https:\/\/potenciaradiofonicadominicana.com\/portal\/wp-content\/uploads\/2022\/01\/descarga.png\",\"width\":300,\"height\":100,\"caption\":\"PotenciaRadiofonicaDominicana.com\"},\"image\":{\"@id\":\"https:\/\/potenciaradiofonicadominicana.com\/portal\/#\/schema\/logo\/image\/\"},\"sameAs\":[\"https:\/\/web.facebook.com\/PotenciaRadiofonicaD\"]},{\"@type\":\"Person\",\"@id\":\"https:\/\/potenciaradiofonicadominicana.com\/portal\/#\/schema\/person\/a5cf1fea13877803ee0573ac18b03490\",\"name\":\"Potencia Radiof\u00f3nica Dominicana\",\"image\":{\"@type\":\"ImageObject\",\"inLanguage\":\"es\",\"@id\":\"https:\/\/potenciaradiofonicadominicana.com\/portal\/#\/schema\/person\/image\/\",\"url\":\"https:\/\/secure.gravatar.com\/avatar\/42a55ab9e8ccc656ba34cd791990602a?s=96&d=mm&r=g\",\"contentUrl\":\"https:\/\/secure.gravatar.com\/avatar\/42a55ab9e8ccc656ba34cd791990602a?s=96&d=mm&r=g\",\"caption\":\"Potencia Radiof\u00f3nica Dominicana\"},\"url\":\"https:\/\/potenciaradiofonicadominicana.com\/portal\/author\/johannyalmanzar\/\"}]}<\/script>\n<!-- \/ Yoast SEO plugin. -->","yoast_head_json":{"title":"JetSMART inaugura ruta a Medell\u00edn desde Punta Cana - PotenciaRadiofonicaDominicana.com","robots":{"index":"index","follow":"follow","max-snippet":"max-snippet:-1","max-image-preview":"max-image-preview:large","max-video-preview":"max-video-preview:-1"},"canonical":"https:\/\/potenciaradiofonicadominicana.com\/portal\/jetsmart-inaugura-ruta-a-medellin-desde-punta-cana\/","og_locale":"es_ES","og_type":"article","og_title":"JetSMART inaugura ruta a Medell\u00edn desde Punta Cana - PotenciaRadiofonicaDominicana.com","og_description":"La aerol\u00ednea\u00a0JetSMART\u00a0anunci\u00f3 este mi\u00e9rcoles la apertura de dos rutas internacionales que conectar\u00e1n a\u00a0Punta Cana\u00a0con las ciudades de\u00a0Medell\u00edn\u00a0y\u00a0Cali, en Colombia, a ...","og_url":"https:\/\/potenciaradiofonicadominicana.com\/portal\/jetsmart-inaugura-ruta-a-medellin-desde-punta-cana\/","og_site_name":"PotenciaRadiofonicaDominicana.com","article_publisher":"https:\/\/web.facebook.com\/PotenciaRadiofonicaD","article_published_time":"2025-08-07T01:04:00+00:00","og_image":[{"width":1180,"height":665,"url":"https:\/\/potenciaradiofonicadominicana.com\/portal\/wp-content\/uploads\/2025\/08\/Jetsmart.jpg","type":"image\/jpeg"}],"author":"Potencia Radiof\u00f3nica Dominicana","twitter_card":"summary_large_image","twitter_misc":{"Escrito por":"Potencia Radiof\u00f3nica Dominicana","Tiempo de lectura":"2 minutos"},"schema":{"@context":"https:\/\/schema.org","@graph":[{"@type":"Article","@id":"https:\/\/potenciaradiofonicadominicana.com\/portal\/jetsmart-inaugura-ruta-a-medellin-desde-punta-cana\/#article","isPartOf":{"@id":"https:\/\/potenciaradiofonicadominicana.com\/portal\/jetsmart-inaugura-ruta-a-medellin-desde-punta-cana\/"},"author":{"name":"Potencia Radiof\u00f3nica Dominicana","@id":"https:\/\/potenciaradiofonicadominicana.com\/portal\/#\/schema\/person\/a5cf1fea13877803ee0573ac18b03490"},"headline":"JetSMART inaugura ruta a Medell\u00edn desde Punta Cana","datePublished":"2025-08-07T01:04:00+00:00","mainEntityOfPage":{"@id":"https:\/\/potenciaradiofonicadominicana.com\/portal\/jetsmart-inaugura-ruta-a-medellin-desde-punta-cana\/"},"wordCount":241,"publisher":{"@id":"https:\/\/potenciaradiofonicadominicana.com\/portal\/#organization"},"image":{"@id":"https:\/\/potenciaradiofonicadominicana.com\/portal\/jetsmart-inaugura-ruta-a-medellin-desde-punta-cana\/#primaryimage"},"thumbnailUrl":"https:\/\/potenciaradiofonicadominicana.com\/portal\/wp-content\/uploads\/2025\/08\/Jetsmart.jpg","articleSection":["Econom\u00eda"],"inLanguage":"es"},{"@type":"WebPage","@id":"https:\/\/potenciaradiofonicadominicana.com\/portal\/jetsmart-inaugura-ruta-a-medellin-desde-punta-cana\/","url":"https:\/\/potenciaradiofonicadominicana.com\/portal\/jetsmart-inaugura-ruta-a-medellin-desde-punta-cana\/","name":"JetSMART inaugura ruta a Medell\u00edn desde Punta Cana - PotenciaRadiofonicaDominicana.com","isPartOf":{"@id":"https:\/\/potenciaradiofonicadominicana.com\/portal\/#website"},"primaryImageOfPage":{"@id":"https:\/\/potenciaradiofonicadominicana.com\/portal\/jetsmart-inaugura-ruta-a-medellin-desde-punta-cana\/#primaryimage"},"image":{"@id":"https:\/\/potenciaradiofonicadominicana.com\/portal\/jetsmart-inaugura-ruta-a-medellin-desde-punta-cana\/#primaryimage"},"thumbnailUrl":"https:\/\/potenciaradiofonicadominicana.com\/portal\/wp-content\/uploads\/2025\/08\/Jetsmart.jpg","datePublished":"2025-08-07T01:04:00+00:00","breadcrumb":{"@id":"https:\/\/potenciaradiofonicadominicana.com\/portal\/jetsmart-inaugura-ruta-a-medellin-desde-punta-cana\/#breadcrumb"},"inLanguage":"es","potentialAction":[{"@type":"ReadAction","target":["https:\/\/potenciaradiofonicadominicana.com\/portal\/jetsmart-inaugura-ruta-a-medellin-desde-punta-cana\/"]}]},{"@type":"ImageObject","inLanguage":"es","@id":"https:\/\/potenciaradiofonicadominicana.com\/portal\/jetsmart-inaugura-ruta-a-medellin-desde-punta-cana\/#primaryimage","url":"https:\/\/potenciaradiofonicadominicana.com\/portal\/wp-content\/uploads\/2025\/08\/Jetsmart.jpg","contentUrl":"https:\/\/potenciaradiofonicadominicana.com\/portal\/wp-content\/uploads\/2025\/08\/Jetsmart.jpg","width":1180,"height":665},{"@type":"BreadcrumbList","@id":"https:\/\/potenciaradiofonicadominicana.com\/portal\/jetsmart-inaugura-ruta-a-medellin-desde-punta-cana\/#breadcrumb","itemListElement":[{"@type":"ListItem","position":1,"name":"Portada","item":"https:\/\/potenciaradiofonicadominicana.com\/portal\/"},{"@type":"ListItem","position":2,"name":"JetSMART inaugura ruta a Medell\u00edn desde Punta Cana"}]},{"@type":"WebSite","@id":"https:\/\/potenciaradiofonicadominicana.com\/portal\/#website","url":"https:\/\/potenciaradiofonicadominicana.com\/portal\/","name":"PotenciaRadiofonicaDominicana.com","description":"Peri\u00f3dico Digital","publisher":{"@id":"https:\/\/potenciaradiofonicadominicana.com\/portal\/#organization"},"potentialAction":[{"@type":"SearchAction","target":{"@type":"EntryPoint","urlTemplate":"https:\/\/potenciaradiofonicadominicana.com\/portal\/?s={search_term_string}"},"query-input":{"@type":"PropertyValueSpecification","valueRequired":true,"valueName":"search_term_string"}}],"inLanguage":"es"},{"@type":"Organization","@id":"https:\/\/potenciaradiofonicadominicana.com\/portal\/#organization","name":"PotenciaRadiofonicaDominicana.com","url":"https:\/\/potenciaradiofonicadominicana.com\/portal\/","logo":{"@type":"ImageObject","inLanguage":"es","@id":"https:\/\/potenciaradiofonicadominicana.com\/portal\/#\/schema\/logo\/image\/","url":"https:\/\/potenciaradiofonicadominicana.com\/portal\/wp-content\/uploads\/2022\/01\/descarga.png","contentUrl":"https:\/\/potenciaradiofonicadominicana.com\/portal\/wp-content\/uploads\/2022\/01\/descarga.png","width":300,"height":100,"caption":"PotenciaRadiofonicaDominicana.com"},"image":{"@id":"https:\/\/potenciaradiofonicadominicana.com\/portal\/#\/schema\/logo\/image\/"},"sameAs":["https:\/\/web.facebook.com\/PotenciaRadiofonicaD"]},{"@type":"Person","@id":"https:\/\/potenciaradiofonicadominicana.com\/portal\/#\/schema\/person\/a5cf1fea13877803ee0573ac18b03490","name":"Potencia Radiof\u00f3nica Dominicana","image":{"@type":"ImageObject","inLanguage":"es","@id":"https:\/\/potenciaradiofonicadominicana.com\/portal\/#\/schema\/person\/image\/","url":"https:\/\/secure.gravatar.com\/avatar\/42a55ab9e8ccc656ba34cd791990602a?s=96&d=mm&r=g","contentUrl":"https:\/\/secure.gravatar.com\/avatar\/42a55ab9e8ccc656ba34cd791990602a?s=96&d=mm&r=g","caption":"Potencia Radiof\u00f3nica Dominicana"},"url":"https:\/\/potenciaradiofonicadominicana.com\/portal\/author\/johannyalmanzar\/"}]}},"_links":{"self":[{"href":"https:\/\/potenciaradiofonicadominicana.com\/portal\/wp-json\/wp\/v2\/posts\/200056","targetHints":{"allow":["GET"]}}],"collection":[{"href":"https:\/\/potenciaradiofonicadominicana.com\/portal\/wp-json\/wp\/v2\/posts"}],"about":[{"href":"https:\/\/potenciaradiofonicadominicana.com\/portal\/wp-json\/wp\/v2\/types\/post"}],"author":[{"embeddable":true,"href":"https:\/\/potenciaradiofonicadominicana.com\/portal\/wp-json\/wp\/v2\/users\/2"}],"replies":[{"embeddable":true,"href":"https:\/\/potenciaradiofonicadominicana.com\/portal\/wp-json\/wp\/v2\/comments?post=200056"}],"version-history":[{"count":1,"href":"https:\/\/potenciaradiofonicadominicana.com\/portal\/wp-json\/wp\/v2\/posts\/200056\/revisions"}],"predecessor-version":[{"id":200059,"href":"https:\/\/potenciaradiofonicadominicana.com\/portal\/wp-json\/wp\/v2\/posts\/200056\/revisions\/200059"}],"wp:featuredmedia":[{"embeddable":true,"href":"https:\/\/potenciaradiofonicadominicana.com\/portal\/wp-json\/wp\/v2\/media\/200057"}],"wp:attachment":[{"href":"https:\/\/potenciaradiofonicadominicana.com\/portal\/wp-json\/wp\/v2\/media?parent=200056"}],"wp:term":[{"taxonomy":"category","embeddable":true,"href":"https:\/\/potenciaradiofonicadominicana.com\/portal\/wp-json\/wp\/v2\/categories?post=200056"},{"taxonomy":"post_tag","embeddable":true,"href":"https:\/\/potenciaradiofonicadominicana.com\/portal\/wp-json\/wp\/v2\/tags?post=200056"}],"curies":[{"name":"wp","href":"https:\/\/api.w.org\/{rel}","templated":true}]}}