{"id":200047,"date":"2025-08-06T20:58:38","date_gmt":"2025-08-07T00:58:38","guid":{"rendered":"https:\/\/potenciaradiofonicadominicana.com\/portal\/?p=200047"},"modified":"2025-08-06T20:58:38","modified_gmt":"2025-08-07T00:58:38","slug":"pepe-abreu-a-empresarios-olvidense-de-la-cesantia-y-concentrense-en-otra-cosa","status":"publish","type":"post","link":"https:\/\/potenciaradiofonicadominicana.com\/portal\/pepe-abreu-a-empresarios-olvidense-de-la-cesantia-y-concentrense-en-otra-cosa\/","title":{"rendered":"Pepe Abreu a empresarios: Olv\u00eddense de la cesant\u00eda y conc\u00e9ntrense en otra cosa"},"content":{"rendered":"<p><a href=\"https:\/\/potenciaradiofonicadominicana.com\/portal\/wp-content\/uploads\/2025\/08\/Rafael-Pepe-Abreu-1.jpg\"><img loading=\"lazy\" decoding=\"async\" class=\"alignnone size-full wp-image-200048\" src=\"https:\/\/potenciaradiofonicadominicana.com\/portal\/wp-content\/uploads\/2025\/08\/Rafael-Pepe-Abreu-1.jpg\" alt=\"\" width=\"900\" height=\"600\" srcset=\"https:\/\/potenciaradiofonicadominicana.com\/portal\/wp-content\/uploads\/2025\/08\/Rafael-Pepe-Abreu-1.jpg 900w, https:\/\/potenciaradiofonicadominicana.com\/portal\/wp-content\/uploads\/2025\/08\/Rafael-Pepe-Abreu-1-300x200.jpg 300w, https:\/\/potenciaradiofonicadominicana.com\/portal\/wp-content\/uploads\/2025\/08\/Rafael-Pepe-Abreu-1-768x512.jpg 768w\" sizes=\"auto, (max-width: 900px) 100vw, 900px\" \/><\/a><\/p>\n<h4 class=\"wp-block-heading\">El presidente de la Confederaci\u00f3n Nacional de Unidad Sindical (CNUS), Rafael (Pepe) Abreu, advirti\u00f3 este mi\u00e9rcoles al sector empresarial que los sindicalistas no permitir\u00e1n que la cesant\u00eda sea tocada cuando la reforma al C\u00f3digo de Trabajo (Ley 16-92) sea reintroducida en el Congreso Nacional durante la pr\u00f3xima legislatura, que quedar\u00e1 abierta a partir del 16 de agosto.<\/h4>\n<p>\u00abOlv\u00eddense de ese tema, porque esa negociaci\u00f3n le toca hacerla con ANJE, la Asociaci\u00f3n Nacional de J\u00f3venes Empresarios, a los relevos (sindicalistas) que lleguen. Si ellos consideran que un mundo de trabajo precario, de contrataci\u00f3n libre, sin compromiso, les es mejor, entonces que ellos se responsabilicen de hacerlo\u00bb, pronunci\u00f3 Pepe Abreu.<\/p>\n<p>Afirm\u00f3 que los actuales representantes del movimiento sindical no cargar\u00e1n con el peso hist\u00f3rico de ser parte de la eliminaci\u00f3n o de imponer un tope a la cesant\u00eda, y que, al parecer \u2014seg\u00fan sus declaraciones\u2014, tampoco los pol\u00edticos est\u00e1n dispuestos a hacerlo.<\/p>\n<p>\u00abNosotros no vamos a cargar con ese tema hist\u00f3rico, y aqu\u00ed parece, por lo que se ve, que tampoco los pol\u00edticos est\u00e1n dispuestos a hacerlo. Entonces,\u00a0<strong>olviden ese temita y conc\u00e9ntrense en otra cosa<\/strong>, porque ese no les va a dar resultados\u00bb, enfatiz\u00f3 el defensor de los derechos laborales.<\/p>\n<p>De igual modo, Pepe Abreu aclar\u00f3 que la cesant\u00eda no es un derecho adquirido, como los empresarios han querido venderlo, sino un<strong>\u00a0derecho eventual<\/strong>. \u00abSi yo renuncio, el empresario puede pagarme la cesant\u00eda si \u00e9l quiere\u00bb, detall\u00f3.<\/p>\n<p>Adem\u00e1s, record\u00f3 que el C\u00f3digo de Trabajo vigente contiene 19 ac\u00e1pites que establecen los tipos de violaciones que un empleado puede cometer y perder as\u00ed el beneficio del pago de la cesant\u00eda, por lo que no se explica la insistencia del sector empresarial en \u201cponerle un techo\u201d.<\/p>\n<p>\u00abEn el fondo, el inter\u00e9s (de los empresarios) es ponerle un techo a la denominada cesant\u00eda. Ese es el inter\u00e9s \u00fanico\u00bb, dijo.<\/p>\n<p>Continu\u00f3: \u00abSon 19 ac\u00e1pites del c\u00f3digo actual, que establecen tipo de violaciones que un empleado puede cometer, que le hacen no participe del beneficio del pago de la cesant\u00eda. Entonces, es por eso que no se explica esa actitud, que lleg\u00f3 al extremo, de recientemente decir que los trabajadores dominicanos, por el tema, dicen ellos, de los costos laborales no salariales, elevan su costo a 220% en dos d\u00e9cadas, y que eso es tan alarmante que le impide a la empresa competir, aumentar los salarios y le impide a los empresarios formalizar los trabajos\u00bb.<\/p>\n<p>Las declaraciones del presidente de la Confederaci\u00f3n Nacional de Unidad Sindical (CNUS) fueron ofrecidas durante una entrevista realizada en el programa televisivo El D\u00eda, que conducen los periodistas Edith Febles, Germ\u00e1n Marte y Amelia Deschamps.<\/p>\n<p>&nbsp;<\/p>\n","protected":false},"excerpt":{"rendered":"<p>El presidente de la Confederaci\u00f3n Nacional de Unidad Sindical (CNUS), Rafael (Pepe) Abreu, advirti\u00f3 este mi\u00e9rcoles al sector empresarial que &#8230;<\/p>\n","protected":false},"author":2,"featured_media":200048,"comment_status":"closed","ping_status":"closed","sticky":false,"template":"","format":"standard","meta":{"footnotes":""},"categories":[26],"tags":[],"class_list":["post-200047","post","type-post","status-publish","format-standard","has-post-thumbnail","hentry","category-economia"],"yoast_head":"<!-- This site is optimized with the Yoast SEO plugin v24.8.1 - https:\/\/yoast.com\/wordpress\/plugins\/seo\/ -->\n<title>Pepe Abreu a empresarios: Olv\u00eddense de la cesant\u00eda y conc\u00e9ntrense en otra cosa - PotenciaRadiofonicaDominicana.com<\/title>\n<meta name=\"robots\" content=\"index, follow, max-snippet:-1, max-image-preview:large, max-video-preview:-1\" \/>\n<link rel=\"canonical\" href=\"https:\/\/potenciaradiofonicadominicana.com\/portal\/pepe-abreu-a-empresarios-olvidense-de-la-cesantia-y-concentrense-en-otra-cosa\/\" \/>\n<meta property=\"og:locale\" content=\"es_ES\" \/>\n<meta property=\"og:type\" content=\"article\" \/>\n<meta property=\"og:title\" content=\"Pepe Abreu a empresarios: Olv\u00eddense de la cesant\u00eda y conc\u00e9ntrense en otra cosa - PotenciaRadiofonicaDominicana.com\" \/>\n<meta property=\"og:description\" content=\"El presidente de la Confederaci\u00f3n Nacional de Unidad Sindical (CNUS), Rafael (Pepe) Abreu, advirti\u00f3 este mi\u00e9rcoles al sector empresarial que ...\" \/>\n<meta property=\"og:url\" content=\"https:\/\/potenciaradiofonicadominicana.com\/portal\/pepe-abreu-a-empresarios-olvidense-de-la-cesantia-y-concentrense-en-otra-cosa\/\" \/>\n<meta property=\"og:site_name\" content=\"PotenciaRadiofonicaDominicana.com\" \/>\n<meta property=\"article:publisher\" content=\"https:\/\/web.facebook.com\/PotenciaRadiofonicaD\" \/>\n<meta property=\"article:published_time\" content=\"2025-08-07T00:58:38+00:00\" \/>\n<meta property=\"og:image\" content=\"https:\/\/potenciaradiofonicadominicana.com\/portal\/wp-content\/uploads\/2025\/08\/Rafael-Pepe-Abreu-1.jpg\" \/>\n\t<meta property=\"og:image:width\" content=\"900\" \/>\n\t<meta property=\"og:image:height\" content=\"600\" \/>\n\t<meta property=\"og:image:type\" content=\"image\/jpeg\" \/>\n<meta name=\"author\" content=\"Potencia Radiof\u00f3nica Dominicana\" \/>\n<meta name=\"twitter:card\" content=\"summary_large_image\" \/>\n<meta name=\"twitter:label1\" content=\"Escrito por\" \/>\n\t<meta name=\"twitter:data1\" content=\"Potencia Radiof\u00f3nica Dominicana\" \/>\n\t<meta name=\"twitter:label2\" content=\"Tiempo de lectura\" \/>\n\t<meta name=\"twitter:data2\" content=\"3 minutos\" \/>\n<script type=\"application\/ld+json\" class=\"yoast-schema-graph\">{\"@context\":\"https:\/\/schema.org\",\"@graph\":[{\"@type\":\"Article\",\"@id\":\"https:\/\/potenciaradiofonicadominicana.com\/portal\/pepe-abreu-a-empresarios-olvidense-de-la-cesantia-y-concentrense-en-otra-cosa\/#article\",\"isPartOf\":{\"@id\":\"https:\/\/potenciaradiofonicadominicana.com\/portal\/pepe-abreu-a-empresarios-olvidense-de-la-cesantia-y-concentrense-en-otra-cosa\/\"},\"author\":{\"name\":\"Potencia Radiof\u00f3nica Dominicana\",\"@id\":\"https:\/\/potenciaradiofonicadominicana.com\/portal\/#\/schema\/person\/a5cf1fea13877803ee0573ac18b03490\"},\"headline\":\"Pepe Abreu a empresarios: Olv\u00eddense de la cesant\u00eda y conc\u00e9ntrense en otra cosa\",\"datePublished\":\"2025-08-07T00:58:38+00:00\",\"mainEntityOfPage\":{\"@id\":\"https:\/\/potenciaradiofonicadominicana.com\/portal\/pepe-abreu-a-empresarios-olvidense-de-la-cesantia-y-concentrense-en-otra-cosa\/\"},\"wordCount\":485,\"publisher\":{\"@id\":\"https:\/\/potenciaradiofonicadominicana.com\/portal\/#organization\"},\"image\":{\"@id\":\"https:\/\/potenciaradiofonicadominicana.com\/portal\/pepe-abreu-a-empresarios-olvidense-de-la-cesantia-y-concentrense-en-otra-cosa\/#primaryimage\"},\"thumbnailUrl\":\"https:\/\/potenciaradiofonicadominicana.com\/portal\/wp-content\/uploads\/2025\/08\/Rafael-Pepe-Abreu-1.jpg\",\"articleSection\":[\"Econom\u00eda\"],\"inLanguage\":\"es\"},{\"@type\":\"WebPage\",\"@id\":\"https:\/\/potenciaradiofonicadominicana.com\/portal\/pepe-abreu-a-empresarios-olvidense-de-la-cesantia-y-concentrense-en-otra-cosa\/\",\"url\":\"https:\/\/potenciaradiofonicadominicana.com\/portal\/pepe-abreu-a-empresarios-olvidense-de-la-cesantia-y-concentrense-en-otra-cosa\/\",\"name\":\"Pepe Abreu a empresarios: Olv\u00eddense de la cesant\u00eda y conc\u00e9ntrense en otra cosa - PotenciaRadiofonicaDominicana.com\",\"isPartOf\":{\"@id\":\"https:\/\/potenciaradiofonicadominicana.com\/portal\/#website\"},\"primaryImageOfPage\":{\"@id\":\"https:\/\/potenciaradiofonicadominicana.com\/portal\/pepe-abreu-a-empresarios-olvidense-de-la-cesantia-y-concentrense-en-otra-cosa\/#primaryimage\"},\"image\":{\"@id\":\"https:\/\/potenciaradiofonicadominicana.com\/portal\/pepe-abreu-a-empresarios-olvidense-de-la-cesantia-y-concentrense-en-otra-cosa\/#primaryimage\"},\"thumbnailUrl\":\"https:\/\/potenciaradiofonicadominicana.com\/portal\/wp-content\/uploads\/2025\/08\/Rafael-Pepe-Abreu-1.jpg\",\"datePublished\":\"2025-08-07T00:58:38+00:00\",\"breadcrumb\":{\"@id\":\"https:\/\/potenciaradiofonicadominicana.com\/portal\/pepe-abreu-a-empresarios-olvidense-de-la-cesantia-y-concentrense-en-otra-cosa\/#breadcrumb\"},\"inLanguage\":\"es\",\"potentialAction\":[{\"@type\":\"ReadAction\",\"target\":[\"https:\/\/potenciaradiofonicadominicana.com\/portal\/pepe-abreu-a-empresarios-olvidense-de-la-cesantia-y-concentrense-en-otra-cosa\/\"]}]},{\"@type\":\"ImageObject\",\"inLanguage\":\"es\",\"@id\":\"https:\/\/potenciaradiofonicadominicana.com\/portal\/pepe-abreu-a-empresarios-olvidense-de-la-cesantia-y-concentrense-en-otra-cosa\/#primaryimage\",\"url\":\"https:\/\/potenciaradiofonicadominicana.com\/portal\/wp-content\/uploads\/2025\/08\/Rafael-Pepe-Abreu-1.jpg\",\"contentUrl\":\"https:\/\/potenciaradiofonicadominicana.com\/portal\/wp-content\/uploads\/2025\/08\/Rafael-Pepe-Abreu-1.jpg\",\"width\":900,\"height\":600},{\"@type\":\"BreadcrumbList\",\"@id\":\"https:\/\/potenciaradiofonicadominicana.com\/portal\/pepe-abreu-a-empresarios-olvidense-de-la-cesantia-y-concentrense-en-otra-cosa\/#breadcrumb\",\"itemListElement\":[{\"@type\":\"ListItem\",\"position\":1,\"name\":\"Portada\",\"item\":\"https:\/\/potenciaradiofonicadominicana.com\/portal\/\"},{\"@type\":\"ListItem\",\"position\":2,\"name\":\"Pepe Abreu a empresarios: Olv\u00eddense de la cesant\u00eda y conc\u00e9ntrense en otra cosa\"}]},{\"@type\":\"WebSite\",\"@id\":\"https:\/\/potenciaradiofonicadominicana.com\/portal\/#website\",\"url\":\"https:\/\/potenciaradiofonicadominicana.com\/portal\/\",\"name\":\"PotenciaRadiofonicaDominicana.com\",\"description\":\"Peri\u00f3dico Digital\",\"publisher\":{\"@id\":\"https:\/\/potenciaradiofonicadominicana.com\/portal\/#organization\"},\"potentialAction\":[{\"@type\":\"SearchAction\",\"target\":{\"@type\":\"EntryPoint\",\"urlTemplate\":\"https:\/\/potenciaradiofonicadominicana.com\/portal\/?s={search_term_string}\"},\"query-input\":{\"@type\":\"PropertyValueSpecification\",\"valueRequired\":true,\"valueName\":\"search_term_string\"}}],\"inLanguage\":\"es\"},{\"@type\":\"Organization\",\"@id\":\"https:\/\/potenciaradiofonicadominicana.com\/portal\/#organization\",\"name\":\"PotenciaRadiofonicaDominicana.com\",\"url\":\"https:\/\/potenciaradiofonicadominicana.com\/portal\/\",\"logo\":{\"@type\":\"ImageObject\",\"inLanguage\":\"es\",\"@id\":\"https:\/\/potenciaradiofonicadominicana.com\/portal\/#\/schema\/logo\/image\/\",\"url\":\"https:\/\/potenciaradiofonicadominicana.com\/portal\/wp-content\/uploads\/2022\/01\/descarga.png\",\"contentUrl\":\"https:\/\/potenciaradiofonicadominicana.com\/portal\/wp-content\/uploads\/2022\/01\/descarga.png\",\"width\":300,\"height\":100,\"caption\":\"PotenciaRadiofonicaDominicana.com\"},\"image\":{\"@id\":\"https:\/\/potenciaradiofonicadominicana.com\/portal\/#\/schema\/logo\/image\/\"},\"sameAs\":[\"https:\/\/web.facebook.com\/PotenciaRadiofonicaD\"]},{\"@type\":\"Person\",\"@id\":\"https:\/\/potenciaradiofonicadominicana.com\/portal\/#\/schema\/person\/a5cf1fea13877803ee0573ac18b03490\",\"name\":\"Potencia Radiof\u00f3nica Dominicana\",\"image\":{\"@type\":\"ImageObject\",\"inLanguage\":\"es\",\"@id\":\"https:\/\/potenciaradiofonicadominicana.com\/portal\/#\/schema\/person\/image\/\",\"url\":\"https:\/\/secure.gravatar.com\/avatar\/42a55ab9e8ccc656ba34cd791990602a?s=96&d=mm&r=g\",\"contentUrl\":\"https:\/\/secure.gravatar.com\/avatar\/42a55ab9e8ccc656ba34cd791990602a?s=96&d=mm&r=g\",\"caption\":\"Potencia Radiof\u00f3nica Dominicana\"},\"url\":\"https:\/\/potenciaradiofonicadominicana.com\/portal\/author\/johannyalmanzar\/\"}]}<\/script>\n<!-- \/ Yoast SEO plugin. -->","yoast_head_json":{"title":"Pepe Abreu a empresarios: Olv\u00eddense de la cesant\u00eda y conc\u00e9ntrense en otra cosa - PotenciaRadiofonicaDominicana.com","robots":{"index":"index","follow":"follow","max-snippet":"max-snippet:-1","max-image-preview":"max-image-preview:large","max-video-preview":"max-video-preview:-1"},"canonical":"https:\/\/potenciaradiofonicadominicana.com\/portal\/pepe-abreu-a-empresarios-olvidense-de-la-cesantia-y-concentrense-en-otra-cosa\/","og_locale":"es_ES","og_type":"article","og_title":"Pepe Abreu a empresarios: Olv\u00eddense de la cesant\u00eda y conc\u00e9ntrense en otra cosa - PotenciaRadiofonicaDominicana.com","og_description":"El presidente de la Confederaci\u00f3n Nacional de Unidad Sindical (CNUS), Rafael (Pepe) Abreu, advirti\u00f3 este mi\u00e9rcoles al sector empresarial que ...","og_url":"https:\/\/potenciaradiofonicadominicana.com\/portal\/pepe-abreu-a-empresarios-olvidense-de-la-cesantia-y-concentrense-en-otra-cosa\/","og_site_name":"PotenciaRadiofonicaDominicana.com","article_publisher":"https:\/\/web.facebook.com\/PotenciaRadiofonicaD","article_published_time":"2025-08-07T00:58:38+00:00","og_image":[{"width":900,"height":600,"url":"https:\/\/potenciaradiofonicadominicana.com\/portal\/wp-content\/uploads\/2025\/08\/Rafael-Pepe-Abreu-1.jpg","type":"image\/jpeg"}],"author":"Potencia Radiof\u00f3nica Dominicana","twitter_card":"summary_large_image","twitter_misc":{"Escrito por":"Potencia Radiof\u00f3nica Dominicana","Tiempo de lectura":"3 minutos"},"schema":{"@context":"https:\/\/schema.org","@graph":[{"@type":"Article","@id":"https:\/\/potenciaradiofonicadominicana.com\/portal\/pepe-abreu-a-empresarios-olvidense-de-la-cesantia-y-concentrense-en-otra-cosa\/#article","isPartOf":{"@id":"https:\/\/potenciaradiofonicadominicana.com\/portal\/pepe-abreu-a-empresarios-olvidense-de-la-cesantia-y-concentrense-en-otra-cosa\/"},"author":{"name":"Potencia Radiof\u00f3nica Dominicana","@id":"https:\/\/potenciaradiofonicadominicana.com\/portal\/#\/schema\/person\/a5cf1fea13877803ee0573ac18b03490"},"headline":"Pepe Abreu a empresarios: Olv\u00eddense de la cesant\u00eda y conc\u00e9ntrense en otra cosa","datePublished":"2025-08-07T00:58:38+00:00","mainEntityOfPage":{"@id":"https:\/\/potenciaradiofonicadominicana.com\/portal\/pepe-abreu-a-empresarios-olvidense-de-la-cesantia-y-concentrense-en-otra-cosa\/"},"wordCount":485,"publisher":{"@id":"https:\/\/potenciaradiofonicadominicana.com\/portal\/#organization"},"image":{"@id":"https:\/\/potenciaradiofonicadominicana.com\/portal\/pepe-abreu-a-empresarios-olvidense-de-la-cesantia-y-concentrense-en-otra-cosa\/#primaryimage"},"thumbnailUrl":"https:\/\/potenciaradiofonicadominicana.com\/portal\/wp-content\/uploads\/2025\/08\/Rafael-Pepe-Abreu-1.jpg","articleSection":["Econom\u00eda"],"inLanguage":"es"},{"@type":"WebPage","@id":"https:\/\/potenciaradiofonicadominicana.com\/portal\/pepe-abreu-a-empresarios-olvidense-de-la-cesantia-y-concentrense-en-otra-cosa\/","url":"https:\/\/potenciaradiofonicadominicana.com\/portal\/pepe-abreu-a-empresarios-olvidense-de-la-cesantia-y-concentrense-en-otra-cosa\/","name":"Pepe Abreu a empresarios: Olv\u00eddense de la cesant\u00eda y conc\u00e9ntrense en otra cosa - PotenciaRadiofonicaDominicana.com","isPartOf":{"@id":"https:\/\/potenciaradiofonicadominicana.com\/portal\/#website"},"primaryImageOfPage":{"@id":"https:\/\/potenciaradiofonicadominicana.com\/portal\/pepe-abreu-a-empresarios-olvidense-de-la-cesantia-y-concentrense-en-otra-cosa\/#primaryimage"},"image":{"@id":"https:\/\/potenciaradiofonicadominicana.com\/portal\/pepe-abreu-a-empresarios-olvidense-de-la-cesantia-y-concentrense-en-otra-cosa\/#primaryimage"},"thumbnailUrl":"https:\/\/potenciaradiofonicadominicana.com\/portal\/wp-content\/uploads\/2025\/08\/Rafael-Pepe-Abreu-1.jpg","datePublished":"2025-08-07T00:58:38+00:00","breadcrumb":{"@id":"https:\/\/potenciaradiofonicadominicana.com\/portal\/pepe-abreu-a-empresarios-olvidense-de-la-cesantia-y-concentrense-en-otra-cosa\/#breadcrumb"},"inLanguage":"es","potentialAction":[{"@type":"ReadAction","target":["https:\/\/potenciaradiofonicadominicana.com\/portal\/pepe-abreu-a-empresarios-olvidense-de-la-cesantia-y-concentrense-en-otra-cosa\/"]}]},{"@type":"ImageObject","inLanguage":"es","@id":"https:\/\/potenciaradiofonicadominicana.com\/portal\/pepe-abreu-a-empresarios-olvidense-de-la-cesantia-y-concentrense-en-otra-cosa\/#primaryimage","url":"https:\/\/potenciaradiofonicadominicana.com\/portal\/wp-content\/uploads\/2025\/08\/Rafael-Pepe-Abreu-1.jpg","contentUrl":"https:\/\/potenciaradiofonicadominicana.com\/portal\/wp-content\/uploads\/2025\/08\/Rafael-Pepe-Abreu-1.jpg","width":900,"height":600},{"@type":"BreadcrumbList","@id":"https:\/\/potenciaradiofonicadominicana.com\/portal\/pepe-abreu-a-empresarios-olvidense-de-la-cesantia-y-concentrense-en-otra-cosa\/#breadcrumb","itemListElement":[{"@type":"ListItem","position":1,"name":"Portada","item":"https:\/\/potenciaradiofonicadominicana.com\/portal\/"},{"@type":"ListItem","position":2,"name":"Pepe Abreu a empresarios: Olv\u00eddense de la cesant\u00eda y conc\u00e9ntrense en otra cosa"}]},{"@type":"WebSite","@id":"https:\/\/potenciaradiofonicadominicana.com\/portal\/#website","url":"https:\/\/potenciaradiofonicadominicana.com\/portal\/","name":"PotenciaRadiofonicaDominicana.com","description":"Peri\u00f3dico Digital","publisher":{"@id":"https:\/\/potenciaradiofonicadominicana.com\/portal\/#organization"},"potentialAction":[{"@type":"SearchAction","target":{"@type":"EntryPoint","urlTemplate":"https:\/\/potenciaradiofonicadominicana.com\/portal\/?s={search_term_string}"},"query-input":{"@type":"PropertyValueSpecification","valueRequired":true,"valueName":"search_term_string"}}],"inLanguage":"es"},{"@type":"Organization","@id":"https:\/\/potenciaradiofonicadominicana.com\/portal\/#organization","name":"PotenciaRadiofonicaDominicana.com","url":"https:\/\/potenciaradiofonicadominicana.com\/portal\/","logo":{"@type":"ImageObject","inLanguage":"es","@id":"https:\/\/potenciaradiofonicadominicana.com\/portal\/#\/schema\/logo\/image\/","url":"https:\/\/potenciaradiofonicadominicana.com\/portal\/wp-content\/uploads\/2022\/01\/descarga.png","contentUrl":"https:\/\/potenciaradiofonicadominicana.com\/portal\/wp-content\/uploads\/2022\/01\/descarga.png","width":300,"height":100,"caption":"PotenciaRadiofonicaDominicana.com"},"image":{"@id":"https:\/\/potenciaradiofonicadominicana.com\/portal\/#\/schema\/logo\/image\/"},"sameAs":["https:\/\/web.facebook.com\/PotenciaRadiofonicaD"]},{"@type":"Person","@id":"https:\/\/potenciaradiofonicadominicana.com\/portal\/#\/schema\/person\/a5cf1fea13877803ee0573ac18b03490","name":"Potencia Radiof\u00f3nica Dominicana","image":{"@type":"ImageObject","inLanguage":"es","@id":"https:\/\/potenciaradiofonicadominicana.com\/portal\/#\/schema\/person\/image\/","url":"https:\/\/secure.gravatar.com\/avatar\/42a55ab9e8ccc656ba34cd791990602a?s=96&d=mm&r=g","contentUrl":"https:\/\/secure.gravatar.com\/avatar\/42a55ab9e8ccc656ba34cd791990602a?s=96&d=mm&r=g","caption":"Potencia Radiof\u00f3nica Dominicana"},"url":"https:\/\/potenciaradiofonicadominicana.com\/portal\/author\/johannyalmanzar\/"}]}},"_links":{"self":[{"href":"https:\/\/potenciaradiofonicadominicana.com\/portal\/wp-json\/wp\/v2\/posts\/200047","targetHints":{"allow":["GET"]}}],"collection":[{"href":"https:\/\/potenciaradiofonicadominicana.com\/portal\/wp-json\/wp\/v2\/posts"}],"about":[{"href":"https:\/\/potenciaradiofonicadominicana.com\/portal\/wp-json\/wp\/v2\/types\/post"}],"author":[{"embeddable":true,"href":"https:\/\/potenciaradiofonicadominicana.com\/portal\/wp-json\/wp\/v2\/users\/2"}],"replies":[{"embeddable":true,"href":"https:\/\/potenciaradiofonicadominicana.com\/portal\/wp-json\/wp\/v2\/comments?post=200047"}],"version-history":[{"count":1,"href":"https:\/\/potenciaradiofonicadominicana.com\/portal\/wp-json\/wp\/v2\/posts\/200047\/revisions"}],"predecessor-version":[{"id":200049,"href":"https:\/\/potenciaradiofonicadominicana.com\/portal\/wp-json\/wp\/v2\/posts\/200047\/revisions\/200049"}],"wp:featuredmedia":[{"embeddable":true,"href":"https:\/\/potenciaradiofonicadominicana.com\/portal\/wp-json\/wp\/v2\/media\/200048"}],"wp:attachment":[{"href":"https:\/\/potenciaradiofonicadominicana.com\/portal\/wp-json\/wp\/v2\/media?parent=200047"}],"wp:term":[{"taxonomy":"category","embeddable":true,"href":"https:\/\/potenciaradiofonicadominicana.com\/portal\/wp-json\/wp\/v2\/categories?post=200047"},{"taxonomy":"post_tag","embeddable":true,"href":"https:\/\/potenciaradiofonicadominicana.com\/portal\/wp-json\/wp\/v2\/tags?post=200047"}],"curies":[{"name":"wp","href":"https:\/\/api.w.org\/{rel}","templated":true}]}}