{"id":199172,"date":"2025-07-30T22:28:09","date_gmt":"2025-07-31T02:28:09","guid":{"rendered":"https:\/\/potenciaradiofonicadominicana.com\/portal\/?p=199172"},"modified":"2025-07-30T22:28:09","modified_gmt":"2025-07-31T02:28:09","slug":"al-menos-siete-muertos-y-doce-heridos-en-un-ataque-armado-en-una-funeraria-en-guatemala","status":"publish","type":"post","link":"https:\/\/potenciaradiofonicadominicana.com\/portal\/al-menos-siete-muertos-y-doce-heridos-en-un-ataque-armado-en-una-funeraria-en-guatemala\/","title":{"rendered":"Al menos siete muertos y doce heridos en un ataque armado en una funeraria en Guatemala"},"content":{"rendered":"<p><a href=\"https:\/\/potenciaradiofonicadominicana.com\/portal\/wp-content\/uploads\/2025\/07\/masacre-funeraria-guatemala-efe-3a03fcb67378fdc7994bd6adc19e807e127fc624w-73cbaeb1.jpg\"><img loading=\"lazy\" decoding=\"async\" class=\"alignnone size-full wp-image-199174\" src=\"https:\/\/potenciaradiofonicadominicana.com\/portal\/wp-content\/uploads\/2025\/07\/masacre-funeraria-guatemala-efe-3a03fcb67378fdc7994bd6adc19e807e127fc624w-73cbaeb1.jpg\" alt=\"\" width=\"1920\" height=\"1280\" srcset=\"https:\/\/potenciaradiofonicadominicana.com\/portal\/wp-content\/uploads\/2025\/07\/masacre-funeraria-guatemala-efe-3a03fcb67378fdc7994bd6adc19e807e127fc624w-73cbaeb1.jpg 1920w, https:\/\/potenciaradiofonicadominicana.com\/portal\/wp-content\/uploads\/2025\/07\/masacre-funeraria-guatemala-efe-3a03fcb67378fdc7994bd6adc19e807e127fc624w-73cbaeb1-300x200.jpg 300w, https:\/\/potenciaradiofonicadominicana.com\/portal\/wp-content\/uploads\/2025\/07\/masacre-funeraria-guatemala-efe-3a03fcb67378fdc7994bd6adc19e807e127fc624w-73cbaeb1-1024x683.jpg 1024w, https:\/\/potenciaradiofonicadominicana.com\/portal\/wp-content\/uploads\/2025\/07\/masacre-funeraria-guatemala-efe-3a03fcb67378fdc7994bd6adc19e807e127fc624w-73cbaeb1-768x512.jpg 768w, https:\/\/potenciaradiofonicadominicana.com\/portal\/wp-content\/uploads\/2025\/07\/masacre-funeraria-guatemala-efe-3a03fcb67378fdc7994bd6adc19e807e127fc624w-73cbaeb1-1536x1024.jpg 1536w\" sizes=\"auto, (max-width: 1920px) 100vw, 1920px\" \/><\/a><\/p>\n<p>Al menos\u00a0siete personas murieron\u00a0y otras\u00a0doce resultaron heridas\u00a0de bala en un ataque registrado en la Ciudad de\u00a0Guatemala, perpetrado por presuntos\u00a0pandilleros\u00a0de la\u00a0Mara Salvatrucha\u00a0(MS) durante el velorio de un supuesto rival, informaron este mi\u00e9rcoles las autoridades.<\/p>\n<p>La\u00a0matanza\u00a0se produjo la madrugada de este mi\u00e9rcoles en una\u00a0funeraria\u00a0situada en la\u00a0Avenida Centroam\u00e9rica, en las cercan\u00edas del Centro Hist\u00f3rico de la capital guatemalteca, inform\u00f3 el portavoz de los\u00a0Bomberos Voluntarios, V\u00edctor G\u00f3mez.<\/p>\n<p>El funcionario explic\u00f3 que en el lugar del ataque \u00abquedaron 6 personas fallecidas\u00bb, y que los heridos fueron trasladados al\u00a0Hospital General San Juan de Dios, el m\u00e1s grande de\u00a0Guatemala, que est\u00e1 a pocos metros de la\u00a0funeraria.<\/p>\n<p>En ese centro asistencial\u00a0falleci\u00f3 uno de los baleados, explicaron fuentes del nosocomio p\u00fablico, lo que elev\u00f3 a siete el n\u00famero de\u00a0v\u00edctimas mortales. No se ha precisado sobre el estado del resto de los heridos.<\/p>\n<p>El ataque tuvo lugar cuando familiares y amigos velaban los restos del\u00a0mec\u00e1nico Jeiber Gabriel Vargas \u00c1vila, quien el pasado lunes fue\u00a0asesinado a tiros\u00a0en la capital guatemalteca.<\/p>\n<p>El\u00a0ministro de Gobernaci\u00f3n\u00a0(Interior),\u00a0Francisco Jim\u00e9nez, dijo en su cuenta oficial de X, que Vargas era un pandillero del Barrio 18 con\u00a0antecedentes penales.<\/p>\n<p>Dado el perfil que ten\u00eda Vargas \u00c1vila, el velatorio \u00abera de alto riesgo\u00bb consider\u00f3 el funcionario, y explic\u00f3 que debido a ello se destinaron varios\u00a0agentes para dar seguridad\u00a0a la\u00a0funeraria, pero estos se retiraron del lugar, situaci\u00f3n que aprovecharon los presuntos\u00a0pandilleros\u00a0rivales para cometer el ataque.<\/p>\n<p>Jim\u00e9nez manifest\u00f3 que el ataque fue perpetrado por\u00a0pandilleros\u00a0de la\u00a0Mara Salvatrucha\u00a0(MS), quienes irrumpieron en la\u00a0funeraria\u00a0y\u00a0dispararon en contra\u00a0de la familia y compa\u00f1eros del fallecido.<\/p>\n<p>\u00abEsto es inaceptable\u00bb, declar\u00f3 el ministro y\u00a0asegur\u00f3\u00a0que los agentes que se retiraron de la\u00a0funeraria\u00a0\u00abser\u00e1n\u00a0reconcentrados\u00a0e investigados por Inspector\u00eda General, y si hay responsabilidad, ser\u00e1n puestos inmediatamente a disposici\u00f3n de los tribunales\u00bb.<\/p>\n<p>De acuerdo con Jim\u00e9nez, \u00ablas\u00a0pandillas se est\u00e1n destruyendo\u00a0entre ellas. Este hecho no fue contra la sociedad trabajadora, sino resultado del c\u00e1ncer que las pandillas representan para el pa\u00eds. La respuesta de las fuerzas de seguridad ser\u00e1\u00a0r\u00e1pida, fuerte y contundente\u00bb, asegur\u00f3.<\/p>\n<p>Seg\u00fan la\u00a0organizaci\u00f3n no gubernamental\u00a0Centro de Investigaciones Econ\u00f3micas Nacionales\u00a0(Cien),\u00a0Guatemala\u00a0registr\u00f3\u00a02,869 asesinatos en 2024. La gran mayor\u00eda de ellos quedan en la impunidad, de acuerdo a diversas fuentes.<\/p>\n","protected":false},"excerpt":{"rendered":"<p>Al menos\u00a0siete personas murieron\u00a0y otras\u00a0doce resultaron heridas\u00a0de bala en un ataque registrado en la Ciudad de\u00a0Guatemala, perpetrado por presuntos\u00a0pandilleros\u00a0de la\u00a0Mara &#8230;<\/p>\n","protected":false},"author":2,"featured_media":199174,"comment_status":"closed","ping_status":"closed","sticky":false,"template":"","format":"standard","meta":{"footnotes":""},"categories":[30],"tags":[],"class_list":["post-199172","post","type-post","status-publish","format-standard","has-post-thumbnail","hentry","category-internacional"],"yoast_head":"<!-- This site is optimized with the Yoast SEO plugin v24.8.1 - https:\/\/yoast.com\/wordpress\/plugins\/seo\/ -->\n<title>Al menos siete muertos y doce heridos en un ataque armado en una funeraria en Guatemala - PotenciaRadiofonicaDominicana.com<\/title>\n<meta name=\"robots\" content=\"index, follow, max-snippet:-1, max-image-preview:large, max-video-preview:-1\" \/>\n<link rel=\"canonical\" href=\"https:\/\/potenciaradiofonicadominicana.com\/portal\/al-menos-siete-muertos-y-doce-heridos-en-un-ataque-armado-en-una-funeraria-en-guatemala\/\" \/>\n<meta property=\"og:locale\" content=\"es_ES\" \/>\n<meta property=\"og:type\" content=\"article\" \/>\n<meta property=\"og:title\" content=\"Al menos siete muertos y doce heridos en un ataque armado en una funeraria en Guatemala - PotenciaRadiofonicaDominicana.com\" \/>\n<meta property=\"og:description\" content=\"Al menos\u00a0siete personas murieron\u00a0y otras\u00a0doce resultaron heridas\u00a0de bala en un ataque registrado en la Ciudad de\u00a0Guatemala, perpetrado por presuntos\u00a0pandilleros\u00a0de la\u00a0Mara ...\" \/>\n<meta property=\"og:url\" content=\"https:\/\/potenciaradiofonicadominicana.com\/portal\/al-menos-siete-muertos-y-doce-heridos-en-un-ataque-armado-en-una-funeraria-en-guatemala\/\" \/>\n<meta property=\"og:site_name\" content=\"PotenciaRadiofonicaDominicana.com\" \/>\n<meta property=\"article:publisher\" content=\"https:\/\/web.facebook.com\/PotenciaRadiofonicaD\" \/>\n<meta property=\"article:published_time\" content=\"2025-07-31T02:28:09+00:00\" \/>\n<meta property=\"og:image\" content=\"https:\/\/potenciaradiofonicadominicana.com\/portal\/wp-content\/uploads\/2025\/07\/masacre-funeraria-guatemala-efe-3a03fcb67378fdc7994bd6adc19e807e127fc624w-73cbaeb1.jpg\" \/>\n\t<meta property=\"og:image:width\" content=\"1920\" \/>\n\t<meta property=\"og:image:height\" content=\"1280\" \/>\n\t<meta property=\"og:image:type\" content=\"image\/jpeg\" \/>\n<meta name=\"author\" content=\"Potencia Radiof\u00f3nica Dominicana\" \/>\n<meta name=\"twitter:card\" content=\"summary_large_image\" \/>\n<meta name=\"twitter:label1\" content=\"Escrito por\" \/>\n\t<meta name=\"twitter:data1\" content=\"Potencia Radiof\u00f3nica Dominicana\" \/>\n\t<meta name=\"twitter:label2\" content=\"Tiempo de lectura\" \/>\n\t<meta name=\"twitter:data2\" content=\"3 minutos\" \/>\n<script type=\"application\/ld+json\" class=\"yoast-schema-graph\">{\"@context\":\"https:\/\/schema.org\",\"@graph\":[{\"@type\":\"Article\",\"@id\":\"https:\/\/potenciaradiofonicadominicana.com\/portal\/al-menos-siete-muertos-y-doce-heridos-en-un-ataque-armado-en-una-funeraria-en-guatemala\/#article\",\"isPartOf\":{\"@id\":\"https:\/\/potenciaradiofonicadominicana.com\/portal\/al-menos-siete-muertos-y-doce-heridos-en-un-ataque-armado-en-una-funeraria-en-guatemala\/\"},\"author\":{\"name\":\"Potencia Radiof\u00f3nica Dominicana\",\"@id\":\"https:\/\/potenciaradiofonicadominicana.com\/portal\/#\/schema\/person\/a5cf1fea13877803ee0573ac18b03490\"},\"headline\":\"Al menos siete muertos y doce heridos en un ataque armado en una funeraria en Guatemala\",\"datePublished\":\"2025-07-31T02:28:09+00:00\",\"mainEntityOfPage\":{\"@id\":\"https:\/\/potenciaradiofonicadominicana.com\/portal\/al-menos-siete-muertos-y-doce-heridos-en-un-ataque-armado-en-una-funeraria-en-guatemala\/\"},\"wordCount\":439,\"publisher\":{\"@id\":\"https:\/\/potenciaradiofonicadominicana.com\/portal\/#organization\"},\"image\":{\"@id\":\"https:\/\/potenciaradiofonicadominicana.com\/portal\/al-menos-siete-muertos-y-doce-heridos-en-un-ataque-armado-en-una-funeraria-en-guatemala\/#primaryimage\"},\"thumbnailUrl\":\"https:\/\/potenciaradiofonicadominicana.com\/portal\/wp-content\/uploads\/2025\/07\/masacre-funeraria-guatemala-efe-3a03fcb67378fdc7994bd6adc19e807e127fc624w-73cbaeb1.jpg\",\"articleSection\":[\"Internacional\"],\"inLanguage\":\"es\"},{\"@type\":\"WebPage\",\"@id\":\"https:\/\/potenciaradiofonicadominicana.com\/portal\/al-menos-siete-muertos-y-doce-heridos-en-un-ataque-armado-en-una-funeraria-en-guatemala\/\",\"url\":\"https:\/\/potenciaradiofonicadominicana.com\/portal\/al-menos-siete-muertos-y-doce-heridos-en-un-ataque-armado-en-una-funeraria-en-guatemala\/\",\"name\":\"Al menos siete muertos y doce heridos en un ataque armado en una funeraria en Guatemala - PotenciaRadiofonicaDominicana.com\",\"isPartOf\":{\"@id\":\"https:\/\/potenciaradiofonicadominicana.com\/portal\/#website\"},\"primaryImageOfPage\":{\"@id\":\"https:\/\/potenciaradiofonicadominicana.com\/portal\/al-menos-siete-muertos-y-doce-heridos-en-un-ataque-armado-en-una-funeraria-en-guatemala\/#primaryimage\"},\"image\":{\"@id\":\"https:\/\/potenciaradiofonicadominicana.com\/portal\/al-menos-siete-muertos-y-doce-heridos-en-un-ataque-armado-en-una-funeraria-en-guatemala\/#primaryimage\"},\"thumbnailUrl\":\"https:\/\/potenciaradiofonicadominicana.com\/portal\/wp-content\/uploads\/2025\/07\/masacre-funeraria-guatemala-efe-3a03fcb67378fdc7994bd6adc19e807e127fc624w-73cbaeb1.jpg\",\"datePublished\":\"2025-07-31T02:28:09+00:00\",\"breadcrumb\":{\"@id\":\"https:\/\/potenciaradiofonicadominicana.com\/portal\/al-menos-siete-muertos-y-doce-heridos-en-un-ataque-armado-en-una-funeraria-en-guatemala\/#breadcrumb\"},\"inLanguage\":\"es\",\"potentialAction\":[{\"@type\":\"ReadAction\",\"target\":[\"https:\/\/potenciaradiofonicadominicana.com\/portal\/al-menos-siete-muertos-y-doce-heridos-en-un-ataque-armado-en-una-funeraria-en-guatemala\/\"]}]},{\"@type\":\"ImageObject\",\"inLanguage\":\"es\",\"@id\":\"https:\/\/potenciaradiofonicadominicana.com\/portal\/al-menos-siete-muertos-y-doce-heridos-en-un-ataque-armado-en-una-funeraria-en-guatemala\/#primaryimage\",\"url\":\"https:\/\/potenciaradiofonicadominicana.com\/portal\/wp-content\/uploads\/2025\/07\/masacre-funeraria-guatemala-efe-3a03fcb67378fdc7994bd6adc19e807e127fc624w-73cbaeb1.jpg\",\"contentUrl\":\"https:\/\/potenciaradiofonicadominicana.com\/portal\/wp-content\/uploads\/2025\/07\/masacre-funeraria-guatemala-efe-3a03fcb67378fdc7994bd6adc19e807e127fc624w-73cbaeb1.jpg\",\"width\":1920,\"height\":1280},{\"@type\":\"BreadcrumbList\",\"@id\":\"https:\/\/potenciaradiofonicadominicana.com\/portal\/al-menos-siete-muertos-y-doce-heridos-en-un-ataque-armado-en-una-funeraria-en-guatemala\/#breadcrumb\",\"itemListElement\":[{\"@type\":\"ListItem\",\"position\":1,\"name\":\"Portada\",\"item\":\"https:\/\/potenciaradiofonicadominicana.com\/portal\/\"},{\"@type\":\"ListItem\",\"position\":2,\"name\":\"Al menos siete muertos y doce heridos en un ataque armado en una funeraria en Guatemala\"}]},{\"@type\":\"WebSite\",\"@id\":\"https:\/\/potenciaradiofonicadominicana.com\/portal\/#website\",\"url\":\"https:\/\/potenciaradiofonicadominicana.com\/portal\/\",\"name\":\"PotenciaRadiofonicaDominicana.com\",\"description\":\"Peri\u00f3dico Digital\",\"publisher\":{\"@id\":\"https:\/\/potenciaradiofonicadominicana.com\/portal\/#organization\"},\"potentialAction\":[{\"@type\":\"SearchAction\",\"target\":{\"@type\":\"EntryPoint\",\"urlTemplate\":\"https:\/\/potenciaradiofonicadominicana.com\/portal\/?s={search_term_string}\"},\"query-input\":{\"@type\":\"PropertyValueSpecification\",\"valueRequired\":true,\"valueName\":\"search_term_string\"}}],\"inLanguage\":\"es\"},{\"@type\":\"Organization\",\"@id\":\"https:\/\/potenciaradiofonicadominicana.com\/portal\/#organization\",\"name\":\"PotenciaRadiofonicaDominicana.com\",\"url\":\"https:\/\/potenciaradiofonicadominicana.com\/portal\/\",\"logo\":{\"@type\":\"ImageObject\",\"inLanguage\":\"es\",\"@id\":\"https:\/\/potenciaradiofonicadominicana.com\/portal\/#\/schema\/logo\/image\/\",\"url\":\"https:\/\/potenciaradiofonicadominicana.com\/portal\/wp-content\/uploads\/2022\/01\/descarga.png\",\"contentUrl\":\"https:\/\/potenciaradiofonicadominicana.com\/portal\/wp-content\/uploads\/2022\/01\/descarga.png\",\"width\":300,\"height\":100,\"caption\":\"PotenciaRadiofonicaDominicana.com\"},\"image\":{\"@id\":\"https:\/\/potenciaradiofonicadominicana.com\/portal\/#\/schema\/logo\/image\/\"},\"sameAs\":[\"https:\/\/web.facebook.com\/PotenciaRadiofonicaD\"]},{\"@type\":\"Person\",\"@id\":\"https:\/\/potenciaradiofonicadominicana.com\/portal\/#\/schema\/person\/a5cf1fea13877803ee0573ac18b03490\",\"name\":\"Potencia Radiof\u00f3nica Dominicana\",\"image\":{\"@type\":\"ImageObject\",\"inLanguage\":\"es\",\"@id\":\"https:\/\/potenciaradiofonicadominicana.com\/portal\/#\/schema\/person\/image\/\",\"url\":\"https:\/\/secure.gravatar.com\/avatar\/42a55ab9e8ccc656ba34cd791990602a?s=96&d=mm&r=g\",\"contentUrl\":\"https:\/\/secure.gravatar.com\/avatar\/42a55ab9e8ccc656ba34cd791990602a?s=96&d=mm&r=g\",\"caption\":\"Potencia Radiof\u00f3nica Dominicana\"},\"url\":\"https:\/\/potenciaradiofonicadominicana.com\/portal\/author\/johannyalmanzar\/\"}]}<\/script>\n<!-- \/ Yoast SEO plugin. -->","yoast_head_json":{"title":"Al menos siete muertos y doce heridos en un ataque armado en una funeraria en Guatemala - PotenciaRadiofonicaDominicana.com","robots":{"index":"index","follow":"follow","max-snippet":"max-snippet:-1","max-image-preview":"max-image-preview:large","max-video-preview":"max-video-preview:-1"},"canonical":"https:\/\/potenciaradiofonicadominicana.com\/portal\/al-menos-siete-muertos-y-doce-heridos-en-un-ataque-armado-en-una-funeraria-en-guatemala\/","og_locale":"es_ES","og_type":"article","og_title":"Al menos siete muertos y doce heridos en un ataque armado en una funeraria en Guatemala - PotenciaRadiofonicaDominicana.com","og_description":"Al menos\u00a0siete personas murieron\u00a0y otras\u00a0doce resultaron heridas\u00a0de bala en un ataque registrado en la Ciudad de\u00a0Guatemala, perpetrado por presuntos\u00a0pandilleros\u00a0de la\u00a0Mara ...","og_url":"https:\/\/potenciaradiofonicadominicana.com\/portal\/al-menos-siete-muertos-y-doce-heridos-en-un-ataque-armado-en-una-funeraria-en-guatemala\/","og_site_name":"PotenciaRadiofonicaDominicana.com","article_publisher":"https:\/\/web.facebook.com\/PotenciaRadiofonicaD","article_published_time":"2025-07-31T02:28:09+00:00","og_image":[{"width":1920,"height":1280,"url":"https:\/\/potenciaradiofonicadominicana.com\/portal\/wp-content\/uploads\/2025\/07\/masacre-funeraria-guatemala-efe-3a03fcb67378fdc7994bd6adc19e807e127fc624w-73cbaeb1.jpg","type":"image\/jpeg"}],"author":"Potencia Radiof\u00f3nica Dominicana","twitter_card":"summary_large_image","twitter_misc":{"Escrito por":"Potencia Radiof\u00f3nica Dominicana","Tiempo de lectura":"3 minutos"},"schema":{"@context":"https:\/\/schema.org","@graph":[{"@type":"Article","@id":"https:\/\/potenciaradiofonicadominicana.com\/portal\/al-menos-siete-muertos-y-doce-heridos-en-un-ataque-armado-en-una-funeraria-en-guatemala\/#article","isPartOf":{"@id":"https:\/\/potenciaradiofonicadominicana.com\/portal\/al-menos-siete-muertos-y-doce-heridos-en-un-ataque-armado-en-una-funeraria-en-guatemala\/"},"author":{"name":"Potencia Radiof\u00f3nica Dominicana","@id":"https:\/\/potenciaradiofonicadominicana.com\/portal\/#\/schema\/person\/a5cf1fea13877803ee0573ac18b03490"},"headline":"Al menos siete muertos y doce heridos en un ataque armado en una funeraria en Guatemala","datePublished":"2025-07-31T02:28:09+00:00","mainEntityOfPage":{"@id":"https:\/\/potenciaradiofonicadominicana.com\/portal\/al-menos-siete-muertos-y-doce-heridos-en-un-ataque-armado-en-una-funeraria-en-guatemala\/"},"wordCount":439,"publisher":{"@id":"https:\/\/potenciaradiofonicadominicana.com\/portal\/#organization"},"image":{"@id":"https:\/\/potenciaradiofonicadominicana.com\/portal\/al-menos-siete-muertos-y-doce-heridos-en-un-ataque-armado-en-una-funeraria-en-guatemala\/#primaryimage"},"thumbnailUrl":"https:\/\/potenciaradiofonicadominicana.com\/portal\/wp-content\/uploads\/2025\/07\/masacre-funeraria-guatemala-efe-3a03fcb67378fdc7994bd6adc19e807e127fc624w-73cbaeb1.jpg","articleSection":["Internacional"],"inLanguage":"es"},{"@type":"WebPage","@id":"https:\/\/potenciaradiofonicadominicana.com\/portal\/al-menos-siete-muertos-y-doce-heridos-en-un-ataque-armado-en-una-funeraria-en-guatemala\/","url":"https:\/\/potenciaradiofonicadominicana.com\/portal\/al-menos-siete-muertos-y-doce-heridos-en-un-ataque-armado-en-una-funeraria-en-guatemala\/","name":"Al menos siete muertos y doce heridos en un ataque armado en una funeraria en Guatemala - PotenciaRadiofonicaDominicana.com","isPartOf":{"@id":"https:\/\/potenciaradiofonicadominicana.com\/portal\/#website"},"primaryImageOfPage":{"@id":"https:\/\/potenciaradiofonicadominicana.com\/portal\/al-menos-siete-muertos-y-doce-heridos-en-un-ataque-armado-en-una-funeraria-en-guatemala\/#primaryimage"},"image":{"@id":"https:\/\/potenciaradiofonicadominicana.com\/portal\/al-menos-siete-muertos-y-doce-heridos-en-un-ataque-armado-en-una-funeraria-en-guatemala\/#primaryimage"},"thumbnailUrl":"https:\/\/potenciaradiofonicadominicana.com\/portal\/wp-content\/uploads\/2025\/07\/masacre-funeraria-guatemala-efe-3a03fcb67378fdc7994bd6adc19e807e127fc624w-73cbaeb1.jpg","datePublished":"2025-07-31T02:28:09+00:00","breadcrumb":{"@id":"https:\/\/potenciaradiofonicadominicana.com\/portal\/al-menos-siete-muertos-y-doce-heridos-en-un-ataque-armado-en-una-funeraria-en-guatemala\/#breadcrumb"},"inLanguage":"es","potentialAction":[{"@type":"ReadAction","target":["https:\/\/potenciaradiofonicadominicana.com\/portal\/al-menos-siete-muertos-y-doce-heridos-en-un-ataque-armado-en-una-funeraria-en-guatemala\/"]}]},{"@type":"ImageObject","inLanguage":"es","@id":"https:\/\/potenciaradiofonicadominicana.com\/portal\/al-menos-siete-muertos-y-doce-heridos-en-un-ataque-armado-en-una-funeraria-en-guatemala\/#primaryimage","url":"https:\/\/potenciaradiofonicadominicana.com\/portal\/wp-content\/uploads\/2025\/07\/masacre-funeraria-guatemala-efe-3a03fcb67378fdc7994bd6adc19e807e127fc624w-73cbaeb1.jpg","contentUrl":"https:\/\/potenciaradiofonicadominicana.com\/portal\/wp-content\/uploads\/2025\/07\/masacre-funeraria-guatemala-efe-3a03fcb67378fdc7994bd6adc19e807e127fc624w-73cbaeb1.jpg","width":1920,"height":1280},{"@type":"BreadcrumbList","@id":"https:\/\/potenciaradiofonicadominicana.com\/portal\/al-menos-siete-muertos-y-doce-heridos-en-un-ataque-armado-en-una-funeraria-en-guatemala\/#breadcrumb","itemListElement":[{"@type":"ListItem","position":1,"name":"Portada","item":"https:\/\/potenciaradiofonicadominicana.com\/portal\/"},{"@type":"ListItem","position":2,"name":"Al menos siete muertos y doce heridos en un ataque armado en una funeraria en Guatemala"}]},{"@type":"WebSite","@id":"https:\/\/potenciaradiofonicadominicana.com\/portal\/#website","url":"https:\/\/potenciaradiofonicadominicana.com\/portal\/","name":"PotenciaRadiofonicaDominicana.com","description":"Peri\u00f3dico Digital","publisher":{"@id":"https:\/\/potenciaradiofonicadominicana.com\/portal\/#organization"},"potentialAction":[{"@type":"SearchAction","target":{"@type":"EntryPoint","urlTemplate":"https:\/\/potenciaradiofonicadominicana.com\/portal\/?s={search_term_string}"},"query-input":{"@type":"PropertyValueSpecification","valueRequired":true,"valueName":"search_term_string"}}],"inLanguage":"es"},{"@type":"Organization","@id":"https:\/\/potenciaradiofonicadominicana.com\/portal\/#organization","name":"PotenciaRadiofonicaDominicana.com","url":"https:\/\/potenciaradiofonicadominicana.com\/portal\/","logo":{"@type":"ImageObject","inLanguage":"es","@id":"https:\/\/potenciaradiofonicadominicana.com\/portal\/#\/schema\/logo\/image\/","url":"https:\/\/potenciaradiofonicadominicana.com\/portal\/wp-content\/uploads\/2022\/01\/descarga.png","contentUrl":"https:\/\/potenciaradiofonicadominicana.com\/portal\/wp-content\/uploads\/2022\/01\/descarga.png","width":300,"height":100,"caption":"PotenciaRadiofonicaDominicana.com"},"image":{"@id":"https:\/\/potenciaradiofonicadominicana.com\/portal\/#\/schema\/logo\/image\/"},"sameAs":["https:\/\/web.facebook.com\/PotenciaRadiofonicaD"]},{"@type":"Person","@id":"https:\/\/potenciaradiofonicadominicana.com\/portal\/#\/schema\/person\/a5cf1fea13877803ee0573ac18b03490","name":"Potencia Radiof\u00f3nica Dominicana","image":{"@type":"ImageObject","inLanguage":"es","@id":"https:\/\/potenciaradiofonicadominicana.com\/portal\/#\/schema\/person\/image\/","url":"https:\/\/secure.gravatar.com\/avatar\/42a55ab9e8ccc656ba34cd791990602a?s=96&d=mm&r=g","contentUrl":"https:\/\/secure.gravatar.com\/avatar\/42a55ab9e8ccc656ba34cd791990602a?s=96&d=mm&r=g","caption":"Potencia Radiof\u00f3nica Dominicana"},"url":"https:\/\/potenciaradiofonicadominicana.com\/portal\/author\/johannyalmanzar\/"}]}},"_links":{"self":[{"href":"https:\/\/potenciaradiofonicadominicana.com\/portal\/wp-json\/wp\/v2\/posts\/199172","targetHints":{"allow":["GET"]}}],"collection":[{"href":"https:\/\/potenciaradiofonicadominicana.com\/portal\/wp-json\/wp\/v2\/posts"}],"about":[{"href":"https:\/\/potenciaradiofonicadominicana.com\/portal\/wp-json\/wp\/v2\/types\/post"}],"author":[{"embeddable":true,"href":"https:\/\/potenciaradiofonicadominicana.com\/portal\/wp-json\/wp\/v2\/users\/2"}],"replies":[{"embeddable":true,"href":"https:\/\/potenciaradiofonicadominicana.com\/portal\/wp-json\/wp\/v2\/comments?post=199172"}],"version-history":[{"count":1,"href":"https:\/\/potenciaradiofonicadominicana.com\/portal\/wp-json\/wp\/v2\/posts\/199172\/revisions"}],"predecessor-version":[{"id":199177,"href":"https:\/\/potenciaradiofonicadominicana.com\/portal\/wp-json\/wp\/v2\/posts\/199172\/revisions\/199177"}],"wp:featuredmedia":[{"embeddable":true,"href":"https:\/\/potenciaradiofonicadominicana.com\/portal\/wp-json\/wp\/v2\/media\/199174"}],"wp:attachment":[{"href":"https:\/\/potenciaradiofonicadominicana.com\/portal\/wp-json\/wp\/v2\/media?parent=199172"}],"wp:term":[{"taxonomy":"category","embeddable":true,"href":"https:\/\/potenciaradiofonicadominicana.com\/portal\/wp-json\/wp\/v2\/categories?post=199172"},{"taxonomy":"post_tag","embeddable":true,"href":"https:\/\/potenciaradiofonicadominicana.com\/portal\/wp-json\/wp\/v2\/tags?post=199172"}],"curies":[{"name":"wp","href":"https:\/\/api.w.org\/{rel}","templated":true}]}}