{"id":199117,"date":"2025-07-30T21:58:11","date_gmt":"2025-07-31T01:58:11","guid":{"rendered":"https:\/\/potenciaradiofonicadominicana.com\/portal\/?p=199117"},"modified":"2025-07-30T21:58:11","modified_gmt":"2025-07-31T01:58:11","slug":"buenas-noticias-para-los-mets-rayos-x-a-juan-soto-descartan-lesion-osea","status":"publish","type":"post","link":"https:\/\/potenciaradiofonicadominicana.com\/portal\/buenas-noticias-para-los-mets-rayos-x-a-juan-soto-descartan-lesion-osea\/","title":{"rendered":"Buenas noticias para los Mets: rayos X a Juan Soto descartan lesi\u00f3n \u00f3sea"},"content":{"rendered":"<p><a href=\"https:\/\/potenciaradiofonicadominicana.com\/portal\/wp-content\/uploads\/2025\/07\/20250730111920-f588c3df-focus-min0.1-0.69-896-504.jpg\"><img loading=\"lazy\" decoding=\"async\" class=\"alignnone size-full wp-image-199118\" src=\"https:\/\/potenciaradiofonicadominicana.com\/portal\/wp-content\/uploads\/2025\/07\/20250730111920-f588c3df-focus-min0.1-0.69-896-504.jpg\" alt=\"\" width=\"896\" height=\"504\" srcset=\"https:\/\/potenciaradiofonicadominicana.com\/portal\/wp-content\/uploads\/2025\/07\/20250730111920-f588c3df-focus-min0.1-0.69-896-504.jpg 896w, https:\/\/potenciaradiofonicadominicana.com\/portal\/wp-content\/uploads\/2025\/07\/20250730111920-f588c3df-focus-min0.1-0.69-896-504-300x169.jpg 300w, https:\/\/potenciaradiofonicadominicana.com\/portal\/wp-content\/uploads\/2025\/07\/20250730111920-f588c3df-focus-min0.1-0.69-896-504-768x432.jpg 768w\" sizes=\"auto, (max-width: 896px) 100vw, 896px\" \/><\/a><\/p>\n<p>Los\u00a0Mets de Nueva York\u00a0siguen con atenci\u00f3n la condici\u00f3n f\u00edsica de su\u00a0estelar jardinero\u00a0Juan Soto, quien present\u00f3 molestias recientes y fue sometido a estudios m\u00e9dicos.<\/p>\n<p>El dirigente del equipo, Carlos\u00a0Mendoza, confirm\u00f3 que las\u00a0radiograf\u00edas\u00a0\u00absalieron negativas\u00bb, lo que descarta una lesi\u00f3n \u00f3sea, aunque aclar\u00f3 que Soto contin\u00faa \u00abun poco adolorido\u00bb.<\/p>\n<p>\u00abEs\u00a0d\u00eda a d\u00eda, y veremos c\u00f3mo est\u00e1 para ma\u00f1ana, si va a estar disponible para la alineaci\u00f3n o en alg\u00fan momento del juego\u00bb, explic\u00f3\u00a0Mendoza\u00a0al ser consultado por la prensa de los\u00a0Mets.<\/p>\n<p>El equipo no tiene previsto realizar nuevas im\u00e1genes por ahora. \u00abAcabo de hablar con los entrenadores y les hice la misma pregunta. \u00bfTenemos pensado hacer m\u00e1s estudios? Por ahora, la respuesta es no. Solo\u00a0radiograf\u00edas\u00a0y vamos a ver c\u00f3mo progresa,\u00a0d\u00eda a d\u00eda\u00bb, agreg\u00f3 el dirigente venezolano.<\/p>\n<p>Soto,\u00a0pieza clave\u00a0en el coraz\u00f3n del lineup, ha sido determinante en la\u00a0ofensiva metropolitana\u00a0durante la\u00a0temporada.<\/p>\n<p>Hasta la fecha, acumula una l\u00ednea ofensiva de .295 de promedio,\u00a025 jonrones, 62 impulsadas y un\u00a0OPS de .871, reafirmando su impacto como uno de los bates m\u00e1s consistentes de la\u00a0Liga Nacional.<\/p>\n<p>&nbsp;<\/p>\n<div id=\"detalle-parrafo\">\n<div class=\"mb-5 newsletter-article\">\n<div class=\"content\">\n<p>Lidera la\u00a0Liga Nacional\u00a0en\u00a0bases por bolas recibidas\u00a0con 84.<\/p>\n<p>La incertidumbre sobre su disponibilidad llega en un\u00a0momento crucial\u00a0para los\u00a0Mets, que luchan por escalar posiciones en la\u00a0Divisi\u00f3n Este\u00a0de la\u00a0Liga Nacional, donde cada victoria es vital para no perder pisada ante los Braves y los Phillies.<\/p>\n<p>En los pr\u00f3ximos d\u00edas, el equipo enfrentar\u00e1 una\u00a0serie importante\u00a0contra\u00a0rivales directos, lo que hace a\u00fan m\u00e1s valiosa la posible presencia del dominicano.<\/p>\n<p>Por ahora, el\u00a0club y su afici\u00f3n\u00a0cruzan los dedos,\u00a0esperando\u00a0que el dolor disminuya y\u00a0Soto pueda volver\u00a0al terreno sin complicaciones.<\/p>\n<\/div>\n<\/div>\n<\/div>\n","protected":false},"excerpt":{"rendered":"<p>Los\u00a0Mets de Nueva York\u00a0siguen con atenci\u00f3n la condici\u00f3n f\u00edsica de su\u00a0estelar jardinero\u00a0Juan Soto, quien present\u00f3 molestias recientes y fue sometido &#8230;<\/p>\n","protected":false},"author":2,"featured_media":199118,"comment_status":"closed","ping_status":"closed","sticky":false,"template":"","format":"standard","meta":{"footnotes":""},"categories":[28],"tags":[],"class_list":["post-199117","post","type-post","status-publish","format-standard","has-post-thumbnail","hentry","category-deportes"],"yoast_head":"<!-- This site is optimized with the Yoast SEO plugin v24.8.1 - https:\/\/yoast.com\/wordpress\/plugins\/seo\/ -->\n<title>Buenas noticias para los Mets: rayos X a Juan Soto descartan lesi\u00f3n \u00f3sea - PotenciaRadiofonicaDominicana.com<\/title>\n<meta name=\"robots\" content=\"index, follow, max-snippet:-1, max-image-preview:large, max-video-preview:-1\" \/>\n<link rel=\"canonical\" href=\"https:\/\/potenciaradiofonicadominicana.com\/portal\/buenas-noticias-para-los-mets-rayos-x-a-juan-soto-descartan-lesion-osea\/\" \/>\n<meta property=\"og:locale\" content=\"es_ES\" \/>\n<meta property=\"og:type\" content=\"article\" \/>\n<meta property=\"og:title\" content=\"Buenas noticias para los Mets: rayos X a Juan Soto descartan lesi\u00f3n \u00f3sea - PotenciaRadiofonicaDominicana.com\" \/>\n<meta property=\"og:description\" content=\"Los\u00a0Mets de Nueva York\u00a0siguen con atenci\u00f3n la condici\u00f3n f\u00edsica de su\u00a0estelar jardinero\u00a0Juan Soto, quien present\u00f3 molestias recientes y fue sometido ...\" \/>\n<meta property=\"og:url\" content=\"https:\/\/potenciaradiofonicadominicana.com\/portal\/buenas-noticias-para-los-mets-rayos-x-a-juan-soto-descartan-lesion-osea\/\" \/>\n<meta property=\"og:site_name\" content=\"PotenciaRadiofonicaDominicana.com\" \/>\n<meta property=\"article:publisher\" content=\"https:\/\/web.facebook.com\/PotenciaRadiofonicaD\" \/>\n<meta property=\"article:published_time\" content=\"2025-07-31T01:58:11+00:00\" \/>\n<meta property=\"og:image\" content=\"https:\/\/potenciaradiofonicadominicana.com\/portal\/wp-content\/uploads\/2025\/07\/20250730111920-f588c3df-focus-min0.1-0.69-896-504.jpg\" \/>\n\t<meta property=\"og:image:width\" content=\"896\" \/>\n\t<meta property=\"og:image:height\" content=\"504\" \/>\n\t<meta property=\"og:image:type\" content=\"image\/jpeg\" \/>\n<meta name=\"author\" content=\"Potencia Radiof\u00f3nica Dominicana\" \/>\n<meta name=\"twitter:card\" content=\"summary_large_image\" \/>\n<meta name=\"twitter:label1\" content=\"Escrito por\" \/>\n\t<meta name=\"twitter:data1\" content=\"Potencia Radiof\u00f3nica Dominicana\" \/>\n\t<meta name=\"twitter:label2\" content=\"Tiempo de lectura\" \/>\n\t<meta name=\"twitter:data2\" content=\"2 minutos\" \/>\n<script type=\"application\/ld+json\" class=\"yoast-schema-graph\">{\"@context\":\"https:\/\/schema.org\",\"@graph\":[{\"@type\":\"Article\",\"@id\":\"https:\/\/potenciaradiofonicadominicana.com\/portal\/buenas-noticias-para-los-mets-rayos-x-a-juan-soto-descartan-lesion-osea\/#article\",\"isPartOf\":{\"@id\":\"https:\/\/potenciaradiofonicadominicana.com\/portal\/buenas-noticias-para-los-mets-rayos-x-a-juan-soto-descartan-lesion-osea\/\"},\"author\":{\"name\":\"Potencia Radiof\u00f3nica Dominicana\",\"@id\":\"https:\/\/potenciaradiofonicadominicana.com\/portal\/#\/schema\/person\/a5cf1fea13877803ee0573ac18b03490\"},\"headline\":\"Buenas noticias para los Mets: rayos X a Juan Soto descartan lesi\u00f3n \u00f3sea\",\"datePublished\":\"2025-07-31T01:58:11+00:00\",\"mainEntityOfPage\":{\"@id\":\"https:\/\/potenciaradiofonicadominicana.com\/portal\/buenas-noticias-para-los-mets-rayos-x-a-juan-soto-descartan-lesion-osea\/\"},\"wordCount\":325,\"publisher\":{\"@id\":\"https:\/\/potenciaradiofonicadominicana.com\/portal\/#organization\"},\"image\":{\"@id\":\"https:\/\/potenciaradiofonicadominicana.com\/portal\/buenas-noticias-para-los-mets-rayos-x-a-juan-soto-descartan-lesion-osea\/#primaryimage\"},\"thumbnailUrl\":\"https:\/\/potenciaradiofonicadominicana.com\/portal\/wp-content\/uploads\/2025\/07\/20250730111920-f588c3df-focus-min0.1-0.69-896-504.jpg\",\"articleSection\":[\"Deportes\"],\"inLanguage\":\"es\"},{\"@type\":\"WebPage\",\"@id\":\"https:\/\/potenciaradiofonicadominicana.com\/portal\/buenas-noticias-para-los-mets-rayos-x-a-juan-soto-descartan-lesion-osea\/\",\"url\":\"https:\/\/potenciaradiofonicadominicana.com\/portal\/buenas-noticias-para-los-mets-rayos-x-a-juan-soto-descartan-lesion-osea\/\",\"name\":\"Buenas noticias para los Mets: rayos X a Juan Soto descartan lesi\u00f3n \u00f3sea - PotenciaRadiofonicaDominicana.com\",\"isPartOf\":{\"@id\":\"https:\/\/potenciaradiofonicadominicana.com\/portal\/#website\"},\"primaryImageOfPage\":{\"@id\":\"https:\/\/potenciaradiofonicadominicana.com\/portal\/buenas-noticias-para-los-mets-rayos-x-a-juan-soto-descartan-lesion-osea\/#primaryimage\"},\"image\":{\"@id\":\"https:\/\/potenciaradiofonicadominicana.com\/portal\/buenas-noticias-para-los-mets-rayos-x-a-juan-soto-descartan-lesion-osea\/#primaryimage\"},\"thumbnailUrl\":\"https:\/\/potenciaradiofonicadominicana.com\/portal\/wp-content\/uploads\/2025\/07\/20250730111920-f588c3df-focus-min0.1-0.69-896-504.jpg\",\"datePublished\":\"2025-07-31T01:58:11+00:00\",\"breadcrumb\":{\"@id\":\"https:\/\/potenciaradiofonicadominicana.com\/portal\/buenas-noticias-para-los-mets-rayos-x-a-juan-soto-descartan-lesion-osea\/#breadcrumb\"},\"inLanguage\":\"es\",\"potentialAction\":[{\"@type\":\"ReadAction\",\"target\":[\"https:\/\/potenciaradiofonicadominicana.com\/portal\/buenas-noticias-para-los-mets-rayos-x-a-juan-soto-descartan-lesion-osea\/\"]}]},{\"@type\":\"ImageObject\",\"inLanguage\":\"es\",\"@id\":\"https:\/\/potenciaradiofonicadominicana.com\/portal\/buenas-noticias-para-los-mets-rayos-x-a-juan-soto-descartan-lesion-osea\/#primaryimage\",\"url\":\"https:\/\/potenciaradiofonicadominicana.com\/portal\/wp-content\/uploads\/2025\/07\/20250730111920-f588c3df-focus-min0.1-0.69-896-504.jpg\",\"contentUrl\":\"https:\/\/potenciaradiofonicadominicana.com\/portal\/wp-content\/uploads\/2025\/07\/20250730111920-f588c3df-focus-min0.1-0.69-896-504.jpg\",\"width\":896,\"height\":504},{\"@type\":\"BreadcrumbList\",\"@id\":\"https:\/\/potenciaradiofonicadominicana.com\/portal\/buenas-noticias-para-los-mets-rayos-x-a-juan-soto-descartan-lesion-osea\/#breadcrumb\",\"itemListElement\":[{\"@type\":\"ListItem\",\"position\":1,\"name\":\"Portada\",\"item\":\"https:\/\/potenciaradiofonicadominicana.com\/portal\/\"},{\"@type\":\"ListItem\",\"position\":2,\"name\":\"Buenas noticias para los Mets: rayos X a Juan Soto descartan lesi\u00f3n \u00f3sea\"}]},{\"@type\":\"WebSite\",\"@id\":\"https:\/\/potenciaradiofonicadominicana.com\/portal\/#website\",\"url\":\"https:\/\/potenciaradiofonicadominicana.com\/portal\/\",\"name\":\"PotenciaRadiofonicaDominicana.com\",\"description\":\"Peri\u00f3dico Digital\",\"publisher\":{\"@id\":\"https:\/\/potenciaradiofonicadominicana.com\/portal\/#organization\"},\"potentialAction\":[{\"@type\":\"SearchAction\",\"target\":{\"@type\":\"EntryPoint\",\"urlTemplate\":\"https:\/\/potenciaradiofonicadominicana.com\/portal\/?s={search_term_string}\"},\"query-input\":{\"@type\":\"PropertyValueSpecification\",\"valueRequired\":true,\"valueName\":\"search_term_string\"}}],\"inLanguage\":\"es\"},{\"@type\":\"Organization\",\"@id\":\"https:\/\/potenciaradiofonicadominicana.com\/portal\/#organization\",\"name\":\"PotenciaRadiofonicaDominicana.com\",\"url\":\"https:\/\/potenciaradiofonicadominicana.com\/portal\/\",\"logo\":{\"@type\":\"ImageObject\",\"inLanguage\":\"es\",\"@id\":\"https:\/\/potenciaradiofonicadominicana.com\/portal\/#\/schema\/logo\/image\/\",\"url\":\"https:\/\/potenciaradiofonicadominicana.com\/portal\/wp-content\/uploads\/2022\/01\/descarga.png\",\"contentUrl\":\"https:\/\/potenciaradiofonicadominicana.com\/portal\/wp-content\/uploads\/2022\/01\/descarga.png\",\"width\":300,\"height\":100,\"caption\":\"PotenciaRadiofonicaDominicana.com\"},\"image\":{\"@id\":\"https:\/\/potenciaradiofonicadominicana.com\/portal\/#\/schema\/logo\/image\/\"},\"sameAs\":[\"https:\/\/web.facebook.com\/PotenciaRadiofonicaD\"]},{\"@type\":\"Person\",\"@id\":\"https:\/\/potenciaradiofonicadominicana.com\/portal\/#\/schema\/person\/a5cf1fea13877803ee0573ac18b03490\",\"name\":\"Potencia Radiof\u00f3nica Dominicana\",\"image\":{\"@type\":\"ImageObject\",\"inLanguage\":\"es\",\"@id\":\"https:\/\/potenciaradiofonicadominicana.com\/portal\/#\/schema\/person\/image\/\",\"url\":\"https:\/\/secure.gravatar.com\/avatar\/42a55ab9e8ccc656ba34cd791990602a?s=96&d=mm&r=g\",\"contentUrl\":\"https:\/\/secure.gravatar.com\/avatar\/42a55ab9e8ccc656ba34cd791990602a?s=96&d=mm&r=g\",\"caption\":\"Potencia Radiof\u00f3nica Dominicana\"},\"url\":\"https:\/\/potenciaradiofonicadominicana.com\/portal\/author\/johannyalmanzar\/\"}]}<\/script>\n<!-- \/ Yoast SEO plugin. -->","yoast_head_json":{"title":"Buenas noticias para los Mets: rayos X a Juan Soto descartan lesi\u00f3n \u00f3sea - PotenciaRadiofonicaDominicana.com","robots":{"index":"index","follow":"follow","max-snippet":"max-snippet:-1","max-image-preview":"max-image-preview:large","max-video-preview":"max-video-preview:-1"},"canonical":"https:\/\/potenciaradiofonicadominicana.com\/portal\/buenas-noticias-para-los-mets-rayos-x-a-juan-soto-descartan-lesion-osea\/","og_locale":"es_ES","og_type":"article","og_title":"Buenas noticias para los Mets: rayos X a Juan Soto descartan lesi\u00f3n \u00f3sea - PotenciaRadiofonicaDominicana.com","og_description":"Los\u00a0Mets de Nueva York\u00a0siguen con atenci\u00f3n la condici\u00f3n f\u00edsica de su\u00a0estelar jardinero\u00a0Juan Soto, quien present\u00f3 molestias recientes y fue sometido ...","og_url":"https:\/\/potenciaradiofonicadominicana.com\/portal\/buenas-noticias-para-los-mets-rayos-x-a-juan-soto-descartan-lesion-osea\/","og_site_name":"PotenciaRadiofonicaDominicana.com","article_publisher":"https:\/\/web.facebook.com\/PotenciaRadiofonicaD","article_published_time":"2025-07-31T01:58:11+00:00","og_image":[{"width":896,"height":504,"url":"https:\/\/potenciaradiofonicadominicana.com\/portal\/wp-content\/uploads\/2025\/07\/20250730111920-f588c3df-focus-min0.1-0.69-896-504.jpg","type":"image\/jpeg"}],"author":"Potencia Radiof\u00f3nica Dominicana","twitter_card":"summary_large_image","twitter_misc":{"Escrito por":"Potencia Radiof\u00f3nica Dominicana","Tiempo de lectura":"2 minutos"},"schema":{"@context":"https:\/\/schema.org","@graph":[{"@type":"Article","@id":"https:\/\/potenciaradiofonicadominicana.com\/portal\/buenas-noticias-para-los-mets-rayos-x-a-juan-soto-descartan-lesion-osea\/#article","isPartOf":{"@id":"https:\/\/potenciaradiofonicadominicana.com\/portal\/buenas-noticias-para-los-mets-rayos-x-a-juan-soto-descartan-lesion-osea\/"},"author":{"name":"Potencia Radiof\u00f3nica Dominicana","@id":"https:\/\/potenciaradiofonicadominicana.com\/portal\/#\/schema\/person\/a5cf1fea13877803ee0573ac18b03490"},"headline":"Buenas noticias para los Mets: rayos X a Juan Soto descartan lesi\u00f3n \u00f3sea","datePublished":"2025-07-31T01:58:11+00:00","mainEntityOfPage":{"@id":"https:\/\/potenciaradiofonicadominicana.com\/portal\/buenas-noticias-para-los-mets-rayos-x-a-juan-soto-descartan-lesion-osea\/"},"wordCount":325,"publisher":{"@id":"https:\/\/potenciaradiofonicadominicana.com\/portal\/#organization"},"image":{"@id":"https:\/\/potenciaradiofonicadominicana.com\/portal\/buenas-noticias-para-los-mets-rayos-x-a-juan-soto-descartan-lesion-osea\/#primaryimage"},"thumbnailUrl":"https:\/\/potenciaradiofonicadominicana.com\/portal\/wp-content\/uploads\/2025\/07\/20250730111920-f588c3df-focus-min0.1-0.69-896-504.jpg","articleSection":["Deportes"],"inLanguage":"es"},{"@type":"WebPage","@id":"https:\/\/potenciaradiofonicadominicana.com\/portal\/buenas-noticias-para-los-mets-rayos-x-a-juan-soto-descartan-lesion-osea\/","url":"https:\/\/potenciaradiofonicadominicana.com\/portal\/buenas-noticias-para-los-mets-rayos-x-a-juan-soto-descartan-lesion-osea\/","name":"Buenas noticias para los Mets: rayos X a Juan Soto descartan lesi\u00f3n \u00f3sea - PotenciaRadiofonicaDominicana.com","isPartOf":{"@id":"https:\/\/potenciaradiofonicadominicana.com\/portal\/#website"},"primaryImageOfPage":{"@id":"https:\/\/potenciaradiofonicadominicana.com\/portal\/buenas-noticias-para-los-mets-rayos-x-a-juan-soto-descartan-lesion-osea\/#primaryimage"},"image":{"@id":"https:\/\/potenciaradiofonicadominicana.com\/portal\/buenas-noticias-para-los-mets-rayos-x-a-juan-soto-descartan-lesion-osea\/#primaryimage"},"thumbnailUrl":"https:\/\/potenciaradiofonicadominicana.com\/portal\/wp-content\/uploads\/2025\/07\/20250730111920-f588c3df-focus-min0.1-0.69-896-504.jpg","datePublished":"2025-07-31T01:58:11+00:00","breadcrumb":{"@id":"https:\/\/potenciaradiofonicadominicana.com\/portal\/buenas-noticias-para-los-mets-rayos-x-a-juan-soto-descartan-lesion-osea\/#breadcrumb"},"inLanguage":"es","potentialAction":[{"@type":"ReadAction","target":["https:\/\/potenciaradiofonicadominicana.com\/portal\/buenas-noticias-para-los-mets-rayos-x-a-juan-soto-descartan-lesion-osea\/"]}]},{"@type":"ImageObject","inLanguage":"es","@id":"https:\/\/potenciaradiofonicadominicana.com\/portal\/buenas-noticias-para-los-mets-rayos-x-a-juan-soto-descartan-lesion-osea\/#primaryimage","url":"https:\/\/potenciaradiofonicadominicana.com\/portal\/wp-content\/uploads\/2025\/07\/20250730111920-f588c3df-focus-min0.1-0.69-896-504.jpg","contentUrl":"https:\/\/potenciaradiofonicadominicana.com\/portal\/wp-content\/uploads\/2025\/07\/20250730111920-f588c3df-focus-min0.1-0.69-896-504.jpg","width":896,"height":504},{"@type":"BreadcrumbList","@id":"https:\/\/potenciaradiofonicadominicana.com\/portal\/buenas-noticias-para-los-mets-rayos-x-a-juan-soto-descartan-lesion-osea\/#breadcrumb","itemListElement":[{"@type":"ListItem","position":1,"name":"Portada","item":"https:\/\/potenciaradiofonicadominicana.com\/portal\/"},{"@type":"ListItem","position":2,"name":"Buenas noticias para los Mets: rayos X a Juan Soto descartan lesi\u00f3n \u00f3sea"}]},{"@type":"WebSite","@id":"https:\/\/potenciaradiofonicadominicana.com\/portal\/#website","url":"https:\/\/potenciaradiofonicadominicana.com\/portal\/","name":"PotenciaRadiofonicaDominicana.com","description":"Peri\u00f3dico Digital","publisher":{"@id":"https:\/\/potenciaradiofonicadominicana.com\/portal\/#organization"},"potentialAction":[{"@type":"SearchAction","target":{"@type":"EntryPoint","urlTemplate":"https:\/\/potenciaradiofonicadominicana.com\/portal\/?s={search_term_string}"},"query-input":{"@type":"PropertyValueSpecification","valueRequired":true,"valueName":"search_term_string"}}],"inLanguage":"es"},{"@type":"Organization","@id":"https:\/\/potenciaradiofonicadominicana.com\/portal\/#organization","name":"PotenciaRadiofonicaDominicana.com","url":"https:\/\/potenciaradiofonicadominicana.com\/portal\/","logo":{"@type":"ImageObject","inLanguage":"es","@id":"https:\/\/potenciaradiofonicadominicana.com\/portal\/#\/schema\/logo\/image\/","url":"https:\/\/potenciaradiofonicadominicana.com\/portal\/wp-content\/uploads\/2022\/01\/descarga.png","contentUrl":"https:\/\/potenciaradiofonicadominicana.com\/portal\/wp-content\/uploads\/2022\/01\/descarga.png","width":300,"height":100,"caption":"PotenciaRadiofonicaDominicana.com"},"image":{"@id":"https:\/\/potenciaradiofonicadominicana.com\/portal\/#\/schema\/logo\/image\/"},"sameAs":["https:\/\/web.facebook.com\/PotenciaRadiofonicaD"]},{"@type":"Person","@id":"https:\/\/potenciaradiofonicadominicana.com\/portal\/#\/schema\/person\/a5cf1fea13877803ee0573ac18b03490","name":"Potencia Radiof\u00f3nica Dominicana","image":{"@type":"ImageObject","inLanguage":"es","@id":"https:\/\/potenciaradiofonicadominicana.com\/portal\/#\/schema\/person\/image\/","url":"https:\/\/secure.gravatar.com\/avatar\/42a55ab9e8ccc656ba34cd791990602a?s=96&d=mm&r=g","contentUrl":"https:\/\/secure.gravatar.com\/avatar\/42a55ab9e8ccc656ba34cd791990602a?s=96&d=mm&r=g","caption":"Potencia Radiof\u00f3nica Dominicana"},"url":"https:\/\/potenciaradiofonicadominicana.com\/portal\/author\/johannyalmanzar\/"}]}},"_links":{"self":[{"href":"https:\/\/potenciaradiofonicadominicana.com\/portal\/wp-json\/wp\/v2\/posts\/199117","targetHints":{"allow":["GET"]}}],"collection":[{"href":"https:\/\/potenciaradiofonicadominicana.com\/portal\/wp-json\/wp\/v2\/posts"}],"about":[{"href":"https:\/\/potenciaradiofonicadominicana.com\/portal\/wp-json\/wp\/v2\/types\/post"}],"author":[{"embeddable":true,"href":"https:\/\/potenciaradiofonicadominicana.com\/portal\/wp-json\/wp\/v2\/users\/2"}],"replies":[{"embeddable":true,"href":"https:\/\/potenciaradiofonicadominicana.com\/portal\/wp-json\/wp\/v2\/comments?post=199117"}],"version-history":[{"count":1,"href":"https:\/\/potenciaradiofonicadominicana.com\/portal\/wp-json\/wp\/v2\/posts\/199117\/revisions"}],"predecessor-version":[{"id":199120,"href":"https:\/\/potenciaradiofonicadominicana.com\/portal\/wp-json\/wp\/v2\/posts\/199117\/revisions\/199120"}],"wp:featuredmedia":[{"embeddable":true,"href":"https:\/\/potenciaradiofonicadominicana.com\/portal\/wp-json\/wp\/v2\/media\/199118"}],"wp:attachment":[{"href":"https:\/\/potenciaradiofonicadominicana.com\/portal\/wp-json\/wp\/v2\/media?parent=199117"}],"wp:term":[{"taxonomy":"category","embeddable":true,"href":"https:\/\/potenciaradiofonicadominicana.com\/portal\/wp-json\/wp\/v2\/categories?post=199117"},{"taxonomy":"post_tag","embeddable":true,"href":"https:\/\/potenciaradiofonicadominicana.com\/portal\/wp-json\/wp\/v2\/tags?post=199117"}],"curies":[{"name":"wp","href":"https:\/\/api.w.org\/{rel}","templated":true}]}}