{"id":199108,"date":"2025-07-30T21:52:57","date_gmt":"2025-07-31T01:52:57","guid":{"rendered":"https:\/\/potenciaradiofonicadominicana.com\/portal\/?p=199108"},"modified":"2025-07-30T21:52:57","modified_gmt":"2025-07-31T01:52:57","slug":"destinan-185-millones-de-euros-para-transformar-el-transporte-y-la-vida-urbana-en-rd","status":"publish","type":"post","link":"https:\/\/potenciaradiofonicadominicana.com\/portal\/destinan-185-millones-de-euros-para-transformar-el-transporte-y-la-vida-urbana-en-rd\/","title":{"rendered":"Destinan 185 millones de euros para transformar el transporte y la vida urbana en RD"},"content":{"rendered":"<p><a href=\"https:\/\/potenciaradiofonicadominicana.com\/portal\/wp-content\/uploads\/2025\/07\/Movilidad.webp\"><img loading=\"lazy\" decoding=\"async\" class=\"alignnone size-full wp-image-199109\" src=\"https:\/\/potenciaradiofonicadominicana.com\/portal\/wp-content\/uploads\/2025\/07\/Movilidad.webp\" alt=\"\" width=\"1080\" height=\"719\" srcset=\"https:\/\/potenciaradiofonicadominicana.com\/portal\/wp-content\/uploads\/2025\/07\/Movilidad.webp 1080w, https:\/\/potenciaradiofonicadominicana.com\/portal\/wp-content\/uploads\/2025\/07\/Movilidad-300x200.webp 300w, https:\/\/potenciaradiofonicadominicana.com\/portal\/wp-content\/uploads\/2025\/07\/Movilidad-1024x682.webp 1024w, https:\/\/potenciaradiofonicadominicana.com\/portal\/wp-content\/uploads\/2025\/07\/Movilidad-768x511.webp 768w\" sizes=\"auto, (max-width: 1080px) 100vw, 1080px\" \/><\/a><\/p>\n<p>Con una inversi\u00f3n de 185 millones de euros, la Uni\u00f3n Europea y Francia respaldan un ambicioso programa de transporte p\u00fablico que moderniza la infraestructura urbana, dinamiza la econom\u00eda y mejora la calidad de vida.<br \/>\nSanto Domingo.\u2013 Rep\u00fablica Dominicana avanza hacia un modelo de movilidad m\u00e1s eficiente, inclusivo y sostenible debido a una alianza estrat\u00e9gica con la Uni\u00f3n Europea y Francia.<\/p>\n<p>Con una inversi\u00f3n estimada de 185 millones de euros, el nuevo programa de transporte urbano no solo transforma la infraestructura vial de Santo Domingo y Santiago, sino que tambi\u00e9n apuesta por un impacto econ\u00f3mico de largo plazo y una mayor equidad social.<\/p>\n<p>La iniciativa, que forma parte de la estrategia europea Global Gateway, combina donaciones y financiamiento blando para desarrollar proyectos como el tren metropolitano, el tranv\u00eda, la expansi\u00f3n del metro y nuevas soluciones tecnol\u00f3gicas de integraci\u00f3n tarifaria.<\/p>\n<p>Lea tambi\u00e9n: Intrant quiere acabar con los tapones frente a los colegios<\/p>\n<p>Dichos proyectos buscan reducir la dependencia del transporte privado, conectar comunidades marginadas y hacer de las ciudades dominicanas entornos m\u00e1s productivos y habitables.<\/p>\n<p>Una inversi\u00f3n que conecta crecimiento y bienestar<\/p>\n<p>La embajadora de la Uni\u00f3n Europea en el pa\u00eds, Katja Afheldt, subray\u00f3 que esta nueva fase de cooperaci\u00f3n no es solo una inversi\u00f3n en infraestructura, sino una apuesta por la sostenibilidad del modelo econ\u00f3mico dominicano.<\/p>\n<p>Explic\u00f3 que al reducir tiempos de traslado y promover medios de transporte no contaminantes, se optimiza el rendimiento laboral, se dinamiza la productividad urbana y se ampl\u00edan las oportunidades de acceso a servicios b\u00e1sicos.<\/p>\n<p>A nivel social, expres\u00f3 que las nuevas rutas y sistemas de integraci\u00f3n tarifaria buscan una distribuci\u00f3n m\u00e1s equitativa del transporte p\u00fablico, integrando zonas marginadas al circuito econ\u00f3mico de las ciudades.<\/p>\n<p>\u201cEste compromiso responde a un modelo de desarrollo que coloca a las personas en el centro y reconoce el papel estrat\u00e9gico del transporte en la inclusi\u00f3n social\u201d, destac\u00f3 Afheldt.<\/p>\n<p>En esta etapa, dijo que la Uni\u00f3n Europea aporta 10 millones de euros en donaciones, destinados a estudios t\u00e9cnicos, dise\u00f1o de infraestructura, implementaci\u00f3n del sistema de billete \u00fanico, apoyo al Intrant en gesti\u00f3n tarifaria y respaldo a la expansi\u00f3n del sistema de transporte urbano sostenible en Santo Domingo y Santiago.<\/p>\n<p>Francia refuerza su rol como socio clave<\/p>\n<p>La embajadora de Francia, Sonia Barbry, confirm\u00f3 el respaldo firme de su pa\u00eds al plan dominicano de movilidad, destacando proyectos ya en marcha como la extensi\u00f3n de la l\u00ednea 2 del metro, la llegada de nuevos trenes, y la construcci\u00f3n del monorriel de Santiago y la l\u00ednea 3 del telef\u00e9rico de Santo Domingo.<\/p>\n<p>Adem\u00e1s, reiter\u00f3 el compromiso del presidente Emmanuel Macron para financiar el futuro tren metropolitano, reafirmado en su encuentro con el presidente Luis Abinader.<\/p>\n<p>Francia, a trav\u00e9s de la Agencia Francesa de Desarrollo (AFD), aporta 175 millones de euros en financiamiento, enfocados en la ejecuci\u00f3n de grandes proyectos de transporte masivo, en cooperaci\u00f3n directa con el Intrant, Fitram y Opret.<\/p>\n<p>\u201cEl programa AIMUS y sus nuevas fases reflejan una cooperaci\u00f3n estructural y estrat\u00e9gica\u201d, afirm\u00f3 Barbry. \u201cNo solo financiamos obras, sino que impulsamos herramientas como el Plan de Movilidad Urbana Sostenible, que ha guiado el desarrollo t\u00e9cnico y financiero del sistema de transporte del pa\u00eds\u201d.<\/p>\n<p>FITRAM: planificaci\u00f3n financiera con impacto real<\/p>\n<p>Desde la ejecuci\u00f3n t\u00e9cnica, el Fondo para el Desarrollo del Transporte Masivo (FITRAM) ha sido clave en los estudios y planificaci\u00f3n del tren metropolitano y el tranv\u00eda.<\/p>\n<p>Su director, Jhael Isa, explic\u00f3 que actualmente se desarrolla un segundo estudio de factibilidad para la fase 2 del Tren Metropolitano de Santo Domingo, que ampliar\u00eda la red hacia el este y el oeste del Gran Santo Domingo.<\/p>\n<p>\u201cQueremos que esta din\u00e1mica de movilidad se haga dentro de un sistema colectivo, no en veh\u00edculos particulares\u201d, expres\u00f3 Isa.<\/p>\n<p>FITRAM tambi\u00e9n lidera el an\u00e1lisis y dise\u00f1o del tranv\u00eda en la avenida Winston Churchill, con una segunda fase contemplada en la avenida Independencia, ambos incluidos como ejes troncales en el PEMUS.<\/p>\n<p>El enfoque es asegurar que cada peso invertido en transporte urbano est\u00e9 respaldado por estudios t\u00e9cnicos, an\u00e1lisis de impacto econ\u00f3mico y esquemas de financiamiento racionales que garanticen sostenibilidad a largo plazo.<\/p>\n","protected":false},"excerpt":{"rendered":"<p>Con una inversi\u00f3n de 185 millones de euros, la Uni\u00f3n Europea y Francia respaldan un ambicioso programa de transporte p\u00fablico &#8230;<\/p>\n","protected":false},"author":2,"featured_media":199109,"comment_status":"closed","ping_status":"closed","sticky":false,"template":"","format":"standard","meta":{"footnotes":""},"categories":[26],"tags":[],"class_list":["post-199108","post","type-post","status-publish","format-standard","has-post-thumbnail","hentry","category-economia"],"yoast_head":"<!-- This site is optimized with the Yoast SEO plugin v24.8.1 - https:\/\/yoast.com\/wordpress\/plugins\/seo\/ -->\n<title>Destinan 185 millones de euros para transformar el transporte y la vida urbana en RD - PotenciaRadiofonicaDominicana.com<\/title>\n<meta name=\"robots\" content=\"index, follow, max-snippet:-1, max-image-preview:large, max-video-preview:-1\" \/>\n<link rel=\"canonical\" href=\"https:\/\/potenciaradiofonicadominicana.com\/portal\/destinan-185-millones-de-euros-para-transformar-el-transporte-y-la-vida-urbana-en-rd\/\" \/>\n<meta property=\"og:locale\" content=\"es_ES\" \/>\n<meta property=\"og:type\" content=\"article\" \/>\n<meta property=\"og:title\" content=\"Destinan 185 millones de euros para transformar el transporte y la vida urbana en RD - PotenciaRadiofonicaDominicana.com\" \/>\n<meta property=\"og:description\" content=\"Con una inversi\u00f3n de 185 millones de euros, la Uni\u00f3n Europea y Francia respaldan un ambicioso programa de transporte p\u00fablico ...\" \/>\n<meta property=\"og:url\" content=\"https:\/\/potenciaradiofonicadominicana.com\/portal\/destinan-185-millones-de-euros-para-transformar-el-transporte-y-la-vida-urbana-en-rd\/\" \/>\n<meta property=\"og:site_name\" content=\"PotenciaRadiofonicaDominicana.com\" \/>\n<meta property=\"article:publisher\" content=\"https:\/\/web.facebook.com\/PotenciaRadiofonicaD\" \/>\n<meta property=\"article:published_time\" content=\"2025-07-31T01:52:57+00:00\" \/>\n<meta property=\"og:image\" content=\"https:\/\/potenciaradiofonicadominicana.com\/portal\/wp-content\/uploads\/2025\/07\/Movilidad.webp\" \/>\n\t<meta property=\"og:image:width\" content=\"1080\" \/>\n\t<meta property=\"og:image:height\" content=\"719\" \/>\n\t<meta property=\"og:image:type\" content=\"image\/webp\" \/>\n<meta name=\"author\" content=\"Potencia Radiof\u00f3nica Dominicana\" \/>\n<meta name=\"twitter:card\" content=\"summary_large_image\" \/>\n<meta name=\"twitter:label1\" content=\"Escrito por\" \/>\n\t<meta name=\"twitter:data1\" content=\"Potencia Radiof\u00f3nica Dominicana\" \/>\n\t<meta name=\"twitter:label2\" content=\"Tiempo de lectura\" \/>\n\t<meta name=\"twitter:data2\" content=\"4 minutos\" \/>\n<script type=\"application\/ld+json\" class=\"yoast-schema-graph\">{\"@context\":\"https:\/\/schema.org\",\"@graph\":[{\"@type\":\"Article\",\"@id\":\"https:\/\/potenciaradiofonicadominicana.com\/portal\/destinan-185-millones-de-euros-para-transformar-el-transporte-y-la-vida-urbana-en-rd\/#article\",\"isPartOf\":{\"@id\":\"https:\/\/potenciaradiofonicadominicana.com\/portal\/destinan-185-millones-de-euros-para-transformar-el-transporte-y-la-vida-urbana-en-rd\/\"},\"author\":{\"name\":\"Potencia Radiof\u00f3nica Dominicana\",\"@id\":\"https:\/\/potenciaradiofonicadominicana.com\/portal\/#\/schema\/person\/a5cf1fea13877803ee0573ac18b03490\"},\"headline\":\"Destinan 185 millones de euros para transformar el transporte y la vida urbana en RD\",\"datePublished\":\"2025-07-31T01:52:57+00:00\",\"mainEntityOfPage\":{\"@id\":\"https:\/\/potenciaradiofonicadominicana.com\/portal\/destinan-185-millones-de-euros-para-transformar-el-transporte-y-la-vida-urbana-en-rd\/\"},\"wordCount\":747,\"publisher\":{\"@id\":\"https:\/\/potenciaradiofonicadominicana.com\/portal\/#organization\"},\"image\":{\"@id\":\"https:\/\/potenciaradiofonicadominicana.com\/portal\/destinan-185-millones-de-euros-para-transformar-el-transporte-y-la-vida-urbana-en-rd\/#primaryimage\"},\"thumbnailUrl\":\"https:\/\/potenciaradiofonicadominicana.com\/portal\/wp-content\/uploads\/2025\/07\/Movilidad.webp\",\"articleSection\":[\"Econom\u00eda\"],\"inLanguage\":\"es\"},{\"@type\":\"WebPage\",\"@id\":\"https:\/\/potenciaradiofonicadominicana.com\/portal\/destinan-185-millones-de-euros-para-transformar-el-transporte-y-la-vida-urbana-en-rd\/\",\"url\":\"https:\/\/potenciaradiofonicadominicana.com\/portal\/destinan-185-millones-de-euros-para-transformar-el-transporte-y-la-vida-urbana-en-rd\/\",\"name\":\"Destinan 185 millones de euros para transformar el transporte y la vida urbana en RD - PotenciaRadiofonicaDominicana.com\",\"isPartOf\":{\"@id\":\"https:\/\/potenciaradiofonicadominicana.com\/portal\/#website\"},\"primaryImageOfPage\":{\"@id\":\"https:\/\/potenciaradiofonicadominicana.com\/portal\/destinan-185-millones-de-euros-para-transformar-el-transporte-y-la-vida-urbana-en-rd\/#primaryimage\"},\"image\":{\"@id\":\"https:\/\/potenciaradiofonicadominicana.com\/portal\/destinan-185-millones-de-euros-para-transformar-el-transporte-y-la-vida-urbana-en-rd\/#primaryimage\"},\"thumbnailUrl\":\"https:\/\/potenciaradiofonicadominicana.com\/portal\/wp-content\/uploads\/2025\/07\/Movilidad.webp\",\"datePublished\":\"2025-07-31T01:52:57+00:00\",\"breadcrumb\":{\"@id\":\"https:\/\/potenciaradiofonicadominicana.com\/portal\/destinan-185-millones-de-euros-para-transformar-el-transporte-y-la-vida-urbana-en-rd\/#breadcrumb\"},\"inLanguage\":\"es\",\"potentialAction\":[{\"@type\":\"ReadAction\",\"target\":[\"https:\/\/potenciaradiofonicadominicana.com\/portal\/destinan-185-millones-de-euros-para-transformar-el-transporte-y-la-vida-urbana-en-rd\/\"]}]},{\"@type\":\"ImageObject\",\"inLanguage\":\"es\",\"@id\":\"https:\/\/potenciaradiofonicadominicana.com\/portal\/destinan-185-millones-de-euros-para-transformar-el-transporte-y-la-vida-urbana-en-rd\/#primaryimage\",\"url\":\"https:\/\/potenciaradiofonicadominicana.com\/portal\/wp-content\/uploads\/2025\/07\/Movilidad.webp\",\"contentUrl\":\"https:\/\/potenciaradiofonicadominicana.com\/portal\/wp-content\/uploads\/2025\/07\/Movilidad.webp\",\"width\":1080,\"height\":719},{\"@type\":\"BreadcrumbList\",\"@id\":\"https:\/\/potenciaradiofonicadominicana.com\/portal\/destinan-185-millones-de-euros-para-transformar-el-transporte-y-la-vida-urbana-en-rd\/#breadcrumb\",\"itemListElement\":[{\"@type\":\"ListItem\",\"position\":1,\"name\":\"Portada\",\"item\":\"https:\/\/potenciaradiofonicadominicana.com\/portal\/\"},{\"@type\":\"ListItem\",\"position\":2,\"name\":\"Destinan 185 millones de euros para transformar el transporte y la vida urbana en RD\"}]},{\"@type\":\"WebSite\",\"@id\":\"https:\/\/potenciaradiofonicadominicana.com\/portal\/#website\",\"url\":\"https:\/\/potenciaradiofonicadominicana.com\/portal\/\",\"name\":\"PotenciaRadiofonicaDominicana.com\",\"description\":\"Peri\u00f3dico Digital\",\"publisher\":{\"@id\":\"https:\/\/potenciaradiofonicadominicana.com\/portal\/#organization\"},\"potentialAction\":[{\"@type\":\"SearchAction\",\"target\":{\"@type\":\"EntryPoint\",\"urlTemplate\":\"https:\/\/potenciaradiofonicadominicana.com\/portal\/?s={search_term_string}\"},\"query-input\":{\"@type\":\"PropertyValueSpecification\",\"valueRequired\":true,\"valueName\":\"search_term_string\"}}],\"inLanguage\":\"es\"},{\"@type\":\"Organization\",\"@id\":\"https:\/\/potenciaradiofonicadominicana.com\/portal\/#organization\",\"name\":\"PotenciaRadiofonicaDominicana.com\",\"url\":\"https:\/\/potenciaradiofonicadominicana.com\/portal\/\",\"logo\":{\"@type\":\"ImageObject\",\"inLanguage\":\"es\",\"@id\":\"https:\/\/potenciaradiofonicadominicana.com\/portal\/#\/schema\/logo\/image\/\",\"url\":\"https:\/\/potenciaradiofonicadominicana.com\/portal\/wp-content\/uploads\/2022\/01\/descarga.png\",\"contentUrl\":\"https:\/\/potenciaradiofonicadominicana.com\/portal\/wp-content\/uploads\/2022\/01\/descarga.png\",\"width\":300,\"height\":100,\"caption\":\"PotenciaRadiofonicaDominicana.com\"},\"image\":{\"@id\":\"https:\/\/potenciaradiofonicadominicana.com\/portal\/#\/schema\/logo\/image\/\"},\"sameAs\":[\"https:\/\/web.facebook.com\/PotenciaRadiofonicaD\"]},{\"@type\":\"Person\",\"@id\":\"https:\/\/potenciaradiofonicadominicana.com\/portal\/#\/schema\/person\/a5cf1fea13877803ee0573ac18b03490\",\"name\":\"Potencia Radiof\u00f3nica Dominicana\",\"image\":{\"@type\":\"ImageObject\",\"inLanguage\":\"es\",\"@id\":\"https:\/\/potenciaradiofonicadominicana.com\/portal\/#\/schema\/person\/image\/\",\"url\":\"https:\/\/secure.gravatar.com\/avatar\/42a55ab9e8ccc656ba34cd791990602a?s=96&d=mm&r=g\",\"contentUrl\":\"https:\/\/secure.gravatar.com\/avatar\/42a55ab9e8ccc656ba34cd791990602a?s=96&d=mm&r=g\",\"caption\":\"Potencia Radiof\u00f3nica Dominicana\"},\"url\":\"https:\/\/potenciaradiofonicadominicana.com\/portal\/author\/johannyalmanzar\/\"}]}<\/script>\n<!-- \/ Yoast SEO plugin. -->","yoast_head_json":{"title":"Destinan 185 millones de euros para transformar el transporte y la vida urbana en RD - PotenciaRadiofonicaDominicana.com","robots":{"index":"index","follow":"follow","max-snippet":"max-snippet:-1","max-image-preview":"max-image-preview:large","max-video-preview":"max-video-preview:-1"},"canonical":"https:\/\/potenciaradiofonicadominicana.com\/portal\/destinan-185-millones-de-euros-para-transformar-el-transporte-y-la-vida-urbana-en-rd\/","og_locale":"es_ES","og_type":"article","og_title":"Destinan 185 millones de euros para transformar el transporte y la vida urbana en RD - PotenciaRadiofonicaDominicana.com","og_description":"Con una inversi\u00f3n de 185 millones de euros, la Uni\u00f3n Europea y Francia respaldan un ambicioso programa de transporte p\u00fablico ...","og_url":"https:\/\/potenciaradiofonicadominicana.com\/portal\/destinan-185-millones-de-euros-para-transformar-el-transporte-y-la-vida-urbana-en-rd\/","og_site_name":"PotenciaRadiofonicaDominicana.com","article_publisher":"https:\/\/web.facebook.com\/PotenciaRadiofonicaD","article_published_time":"2025-07-31T01:52:57+00:00","og_image":[{"width":1080,"height":719,"url":"https:\/\/potenciaradiofonicadominicana.com\/portal\/wp-content\/uploads\/2025\/07\/Movilidad.webp","type":"image\/webp"}],"author":"Potencia Radiof\u00f3nica Dominicana","twitter_card":"summary_large_image","twitter_misc":{"Escrito por":"Potencia Radiof\u00f3nica Dominicana","Tiempo de lectura":"4 minutos"},"schema":{"@context":"https:\/\/schema.org","@graph":[{"@type":"Article","@id":"https:\/\/potenciaradiofonicadominicana.com\/portal\/destinan-185-millones-de-euros-para-transformar-el-transporte-y-la-vida-urbana-en-rd\/#article","isPartOf":{"@id":"https:\/\/potenciaradiofonicadominicana.com\/portal\/destinan-185-millones-de-euros-para-transformar-el-transporte-y-la-vida-urbana-en-rd\/"},"author":{"name":"Potencia Radiof\u00f3nica Dominicana","@id":"https:\/\/potenciaradiofonicadominicana.com\/portal\/#\/schema\/person\/a5cf1fea13877803ee0573ac18b03490"},"headline":"Destinan 185 millones de euros para transformar el transporte y la vida urbana en RD","datePublished":"2025-07-31T01:52:57+00:00","mainEntityOfPage":{"@id":"https:\/\/potenciaradiofonicadominicana.com\/portal\/destinan-185-millones-de-euros-para-transformar-el-transporte-y-la-vida-urbana-en-rd\/"},"wordCount":747,"publisher":{"@id":"https:\/\/potenciaradiofonicadominicana.com\/portal\/#organization"},"image":{"@id":"https:\/\/potenciaradiofonicadominicana.com\/portal\/destinan-185-millones-de-euros-para-transformar-el-transporte-y-la-vida-urbana-en-rd\/#primaryimage"},"thumbnailUrl":"https:\/\/potenciaradiofonicadominicana.com\/portal\/wp-content\/uploads\/2025\/07\/Movilidad.webp","articleSection":["Econom\u00eda"],"inLanguage":"es"},{"@type":"WebPage","@id":"https:\/\/potenciaradiofonicadominicana.com\/portal\/destinan-185-millones-de-euros-para-transformar-el-transporte-y-la-vida-urbana-en-rd\/","url":"https:\/\/potenciaradiofonicadominicana.com\/portal\/destinan-185-millones-de-euros-para-transformar-el-transporte-y-la-vida-urbana-en-rd\/","name":"Destinan 185 millones de euros para transformar el transporte y la vida urbana en RD - PotenciaRadiofonicaDominicana.com","isPartOf":{"@id":"https:\/\/potenciaradiofonicadominicana.com\/portal\/#website"},"primaryImageOfPage":{"@id":"https:\/\/potenciaradiofonicadominicana.com\/portal\/destinan-185-millones-de-euros-para-transformar-el-transporte-y-la-vida-urbana-en-rd\/#primaryimage"},"image":{"@id":"https:\/\/potenciaradiofonicadominicana.com\/portal\/destinan-185-millones-de-euros-para-transformar-el-transporte-y-la-vida-urbana-en-rd\/#primaryimage"},"thumbnailUrl":"https:\/\/potenciaradiofonicadominicana.com\/portal\/wp-content\/uploads\/2025\/07\/Movilidad.webp","datePublished":"2025-07-31T01:52:57+00:00","breadcrumb":{"@id":"https:\/\/potenciaradiofonicadominicana.com\/portal\/destinan-185-millones-de-euros-para-transformar-el-transporte-y-la-vida-urbana-en-rd\/#breadcrumb"},"inLanguage":"es","potentialAction":[{"@type":"ReadAction","target":["https:\/\/potenciaradiofonicadominicana.com\/portal\/destinan-185-millones-de-euros-para-transformar-el-transporte-y-la-vida-urbana-en-rd\/"]}]},{"@type":"ImageObject","inLanguage":"es","@id":"https:\/\/potenciaradiofonicadominicana.com\/portal\/destinan-185-millones-de-euros-para-transformar-el-transporte-y-la-vida-urbana-en-rd\/#primaryimage","url":"https:\/\/potenciaradiofonicadominicana.com\/portal\/wp-content\/uploads\/2025\/07\/Movilidad.webp","contentUrl":"https:\/\/potenciaradiofonicadominicana.com\/portal\/wp-content\/uploads\/2025\/07\/Movilidad.webp","width":1080,"height":719},{"@type":"BreadcrumbList","@id":"https:\/\/potenciaradiofonicadominicana.com\/portal\/destinan-185-millones-de-euros-para-transformar-el-transporte-y-la-vida-urbana-en-rd\/#breadcrumb","itemListElement":[{"@type":"ListItem","position":1,"name":"Portada","item":"https:\/\/potenciaradiofonicadominicana.com\/portal\/"},{"@type":"ListItem","position":2,"name":"Destinan 185 millones de euros para transformar el transporte y la vida urbana en RD"}]},{"@type":"WebSite","@id":"https:\/\/potenciaradiofonicadominicana.com\/portal\/#website","url":"https:\/\/potenciaradiofonicadominicana.com\/portal\/","name":"PotenciaRadiofonicaDominicana.com","description":"Peri\u00f3dico Digital","publisher":{"@id":"https:\/\/potenciaradiofonicadominicana.com\/portal\/#organization"},"potentialAction":[{"@type":"SearchAction","target":{"@type":"EntryPoint","urlTemplate":"https:\/\/potenciaradiofonicadominicana.com\/portal\/?s={search_term_string}"},"query-input":{"@type":"PropertyValueSpecification","valueRequired":true,"valueName":"search_term_string"}}],"inLanguage":"es"},{"@type":"Organization","@id":"https:\/\/potenciaradiofonicadominicana.com\/portal\/#organization","name":"PotenciaRadiofonicaDominicana.com","url":"https:\/\/potenciaradiofonicadominicana.com\/portal\/","logo":{"@type":"ImageObject","inLanguage":"es","@id":"https:\/\/potenciaradiofonicadominicana.com\/portal\/#\/schema\/logo\/image\/","url":"https:\/\/potenciaradiofonicadominicana.com\/portal\/wp-content\/uploads\/2022\/01\/descarga.png","contentUrl":"https:\/\/potenciaradiofonicadominicana.com\/portal\/wp-content\/uploads\/2022\/01\/descarga.png","width":300,"height":100,"caption":"PotenciaRadiofonicaDominicana.com"},"image":{"@id":"https:\/\/potenciaradiofonicadominicana.com\/portal\/#\/schema\/logo\/image\/"},"sameAs":["https:\/\/web.facebook.com\/PotenciaRadiofonicaD"]},{"@type":"Person","@id":"https:\/\/potenciaradiofonicadominicana.com\/portal\/#\/schema\/person\/a5cf1fea13877803ee0573ac18b03490","name":"Potencia Radiof\u00f3nica Dominicana","image":{"@type":"ImageObject","inLanguage":"es","@id":"https:\/\/potenciaradiofonicadominicana.com\/portal\/#\/schema\/person\/image\/","url":"https:\/\/secure.gravatar.com\/avatar\/42a55ab9e8ccc656ba34cd791990602a?s=96&d=mm&r=g","contentUrl":"https:\/\/secure.gravatar.com\/avatar\/42a55ab9e8ccc656ba34cd791990602a?s=96&d=mm&r=g","caption":"Potencia Radiof\u00f3nica Dominicana"},"url":"https:\/\/potenciaradiofonicadominicana.com\/portal\/author\/johannyalmanzar\/"}]}},"_links":{"self":[{"href":"https:\/\/potenciaradiofonicadominicana.com\/portal\/wp-json\/wp\/v2\/posts\/199108","targetHints":{"allow":["GET"]}}],"collection":[{"href":"https:\/\/potenciaradiofonicadominicana.com\/portal\/wp-json\/wp\/v2\/posts"}],"about":[{"href":"https:\/\/potenciaradiofonicadominicana.com\/portal\/wp-json\/wp\/v2\/types\/post"}],"author":[{"embeddable":true,"href":"https:\/\/potenciaradiofonicadominicana.com\/portal\/wp-json\/wp\/v2\/users\/2"}],"replies":[{"embeddable":true,"href":"https:\/\/potenciaradiofonicadominicana.com\/portal\/wp-json\/wp\/v2\/comments?post=199108"}],"version-history":[{"count":1,"href":"https:\/\/potenciaradiofonicadominicana.com\/portal\/wp-json\/wp\/v2\/posts\/199108\/revisions"}],"predecessor-version":[{"id":199111,"href":"https:\/\/potenciaradiofonicadominicana.com\/portal\/wp-json\/wp\/v2\/posts\/199108\/revisions\/199111"}],"wp:featuredmedia":[{"embeddable":true,"href":"https:\/\/potenciaradiofonicadominicana.com\/portal\/wp-json\/wp\/v2\/media\/199109"}],"wp:attachment":[{"href":"https:\/\/potenciaradiofonicadominicana.com\/portal\/wp-json\/wp\/v2\/media?parent=199108"}],"wp:term":[{"taxonomy":"category","embeddable":true,"href":"https:\/\/potenciaradiofonicadominicana.com\/portal\/wp-json\/wp\/v2\/categories?post=199108"},{"taxonomy":"post_tag","embeddable":true,"href":"https:\/\/potenciaradiofonicadominicana.com\/portal\/wp-json\/wp\/v2\/tags?post=199108"}],"curies":[{"name":"wp","href":"https:\/\/api.w.org\/{rel}","templated":true}]}}