{"id":198910,"date":"2025-07-29T22:07:28","date_gmt":"2025-07-30T02:07:28","guid":{"rendered":"https:\/\/potenciaradiofonicadominicana.com\/portal\/?p=198910"},"modified":"2025-07-29T22:07:28","modified_gmt":"2025-07-30T02:07:28","slug":"exportaciones-2025-oro-y-cacao-redibujan-el-mapa-comercial-del-pais","status":"publish","type":"post","link":"https:\/\/potenciaradiofonicadominicana.com\/portal\/exportaciones-2025-oro-y-cacao-redibujan-el-mapa-comercial-del-pais\/","title":{"rendered":"Exportaciones 2025: Oro y cacao redibujan el mapa comercial del pa\u00eds"},"content":{"rendered":"<p><a href=\"https:\/\/potenciaradiofonicadominicana.com\/portal\/wp-content\/uploads\/2025\/07\/oro-y-cacao.webp\"><img loading=\"lazy\" decoding=\"async\" class=\"alignnone size-full wp-image-198911\" src=\"https:\/\/potenciaradiofonicadominicana.com\/portal\/wp-content\/uploads\/2025\/07\/oro-y-cacao.webp\" alt=\"\" width=\"920\" height=\"500\" srcset=\"https:\/\/potenciaradiofonicadominicana.com\/portal\/wp-content\/uploads\/2025\/07\/oro-y-cacao.webp 920w, https:\/\/potenciaradiofonicadominicana.com\/portal\/wp-content\/uploads\/2025\/07\/oro-y-cacao-300x163.webp 300w, https:\/\/potenciaradiofonicadominicana.com\/portal\/wp-content\/uploads\/2025\/07\/oro-y-cacao-768x417.webp 768w\" sizes=\"auto, (max-width: 920px) 100vw, 920px\" \/><\/a><\/p>\n<p>India y Canad\u00e1 se disparan como destinos clave, impulsados por el oro; B\u00e9lgica gana terreno debido al cacao en tiempos de escasez.<br \/>\nSanto Domingo, RD.\u2013 El pa\u00eds export\u00f3 mercanc\u00edas a 152 destinos alrededor del mundo entre enero y junio de 2025. Sin embargo, el 87.4% del valor total exportado, equivalente a US$6,046.5 millones, se concentr\u00f3 en solo 10 pa\u00edses, de acuerdo con el m\u00e1s reciente bolet\u00edn de la Oficina Nacional de Estad\u00edsticas (ONE).<\/p>\n<p>Aunque el valor total enviado alcanz\u00f3 los US$6,914.7 millones, los movimientos dentro del top 10 de socios comerciales revelan profundas transformaciones en los patrones de comercio exterior, impulsadas principalmente por el oro y el cacao.<\/p>\n<p>India, el nuevo destino del oro<br \/>\nUno de los cambios m\u00e1s significativos lo protagoniza India, pa\u00eds que experiment\u00f3 un sorprendente crecimiento del 134.2% en su participaci\u00f3n como destino de exportaciones.<\/p>\n<p>Te puede interesar leer: El petr\u00f3leo de Texas sube un 2,38 %, hasta 66,71 d\u00f3lares el barril<\/p>\n<p>El bolet\u00edn destaca que este salto se debe a una redirecci\u00f3n estrat\u00e9gica de las exportaciones de oro, que ahora representan m\u00e1s del 95% del comercio con ese pa\u00eds. Como resultado, India se posiciona como el segundo socio comercial m\u00e1s importante del pa\u00eds, con una participaci\u00f3n del 9.6%.<\/p>\n<p>Tambi\u00e9n muestra que otro pa\u00eds que emerge con fuerza es Canad\u00e1, que present\u00f3 un incremento de 820.7% en su valor importado desde Rep\u00fablica Dominicana, tambi\u00e9n impulsado por el oro.<\/p>\n<p>Este flujo compens\u00f3 la reducci\u00f3n previa de exportaciones hacia Suiza, sugiriendo un cambio en las rutas tradicionales de este mineral.<\/p>\n<p>En Europa, se\u00f1ala que B\u00e9lgica present\u00f3 un crecimiento de 106.5% en sus importaciones dominicanas, impulsado esta vez por el cacao en grano.<\/p>\n<p>La escasez global del grano ha hecho que el producto dominicano gane protagonismo en volumen y valor, consolidando al pa\u00eds como proveedor clave en momentos de presi\u00f3n sobre la oferta internacional.<\/p>\n<p>La concentraci\u00f3n en productos como el oro y el cacao, sumado a los ajustes en los destinos tradicionales, refleja una econom\u00eda que se adapta a las coyunturas del mercado internacional con una mezcla de oportunidades y riesgos.<\/p>\n<p>Estados Unidos mantiene liderazgo, pero cae<br \/>\nEl estudio subraya que a pesar de que Estados Unidos sigue siendo el principal destino de exportaci\u00f3n con un 51.8% de participaci\u00f3n, su variaci\u00f3n interanual fue negativa, con una ca\u00edda del 6.3% respecto al mismo periodo de 2024.<\/p>\n<p>Este descenso contrasta con el dinamismo observado en otros mercados.<\/p>\n<p>En el Caribe, Hait\u00ed aument\u00f3 su participaci\u00f3n en un 30.2%, situ\u00e1ndose como el tercer socio comercial (8.0%). Puerto Rico, por su parte, creci\u00f3 un 6.4% y representa el 5.1% de las exportaciones.<\/p>\n<p>En Asia, China retrocedi\u00f3 su participaci\u00f3n con 15.5%, mientras que Pa\u00edses Bajos mostr\u00f3 estabilidad (-0.1%), y pa\u00edses como Alemania (-8.4%) y Espa\u00f1a (-7.4%) tambi\u00e9n sufrieron contracciones.<\/p>\n<p>El bolet\u00edn publicado por la ONE, basado en registros validados por la Direcci\u00f3n General de Aduanas, no solo muestra una fotograf\u00eda est\u00e1tica de las exportaciones, sino que ofrece pistas clave para entender el rumbo del comercio dominicano en un contexto global cada vez m\u00e1s vol\u00e1til.<\/p>\n","protected":false},"excerpt":{"rendered":"<p>India y Canad\u00e1 se disparan como destinos clave, impulsados por el oro; B\u00e9lgica gana terreno debido al cacao en tiempos &#8230;<\/p>\n","protected":false},"author":2,"featured_media":198911,"comment_status":"closed","ping_status":"closed","sticky":false,"template":"","format":"standard","meta":{"footnotes":""},"categories":[26],"tags":[],"class_list":["post-198910","post","type-post","status-publish","format-standard","has-post-thumbnail","hentry","category-economia"],"yoast_head":"<!-- This site is optimized with the Yoast SEO plugin v24.8.1 - https:\/\/yoast.com\/wordpress\/plugins\/seo\/ -->\n<title>Exportaciones 2025: Oro y cacao redibujan el mapa comercial del pa\u00eds - PotenciaRadiofonicaDominicana.com<\/title>\n<meta name=\"robots\" content=\"index, follow, max-snippet:-1, max-image-preview:large, max-video-preview:-1\" \/>\n<link rel=\"canonical\" href=\"https:\/\/potenciaradiofonicadominicana.com\/portal\/exportaciones-2025-oro-y-cacao-redibujan-el-mapa-comercial-del-pais\/\" \/>\n<meta property=\"og:locale\" content=\"es_ES\" \/>\n<meta property=\"og:type\" content=\"article\" \/>\n<meta property=\"og:title\" content=\"Exportaciones 2025: Oro y cacao redibujan el mapa comercial del pa\u00eds - PotenciaRadiofonicaDominicana.com\" \/>\n<meta property=\"og:description\" content=\"India y Canad\u00e1 se disparan como destinos clave, impulsados por el oro; B\u00e9lgica gana terreno debido al cacao en tiempos ...\" \/>\n<meta property=\"og:url\" content=\"https:\/\/potenciaradiofonicadominicana.com\/portal\/exportaciones-2025-oro-y-cacao-redibujan-el-mapa-comercial-del-pais\/\" \/>\n<meta property=\"og:site_name\" content=\"PotenciaRadiofonicaDominicana.com\" \/>\n<meta property=\"article:publisher\" content=\"https:\/\/web.facebook.com\/PotenciaRadiofonicaD\" \/>\n<meta property=\"article:published_time\" content=\"2025-07-30T02:07:28+00:00\" \/>\n<meta property=\"og:image\" content=\"https:\/\/potenciaradiofonicadominicana.com\/portal\/wp-content\/uploads\/2025\/07\/oro-y-cacao.webp\" \/>\n\t<meta property=\"og:image:width\" content=\"920\" \/>\n\t<meta property=\"og:image:height\" content=\"500\" \/>\n\t<meta property=\"og:image:type\" content=\"image\/webp\" \/>\n<meta name=\"author\" content=\"Potencia Radiof\u00f3nica Dominicana\" \/>\n<meta name=\"twitter:card\" content=\"summary_large_image\" \/>\n<meta name=\"twitter:label1\" content=\"Escrito por\" \/>\n\t<meta name=\"twitter:data1\" content=\"Potencia Radiof\u00f3nica Dominicana\" \/>\n\t<meta name=\"twitter:label2\" content=\"Tiempo de lectura\" \/>\n\t<meta name=\"twitter:data2\" content=\"3 minutos\" \/>\n<script type=\"application\/ld+json\" class=\"yoast-schema-graph\">{\"@context\":\"https:\/\/schema.org\",\"@graph\":[{\"@type\":\"Article\",\"@id\":\"https:\/\/potenciaradiofonicadominicana.com\/portal\/exportaciones-2025-oro-y-cacao-redibujan-el-mapa-comercial-del-pais\/#article\",\"isPartOf\":{\"@id\":\"https:\/\/potenciaradiofonicadominicana.com\/portal\/exportaciones-2025-oro-y-cacao-redibujan-el-mapa-comercial-del-pais\/\"},\"author\":{\"name\":\"Potencia Radiof\u00f3nica Dominicana\",\"@id\":\"https:\/\/potenciaradiofonicadominicana.com\/portal\/#\/schema\/person\/a5cf1fea13877803ee0573ac18b03490\"},\"headline\":\"Exportaciones 2025: Oro y cacao redibujan el mapa comercial del pa\u00eds\",\"datePublished\":\"2025-07-30T02:07:28+00:00\",\"mainEntityOfPage\":{\"@id\":\"https:\/\/potenciaradiofonicadominicana.com\/portal\/exportaciones-2025-oro-y-cacao-redibujan-el-mapa-comercial-del-pais\/\"},\"wordCount\":536,\"publisher\":{\"@id\":\"https:\/\/potenciaradiofonicadominicana.com\/portal\/#organization\"},\"image\":{\"@id\":\"https:\/\/potenciaradiofonicadominicana.com\/portal\/exportaciones-2025-oro-y-cacao-redibujan-el-mapa-comercial-del-pais\/#primaryimage\"},\"thumbnailUrl\":\"https:\/\/potenciaradiofonicadominicana.com\/portal\/wp-content\/uploads\/2025\/07\/oro-y-cacao.webp\",\"articleSection\":[\"Econom\u00eda\"],\"inLanguage\":\"es\"},{\"@type\":\"WebPage\",\"@id\":\"https:\/\/potenciaradiofonicadominicana.com\/portal\/exportaciones-2025-oro-y-cacao-redibujan-el-mapa-comercial-del-pais\/\",\"url\":\"https:\/\/potenciaradiofonicadominicana.com\/portal\/exportaciones-2025-oro-y-cacao-redibujan-el-mapa-comercial-del-pais\/\",\"name\":\"Exportaciones 2025: Oro y cacao redibujan el mapa comercial del pa\u00eds - PotenciaRadiofonicaDominicana.com\",\"isPartOf\":{\"@id\":\"https:\/\/potenciaradiofonicadominicana.com\/portal\/#website\"},\"primaryImageOfPage\":{\"@id\":\"https:\/\/potenciaradiofonicadominicana.com\/portal\/exportaciones-2025-oro-y-cacao-redibujan-el-mapa-comercial-del-pais\/#primaryimage\"},\"image\":{\"@id\":\"https:\/\/potenciaradiofonicadominicana.com\/portal\/exportaciones-2025-oro-y-cacao-redibujan-el-mapa-comercial-del-pais\/#primaryimage\"},\"thumbnailUrl\":\"https:\/\/potenciaradiofonicadominicana.com\/portal\/wp-content\/uploads\/2025\/07\/oro-y-cacao.webp\",\"datePublished\":\"2025-07-30T02:07:28+00:00\",\"breadcrumb\":{\"@id\":\"https:\/\/potenciaradiofonicadominicana.com\/portal\/exportaciones-2025-oro-y-cacao-redibujan-el-mapa-comercial-del-pais\/#breadcrumb\"},\"inLanguage\":\"es\",\"potentialAction\":[{\"@type\":\"ReadAction\",\"target\":[\"https:\/\/potenciaradiofonicadominicana.com\/portal\/exportaciones-2025-oro-y-cacao-redibujan-el-mapa-comercial-del-pais\/\"]}]},{\"@type\":\"ImageObject\",\"inLanguage\":\"es\",\"@id\":\"https:\/\/potenciaradiofonicadominicana.com\/portal\/exportaciones-2025-oro-y-cacao-redibujan-el-mapa-comercial-del-pais\/#primaryimage\",\"url\":\"https:\/\/potenciaradiofonicadominicana.com\/portal\/wp-content\/uploads\/2025\/07\/oro-y-cacao.webp\",\"contentUrl\":\"https:\/\/potenciaradiofonicadominicana.com\/portal\/wp-content\/uploads\/2025\/07\/oro-y-cacao.webp\",\"width\":920,\"height\":500},{\"@type\":\"BreadcrumbList\",\"@id\":\"https:\/\/potenciaradiofonicadominicana.com\/portal\/exportaciones-2025-oro-y-cacao-redibujan-el-mapa-comercial-del-pais\/#breadcrumb\",\"itemListElement\":[{\"@type\":\"ListItem\",\"position\":1,\"name\":\"Portada\",\"item\":\"https:\/\/potenciaradiofonicadominicana.com\/portal\/\"},{\"@type\":\"ListItem\",\"position\":2,\"name\":\"Exportaciones 2025: Oro y cacao redibujan el mapa comercial del pa\u00eds\"}]},{\"@type\":\"WebSite\",\"@id\":\"https:\/\/potenciaradiofonicadominicana.com\/portal\/#website\",\"url\":\"https:\/\/potenciaradiofonicadominicana.com\/portal\/\",\"name\":\"PotenciaRadiofonicaDominicana.com\",\"description\":\"Peri\u00f3dico Digital\",\"publisher\":{\"@id\":\"https:\/\/potenciaradiofonicadominicana.com\/portal\/#organization\"},\"potentialAction\":[{\"@type\":\"SearchAction\",\"target\":{\"@type\":\"EntryPoint\",\"urlTemplate\":\"https:\/\/potenciaradiofonicadominicana.com\/portal\/?s={search_term_string}\"},\"query-input\":{\"@type\":\"PropertyValueSpecification\",\"valueRequired\":true,\"valueName\":\"search_term_string\"}}],\"inLanguage\":\"es\"},{\"@type\":\"Organization\",\"@id\":\"https:\/\/potenciaradiofonicadominicana.com\/portal\/#organization\",\"name\":\"PotenciaRadiofonicaDominicana.com\",\"url\":\"https:\/\/potenciaradiofonicadominicana.com\/portal\/\",\"logo\":{\"@type\":\"ImageObject\",\"inLanguage\":\"es\",\"@id\":\"https:\/\/potenciaradiofonicadominicana.com\/portal\/#\/schema\/logo\/image\/\",\"url\":\"https:\/\/potenciaradiofonicadominicana.com\/portal\/wp-content\/uploads\/2022\/01\/descarga.png\",\"contentUrl\":\"https:\/\/potenciaradiofonicadominicana.com\/portal\/wp-content\/uploads\/2022\/01\/descarga.png\",\"width\":300,\"height\":100,\"caption\":\"PotenciaRadiofonicaDominicana.com\"},\"image\":{\"@id\":\"https:\/\/potenciaradiofonicadominicana.com\/portal\/#\/schema\/logo\/image\/\"},\"sameAs\":[\"https:\/\/web.facebook.com\/PotenciaRadiofonicaD\"]},{\"@type\":\"Person\",\"@id\":\"https:\/\/potenciaradiofonicadominicana.com\/portal\/#\/schema\/person\/a5cf1fea13877803ee0573ac18b03490\",\"name\":\"Potencia Radiof\u00f3nica Dominicana\",\"image\":{\"@type\":\"ImageObject\",\"inLanguage\":\"es\",\"@id\":\"https:\/\/potenciaradiofonicadominicana.com\/portal\/#\/schema\/person\/image\/\",\"url\":\"https:\/\/secure.gravatar.com\/avatar\/42a55ab9e8ccc656ba34cd791990602a?s=96&d=mm&r=g\",\"contentUrl\":\"https:\/\/secure.gravatar.com\/avatar\/42a55ab9e8ccc656ba34cd791990602a?s=96&d=mm&r=g\",\"caption\":\"Potencia Radiof\u00f3nica Dominicana\"},\"url\":\"https:\/\/potenciaradiofonicadominicana.com\/portal\/author\/johannyalmanzar\/\"}]}<\/script>\n<!-- \/ Yoast SEO plugin. -->","yoast_head_json":{"title":"Exportaciones 2025: Oro y cacao redibujan el mapa comercial del pa\u00eds - PotenciaRadiofonicaDominicana.com","robots":{"index":"index","follow":"follow","max-snippet":"max-snippet:-1","max-image-preview":"max-image-preview:large","max-video-preview":"max-video-preview:-1"},"canonical":"https:\/\/potenciaradiofonicadominicana.com\/portal\/exportaciones-2025-oro-y-cacao-redibujan-el-mapa-comercial-del-pais\/","og_locale":"es_ES","og_type":"article","og_title":"Exportaciones 2025: Oro y cacao redibujan el mapa comercial del pa\u00eds - PotenciaRadiofonicaDominicana.com","og_description":"India y Canad\u00e1 se disparan como destinos clave, impulsados por el oro; B\u00e9lgica gana terreno debido al cacao en tiempos ...","og_url":"https:\/\/potenciaradiofonicadominicana.com\/portal\/exportaciones-2025-oro-y-cacao-redibujan-el-mapa-comercial-del-pais\/","og_site_name":"PotenciaRadiofonicaDominicana.com","article_publisher":"https:\/\/web.facebook.com\/PotenciaRadiofonicaD","article_published_time":"2025-07-30T02:07:28+00:00","og_image":[{"width":920,"height":500,"url":"https:\/\/potenciaradiofonicadominicana.com\/portal\/wp-content\/uploads\/2025\/07\/oro-y-cacao.webp","type":"image\/webp"}],"author":"Potencia Radiof\u00f3nica Dominicana","twitter_card":"summary_large_image","twitter_misc":{"Escrito por":"Potencia Radiof\u00f3nica Dominicana","Tiempo de lectura":"3 minutos"},"schema":{"@context":"https:\/\/schema.org","@graph":[{"@type":"Article","@id":"https:\/\/potenciaradiofonicadominicana.com\/portal\/exportaciones-2025-oro-y-cacao-redibujan-el-mapa-comercial-del-pais\/#article","isPartOf":{"@id":"https:\/\/potenciaradiofonicadominicana.com\/portal\/exportaciones-2025-oro-y-cacao-redibujan-el-mapa-comercial-del-pais\/"},"author":{"name":"Potencia Radiof\u00f3nica Dominicana","@id":"https:\/\/potenciaradiofonicadominicana.com\/portal\/#\/schema\/person\/a5cf1fea13877803ee0573ac18b03490"},"headline":"Exportaciones 2025: Oro y cacao redibujan el mapa comercial del pa\u00eds","datePublished":"2025-07-30T02:07:28+00:00","mainEntityOfPage":{"@id":"https:\/\/potenciaradiofonicadominicana.com\/portal\/exportaciones-2025-oro-y-cacao-redibujan-el-mapa-comercial-del-pais\/"},"wordCount":536,"publisher":{"@id":"https:\/\/potenciaradiofonicadominicana.com\/portal\/#organization"},"image":{"@id":"https:\/\/potenciaradiofonicadominicana.com\/portal\/exportaciones-2025-oro-y-cacao-redibujan-el-mapa-comercial-del-pais\/#primaryimage"},"thumbnailUrl":"https:\/\/potenciaradiofonicadominicana.com\/portal\/wp-content\/uploads\/2025\/07\/oro-y-cacao.webp","articleSection":["Econom\u00eda"],"inLanguage":"es"},{"@type":"WebPage","@id":"https:\/\/potenciaradiofonicadominicana.com\/portal\/exportaciones-2025-oro-y-cacao-redibujan-el-mapa-comercial-del-pais\/","url":"https:\/\/potenciaradiofonicadominicana.com\/portal\/exportaciones-2025-oro-y-cacao-redibujan-el-mapa-comercial-del-pais\/","name":"Exportaciones 2025: Oro y cacao redibujan el mapa comercial del pa\u00eds - PotenciaRadiofonicaDominicana.com","isPartOf":{"@id":"https:\/\/potenciaradiofonicadominicana.com\/portal\/#website"},"primaryImageOfPage":{"@id":"https:\/\/potenciaradiofonicadominicana.com\/portal\/exportaciones-2025-oro-y-cacao-redibujan-el-mapa-comercial-del-pais\/#primaryimage"},"image":{"@id":"https:\/\/potenciaradiofonicadominicana.com\/portal\/exportaciones-2025-oro-y-cacao-redibujan-el-mapa-comercial-del-pais\/#primaryimage"},"thumbnailUrl":"https:\/\/potenciaradiofonicadominicana.com\/portal\/wp-content\/uploads\/2025\/07\/oro-y-cacao.webp","datePublished":"2025-07-30T02:07:28+00:00","breadcrumb":{"@id":"https:\/\/potenciaradiofonicadominicana.com\/portal\/exportaciones-2025-oro-y-cacao-redibujan-el-mapa-comercial-del-pais\/#breadcrumb"},"inLanguage":"es","potentialAction":[{"@type":"ReadAction","target":["https:\/\/potenciaradiofonicadominicana.com\/portal\/exportaciones-2025-oro-y-cacao-redibujan-el-mapa-comercial-del-pais\/"]}]},{"@type":"ImageObject","inLanguage":"es","@id":"https:\/\/potenciaradiofonicadominicana.com\/portal\/exportaciones-2025-oro-y-cacao-redibujan-el-mapa-comercial-del-pais\/#primaryimage","url":"https:\/\/potenciaradiofonicadominicana.com\/portal\/wp-content\/uploads\/2025\/07\/oro-y-cacao.webp","contentUrl":"https:\/\/potenciaradiofonicadominicana.com\/portal\/wp-content\/uploads\/2025\/07\/oro-y-cacao.webp","width":920,"height":500},{"@type":"BreadcrumbList","@id":"https:\/\/potenciaradiofonicadominicana.com\/portal\/exportaciones-2025-oro-y-cacao-redibujan-el-mapa-comercial-del-pais\/#breadcrumb","itemListElement":[{"@type":"ListItem","position":1,"name":"Portada","item":"https:\/\/potenciaradiofonicadominicana.com\/portal\/"},{"@type":"ListItem","position":2,"name":"Exportaciones 2025: Oro y cacao redibujan el mapa comercial del pa\u00eds"}]},{"@type":"WebSite","@id":"https:\/\/potenciaradiofonicadominicana.com\/portal\/#website","url":"https:\/\/potenciaradiofonicadominicana.com\/portal\/","name":"PotenciaRadiofonicaDominicana.com","description":"Peri\u00f3dico Digital","publisher":{"@id":"https:\/\/potenciaradiofonicadominicana.com\/portal\/#organization"},"potentialAction":[{"@type":"SearchAction","target":{"@type":"EntryPoint","urlTemplate":"https:\/\/potenciaradiofonicadominicana.com\/portal\/?s={search_term_string}"},"query-input":{"@type":"PropertyValueSpecification","valueRequired":true,"valueName":"search_term_string"}}],"inLanguage":"es"},{"@type":"Organization","@id":"https:\/\/potenciaradiofonicadominicana.com\/portal\/#organization","name":"PotenciaRadiofonicaDominicana.com","url":"https:\/\/potenciaradiofonicadominicana.com\/portal\/","logo":{"@type":"ImageObject","inLanguage":"es","@id":"https:\/\/potenciaradiofonicadominicana.com\/portal\/#\/schema\/logo\/image\/","url":"https:\/\/potenciaradiofonicadominicana.com\/portal\/wp-content\/uploads\/2022\/01\/descarga.png","contentUrl":"https:\/\/potenciaradiofonicadominicana.com\/portal\/wp-content\/uploads\/2022\/01\/descarga.png","width":300,"height":100,"caption":"PotenciaRadiofonicaDominicana.com"},"image":{"@id":"https:\/\/potenciaradiofonicadominicana.com\/portal\/#\/schema\/logo\/image\/"},"sameAs":["https:\/\/web.facebook.com\/PotenciaRadiofonicaD"]},{"@type":"Person","@id":"https:\/\/potenciaradiofonicadominicana.com\/portal\/#\/schema\/person\/a5cf1fea13877803ee0573ac18b03490","name":"Potencia Radiof\u00f3nica Dominicana","image":{"@type":"ImageObject","inLanguage":"es","@id":"https:\/\/potenciaradiofonicadominicana.com\/portal\/#\/schema\/person\/image\/","url":"https:\/\/secure.gravatar.com\/avatar\/42a55ab9e8ccc656ba34cd791990602a?s=96&d=mm&r=g","contentUrl":"https:\/\/secure.gravatar.com\/avatar\/42a55ab9e8ccc656ba34cd791990602a?s=96&d=mm&r=g","caption":"Potencia Radiof\u00f3nica Dominicana"},"url":"https:\/\/potenciaradiofonicadominicana.com\/portal\/author\/johannyalmanzar\/"}]}},"_links":{"self":[{"href":"https:\/\/potenciaradiofonicadominicana.com\/portal\/wp-json\/wp\/v2\/posts\/198910","targetHints":{"allow":["GET"]}}],"collection":[{"href":"https:\/\/potenciaradiofonicadominicana.com\/portal\/wp-json\/wp\/v2\/posts"}],"about":[{"href":"https:\/\/potenciaradiofonicadominicana.com\/portal\/wp-json\/wp\/v2\/types\/post"}],"author":[{"embeddable":true,"href":"https:\/\/potenciaradiofonicadominicana.com\/portal\/wp-json\/wp\/v2\/users\/2"}],"replies":[{"embeddable":true,"href":"https:\/\/potenciaradiofonicadominicana.com\/portal\/wp-json\/wp\/v2\/comments?post=198910"}],"version-history":[{"count":1,"href":"https:\/\/potenciaradiofonicadominicana.com\/portal\/wp-json\/wp\/v2\/posts\/198910\/revisions"}],"predecessor-version":[{"id":198916,"href":"https:\/\/potenciaradiofonicadominicana.com\/portal\/wp-json\/wp\/v2\/posts\/198910\/revisions\/198916"}],"wp:featuredmedia":[{"embeddable":true,"href":"https:\/\/potenciaradiofonicadominicana.com\/portal\/wp-json\/wp\/v2\/media\/198911"}],"wp:attachment":[{"href":"https:\/\/potenciaradiofonicadominicana.com\/portal\/wp-json\/wp\/v2\/media?parent=198910"}],"wp:term":[{"taxonomy":"category","embeddable":true,"href":"https:\/\/potenciaradiofonicadominicana.com\/portal\/wp-json\/wp\/v2\/categories?post=198910"},{"taxonomy":"post_tag","embeddable":true,"href":"https:\/\/potenciaradiofonicadominicana.com\/portal\/wp-json\/wp\/v2\/tags?post=198910"}],"curies":[{"name":"wp","href":"https:\/\/api.w.org\/{rel}","templated":true}]}}