{"id":185425,"date":"2025-04-09T14:30:19","date_gmt":"2025-04-09T18:30:19","guid":{"rendered":"https:\/\/potenciaradiofonicadominicana.com\/portal\/?p=185425"},"modified":"2025-04-09T14:30:19","modified_gmt":"2025-04-09T18:30:19","slug":"seleccion-futbol-rd-en-top-10-de-mayor-valoracion-del-mercado-region-centroamerica-y-el-caribe","status":"publish","type":"post","link":"https:\/\/potenciaradiofonicadominicana.com\/portal\/seleccion-futbol-rd-en-top-10-de-mayor-valoracion-del-mercado-region-centroamerica-y-el-caribe\/","title":{"rendered":"Selecci\u00f3n f\u00fatbol RD, en top-10 de mayor valoraci\u00f3n del mercado regi\u00f3n Centroam\u00e9rica y El Caribe"},"content":{"rendered":"<p><a href=\"https:\/\/potenciaradiofonicadominicana.com\/portal\/wp-content\/uploads\/2025\/04\/u769i8-67890i6097.webp\"><img loading=\"lazy\" decoding=\"async\" class=\"alignnone size-full wp-image-185426\" src=\"https:\/\/potenciaradiofonicadominicana.com\/portal\/wp-content\/uploads\/2025\/04\/u769i8-67890i6097.webp\" alt=\"\" width=\"768\" height=\"437\" srcset=\"https:\/\/potenciaradiofonicadominicana.com\/portal\/wp-content\/uploads\/2025\/04\/u769i8-67890i6097.webp 768w, https:\/\/potenciaradiofonicadominicana.com\/portal\/wp-content\/uploads\/2025\/04\/u769i8-67890i6097-300x171.webp 300w\" sizes=\"auto, (max-width: 768px) 100vw, 768px\" \/><\/a><\/p>\n<p>Con su primera clasificaci\u00f3n al Mundial ya lograda, y la pujante presencia de todas sus selecciones en los eventos m\u00e1s importantes del planeta, organizados por la Federaci\u00f3n Internacional de F\u00fatbol (FIFA), la Rep\u00fablica Dominicana ha conseguido posicionar su equipo absoluto masculino en el top-10 de los de mayor valoraci\u00f3n en el\u00a0 mercado actual de la regi\u00f3n Centroamericana y El Caribe.<\/p>\n<p>Estos datos acerca de la valoraci\u00f3n o medici\u00f3n acerca del actual posicionamiento de la absoluta dominicana, los arroja una publicaci\u00f3n de prestigiosa p\u00e1gina transfermarkt.<\/p>\n<p>Como siempre es bueno recordar los momentos grandes, la selecci\u00f3n quisqueyana de mayores, consigui\u00f3 la proeza de clasificar por vez primera a un Mundial de F\u00fatbol de la FIFA, luego de derrotar este un gol por cero a Jamaica en los cuartos de final del Campeonato Sub-20 Masculino de Concacaf 2022, que se disput\u00f3 en Honduras a finales de junio de dicho a\u00f1o.<\/p>\n<p><strong>Actual ranking FIFA<\/strong><\/p>\n<p>Rep\u00fablica Dominicana ocupa el puesto 139 en la clasificaci\u00f3n mundial de la FIFA, donde la selecci\u00f3n de Argentina sigue l\u00edder indiscutible, con Brasil que se mantiene en la quinta posici\u00f3n y Uruguay baja dos puestos hasta el decimotercer lugar.<\/p>\n<div class=\"row my-3\">\n<div class=\"col-12\">\n<div class=\"post 300x250_4 d-flex align-items-center justify-content-center\" data-hidden=\"none\">\n<div id=\"div-gpt-ad-1519409790919-3\" data-google-query-id=\"CJKD3ZzKy4wDFSGJywEdOJwP1g\">\n<div id=\"google_ads_iframe_\/1018679\/ElDia_Articulo\/ElDia_Articulo_300x250_4_0__container__\"><\/div>\n<\/div>\n<\/div>\n<\/div>\n<\/div>\n<p>La selecci\u00f3n quisqueyana tiene 1087.21 puntos, mientras Puerto Rico con 1018.98 puntos, ocupa el puesto 157., mientras Cuba tiene 979.72 puntos, para el lugar 167.<\/p>\n<p>Espa\u00f1a ocupa el segundo puesto de la FIFA con 1854.64 puntos. En tercero est\u00e1 Francia con 1852.71 puntos, le sigue Inglaterra en el cuarto lugar con 1819.2 puntos.<\/p>\n<p>Brasil est\u00e1 en quinto con 1776.03 puntos, luego le sigue en el sexto Pa\u00edses Bajos con 1752.44 puntos, en s\u00e9ptimo est\u00e1 Portugal con 1750.08 puntos, y en la octava posici\u00f3n la ocupa B\u00e9lgica con 1735.75 puntos.<\/p>\n<div class=\"w-100 h-auto\">\n<figure class=\"wp-block-image size-large\"><img loading=\"lazy\" decoding=\"async\" class=\"lazy w-100 h-auto entered loaded\" src=\"https:\/\/eldia.com.do\/wp-content\/uploads\/2025\/04\/Dominicana1-1024x683.webp\" sizes=\"auto, (max-width: 1024px) 100vw, 1024px\" srcset=\"https:\/\/eldia.com.do\/wp-content\/uploads\/2025\/04\/Dominicana1-1024x683.webp 1024w, https:\/\/eldia.com.do\/wp-content\/uploads\/2025\/04\/Dominicana1-300x200.webp 300w, https:\/\/eldia.com.do\/wp-content\/uploads\/2025\/04\/Dominicana1-768x512.webp 768w, https:\/\/eldia.com.do\/wp-content\/uploads\/2025\/04\/Dominicana1-600x400.webp 600w, https:\/\/eldia.com.do\/wp-content\/uploads\/2025\/04\/Dominicana1.webp 1151w\" alt=\"\" width=\"1024\" height=\"683\" data-src=\"https:\/\/eldia.com.do\/wp-content\/uploads\/2025\/04\/Dominicana1-1024x683.webp\" data-srcset=\"https:\/\/eldia.com.do\/wp-content\/uploads\/2025\/04\/Dominicana1-1024x683.webp 1024w, https:\/\/eldia.com.do\/wp-content\/uploads\/2025\/04\/Dominicana1-300x200.webp 300w, https:\/\/eldia.com.do\/wp-content\/uploads\/2025\/04\/Dominicana1-768x512.webp 768w, https:\/\/eldia.com.do\/wp-content\/uploads\/2025\/04\/Dominicana1-600x400.webp 600w, https:\/\/eldia.com.do\/wp-content\/uploads\/2025\/04\/Dominicana1.webp 1151w\" data-ll-status=\"loaded\" \/><\/figure>\n<\/div>\n<p>Integrantes de una de las selecciones quisqueyanas que han representado con \u00e9xito al pa\u00eds en extranjero.<\/p>\n<p><strong>Porqu\u00e9 este enorme crecimiento<\/strong><\/p>\n<p>Seg\u00fan el experto Juan Julio G\u00f3mez, el enorme crecimiento de la selecci\u00f3n absoluta en la \u00faltima d\u00e9cada, ha dependido principalmente de dos factores. Primero, la integraci\u00f3n de jugadores de origen dominicano que militan en Europa y segundo, la exportaci\u00f3n de futbolistas.<\/p>\n<p>Ello ha elevado el nivel de la selecci\u00f3n, que pas\u00f3 de ser una escuadra medieval a ser una de las m\u00e1s poderosas de Caribe.<\/p>\n<p>La llegada de Junior Firpo, Heinz M\u00f4rschel, Rafael N\u00fa\u00f1ez, Joao Urbaez, Peter Federico, Juan Carlos Pineda y Fabi\u00e1n Messi, dieron un empuje a la escuadra local.<\/p>\n<p>Adem\u00e1s, se han combinado con jugadores claves como Luigi de Lucas, Juan Carlos L\u00f3pez, Edarlyn Reyes, Dorny Romero y Ronaldo V\u00e1squez, para lograr su boleto a Copa de Oro el pasado A\u00f1o en la Liga de Naciones de Concacaf, en la que la escuadra criolla tambi\u00e9n ascendi\u00f3 a la Liga A.<\/p>\n<p>Romero juega en Bol\u00edvar, en Bolivia,\u00a0 es goleador de nuestra selecci\u00f3n. \u00a0Adem\u00e1s ha militado en primera en Europa. \u00a0Otros jugadores importantes para el equipo dominicano son Edison Azcona, quien juega en Estados Unidos, al igual que el portero Xavier Valdez y el central Noah Dollenmayer.<\/p>\n<p>Otro jugador de elite que se integr\u00f3 \u00a0es Juan Familia Castillo, quien milita en primera divisi\u00f3n de Holanda.<\/p>\n<p><strong>Llegada de Rosario<\/strong><\/p>\n<p>Otra buena noticia para el f\u00fatbol dominicano es la llegada del centrocampista Pablo Rosario, quien juega en el Niza de la Liga Francesa de F\u00fatbol, y se integrar\u00e1 a la selecci\u00f3n dominicana para el partido contra Guatemala, en las eliminatorias del Mundial de Estados Unidos, M\u00e9xico y Canad\u00e1.<\/p>\n<div class=\"w-100 h-auto\">\n<figure class=\"wp-block-image size-large\"><img loading=\"lazy\" decoding=\"async\" class=\"lazy w-100 h-auto entered loaded\" src=\"https:\/\/eldia.com.do\/wp-content\/uploads\/2025\/04\/Dorny-1024x732.webp\" sizes=\"auto, (max-width: 1024px) 100vw, 1024px\" srcset=\"https:\/\/eldia.com.do\/wp-content\/uploads\/2025\/04\/Dorny-1024x732.webp 1024w, https:\/\/eldia.com.do\/wp-content\/uploads\/2025\/04\/Dorny-300x214.webp 300w, https:\/\/eldia.com.do\/wp-content\/uploads\/2025\/04\/Dorny-768x549.webp 768w, https:\/\/eldia.com.do\/wp-content\/uploads\/2025\/04\/Dorny.webp 1075w\" alt=\"\" width=\"1024\" height=\"732\" data-src=\"https:\/\/eldia.com.do\/wp-content\/uploads\/2025\/04\/Dorny-1024x732.webp\" data-srcset=\"https:\/\/eldia.com.do\/wp-content\/uploads\/2025\/04\/Dorny-1024x732.webp 1024w, https:\/\/eldia.com.do\/wp-content\/uploads\/2025\/04\/Dorny-300x214.webp 300w, https:\/\/eldia.com.do\/wp-content\/uploads\/2025\/04\/Dorny-768x549.webp 768w, https:\/\/eldia.com.do\/wp-content\/uploads\/2025\/04\/Dorny.webp 1075w\" data-ll-status=\"loaded\" \/><\/figure>\n<\/div>\n<p>Dorny Romero ha sido el goleador por excelencia de la selecci\u00f3n absoluta dominicana de f\u00fatbol.<\/p>\n<p><strong>Las sub-20 y sub-17<\/strong><\/p>\n<p>Los equipos de las categor\u00edas emergentes tambi\u00e9n han dado un empuje importante al posicionamiento actual que ocupa el pa\u00eds en el ranking FIFA.\u00a0 En sub-20 se logr\u00f3 clasificar al Mundial de Indonesia y en sub-17, aunque \u00a0no se pudo avanzar en las eliminatorias de este a\u00f1o, pero el equipo mostr\u00f3 un progreso notorio y que est\u00e1 listo para seguir siendo una selecci\u00f3n importante en el futuro inmediato.<\/p>\n<p>Ambas categor\u00edas se alimentan de jugadores que est\u00e1n en canteras de clubes europeos.<\/p>\n<p><strong>Pelot\u00f3n RD que juega en primera y segunda divisi\u00f3n en Europa<\/strong><\/p>\n<p>1)- Junior Firpo) Leeds United, Inglaterra<\/p>\n<p>2). Peter Federico Gonz\u00e1lez (Getafe, Espa\u00f1a)<\/p>\n<p>3- Luigi de Lucas (FC Salamines, Grecia)<\/p>\n<p>4)-. Heinz Morschel (Vizela, Portugal)<\/p>\n<p>5)-. Mariano D\u00edaz (sin equipo)<\/p>\n<p>6)-. Juan Carlos Pineda (Primera divisi\u00f3n de Bulgaria)<\/p>\n<p>7)-. Ronaldo V\u00e1squez (Primera div. De Azerbaiy\u00e1n)<\/p>\n<p>8).- Rafael N\u00fa\u00f1ez Mata Cartagena, Espa\u00f1a)<\/p>\n<p>9)-. Francisco Mariz\u00e1n (segunda de Holanda, ya debut\u00f3 en primera<\/p>\n<p>10).- Alberto Bald\u00e9 (Primera div. de Irlanda)<\/p>\n<p>11)- Aidam Russell (segunda de Irlanda)<\/p>\n<p>12)-. Thomas Yungbauer (Segunda Austria)<\/p>\n<p>13)-. Oscar Ure\u00f1a (Barcelona B, Esp.)<\/p>\n<p>14)-. Edgar Pujol (Real Madrid Castilla)<\/p>\n<p>15)-. Joao Urbaez (Legan\u00e9s, Esp.)<\/p>\n","protected":false},"excerpt":{"rendered":"<p>Con su primera clasificaci\u00f3n al Mundial ya lograda, y la pujante presencia de todas sus selecciones en los eventos m\u00e1s &#8230;<\/p>\n","protected":false},"author":2,"featured_media":185426,"comment_status":"closed","ping_status":"closed","sticky":false,"template":"","format":"standard","meta":{"footnotes":""},"categories":[28],"tags":[],"class_list":["post-185425","post","type-post","status-publish","format-standard","has-post-thumbnail","hentry","category-deportes"],"yoast_head":"<!-- This site is optimized with the Yoast SEO plugin v24.8.1 - https:\/\/yoast.com\/wordpress\/plugins\/seo\/ -->\n<title>Selecci\u00f3n f\u00fatbol RD, en top-10 de mayor valoraci\u00f3n del mercado regi\u00f3n Centroam\u00e9rica y El Caribe - PotenciaRadiofonicaDominicana.com<\/title>\n<meta name=\"robots\" content=\"index, follow, max-snippet:-1, max-image-preview:large, max-video-preview:-1\" \/>\n<link rel=\"canonical\" href=\"https:\/\/potenciaradiofonicadominicana.com\/portal\/seleccion-futbol-rd-en-top-10-de-mayor-valoracion-del-mercado-region-centroamerica-y-el-caribe\/\" \/>\n<meta property=\"og:locale\" content=\"es_ES\" \/>\n<meta property=\"og:type\" content=\"article\" \/>\n<meta property=\"og:title\" content=\"Selecci\u00f3n f\u00fatbol RD, en top-10 de mayor valoraci\u00f3n del mercado regi\u00f3n Centroam\u00e9rica y El Caribe - PotenciaRadiofonicaDominicana.com\" \/>\n<meta property=\"og:description\" content=\"Con su primera clasificaci\u00f3n al Mundial ya lograda, y la pujante presencia de todas sus selecciones en los eventos m\u00e1s ...\" \/>\n<meta property=\"og:url\" content=\"https:\/\/potenciaradiofonicadominicana.com\/portal\/seleccion-futbol-rd-en-top-10-de-mayor-valoracion-del-mercado-region-centroamerica-y-el-caribe\/\" \/>\n<meta property=\"og:site_name\" content=\"PotenciaRadiofonicaDominicana.com\" \/>\n<meta property=\"article:publisher\" content=\"https:\/\/web.facebook.com\/PotenciaRadiofonicaD\" \/>\n<meta property=\"article:published_time\" content=\"2025-04-09T18:30:19+00:00\" \/>\n<meta property=\"og:image\" content=\"https:\/\/potenciaradiofonicadominicana.com\/portal\/wp-content\/uploads\/2025\/04\/u769i8-67890i6097.webp\" \/>\n\t<meta property=\"og:image:width\" content=\"768\" \/>\n\t<meta property=\"og:image:height\" content=\"437\" \/>\n\t<meta property=\"og:image:type\" content=\"image\/webp\" \/>\n<meta name=\"author\" content=\"Potencia Radiof\u00f3nica Dominicana\" \/>\n<meta name=\"twitter:card\" content=\"summary_large_image\" \/>\n<meta name=\"twitter:label1\" content=\"Escrito por\" \/>\n\t<meta name=\"twitter:data1\" content=\"Potencia Radiof\u00f3nica Dominicana\" \/>\n\t<meta name=\"twitter:label2\" content=\"Tiempo de lectura\" \/>\n\t<meta name=\"twitter:data2\" content=\"5 minutos\" \/>\n<script type=\"application\/ld+json\" class=\"yoast-schema-graph\">{\"@context\":\"https:\/\/schema.org\",\"@graph\":[{\"@type\":\"Article\",\"@id\":\"https:\/\/potenciaradiofonicadominicana.com\/portal\/seleccion-futbol-rd-en-top-10-de-mayor-valoracion-del-mercado-region-centroamerica-y-el-caribe\/#article\",\"isPartOf\":{\"@id\":\"https:\/\/potenciaradiofonicadominicana.com\/portal\/seleccion-futbol-rd-en-top-10-de-mayor-valoracion-del-mercado-region-centroamerica-y-el-caribe\/\"},\"author\":{\"name\":\"Potencia Radiof\u00f3nica Dominicana\",\"@id\":\"https:\/\/potenciaradiofonicadominicana.com\/portal\/#\/schema\/person\/a5cf1fea13877803ee0573ac18b03490\"},\"headline\":\"Selecci\u00f3n f\u00fatbol RD, en top-10 de mayor valoraci\u00f3n del mercado regi\u00f3n Centroam\u00e9rica y El Caribe\",\"datePublished\":\"2025-04-09T18:30:19+00:00\",\"mainEntityOfPage\":{\"@id\":\"https:\/\/potenciaradiofonicadominicana.com\/portal\/seleccion-futbol-rd-en-top-10-de-mayor-valoracion-del-mercado-region-centroamerica-y-el-caribe\/\"},\"wordCount\":836,\"publisher\":{\"@id\":\"https:\/\/potenciaradiofonicadominicana.com\/portal\/#organization\"},\"image\":{\"@id\":\"https:\/\/potenciaradiofonicadominicana.com\/portal\/seleccion-futbol-rd-en-top-10-de-mayor-valoracion-del-mercado-region-centroamerica-y-el-caribe\/#primaryimage\"},\"thumbnailUrl\":\"https:\/\/potenciaradiofonicadominicana.com\/portal\/wp-content\/uploads\/2025\/04\/u769i8-67890i6097.webp\",\"articleSection\":[\"Deportes\"],\"inLanguage\":\"es\"},{\"@type\":\"WebPage\",\"@id\":\"https:\/\/potenciaradiofonicadominicana.com\/portal\/seleccion-futbol-rd-en-top-10-de-mayor-valoracion-del-mercado-region-centroamerica-y-el-caribe\/\",\"url\":\"https:\/\/potenciaradiofonicadominicana.com\/portal\/seleccion-futbol-rd-en-top-10-de-mayor-valoracion-del-mercado-region-centroamerica-y-el-caribe\/\",\"name\":\"Selecci\u00f3n f\u00fatbol RD, en top-10 de mayor valoraci\u00f3n del mercado regi\u00f3n Centroam\u00e9rica y El Caribe - PotenciaRadiofonicaDominicana.com\",\"isPartOf\":{\"@id\":\"https:\/\/potenciaradiofonicadominicana.com\/portal\/#website\"},\"primaryImageOfPage\":{\"@id\":\"https:\/\/potenciaradiofonicadominicana.com\/portal\/seleccion-futbol-rd-en-top-10-de-mayor-valoracion-del-mercado-region-centroamerica-y-el-caribe\/#primaryimage\"},\"image\":{\"@id\":\"https:\/\/potenciaradiofonicadominicana.com\/portal\/seleccion-futbol-rd-en-top-10-de-mayor-valoracion-del-mercado-region-centroamerica-y-el-caribe\/#primaryimage\"},\"thumbnailUrl\":\"https:\/\/potenciaradiofonicadominicana.com\/portal\/wp-content\/uploads\/2025\/04\/u769i8-67890i6097.webp\",\"datePublished\":\"2025-04-09T18:30:19+00:00\",\"breadcrumb\":{\"@id\":\"https:\/\/potenciaradiofonicadominicana.com\/portal\/seleccion-futbol-rd-en-top-10-de-mayor-valoracion-del-mercado-region-centroamerica-y-el-caribe\/#breadcrumb\"},\"inLanguage\":\"es\",\"potentialAction\":[{\"@type\":\"ReadAction\",\"target\":[\"https:\/\/potenciaradiofonicadominicana.com\/portal\/seleccion-futbol-rd-en-top-10-de-mayor-valoracion-del-mercado-region-centroamerica-y-el-caribe\/\"]}]},{\"@type\":\"ImageObject\",\"inLanguage\":\"es\",\"@id\":\"https:\/\/potenciaradiofonicadominicana.com\/portal\/seleccion-futbol-rd-en-top-10-de-mayor-valoracion-del-mercado-region-centroamerica-y-el-caribe\/#primaryimage\",\"url\":\"https:\/\/potenciaradiofonicadominicana.com\/portal\/wp-content\/uploads\/2025\/04\/u769i8-67890i6097.webp\",\"contentUrl\":\"https:\/\/potenciaradiofonicadominicana.com\/portal\/wp-content\/uploads\/2025\/04\/u769i8-67890i6097.webp\",\"width\":768,\"height\":437},{\"@type\":\"BreadcrumbList\",\"@id\":\"https:\/\/potenciaradiofonicadominicana.com\/portal\/seleccion-futbol-rd-en-top-10-de-mayor-valoracion-del-mercado-region-centroamerica-y-el-caribe\/#breadcrumb\",\"itemListElement\":[{\"@type\":\"ListItem\",\"position\":1,\"name\":\"Portada\",\"item\":\"https:\/\/potenciaradiofonicadominicana.com\/portal\/\"},{\"@type\":\"ListItem\",\"position\":2,\"name\":\"Selecci\u00f3n f\u00fatbol RD, en top-10 de mayor valoraci\u00f3n del mercado regi\u00f3n Centroam\u00e9rica y El Caribe\"}]},{\"@type\":\"WebSite\",\"@id\":\"https:\/\/potenciaradiofonicadominicana.com\/portal\/#website\",\"url\":\"https:\/\/potenciaradiofonicadominicana.com\/portal\/\",\"name\":\"PotenciaRadiofonicaDominicana.com\",\"description\":\"Peri\u00f3dico Digital\",\"publisher\":{\"@id\":\"https:\/\/potenciaradiofonicadominicana.com\/portal\/#organization\"},\"potentialAction\":[{\"@type\":\"SearchAction\",\"target\":{\"@type\":\"EntryPoint\",\"urlTemplate\":\"https:\/\/potenciaradiofonicadominicana.com\/portal\/?s={search_term_string}\"},\"query-input\":{\"@type\":\"PropertyValueSpecification\",\"valueRequired\":true,\"valueName\":\"search_term_string\"}}],\"inLanguage\":\"es\"},{\"@type\":\"Organization\",\"@id\":\"https:\/\/potenciaradiofonicadominicana.com\/portal\/#organization\",\"name\":\"PotenciaRadiofonicaDominicana.com\",\"url\":\"https:\/\/potenciaradiofonicadominicana.com\/portal\/\",\"logo\":{\"@type\":\"ImageObject\",\"inLanguage\":\"es\",\"@id\":\"https:\/\/potenciaradiofonicadominicana.com\/portal\/#\/schema\/logo\/image\/\",\"url\":\"https:\/\/potenciaradiofonicadominicana.com\/portal\/wp-content\/uploads\/2022\/01\/descarga.png\",\"contentUrl\":\"https:\/\/potenciaradiofonicadominicana.com\/portal\/wp-content\/uploads\/2022\/01\/descarga.png\",\"width\":300,\"height\":100,\"caption\":\"PotenciaRadiofonicaDominicana.com\"},\"image\":{\"@id\":\"https:\/\/potenciaradiofonicadominicana.com\/portal\/#\/schema\/logo\/image\/\"},\"sameAs\":[\"https:\/\/web.facebook.com\/PotenciaRadiofonicaD\"]},{\"@type\":\"Person\",\"@id\":\"https:\/\/potenciaradiofonicadominicana.com\/portal\/#\/schema\/person\/a5cf1fea13877803ee0573ac18b03490\",\"name\":\"Potencia Radiof\u00f3nica Dominicana\",\"image\":{\"@type\":\"ImageObject\",\"inLanguage\":\"es\",\"@id\":\"https:\/\/potenciaradiofonicadominicana.com\/portal\/#\/schema\/person\/image\/\",\"url\":\"https:\/\/secure.gravatar.com\/avatar\/42a55ab9e8ccc656ba34cd791990602a?s=96&d=mm&r=g\",\"contentUrl\":\"https:\/\/secure.gravatar.com\/avatar\/42a55ab9e8ccc656ba34cd791990602a?s=96&d=mm&r=g\",\"caption\":\"Potencia Radiof\u00f3nica Dominicana\"},\"url\":\"https:\/\/potenciaradiofonicadominicana.com\/portal\/author\/johannyalmanzar\/\"}]}<\/script>\n<!-- \/ Yoast SEO plugin. -->","yoast_head_json":{"title":"Selecci\u00f3n f\u00fatbol RD, en top-10 de mayor valoraci\u00f3n del mercado regi\u00f3n Centroam\u00e9rica y El Caribe - PotenciaRadiofonicaDominicana.com","robots":{"index":"index","follow":"follow","max-snippet":"max-snippet:-1","max-image-preview":"max-image-preview:large","max-video-preview":"max-video-preview:-1"},"canonical":"https:\/\/potenciaradiofonicadominicana.com\/portal\/seleccion-futbol-rd-en-top-10-de-mayor-valoracion-del-mercado-region-centroamerica-y-el-caribe\/","og_locale":"es_ES","og_type":"article","og_title":"Selecci\u00f3n f\u00fatbol RD, en top-10 de mayor valoraci\u00f3n del mercado regi\u00f3n Centroam\u00e9rica y El Caribe - PotenciaRadiofonicaDominicana.com","og_description":"Con su primera clasificaci\u00f3n al Mundial ya lograda, y la pujante presencia de todas sus selecciones en los eventos m\u00e1s ...","og_url":"https:\/\/potenciaradiofonicadominicana.com\/portal\/seleccion-futbol-rd-en-top-10-de-mayor-valoracion-del-mercado-region-centroamerica-y-el-caribe\/","og_site_name":"PotenciaRadiofonicaDominicana.com","article_publisher":"https:\/\/web.facebook.com\/PotenciaRadiofonicaD","article_published_time":"2025-04-09T18:30:19+00:00","og_image":[{"width":768,"height":437,"url":"https:\/\/potenciaradiofonicadominicana.com\/portal\/wp-content\/uploads\/2025\/04\/u769i8-67890i6097.webp","type":"image\/webp"}],"author":"Potencia Radiof\u00f3nica Dominicana","twitter_card":"summary_large_image","twitter_misc":{"Escrito por":"Potencia Radiof\u00f3nica Dominicana","Tiempo de lectura":"5 minutos"},"schema":{"@context":"https:\/\/schema.org","@graph":[{"@type":"Article","@id":"https:\/\/potenciaradiofonicadominicana.com\/portal\/seleccion-futbol-rd-en-top-10-de-mayor-valoracion-del-mercado-region-centroamerica-y-el-caribe\/#article","isPartOf":{"@id":"https:\/\/potenciaradiofonicadominicana.com\/portal\/seleccion-futbol-rd-en-top-10-de-mayor-valoracion-del-mercado-region-centroamerica-y-el-caribe\/"},"author":{"name":"Potencia Radiof\u00f3nica Dominicana","@id":"https:\/\/potenciaradiofonicadominicana.com\/portal\/#\/schema\/person\/a5cf1fea13877803ee0573ac18b03490"},"headline":"Selecci\u00f3n f\u00fatbol RD, en top-10 de mayor valoraci\u00f3n del mercado regi\u00f3n Centroam\u00e9rica y El Caribe","datePublished":"2025-04-09T18:30:19+00:00","mainEntityOfPage":{"@id":"https:\/\/potenciaradiofonicadominicana.com\/portal\/seleccion-futbol-rd-en-top-10-de-mayor-valoracion-del-mercado-region-centroamerica-y-el-caribe\/"},"wordCount":836,"publisher":{"@id":"https:\/\/potenciaradiofonicadominicana.com\/portal\/#organization"},"image":{"@id":"https:\/\/potenciaradiofonicadominicana.com\/portal\/seleccion-futbol-rd-en-top-10-de-mayor-valoracion-del-mercado-region-centroamerica-y-el-caribe\/#primaryimage"},"thumbnailUrl":"https:\/\/potenciaradiofonicadominicana.com\/portal\/wp-content\/uploads\/2025\/04\/u769i8-67890i6097.webp","articleSection":["Deportes"],"inLanguage":"es"},{"@type":"WebPage","@id":"https:\/\/potenciaradiofonicadominicana.com\/portal\/seleccion-futbol-rd-en-top-10-de-mayor-valoracion-del-mercado-region-centroamerica-y-el-caribe\/","url":"https:\/\/potenciaradiofonicadominicana.com\/portal\/seleccion-futbol-rd-en-top-10-de-mayor-valoracion-del-mercado-region-centroamerica-y-el-caribe\/","name":"Selecci\u00f3n f\u00fatbol RD, en top-10 de mayor valoraci\u00f3n del mercado regi\u00f3n Centroam\u00e9rica y El Caribe - PotenciaRadiofonicaDominicana.com","isPartOf":{"@id":"https:\/\/potenciaradiofonicadominicana.com\/portal\/#website"},"primaryImageOfPage":{"@id":"https:\/\/potenciaradiofonicadominicana.com\/portal\/seleccion-futbol-rd-en-top-10-de-mayor-valoracion-del-mercado-region-centroamerica-y-el-caribe\/#primaryimage"},"image":{"@id":"https:\/\/potenciaradiofonicadominicana.com\/portal\/seleccion-futbol-rd-en-top-10-de-mayor-valoracion-del-mercado-region-centroamerica-y-el-caribe\/#primaryimage"},"thumbnailUrl":"https:\/\/potenciaradiofonicadominicana.com\/portal\/wp-content\/uploads\/2025\/04\/u769i8-67890i6097.webp","datePublished":"2025-04-09T18:30:19+00:00","breadcrumb":{"@id":"https:\/\/potenciaradiofonicadominicana.com\/portal\/seleccion-futbol-rd-en-top-10-de-mayor-valoracion-del-mercado-region-centroamerica-y-el-caribe\/#breadcrumb"},"inLanguage":"es","potentialAction":[{"@type":"ReadAction","target":["https:\/\/potenciaradiofonicadominicana.com\/portal\/seleccion-futbol-rd-en-top-10-de-mayor-valoracion-del-mercado-region-centroamerica-y-el-caribe\/"]}]},{"@type":"ImageObject","inLanguage":"es","@id":"https:\/\/potenciaradiofonicadominicana.com\/portal\/seleccion-futbol-rd-en-top-10-de-mayor-valoracion-del-mercado-region-centroamerica-y-el-caribe\/#primaryimage","url":"https:\/\/potenciaradiofonicadominicana.com\/portal\/wp-content\/uploads\/2025\/04\/u769i8-67890i6097.webp","contentUrl":"https:\/\/potenciaradiofonicadominicana.com\/portal\/wp-content\/uploads\/2025\/04\/u769i8-67890i6097.webp","width":768,"height":437},{"@type":"BreadcrumbList","@id":"https:\/\/potenciaradiofonicadominicana.com\/portal\/seleccion-futbol-rd-en-top-10-de-mayor-valoracion-del-mercado-region-centroamerica-y-el-caribe\/#breadcrumb","itemListElement":[{"@type":"ListItem","position":1,"name":"Portada","item":"https:\/\/potenciaradiofonicadominicana.com\/portal\/"},{"@type":"ListItem","position":2,"name":"Selecci\u00f3n f\u00fatbol RD, en top-10 de mayor valoraci\u00f3n del mercado regi\u00f3n Centroam\u00e9rica y El Caribe"}]},{"@type":"WebSite","@id":"https:\/\/potenciaradiofonicadominicana.com\/portal\/#website","url":"https:\/\/potenciaradiofonicadominicana.com\/portal\/","name":"PotenciaRadiofonicaDominicana.com","description":"Peri\u00f3dico Digital","publisher":{"@id":"https:\/\/potenciaradiofonicadominicana.com\/portal\/#organization"},"potentialAction":[{"@type":"SearchAction","target":{"@type":"EntryPoint","urlTemplate":"https:\/\/potenciaradiofonicadominicana.com\/portal\/?s={search_term_string}"},"query-input":{"@type":"PropertyValueSpecification","valueRequired":true,"valueName":"search_term_string"}}],"inLanguage":"es"},{"@type":"Organization","@id":"https:\/\/potenciaradiofonicadominicana.com\/portal\/#organization","name":"PotenciaRadiofonicaDominicana.com","url":"https:\/\/potenciaradiofonicadominicana.com\/portal\/","logo":{"@type":"ImageObject","inLanguage":"es","@id":"https:\/\/potenciaradiofonicadominicana.com\/portal\/#\/schema\/logo\/image\/","url":"https:\/\/potenciaradiofonicadominicana.com\/portal\/wp-content\/uploads\/2022\/01\/descarga.png","contentUrl":"https:\/\/potenciaradiofonicadominicana.com\/portal\/wp-content\/uploads\/2022\/01\/descarga.png","width":300,"height":100,"caption":"PotenciaRadiofonicaDominicana.com"},"image":{"@id":"https:\/\/potenciaradiofonicadominicana.com\/portal\/#\/schema\/logo\/image\/"},"sameAs":["https:\/\/web.facebook.com\/PotenciaRadiofonicaD"]},{"@type":"Person","@id":"https:\/\/potenciaradiofonicadominicana.com\/portal\/#\/schema\/person\/a5cf1fea13877803ee0573ac18b03490","name":"Potencia Radiof\u00f3nica Dominicana","image":{"@type":"ImageObject","inLanguage":"es","@id":"https:\/\/potenciaradiofonicadominicana.com\/portal\/#\/schema\/person\/image\/","url":"https:\/\/secure.gravatar.com\/avatar\/42a55ab9e8ccc656ba34cd791990602a?s=96&d=mm&r=g","contentUrl":"https:\/\/secure.gravatar.com\/avatar\/42a55ab9e8ccc656ba34cd791990602a?s=96&d=mm&r=g","caption":"Potencia Radiof\u00f3nica Dominicana"},"url":"https:\/\/potenciaradiofonicadominicana.com\/portal\/author\/johannyalmanzar\/"}]}},"_links":{"self":[{"href":"https:\/\/potenciaradiofonicadominicana.com\/portal\/wp-json\/wp\/v2\/posts\/185425","targetHints":{"allow":["GET"]}}],"collection":[{"href":"https:\/\/potenciaradiofonicadominicana.com\/portal\/wp-json\/wp\/v2\/posts"}],"about":[{"href":"https:\/\/potenciaradiofonicadominicana.com\/portal\/wp-json\/wp\/v2\/types\/post"}],"author":[{"embeddable":true,"href":"https:\/\/potenciaradiofonicadominicana.com\/portal\/wp-json\/wp\/v2\/users\/2"}],"replies":[{"embeddable":true,"href":"https:\/\/potenciaradiofonicadominicana.com\/portal\/wp-json\/wp\/v2\/comments?post=185425"}],"version-history":[{"count":1,"href":"https:\/\/potenciaradiofonicadominicana.com\/portal\/wp-json\/wp\/v2\/posts\/185425\/revisions"}],"predecessor-version":[{"id":185427,"href":"https:\/\/potenciaradiofonicadominicana.com\/portal\/wp-json\/wp\/v2\/posts\/185425\/revisions\/185427"}],"wp:featuredmedia":[{"embeddable":true,"href":"https:\/\/potenciaradiofonicadominicana.com\/portal\/wp-json\/wp\/v2\/media\/185426"}],"wp:attachment":[{"href":"https:\/\/potenciaradiofonicadominicana.com\/portal\/wp-json\/wp\/v2\/media?parent=185425"}],"wp:term":[{"taxonomy":"category","embeddable":true,"href":"https:\/\/potenciaradiofonicadominicana.com\/portal\/wp-json\/wp\/v2\/categories?post=185425"},{"taxonomy":"post_tag","embeddable":true,"href":"https:\/\/potenciaradiofonicadominicana.com\/portal\/wp-json\/wp\/v2\/tags?post=185425"}],"curies":[{"name":"wp","href":"https:\/\/api.w.org\/{rel}","templated":true}]}}