{"id":183621,"date":"2025-03-24T01:04:19","date_gmt":"2025-03-24T05:04:19","guid":{"rendered":"https:\/\/potenciaradiofonicadominicana.com\/portal\/?p=183621"},"modified":"2025-03-24T01:15:52","modified_gmt":"2025-03-24T05:15:52","slug":"presidente-luis-abinader-ha-remozado-40-hospitales-publicos-del-pais","status":"publish","type":"post","link":"https:\/\/potenciaradiofonicadominicana.com\/portal\/presidente-luis-abinader-ha-remozado-40-hospitales-publicos-del-pais\/","title":{"rendered":"Presidente Luis Abinader ha remozado 40 % hospitales p\u00fablicos del pa\u00eds"},"content":{"rendered":"<p><a href=\"https:\/\/potenciaradiofonicadominicana.com\/portal\/wp-content\/uploads\/2025\/03\/IMG-20250323-WA0016.jpg\"><img loading=\"lazy\" decoding=\"async\" class=\"alignnone size-full wp-image-183622\" src=\"https:\/\/potenciaradiofonicadominicana.com\/portal\/wp-content\/uploads\/2025\/03\/IMG-20250323-WA0016.jpg\" alt=\"\" width=\"1300\" height=\"731\" srcset=\"https:\/\/potenciaradiofonicadominicana.com\/portal\/wp-content\/uploads\/2025\/03\/IMG-20250323-WA0016.jpg 1300w, https:\/\/potenciaradiofonicadominicana.com\/portal\/wp-content\/uploads\/2025\/03\/IMG-20250323-WA0016-300x169.jpg 300w, https:\/\/potenciaradiofonicadominicana.com\/portal\/wp-content\/uploads\/2025\/03\/IMG-20250323-WA0016-1024x576.jpg 1024w, https:\/\/potenciaradiofonicadominicana.com\/portal\/wp-content\/uploads\/2025\/03\/IMG-20250323-WA0016-768x432.jpg 768w\" sizes=\"auto, (max-width: 1300px) 100vw, 1300px\" \/><\/a><\/p>\n<p>El director del Servicio Nacional de Salud,\u00a0<strong>Mario Lama<\/strong>, afirm\u00f3 que el\u00a0<strong>presidente Luis Abinader<\/strong>\u00a0ha hecho posible\u00a0<strong>el m\u00e1s importante proceso de remozamiento y<\/strong><strong>\u00a0\u00a0<\/strong><strong>transformaci\u00f3n<\/strong>\u00a0del sistema\u00a0\u00a0sanitario del pa\u00eds desde la fundaci\u00f3n del Ministerio de Salud P\u00fablica,\u00a0<strong>hace m\u00e1s de 105 a\u00f1os.<\/strong><\/p>\n<p>Dijo que la transformaci\u00f3n que ha experimentado la red nacional de salud con\u00a0<strong>un total de 70 hospitales renovados y modernizados<\/strong>, ha tenido un\u00a0<strong>impacto especialmente significativo en el sur<\/strong>\u00a0del pa\u00eds, una regi\u00f3n que por d\u00e9cadas se hab\u00eda mantenido en el olvido.<\/p>\n<p><em>\u201cUsted ha remozado 70 de 192, lo que lo acerca al 40 % de todos los hospitales de este pa\u00eds en apenas cuatro a\u00f1os y decirle, se\u00f1or presidente, que qu\u00e9 bueno que lo veo, y con todos mis respetos, con unos zapatos c\u00f3modos porque faltan m\u00e1s de 50 inauguraciones en el sector salud y yo no quiero que usted se me canse\u201d.<\/em><\/p>\n<p><img loading=\"lazy\" decoding=\"async\" src=\"https:\/\/presidencia.gob.do\/sites\/default\/files\/inline-images\/IMG-20250323-WA0018.jpg\" width=\"4160\" height=\"2913\" data-entity-uuid=\"ea951f9f-b163-4bb9-a19b-dbc2b39b288d\" data-entity-type=\"file\" \/><\/p>\n<p>El doctor Lama\u00a0\u00a0hizo el se\u00f1alamiento durante\u00a0\u00a0la entrega del remozado\u00a0<strong>Hospital Nuestra Se\u00f1ora de Regla en Ban\u00ed<\/strong>, que\u00a0\u00a0ahora cuenta con 16 consultorios generales, dos para atenci\u00f3n de adolescentes, cuatro pedi\u00e1tricos, uno ginecol\u00f3gico, uno de sonograf\u00eda y otros especializados en VIH, tuberculosis y odontolog\u00eda.\u00a0\u00a0Adem\u00e1s dispone de una sala de lactancia y un \u00e1rea de espera mucho m\u00e1s c\u00f3moda y amplia.<\/p>\n<p><em>\u201cNo me canso de decir que no hay una provincia de la Rep\u00fablica Dominicana que no haya tenido un salto en salud. El sur, nuestro sur olvidado, hoy se coloca en un lugar privilegiado de la salud\u201d.<\/em><\/p>\n<p>En ese sentido, cit\u00f3 la reciente inauguraci\u00f3n del\u00a0<strong>Hospital Traumatol\u00f3gico de Azua<\/strong>, as\u00ed como la renovaci\u00f3n y equipamiento del Hospital Elio Fiallo, de\u00a0<strong>Pedernales<\/strong>; el Hospital de<strong>\u00a0Tamayo<\/strong>, el Hospital de\u00a0<strong>Galv\u00e1n<\/strong>, el Hospital de\u00a0<strong>Neiba<\/strong>, el Hospital de\u00a0<strong>Guayabal<\/strong>, el Hospital de\u00a0<strong>Padre Las Casas<\/strong>,\u00a0\u00a0el Hospital de\u00a0<strong>Peralta<\/strong>, mientras avanzan los trabajos\u00a0\u00a0del materno infantil de\u00a0<strong>Barahona<\/strong>, el Hospital de Traumatolog\u00eda de\u00a0<strong>San Crist\u00f3bal<\/strong>; el Hospital Municipal de\u00a0<strong>Enriquillo<\/strong>\u00a0y el Hospital de\u00a0<strong>Vicente Noble<\/strong>.<\/p>\n<p><em>\u201cNo hay duda de que nunca antes un presidente hab\u00eda hecho tanto como su gesti\u00f3n. Se\u00f1or presidente, usted puede sentirse orgulloso de lo que est\u00e1 pasando\u201d.<\/em><\/p>\n","protected":false},"excerpt":{"rendered":"<p>El director del Servicio Nacional de Salud,\u00a0Mario Lama, afirm\u00f3 que el\u00a0presidente Luis Abinader\u00a0ha hecho posible\u00a0el m\u00e1s importante proceso de remozamiento &#8230;<\/p>\n","protected":false},"author":2,"featured_media":183622,"comment_status":"closed","ping_status":"closed","sticky":false,"template":"","format":"standard","meta":{"footnotes":""},"categories":[25],"tags":[],"class_list":["post-183621","post","type-post","status-publish","format-standard","has-post-thumbnail","hentry","category-noticias"],"yoast_head":"<!-- This site is optimized with the Yoast SEO plugin v24.8.1 - https:\/\/yoast.com\/wordpress\/plugins\/seo\/ -->\n<title>Presidente Luis Abinader ha remozado 40 % hospitales p\u00fablicos del pa\u00eds - PotenciaRadiofonicaDominicana.com<\/title>\n<meta name=\"robots\" content=\"index, follow, max-snippet:-1, max-image-preview:large, max-video-preview:-1\" \/>\n<link rel=\"canonical\" href=\"https:\/\/potenciaradiofonicadominicana.com\/portal\/presidente-luis-abinader-ha-remozado-40-hospitales-publicos-del-pais\/\" \/>\n<meta property=\"og:locale\" content=\"es_ES\" \/>\n<meta property=\"og:type\" content=\"article\" \/>\n<meta property=\"og:title\" content=\"Presidente Luis Abinader ha remozado 40 % hospitales p\u00fablicos del pa\u00eds - PotenciaRadiofonicaDominicana.com\" \/>\n<meta property=\"og:description\" content=\"El director del Servicio Nacional de Salud,\u00a0Mario Lama, afirm\u00f3 que el\u00a0presidente Luis Abinader\u00a0ha hecho posible\u00a0el m\u00e1s importante proceso de remozamiento ...\" \/>\n<meta property=\"og:url\" content=\"https:\/\/potenciaradiofonicadominicana.com\/portal\/presidente-luis-abinader-ha-remozado-40-hospitales-publicos-del-pais\/\" \/>\n<meta property=\"og:site_name\" content=\"PotenciaRadiofonicaDominicana.com\" \/>\n<meta property=\"article:publisher\" content=\"https:\/\/web.facebook.com\/PotenciaRadiofonicaD\" \/>\n<meta property=\"article:published_time\" content=\"2025-03-24T05:04:19+00:00\" \/>\n<meta property=\"article:modified_time\" content=\"2025-03-24T05:15:52+00:00\" \/>\n<meta property=\"og:image\" content=\"https:\/\/potenciaradiofonicadominicana.com\/portal\/wp-content\/uploads\/2025\/03\/IMG-20250323-WA0016.jpg\" \/>\n\t<meta property=\"og:image:width\" content=\"1300\" \/>\n\t<meta property=\"og:image:height\" content=\"731\" \/>\n\t<meta property=\"og:image:type\" content=\"image\/jpeg\" \/>\n<meta name=\"author\" content=\"Potencia Radiof\u00f3nica Dominicana\" \/>\n<meta name=\"twitter:card\" content=\"summary_large_image\" \/>\n<meta name=\"twitter:label1\" content=\"Escrito por\" \/>\n\t<meta name=\"twitter:data1\" content=\"Potencia Radiof\u00f3nica Dominicana\" \/>\n\t<meta name=\"twitter:label2\" content=\"Tiempo de lectura\" \/>\n\t<meta name=\"twitter:data2\" content=\"3 minutos\" \/>\n<script type=\"application\/ld+json\" class=\"yoast-schema-graph\">{\"@context\":\"https:\/\/schema.org\",\"@graph\":[{\"@type\":\"Article\",\"@id\":\"https:\/\/potenciaradiofonicadominicana.com\/portal\/presidente-luis-abinader-ha-remozado-40-hospitales-publicos-del-pais\/#article\",\"isPartOf\":{\"@id\":\"https:\/\/potenciaradiofonicadominicana.com\/portal\/presidente-luis-abinader-ha-remozado-40-hospitales-publicos-del-pais\/\"},\"author\":{\"name\":\"Potencia Radiof\u00f3nica Dominicana\",\"@id\":\"https:\/\/potenciaradiofonicadominicana.com\/portal\/#\/schema\/person\/a5cf1fea13877803ee0573ac18b03490\"},\"headline\":\"Presidente Luis Abinader ha remozado 40 % hospitales p\u00fablicos del pa\u00eds\",\"datePublished\":\"2025-03-24T05:04:19+00:00\",\"dateModified\":\"2025-03-24T05:15:52+00:00\",\"mainEntityOfPage\":{\"@id\":\"https:\/\/potenciaradiofonicadominicana.com\/portal\/presidente-luis-abinader-ha-remozado-40-hospitales-publicos-del-pais\/\"},\"wordCount\":391,\"publisher\":{\"@id\":\"https:\/\/potenciaradiofonicadominicana.com\/portal\/#organization\"},\"image\":{\"@id\":\"https:\/\/potenciaradiofonicadominicana.com\/portal\/presidente-luis-abinader-ha-remozado-40-hospitales-publicos-del-pais\/#primaryimage\"},\"thumbnailUrl\":\"https:\/\/potenciaradiofonicadominicana.com\/portal\/wp-content\/uploads\/2025\/03\/IMG-20250323-WA0016.jpg\",\"articleSection\":[\"Noticias\"],\"inLanguage\":\"es\"},{\"@type\":\"WebPage\",\"@id\":\"https:\/\/potenciaradiofonicadominicana.com\/portal\/presidente-luis-abinader-ha-remozado-40-hospitales-publicos-del-pais\/\",\"url\":\"https:\/\/potenciaradiofonicadominicana.com\/portal\/presidente-luis-abinader-ha-remozado-40-hospitales-publicos-del-pais\/\",\"name\":\"Presidente Luis Abinader ha remozado 40 % hospitales p\u00fablicos del pa\u00eds - PotenciaRadiofonicaDominicana.com\",\"isPartOf\":{\"@id\":\"https:\/\/potenciaradiofonicadominicana.com\/portal\/#website\"},\"primaryImageOfPage\":{\"@id\":\"https:\/\/potenciaradiofonicadominicana.com\/portal\/presidente-luis-abinader-ha-remozado-40-hospitales-publicos-del-pais\/#primaryimage\"},\"image\":{\"@id\":\"https:\/\/potenciaradiofonicadominicana.com\/portal\/presidente-luis-abinader-ha-remozado-40-hospitales-publicos-del-pais\/#primaryimage\"},\"thumbnailUrl\":\"https:\/\/potenciaradiofonicadominicana.com\/portal\/wp-content\/uploads\/2025\/03\/IMG-20250323-WA0016.jpg\",\"datePublished\":\"2025-03-24T05:04:19+00:00\",\"dateModified\":\"2025-03-24T05:15:52+00:00\",\"breadcrumb\":{\"@id\":\"https:\/\/potenciaradiofonicadominicana.com\/portal\/presidente-luis-abinader-ha-remozado-40-hospitales-publicos-del-pais\/#breadcrumb\"},\"inLanguage\":\"es\",\"potentialAction\":[{\"@type\":\"ReadAction\",\"target\":[\"https:\/\/potenciaradiofonicadominicana.com\/portal\/presidente-luis-abinader-ha-remozado-40-hospitales-publicos-del-pais\/\"]}]},{\"@type\":\"ImageObject\",\"inLanguage\":\"es\",\"@id\":\"https:\/\/potenciaradiofonicadominicana.com\/portal\/presidente-luis-abinader-ha-remozado-40-hospitales-publicos-del-pais\/#primaryimage\",\"url\":\"https:\/\/potenciaradiofonicadominicana.com\/portal\/wp-content\/uploads\/2025\/03\/IMG-20250323-WA0016.jpg\",\"contentUrl\":\"https:\/\/potenciaradiofonicadominicana.com\/portal\/wp-content\/uploads\/2025\/03\/IMG-20250323-WA0016.jpg\",\"width\":1300,\"height\":731},{\"@type\":\"BreadcrumbList\",\"@id\":\"https:\/\/potenciaradiofonicadominicana.com\/portal\/presidente-luis-abinader-ha-remozado-40-hospitales-publicos-del-pais\/#breadcrumb\",\"itemListElement\":[{\"@type\":\"ListItem\",\"position\":1,\"name\":\"Portada\",\"item\":\"https:\/\/potenciaradiofonicadominicana.com\/portal\/\"},{\"@type\":\"ListItem\",\"position\":2,\"name\":\"Presidente Luis Abinader ha remozado 40 % hospitales p\u00fablicos del pa\u00eds\"}]},{\"@type\":\"WebSite\",\"@id\":\"https:\/\/potenciaradiofonicadominicana.com\/portal\/#website\",\"url\":\"https:\/\/potenciaradiofonicadominicana.com\/portal\/\",\"name\":\"PotenciaRadiofonicaDominicana.com\",\"description\":\"Peri\u00f3dico Digital\",\"publisher\":{\"@id\":\"https:\/\/potenciaradiofonicadominicana.com\/portal\/#organization\"},\"potentialAction\":[{\"@type\":\"SearchAction\",\"target\":{\"@type\":\"EntryPoint\",\"urlTemplate\":\"https:\/\/potenciaradiofonicadominicana.com\/portal\/?s={search_term_string}\"},\"query-input\":{\"@type\":\"PropertyValueSpecification\",\"valueRequired\":true,\"valueName\":\"search_term_string\"}}],\"inLanguage\":\"es\"},{\"@type\":\"Organization\",\"@id\":\"https:\/\/potenciaradiofonicadominicana.com\/portal\/#organization\",\"name\":\"PotenciaRadiofonicaDominicana.com\",\"url\":\"https:\/\/potenciaradiofonicadominicana.com\/portal\/\",\"logo\":{\"@type\":\"ImageObject\",\"inLanguage\":\"es\",\"@id\":\"https:\/\/potenciaradiofonicadominicana.com\/portal\/#\/schema\/logo\/image\/\",\"url\":\"https:\/\/potenciaradiofonicadominicana.com\/portal\/wp-content\/uploads\/2022\/01\/descarga.png\",\"contentUrl\":\"https:\/\/potenciaradiofonicadominicana.com\/portal\/wp-content\/uploads\/2022\/01\/descarga.png\",\"width\":300,\"height\":100,\"caption\":\"PotenciaRadiofonicaDominicana.com\"},\"image\":{\"@id\":\"https:\/\/potenciaradiofonicadominicana.com\/portal\/#\/schema\/logo\/image\/\"},\"sameAs\":[\"https:\/\/web.facebook.com\/PotenciaRadiofonicaD\"]},{\"@type\":\"Person\",\"@id\":\"https:\/\/potenciaradiofonicadominicana.com\/portal\/#\/schema\/person\/a5cf1fea13877803ee0573ac18b03490\",\"name\":\"Potencia Radiof\u00f3nica Dominicana\",\"image\":{\"@type\":\"ImageObject\",\"inLanguage\":\"es\",\"@id\":\"https:\/\/potenciaradiofonicadominicana.com\/portal\/#\/schema\/person\/image\/\",\"url\":\"https:\/\/secure.gravatar.com\/avatar\/42a55ab9e8ccc656ba34cd791990602a?s=96&d=mm&r=g\",\"contentUrl\":\"https:\/\/secure.gravatar.com\/avatar\/42a55ab9e8ccc656ba34cd791990602a?s=96&d=mm&r=g\",\"caption\":\"Potencia Radiof\u00f3nica Dominicana\"},\"url\":\"https:\/\/potenciaradiofonicadominicana.com\/portal\/author\/johannyalmanzar\/\"}]}<\/script>\n<!-- \/ Yoast SEO plugin. -->","yoast_head_json":{"title":"Presidente Luis Abinader ha remozado 40 % hospitales p\u00fablicos del pa\u00eds - PotenciaRadiofonicaDominicana.com","robots":{"index":"index","follow":"follow","max-snippet":"max-snippet:-1","max-image-preview":"max-image-preview:large","max-video-preview":"max-video-preview:-1"},"canonical":"https:\/\/potenciaradiofonicadominicana.com\/portal\/presidente-luis-abinader-ha-remozado-40-hospitales-publicos-del-pais\/","og_locale":"es_ES","og_type":"article","og_title":"Presidente Luis Abinader ha remozado 40 % hospitales p\u00fablicos del pa\u00eds - PotenciaRadiofonicaDominicana.com","og_description":"El director del Servicio Nacional de Salud,\u00a0Mario Lama, afirm\u00f3 que el\u00a0presidente Luis Abinader\u00a0ha hecho posible\u00a0el m\u00e1s importante proceso de remozamiento ...","og_url":"https:\/\/potenciaradiofonicadominicana.com\/portal\/presidente-luis-abinader-ha-remozado-40-hospitales-publicos-del-pais\/","og_site_name":"PotenciaRadiofonicaDominicana.com","article_publisher":"https:\/\/web.facebook.com\/PotenciaRadiofonicaD","article_published_time":"2025-03-24T05:04:19+00:00","article_modified_time":"2025-03-24T05:15:52+00:00","og_image":[{"width":1300,"height":731,"url":"https:\/\/potenciaradiofonicadominicana.com\/portal\/wp-content\/uploads\/2025\/03\/IMG-20250323-WA0016.jpg","type":"image\/jpeg"}],"author":"Potencia Radiof\u00f3nica Dominicana","twitter_card":"summary_large_image","twitter_misc":{"Escrito por":"Potencia Radiof\u00f3nica Dominicana","Tiempo de lectura":"3 minutos"},"schema":{"@context":"https:\/\/schema.org","@graph":[{"@type":"Article","@id":"https:\/\/potenciaradiofonicadominicana.com\/portal\/presidente-luis-abinader-ha-remozado-40-hospitales-publicos-del-pais\/#article","isPartOf":{"@id":"https:\/\/potenciaradiofonicadominicana.com\/portal\/presidente-luis-abinader-ha-remozado-40-hospitales-publicos-del-pais\/"},"author":{"name":"Potencia Radiof\u00f3nica Dominicana","@id":"https:\/\/potenciaradiofonicadominicana.com\/portal\/#\/schema\/person\/a5cf1fea13877803ee0573ac18b03490"},"headline":"Presidente Luis Abinader ha remozado 40 % hospitales p\u00fablicos del pa\u00eds","datePublished":"2025-03-24T05:04:19+00:00","dateModified":"2025-03-24T05:15:52+00:00","mainEntityOfPage":{"@id":"https:\/\/potenciaradiofonicadominicana.com\/portal\/presidente-luis-abinader-ha-remozado-40-hospitales-publicos-del-pais\/"},"wordCount":391,"publisher":{"@id":"https:\/\/potenciaradiofonicadominicana.com\/portal\/#organization"},"image":{"@id":"https:\/\/potenciaradiofonicadominicana.com\/portal\/presidente-luis-abinader-ha-remozado-40-hospitales-publicos-del-pais\/#primaryimage"},"thumbnailUrl":"https:\/\/potenciaradiofonicadominicana.com\/portal\/wp-content\/uploads\/2025\/03\/IMG-20250323-WA0016.jpg","articleSection":["Noticias"],"inLanguage":"es"},{"@type":"WebPage","@id":"https:\/\/potenciaradiofonicadominicana.com\/portal\/presidente-luis-abinader-ha-remozado-40-hospitales-publicos-del-pais\/","url":"https:\/\/potenciaradiofonicadominicana.com\/portal\/presidente-luis-abinader-ha-remozado-40-hospitales-publicos-del-pais\/","name":"Presidente Luis Abinader ha remozado 40 % hospitales p\u00fablicos del pa\u00eds - PotenciaRadiofonicaDominicana.com","isPartOf":{"@id":"https:\/\/potenciaradiofonicadominicana.com\/portal\/#website"},"primaryImageOfPage":{"@id":"https:\/\/potenciaradiofonicadominicana.com\/portal\/presidente-luis-abinader-ha-remozado-40-hospitales-publicos-del-pais\/#primaryimage"},"image":{"@id":"https:\/\/potenciaradiofonicadominicana.com\/portal\/presidente-luis-abinader-ha-remozado-40-hospitales-publicos-del-pais\/#primaryimage"},"thumbnailUrl":"https:\/\/potenciaradiofonicadominicana.com\/portal\/wp-content\/uploads\/2025\/03\/IMG-20250323-WA0016.jpg","datePublished":"2025-03-24T05:04:19+00:00","dateModified":"2025-03-24T05:15:52+00:00","breadcrumb":{"@id":"https:\/\/potenciaradiofonicadominicana.com\/portal\/presidente-luis-abinader-ha-remozado-40-hospitales-publicos-del-pais\/#breadcrumb"},"inLanguage":"es","potentialAction":[{"@type":"ReadAction","target":["https:\/\/potenciaradiofonicadominicana.com\/portal\/presidente-luis-abinader-ha-remozado-40-hospitales-publicos-del-pais\/"]}]},{"@type":"ImageObject","inLanguage":"es","@id":"https:\/\/potenciaradiofonicadominicana.com\/portal\/presidente-luis-abinader-ha-remozado-40-hospitales-publicos-del-pais\/#primaryimage","url":"https:\/\/potenciaradiofonicadominicana.com\/portal\/wp-content\/uploads\/2025\/03\/IMG-20250323-WA0016.jpg","contentUrl":"https:\/\/potenciaradiofonicadominicana.com\/portal\/wp-content\/uploads\/2025\/03\/IMG-20250323-WA0016.jpg","width":1300,"height":731},{"@type":"BreadcrumbList","@id":"https:\/\/potenciaradiofonicadominicana.com\/portal\/presidente-luis-abinader-ha-remozado-40-hospitales-publicos-del-pais\/#breadcrumb","itemListElement":[{"@type":"ListItem","position":1,"name":"Portada","item":"https:\/\/potenciaradiofonicadominicana.com\/portal\/"},{"@type":"ListItem","position":2,"name":"Presidente Luis Abinader ha remozado 40 % hospitales p\u00fablicos del pa\u00eds"}]},{"@type":"WebSite","@id":"https:\/\/potenciaradiofonicadominicana.com\/portal\/#website","url":"https:\/\/potenciaradiofonicadominicana.com\/portal\/","name":"PotenciaRadiofonicaDominicana.com","description":"Peri\u00f3dico Digital","publisher":{"@id":"https:\/\/potenciaradiofonicadominicana.com\/portal\/#organization"},"potentialAction":[{"@type":"SearchAction","target":{"@type":"EntryPoint","urlTemplate":"https:\/\/potenciaradiofonicadominicana.com\/portal\/?s={search_term_string}"},"query-input":{"@type":"PropertyValueSpecification","valueRequired":true,"valueName":"search_term_string"}}],"inLanguage":"es"},{"@type":"Organization","@id":"https:\/\/potenciaradiofonicadominicana.com\/portal\/#organization","name":"PotenciaRadiofonicaDominicana.com","url":"https:\/\/potenciaradiofonicadominicana.com\/portal\/","logo":{"@type":"ImageObject","inLanguage":"es","@id":"https:\/\/potenciaradiofonicadominicana.com\/portal\/#\/schema\/logo\/image\/","url":"https:\/\/potenciaradiofonicadominicana.com\/portal\/wp-content\/uploads\/2022\/01\/descarga.png","contentUrl":"https:\/\/potenciaradiofonicadominicana.com\/portal\/wp-content\/uploads\/2022\/01\/descarga.png","width":300,"height":100,"caption":"PotenciaRadiofonicaDominicana.com"},"image":{"@id":"https:\/\/potenciaradiofonicadominicana.com\/portal\/#\/schema\/logo\/image\/"},"sameAs":["https:\/\/web.facebook.com\/PotenciaRadiofonicaD"]},{"@type":"Person","@id":"https:\/\/potenciaradiofonicadominicana.com\/portal\/#\/schema\/person\/a5cf1fea13877803ee0573ac18b03490","name":"Potencia Radiof\u00f3nica Dominicana","image":{"@type":"ImageObject","inLanguage":"es","@id":"https:\/\/potenciaradiofonicadominicana.com\/portal\/#\/schema\/person\/image\/","url":"https:\/\/secure.gravatar.com\/avatar\/42a55ab9e8ccc656ba34cd791990602a?s=96&d=mm&r=g","contentUrl":"https:\/\/secure.gravatar.com\/avatar\/42a55ab9e8ccc656ba34cd791990602a?s=96&d=mm&r=g","caption":"Potencia Radiof\u00f3nica Dominicana"},"url":"https:\/\/potenciaradiofonicadominicana.com\/portal\/author\/johannyalmanzar\/"}]}},"_links":{"self":[{"href":"https:\/\/potenciaradiofonicadominicana.com\/portal\/wp-json\/wp\/v2\/posts\/183621","targetHints":{"allow":["GET"]}}],"collection":[{"href":"https:\/\/potenciaradiofonicadominicana.com\/portal\/wp-json\/wp\/v2\/posts"}],"about":[{"href":"https:\/\/potenciaradiofonicadominicana.com\/portal\/wp-json\/wp\/v2\/types\/post"}],"author":[{"embeddable":true,"href":"https:\/\/potenciaradiofonicadominicana.com\/portal\/wp-json\/wp\/v2\/users\/2"}],"replies":[{"embeddable":true,"href":"https:\/\/potenciaradiofonicadominicana.com\/portal\/wp-json\/wp\/v2\/comments?post=183621"}],"version-history":[{"count":1,"href":"https:\/\/potenciaradiofonicadominicana.com\/portal\/wp-json\/wp\/v2\/posts\/183621\/revisions"}],"predecessor-version":[{"id":183623,"href":"https:\/\/potenciaradiofonicadominicana.com\/portal\/wp-json\/wp\/v2\/posts\/183621\/revisions\/183623"}],"wp:featuredmedia":[{"embeddable":true,"href":"https:\/\/potenciaradiofonicadominicana.com\/portal\/wp-json\/wp\/v2\/media\/183622"}],"wp:attachment":[{"href":"https:\/\/potenciaradiofonicadominicana.com\/portal\/wp-json\/wp\/v2\/media?parent=183621"}],"wp:term":[{"taxonomy":"category","embeddable":true,"href":"https:\/\/potenciaradiofonicadominicana.com\/portal\/wp-json\/wp\/v2\/categories?post=183621"},{"taxonomy":"post_tag","embeddable":true,"href":"https:\/\/potenciaradiofonicadominicana.com\/portal\/wp-json\/wp\/v2\/tags?post=183621"}],"curies":[{"name":"wp","href":"https:\/\/api.w.org\/{rel}","templated":true}]}}