{"id":183533,"date":"2025-03-24T00:20:31","date_gmt":"2025-03-24T04:20:31","guid":{"rendered":"https:\/\/potenciaradiofonicadominicana.com\/portal\/?p=183533"},"modified":"2025-03-24T00:20:31","modified_gmt":"2025-03-24T04:20:31","slug":"entidades-impulsaran-modernizacion-de-la-agricultura-bajo-riego","status":"publish","type":"post","link":"https:\/\/potenciaradiofonicadominicana.com\/portal\/entidades-impulsaran-modernizacion-de-la-agricultura-bajo-riego\/","title":{"rendered":"Entidades impulsar\u00e1n modernizaci\u00f3n de la agricultura bajo riego"},"content":{"rendered":"<p><a href=\"https:\/\/potenciaradiofonicadominicana.com\/portal\/wp-content\/uploads\/2025\/03\/WhatsApp-Image-2025-03-23-at-11.48.01-AM-1024x625-1.webp\"><img loading=\"lazy\" decoding=\"async\" class=\"alignnone size-full wp-image-183534\" src=\"https:\/\/potenciaradiofonicadominicana.com\/portal\/wp-content\/uploads\/2025\/03\/WhatsApp-Image-2025-03-23-at-11.48.01-AM-1024x625-1.webp\" alt=\"\" width=\"1024\" height=\"625\" srcset=\"https:\/\/potenciaradiofonicadominicana.com\/portal\/wp-content\/uploads\/2025\/03\/WhatsApp-Image-2025-03-23-at-11.48.01-AM-1024x625-1.webp 1024w, https:\/\/potenciaradiofonicadominicana.com\/portal\/wp-content\/uploads\/2025\/03\/WhatsApp-Image-2025-03-23-at-11.48.01-AM-1024x625-1-300x183.webp 300w, https:\/\/potenciaradiofonicadominicana.com\/portal\/wp-content\/uploads\/2025\/03\/WhatsApp-Image-2025-03-23-at-11.48.01-AM-1024x625-1-768x469.webp 768w, https:\/\/potenciaradiofonicadominicana.com\/portal\/wp-content\/uploads\/2025\/03\/WhatsApp-Image-2025-03-23-at-11.48.01-AM-1024x625-1-165x100.webp 165w\" sizes=\"auto, (max-width: 1024px) 100vw, 1024px\" \/><\/a><\/p>\n<p>El Consejo Nacional de Regantes (CNR) y la Junta Agroempresarial Dominicana (JAD) firmaron un Acuerdo de Colaboraci\u00f3n y Cooperaci\u00f3n Interinstitucional, con el objetivo de impulsar la modernizaci\u00f3n y el desarrollo de la agricultura bajo riego en la Rep\u00fablica Dominicana.<\/p>\n<p>El convenio busca la incorporaci\u00f3n de nuevas tecnolog\u00edas, el acceso a cr\u00e9ditos agropecuarios y la facilitaci\u00f3n de oportunidades de mercado para los productores agr\u00edcolas que operan bajo sistemas de riego. La alianza beneficiar\u00e1 a m\u00e1s de 85 mil usuarios y abarcar\u00e1 aproximadamente 5 millones de tareas cultivables en todo el pa\u00eds.<\/p>\n<p>Las instituciones asumieron el compromiso de la planificaci\u00f3n y desarrollo de estrategias para optimizar la producci\u00f3n agr\u00edcola bajo riego. Adem\u00e1s, brindar\u00e1n asistencia t\u00e9cnica, an\u00e1lisis de laboratorio e informaci\u00f3n de mercado para los agricultores. Tambi\u00e9n trabajar\u00e1n en la identificaci\u00f3n de fuentes de financiamiento para productores agropecuarios.<\/p>\n<p>Asimismo, en la promoci\u00f3n de la comercializaci\u00f3n de productos en mercados nacionales e internacionales. Adem\u00e1s, se enfocar\u00e1n en el fortalecimiento institucional y administrativo de las Juntas y Asociaciones de Regantes.<\/p>\n<p>El acuerdo fue suscrito por el Presidente del CNR, Blas Dom\u00ednguez, y los representantes de la JAD, Jos\u00e9 L\u00f3pez, Presidente del Consejo y Osmar C. Ben\u00edtez, Presidente Ejecutivo, quienes destacaron la importancia de esta colaboraci\u00f3n, para mejorar la productividad del sector agropecuario y enfrentar los desaf\u00edos tecnol\u00f3gicos y clim\u00e1ticos actuales.<\/p>\n<p>Para dar seguimiento a los compromisos asumidos, crear\u00e1n un Consejo Mixto, integrado por representantes de ambas instituciones.<\/p>\n<p>Con esta iniciativa, el CNR y la JAD refuerzan su compromiso con el desarrollo del sector agropecuario dominicano, promoviendo una agricultura m\u00e1s eficiente, innovadora y sostenible.<\/p>\n","protected":false},"excerpt":{"rendered":"<p>El Consejo Nacional de Regantes (CNR) y la Junta Agroempresarial Dominicana (JAD) firmaron un Acuerdo de Colaboraci\u00f3n y Cooperaci\u00f3n Interinstitucional, &#8230;<\/p>\n","protected":false},"author":2,"featured_media":183534,"comment_status":"closed","ping_status":"closed","sticky":false,"template":"","format":"standard","meta":{"footnotes":""},"categories":[26],"tags":[],"class_list":["post-183533","post","type-post","status-publish","format-standard","has-post-thumbnail","hentry","category-economia"],"yoast_head":"<!-- This site is optimized with the Yoast SEO plugin v24.8.1 - https:\/\/yoast.com\/wordpress\/plugins\/seo\/ -->\n<title>Entidades impulsar\u00e1n modernizaci\u00f3n de la agricultura bajo riego - PotenciaRadiofonicaDominicana.com<\/title>\n<meta name=\"robots\" content=\"index, follow, max-snippet:-1, max-image-preview:large, max-video-preview:-1\" \/>\n<link rel=\"canonical\" href=\"https:\/\/potenciaradiofonicadominicana.com\/portal\/entidades-impulsaran-modernizacion-de-la-agricultura-bajo-riego\/\" \/>\n<meta property=\"og:locale\" content=\"es_ES\" \/>\n<meta property=\"og:type\" content=\"article\" \/>\n<meta property=\"og:title\" content=\"Entidades impulsar\u00e1n modernizaci\u00f3n de la agricultura bajo riego - PotenciaRadiofonicaDominicana.com\" \/>\n<meta property=\"og:description\" content=\"El Consejo Nacional de Regantes (CNR) y la Junta Agroempresarial Dominicana (JAD) firmaron un Acuerdo de Colaboraci\u00f3n y Cooperaci\u00f3n Interinstitucional, ...\" \/>\n<meta property=\"og:url\" content=\"https:\/\/potenciaradiofonicadominicana.com\/portal\/entidades-impulsaran-modernizacion-de-la-agricultura-bajo-riego\/\" \/>\n<meta property=\"og:site_name\" content=\"PotenciaRadiofonicaDominicana.com\" \/>\n<meta property=\"article:publisher\" content=\"https:\/\/web.facebook.com\/PotenciaRadiofonicaD\" \/>\n<meta property=\"article:published_time\" content=\"2025-03-24T04:20:31+00:00\" \/>\n<meta property=\"og:image\" content=\"https:\/\/potenciaradiofonicadominicana.com\/portal\/wp-content\/uploads\/2025\/03\/WhatsApp-Image-2025-03-23-at-11.48.01-AM-1024x625-1.webp\" \/>\n\t<meta property=\"og:image:width\" content=\"1024\" \/>\n\t<meta property=\"og:image:height\" content=\"625\" \/>\n\t<meta property=\"og:image:type\" content=\"image\/webp\" \/>\n<meta name=\"author\" content=\"Potencia Radiof\u00f3nica Dominicana\" \/>\n<meta name=\"twitter:card\" content=\"summary_large_image\" \/>\n<meta name=\"twitter:label1\" content=\"Escrito por\" \/>\n\t<meta name=\"twitter:data1\" content=\"Potencia Radiof\u00f3nica Dominicana\" \/>\n\t<meta name=\"twitter:label2\" content=\"Tiempo de lectura\" \/>\n\t<meta name=\"twitter:data2\" content=\"2 minutos\" \/>\n<script type=\"application\/ld+json\" class=\"yoast-schema-graph\">{\"@context\":\"https:\/\/schema.org\",\"@graph\":[{\"@type\":\"Article\",\"@id\":\"https:\/\/potenciaradiofonicadominicana.com\/portal\/entidades-impulsaran-modernizacion-de-la-agricultura-bajo-riego\/#article\",\"isPartOf\":{\"@id\":\"https:\/\/potenciaradiofonicadominicana.com\/portal\/entidades-impulsaran-modernizacion-de-la-agricultura-bajo-riego\/\"},\"author\":{\"name\":\"Potencia Radiof\u00f3nica Dominicana\",\"@id\":\"https:\/\/potenciaradiofonicadominicana.com\/portal\/#\/schema\/person\/a5cf1fea13877803ee0573ac18b03490\"},\"headline\":\"Entidades impulsar\u00e1n modernizaci\u00f3n de la agricultura bajo riego\",\"datePublished\":\"2025-03-24T04:20:31+00:00\",\"mainEntityOfPage\":{\"@id\":\"https:\/\/potenciaradiofonicadominicana.com\/portal\/entidades-impulsaran-modernizacion-de-la-agricultura-bajo-riego\/\"},\"wordCount\":301,\"publisher\":{\"@id\":\"https:\/\/potenciaradiofonicadominicana.com\/portal\/#organization\"},\"image\":{\"@id\":\"https:\/\/potenciaradiofonicadominicana.com\/portal\/entidades-impulsaran-modernizacion-de-la-agricultura-bajo-riego\/#primaryimage\"},\"thumbnailUrl\":\"https:\/\/potenciaradiofonicadominicana.com\/portal\/wp-content\/uploads\/2025\/03\/WhatsApp-Image-2025-03-23-at-11.48.01-AM-1024x625-1.webp\",\"articleSection\":[\"Econom\u00eda\"],\"inLanguage\":\"es\"},{\"@type\":\"WebPage\",\"@id\":\"https:\/\/potenciaradiofonicadominicana.com\/portal\/entidades-impulsaran-modernizacion-de-la-agricultura-bajo-riego\/\",\"url\":\"https:\/\/potenciaradiofonicadominicana.com\/portal\/entidades-impulsaran-modernizacion-de-la-agricultura-bajo-riego\/\",\"name\":\"Entidades impulsar\u00e1n modernizaci\u00f3n de la agricultura bajo riego - PotenciaRadiofonicaDominicana.com\",\"isPartOf\":{\"@id\":\"https:\/\/potenciaradiofonicadominicana.com\/portal\/#website\"},\"primaryImageOfPage\":{\"@id\":\"https:\/\/potenciaradiofonicadominicana.com\/portal\/entidades-impulsaran-modernizacion-de-la-agricultura-bajo-riego\/#primaryimage\"},\"image\":{\"@id\":\"https:\/\/potenciaradiofonicadominicana.com\/portal\/entidades-impulsaran-modernizacion-de-la-agricultura-bajo-riego\/#primaryimage\"},\"thumbnailUrl\":\"https:\/\/potenciaradiofonicadominicana.com\/portal\/wp-content\/uploads\/2025\/03\/WhatsApp-Image-2025-03-23-at-11.48.01-AM-1024x625-1.webp\",\"datePublished\":\"2025-03-24T04:20:31+00:00\",\"breadcrumb\":{\"@id\":\"https:\/\/potenciaradiofonicadominicana.com\/portal\/entidades-impulsaran-modernizacion-de-la-agricultura-bajo-riego\/#breadcrumb\"},\"inLanguage\":\"es\",\"potentialAction\":[{\"@type\":\"ReadAction\",\"target\":[\"https:\/\/potenciaradiofonicadominicana.com\/portal\/entidades-impulsaran-modernizacion-de-la-agricultura-bajo-riego\/\"]}]},{\"@type\":\"ImageObject\",\"inLanguage\":\"es\",\"@id\":\"https:\/\/potenciaradiofonicadominicana.com\/portal\/entidades-impulsaran-modernizacion-de-la-agricultura-bajo-riego\/#primaryimage\",\"url\":\"https:\/\/potenciaradiofonicadominicana.com\/portal\/wp-content\/uploads\/2025\/03\/WhatsApp-Image-2025-03-23-at-11.48.01-AM-1024x625-1.webp\",\"contentUrl\":\"https:\/\/potenciaradiofonicadominicana.com\/portal\/wp-content\/uploads\/2025\/03\/WhatsApp-Image-2025-03-23-at-11.48.01-AM-1024x625-1.webp\",\"width\":1024,\"height\":625},{\"@type\":\"BreadcrumbList\",\"@id\":\"https:\/\/potenciaradiofonicadominicana.com\/portal\/entidades-impulsaran-modernizacion-de-la-agricultura-bajo-riego\/#breadcrumb\",\"itemListElement\":[{\"@type\":\"ListItem\",\"position\":1,\"name\":\"Portada\",\"item\":\"https:\/\/potenciaradiofonicadominicana.com\/portal\/\"},{\"@type\":\"ListItem\",\"position\":2,\"name\":\"Entidades impulsar\u00e1n modernizaci\u00f3n de la agricultura bajo riego\"}]},{\"@type\":\"WebSite\",\"@id\":\"https:\/\/potenciaradiofonicadominicana.com\/portal\/#website\",\"url\":\"https:\/\/potenciaradiofonicadominicana.com\/portal\/\",\"name\":\"PotenciaRadiofonicaDominicana.com\",\"description\":\"Peri\u00f3dico Digital\",\"publisher\":{\"@id\":\"https:\/\/potenciaradiofonicadominicana.com\/portal\/#organization\"},\"potentialAction\":[{\"@type\":\"SearchAction\",\"target\":{\"@type\":\"EntryPoint\",\"urlTemplate\":\"https:\/\/potenciaradiofonicadominicana.com\/portal\/?s={search_term_string}\"},\"query-input\":{\"@type\":\"PropertyValueSpecification\",\"valueRequired\":true,\"valueName\":\"search_term_string\"}}],\"inLanguage\":\"es\"},{\"@type\":\"Organization\",\"@id\":\"https:\/\/potenciaradiofonicadominicana.com\/portal\/#organization\",\"name\":\"PotenciaRadiofonicaDominicana.com\",\"url\":\"https:\/\/potenciaradiofonicadominicana.com\/portal\/\",\"logo\":{\"@type\":\"ImageObject\",\"inLanguage\":\"es\",\"@id\":\"https:\/\/potenciaradiofonicadominicana.com\/portal\/#\/schema\/logo\/image\/\",\"url\":\"https:\/\/potenciaradiofonicadominicana.com\/portal\/wp-content\/uploads\/2022\/01\/descarga.png\",\"contentUrl\":\"https:\/\/potenciaradiofonicadominicana.com\/portal\/wp-content\/uploads\/2022\/01\/descarga.png\",\"width\":300,\"height\":100,\"caption\":\"PotenciaRadiofonicaDominicana.com\"},\"image\":{\"@id\":\"https:\/\/potenciaradiofonicadominicana.com\/portal\/#\/schema\/logo\/image\/\"},\"sameAs\":[\"https:\/\/web.facebook.com\/PotenciaRadiofonicaD\"]},{\"@type\":\"Person\",\"@id\":\"https:\/\/potenciaradiofonicadominicana.com\/portal\/#\/schema\/person\/a5cf1fea13877803ee0573ac18b03490\",\"name\":\"Potencia Radiof\u00f3nica Dominicana\",\"image\":{\"@type\":\"ImageObject\",\"inLanguage\":\"es\",\"@id\":\"https:\/\/potenciaradiofonicadominicana.com\/portal\/#\/schema\/person\/image\/\",\"url\":\"https:\/\/secure.gravatar.com\/avatar\/42a55ab9e8ccc656ba34cd791990602a?s=96&d=mm&r=g\",\"contentUrl\":\"https:\/\/secure.gravatar.com\/avatar\/42a55ab9e8ccc656ba34cd791990602a?s=96&d=mm&r=g\",\"caption\":\"Potencia Radiof\u00f3nica Dominicana\"},\"url\":\"https:\/\/potenciaradiofonicadominicana.com\/portal\/author\/johannyalmanzar\/\"}]}<\/script>\n<!-- \/ Yoast SEO plugin. -->","yoast_head_json":{"title":"Entidades impulsar\u00e1n modernizaci\u00f3n de la agricultura bajo riego - PotenciaRadiofonicaDominicana.com","robots":{"index":"index","follow":"follow","max-snippet":"max-snippet:-1","max-image-preview":"max-image-preview:large","max-video-preview":"max-video-preview:-1"},"canonical":"https:\/\/potenciaradiofonicadominicana.com\/portal\/entidades-impulsaran-modernizacion-de-la-agricultura-bajo-riego\/","og_locale":"es_ES","og_type":"article","og_title":"Entidades impulsar\u00e1n modernizaci\u00f3n de la agricultura bajo riego - PotenciaRadiofonicaDominicana.com","og_description":"El Consejo Nacional de Regantes (CNR) y la Junta Agroempresarial Dominicana (JAD) firmaron un Acuerdo de Colaboraci\u00f3n y Cooperaci\u00f3n Interinstitucional, ...","og_url":"https:\/\/potenciaradiofonicadominicana.com\/portal\/entidades-impulsaran-modernizacion-de-la-agricultura-bajo-riego\/","og_site_name":"PotenciaRadiofonicaDominicana.com","article_publisher":"https:\/\/web.facebook.com\/PotenciaRadiofonicaD","article_published_time":"2025-03-24T04:20:31+00:00","og_image":[{"width":1024,"height":625,"url":"https:\/\/potenciaradiofonicadominicana.com\/portal\/wp-content\/uploads\/2025\/03\/WhatsApp-Image-2025-03-23-at-11.48.01-AM-1024x625-1.webp","type":"image\/webp"}],"author":"Potencia Radiof\u00f3nica Dominicana","twitter_card":"summary_large_image","twitter_misc":{"Escrito por":"Potencia Radiof\u00f3nica Dominicana","Tiempo de lectura":"2 minutos"},"schema":{"@context":"https:\/\/schema.org","@graph":[{"@type":"Article","@id":"https:\/\/potenciaradiofonicadominicana.com\/portal\/entidades-impulsaran-modernizacion-de-la-agricultura-bajo-riego\/#article","isPartOf":{"@id":"https:\/\/potenciaradiofonicadominicana.com\/portal\/entidades-impulsaran-modernizacion-de-la-agricultura-bajo-riego\/"},"author":{"name":"Potencia Radiof\u00f3nica Dominicana","@id":"https:\/\/potenciaradiofonicadominicana.com\/portal\/#\/schema\/person\/a5cf1fea13877803ee0573ac18b03490"},"headline":"Entidades impulsar\u00e1n modernizaci\u00f3n de la agricultura bajo riego","datePublished":"2025-03-24T04:20:31+00:00","mainEntityOfPage":{"@id":"https:\/\/potenciaradiofonicadominicana.com\/portal\/entidades-impulsaran-modernizacion-de-la-agricultura-bajo-riego\/"},"wordCount":301,"publisher":{"@id":"https:\/\/potenciaradiofonicadominicana.com\/portal\/#organization"},"image":{"@id":"https:\/\/potenciaradiofonicadominicana.com\/portal\/entidades-impulsaran-modernizacion-de-la-agricultura-bajo-riego\/#primaryimage"},"thumbnailUrl":"https:\/\/potenciaradiofonicadominicana.com\/portal\/wp-content\/uploads\/2025\/03\/WhatsApp-Image-2025-03-23-at-11.48.01-AM-1024x625-1.webp","articleSection":["Econom\u00eda"],"inLanguage":"es"},{"@type":"WebPage","@id":"https:\/\/potenciaradiofonicadominicana.com\/portal\/entidades-impulsaran-modernizacion-de-la-agricultura-bajo-riego\/","url":"https:\/\/potenciaradiofonicadominicana.com\/portal\/entidades-impulsaran-modernizacion-de-la-agricultura-bajo-riego\/","name":"Entidades impulsar\u00e1n modernizaci\u00f3n de la agricultura bajo riego - PotenciaRadiofonicaDominicana.com","isPartOf":{"@id":"https:\/\/potenciaradiofonicadominicana.com\/portal\/#website"},"primaryImageOfPage":{"@id":"https:\/\/potenciaradiofonicadominicana.com\/portal\/entidades-impulsaran-modernizacion-de-la-agricultura-bajo-riego\/#primaryimage"},"image":{"@id":"https:\/\/potenciaradiofonicadominicana.com\/portal\/entidades-impulsaran-modernizacion-de-la-agricultura-bajo-riego\/#primaryimage"},"thumbnailUrl":"https:\/\/potenciaradiofonicadominicana.com\/portal\/wp-content\/uploads\/2025\/03\/WhatsApp-Image-2025-03-23-at-11.48.01-AM-1024x625-1.webp","datePublished":"2025-03-24T04:20:31+00:00","breadcrumb":{"@id":"https:\/\/potenciaradiofonicadominicana.com\/portal\/entidades-impulsaran-modernizacion-de-la-agricultura-bajo-riego\/#breadcrumb"},"inLanguage":"es","potentialAction":[{"@type":"ReadAction","target":["https:\/\/potenciaradiofonicadominicana.com\/portal\/entidades-impulsaran-modernizacion-de-la-agricultura-bajo-riego\/"]}]},{"@type":"ImageObject","inLanguage":"es","@id":"https:\/\/potenciaradiofonicadominicana.com\/portal\/entidades-impulsaran-modernizacion-de-la-agricultura-bajo-riego\/#primaryimage","url":"https:\/\/potenciaradiofonicadominicana.com\/portal\/wp-content\/uploads\/2025\/03\/WhatsApp-Image-2025-03-23-at-11.48.01-AM-1024x625-1.webp","contentUrl":"https:\/\/potenciaradiofonicadominicana.com\/portal\/wp-content\/uploads\/2025\/03\/WhatsApp-Image-2025-03-23-at-11.48.01-AM-1024x625-1.webp","width":1024,"height":625},{"@type":"BreadcrumbList","@id":"https:\/\/potenciaradiofonicadominicana.com\/portal\/entidades-impulsaran-modernizacion-de-la-agricultura-bajo-riego\/#breadcrumb","itemListElement":[{"@type":"ListItem","position":1,"name":"Portada","item":"https:\/\/potenciaradiofonicadominicana.com\/portal\/"},{"@type":"ListItem","position":2,"name":"Entidades impulsar\u00e1n modernizaci\u00f3n de la agricultura bajo riego"}]},{"@type":"WebSite","@id":"https:\/\/potenciaradiofonicadominicana.com\/portal\/#website","url":"https:\/\/potenciaradiofonicadominicana.com\/portal\/","name":"PotenciaRadiofonicaDominicana.com","description":"Peri\u00f3dico Digital","publisher":{"@id":"https:\/\/potenciaradiofonicadominicana.com\/portal\/#organization"},"potentialAction":[{"@type":"SearchAction","target":{"@type":"EntryPoint","urlTemplate":"https:\/\/potenciaradiofonicadominicana.com\/portal\/?s={search_term_string}"},"query-input":{"@type":"PropertyValueSpecification","valueRequired":true,"valueName":"search_term_string"}}],"inLanguage":"es"},{"@type":"Organization","@id":"https:\/\/potenciaradiofonicadominicana.com\/portal\/#organization","name":"PotenciaRadiofonicaDominicana.com","url":"https:\/\/potenciaradiofonicadominicana.com\/portal\/","logo":{"@type":"ImageObject","inLanguage":"es","@id":"https:\/\/potenciaradiofonicadominicana.com\/portal\/#\/schema\/logo\/image\/","url":"https:\/\/potenciaradiofonicadominicana.com\/portal\/wp-content\/uploads\/2022\/01\/descarga.png","contentUrl":"https:\/\/potenciaradiofonicadominicana.com\/portal\/wp-content\/uploads\/2022\/01\/descarga.png","width":300,"height":100,"caption":"PotenciaRadiofonicaDominicana.com"},"image":{"@id":"https:\/\/potenciaradiofonicadominicana.com\/portal\/#\/schema\/logo\/image\/"},"sameAs":["https:\/\/web.facebook.com\/PotenciaRadiofonicaD"]},{"@type":"Person","@id":"https:\/\/potenciaradiofonicadominicana.com\/portal\/#\/schema\/person\/a5cf1fea13877803ee0573ac18b03490","name":"Potencia Radiof\u00f3nica Dominicana","image":{"@type":"ImageObject","inLanguage":"es","@id":"https:\/\/potenciaradiofonicadominicana.com\/portal\/#\/schema\/person\/image\/","url":"https:\/\/secure.gravatar.com\/avatar\/42a55ab9e8ccc656ba34cd791990602a?s=96&d=mm&r=g","contentUrl":"https:\/\/secure.gravatar.com\/avatar\/42a55ab9e8ccc656ba34cd791990602a?s=96&d=mm&r=g","caption":"Potencia Radiof\u00f3nica Dominicana"},"url":"https:\/\/potenciaradiofonicadominicana.com\/portal\/author\/johannyalmanzar\/"}]}},"_links":{"self":[{"href":"https:\/\/potenciaradiofonicadominicana.com\/portal\/wp-json\/wp\/v2\/posts\/183533","targetHints":{"allow":["GET"]}}],"collection":[{"href":"https:\/\/potenciaradiofonicadominicana.com\/portal\/wp-json\/wp\/v2\/posts"}],"about":[{"href":"https:\/\/potenciaradiofonicadominicana.com\/portal\/wp-json\/wp\/v2\/types\/post"}],"author":[{"embeddable":true,"href":"https:\/\/potenciaradiofonicadominicana.com\/portal\/wp-json\/wp\/v2\/users\/2"}],"replies":[{"embeddable":true,"href":"https:\/\/potenciaradiofonicadominicana.com\/portal\/wp-json\/wp\/v2\/comments?post=183533"}],"version-history":[{"count":1,"href":"https:\/\/potenciaradiofonicadominicana.com\/portal\/wp-json\/wp\/v2\/posts\/183533\/revisions"}],"predecessor-version":[{"id":183535,"href":"https:\/\/potenciaradiofonicadominicana.com\/portal\/wp-json\/wp\/v2\/posts\/183533\/revisions\/183535"}],"wp:featuredmedia":[{"embeddable":true,"href":"https:\/\/potenciaradiofonicadominicana.com\/portal\/wp-json\/wp\/v2\/media\/183534"}],"wp:attachment":[{"href":"https:\/\/potenciaradiofonicadominicana.com\/portal\/wp-json\/wp\/v2\/media?parent=183533"}],"wp:term":[{"taxonomy":"category","embeddable":true,"href":"https:\/\/potenciaradiofonicadominicana.com\/portal\/wp-json\/wp\/v2\/categories?post=183533"},{"taxonomy":"post_tag","embeddable":true,"href":"https:\/\/potenciaradiofonicadominicana.com\/portal\/wp-json\/wp\/v2\/tags?post=183533"}],"curies":[{"name":"wp","href":"https:\/\/api.w.org\/{rel}","templated":true}]}}