{"id":183530,"date":"2025-03-24T00:18:18","date_gmt":"2025-03-24T04:18:18","guid":{"rendered":"https:\/\/potenciaradiofonicadominicana.com\/portal\/?p=183530"},"modified":"2025-03-24T00:18:18","modified_gmt":"2025-03-24T04:18:18","slug":"comerciantes-se-alegran-de-que-el-central-romana-corporation-vuelva-a-exportar-azucar-a-ee-uu","status":"publish","type":"post","link":"https:\/\/potenciaradiofonicadominicana.com\/portal\/comerciantes-se-alegran-de-que-el-central-romana-corporation-vuelva-a-exportar-azucar-a-ee-uu\/","title":{"rendered":"Comerciantes se alegran de que el Central Romana Corporation vuelva a exportar az\u00facar a EE.UU."},"content":{"rendered":"<p><a href=\"https:\/\/potenciaradiofonicadominicana.com\/portal\/wp-content\/uploads\/2025\/03\/642f510c87147.jpeg\"><img loading=\"lazy\" decoding=\"async\" class=\"alignnone size-full wp-image-183531\" src=\"https:\/\/potenciaradiofonicadominicana.com\/portal\/wp-content\/uploads\/2025\/03\/642f510c87147.jpeg\" alt=\"\" width=\"800\" height=\"533\" srcset=\"https:\/\/potenciaradiofonicadominicana.com\/portal\/wp-content\/uploads\/2025\/03\/642f510c87147.jpeg 800w, https:\/\/potenciaradiofonicadominicana.com\/portal\/wp-content\/uploads\/2025\/03\/642f510c87147-300x200.jpeg 300w, https:\/\/potenciaradiofonicadominicana.com\/portal\/wp-content\/uploads\/2025\/03\/642f510c87147-768x512.jpeg 768w\" sizes=\"auto, (max-width: 800px) 100vw, 800px\" \/><\/a><\/p>\n<p>La Confederaci\u00f3n del Comercio de Provisiones y Pymes de la Rep\u00fablica Dominicana (Confecomercio), salud\u00f3 que la Oficina de Aduanas y Protecci\u00f3n Fronteriza de los Estados Unidos (CBP, en ingl\u00e9s) levantar\u00e1 las sanciones impuestas a la exportaci\u00f3n de az\u00facar y sus derivados a Central Romana Corporation.<\/p>\n<p>El presidente de Confecomercio, Gilberto Luna, consider\u00f3 que la medida de levantar las restricciones a Central Romana para volver a exportar az\u00facar a otros mercados internacionales permitir\u00e1 fortalecer el desarrollo del sector azucarero dominicano, lo que se traducir\u00e1 adem\u00e1s en una fuente de generaci\u00f3n de d\u00f3lares y empleos para el pa\u00eds.<\/p>\n<p>\u00abEn la medida en que se aumenten las exportaciones azucareras eso incide en el desarrollo de la econom\u00eda nacional, debido a los aportes que realiza ese grupo empresarial al pa\u00eds\u00bb, subray\u00f3 el dirigente comercial.<\/p>\n<p>Antes de la sanci\u00f3n, la cuota de exportaci\u00f3n de az\u00facar del Central Romana al mercado estadounidense era de un 65%.<\/p>\n<p>La zafra azucarera 2023-2024 de Central Romana fue de 287,565 toneladas de az\u00facar, tras haber registrado una molienda de 2,765,000 toneladas cortas de ca\u00f1a.<\/p>\n<p>Ese monto super\u00f3 en 21,830 toneladas las 265,735 producidas en la zafra 2021-2022.<\/p>\n","protected":false},"excerpt":{"rendered":"<p>La Confederaci\u00f3n del Comercio de Provisiones y Pymes de la Rep\u00fablica Dominicana (Confecomercio), salud\u00f3 que la Oficina de Aduanas y &#8230;<\/p>\n","protected":false},"author":2,"featured_media":183531,"comment_status":"closed","ping_status":"closed","sticky":false,"template":"","format":"standard","meta":{"footnotes":""},"categories":[26],"tags":[],"class_list":["post-183530","post","type-post","status-publish","format-standard","has-post-thumbnail","hentry","category-economia"],"yoast_head":"<!-- This site is optimized with the Yoast SEO plugin v24.8.1 - https:\/\/yoast.com\/wordpress\/plugins\/seo\/ -->\n<title>Comerciantes se alegran de que el Central Romana Corporation vuelva a exportar az\u00facar a EE.UU. - PotenciaRadiofonicaDominicana.com<\/title>\n<meta name=\"robots\" content=\"index, follow, max-snippet:-1, max-image-preview:large, max-video-preview:-1\" \/>\n<link rel=\"canonical\" href=\"https:\/\/potenciaradiofonicadominicana.com\/portal\/comerciantes-se-alegran-de-que-el-central-romana-corporation-vuelva-a-exportar-azucar-a-ee-uu\/\" \/>\n<meta property=\"og:locale\" content=\"es_ES\" \/>\n<meta property=\"og:type\" content=\"article\" \/>\n<meta property=\"og:title\" content=\"Comerciantes se alegran de que el Central Romana Corporation vuelva a exportar az\u00facar a EE.UU. - PotenciaRadiofonicaDominicana.com\" \/>\n<meta property=\"og:description\" content=\"La Confederaci\u00f3n del Comercio de Provisiones y Pymes de la Rep\u00fablica Dominicana (Confecomercio), salud\u00f3 que la Oficina de Aduanas y ...\" \/>\n<meta property=\"og:url\" content=\"https:\/\/potenciaradiofonicadominicana.com\/portal\/comerciantes-se-alegran-de-que-el-central-romana-corporation-vuelva-a-exportar-azucar-a-ee-uu\/\" \/>\n<meta property=\"og:site_name\" content=\"PotenciaRadiofonicaDominicana.com\" \/>\n<meta property=\"article:publisher\" content=\"https:\/\/web.facebook.com\/PotenciaRadiofonicaD\" \/>\n<meta property=\"article:published_time\" content=\"2025-03-24T04:18:18+00:00\" \/>\n<meta property=\"og:image\" content=\"https:\/\/potenciaradiofonicadominicana.com\/portal\/wp-content\/uploads\/2025\/03\/642f510c87147.jpeg\" \/>\n\t<meta property=\"og:image:width\" content=\"800\" \/>\n\t<meta property=\"og:image:height\" content=\"533\" \/>\n\t<meta property=\"og:image:type\" content=\"image\/jpeg\" \/>\n<meta name=\"author\" content=\"Potencia Radiof\u00f3nica Dominicana\" \/>\n<meta name=\"twitter:card\" content=\"summary_large_image\" \/>\n<meta name=\"twitter:label1\" content=\"Escrito por\" \/>\n\t<meta name=\"twitter:data1\" content=\"Potencia Radiof\u00f3nica Dominicana\" \/>\n\t<meta name=\"twitter:label2\" content=\"Tiempo de lectura\" \/>\n\t<meta name=\"twitter:data2\" content=\"2 minutos\" \/>\n<script type=\"application\/ld+json\" class=\"yoast-schema-graph\">{\"@context\":\"https:\/\/schema.org\",\"@graph\":[{\"@type\":\"Article\",\"@id\":\"https:\/\/potenciaradiofonicadominicana.com\/portal\/comerciantes-se-alegran-de-que-el-central-romana-corporation-vuelva-a-exportar-azucar-a-ee-uu\/#article\",\"isPartOf\":{\"@id\":\"https:\/\/potenciaradiofonicadominicana.com\/portal\/comerciantes-se-alegran-de-que-el-central-romana-corporation-vuelva-a-exportar-azucar-a-ee-uu\/\"},\"author\":{\"name\":\"Potencia Radiof\u00f3nica Dominicana\",\"@id\":\"https:\/\/potenciaradiofonicadominicana.com\/portal\/#\/schema\/person\/a5cf1fea13877803ee0573ac18b03490\"},\"headline\":\"Comerciantes se alegran de que el Central Romana Corporation vuelva a exportar az\u00facar a EE.UU.\",\"datePublished\":\"2025-03-24T04:18:18+00:00\",\"mainEntityOfPage\":{\"@id\":\"https:\/\/potenciaradiofonicadominicana.com\/portal\/comerciantes-se-alegran-de-que-el-central-romana-corporation-vuelva-a-exportar-azucar-a-ee-uu\/\"},\"wordCount\":217,\"publisher\":{\"@id\":\"https:\/\/potenciaradiofonicadominicana.com\/portal\/#organization\"},\"image\":{\"@id\":\"https:\/\/potenciaradiofonicadominicana.com\/portal\/comerciantes-se-alegran-de-que-el-central-romana-corporation-vuelva-a-exportar-azucar-a-ee-uu\/#primaryimage\"},\"thumbnailUrl\":\"https:\/\/potenciaradiofonicadominicana.com\/portal\/wp-content\/uploads\/2025\/03\/642f510c87147.jpeg\",\"articleSection\":[\"Econom\u00eda\"],\"inLanguage\":\"es\"},{\"@type\":\"WebPage\",\"@id\":\"https:\/\/potenciaradiofonicadominicana.com\/portal\/comerciantes-se-alegran-de-que-el-central-romana-corporation-vuelva-a-exportar-azucar-a-ee-uu\/\",\"url\":\"https:\/\/potenciaradiofonicadominicana.com\/portal\/comerciantes-se-alegran-de-que-el-central-romana-corporation-vuelva-a-exportar-azucar-a-ee-uu\/\",\"name\":\"Comerciantes se alegran de que el Central Romana Corporation vuelva a exportar az\u00facar a EE.UU. - PotenciaRadiofonicaDominicana.com\",\"isPartOf\":{\"@id\":\"https:\/\/potenciaradiofonicadominicana.com\/portal\/#website\"},\"primaryImageOfPage\":{\"@id\":\"https:\/\/potenciaradiofonicadominicana.com\/portal\/comerciantes-se-alegran-de-que-el-central-romana-corporation-vuelva-a-exportar-azucar-a-ee-uu\/#primaryimage\"},\"image\":{\"@id\":\"https:\/\/potenciaradiofonicadominicana.com\/portal\/comerciantes-se-alegran-de-que-el-central-romana-corporation-vuelva-a-exportar-azucar-a-ee-uu\/#primaryimage\"},\"thumbnailUrl\":\"https:\/\/potenciaradiofonicadominicana.com\/portal\/wp-content\/uploads\/2025\/03\/642f510c87147.jpeg\",\"datePublished\":\"2025-03-24T04:18:18+00:00\",\"breadcrumb\":{\"@id\":\"https:\/\/potenciaradiofonicadominicana.com\/portal\/comerciantes-se-alegran-de-que-el-central-romana-corporation-vuelva-a-exportar-azucar-a-ee-uu\/#breadcrumb\"},\"inLanguage\":\"es\",\"potentialAction\":[{\"@type\":\"ReadAction\",\"target\":[\"https:\/\/potenciaradiofonicadominicana.com\/portal\/comerciantes-se-alegran-de-que-el-central-romana-corporation-vuelva-a-exportar-azucar-a-ee-uu\/\"]}]},{\"@type\":\"ImageObject\",\"inLanguage\":\"es\",\"@id\":\"https:\/\/potenciaradiofonicadominicana.com\/portal\/comerciantes-se-alegran-de-que-el-central-romana-corporation-vuelva-a-exportar-azucar-a-ee-uu\/#primaryimage\",\"url\":\"https:\/\/potenciaradiofonicadominicana.com\/portal\/wp-content\/uploads\/2025\/03\/642f510c87147.jpeg\",\"contentUrl\":\"https:\/\/potenciaradiofonicadominicana.com\/portal\/wp-content\/uploads\/2025\/03\/642f510c87147.jpeg\",\"width\":800,\"height\":533},{\"@type\":\"BreadcrumbList\",\"@id\":\"https:\/\/potenciaradiofonicadominicana.com\/portal\/comerciantes-se-alegran-de-que-el-central-romana-corporation-vuelva-a-exportar-azucar-a-ee-uu\/#breadcrumb\",\"itemListElement\":[{\"@type\":\"ListItem\",\"position\":1,\"name\":\"Portada\",\"item\":\"https:\/\/potenciaradiofonicadominicana.com\/portal\/\"},{\"@type\":\"ListItem\",\"position\":2,\"name\":\"Comerciantes se alegran de que el Central Romana Corporation vuelva a exportar az\u00facar a EE.UU.\"}]},{\"@type\":\"WebSite\",\"@id\":\"https:\/\/potenciaradiofonicadominicana.com\/portal\/#website\",\"url\":\"https:\/\/potenciaradiofonicadominicana.com\/portal\/\",\"name\":\"PotenciaRadiofonicaDominicana.com\",\"description\":\"Peri\u00f3dico Digital\",\"publisher\":{\"@id\":\"https:\/\/potenciaradiofonicadominicana.com\/portal\/#organization\"},\"potentialAction\":[{\"@type\":\"SearchAction\",\"target\":{\"@type\":\"EntryPoint\",\"urlTemplate\":\"https:\/\/potenciaradiofonicadominicana.com\/portal\/?s={search_term_string}\"},\"query-input\":{\"@type\":\"PropertyValueSpecification\",\"valueRequired\":true,\"valueName\":\"search_term_string\"}}],\"inLanguage\":\"es\"},{\"@type\":\"Organization\",\"@id\":\"https:\/\/potenciaradiofonicadominicana.com\/portal\/#organization\",\"name\":\"PotenciaRadiofonicaDominicana.com\",\"url\":\"https:\/\/potenciaradiofonicadominicana.com\/portal\/\",\"logo\":{\"@type\":\"ImageObject\",\"inLanguage\":\"es\",\"@id\":\"https:\/\/potenciaradiofonicadominicana.com\/portal\/#\/schema\/logo\/image\/\",\"url\":\"https:\/\/potenciaradiofonicadominicana.com\/portal\/wp-content\/uploads\/2022\/01\/descarga.png\",\"contentUrl\":\"https:\/\/potenciaradiofonicadominicana.com\/portal\/wp-content\/uploads\/2022\/01\/descarga.png\",\"width\":300,\"height\":100,\"caption\":\"PotenciaRadiofonicaDominicana.com\"},\"image\":{\"@id\":\"https:\/\/potenciaradiofonicadominicana.com\/portal\/#\/schema\/logo\/image\/\"},\"sameAs\":[\"https:\/\/web.facebook.com\/PotenciaRadiofonicaD\"]},{\"@type\":\"Person\",\"@id\":\"https:\/\/potenciaradiofonicadominicana.com\/portal\/#\/schema\/person\/a5cf1fea13877803ee0573ac18b03490\",\"name\":\"Potencia Radiof\u00f3nica Dominicana\",\"image\":{\"@type\":\"ImageObject\",\"inLanguage\":\"es\",\"@id\":\"https:\/\/potenciaradiofonicadominicana.com\/portal\/#\/schema\/person\/image\/\",\"url\":\"https:\/\/secure.gravatar.com\/avatar\/42a55ab9e8ccc656ba34cd791990602a?s=96&d=mm&r=g\",\"contentUrl\":\"https:\/\/secure.gravatar.com\/avatar\/42a55ab9e8ccc656ba34cd791990602a?s=96&d=mm&r=g\",\"caption\":\"Potencia Radiof\u00f3nica Dominicana\"},\"url\":\"https:\/\/potenciaradiofonicadominicana.com\/portal\/author\/johannyalmanzar\/\"}]}<\/script>\n<!-- \/ Yoast SEO plugin. -->","yoast_head_json":{"title":"Comerciantes se alegran de que el Central Romana Corporation vuelva a exportar az\u00facar a EE.UU. - PotenciaRadiofonicaDominicana.com","robots":{"index":"index","follow":"follow","max-snippet":"max-snippet:-1","max-image-preview":"max-image-preview:large","max-video-preview":"max-video-preview:-1"},"canonical":"https:\/\/potenciaradiofonicadominicana.com\/portal\/comerciantes-se-alegran-de-que-el-central-romana-corporation-vuelva-a-exportar-azucar-a-ee-uu\/","og_locale":"es_ES","og_type":"article","og_title":"Comerciantes se alegran de que el Central Romana Corporation vuelva a exportar az\u00facar a EE.UU. - PotenciaRadiofonicaDominicana.com","og_description":"La Confederaci\u00f3n del Comercio de Provisiones y Pymes de la Rep\u00fablica Dominicana (Confecomercio), salud\u00f3 que la Oficina de Aduanas y ...","og_url":"https:\/\/potenciaradiofonicadominicana.com\/portal\/comerciantes-se-alegran-de-que-el-central-romana-corporation-vuelva-a-exportar-azucar-a-ee-uu\/","og_site_name":"PotenciaRadiofonicaDominicana.com","article_publisher":"https:\/\/web.facebook.com\/PotenciaRadiofonicaD","article_published_time":"2025-03-24T04:18:18+00:00","og_image":[{"width":800,"height":533,"url":"https:\/\/potenciaradiofonicadominicana.com\/portal\/wp-content\/uploads\/2025\/03\/642f510c87147.jpeg","type":"image\/jpeg"}],"author":"Potencia Radiof\u00f3nica Dominicana","twitter_card":"summary_large_image","twitter_misc":{"Escrito por":"Potencia Radiof\u00f3nica Dominicana","Tiempo de lectura":"2 minutos"},"schema":{"@context":"https:\/\/schema.org","@graph":[{"@type":"Article","@id":"https:\/\/potenciaradiofonicadominicana.com\/portal\/comerciantes-se-alegran-de-que-el-central-romana-corporation-vuelva-a-exportar-azucar-a-ee-uu\/#article","isPartOf":{"@id":"https:\/\/potenciaradiofonicadominicana.com\/portal\/comerciantes-se-alegran-de-que-el-central-romana-corporation-vuelva-a-exportar-azucar-a-ee-uu\/"},"author":{"name":"Potencia Radiof\u00f3nica Dominicana","@id":"https:\/\/potenciaradiofonicadominicana.com\/portal\/#\/schema\/person\/a5cf1fea13877803ee0573ac18b03490"},"headline":"Comerciantes se alegran de que el Central Romana Corporation vuelva a exportar az\u00facar a EE.UU.","datePublished":"2025-03-24T04:18:18+00:00","mainEntityOfPage":{"@id":"https:\/\/potenciaradiofonicadominicana.com\/portal\/comerciantes-se-alegran-de-que-el-central-romana-corporation-vuelva-a-exportar-azucar-a-ee-uu\/"},"wordCount":217,"publisher":{"@id":"https:\/\/potenciaradiofonicadominicana.com\/portal\/#organization"},"image":{"@id":"https:\/\/potenciaradiofonicadominicana.com\/portal\/comerciantes-se-alegran-de-que-el-central-romana-corporation-vuelva-a-exportar-azucar-a-ee-uu\/#primaryimage"},"thumbnailUrl":"https:\/\/potenciaradiofonicadominicana.com\/portal\/wp-content\/uploads\/2025\/03\/642f510c87147.jpeg","articleSection":["Econom\u00eda"],"inLanguage":"es"},{"@type":"WebPage","@id":"https:\/\/potenciaradiofonicadominicana.com\/portal\/comerciantes-se-alegran-de-que-el-central-romana-corporation-vuelva-a-exportar-azucar-a-ee-uu\/","url":"https:\/\/potenciaradiofonicadominicana.com\/portal\/comerciantes-se-alegran-de-que-el-central-romana-corporation-vuelva-a-exportar-azucar-a-ee-uu\/","name":"Comerciantes se alegran de que el Central Romana Corporation vuelva a exportar az\u00facar a EE.UU. - PotenciaRadiofonicaDominicana.com","isPartOf":{"@id":"https:\/\/potenciaradiofonicadominicana.com\/portal\/#website"},"primaryImageOfPage":{"@id":"https:\/\/potenciaradiofonicadominicana.com\/portal\/comerciantes-se-alegran-de-que-el-central-romana-corporation-vuelva-a-exportar-azucar-a-ee-uu\/#primaryimage"},"image":{"@id":"https:\/\/potenciaradiofonicadominicana.com\/portal\/comerciantes-se-alegran-de-que-el-central-romana-corporation-vuelva-a-exportar-azucar-a-ee-uu\/#primaryimage"},"thumbnailUrl":"https:\/\/potenciaradiofonicadominicana.com\/portal\/wp-content\/uploads\/2025\/03\/642f510c87147.jpeg","datePublished":"2025-03-24T04:18:18+00:00","breadcrumb":{"@id":"https:\/\/potenciaradiofonicadominicana.com\/portal\/comerciantes-se-alegran-de-que-el-central-romana-corporation-vuelva-a-exportar-azucar-a-ee-uu\/#breadcrumb"},"inLanguage":"es","potentialAction":[{"@type":"ReadAction","target":["https:\/\/potenciaradiofonicadominicana.com\/portal\/comerciantes-se-alegran-de-que-el-central-romana-corporation-vuelva-a-exportar-azucar-a-ee-uu\/"]}]},{"@type":"ImageObject","inLanguage":"es","@id":"https:\/\/potenciaradiofonicadominicana.com\/portal\/comerciantes-se-alegran-de-que-el-central-romana-corporation-vuelva-a-exportar-azucar-a-ee-uu\/#primaryimage","url":"https:\/\/potenciaradiofonicadominicana.com\/portal\/wp-content\/uploads\/2025\/03\/642f510c87147.jpeg","contentUrl":"https:\/\/potenciaradiofonicadominicana.com\/portal\/wp-content\/uploads\/2025\/03\/642f510c87147.jpeg","width":800,"height":533},{"@type":"BreadcrumbList","@id":"https:\/\/potenciaradiofonicadominicana.com\/portal\/comerciantes-se-alegran-de-que-el-central-romana-corporation-vuelva-a-exportar-azucar-a-ee-uu\/#breadcrumb","itemListElement":[{"@type":"ListItem","position":1,"name":"Portada","item":"https:\/\/potenciaradiofonicadominicana.com\/portal\/"},{"@type":"ListItem","position":2,"name":"Comerciantes se alegran de que el Central Romana Corporation vuelva a exportar az\u00facar a EE.UU."}]},{"@type":"WebSite","@id":"https:\/\/potenciaradiofonicadominicana.com\/portal\/#website","url":"https:\/\/potenciaradiofonicadominicana.com\/portal\/","name":"PotenciaRadiofonicaDominicana.com","description":"Peri\u00f3dico Digital","publisher":{"@id":"https:\/\/potenciaradiofonicadominicana.com\/portal\/#organization"},"potentialAction":[{"@type":"SearchAction","target":{"@type":"EntryPoint","urlTemplate":"https:\/\/potenciaradiofonicadominicana.com\/portal\/?s={search_term_string}"},"query-input":{"@type":"PropertyValueSpecification","valueRequired":true,"valueName":"search_term_string"}}],"inLanguage":"es"},{"@type":"Organization","@id":"https:\/\/potenciaradiofonicadominicana.com\/portal\/#organization","name":"PotenciaRadiofonicaDominicana.com","url":"https:\/\/potenciaradiofonicadominicana.com\/portal\/","logo":{"@type":"ImageObject","inLanguage":"es","@id":"https:\/\/potenciaradiofonicadominicana.com\/portal\/#\/schema\/logo\/image\/","url":"https:\/\/potenciaradiofonicadominicana.com\/portal\/wp-content\/uploads\/2022\/01\/descarga.png","contentUrl":"https:\/\/potenciaradiofonicadominicana.com\/portal\/wp-content\/uploads\/2022\/01\/descarga.png","width":300,"height":100,"caption":"PotenciaRadiofonicaDominicana.com"},"image":{"@id":"https:\/\/potenciaradiofonicadominicana.com\/portal\/#\/schema\/logo\/image\/"},"sameAs":["https:\/\/web.facebook.com\/PotenciaRadiofonicaD"]},{"@type":"Person","@id":"https:\/\/potenciaradiofonicadominicana.com\/portal\/#\/schema\/person\/a5cf1fea13877803ee0573ac18b03490","name":"Potencia Radiof\u00f3nica Dominicana","image":{"@type":"ImageObject","inLanguage":"es","@id":"https:\/\/potenciaradiofonicadominicana.com\/portal\/#\/schema\/person\/image\/","url":"https:\/\/secure.gravatar.com\/avatar\/42a55ab9e8ccc656ba34cd791990602a?s=96&d=mm&r=g","contentUrl":"https:\/\/secure.gravatar.com\/avatar\/42a55ab9e8ccc656ba34cd791990602a?s=96&d=mm&r=g","caption":"Potencia Radiof\u00f3nica Dominicana"},"url":"https:\/\/potenciaradiofonicadominicana.com\/portal\/author\/johannyalmanzar\/"}]}},"_links":{"self":[{"href":"https:\/\/potenciaradiofonicadominicana.com\/portal\/wp-json\/wp\/v2\/posts\/183530","targetHints":{"allow":["GET"]}}],"collection":[{"href":"https:\/\/potenciaradiofonicadominicana.com\/portal\/wp-json\/wp\/v2\/posts"}],"about":[{"href":"https:\/\/potenciaradiofonicadominicana.com\/portal\/wp-json\/wp\/v2\/types\/post"}],"author":[{"embeddable":true,"href":"https:\/\/potenciaradiofonicadominicana.com\/portal\/wp-json\/wp\/v2\/users\/2"}],"replies":[{"embeddable":true,"href":"https:\/\/potenciaradiofonicadominicana.com\/portal\/wp-json\/wp\/v2\/comments?post=183530"}],"version-history":[{"count":1,"href":"https:\/\/potenciaradiofonicadominicana.com\/portal\/wp-json\/wp\/v2\/posts\/183530\/revisions"}],"predecessor-version":[{"id":183532,"href":"https:\/\/potenciaradiofonicadominicana.com\/portal\/wp-json\/wp\/v2\/posts\/183530\/revisions\/183532"}],"wp:featuredmedia":[{"embeddable":true,"href":"https:\/\/potenciaradiofonicadominicana.com\/portal\/wp-json\/wp\/v2\/media\/183531"}],"wp:attachment":[{"href":"https:\/\/potenciaradiofonicadominicana.com\/portal\/wp-json\/wp\/v2\/media?parent=183530"}],"wp:term":[{"taxonomy":"category","embeddable":true,"href":"https:\/\/potenciaradiofonicadominicana.com\/portal\/wp-json\/wp\/v2\/categories?post=183530"},{"taxonomy":"post_tag","embeddable":true,"href":"https:\/\/potenciaradiofonicadominicana.com\/portal\/wp-json\/wp\/v2\/tags?post=183530"}],"curies":[{"name":"wp","href":"https:\/\/api.w.org\/{rel}","templated":true}]}}