{"id":180119,"date":"2024-11-11T10:21:03","date_gmt":"2024-11-11T14:21:03","guid":{"rendered":"https:\/\/potenciaradiofonicadominicana.com\/portal\/?p=180119"},"modified":"2024-11-11T10:21:03","modified_gmt":"2024-11-11T14:21:03","slug":"hombres-armados-matan-a-10-personas-en-un-bar-de-queretaro-mexico","status":"publish","type":"post","link":"https:\/\/potenciaradiofonicadominicana.com\/portal\/hombres-armados-matan-a-10-personas-en-un-bar-de-queretaro-mexico\/","title":{"rendered":"Hombres armados matan a 10 personas en un bar de Quer\u00e9taro, M\u00e9xico"},"content":{"rendered":"<p><a href=\"https:\/\/potenciaradiofonicadominicana.com\/portal\/wp-content\/uploads\/2024\/11\/673102ea73752.jpeg\"><img loading=\"lazy\" decoding=\"async\" class=\"alignnone size-full wp-image-180120\" src=\"https:\/\/potenciaradiofonicadominicana.com\/portal\/wp-content\/uploads\/2024\/11\/673102ea73752.jpeg\" alt=\"\" width=\"800\" height=\"508\" srcset=\"https:\/\/potenciaradiofonicadominicana.com\/portal\/wp-content\/uploads\/2024\/11\/673102ea73752.jpeg 800w, https:\/\/potenciaradiofonicadominicana.com\/portal\/wp-content\/uploads\/2024\/11\/673102ea73752-300x191.jpeg 300w, https:\/\/potenciaradiofonicadominicana.com\/portal\/wp-content\/uploads\/2024\/11\/673102ea73752-768x488.jpeg 768w\" sizes=\"auto, (max-width: 800px) 100vw, 800px\" \/><\/a><\/p>\n<p>Hombres<b>\u00a0armados mataron a 10 personas<\/b>\u00a0e hirieron al menos a siete el s\u00e1bado en un bar en la ciudad de\u00a0<b>Quer\u00e9taro, centro de M\u00e9xico,<\/b>\u00a0inform\u00f3 un responsable de seguridad local.<\/p>\n<p>Im\u00e1genes de c\u00e1maras de seguridad publicadas por los medios locales mostraban a los perpetradores saltando del veh\u00edculo e\u00a0<b>irrumpiendo en el lugar<\/b>\u00a0mientras los clientes aterrorizados hu\u00edan o se lanzaban al suelo.<\/p>\n<p>Los\u00a0<b>atacantes\u00a0<\/b>llegaron en una camioneta al bar Los Cantaritos y abrieron fuego en el interior donde se registr\u00f3\u00a0<b>\u00abel fallecimiento de 10 personas\u00bb,<\/b>\u00a0dijo el secretario de\u00a0<b>Seguridad P\u00fablica de Quer\u00e9taro<\/b>, Juan Luis Ferrusca, en un video publicado en las redes sociales.<\/p>\n<p>Al menos \u00absiete m\u00e1s resultados resultaron lesionadas\u00bb, a\u00f1adi\u00f3 Ferrusca.<\/p>\n<p>Los<b>\u00a0servicios de emergencia<\/b>\u00a0llegaron al lugar y \u00abconfirmaron que cuando menos llegaron cuatro personas armadas con armas largas a bordo de una camioneta\u00bb, agreg\u00f3 el secretario de Seguridad.<\/p>\n<p>Un sospechoso fue detenido y el veh\u00edculo utilizado en el ataque fue encontrado abandonado e incendiado, dijo Ferrusca.<\/p>\n<p><b>Entre las v\u00edctimas hab\u00eda tres mujeres,\u00a0<\/b>seg\u00fan la fiscal\u00eda del estado de\u00a0<b>Quer\u00e9taro<\/b>, que dijo que expertos forenses estaban examinando la escena del ataque y el veh\u00edculo.<\/p>\n<p>Quer\u00e9taro, capital del estado del mismo nombre, ubicada a unos 200 kil\u00f3metros al noroeste de Ciudad de M\u00e9xico y conocida por su arquitectura colonial espa\u00f1ola, est\u00e1 considerada una de las ciudades m\u00e1s seguras de M\u00e9xico, donde la espiral de violencia, en gran parte relacionada con el narcotr\u00e1fico y las bandas, ha causado m\u00e1s de 450.000 asesinatos desde 2006.<\/p>\n<p>\u00abTodo el sistema de seguridad de Quer\u00e9taro est\u00e1 movilizado para encontrar a los delincuentes\u00bb, dijo el gobernador del estado, Mauricio Kuri, en la red social X.<\/p>\n<p>\u00abReitero al pueblo de Quer\u00e9tano que los responsables de este brutal hecho ser\u00e1n sancionados\u00bb, a\u00f1adi\u00f3. \u00abContinuaremos sellando nuestras fronteras y manteniendo la seguridad de nuestro estado\u00bb.<\/p>\n<p>La lucha contra los\u00a0<b>asesinatos y secuestros que ocurren a diario en M\u00e9xico<\/b>\u00a0es uno de los principales desaf\u00edos que enfrenta la presidenta de izquierda Claudia Sheinbaum.<\/p>\n<p>La exalcaldesa de\u00a0<b>Ciudad de M\u00e9xico,\u00a0<\/b>que se convirti\u00f3 en la primera mujer presidenta del pa\u00eds el 1 de octubre, ha descartado declarar la \u00abguerra\u00bb a los c\u00e1rteles de la droga.<\/p>\n<p>En cambio, se ha comprometido a continuar la estrategia de su antecesor, Andr\u00e9s Manuel L\u00f3pez Obrador, de atacar la criminalidad desde las ra\u00edces con inversi\u00f3n social y priorizando la prevenci\u00f3n.<\/p>\n<p>El noroeste del pa\u00eds, basti\u00f3n del c\u00e1rtel de Sinaloa, ha visto un aumento de la violencia desde que el arresto en julio del<b>\u00a0capo narco Ismael \u00abEl Mayo\u00bb Zambada en Estados Unidos\u00a0<\/b>desatara una ola de luchas internas entre las bandas.<\/p>\n<p>Tambi\u00e9n se ha producido un aumento del derramamiento de sangre en el sure\u00f1o estado de Guerrero, escenario de prolongadas guerras territoriales entre bandas.<\/p>\n<p>Las autoridades informaron el jueves que los cuerpos sin vida de 11 personas, incluidos dos menores, fueron encontrados abandonados en una camioneta en la capital del estado, Chilpancingo.<\/p>\n<p><b>Formaban parte de un grupo de 17 personas,<\/b>\u00a0presuntos comerciantes ambulantes, que fueron declarados desaparecidos el mes pasado.<\/p>\n","protected":false},"excerpt":{"rendered":"<p>Hombres\u00a0armados mataron a 10 personas\u00a0e hirieron al menos a siete el s\u00e1bado en un bar en la ciudad de\u00a0Quer\u00e9taro, centro &#8230;<\/p>\n","protected":false},"author":2,"featured_media":180120,"comment_status":"closed","ping_status":"closed","sticky":false,"template":"","format":"standard","meta":{"footnotes":""},"categories":[3],"tags":[],"class_list":["post-180119","post","type-post","status-publish","format-standard","has-post-thumbnail","hentry","category-menu-category"],"yoast_head":"<!-- This site is optimized with the Yoast SEO plugin v24.8.1 - https:\/\/yoast.com\/wordpress\/plugins\/seo\/ -->\n<title>Hombres armados matan a 10 personas en un bar de Quer\u00e9taro, M\u00e9xico - PotenciaRadiofonicaDominicana.com<\/title>\n<meta name=\"robots\" content=\"index, follow, max-snippet:-1, max-image-preview:large, max-video-preview:-1\" \/>\n<link rel=\"canonical\" href=\"https:\/\/potenciaradiofonicadominicana.com\/portal\/hombres-armados-matan-a-10-personas-en-un-bar-de-queretaro-mexico\/\" \/>\n<meta property=\"og:locale\" content=\"es_ES\" \/>\n<meta property=\"og:type\" content=\"article\" \/>\n<meta property=\"og:title\" content=\"Hombres armados matan a 10 personas en un bar de Quer\u00e9taro, M\u00e9xico - PotenciaRadiofonicaDominicana.com\" \/>\n<meta property=\"og:description\" content=\"Hombres\u00a0armados mataron a 10 personas\u00a0e hirieron al menos a siete el s\u00e1bado en un bar en la ciudad de\u00a0Quer\u00e9taro, centro ...\" \/>\n<meta property=\"og:url\" content=\"https:\/\/potenciaradiofonicadominicana.com\/portal\/hombres-armados-matan-a-10-personas-en-un-bar-de-queretaro-mexico\/\" \/>\n<meta property=\"og:site_name\" content=\"PotenciaRadiofonicaDominicana.com\" \/>\n<meta property=\"article:publisher\" content=\"https:\/\/web.facebook.com\/PotenciaRadiofonicaD\" \/>\n<meta property=\"article:published_time\" content=\"2024-11-11T14:21:03+00:00\" \/>\n<meta property=\"og:image\" content=\"https:\/\/potenciaradiofonicadominicana.com\/portal\/wp-content\/uploads\/2024\/11\/673102ea73752.jpeg\" \/>\n\t<meta property=\"og:image:width\" content=\"800\" \/>\n\t<meta property=\"og:image:height\" content=\"508\" \/>\n\t<meta property=\"og:image:type\" content=\"image\/jpeg\" \/>\n<meta name=\"author\" content=\"Potencia Radiof\u00f3nica Dominicana\" \/>\n<meta name=\"twitter:card\" content=\"summary_large_image\" \/>\n<meta name=\"twitter:label1\" content=\"Escrito por\" \/>\n\t<meta name=\"twitter:data1\" content=\"Potencia Radiof\u00f3nica Dominicana\" \/>\n\t<meta name=\"twitter:label2\" content=\"Tiempo de lectura\" \/>\n\t<meta name=\"twitter:data2\" content=\"3 minutos\" \/>\n<script type=\"application\/ld+json\" class=\"yoast-schema-graph\">{\"@context\":\"https:\/\/schema.org\",\"@graph\":[{\"@type\":\"Article\",\"@id\":\"https:\/\/potenciaradiofonicadominicana.com\/portal\/hombres-armados-matan-a-10-personas-en-un-bar-de-queretaro-mexico\/#article\",\"isPartOf\":{\"@id\":\"https:\/\/potenciaradiofonicadominicana.com\/portal\/hombres-armados-matan-a-10-personas-en-un-bar-de-queretaro-mexico\/\"},\"author\":{\"name\":\"Potencia Radiof\u00f3nica Dominicana\",\"@id\":\"https:\/\/potenciaradiofonicadominicana.com\/portal\/#\/schema\/person\/a5cf1fea13877803ee0573ac18b03490\"},\"headline\":\"Hombres armados matan a 10 personas en un bar de Quer\u00e9taro, M\u00e9xico\",\"datePublished\":\"2024-11-11T14:21:03+00:00\",\"mainEntityOfPage\":{\"@id\":\"https:\/\/potenciaradiofonicadominicana.com\/portal\/hombres-armados-matan-a-10-personas-en-un-bar-de-queretaro-mexico\/\"},\"wordCount\":547,\"publisher\":{\"@id\":\"https:\/\/potenciaradiofonicadominicana.com\/portal\/#organization\"},\"image\":{\"@id\":\"https:\/\/potenciaradiofonicadominicana.com\/portal\/hombres-armados-matan-a-10-personas-en-un-bar-de-queretaro-mexico\/#primaryimage\"},\"thumbnailUrl\":\"https:\/\/potenciaradiofonicadominicana.com\/portal\/wp-content\/uploads\/2024\/11\/673102ea73752.jpeg\",\"articleSection\":[\"Menu category\"],\"inLanguage\":\"es\"},{\"@type\":\"WebPage\",\"@id\":\"https:\/\/potenciaradiofonicadominicana.com\/portal\/hombres-armados-matan-a-10-personas-en-un-bar-de-queretaro-mexico\/\",\"url\":\"https:\/\/potenciaradiofonicadominicana.com\/portal\/hombres-armados-matan-a-10-personas-en-un-bar-de-queretaro-mexico\/\",\"name\":\"Hombres armados matan a 10 personas en un bar de Quer\u00e9taro, M\u00e9xico - PotenciaRadiofonicaDominicana.com\",\"isPartOf\":{\"@id\":\"https:\/\/potenciaradiofonicadominicana.com\/portal\/#website\"},\"primaryImageOfPage\":{\"@id\":\"https:\/\/potenciaradiofonicadominicana.com\/portal\/hombres-armados-matan-a-10-personas-en-un-bar-de-queretaro-mexico\/#primaryimage\"},\"image\":{\"@id\":\"https:\/\/potenciaradiofonicadominicana.com\/portal\/hombres-armados-matan-a-10-personas-en-un-bar-de-queretaro-mexico\/#primaryimage\"},\"thumbnailUrl\":\"https:\/\/potenciaradiofonicadominicana.com\/portal\/wp-content\/uploads\/2024\/11\/673102ea73752.jpeg\",\"datePublished\":\"2024-11-11T14:21:03+00:00\",\"breadcrumb\":{\"@id\":\"https:\/\/potenciaradiofonicadominicana.com\/portal\/hombres-armados-matan-a-10-personas-en-un-bar-de-queretaro-mexico\/#breadcrumb\"},\"inLanguage\":\"es\",\"potentialAction\":[{\"@type\":\"ReadAction\",\"target\":[\"https:\/\/potenciaradiofonicadominicana.com\/portal\/hombres-armados-matan-a-10-personas-en-un-bar-de-queretaro-mexico\/\"]}]},{\"@type\":\"ImageObject\",\"inLanguage\":\"es\",\"@id\":\"https:\/\/potenciaradiofonicadominicana.com\/portal\/hombres-armados-matan-a-10-personas-en-un-bar-de-queretaro-mexico\/#primaryimage\",\"url\":\"https:\/\/potenciaradiofonicadominicana.com\/portal\/wp-content\/uploads\/2024\/11\/673102ea73752.jpeg\",\"contentUrl\":\"https:\/\/potenciaradiofonicadominicana.com\/portal\/wp-content\/uploads\/2024\/11\/673102ea73752.jpeg\",\"width\":800,\"height\":508},{\"@type\":\"BreadcrumbList\",\"@id\":\"https:\/\/potenciaradiofonicadominicana.com\/portal\/hombres-armados-matan-a-10-personas-en-un-bar-de-queretaro-mexico\/#breadcrumb\",\"itemListElement\":[{\"@type\":\"ListItem\",\"position\":1,\"name\":\"Portada\",\"item\":\"https:\/\/potenciaradiofonicadominicana.com\/portal\/\"},{\"@type\":\"ListItem\",\"position\":2,\"name\":\"Hombres armados matan a 10 personas en un bar de Quer\u00e9taro, M\u00e9xico\"}]},{\"@type\":\"WebSite\",\"@id\":\"https:\/\/potenciaradiofonicadominicana.com\/portal\/#website\",\"url\":\"https:\/\/potenciaradiofonicadominicana.com\/portal\/\",\"name\":\"PotenciaRadiofonicaDominicana.com\",\"description\":\"Peri\u00f3dico Digital\",\"publisher\":{\"@id\":\"https:\/\/potenciaradiofonicadominicana.com\/portal\/#organization\"},\"potentialAction\":[{\"@type\":\"SearchAction\",\"target\":{\"@type\":\"EntryPoint\",\"urlTemplate\":\"https:\/\/potenciaradiofonicadominicana.com\/portal\/?s={search_term_string}\"},\"query-input\":{\"@type\":\"PropertyValueSpecification\",\"valueRequired\":true,\"valueName\":\"search_term_string\"}}],\"inLanguage\":\"es\"},{\"@type\":\"Organization\",\"@id\":\"https:\/\/potenciaradiofonicadominicana.com\/portal\/#organization\",\"name\":\"PotenciaRadiofonicaDominicana.com\",\"url\":\"https:\/\/potenciaradiofonicadominicana.com\/portal\/\",\"logo\":{\"@type\":\"ImageObject\",\"inLanguage\":\"es\",\"@id\":\"https:\/\/potenciaradiofonicadominicana.com\/portal\/#\/schema\/logo\/image\/\",\"url\":\"https:\/\/potenciaradiofonicadominicana.com\/portal\/wp-content\/uploads\/2022\/01\/descarga.png\",\"contentUrl\":\"https:\/\/potenciaradiofonicadominicana.com\/portal\/wp-content\/uploads\/2022\/01\/descarga.png\",\"width\":300,\"height\":100,\"caption\":\"PotenciaRadiofonicaDominicana.com\"},\"image\":{\"@id\":\"https:\/\/potenciaradiofonicadominicana.com\/portal\/#\/schema\/logo\/image\/\"},\"sameAs\":[\"https:\/\/web.facebook.com\/PotenciaRadiofonicaD\"]},{\"@type\":\"Person\",\"@id\":\"https:\/\/potenciaradiofonicadominicana.com\/portal\/#\/schema\/person\/a5cf1fea13877803ee0573ac18b03490\",\"name\":\"Potencia Radiof\u00f3nica Dominicana\",\"image\":{\"@type\":\"ImageObject\",\"inLanguage\":\"es\",\"@id\":\"https:\/\/potenciaradiofonicadominicana.com\/portal\/#\/schema\/person\/image\/\",\"url\":\"https:\/\/secure.gravatar.com\/avatar\/42a55ab9e8ccc656ba34cd791990602a?s=96&d=mm&r=g\",\"contentUrl\":\"https:\/\/secure.gravatar.com\/avatar\/42a55ab9e8ccc656ba34cd791990602a?s=96&d=mm&r=g\",\"caption\":\"Potencia Radiof\u00f3nica Dominicana\"},\"url\":\"https:\/\/potenciaradiofonicadominicana.com\/portal\/author\/johannyalmanzar\/\"}]}<\/script>\n<!-- \/ Yoast SEO plugin. -->","yoast_head_json":{"title":"Hombres armados matan a 10 personas en un bar de Quer\u00e9taro, M\u00e9xico - PotenciaRadiofonicaDominicana.com","robots":{"index":"index","follow":"follow","max-snippet":"max-snippet:-1","max-image-preview":"max-image-preview:large","max-video-preview":"max-video-preview:-1"},"canonical":"https:\/\/potenciaradiofonicadominicana.com\/portal\/hombres-armados-matan-a-10-personas-en-un-bar-de-queretaro-mexico\/","og_locale":"es_ES","og_type":"article","og_title":"Hombres armados matan a 10 personas en un bar de Quer\u00e9taro, M\u00e9xico - PotenciaRadiofonicaDominicana.com","og_description":"Hombres\u00a0armados mataron a 10 personas\u00a0e hirieron al menos a siete el s\u00e1bado en un bar en la ciudad de\u00a0Quer\u00e9taro, centro ...","og_url":"https:\/\/potenciaradiofonicadominicana.com\/portal\/hombres-armados-matan-a-10-personas-en-un-bar-de-queretaro-mexico\/","og_site_name":"PotenciaRadiofonicaDominicana.com","article_publisher":"https:\/\/web.facebook.com\/PotenciaRadiofonicaD","article_published_time":"2024-11-11T14:21:03+00:00","og_image":[{"width":800,"height":508,"url":"https:\/\/potenciaradiofonicadominicana.com\/portal\/wp-content\/uploads\/2024\/11\/673102ea73752.jpeg","type":"image\/jpeg"}],"author":"Potencia Radiof\u00f3nica Dominicana","twitter_card":"summary_large_image","twitter_misc":{"Escrito por":"Potencia Radiof\u00f3nica Dominicana","Tiempo de lectura":"3 minutos"},"schema":{"@context":"https:\/\/schema.org","@graph":[{"@type":"Article","@id":"https:\/\/potenciaradiofonicadominicana.com\/portal\/hombres-armados-matan-a-10-personas-en-un-bar-de-queretaro-mexico\/#article","isPartOf":{"@id":"https:\/\/potenciaradiofonicadominicana.com\/portal\/hombres-armados-matan-a-10-personas-en-un-bar-de-queretaro-mexico\/"},"author":{"name":"Potencia Radiof\u00f3nica Dominicana","@id":"https:\/\/potenciaradiofonicadominicana.com\/portal\/#\/schema\/person\/a5cf1fea13877803ee0573ac18b03490"},"headline":"Hombres armados matan a 10 personas en un bar de Quer\u00e9taro, M\u00e9xico","datePublished":"2024-11-11T14:21:03+00:00","mainEntityOfPage":{"@id":"https:\/\/potenciaradiofonicadominicana.com\/portal\/hombres-armados-matan-a-10-personas-en-un-bar-de-queretaro-mexico\/"},"wordCount":547,"publisher":{"@id":"https:\/\/potenciaradiofonicadominicana.com\/portal\/#organization"},"image":{"@id":"https:\/\/potenciaradiofonicadominicana.com\/portal\/hombres-armados-matan-a-10-personas-en-un-bar-de-queretaro-mexico\/#primaryimage"},"thumbnailUrl":"https:\/\/potenciaradiofonicadominicana.com\/portal\/wp-content\/uploads\/2024\/11\/673102ea73752.jpeg","articleSection":["Menu category"],"inLanguage":"es"},{"@type":"WebPage","@id":"https:\/\/potenciaradiofonicadominicana.com\/portal\/hombres-armados-matan-a-10-personas-en-un-bar-de-queretaro-mexico\/","url":"https:\/\/potenciaradiofonicadominicana.com\/portal\/hombres-armados-matan-a-10-personas-en-un-bar-de-queretaro-mexico\/","name":"Hombres armados matan a 10 personas en un bar de Quer\u00e9taro, M\u00e9xico - PotenciaRadiofonicaDominicana.com","isPartOf":{"@id":"https:\/\/potenciaradiofonicadominicana.com\/portal\/#website"},"primaryImageOfPage":{"@id":"https:\/\/potenciaradiofonicadominicana.com\/portal\/hombres-armados-matan-a-10-personas-en-un-bar-de-queretaro-mexico\/#primaryimage"},"image":{"@id":"https:\/\/potenciaradiofonicadominicana.com\/portal\/hombres-armados-matan-a-10-personas-en-un-bar-de-queretaro-mexico\/#primaryimage"},"thumbnailUrl":"https:\/\/potenciaradiofonicadominicana.com\/portal\/wp-content\/uploads\/2024\/11\/673102ea73752.jpeg","datePublished":"2024-11-11T14:21:03+00:00","breadcrumb":{"@id":"https:\/\/potenciaradiofonicadominicana.com\/portal\/hombres-armados-matan-a-10-personas-en-un-bar-de-queretaro-mexico\/#breadcrumb"},"inLanguage":"es","potentialAction":[{"@type":"ReadAction","target":["https:\/\/potenciaradiofonicadominicana.com\/portal\/hombres-armados-matan-a-10-personas-en-un-bar-de-queretaro-mexico\/"]}]},{"@type":"ImageObject","inLanguage":"es","@id":"https:\/\/potenciaradiofonicadominicana.com\/portal\/hombres-armados-matan-a-10-personas-en-un-bar-de-queretaro-mexico\/#primaryimage","url":"https:\/\/potenciaradiofonicadominicana.com\/portal\/wp-content\/uploads\/2024\/11\/673102ea73752.jpeg","contentUrl":"https:\/\/potenciaradiofonicadominicana.com\/portal\/wp-content\/uploads\/2024\/11\/673102ea73752.jpeg","width":800,"height":508},{"@type":"BreadcrumbList","@id":"https:\/\/potenciaradiofonicadominicana.com\/portal\/hombres-armados-matan-a-10-personas-en-un-bar-de-queretaro-mexico\/#breadcrumb","itemListElement":[{"@type":"ListItem","position":1,"name":"Portada","item":"https:\/\/potenciaradiofonicadominicana.com\/portal\/"},{"@type":"ListItem","position":2,"name":"Hombres armados matan a 10 personas en un bar de Quer\u00e9taro, M\u00e9xico"}]},{"@type":"WebSite","@id":"https:\/\/potenciaradiofonicadominicana.com\/portal\/#website","url":"https:\/\/potenciaradiofonicadominicana.com\/portal\/","name":"PotenciaRadiofonicaDominicana.com","description":"Peri\u00f3dico Digital","publisher":{"@id":"https:\/\/potenciaradiofonicadominicana.com\/portal\/#organization"},"potentialAction":[{"@type":"SearchAction","target":{"@type":"EntryPoint","urlTemplate":"https:\/\/potenciaradiofonicadominicana.com\/portal\/?s={search_term_string}"},"query-input":{"@type":"PropertyValueSpecification","valueRequired":true,"valueName":"search_term_string"}}],"inLanguage":"es"},{"@type":"Organization","@id":"https:\/\/potenciaradiofonicadominicana.com\/portal\/#organization","name":"PotenciaRadiofonicaDominicana.com","url":"https:\/\/potenciaradiofonicadominicana.com\/portal\/","logo":{"@type":"ImageObject","inLanguage":"es","@id":"https:\/\/potenciaradiofonicadominicana.com\/portal\/#\/schema\/logo\/image\/","url":"https:\/\/potenciaradiofonicadominicana.com\/portal\/wp-content\/uploads\/2022\/01\/descarga.png","contentUrl":"https:\/\/potenciaradiofonicadominicana.com\/portal\/wp-content\/uploads\/2022\/01\/descarga.png","width":300,"height":100,"caption":"PotenciaRadiofonicaDominicana.com"},"image":{"@id":"https:\/\/potenciaradiofonicadominicana.com\/portal\/#\/schema\/logo\/image\/"},"sameAs":["https:\/\/web.facebook.com\/PotenciaRadiofonicaD"]},{"@type":"Person","@id":"https:\/\/potenciaradiofonicadominicana.com\/portal\/#\/schema\/person\/a5cf1fea13877803ee0573ac18b03490","name":"Potencia Radiof\u00f3nica Dominicana","image":{"@type":"ImageObject","inLanguage":"es","@id":"https:\/\/potenciaradiofonicadominicana.com\/portal\/#\/schema\/person\/image\/","url":"https:\/\/secure.gravatar.com\/avatar\/42a55ab9e8ccc656ba34cd791990602a?s=96&d=mm&r=g","contentUrl":"https:\/\/secure.gravatar.com\/avatar\/42a55ab9e8ccc656ba34cd791990602a?s=96&d=mm&r=g","caption":"Potencia Radiof\u00f3nica Dominicana"},"url":"https:\/\/potenciaradiofonicadominicana.com\/portal\/author\/johannyalmanzar\/"}]}},"_links":{"self":[{"href":"https:\/\/potenciaradiofonicadominicana.com\/portal\/wp-json\/wp\/v2\/posts\/180119","targetHints":{"allow":["GET"]}}],"collection":[{"href":"https:\/\/potenciaradiofonicadominicana.com\/portal\/wp-json\/wp\/v2\/posts"}],"about":[{"href":"https:\/\/potenciaradiofonicadominicana.com\/portal\/wp-json\/wp\/v2\/types\/post"}],"author":[{"embeddable":true,"href":"https:\/\/potenciaradiofonicadominicana.com\/portal\/wp-json\/wp\/v2\/users\/2"}],"replies":[{"embeddable":true,"href":"https:\/\/potenciaradiofonicadominicana.com\/portal\/wp-json\/wp\/v2\/comments?post=180119"}],"version-history":[{"count":1,"href":"https:\/\/potenciaradiofonicadominicana.com\/portal\/wp-json\/wp\/v2\/posts\/180119\/revisions"}],"predecessor-version":[{"id":180121,"href":"https:\/\/potenciaradiofonicadominicana.com\/portal\/wp-json\/wp\/v2\/posts\/180119\/revisions\/180121"}],"wp:featuredmedia":[{"embeddable":true,"href":"https:\/\/potenciaradiofonicadominicana.com\/portal\/wp-json\/wp\/v2\/media\/180120"}],"wp:attachment":[{"href":"https:\/\/potenciaradiofonicadominicana.com\/portal\/wp-json\/wp\/v2\/media?parent=180119"}],"wp:term":[{"taxonomy":"category","embeddable":true,"href":"https:\/\/potenciaradiofonicadominicana.com\/portal\/wp-json\/wp\/v2\/categories?post=180119"},{"taxonomy":"post_tag","embeddable":true,"href":"https:\/\/potenciaradiofonicadominicana.com\/portal\/wp-json\/wp\/v2\/tags?post=180119"}],"curies":[{"name":"wp","href":"https:\/\/api.w.org\/{rel}","templated":true}]}}