{"id":175891,"date":"2024-09-09T08:12:42","date_gmt":"2024-09-09T12:12:42","guid":{"rendered":"https:\/\/potenciaradiofonicadominicana.com\/portal\/?p=175891"},"modified":"2024-09-09T08:12:42","modified_gmt":"2024-09-09T12:12:42","slug":"las-10-frases-mas-famosas-de-cientificos-destacados-de-la-historia","status":"publish","type":"post","link":"https:\/\/potenciaradiofonicadominicana.com\/portal\/las-10-frases-mas-famosas-de-cientificos-destacados-de-la-historia\/","title":{"rendered":"Las 10 frases m\u00e1s famosas de cient\u00edficos destacados de la historia"},"content":{"rendered":"<p><a href=\"https:\/\/potenciaradiofonicadominicana.com\/portal\/wp-content\/uploads\/2024\/09\/183_albert-einstein-1165218_640.jpg\"><img loading=\"lazy\" decoding=\"async\" class=\"alignnone size-full wp-image-175892\" src=\"https:\/\/potenciaradiofonicadominicana.com\/portal\/wp-content\/uploads\/2024\/09\/183_albert-einstein-1165218_640.jpg\" alt=\"\" width=\"640\" height=\"600\" srcset=\"https:\/\/potenciaradiofonicadominicana.com\/portal\/wp-content\/uploads\/2024\/09\/183_albert-einstein-1165218_640.jpg 640w, https:\/\/potenciaradiofonicadominicana.com\/portal\/wp-content\/uploads\/2024\/09\/183_albert-einstein-1165218_640-300x281.jpg 300w\" sizes=\"auto, (max-width: 640px) 100vw, 640px\" \/><\/a><\/p>\n<p>La ciencia ha sido una fuerza impulsora del progreso humano, y los grandes cient\u00edficos a menudo han expresado ideas brillantes en frases que han perdurado a lo largo del tiempo. Estas citas no solo han inspirado a generaciones de cient\u00edficos y pensadores, sino que tambi\u00e9n han capturado la esencia de la b\u00fasqueda incansable del conocimiento. A continuaci\u00f3n, exploramos 10 frases c\u00e9lebres pronunciadas por algunos de los m\u00e1s grandes cient\u00edficos de la historia y el impacto que estas palabras han tenido en el pensamiento moderno.<\/p>\n<p>1. \u00abEureka!\u00bb \u2013 Arqu\u00edmedes<\/p>\n<p>La famosa exclamaci\u00f3n de Arqu\u00edmedes, \u00ab\u00a1Eureka!\u00bb, que significa \u00ab\u00a1Lo he encontrado!\u00bb, es quiz\u00e1s una de las frases cient\u00edficas m\u00e1s conocidas. Arqu\u00edmedes grit\u00f3 esto tras descubrir c\u00f3mo medir el volumen de un objeto sumergido en agua. Su principio sigue siendo un pilar de la f\u00edsica y la ingenier\u00eda moderna, ya que explica la flotaci\u00f3n y la densidad.<\/p>\n<p>2. \u00abSolo s\u00e9 que no s\u00e9 nada\u00bb \u2013 S\u00f3crates<\/p>\n<p>Aunque no era un cient\u00edfico en el sentido moderno, S\u00f3crates, el gran fil\u00f3sofo griego, es considerado el padre del pensamiento cr\u00edtico. Su frase refleja la humildad ante el vasto oc\u00e9ano de lo desconocido, una actitud fundamental para cualquier investigador cient\u00edfico. Esta frase sigue recordando a los cient\u00edficos que el conocimiento es siempre un camino en construcci\u00f3n.<\/p>\n<p>3. \u00abDios no juega a los dados con el universo\u00bb \u2013 Albert Einstein<\/p>\n<p>Einstein, uno de los f\u00edsicos m\u00e1s influyentes de todos los tiempos, expres\u00f3 su rechazo a la interpretaci\u00f3n probabil\u00edstica de la mec\u00e1nica cu\u00e1ntica con esta frase. Aunque la mec\u00e1nica cu\u00e1ntica ha demostrado ser precisa en muchas aplicaciones, Einstein nunca acept\u00f3 del todo la idea de que el universo pudiera regirse por el azar. Su declaraci\u00f3n sigue siendo un punto de discusi\u00f3n entre f\u00edsicos y fil\u00f3sofos.<\/p>\n<p>4. \u00abLa imaginaci\u00f3n es m\u00e1s importante que el conocimiento\u00bb \u2013 Albert Einstein<\/p>\n<p>Otra cita ic\u00f3nica de Einstein, quien cre\u00eda que el conocimiento es limitado, pero la imaginaci\u00f3n abarca todo. Esta frase enfatiza que la creatividad es clave para descubrir nuevas ideas y teor\u00edas. En la ciencia, la capacidad de imaginar lo imposible ha sido crucial para los mayores descubrimientos, desde la teor\u00eda de la relatividad hasta la f\u00edsica cu\u00e1ntica.<\/p>\n<p>5. \u00abUn peque\u00f1o paso para el hombre, un gran salto para la humanidad\u00bb \u2013 Neil Armstrong<\/p>\n<p>Aunque Armstrong era un astronauta, su frase durante el alunizaje del Apolo 11 en 1969 es una de las m\u00e1s citadas en la historia de la ciencia. Refleja el gran logro de la humanidad en su capacidad para superar desaf\u00edos t\u00e9cnicos y explorar m\u00e1s all\u00e1 de los confines de la Tierra, un momento culminante en la historia de la ciencia y la tecnolog\u00eda espacial.<\/p>\n<p>6. \u00abNo tengo talentos especiales. Solo soy apasionadamente curioso\u00bb \u2013 Albert Einstein<\/p>\n<p>La curiosidad ha sido siempre la chispa que enciende la llama de la investigaci\u00f3n cient\u00edfica, y Einstein captur\u00f3 este sentimiento a la perfecci\u00f3n. Aunque muchos lo consideran un genio, \u00e9l ve\u00eda su \u00e9xito como el resultado de una curiosidad implacable por entender c\u00f3mo funciona el universo. Esta frase resuena con cient\u00edficos de todas las disciplinas.<\/p>\n<p>[Img #73726]<\/p>\n<p>7. \u00abSi he visto m\u00e1s lejos, es porque estoy sentado sobre los hombros de gigantes\u00bb \u2013 Isaac Newton<\/p>\n<p>Isaac Newton, el padre de la f\u00edsica moderna, reconoci\u00f3 con humildad que sus descubrimientos no habr\u00edan sido posibles sin los logros de sus predecesores. Esta frase refleja la naturaleza acumulativa de la ciencia, donde cada generaci\u00f3n de cient\u00edficos construye sobre los avances de la anterior.<\/p>\n<p>8. \u00abLa ciencia es una forma de pensar m\u00e1s que un cuerpo de conocimientos\u00bb \u2013 Carl Sagan<\/p>\n<p>Carl Sagan, famoso astr\u00f3nomo y divulgador cient\u00edfico, destac\u00f3 en su trabajo la importancia del pensamiento cient\u00edfico. Para \u00e9l, la ciencia no es solo un conjunto de hechos, sino una manera de cuestionar y comprender el mundo que nos rodea. Esta frase sigue siendo relevante para resaltar el valor del m\u00e9todo cient\u00edfico en la resoluci\u00f3n de problemas complejos.<\/p>\n<p>9. \u00abLo que no se define, no se puede medir; lo que no se mide, no se puede mejorar\u00bb \u2013 William Thomson (Lord Kelvin)<\/p>\n<p>El f\u00edsico e ingeniero Lord Kelvin fue uno de los primeros en subrayar la importancia de la precisi\u00f3n en la medici\u00f3n. Su frase destaca un principio b\u00e1sico del m\u00e9todo cient\u00edfico: la necesidad de definir y medir con exactitud para poder hacer avances significativos.<\/p>\n<p>10. \u00abNada en biolog\u00eda tiene sentido, excepto a la luz de la evoluci\u00f3n\u00bb \u2013 Theodosius Dobzhansky<\/p>\n<p>Este genetista y bi\u00f3logo evolutivo expres\u00f3 con claridad la idea de que la teor\u00eda de la evoluci\u00f3n es la clave para entender todos los aspectos de la biolog\u00eda. La frase es citada frecuentemente en debates sobre la evoluci\u00f3n y resalta la importancia de esta teor\u00eda en las ciencias de la vida.<\/p>\n<p>Conclusi\u00f3n<\/p>\n<p>Estas frases c\u00e9lebres no solo han inspirado a generaciones de cient\u00edficos, sino que tambi\u00e9n han contribuido a moldear nuestra comprensi\u00f3n del mundo. Desde las leyes fundamentales de la f\u00edsica hasta la biolog\u00eda evolutiva, cada una de estas citas encapsula una lecci\u00f3n valiosa sobre la curiosidad, el descubrimiento y la importancia de seguir adelante en la b\u00fasqueda del conocimiento. La ciencia, en \u00faltima instancia, es una conversaci\u00f3n continua, y estas palabras siguen siendo eco de las voces m\u00e1s influyentes de la historia.<\/p>\n","protected":false},"excerpt":{"rendered":"<p>La ciencia ha sido una fuerza impulsora del progreso humano, y los grandes cient\u00edficos a menudo han expresado ideas brillantes &#8230;<\/p>\n","protected":false},"author":2,"featured_media":175892,"comment_status":"closed","ping_status":"closed","sticky":false,"template":"","format":"standard","meta":{"footnotes":""},"categories":[14],"tags":[],"class_list":["post-175891","post","type-post","status-publish","format-standard","has-post-thumbnail","hentry","category-ciencia-y-tecnologia"],"yoast_head":"<!-- This site is optimized with the Yoast SEO plugin v24.8.1 - https:\/\/yoast.com\/wordpress\/plugins\/seo\/ -->\n<title>Las 10 frases m\u00e1s famosas de cient\u00edficos destacados de la historia - PotenciaRadiofonicaDominicana.com<\/title>\n<meta name=\"robots\" content=\"index, follow, max-snippet:-1, max-image-preview:large, max-video-preview:-1\" \/>\n<link rel=\"canonical\" href=\"https:\/\/potenciaradiofonicadominicana.com\/portal\/las-10-frases-mas-famosas-de-cientificos-destacados-de-la-historia\/\" \/>\n<meta property=\"og:locale\" content=\"es_ES\" \/>\n<meta property=\"og:type\" content=\"article\" \/>\n<meta property=\"og:title\" content=\"Las 10 frases m\u00e1s famosas de cient\u00edficos destacados de la historia - PotenciaRadiofonicaDominicana.com\" \/>\n<meta property=\"og:description\" content=\"La ciencia ha sido una fuerza impulsora del progreso humano, y los grandes cient\u00edficos a menudo han expresado ideas brillantes ...\" \/>\n<meta property=\"og:url\" content=\"https:\/\/potenciaradiofonicadominicana.com\/portal\/las-10-frases-mas-famosas-de-cientificos-destacados-de-la-historia\/\" \/>\n<meta property=\"og:site_name\" content=\"PotenciaRadiofonicaDominicana.com\" \/>\n<meta property=\"article:publisher\" content=\"https:\/\/web.facebook.com\/PotenciaRadiofonicaD\" \/>\n<meta property=\"article:published_time\" content=\"2024-09-09T12:12:42+00:00\" \/>\n<meta property=\"og:image\" content=\"https:\/\/potenciaradiofonicadominicana.com\/portal\/wp-content\/uploads\/2024\/09\/183_albert-einstein-1165218_640.jpg\" \/>\n\t<meta property=\"og:image:width\" content=\"640\" \/>\n\t<meta property=\"og:image:height\" content=\"600\" \/>\n\t<meta property=\"og:image:type\" content=\"image\/jpeg\" \/>\n<meta name=\"author\" content=\"Potencia Radiof\u00f3nica Dominicana\" \/>\n<meta name=\"twitter:card\" content=\"summary_large_image\" \/>\n<meta name=\"twitter:label1\" content=\"Escrito por\" \/>\n\t<meta name=\"twitter:data1\" content=\"Potencia Radiof\u00f3nica Dominicana\" \/>\n\t<meta name=\"twitter:label2\" content=\"Tiempo de lectura\" \/>\n\t<meta name=\"twitter:data2\" content=\"5 minutos\" \/>\n<script type=\"application\/ld+json\" class=\"yoast-schema-graph\">{\"@context\":\"https:\/\/schema.org\",\"@graph\":[{\"@type\":\"Article\",\"@id\":\"https:\/\/potenciaradiofonicadominicana.com\/portal\/las-10-frases-mas-famosas-de-cientificos-destacados-de-la-historia\/#article\",\"isPartOf\":{\"@id\":\"https:\/\/potenciaradiofonicadominicana.com\/portal\/las-10-frases-mas-famosas-de-cientificos-destacados-de-la-historia\/\"},\"author\":{\"name\":\"Potencia Radiof\u00f3nica Dominicana\",\"@id\":\"https:\/\/potenciaradiofonicadominicana.com\/portal\/#\/schema\/person\/a5cf1fea13877803ee0573ac18b03490\"},\"headline\":\"Las 10 frases m\u00e1s famosas de cient\u00edficos destacados de la historia\",\"datePublished\":\"2024-09-09T12:12:42+00:00\",\"mainEntityOfPage\":{\"@id\":\"https:\/\/potenciaradiofonicadominicana.com\/portal\/las-10-frases-mas-famosas-de-cientificos-destacados-de-la-historia\/\"},\"wordCount\":943,\"publisher\":{\"@id\":\"https:\/\/potenciaradiofonicadominicana.com\/portal\/#organization\"},\"image\":{\"@id\":\"https:\/\/potenciaradiofonicadominicana.com\/portal\/las-10-frases-mas-famosas-de-cientificos-destacados-de-la-historia\/#primaryimage\"},\"thumbnailUrl\":\"https:\/\/potenciaradiofonicadominicana.com\/portal\/wp-content\/uploads\/2024\/09\/183_albert-einstein-1165218_640.jpg\",\"articleSection\":[\"Ciencia y Tecnolog\u00eda\"],\"inLanguage\":\"es\"},{\"@type\":\"WebPage\",\"@id\":\"https:\/\/potenciaradiofonicadominicana.com\/portal\/las-10-frases-mas-famosas-de-cientificos-destacados-de-la-historia\/\",\"url\":\"https:\/\/potenciaradiofonicadominicana.com\/portal\/las-10-frases-mas-famosas-de-cientificos-destacados-de-la-historia\/\",\"name\":\"Las 10 frases m\u00e1s famosas de cient\u00edficos destacados de la historia - PotenciaRadiofonicaDominicana.com\",\"isPartOf\":{\"@id\":\"https:\/\/potenciaradiofonicadominicana.com\/portal\/#website\"},\"primaryImageOfPage\":{\"@id\":\"https:\/\/potenciaradiofonicadominicana.com\/portal\/las-10-frases-mas-famosas-de-cientificos-destacados-de-la-historia\/#primaryimage\"},\"image\":{\"@id\":\"https:\/\/potenciaradiofonicadominicana.com\/portal\/las-10-frases-mas-famosas-de-cientificos-destacados-de-la-historia\/#primaryimage\"},\"thumbnailUrl\":\"https:\/\/potenciaradiofonicadominicana.com\/portal\/wp-content\/uploads\/2024\/09\/183_albert-einstein-1165218_640.jpg\",\"datePublished\":\"2024-09-09T12:12:42+00:00\",\"breadcrumb\":{\"@id\":\"https:\/\/potenciaradiofonicadominicana.com\/portal\/las-10-frases-mas-famosas-de-cientificos-destacados-de-la-historia\/#breadcrumb\"},\"inLanguage\":\"es\",\"potentialAction\":[{\"@type\":\"ReadAction\",\"target\":[\"https:\/\/potenciaradiofonicadominicana.com\/portal\/las-10-frases-mas-famosas-de-cientificos-destacados-de-la-historia\/\"]}]},{\"@type\":\"ImageObject\",\"inLanguage\":\"es\",\"@id\":\"https:\/\/potenciaradiofonicadominicana.com\/portal\/las-10-frases-mas-famosas-de-cientificos-destacados-de-la-historia\/#primaryimage\",\"url\":\"https:\/\/potenciaradiofonicadominicana.com\/portal\/wp-content\/uploads\/2024\/09\/183_albert-einstein-1165218_640.jpg\",\"contentUrl\":\"https:\/\/potenciaradiofonicadominicana.com\/portal\/wp-content\/uploads\/2024\/09\/183_albert-einstein-1165218_640.jpg\",\"width\":640,\"height\":600},{\"@type\":\"BreadcrumbList\",\"@id\":\"https:\/\/potenciaradiofonicadominicana.com\/portal\/las-10-frases-mas-famosas-de-cientificos-destacados-de-la-historia\/#breadcrumb\",\"itemListElement\":[{\"@type\":\"ListItem\",\"position\":1,\"name\":\"Portada\",\"item\":\"https:\/\/potenciaradiofonicadominicana.com\/portal\/\"},{\"@type\":\"ListItem\",\"position\":2,\"name\":\"Las 10 frases m\u00e1s famosas de cient\u00edficos destacados de la historia\"}]},{\"@type\":\"WebSite\",\"@id\":\"https:\/\/potenciaradiofonicadominicana.com\/portal\/#website\",\"url\":\"https:\/\/potenciaradiofonicadominicana.com\/portal\/\",\"name\":\"PotenciaRadiofonicaDominicana.com\",\"description\":\"Peri\u00f3dico Digital\",\"publisher\":{\"@id\":\"https:\/\/potenciaradiofonicadominicana.com\/portal\/#organization\"},\"potentialAction\":[{\"@type\":\"SearchAction\",\"target\":{\"@type\":\"EntryPoint\",\"urlTemplate\":\"https:\/\/potenciaradiofonicadominicana.com\/portal\/?s={search_term_string}\"},\"query-input\":{\"@type\":\"PropertyValueSpecification\",\"valueRequired\":true,\"valueName\":\"search_term_string\"}}],\"inLanguage\":\"es\"},{\"@type\":\"Organization\",\"@id\":\"https:\/\/potenciaradiofonicadominicana.com\/portal\/#organization\",\"name\":\"PotenciaRadiofonicaDominicana.com\",\"url\":\"https:\/\/potenciaradiofonicadominicana.com\/portal\/\",\"logo\":{\"@type\":\"ImageObject\",\"inLanguage\":\"es\",\"@id\":\"https:\/\/potenciaradiofonicadominicana.com\/portal\/#\/schema\/logo\/image\/\",\"url\":\"https:\/\/potenciaradiofonicadominicana.com\/portal\/wp-content\/uploads\/2022\/01\/descarga.png\",\"contentUrl\":\"https:\/\/potenciaradiofonicadominicana.com\/portal\/wp-content\/uploads\/2022\/01\/descarga.png\",\"width\":300,\"height\":100,\"caption\":\"PotenciaRadiofonicaDominicana.com\"},\"image\":{\"@id\":\"https:\/\/potenciaradiofonicadominicana.com\/portal\/#\/schema\/logo\/image\/\"},\"sameAs\":[\"https:\/\/web.facebook.com\/PotenciaRadiofonicaD\"]},{\"@type\":\"Person\",\"@id\":\"https:\/\/potenciaradiofonicadominicana.com\/portal\/#\/schema\/person\/a5cf1fea13877803ee0573ac18b03490\",\"name\":\"Potencia Radiof\u00f3nica Dominicana\",\"image\":{\"@type\":\"ImageObject\",\"inLanguage\":\"es\",\"@id\":\"https:\/\/potenciaradiofonicadominicana.com\/portal\/#\/schema\/person\/image\/\",\"url\":\"https:\/\/secure.gravatar.com\/avatar\/42a55ab9e8ccc656ba34cd791990602a?s=96&d=mm&r=g\",\"contentUrl\":\"https:\/\/secure.gravatar.com\/avatar\/42a55ab9e8ccc656ba34cd791990602a?s=96&d=mm&r=g\",\"caption\":\"Potencia Radiof\u00f3nica Dominicana\"},\"url\":\"https:\/\/potenciaradiofonicadominicana.com\/portal\/author\/johannyalmanzar\/\"}]}<\/script>\n<!-- \/ Yoast SEO plugin. -->","yoast_head_json":{"title":"Las 10 frases m\u00e1s famosas de cient\u00edficos destacados de la historia - PotenciaRadiofonicaDominicana.com","robots":{"index":"index","follow":"follow","max-snippet":"max-snippet:-1","max-image-preview":"max-image-preview:large","max-video-preview":"max-video-preview:-1"},"canonical":"https:\/\/potenciaradiofonicadominicana.com\/portal\/las-10-frases-mas-famosas-de-cientificos-destacados-de-la-historia\/","og_locale":"es_ES","og_type":"article","og_title":"Las 10 frases m\u00e1s famosas de cient\u00edficos destacados de la historia - PotenciaRadiofonicaDominicana.com","og_description":"La ciencia ha sido una fuerza impulsora del progreso humano, y los grandes cient\u00edficos a menudo han expresado ideas brillantes ...","og_url":"https:\/\/potenciaradiofonicadominicana.com\/portal\/las-10-frases-mas-famosas-de-cientificos-destacados-de-la-historia\/","og_site_name":"PotenciaRadiofonicaDominicana.com","article_publisher":"https:\/\/web.facebook.com\/PotenciaRadiofonicaD","article_published_time":"2024-09-09T12:12:42+00:00","og_image":[{"width":640,"height":600,"url":"https:\/\/potenciaradiofonicadominicana.com\/portal\/wp-content\/uploads\/2024\/09\/183_albert-einstein-1165218_640.jpg","type":"image\/jpeg"}],"author":"Potencia Radiof\u00f3nica Dominicana","twitter_card":"summary_large_image","twitter_misc":{"Escrito por":"Potencia Radiof\u00f3nica Dominicana","Tiempo de lectura":"5 minutos"},"schema":{"@context":"https:\/\/schema.org","@graph":[{"@type":"Article","@id":"https:\/\/potenciaradiofonicadominicana.com\/portal\/las-10-frases-mas-famosas-de-cientificos-destacados-de-la-historia\/#article","isPartOf":{"@id":"https:\/\/potenciaradiofonicadominicana.com\/portal\/las-10-frases-mas-famosas-de-cientificos-destacados-de-la-historia\/"},"author":{"name":"Potencia Radiof\u00f3nica Dominicana","@id":"https:\/\/potenciaradiofonicadominicana.com\/portal\/#\/schema\/person\/a5cf1fea13877803ee0573ac18b03490"},"headline":"Las 10 frases m\u00e1s famosas de cient\u00edficos destacados de la historia","datePublished":"2024-09-09T12:12:42+00:00","mainEntityOfPage":{"@id":"https:\/\/potenciaradiofonicadominicana.com\/portal\/las-10-frases-mas-famosas-de-cientificos-destacados-de-la-historia\/"},"wordCount":943,"publisher":{"@id":"https:\/\/potenciaradiofonicadominicana.com\/portal\/#organization"},"image":{"@id":"https:\/\/potenciaradiofonicadominicana.com\/portal\/las-10-frases-mas-famosas-de-cientificos-destacados-de-la-historia\/#primaryimage"},"thumbnailUrl":"https:\/\/potenciaradiofonicadominicana.com\/portal\/wp-content\/uploads\/2024\/09\/183_albert-einstein-1165218_640.jpg","articleSection":["Ciencia y Tecnolog\u00eda"],"inLanguage":"es"},{"@type":"WebPage","@id":"https:\/\/potenciaradiofonicadominicana.com\/portal\/las-10-frases-mas-famosas-de-cientificos-destacados-de-la-historia\/","url":"https:\/\/potenciaradiofonicadominicana.com\/portal\/las-10-frases-mas-famosas-de-cientificos-destacados-de-la-historia\/","name":"Las 10 frases m\u00e1s famosas de cient\u00edficos destacados de la historia - PotenciaRadiofonicaDominicana.com","isPartOf":{"@id":"https:\/\/potenciaradiofonicadominicana.com\/portal\/#website"},"primaryImageOfPage":{"@id":"https:\/\/potenciaradiofonicadominicana.com\/portal\/las-10-frases-mas-famosas-de-cientificos-destacados-de-la-historia\/#primaryimage"},"image":{"@id":"https:\/\/potenciaradiofonicadominicana.com\/portal\/las-10-frases-mas-famosas-de-cientificos-destacados-de-la-historia\/#primaryimage"},"thumbnailUrl":"https:\/\/potenciaradiofonicadominicana.com\/portal\/wp-content\/uploads\/2024\/09\/183_albert-einstein-1165218_640.jpg","datePublished":"2024-09-09T12:12:42+00:00","breadcrumb":{"@id":"https:\/\/potenciaradiofonicadominicana.com\/portal\/las-10-frases-mas-famosas-de-cientificos-destacados-de-la-historia\/#breadcrumb"},"inLanguage":"es","potentialAction":[{"@type":"ReadAction","target":["https:\/\/potenciaradiofonicadominicana.com\/portal\/las-10-frases-mas-famosas-de-cientificos-destacados-de-la-historia\/"]}]},{"@type":"ImageObject","inLanguage":"es","@id":"https:\/\/potenciaradiofonicadominicana.com\/portal\/las-10-frases-mas-famosas-de-cientificos-destacados-de-la-historia\/#primaryimage","url":"https:\/\/potenciaradiofonicadominicana.com\/portal\/wp-content\/uploads\/2024\/09\/183_albert-einstein-1165218_640.jpg","contentUrl":"https:\/\/potenciaradiofonicadominicana.com\/portal\/wp-content\/uploads\/2024\/09\/183_albert-einstein-1165218_640.jpg","width":640,"height":600},{"@type":"BreadcrumbList","@id":"https:\/\/potenciaradiofonicadominicana.com\/portal\/las-10-frases-mas-famosas-de-cientificos-destacados-de-la-historia\/#breadcrumb","itemListElement":[{"@type":"ListItem","position":1,"name":"Portada","item":"https:\/\/potenciaradiofonicadominicana.com\/portal\/"},{"@type":"ListItem","position":2,"name":"Las 10 frases m\u00e1s famosas de cient\u00edficos destacados de la historia"}]},{"@type":"WebSite","@id":"https:\/\/potenciaradiofonicadominicana.com\/portal\/#website","url":"https:\/\/potenciaradiofonicadominicana.com\/portal\/","name":"PotenciaRadiofonicaDominicana.com","description":"Peri\u00f3dico Digital","publisher":{"@id":"https:\/\/potenciaradiofonicadominicana.com\/portal\/#organization"},"potentialAction":[{"@type":"SearchAction","target":{"@type":"EntryPoint","urlTemplate":"https:\/\/potenciaradiofonicadominicana.com\/portal\/?s={search_term_string}"},"query-input":{"@type":"PropertyValueSpecification","valueRequired":true,"valueName":"search_term_string"}}],"inLanguage":"es"},{"@type":"Organization","@id":"https:\/\/potenciaradiofonicadominicana.com\/portal\/#organization","name":"PotenciaRadiofonicaDominicana.com","url":"https:\/\/potenciaradiofonicadominicana.com\/portal\/","logo":{"@type":"ImageObject","inLanguage":"es","@id":"https:\/\/potenciaradiofonicadominicana.com\/portal\/#\/schema\/logo\/image\/","url":"https:\/\/potenciaradiofonicadominicana.com\/portal\/wp-content\/uploads\/2022\/01\/descarga.png","contentUrl":"https:\/\/potenciaradiofonicadominicana.com\/portal\/wp-content\/uploads\/2022\/01\/descarga.png","width":300,"height":100,"caption":"PotenciaRadiofonicaDominicana.com"},"image":{"@id":"https:\/\/potenciaradiofonicadominicana.com\/portal\/#\/schema\/logo\/image\/"},"sameAs":["https:\/\/web.facebook.com\/PotenciaRadiofonicaD"]},{"@type":"Person","@id":"https:\/\/potenciaradiofonicadominicana.com\/portal\/#\/schema\/person\/a5cf1fea13877803ee0573ac18b03490","name":"Potencia Radiof\u00f3nica Dominicana","image":{"@type":"ImageObject","inLanguage":"es","@id":"https:\/\/potenciaradiofonicadominicana.com\/portal\/#\/schema\/person\/image\/","url":"https:\/\/secure.gravatar.com\/avatar\/42a55ab9e8ccc656ba34cd791990602a?s=96&d=mm&r=g","contentUrl":"https:\/\/secure.gravatar.com\/avatar\/42a55ab9e8ccc656ba34cd791990602a?s=96&d=mm&r=g","caption":"Potencia Radiof\u00f3nica Dominicana"},"url":"https:\/\/potenciaradiofonicadominicana.com\/portal\/author\/johannyalmanzar\/"}]}},"_links":{"self":[{"href":"https:\/\/potenciaradiofonicadominicana.com\/portal\/wp-json\/wp\/v2\/posts\/175891","targetHints":{"allow":["GET"]}}],"collection":[{"href":"https:\/\/potenciaradiofonicadominicana.com\/portal\/wp-json\/wp\/v2\/posts"}],"about":[{"href":"https:\/\/potenciaradiofonicadominicana.com\/portal\/wp-json\/wp\/v2\/types\/post"}],"author":[{"embeddable":true,"href":"https:\/\/potenciaradiofonicadominicana.com\/portal\/wp-json\/wp\/v2\/users\/2"}],"replies":[{"embeddable":true,"href":"https:\/\/potenciaradiofonicadominicana.com\/portal\/wp-json\/wp\/v2\/comments?post=175891"}],"version-history":[{"count":1,"href":"https:\/\/potenciaradiofonicadominicana.com\/portal\/wp-json\/wp\/v2\/posts\/175891\/revisions"}],"predecessor-version":[{"id":175893,"href":"https:\/\/potenciaradiofonicadominicana.com\/portal\/wp-json\/wp\/v2\/posts\/175891\/revisions\/175893"}],"wp:featuredmedia":[{"embeddable":true,"href":"https:\/\/potenciaradiofonicadominicana.com\/portal\/wp-json\/wp\/v2\/media\/175892"}],"wp:attachment":[{"href":"https:\/\/potenciaradiofonicadominicana.com\/portal\/wp-json\/wp\/v2\/media?parent=175891"}],"wp:term":[{"taxonomy":"category","embeddable":true,"href":"https:\/\/potenciaradiofonicadominicana.com\/portal\/wp-json\/wp\/v2\/categories?post=175891"},{"taxonomy":"post_tag","embeddable":true,"href":"https:\/\/potenciaradiofonicadominicana.com\/portal\/wp-json\/wp\/v2\/tags?post=175891"}],"curies":[{"name":"wp","href":"https:\/\/api.w.org\/{rel}","templated":true}]}}