{"id":145911,"date":"2023-04-18T20:52:48","date_gmt":"2023-04-19T00:52:48","guid":{"rendered":"https:\/\/potenciaradiofonicadominicana.com\/portal\/?p=145911"},"modified":"2023-04-18T20:52:48","modified_gmt":"2023-04-19T00:52:48","slug":"policia-de-buenos-aires-usara-pistolas-taser-contra-delito","status":"publish","type":"post","link":"https:\/\/potenciaradiofonicadominicana.com\/portal\/policia-de-buenos-aires-usara-pistolas-taser-contra-delito\/","title":{"rendered":"Polic\u00eda de Buenos Aires usar\u00e1 pistolas Taser contra delito"},"content":{"rendered":"<p><a href=\"https:\/\/potenciaradiofonicadominicana.com\/portal\/wp-content\/uploads\/2023\/04\/5ee7999ec7a62.jpeg\"><img loading=\"lazy\" decoding=\"async\" class=\"alignnone size-full wp-image-145912\" src=\"https:\/\/potenciaradiofonicadominicana.com\/portal\/wp-content\/uploads\/2023\/04\/5ee7999ec7a62.jpeg\" alt=\"\" width=\"990\" height=\"660\" srcset=\"https:\/\/potenciaradiofonicadominicana.com\/portal\/wp-content\/uploads\/2023\/04\/5ee7999ec7a62.jpeg 990w, https:\/\/potenciaradiofonicadominicana.com\/portal\/wp-content\/uploads\/2023\/04\/5ee7999ec7a62-300x200.jpeg 300w, https:\/\/potenciaradiofonicadominicana.com\/portal\/wp-content\/uploads\/2023\/04\/5ee7999ec7a62-768x512.jpeg 768w\" sizes=\"auto, (max-width: 990px) 100vw, 990px\" \/><\/a><\/p>\n<p>Las autoridades de la ciudad de Buenos Aires anunciaron el martes que la polic\u00eda comenzar\u00e1 a usar pistolas de descargas el\u00e9ctricas en pleno a\u00f1o electoral y cuando una de las principales preocupaciones de los argentinos es la inseguridad.<\/p>\n<p>Eugenio Burzaco, ministro de Seguridad y Justicia de la capital argentina, dijo que el primer cargamento de 90\u00a0<strong>pistolas Taser<\/strong>\u00a0importadas llegar\u00e1 antes de que termine abril y luego arribar\u00e1 otro de 60 unidades.<\/p>\n<p>Estar\u00e1n en uso \u201cen junio o julio, cuando los polic\u00edas est\u00e9n entrenados y capacitados\u201d, dijo Burzaco a la radio La Red sobre este tipo de armamento que genera una descarga el\u00e9ctrica que inmoviliza al que la recibe.<\/p>\n<p>El gobierno del presidente Alberto Fern\u00e1ndez, de signo opositor al de la ciudad de Buenos Aires, tambi\u00e9n anunci\u00f3 hace dos meses su decisi\u00f3n de emplear las Taser pese a que sectores del oficialismo cuestionan su uso. El ministro de Seguridad, An\u00edbal Fern\u00e1ndez, dijo que el centenar de pistolas que el gobierno hab\u00eda encargado ser\u00e1n utilizadas por grupos de \u00e9lite de las fuerzas de seguridad que previamente ser\u00e1n entrenados.<\/p>\n<p>Seg\u00fan el gobierno capitalino, el armamento se emplear\u00e1 sobre todo en los lugares donde haya m\u00e1s aglomeraciones de personas como las estaciones de tren o del metro, donde el uso de armas de fuego es muy peligroso.<\/p>\n<p>Burzaco dijo que las pistolas permitir\u00e1n adem\u00e1s \u201cterminar con la dificultad\u201d del polic\u00eda de actuar ante el delincuente \u201ccuando lo atacan con cuchillos o fajas y no sabe c\u00f3mo reaccionar\u201d, situaciones de agresi\u00f3n que se han cobrado la vida de algunos agentes en los \u00faltimos a\u00f1os.<\/p>\n<article class=\"flex flex-wrap border-b pb-4 mb-3 inline-block\">\n<div class=\"xl:w-10\/12 w-8\/12 pl-3\"><\/div>\n<\/article>\n<div id=\"extra-blueconic\"><\/div>\n<p>La inseguridad es, junto con la inflaci\u00f3n, una de las mayores preocupaciones de la poblaci\u00f3n, seg\u00fan las encuestas de opini\u00f3n p\u00fablica, y forma parte del discurso electoral de cara a los comicios generales de octubre.<\/p>\n<p>En marzo, el jefe de Gabinete del gobierno capitalino, Felipe Miguel, anunci\u00f3 que el gobierno nacional hab\u00eda autorizado la importaci\u00f3n de\u00a0<strong>pistolas Taser<\/strong>\u00a0para las fuerzas de seguridad de la ciudad luego de varias trabas.<\/p>\n<p>Organizaciones de derechos humanos locales han cuestionado el uso de esta pistola al se\u00f1alar que es presentada como un \u201carma menos letal\u201d, lo que puede conducir a un uso indiscriminado por parte de la polic\u00eda, provocando la muerte de quien recibe la descarga el\u00e9ctrica.<\/p>\n<p>Estados Unidos y Brasil son otros pa\u00edses de Am\u00e9rica donde se emplean estas pistolas.<\/p>\n","protected":false},"excerpt":{"rendered":"<p>Las autoridades de la ciudad de Buenos Aires anunciaron el martes que la polic\u00eda comenzar\u00e1 a usar pistolas de descargas &#8230;<\/p>\n","protected":false},"author":2,"featured_media":145912,"comment_status":"closed","ping_status":"closed","sticky":false,"template":"","format":"standard","meta":{"footnotes":""},"categories":[3],"tags":[],"class_list":["post-145911","post","type-post","status-publish","format-standard","has-post-thumbnail","hentry","category-menu-category"],"yoast_head":"<!-- This site is optimized with the Yoast SEO plugin v24.8.1 - https:\/\/yoast.com\/wordpress\/plugins\/seo\/ -->\n<title>Polic\u00eda de Buenos Aires usar\u00e1 pistolas Taser contra delito - PotenciaRadiofonicaDominicana.com<\/title>\n<meta name=\"robots\" content=\"index, follow, max-snippet:-1, max-image-preview:large, max-video-preview:-1\" \/>\n<link rel=\"canonical\" href=\"https:\/\/potenciaradiofonicadominicana.com\/portal\/policia-de-buenos-aires-usara-pistolas-taser-contra-delito\/\" \/>\n<meta property=\"og:locale\" content=\"es_ES\" \/>\n<meta property=\"og:type\" content=\"article\" \/>\n<meta property=\"og:title\" content=\"Polic\u00eda de Buenos Aires usar\u00e1 pistolas Taser contra delito - PotenciaRadiofonicaDominicana.com\" \/>\n<meta property=\"og:description\" content=\"Las autoridades de la ciudad de Buenos Aires anunciaron el martes que la polic\u00eda comenzar\u00e1 a usar pistolas de descargas ...\" \/>\n<meta property=\"og:url\" content=\"https:\/\/potenciaradiofonicadominicana.com\/portal\/policia-de-buenos-aires-usara-pistolas-taser-contra-delito\/\" \/>\n<meta property=\"og:site_name\" content=\"PotenciaRadiofonicaDominicana.com\" \/>\n<meta property=\"article:publisher\" content=\"https:\/\/web.facebook.com\/PotenciaRadiofonicaD\" \/>\n<meta property=\"article:published_time\" content=\"2023-04-19T00:52:48+00:00\" \/>\n<meta property=\"og:image\" content=\"https:\/\/potenciaradiofonicadominicana.com\/portal\/wp-content\/uploads\/2023\/04\/5ee7999ec7a62.jpeg\" \/>\n\t<meta property=\"og:image:width\" content=\"990\" \/>\n\t<meta property=\"og:image:height\" content=\"660\" \/>\n\t<meta property=\"og:image:type\" content=\"image\/jpeg\" \/>\n<meta name=\"author\" content=\"Potencia Radiof\u00f3nica Dominicana\" \/>\n<meta name=\"twitter:card\" content=\"summary_large_image\" \/>\n<meta name=\"twitter:label1\" content=\"Escrito por\" \/>\n\t<meta name=\"twitter:data1\" content=\"Potencia Radiof\u00f3nica Dominicana\" \/>\n\t<meta name=\"twitter:label2\" content=\"Tiempo de lectura\" \/>\n\t<meta name=\"twitter:data2\" content=\"2 minutos\" \/>\n<script type=\"application\/ld+json\" class=\"yoast-schema-graph\">{\"@context\":\"https:\/\/schema.org\",\"@graph\":[{\"@type\":\"Article\",\"@id\":\"https:\/\/potenciaradiofonicadominicana.com\/portal\/policia-de-buenos-aires-usara-pistolas-taser-contra-delito\/#article\",\"isPartOf\":{\"@id\":\"https:\/\/potenciaradiofonicadominicana.com\/portal\/policia-de-buenos-aires-usara-pistolas-taser-contra-delito\/\"},\"author\":{\"name\":\"Potencia Radiof\u00f3nica Dominicana\",\"@id\":\"https:\/\/potenciaradiofonicadominicana.com\/portal\/#\/schema\/person\/a5cf1fea13877803ee0573ac18b03490\"},\"headline\":\"Polic\u00eda de Buenos Aires usar\u00e1 pistolas Taser contra delito\",\"datePublished\":\"2023-04-19T00:52:48+00:00\",\"mainEntityOfPage\":{\"@id\":\"https:\/\/potenciaradiofonicadominicana.com\/portal\/policia-de-buenos-aires-usara-pistolas-taser-contra-delito\/\"},\"wordCount\":431,\"publisher\":{\"@id\":\"https:\/\/potenciaradiofonicadominicana.com\/portal\/#organization\"},\"image\":{\"@id\":\"https:\/\/potenciaradiofonicadominicana.com\/portal\/policia-de-buenos-aires-usara-pistolas-taser-contra-delito\/#primaryimage\"},\"thumbnailUrl\":\"https:\/\/potenciaradiofonicadominicana.com\/portal\/wp-content\/uploads\/2023\/04\/5ee7999ec7a62.jpeg\",\"articleSection\":[\"Menu category\"],\"inLanguage\":\"es\"},{\"@type\":\"WebPage\",\"@id\":\"https:\/\/potenciaradiofonicadominicana.com\/portal\/policia-de-buenos-aires-usara-pistolas-taser-contra-delito\/\",\"url\":\"https:\/\/potenciaradiofonicadominicana.com\/portal\/policia-de-buenos-aires-usara-pistolas-taser-contra-delito\/\",\"name\":\"Polic\u00eda de Buenos Aires usar\u00e1 pistolas Taser contra delito - PotenciaRadiofonicaDominicana.com\",\"isPartOf\":{\"@id\":\"https:\/\/potenciaradiofonicadominicana.com\/portal\/#website\"},\"primaryImageOfPage\":{\"@id\":\"https:\/\/potenciaradiofonicadominicana.com\/portal\/policia-de-buenos-aires-usara-pistolas-taser-contra-delito\/#primaryimage\"},\"image\":{\"@id\":\"https:\/\/potenciaradiofonicadominicana.com\/portal\/policia-de-buenos-aires-usara-pistolas-taser-contra-delito\/#primaryimage\"},\"thumbnailUrl\":\"https:\/\/potenciaradiofonicadominicana.com\/portal\/wp-content\/uploads\/2023\/04\/5ee7999ec7a62.jpeg\",\"datePublished\":\"2023-04-19T00:52:48+00:00\",\"breadcrumb\":{\"@id\":\"https:\/\/potenciaradiofonicadominicana.com\/portal\/policia-de-buenos-aires-usara-pistolas-taser-contra-delito\/#breadcrumb\"},\"inLanguage\":\"es\",\"potentialAction\":[{\"@type\":\"ReadAction\",\"target\":[\"https:\/\/potenciaradiofonicadominicana.com\/portal\/policia-de-buenos-aires-usara-pistolas-taser-contra-delito\/\"]}]},{\"@type\":\"ImageObject\",\"inLanguage\":\"es\",\"@id\":\"https:\/\/potenciaradiofonicadominicana.com\/portal\/policia-de-buenos-aires-usara-pistolas-taser-contra-delito\/#primaryimage\",\"url\":\"https:\/\/potenciaradiofonicadominicana.com\/portal\/wp-content\/uploads\/2023\/04\/5ee7999ec7a62.jpeg\",\"contentUrl\":\"https:\/\/potenciaradiofonicadominicana.com\/portal\/wp-content\/uploads\/2023\/04\/5ee7999ec7a62.jpeg\",\"width\":990,\"height\":660},{\"@type\":\"BreadcrumbList\",\"@id\":\"https:\/\/potenciaradiofonicadominicana.com\/portal\/policia-de-buenos-aires-usara-pistolas-taser-contra-delito\/#breadcrumb\",\"itemListElement\":[{\"@type\":\"ListItem\",\"position\":1,\"name\":\"Portada\",\"item\":\"https:\/\/potenciaradiofonicadominicana.com\/portal\/\"},{\"@type\":\"ListItem\",\"position\":2,\"name\":\"Polic\u00eda de Buenos Aires usar\u00e1 pistolas Taser contra delito\"}]},{\"@type\":\"WebSite\",\"@id\":\"https:\/\/potenciaradiofonicadominicana.com\/portal\/#website\",\"url\":\"https:\/\/potenciaradiofonicadominicana.com\/portal\/\",\"name\":\"PotenciaRadiofonicaDominicana.com\",\"description\":\"Peri\u00f3dico Digital\",\"publisher\":{\"@id\":\"https:\/\/potenciaradiofonicadominicana.com\/portal\/#organization\"},\"potentialAction\":[{\"@type\":\"SearchAction\",\"target\":{\"@type\":\"EntryPoint\",\"urlTemplate\":\"https:\/\/potenciaradiofonicadominicana.com\/portal\/?s={search_term_string}\"},\"query-input\":{\"@type\":\"PropertyValueSpecification\",\"valueRequired\":true,\"valueName\":\"search_term_string\"}}],\"inLanguage\":\"es\"},{\"@type\":\"Organization\",\"@id\":\"https:\/\/potenciaradiofonicadominicana.com\/portal\/#organization\",\"name\":\"PotenciaRadiofonicaDominicana.com\",\"url\":\"https:\/\/potenciaradiofonicadominicana.com\/portal\/\",\"logo\":{\"@type\":\"ImageObject\",\"inLanguage\":\"es\",\"@id\":\"https:\/\/potenciaradiofonicadominicana.com\/portal\/#\/schema\/logo\/image\/\",\"url\":\"https:\/\/potenciaradiofonicadominicana.com\/portal\/wp-content\/uploads\/2022\/01\/descarga.png\",\"contentUrl\":\"https:\/\/potenciaradiofonicadominicana.com\/portal\/wp-content\/uploads\/2022\/01\/descarga.png\",\"width\":300,\"height\":100,\"caption\":\"PotenciaRadiofonicaDominicana.com\"},\"image\":{\"@id\":\"https:\/\/potenciaradiofonicadominicana.com\/portal\/#\/schema\/logo\/image\/\"},\"sameAs\":[\"https:\/\/web.facebook.com\/PotenciaRadiofonicaD\"]},{\"@type\":\"Person\",\"@id\":\"https:\/\/potenciaradiofonicadominicana.com\/portal\/#\/schema\/person\/a5cf1fea13877803ee0573ac18b03490\",\"name\":\"Potencia Radiof\u00f3nica Dominicana\",\"image\":{\"@type\":\"ImageObject\",\"inLanguage\":\"es\",\"@id\":\"https:\/\/potenciaradiofonicadominicana.com\/portal\/#\/schema\/person\/image\/\",\"url\":\"https:\/\/secure.gravatar.com\/avatar\/42a55ab9e8ccc656ba34cd791990602a?s=96&d=mm&r=g\",\"contentUrl\":\"https:\/\/secure.gravatar.com\/avatar\/42a55ab9e8ccc656ba34cd791990602a?s=96&d=mm&r=g\",\"caption\":\"Potencia Radiof\u00f3nica Dominicana\"},\"url\":\"https:\/\/potenciaradiofonicadominicana.com\/portal\/author\/johannyalmanzar\/\"}]}<\/script>\n<!-- \/ Yoast SEO plugin. -->","yoast_head_json":{"title":"Polic\u00eda de Buenos Aires usar\u00e1 pistolas Taser contra delito - PotenciaRadiofonicaDominicana.com","robots":{"index":"index","follow":"follow","max-snippet":"max-snippet:-1","max-image-preview":"max-image-preview:large","max-video-preview":"max-video-preview:-1"},"canonical":"https:\/\/potenciaradiofonicadominicana.com\/portal\/policia-de-buenos-aires-usara-pistolas-taser-contra-delito\/","og_locale":"es_ES","og_type":"article","og_title":"Polic\u00eda de Buenos Aires usar\u00e1 pistolas Taser contra delito - PotenciaRadiofonicaDominicana.com","og_description":"Las autoridades de la ciudad de Buenos Aires anunciaron el martes que la polic\u00eda comenzar\u00e1 a usar pistolas de descargas ...","og_url":"https:\/\/potenciaradiofonicadominicana.com\/portal\/policia-de-buenos-aires-usara-pistolas-taser-contra-delito\/","og_site_name":"PotenciaRadiofonicaDominicana.com","article_publisher":"https:\/\/web.facebook.com\/PotenciaRadiofonicaD","article_published_time":"2023-04-19T00:52:48+00:00","og_image":[{"width":990,"height":660,"url":"https:\/\/potenciaradiofonicadominicana.com\/portal\/wp-content\/uploads\/2023\/04\/5ee7999ec7a62.jpeg","type":"image\/jpeg"}],"author":"Potencia Radiof\u00f3nica Dominicana","twitter_card":"summary_large_image","twitter_misc":{"Escrito por":"Potencia Radiof\u00f3nica Dominicana","Tiempo de lectura":"2 minutos"},"schema":{"@context":"https:\/\/schema.org","@graph":[{"@type":"Article","@id":"https:\/\/potenciaradiofonicadominicana.com\/portal\/policia-de-buenos-aires-usara-pistolas-taser-contra-delito\/#article","isPartOf":{"@id":"https:\/\/potenciaradiofonicadominicana.com\/portal\/policia-de-buenos-aires-usara-pistolas-taser-contra-delito\/"},"author":{"name":"Potencia Radiof\u00f3nica Dominicana","@id":"https:\/\/potenciaradiofonicadominicana.com\/portal\/#\/schema\/person\/a5cf1fea13877803ee0573ac18b03490"},"headline":"Polic\u00eda de Buenos Aires usar\u00e1 pistolas Taser contra delito","datePublished":"2023-04-19T00:52:48+00:00","mainEntityOfPage":{"@id":"https:\/\/potenciaradiofonicadominicana.com\/portal\/policia-de-buenos-aires-usara-pistolas-taser-contra-delito\/"},"wordCount":431,"publisher":{"@id":"https:\/\/potenciaradiofonicadominicana.com\/portal\/#organization"},"image":{"@id":"https:\/\/potenciaradiofonicadominicana.com\/portal\/policia-de-buenos-aires-usara-pistolas-taser-contra-delito\/#primaryimage"},"thumbnailUrl":"https:\/\/potenciaradiofonicadominicana.com\/portal\/wp-content\/uploads\/2023\/04\/5ee7999ec7a62.jpeg","articleSection":["Menu category"],"inLanguage":"es"},{"@type":"WebPage","@id":"https:\/\/potenciaradiofonicadominicana.com\/portal\/policia-de-buenos-aires-usara-pistolas-taser-contra-delito\/","url":"https:\/\/potenciaradiofonicadominicana.com\/portal\/policia-de-buenos-aires-usara-pistolas-taser-contra-delito\/","name":"Polic\u00eda de Buenos Aires usar\u00e1 pistolas Taser contra delito - PotenciaRadiofonicaDominicana.com","isPartOf":{"@id":"https:\/\/potenciaradiofonicadominicana.com\/portal\/#website"},"primaryImageOfPage":{"@id":"https:\/\/potenciaradiofonicadominicana.com\/portal\/policia-de-buenos-aires-usara-pistolas-taser-contra-delito\/#primaryimage"},"image":{"@id":"https:\/\/potenciaradiofonicadominicana.com\/portal\/policia-de-buenos-aires-usara-pistolas-taser-contra-delito\/#primaryimage"},"thumbnailUrl":"https:\/\/potenciaradiofonicadominicana.com\/portal\/wp-content\/uploads\/2023\/04\/5ee7999ec7a62.jpeg","datePublished":"2023-04-19T00:52:48+00:00","breadcrumb":{"@id":"https:\/\/potenciaradiofonicadominicana.com\/portal\/policia-de-buenos-aires-usara-pistolas-taser-contra-delito\/#breadcrumb"},"inLanguage":"es","potentialAction":[{"@type":"ReadAction","target":["https:\/\/potenciaradiofonicadominicana.com\/portal\/policia-de-buenos-aires-usara-pistolas-taser-contra-delito\/"]}]},{"@type":"ImageObject","inLanguage":"es","@id":"https:\/\/potenciaradiofonicadominicana.com\/portal\/policia-de-buenos-aires-usara-pistolas-taser-contra-delito\/#primaryimage","url":"https:\/\/potenciaradiofonicadominicana.com\/portal\/wp-content\/uploads\/2023\/04\/5ee7999ec7a62.jpeg","contentUrl":"https:\/\/potenciaradiofonicadominicana.com\/portal\/wp-content\/uploads\/2023\/04\/5ee7999ec7a62.jpeg","width":990,"height":660},{"@type":"BreadcrumbList","@id":"https:\/\/potenciaradiofonicadominicana.com\/portal\/policia-de-buenos-aires-usara-pistolas-taser-contra-delito\/#breadcrumb","itemListElement":[{"@type":"ListItem","position":1,"name":"Portada","item":"https:\/\/potenciaradiofonicadominicana.com\/portal\/"},{"@type":"ListItem","position":2,"name":"Polic\u00eda de Buenos Aires usar\u00e1 pistolas Taser contra delito"}]},{"@type":"WebSite","@id":"https:\/\/potenciaradiofonicadominicana.com\/portal\/#website","url":"https:\/\/potenciaradiofonicadominicana.com\/portal\/","name":"PotenciaRadiofonicaDominicana.com","description":"Peri\u00f3dico Digital","publisher":{"@id":"https:\/\/potenciaradiofonicadominicana.com\/portal\/#organization"},"potentialAction":[{"@type":"SearchAction","target":{"@type":"EntryPoint","urlTemplate":"https:\/\/potenciaradiofonicadominicana.com\/portal\/?s={search_term_string}"},"query-input":{"@type":"PropertyValueSpecification","valueRequired":true,"valueName":"search_term_string"}}],"inLanguage":"es"},{"@type":"Organization","@id":"https:\/\/potenciaradiofonicadominicana.com\/portal\/#organization","name":"PotenciaRadiofonicaDominicana.com","url":"https:\/\/potenciaradiofonicadominicana.com\/portal\/","logo":{"@type":"ImageObject","inLanguage":"es","@id":"https:\/\/potenciaradiofonicadominicana.com\/portal\/#\/schema\/logo\/image\/","url":"https:\/\/potenciaradiofonicadominicana.com\/portal\/wp-content\/uploads\/2022\/01\/descarga.png","contentUrl":"https:\/\/potenciaradiofonicadominicana.com\/portal\/wp-content\/uploads\/2022\/01\/descarga.png","width":300,"height":100,"caption":"PotenciaRadiofonicaDominicana.com"},"image":{"@id":"https:\/\/potenciaradiofonicadominicana.com\/portal\/#\/schema\/logo\/image\/"},"sameAs":["https:\/\/web.facebook.com\/PotenciaRadiofonicaD"]},{"@type":"Person","@id":"https:\/\/potenciaradiofonicadominicana.com\/portal\/#\/schema\/person\/a5cf1fea13877803ee0573ac18b03490","name":"Potencia Radiof\u00f3nica Dominicana","image":{"@type":"ImageObject","inLanguage":"es","@id":"https:\/\/potenciaradiofonicadominicana.com\/portal\/#\/schema\/person\/image\/","url":"https:\/\/secure.gravatar.com\/avatar\/42a55ab9e8ccc656ba34cd791990602a?s=96&d=mm&r=g","contentUrl":"https:\/\/secure.gravatar.com\/avatar\/42a55ab9e8ccc656ba34cd791990602a?s=96&d=mm&r=g","caption":"Potencia Radiof\u00f3nica Dominicana"},"url":"https:\/\/potenciaradiofonicadominicana.com\/portal\/author\/johannyalmanzar\/"}]}},"_links":{"self":[{"href":"https:\/\/potenciaradiofonicadominicana.com\/portal\/wp-json\/wp\/v2\/posts\/145911","targetHints":{"allow":["GET"]}}],"collection":[{"href":"https:\/\/potenciaradiofonicadominicana.com\/portal\/wp-json\/wp\/v2\/posts"}],"about":[{"href":"https:\/\/potenciaradiofonicadominicana.com\/portal\/wp-json\/wp\/v2\/types\/post"}],"author":[{"embeddable":true,"href":"https:\/\/potenciaradiofonicadominicana.com\/portal\/wp-json\/wp\/v2\/users\/2"}],"replies":[{"embeddable":true,"href":"https:\/\/potenciaradiofonicadominicana.com\/portal\/wp-json\/wp\/v2\/comments?post=145911"}],"version-history":[{"count":1,"href":"https:\/\/potenciaradiofonicadominicana.com\/portal\/wp-json\/wp\/v2\/posts\/145911\/revisions"}],"predecessor-version":[{"id":145913,"href":"https:\/\/potenciaradiofonicadominicana.com\/portal\/wp-json\/wp\/v2\/posts\/145911\/revisions\/145913"}],"wp:featuredmedia":[{"embeddable":true,"href":"https:\/\/potenciaradiofonicadominicana.com\/portal\/wp-json\/wp\/v2\/media\/145912"}],"wp:attachment":[{"href":"https:\/\/potenciaradiofonicadominicana.com\/portal\/wp-json\/wp\/v2\/media?parent=145911"}],"wp:term":[{"taxonomy":"category","embeddable":true,"href":"https:\/\/potenciaradiofonicadominicana.com\/portal\/wp-json\/wp\/v2\/categories?post=145911"},{"taxonomy":"post_tag","embeddable":true,"href":"https:\/\/potenciaradiofonicadominicana.com\/portal\/wp-json\/wp\/v2\/tags?post=145911"}],"curies":[{"name":"wp","href":"https:\/\/api.w.org\/{rel}","templated":true}]}}