{"id":137411,"date":"2022-11-26T11:18:34","date_gmt":"2022-11-26T15:18:34","guid":{"rendered":"https:\/\/potenciaradiofonicadominicana.com\/portal\/?p=137411"},"modified":"2022-11-26T11:18:34","modified_gmt":"2022-11-26T15:18:34","slug":"cantante-y-actor-chino-canadiense-ex-miembro-de-exo-kris-wu-condenado-por-violacion","status":"publish","type":"post","link":"https:\/\/potenciaradiofonicadominicana.com\/portal\/cantante-y-actor-chino-canadiense-ex-miembro-de-exo-kris-wu-condenado-por-violacion\/","title":{"rendered":"Cantante y actor chino-canadiense ex miembro de EXO Kris Wu, condenado por violaci\u00f3n"},"content":{"rendered":"<p><a href=\"https:\/\/potenciaradiofonicadominicana.com\/portal\/wp-content\/uploads\/2022\/11\/foto_0000001120221125142316.jpg\"><img loading=\"lazy\" decoding=\"async\" class=\"alignnone size-full wp-image-137412\" src=\"https:\/\/potenciaradiofonicadominicana.com\/portal\/wp-content\/uploads\/2022\/11\/foto_0000001120221125142316.jpg\" alt=\"\" width=\"1130\" height=\"636\" srcset=\"https:\/\/potenciaradiofonicadominicana.com\/portal\/wp-content\/uploads\/2022\/11\/foto_0000001120221125142316.jpg 1130w, https:\/\/potenciaradiofonicadominicana.com\/portal\/wp-content\/uploads\/2022\/11\/foto_0000001120221125142316-300x169.jpg 300w, https:\/\/potenciaradiofonicadominicana.com\/portal\/wp-content\/uploads\/2022\/11\/foto_0000001120221125142316-768x432.jpg 768w, https:\/\/potenciaradiofonicadominicana.com\/portal\/wp-content\/uploads\/2022\/11\/foto_0000001120221125142316-1024x576.jpg 1024w\" sizes=\"auto, (max-width: 1130px) 100vw, 1130px\" \/><\/a><\/p>\n<div id=\"ArticleAuthorDiv\" class=\"article-body-author\">AFP<\/div>\n<div id=\"ArticleSourceDiv\" class=\"article-body-author\"><\/div>\n<div id=\"ArticleBody\">\n<p>El cantante y actor chino-canadiense\u00a0<strong><em>Kris\u00a0Wu<\/em><\/strong>\u00a0, una gran estrella en China, fue condenado a 13 a\u00f1os de c\u00e1rcel tras ser declarado culpable de violaci\u00f3n, anunci\u00f3 este viernes un tribunal chino, en un caso que us\u00f3 un esc\u00e1ndalo en el gigante asi\u00e1tico.<\/p>\n<p>El artista de 32 a\u00f1os fue condenado a \u00ab11 a\u00f1os y 6 meses de prisi\u00f3n por violaci\u00f3n\u00bb, precis\u00f3 el tribunal de distrito de Chaoyang, en Pek\u00edn, que a\u00f1adi\u00f3 que \u00abfue tambi\u00e9n condenado a una pena de c\u00e1rcel de 1 a\u00f1o y 10 meses por el delito de reuni\u00f3n de personas con el fin de cometer adulterio\u00bb.<\/p>\n<p>Al final de su condena, ser\u00e1 expulsado de China, indica tambi\u00e9n la sentencia.<\/p>\n<p>Canadiense de origen chino,\u00a0<strong><em>Kris\u00a0Wu<\/em><\/strong>\u00a0fue miembro del grupo de K-pop EXO.\u00a0Dej\u00f3 la banda en 2014 para embarcarse en una carrera en solitario como actor, cantante y modelo.<\/p>\n<p>El a\u00f1o pasado fue acusado por una estudiante china de 19 a\u00f1os de violarla durante una cita cuando ella ten\u00eda 17 a\u00f1os.<\/p>\n<p>Tras el esc\u00e1ndalo, marcas como Louis Vuitton, Bulgari, L&#8217;Or\u00e9al y Porsche, de las que era embajador, suspendieron su colaboraci\u00f3n con el cantante.<\/p>\n<p>Posteriormente, otras v\u00edctimas testificaron en l\u00ednea para acusar al equipo de\u00a0<strong><em>Wu<\/em><\/strong>\u00a0de comportamiento depredador, en particular invit\u00e1ndoles a fiestas de karaoke.<\/p>\n<p>Estas evidencias hicieron surgir un movimiento #Metoo en China, pero la tendencia se estanc\u00f3 desde entonces.<\/p>\n<p>Para evitar manifestaciones, los censores que controlan el bloqueo de internet r\u00e1pidamente en las redes sociales los \u00abhashtags\u00bb y las palabras clave referentes a casos de acoso sexual.<\/p>\n<p>&nbsp;<\/p>\n<\/div>\n","protected":false},"excerpt":{"rendered":"<p>AFP El cantante y actor chino-canadiense\u00a0Kris\u00a0Wu\u00a0, una gran estrella en China, fue condenado a 13 a\u00f1os de c\u00e1rcel tras ser &#8230;<\/p>\n","protected":false},"author":2,"featured_media":137412,"comment_status":"closed","ping_status":"closed","sticky":false,"template":"","format":"standard","meta":{"footnotes":""},"categories":[31],"tags":[],"class_list":["post-137411","post","type-post","status-publish","format-standard","has-post-thumbnail","hentry","category-arte-y-espectaculo"],"yoast_head":"<!-- This site is optimized with the Yoast SEO plugin v24.8.1 - https:\/\/yoast.com\/wordpress\/plugins\/seo\/ -->\n<title>Cantante y actor chino-canadiense ex miembro de EXO Kris Wu, condenado por violaci\u00f3n - PotenciaRadiofonicaDominicana.com<\/title>\n<meta name=\"robots\" content=\"index, follow, max-snippet:-1, max-image-preview:large, max-video-preview:-1\" \/>\n<link rel=\"canonical\" href=\"https:\/\/potenciaradiofonicadominicana.com\/portal\/cantante-y-actor-chino-canadiense-ex-miembro-de-exo-kris-wu-condenado-por-violacion\/\" \/>\n<meta property=\"og:locale\" content=\"es_ES\" \/>\n<meta property=\"og:type\" content=\"article\" \/>\n<meta property=\"og:title\" content=\"Cantante y actor chino-canadiense ex miembro de EXO Kris Wu, condenado por violaci\u00f3n - PotenciaRadiofonicaDominicana.com\" \/>\n<meta property=\"og:description\" content=\"AFP El cantante y actor chino-canadiense\u00a0Kris\u00a0Wu\u00a0, una gran estrella en China, fue condenado a 13 a\u00f1os de c\u00e1rcel tras ser ...\" \/>\n<meta property=\"og:url\" content=\"https:\/\/potenciaradiofonicadominicana.com\/portal\/cantante-y-actor-chino-canadiense-ex-miembro-de-exo-kris-wu-condenado-por-violacion\/\" \/>\n<meta property=\"og:site_name\" content=\"PotenciaRadiofonicaDominicana.com\" \/>\n<meta property=\"article:publisher\" content=\"https:\/\/web.facebook.com\/PotenciaRadiofonicaD\" \/>\n<meta property=\"article:published_time\" content=\"2022-11-26T15:18:34+00:00\" \/>\n<meta property=\"og:image\" content=\"https:\/\/potenciaradiofonicadominicana.com\/portal\/wp-content\/uploads\/2022\/11\/foto_0000001120221125142316.jpg\" \/>\n\t<meta property=\"og:image:width\" content=\"1130\" \/>\n\t<meta property=\"og:image:height\" content=\"636\" \/>\n\t<meta property=\"og:image:type\" content=\"image\/jpeg\" \/>\n<meta name=\"author\" content=\"Potencia Radiof\u00f3nica Dominicana\" \/>\n<meta name=\"twitter:card\" content=\"summary_large_image\" \/>\n<meta name=\"twitter:label1\" content=\"Escrito por\" \/>\n\t<meta name=\"twitter:data1\" content=\"Potencia Radiof\u00f3nica Dominicana\" \/>\n\t<meta name=\"twitter:label2\" content=\"Tiempo de lectura\" \/>\n\t<meta name=\"twitter:data2\" content=\"1 minuto\" \/>\n<script type=\"application\/ld+json\" class=\"yoast-schema-graph\">{\"@context\":\"https:\/\/schema.org\",\"@graph\":[{\"@type\":\"Article\",\"@id\":\"https:\/\/potenciaradiofonicadominicana.com\/portal\/cantante-y-actor-chino-canadiense-ex-miembro-de-exo-kris-wu-condenado-por-violacion\/#article\",\"isPartOf\":{\"@id\":\"https:\/\/potenciaradiofonicadominicana.com\/portal\/cantante-y-actor-chino-canadiense-ex-miembro-de-exo-kris-wu-condenado-por-violacion\/\"},\"author\":{\"name\":\"Potencia Radiof\u00f3nica Dominicana\",\"@id\":\"https:\/\/potenciaradiofonicadominicana.com\/portal\/#\/schema\/person\/a5cf1fea13877803ee0573ac18b03490\"},\"headline\":\"Cantante y actor chino-canadiense ex miembro de EXO Kris Wu, condenado por violaci\u00f3n\",\"datePublished\":\"2022-11-26T15:18:34+00:00\",\"mainEntityOfPage\":{\"@id\":\"https:\/\/potenciaradiofonicadominicana.com\/portal\/cantante-y-actor-chino-canadiense-ex-miembro-de-exo-kris-wu-condenado-por-violacion\/\"},\"wordCount\":285,\"publisher\":{\"@id\":\"https:\/\/potenciaradiofonicadominicana.com\/portal\/#organization\"},\"image\":{\"@id\":\"https:\/\/potenciaradiofonicadominicana.com\/portal\/cantante-y-actor-chino-canadiense-ex-miembro-de-exo-kris-wu-condenado-por-violacion\/#primaryimage\"},\"thumbnailUrl\":\"https:\/\/potenciaradiofonicadominicana.com\/portal\/wp-content\/uploads\/2022\/11\/foto_0000001120221125142316.jpg\",\"articleSection\":[\"Arte y Espectaculo\"],\"inLanguage\":\"es\"},{\"@type\":\"WebPage\",\"@id\":\"https:\/\/potenciaradiofonicadominicana.com\/portal\/cantante-y-actor-chino-canadiense-ex-miembro-de-exo-kris-wu-condenado-por-violacion\/\",\"url\":\"https:\/\/potenciaradiofonicadominicana.com\/portal\/cantante-y-actor-chino-canadiense-ex-miembro-de-exo-kris-wu-condenado-por-violacion\/\",\"name\":\"Cantante y actor chino-canadiense ex miembro de EXO Kris Wu, condenado por violaci\u00f3n - PotenciaRadiofonicaDominicana.com\",\"isPartOf\":{\"@id\":\"https:\/\/potenciaradiofonicadominicana.com\/portal\/#website\"},\"primaryImageOfPage\":{\"@id\":\"https:\/\/potenciaradiofonicadominicana.com\/portal\/cantante-y-actor-chino-canadiense-ex-miembro-de-exo-kris-wu-condenado-por-violacion\/#primaryimage\"},\"image\":{\"@id\":\"https:\/\/potenciaradiofonicadominicana.com\/portal\/cantante-y-actor-chino-canadiense-ex-miembro-de-exo-kris-wu-condenado-por-violacion\/#primaryimage\"},\"thumbnailUrl\":\"https:\/\/potenciaradiofonicadominicana.com\/portal\/wp-content\/uploads\/2022\/11\/foto_0000001120221125142316.jpg\",\"datePublished\":\"2022-11-26T15:18:34+00:00\",\"breadcrumb\":{\"@id\":\"https:\/\/potenciaradiofonicadominicana.com\/portal\/cantante-y-actor-chino-canadiense-ex-miembro-de-exo-kris-wu-condenado-por-violacion\/#breadcrumb\"},\"inLanguage\":\"es\",\"potentialAction\":[{\"@type\":\"ReadAction\",\"target\":[\"https:\/\/potenciaradiofonicadominicana.com\/portal\/cantante-y-actor-chino-canadiense-ex-miembro-de-exo-kris-wu-condenado-por-violacion\/\"]}]},{\"@type\":\"ImageObject\",\"inLanguage\":\"es\",\"@id\":\"https:\/\/potenciaradiofonicadominicana.com\/portal\/cantante-y-actor-chino-canadiense-ex-miembro-de-exo-kris-wu-condenado-por-violacion\/#primaryimage\",\"url\":\"https:\/\/potenciaradiofonicadominicana.com\/portal\/wp-content\/uploads\/2022\/11\/foto_0000001120221125142316.jpg\",\"contentUrl\":\"https:\/\/potenciaradiofonicadominicana.com\/portal\/wp-content\/uploads\/2022\/11\/foto_0000001120221125142316.jpg\",\"width\":1130,\"height\":636},{\"@type\":\"BreadcrumbList\",\"@id\":\"https:\/\/potenciaradiofonicadominicana.com\/portal\/cantante-y-actor-chino-canadiense-ex-miembro-de-exo-kris-wu-condenado-por-violacion\/#breadcrumb\",\"itemListElement\":[{\"@type\":\"ListItem\",\"position\":1,\"name\":\"Portada\",\"item\":\"https:\/\/potenciaradiofonicadominicana.com\/portal\/\"},{\"@type\":\"ListItem\",\"position\":2,\"name\":\"Cantante y actor chino-canadiense ex miembro de EXO Kris Wu, condenado por violaci\u00f3n\"}]},{\"@type\":\"WebSite\",\"@id\":\"https:\/\/potenciaradiofonicadominicana.com\/portal\/#website\",\"url\":\"https:\/\/potenciaradiofonicadominicana.com\/portal\/\",\"name\":\"PotenciaRadiofonicaDominicana.com\",\"description\":\"Peri\u00f3dico Digital\",\"publisher\":{\"@id\":\"https:\/\/potenciaradiofonicadominicana.com\/portal\/#organization\"},\"potentialAction\":[{\"@type\":\"SearchAction\",\"target\":{\"@type\":\"EntryPoint\",\"urlTemplate\":\"https:\/\/potenciaradiofonicadominicana.com\/portal\/?s={search_term_string}\"},\"query-input\":{\"@type\":\"PropertyValueSpecification\",\"valueRequired\":true,\"valueName\":\"search_term_string\"}}],\"inLanguage\":\"es\"},{\"@type\":\"Organization\",\"@id\":\"https:\/\/potenciaradiofonicadominicana.com\/portal\/#organization\",\"name\":\"PotenciaRadiofonicaDominicana.com\",\"url\":\"https:\/\/potenciaradiofonicadominicana.com\/portal\/\",\"logo\":{\"@type\":\"ImageObject\",\"inLanguage\":\"es\",\"@id\":\"https:\/\/potenciaradiofonicadominicana.com\/portal\/#\/schema\/logo\/image\/\",\"url\":\"https:\/\/potenciaradiofonicadominicana.com\/portal\/wp-content\/uploads\/2022\/01\/descarga.png\",\"contentUrl\":\"https:\/\/potenciaradiofonicadominicana.com\/portal\/wp-content\/uploads\/2022\/01\/descarga.png\",\"width\":300,\"height\":100,\"caption\":\"PotenciaRadiofonicaDominicana.com\"},\"image\":{\"@id\":\"https:\/\/potenciaradiofonicadominicana.com\/portal\/#\/schema\/logo\/image\/\"},\"sameAs\":[\"https:\/\/web.facebook.com\/PotenciaRadiofonicaD\"]},{\"@type\":\"Person\",\"@id\":\"https:\/\/potenciaradiofonicadominicana.com\/portal\/#\/schema\/person\/a5cf1fea13877803ee0573ac18b03490\",\"name\":\"Potencia Radiof\u00f3nica Dominicana\",\"image\":{\"@type\":\"ImageObject\",\"inLanguage\":\"es\",\"@id\":\"https:\/\/potenciaradiofonicadominicana.com\/portal\/#\/schema\/person\/image\/\",\"url\":\"https:\/\/secure.gravatar.com\/avatar\/42a55ab9e8ccc656ba34cd791990602a?s=96&d=mm&r=g\",\"contentUrl\":\"https:\/\/secure.gravatar.com\/avatar\/42a55ab9e8ccc656ba34cd791990602a?s=96&d=mm&r=g\",\"caption\":\"Potencia Radiof\u00f3nica Dominicana\"},\"url\":\"https:\/\/potenciaradiofonicadominicana.com\/portal\/author\/johannyalmanzar\/\"}]}<\/script>\n<!-- \/ Yoast SEO plugin. -->","yoast_head_json":{"title":"Cantante y actor chino-canadiense ex miembro de EXO Kris Wu, condenado por violaci\u00f3n - PotenciaRadiofonicaDominicana.com","robots":{"index":"index","follow":"follow","max-snippet":"max-snippet:-1","max-image-preview":"max-image-preview:large","max-video-preview":"max-video-preview:-1"},"canonical":"https:\/\/potenciaradiofonicadominicana.com\/portal\/cantante-y-actor-chino-canadiense-ex-miembro-de-exo-kris-wu-condenado-por-violacion\/","og_locale":"es_ES","og_type":"article","og_title":"Cantante y actor chino-canadiense ex miembro de EXO Kris Wu, condenado por violaci\u00f3n - PotenciaRadiofonicaDominicana.com","og_description":"AFP El cantante y actor chino-canadiense\u00a0Kris\u00a0Wu\u00a0, una gran estrella en China, fue condenado a 13 a\u00f1os de c\u00e1rcel tras ser ...","og_url":"https:\/\/potenciaradiofonicadominicana.com\/portal\/cantante-y-actor-chino-canadiense-ex-miembro-de-exo-kris-wu-condenado-por-violacion\/","og_site_name":"PotenciaRadiofonicaDominicana.com","article_publisher":"https:\/\/web.facebook.com\/PotenciaRadiofonicaD","article_published_time":"2022-11-26T15:18:34+00:00","og_image":[{"width":1130,"height":636,"url":"https:\/\/potenciaradiofonicadominicana.com\/portal\/wp-content\/uploads\/2022\/11\/foto_0000001120221125142316.jpg","type":"image\/jpeg"}],"author":"Potencia Radiof\u00f3nica Dominicana","twitter_card":"summary_large_image","twitter_misc":{"Escrito por":"Potencia Radiof\u00f3nica Dominicana","Tiempo de lectura":"1 minuto"},"schema":{"@context":"https:\/\/schema.org","@graph":[{"@type":"Article","@id":"https:\/\/potenciaradiofonicadominicana.com\/portal\/cantante-y-actor-chino-canadiense-ex-miembro-de-exo-kris-wu-condenado-por-violacion\/#article","isPartOf":{"@id":"https:\/\/potenciaradiofonicadominicana.com\/portal\/cantante-y-actor-chino-canadiense-ex-miembro-de-exo-kris-wu-condenado-por-violacion\/"},"author":{"name":"Potencia Radiof\u00f3nica Dominicana","@id":"https:\/\/potenciaradiofonicadominicana.com\/portal\/#\/schema\/person\/a5cf1fea13877803ee0573ac18b03490"},"headline":"Cantante y actor chino-canadiense ex miembro de EXO Kris Wu, condenado por violaci\u00f3n","datePublished":"2022-11-26T15:18:34+00:00","mainEntityOfPage":{"@id":"https:\/\/potenciaradiofonicadominicana.com\/portal\/cantante-y-actor-chino-canadiense-ex-miembro-de-exo-kris-wu-condenado-por-violacion\/"},"wordCount":285,"publisher":{"@id":"https:\/\/potenciaradiofonicadominicana.com\/portal\/#organization"},"image":{"@id":"https:\/\/potenciaradiofonicadominicana.com\/portal\/cantante-y-actor-chino-canadiense-ex-miembro-de-exo-kris-wu-condenado-por-violacion\/#primaryimage"},"thumbnailUrl":"https:\/\/potenciaradiofonicadominicana.com\/portal\/wp-content\/uploads\/2022\/11\/foto_0000001120221125142316.jpg","articleSection":["Arte y Espectaculo"],"inLanguage":"es"},{"@type":"WebPage","@id":"https:\/\/potenciaradiofonicadominicana.com\/portal\/cantante-y-actor-chino-canadiense-ex-miembro-de-exo-kris-wu-condenado-por-violacion\/","url":"https:\/\/potenciaradiofonicadominicana.com\/portal\/cantante-y-actor-chino-canadiense-ex-miembro-de-exo-kris-wu-condenado-por-violacion\/","name":"Cantante y actor chino-canadiense ex miembro de EXO Kris Wu, condenado por violaci\u00f3n - PotenciaRadiofonicaDominicana.com","isPartOf":{"@id":"https:\/\/potenciaradiofonicadominicana.com\/portal\/#website"},"primaryImageOfPage":{"@id":"https:\/\/potenciaradiofonicadominicana.com\/portal\/cantante-y-actor-chino-canadiense-ex-miembro-de-exo-kris-wu-condenado-por-violacion\/#primaryimage"},"image":{"@id":"https:\/\/potenciaradiofonicadominicana.com\/portal\/cantante-y-actor-chino-canadiense-ex-miembro-de-exo-kris-wu-condenado-por-violacion\/#primaryimage"},"thumbnailUrl":"https:\/\/potenciaradiofonicadominicana.com\/portal\/wp-content\/uploads\/2022\/11\/foto_0000001120221125142316.jpg","datePublished":"2022-11-26T15:18:34+00:00","breadcrumb":{"@id":"https:\/\/potenciaradiofonicadominicana.com\/portal\/cantante-y-actor-chino-canadiense-ex-miembro-de-exo-kris-wu-condenado-por-violacion\/#breadcrumb"},"inLanguage":"es","potentialAction":[{"@type":"ReadAction","target":["https:\/\/potenciaradiofonicadominicana.com\/portal\/cantante-y-actor-chino-canadiense-ex-miembro-de-exo-kris-wu-condenado-por-violacion\/"]}]},{"@type":"ImageObject","inLanguage":"es","@id":"https:\/\/potenciaradiofonicadominicana.com\/portal\/cantante-y-actor-chino-canadiense-ex-miembro-de-exo-kris-wu-condenado-por-violacion\/#primaryimage","url":"https:\/\/potenciaradiofonicadominicana.com\/portal\/wp-content\/uploads\/2022\/11\/foto_0000001120221125142316.jpg","contentUrl":"https:\/\/potenciaradiofonicadominicana.com\/portal\/wp-content\/uploads\/2022\/11\/foto_0000001120221125142316.jpg","width":1130,"height":636},{"@type":"BreadcrumbList","@id":"https:\/\/potenciaradiofonicadominicana.com\/portal\/cantante-y-actor-chino-canadiense-ex-miembro-de-exo-kris-wu-condenado-por-violacion\/#breadcrumb","itemListElement":[{"@type":"ListItem","position":1,"name":"Portada","item":"https:\/\/potenciaradiofonicadominicana.com\/portal\/"},{"@type":"ListItem","position":2,"name":"Cantante y actor chino-canadiense ex miembro de EXO Kris Wu, condenado por violaci\u00f3n"}]},{"@type":"WebSite","@id":"https:\/\/potenciaradiofonicadominicana.com\/portal\/#website","url":"https:\/\/potenciaradiofonicadominicana.com\/portal\/","name":"PotenciaRadiofonicaDominicana.com","description":"Peri\u00f3dico Digital","publisher":{"@id":"https:\/\/potenciaradiofonicadominicana.com\/portal\/#organization"},"potentialAction":[{"@type":"SearchAction","target":{"@type":"EntryPoint","urlTemplate":"https:\/\/potenciaradiofonicadominicana.com\/portal\/?s={search_term_string}"},"query-input":{"@type":"PropertyValueSpecification","valueRequired":true,"valueName":"search_term_string"}}],"inLanguage":"es"},{"@type":"Organization","@id":"https:\/\/potenciaradiofonicadominicana.com\/portal\/#organization","name":"PotenciaRadiofonicaDominicana.com","url":"https:\/\/potenciaradiofonicadominicana.com\/portal\/","logo":{"@type":"ImageObject","inLanguage":"es","@id":"https:\/\/potenciaradiofonicadominicana.com\/portal\/#\/schema\/logo\/image\/","url":"https:\/\/potenciaradiofonicadominicana.com\/portal\/wp-content\/uploads\/2022\/01\/descarga.png","contentUrl":"https:\/\/potenciaradiofonicadominicana.com\/portal\/wp-content\/uploads\/2022\/01\/descarga.png","width":300,"height":100,"caption":"PotenciaRadiofonicaDominicana.com"},"image":{"@id":"https:\/\/potenciaradiofonicadominicana.com\/portal\/#\/schema\/logo\/image\/"},"sameAs":["https:\/\/web.facebook.com\/PotenciaRadiofonicaD"]},{"@type":"Person","@id":"https:\/\/potenciaradiofonicadominicana.com\/portal\/#\/schema\/person\/a5cf1fea13877803ee0573ac18b03490","name":"Potencia Radiof\u00f3nica Dominicana","image":{"@type":"ImageObject","inLanguage":"es","@id":"https:\/\/potenciaradiofonicadominicana.com\/portal\/#\/schema\/person\/image\/","url":"https:\/\/secure.gravatar.com\/avatar\/42a55ab9e8ccc656ba34cd791990602a?s=96&d=mm&r=g","contentUrl":"https:\/\/secure.gravatar.com\/avatar\/42a55ab9e8ccc656ba34cd791990602a?s=96&d=mm&r=g","caption":"Potencia Radiof\u00f3nica Dominicana"},"url":"https:\/\/potenciaradiofonicadominicana.com\/portal\/author\/johannyalmanzar\/"}]}},"_links":{"self":[{"href":"https:\/\/potenciaradiofonicadominicana.com\/portal\/wp-json\/wp\/v2\/posts\/137411","targetHints":{"allow":["GET"]}}],"collection":[{"href":"https:\/\/potenciaradiofonicadominicana.com\/portal\/wp-json\/wp\/v2\/posts"}],"about":[{"href":"https:\/\/potenciaradiofonicadominicana.com\/portal\/wp-json\/wp\/v2\/types\/post"}],"author":[{"embeddable":true,"href":"https:\/\/potenciaradiofonicadominicana.com\/portal\/wp-json\/wp\/v2\/users\/2"}],"replies":[{"embeddable":true,"href":"https:\/\/potenciaradiofonicadominicana.com\/portal\/wp-json\/wp\/v2\/comments?post=137411"}],"version-history":[{"count":1,"href":"https:\/\/potenciaradiofonicadominicana.com\/portal\/wp-json\/wp\/v2\/posts\/137411\/revisions"}],"predecessor-version":[{"id":137413,"href":"https:\/\/potenciaradiofonicadominicana.com\/portal\/wp-json\/wp\/v2\/posts\/137411\/revisions\/137413"}],"wp:featuredmedia":[{"embeddable":true,"href":"https:\/\/potenciaradiofonicadominicana.com\/portal\/wp-json\/wp\/v2\/media\/137412"}],"wp:attachment":[{"href":"https:\/\/potenciaradiofonicadominicana.com\/portal\/wp-json\/wp\/v2\/media?parent=137411"}],"wp:term":[{"taxonomy":"category","embeddable":true,"href":"https:\/\/potenciaradiofonicadominicana.com\/portal\/wp-json\/wp\/v2\/categories?post=137411"},{"taxonomy":"post_tag","embeddable":true,"href":"https:\/\/potenciaradiofonicadominicana.com\/portal\/wp-json\/wp\/v2\/tags?post=137411"}],"curies":[{"name":"wp","href":"https:\/\/api.w.org\/{rel}","templated":true}]}}