{"id":120636,"date":"2022-03-14T09:04:50","date_gmt":"2022-03-14T13:04:50","guid":{"rendered":"https:\/\/potenciaradiofonicadominicana.com\/portal\/?p=120636"},"modified":"2022-03-14T09:04:50","modified_gmt":"2022-03-14T13:04:50","slug":"barrick-pueblo-viejo-invita-al-publico-a-conocer-la-realidad-del-agua-en-sus-operaciones","status":"publish","type":"post","link":"https:\/\/potenciaradiofonicadominicana.com\/portal\/barrick-pueblo-viejo-invita-al-publico-a-conocer-la-realidad-del-agua-en-sus-operaciones\/","title":{"rendered":"Barrick Pueblo Viejo invita al p\u00fablico a conocer \u00abla realidad del agua\u00bb en sus operaciones"},"content":{"rendered":"<p><a href=\"https:\/\/potenciaradiofonicadominicana.com\/portal\/wp-content\/uploads\/2022\/03\/bef2715e-a7b2-4ad9-aa26-7d98726a39df-1c63cb7f-focus-0-0-895-573.jpg\"><img loading=\"lazy\" decoding=\"async\" class=\"alignnone size-full wp-image-120638\" src=\"https:\/\/potenciaradiofonicadominicana.com\/portal\/wp-content\/uploads\/2022\/03\/bef2715e-a7b2-4ad9-aa26-7d98726a39df-1c63cb7f-focus-0-0-895-573.jpg\" alt=\"\" width=\"895\" height=\"573\" srcset=\"https:\/\/potenciaradiofonicadominicana.com\/portal\/wp-content\/uploads\/2022\/03\/bef2715e-a7b2-4ad9-aa26-7d98726a39df-1c63cb7f-focus-0-0-895-573.jpg 895w, https:\/\/potenciaradiofonicadominicana.com\/portal\/wp-content\/uploads\/2022\/03\/bef2715e-a7b2-4ad9-aa26-7d98726a39df-1c63cb7f-focus-0-0-895-573-300x192.jpg 300w, https:\/\/potenciaradiofonicadominicana.com\/portal\/wp-content\/uploads\/2022\/03\/bef2715e-a7b2-4ad9-aa26-7d98726a39df-1c63cb7f-focus-0-0-895-573-768x492.jpg 768w\" sizes=\"auto, (max-width: 895px) 100vw, 895px\" \/><\/a><\/p>\n<p>La empresa minera\u00a0Barrick Pueblo Viejo\u00a0asegur\u00f3 que las puertas de sus operaciones est\u00e1n abiertas para quien desee ir y comprobar la calidad del agua en sus operaciones y la realidad de los r\u00edos de los alrededores, \u201cen vista de la avalancha de desinformaci\u00f3n\u201d en torno a la calidad del agua en sus instalaciones y en los recursos de Cotu\u00ed.<\/p>\n<p>\u201cSiempre hemos tenido una pol\u00edtica de puertas abiertas para cualquier persona que quiera ingresar a la mina, visitar las fuentes de agua dentro y fuera de la operaci\u00f3n, y conocer la planta de tratamiento de aguas de la empresa y todo el trabajo de remediaci\u00f3n que hemos hecho desde el inicio de las operaciones\u201d, indic\u00f3 en un comunicado.<\/p>\n<p>La compa\u00f1\u00eda insiste en\u00a0 asegurar que \u201chay mucha desinformaci\u00f3n sobre las condiciones de los r\u00edos en la operaci\u00f3n y en la mina debido al pasado oscuro que por muchos a\u00f1os caracteriz\u00f3 la\u00a0miner\u00eda\u00a0en el pa\u00eds\u201d.<\/p>\n<p>\u201cEsas viejas pr\u00e1cticas quedaron en el pasado\u201d, reiter\u00f3, y afirm\u00f3 que desde el inicio de sus operaciones Barrick ha invertido para garantizar la calidad del agua.<\/p>\n<p>Precis\u00f3 que la empresa realiza un monitoreo \u201ccontinuo y diario de la calidad del agua tratada\u201d y cuenta con el Monitoreo Ambiental Participativo, que durante el 2021 fue realizado junto con el Instituto Tecnol\u00f3gico de Santo Domingo (Intec), quienes toman muestra de aguas, las analizan y aseguran su cumplimiento.<\/p>\n<p>\u201cLos resultados de las 39 muestras tomadas en 2021 confirman que el agua monitoreada es apta para uso en el riego de agricultura, ganader\u00eda, entre otros usos, de acuerdo con las normas nacionales. Asimismo, se confirm\u00f3 que los niveles de ruido alrededor de la empresa minera est\u00e1n muy por debajo de los l\u00edmites m\u00e1ximos establecidos por la normativa para los sectores residencial e industrial\u201d, asegur\u00f3 en el comunicado.<\/p>\n<p>Report\u00f3 que, solo en actividades de remediaci\u00f3n del pasivo ambiental dejado por la antigua Rosario Dominicana, la empresa ha invertido m\u00e1s de US$375 millones para mejorar la calidad del agua y los r\u00edos de la zona.<\/p>\n<p>La empresa tambi\u00e9n notific\u00f3 que cuenta con una red de m\u00e1s de 100 pozos de monitoreo y 90 estaciones de calidad de aguas superficiales que aseguran el cumplimiento de estos est\u00e1ndares. Los resultados -dijo- se informan cada seis meses al Ministerio de Medio Ambiente.<\/p>\n<p>\u201cEstas inversiones y el trabajo que realizamos en nuestra planta de tratamiento de aguas nos permiten afirmar que las aguas en las operaciones de Pueblo Viejo se encuentran en condiciones normales, cumpliendo con los est\u00e1ndares establecidos en las normas, y que las mismas no ofrecen peligro para la flora, la fauna ni para los seres vivos\u201d, concluy\u00f3 en el comunicado.<\/p>\n","protected":false},"excerpt":{"rendered":"<p>La empresa minera\u00a0Barrick Pueblo Viejo\u00a0asegur\u00f3 que las puertas de sus operaciones est\u00e1n abiertas para quien desee ir y comprobar la &#8230;<\/p>\n","protected":false},"author":2,"featured_media":120638,"comment_status":"closed","ping_status":"closed","sticky":false,"template":"","format":"standard","meta":{"footnotes":""},"categories":[26],"tags":[],"class_list":["post-120636","post","type-post","status-publish","format-standard","has-post-thumbnail","hentry","category-economia"],"yoast_head":"<!-- This site is optimized with the Yoast SEO plugin v24.8.1 - https:\/\/yoast.com\/wordpress\/plugins\/seo\/ -->\n<title>Barrick Pueblo Viejo invita al p\u00fablico a conocer &quot;la realidad del agua&quot; en sus operaciones - PotenciaRadiofonicaDominicana.com<\/title>\n<meta name=\"robots\" content=\"index, follow, max-snippet:-1, max-image-preview:large, max-video-preview:-1\" \/>\n<link rel=\"canonical\" href=\"https:\/\/potenciaradiofonicadominicana.com\/portal\/barrick-pueblo-viejo-invita-al-publico-a-conocer-la-realidad-del-agua-en-sus-operaciones\/\" \/>\n<meta property=\"og:locale\" content=\"es_ES\" \/>\n<meta property=\"og:type\" content=\"article\" \/>\n<meta property=\"og:title\" content=\"Barrick Pueblo Viejo invita al p\u00fablico a conocer &quot;la realidad del agua&quot; en sus operaciones - PotenciaRadiofonicaDominicana.com\" \/>\n<meta property=\"og:description\" content=\"La empresa minera\u00a0Barrick Pueblo Viejo\u00a0asegur\u00f3 que las puertas de sus operaciones est\u00e1n abiertas para quien desee ir y comprobar la ...\" \/>\n<meta property=\"og:url\" content=\"https:\/\/potenciaradiofonicadominicana.com\/portal\/barrick-pueblo-viejo-invita-al-publico-a-conocer-la-realidad-del-agua-en-sus-operaciones\/\" \/>\n<meta property=\"og:site_name\" content=\"PotenciaRadiofonicaDominicana.com\" \/>\n<meta property=\"article:publisher\" content=\"https:\/\/web.facebook.com\/PotenciaRadiofonicaD\" \/>\n<meta property=\"article:published_time\" content=\"2022-03-14T13:04:50+00:00\" \/>\n<meta property=\"og:image\" content=\"https:\/\/potenciaradiofonicadominicana.com\/portal\/wp-content\/uploads\/2022\/03\/bef2715e-a7b2-4ad9-aa26-7d98726a39df-1c63cb7f-focus-0-0-895-573.jpg\" \/>\n\t<meta property=\"og:image:width\" content=\"895\" \/>\n\t<meta property=\"og:image:height\" content=\"573\" \/>\n\t<meta property=\"og:image:type\" content=\"image\/jpeg\" \/>\n<meta name=\"author\" content=\"Potencia Radiof\u00f3nica Dominicana\" \/>\n<meta name=\"twitter:card\" content=\"summary_large_image\" \/>\n<meta name=\"twitter:label1\" content=\"Escrito por\" \/>\n\t<meta name=\"twitter:data1\" content=\"Potencia Radiof\u00f3nica Dominicana\" \/>\n\t<meta name=\"twitter:label2\" content=\"Tiempo de lectura\" \/>\n\t<meta name=\"twitter:data2\" content=\"2 minutos\" \/>\n<script type=\"application\/ld+json\" class=\"yoast-schema-graph\">{\"@context\":\"https:\/\/schema.org\",\"@graph\":[{\"@type\":\"Article\",\"@id\":\"https:\/\/potenciaradiofonicadominicana.com\/portal\/barrick-pueblo-viejo-invita-al-publico-a-conocer-la-realidad-del-agua-en-sus-operaciones\/#article\",\"isPartOf\":{\"@id\":\"https:\/\/potenciaradiofonicadominicana.com\/portal\/barrick-pueblo-viejo-invita-al-publico-a-conocer-la-realidad-del-agua-en-sus-operaciones\/\"},\"author\":{\"name\":\"Potencia Radiof\u00f3nica Dominicana\",\"@id\":\"https:\/\/potenciaradiofonicadominicana.com\/portal\/#\/schema\/person\/a5cf1fea13877803ee0573ac18b03490\"},\"headline\":\"Barrick Pueblo Viejo invita al p\u00fablico a conocer \u00abla realidad del agua\u00bb en sus operaciones\",\"datePublished\":\"2022-03-14T13:04:50+00:00\",\"mainEntityOfPage\":{\"@id\":\"https:\/\/potenciaradiofonicadominicana.com\/portal\/barrick-pueblo-viejo-invita-al-publico-a-conocer-la-realidad-del-agua-en-sus-operaciones\/\"},\"wordCount\":474,\"publisher\":{\"@id\":\"https:\/\/potenciaradiofonicadominicana.com\/portal\/#organization\"},\"image\":{\"@id\":\"https:\/\/potenciaradiofonicadominicana.com\/portal\/barrick-pueblo-viejo-invita-al-publico-a-conocer-la-realidad-del-agua-en-sus-operaciones\/#primaryimage\"},\"thumbnailUrl\":\"https:\/\/potenciaradiofonicadominicana.com\/portal\/wp-content\/uploads\/2022\/03\/bef2715e-a7b2-4ad9-aa26-7d98726a39df-1c63cb7f-focus-0-0-895-573.jpg\",\"articleSection\":[\"Econom\u00eda\"],\"inLanguage\":\"es\"},{\"@type\":\"WebPage\",\"@id\":\"https:\/\/potenciaradiofonicadominicana.com\/portal\/barrick-pueblo-viejo-invita-al-publico-a-conocer-la-realidad-del-agua-en-sus-operaciones\/\",\"url\":\"https:\/\/potenciaradiofonicadominicana.com\/portal\/barrick-pueblo-viejo-invita-al-publico-a-conocer-la-realidad-del-agua-en-sus-operaciones\/\",\"name\":\"Barrick Pueblo Viejo invita al p\u00fablico a conocer \\\"la realidad del agua\\\" en sus operaciones - PotenciaRadiofonicaDominicana.com\",\"isPartOf\":{\"@id\":\"https:\/\/potenciaradiofonicadominicana.com\/portal\/#website\"},\"primaryImageOfPage\":{\"@id\":\"https:\/\/potenciaradiofonicadominicana.com\/portal\/barrick-pueblo-viejo-invita-al-publico-a-conocer-la-realidad-del-agua-en-sus-operaciones\/#primaryimage\"},\"image\":{\"@id\":\"https:\/\/potenciaradiofonicadominicana.com\/portal\/barrick-pueblo-viejo-invita-al-publico-a-conocer-la-realidad-del-agua-en-sus-operaciones\/#primaryimage\"},\"thumbnailUrl\":\"https:\/\/potenciaradiofonicadominicana.com\/portal\/wp-content\/uploads\/2022\/03\/bef2715e-a7b2-4ad9-aa26-7d98726a39df-1c63cb7f-focus-0-0-895-573.jpg\",\"datePublished\":\"2022-03-14T13:04:50+00:00\",\"breadcrumb\":{\"@id\":\"https:\/\/potenciaradiofonicadominicana.com\/portal\/barrick-pueblo-viejo-invita-al-publico-a-conocer-la-realidad-del-agua-en-sus-operaciones\/#breadcrumb\"},\"inLanguage\":\"es\",\"potentialAction\":[{\"@type\":\"ReadAction\",\"target\":[\"https:\/\/potenciaradiofonicadominicana.com\/portal\/barrick-pueblo-viejo-invita-al-publico-a-conocer-la-realidad-del-agua-en-sus-operaciones\/\"]}]},{\"@type\":\"ImageObject\",\"inLanguage\":\"es\",\"@id\":\"https:\/\/potenciaradiofonicadominicana.com\/portal\/barrick-pueblo-viejo-invita-al-publico-a-conocer-la-realidad-del-agua-en-sus-operaciones\/#primaryimage\",\"url\":\"https:\/\/potenciaradiofonicadominicana.com\/portal\/wp-content\/uploads\/2022\/03\/bef2715e-a7b2-4ad9-aa26-7d98726a39df-1c63cb7f-focus-0-0-895-573.jpg\",\"contentUrl\":\"https:\/\/potenciaradiofonicadominicana.com\/portal\/wp-content\/uploads\/2022\/03\/bef2715e-a7b2-4ad9-aa26-7d98726a39df-1c63cb7f-focus-0-0-895-573.jpg\",\"width\":895,\"height\":573},{\"@type\":\"BreadcrumbList\",\"@id\":\"https:\/\/potenciaradiofonicadominicana.com\/portal\/barrick-pueblo-viejo-invita-al-publico-a-conocer-la-realidad-del-agua-en-sus-operaciones\/#breadcrumb\",\"itemListElement\":[{\"@type\":\"ListItem\",\"position\":1,\"name\":\"Portada\",\"item\":\"https:\/\/potenciaradiofonicadominicana.com\/portal\/\"},{\"@type\":\"ListItem\",\"position\":2,\"name\":\"Barrick Pueblo Viejo invita al p\u00fablico a conocer \u00abla realidad del agua\u00bb en sus operaciones\"}]},{\"@type\":\"WebSite\",\"@id\":\"https:\/\/potenciaradiofonicadominicana.com\/portal\/#website\",\"url\":\"https:\/\/potenciaradiofonicadominicana.com\/portal\/\",\"name\":\"PotenciaRadiofonicaDominicana.com\",\"description\":\"Peri\u00f3dico Digital\",\"publisher\":{\"@id\":\"https:\/\/potenciaradiofonicadominicana.com\/portal\/#organization\"},\"potentialAction\":[{\"@type\":\"SearchAction\",\"target\":{\"@type\":\"EntryPoint\",\"urlTemplate\":\"https:\/\/potenciaradiofonicadominicana.com\/portal\/?s={search_term_string}\"},\"query-input\":{\"@type\":\"PropertyValueSpecification\",\"valueRequired\":true,\"valueName\":\"search_term_string\"}}],\"inLanguage\":\"es\"},{\"@type\":\"Organization\",\"@id\":\"https:\/\/potenciaradiofonicadominicana.com\/portal\/#organization\",\"name\":\"PotenciaRadiofonicaDominicana.com\",\"url\":\"https:\/\/potenciaradiofonicadominicana.com\/portal\/\",\"logo\":{\"@type\":\"ImageObject\",\"inLanguage\":\"es\",\"@id\":\"https:\/\/potenciaradiofonicadominicana.com\/portal\/#\/schema\/logo\/image\/\",\"url\":\"https:\/\/potenciaradiofonicadominicana.com\/portal\/wp-content\/uploads\/2022\/01\/descarga.png\",\"contentUrl\":\"https:\/\/potenciaradiofonicadominicana.com\/portal\/wp-content\/uploads\/2022\/01\/descarga.png\",\"width\":300,\"height\":100,\"caption\":\"PotenciaRadiofonicaDominicana.com\"},\"image\":{\"@id\":\"https:\/\/potenciaradiofonicadominicana.com\/portal\/#\/schema\/logo\/image\/\"},\"sameAs\":[\"https:\/\/web.facebook.com\/PotenciaRadiofonicaD\"]},{\"@type\":\"Person\",\"@id\":\"https:\/\/potenciaradiofonicadominicana.com\/portal\/#\/schema\/person\/a5cf1fea13877803ee0573ac18b03490\",\"name\":\"Potencia Radiof\u00f3nica Dominicana\",\"image\":{\"@type\":\"ImageObject\",\"inLanguage\":\"es\",\"@id\":\"https:\/\/potenciaradiofonicadominicana.com\/portal\/#\/schema\/person\/image\/\",\"url\":\"https:\/\/secure.gravatar.com\/avatar\/42a55ab9e8ccc656ba34cd791990602a?s=96&d=mm&r=g\",\"contentUrl\":\"https:\/\/secure.gravatar.com\/avatar\/42a55ab9e8ccc656ba34cd791990602a?s=96&d=mm&r=g\",\"caption\":\"Potencia Radiof\u00f3nica Dominicana\"},\"url\":\"https:\/\/potenciaradiofonicadominicana.com\/portal\/author\/johannyalmanzar\/\"}]}<\/script>\n<!-- \/ Yoast SEO plugin. -->","yoast_head_json":{"title":"Barrick Pueblo Viejo invita al p\u00fablico a conocer \"la realidad del agua\" en sus operaciones - PotenciaRadiofonicaDominicana.com","robots":{"index":"index","follow":"follow","max-snippet":"max-snippet:-1","max-image-preview":"max-image-preview:large","max-video-preview":"max-video-preview:-1"},"canonical":"https:\/\/potenciaradiofonicadominicana.com\/portal\/barrick-pueblo-viejo-invita-al-publico-a-conocer-la-realidad-del-agua-en-sus-operaciones\/","og_locale":"es_ES","og_type":"article","og_title":"Barrick Pueblo Viejo invita al p\u00fablico a conocer \"la realidad del agua\" en sus operaciones - PotenciaRadiofonicaDominicana.com","og_description":"La empresa minera\u00a0Barrick Pueblo Viejo\u00a0asegur\u00f3 que las puertas de sus operaciones est\u00e1n abiertas para quien desee ir y comprobar la ...","og_url":"https:\/\/potenciaradiofonicadominicana.com\/portal\/barrick-pueblo-viejo-invita-al-publico-a-conocer-la-realidad-del-agua-en-sus-operaciones\/","og_site_name":"PotenciaRadiofonicaDominicana.com","article_publisher":"https:\/\/web.facebook.com\/PotenciaRadiofonicaD","article_published_time":"2022-03-14T13:04:50+00:00","og_image":[{"width":895,"height":573,"url":"https:\/\/potenciaradiofonicadominicana.com\/portal\/wp-content\/uploads\/2022\/03\/bef2715e-a7b2-4ad9-aa26-7d98726a39df-1c63cb7f-focus-0-0-895-573.jpg","type":"image\/jpeg"}],"author":"Potencia Radiof\u00f3nica Dominicana","twitter_card":"summary_large_image","twitter_misc":{"Escrito por":"Potencia Radiof\u00f3nica Dominicana","Tiempo de lectura":"2 minutos"},"schema":{"@context":"https:\/\/schema.org","@graph":[{"@type":"Article","@id":"https:\/\/potenciaradiofonicadominicana.com\/portal\/barrick-pueblo-viejo-invita-al-publico-a-conocer-la-realidad-del-agua-en-sus-operaciones\/#article","isPartOf":{"@id":"https:\/\/potenciaradiofonicadominicana.com\/portal\/barrick-pueblo-viejo-invita-al-publico-a-conocer-la-realidad-del-agua-en-sus-operaciones\/"},"author":{"name":"Potencia Radiof\u00f3nica Dominicana","@id":"https:\/\/potenciaradiofonicadominicana.com\/portal\/#\/schema\/person\/a5cf1fea13877803ee0573ac18b03490"},"headline":"Barrick Pueblo Viejo invita al p\u00fablico a conocer \u00abla realidad del agua\u00bb en sus operaciones","datePublished":"2022-03-14T13:04:50+00:00","mainEntityOfPage":{"@id":"https:\/\/potenciaradiofonicadominicana.com\/portal\/barrick-pueblo-viejo-invita-al-publico-a-conocer-la-realidad-del-agua-en-sus-operaciones\/"},"wordCount":474,"publisher":{"@id":"https:\/\/potenciaradiofonicadominicana.com\/portal\/#organization"},"image":{"@id":"https:\/\/potenciaradiofonicadominicana.com\/portal\/barrick-pueblo-viejo-invita-al-publico-a-conocer-la-realidad-del-agua-en-sus-operaciones\/#primaryimage"},"thumbnailUrl":"https:\/\/potenciaradiofonicadominicana.com\/portal\/wp-content\/uploads\/2022\/03\/bef2715e-a7b2-4ad9-aa26-7d98726a39df-1c63cb7f-focus-0-0-895-573.jpg","articleSection":["Econom\u00eda"],"inLanguage":"es"},{"@type":"WebPage","@id":"https:\/\/potenciaradiofonicadominicana.com\/portal\/barrick-pueblo-viejo-invita-al-publico-a-conocer-la-realidad-del-agua-en-sus-operaciones\/","url":"https:\/\/potenciaradiofonicadominicana.com\/portal\/barrick-pueblo-viejo-invita-al-publico-a-conocer-la-realidad-del-agua-en-sus-operaciones\/","name":"Barrick Pueblo Viejo invita al p\u00fablico a conocer \"la realidad del agua\" en sus operaciones - PotenciaRadiofonicaDominicana.com","isPartOf":{"@id":"https:\/\/potenciaradiofonicadominicana.com\/portal\/#website"},"primaryImageOfPage":{"@id":"https:\/\/potenciaradiofonicadominicana.com\/portal\/barrick-pueblo-viejo-invita-al-publico-a-conocer-la-realidad-del-agua-en-sus-operaciones\/#primaryimage"},"image":{"@id":"https:\/\/potenciaradiofonicadominicana.com\/portal\/barrick-pueblo-viejo-invita-al-publico-a-conocer-la-realidad-del-agua-en-sus-operaciones\/#primaryimage"},"thumbnailUrl":"https:\/\/potenciaradiofonicadominicana.com\/portal\/wp-content\/uploads\/2022\/03\/bef2715e-a7b2-4ad9-aa26-7d98726a39df-1c63cb7f-focus-0-0-895-573.jpg","datePublished":"2022-03-14T13:04:50+00:00","breadcrumb":{"@id":"https:\/\/potenciaradiofonicadominicana.com\/portal\/barrick-pueblo-viejo-invita-al-publico-a-conocer-la-realidad-del-agua-en-sus-operaciones\/#breadcrumb"},"inLanguage":"es","potentialAction":[{"@type":"ReadAction","target":["https:\/\/potenciaradiofonicadominicana.com\/portal\/barrick-pueblo-viejo-invita-al-publico-a-conocer-la-realidad-del-agua-en-sus-operaciones\/"]}]},{"@type":"ImageObject","inLanguage":"es","@id":"https:\/\/potenciaradiofonicadominicana.com\/portal\/barrick-pueblo-viejo-invita-al-publico-a-conocer-la-realidad-del-agua-en-sus-operaciones\/#primaryimage","url":"https:\/\/potenciaradiofonicadominicana.com\/portal\/wp-content\/uploads\/2022\/03\/bef2715e-a7b2-4ad9-aa26-7d98726a39df-1c63cb7f-focus-0-0-895-573.jpg","contentUrl":"https:\/\/potenciaradiofonicadominicana.com\/portal\/wp-content\/uploads\/2022\/03\/bef2715e-a7b2-4ad9-aa26-7d98726a39df-1c63cb7f-focus-0-0-895-573.jpg","width":895,"height":573},{"@type":"BreadcrumbList","@id":"https:\/\/potenciaradiofonicadominicana.com\/portal\/barrick-pueblo-viejo-invita-al-publico-a-conocer-la-realidad-del-agua-en-sus-operaciones\/#breadcrumb","itemListElement":[{"@type":"ListItem","position":1,"name":"Portada","item":"https:\/\/potenciaradiofonicadominicana.com\/portal\/"},{"@type":"ListItem","position":2,"name":"Barrick Pueblo Viejo invita al p\u00fablico a conocer \u00abla realidad del agua\u00bb en sus operaciones"}]},{"@type":"WebSite","@id":"https:\/\/potenciaradiofonicadominicana.com\/portal\/#website","url":"https:\/\/potenciaradiofonicadominicana.com\/portal\/","name":"PotenciaRadiofonicaDominicana.com","description":"Peri\u00f3dico Digital","publisher":{"@id":"https:\/\/potenciaradiofonicadominicana.com\/portal\/#organization"},"potentialAction":[{"@type":"SearchAction","target":{"@type":"EntryPoint","urlTemplate":"https:\/\/potenciaradiofonicadominicana.com\/portal\/?s={search_term_string}"},"query-input":{"@type":"PropertyValueSpecification","valueRequired":true,"valueName":"search_term_string"}}],"inLanguage":"es"},{"@type":"Organization","@id":"https:\/\/potenciaradiofonicadominicana.com\/portal\/#organization","name":"PotenciaRadiofonicaDominicana.com","url":"https:\/\/potenciaradiofonicadominicana.com\/portal\/","logo":{"@type":"ImageObject","inLanguage":"es","@id":"https:\/\/potenciaradiofonicadominicana.com\/portal\/#\/schema\/logo\/image\/","url":"https:\/\/potenciaradiofonicadominicana.com\/portal\/wp-content\/uploads\/2022\/01\/descarga.png","contentUrl":"https:\/\/potenciaradiofonicadominicana.com\/portal\/wp-content\/uploads\/2022\/01\/descarga.png","width":300,"height":100,"caption":"PotenciaRadiofonicaDominicana.com"},"image":{"@id":"https:\/\/potenciaradiofonicadominicana.com\/portal\/#\/schema\/logo\/image\/"},"sameAs":["https:\/\/web.facebook.com\/PotenciaRadiofonicaD"]},{"@type":"Person","@id":"https:\/\/potenciaradiofonicadominicana.com\/portal\/#\/schema\/person\/a5cf1fea13877803ee0573ac18b03490","name":"Potencia Radiof\u00f3nica Dominicana","image":{"@type":"ImageObject","inLanguage":"es","@id":"https:\/\/potenciaradiofonicadominicana.com\/portal\/#\/schema\/person\/image\/","url":"https:\/\/secure.gravatar.com\/avatar\/42a55ab9e8ccc656ba34cd791990602a?s=96&d=mm&r=g","contentUrl":"https:\/\/secure.gravatar.com\/avatar\/42a55ab9e8ccc656ba34cd791990602a?s=96&d=mm&r=g","caption":"Potencia Radiof\u00f3nica Dominicana"},"url":"https:\/\/potenciaradiofonicadominicana.com\/portal\/author\/johannyalmanzar\/"}]}},"_links":{"self":[{"href":"https:\/\/potenciaradiofonicadominicana.com\/portal\/wp-json\/wp\/v2\/posts\/120636","targetHints":{"allow":["GET"]}}],"collection":[{"href":"https:\/\/potenciaradiofonicadominicana.com\/portal\/wp-json\/wp\/v2\/posts"}],"about":[{"href":"https:\/\/potenciaradiofonicadominicana.com\/portal\/wp-json\/wp\/v2\/types\/post"}],"author":[{"embeddable":true,"href":"https:\/\/potenciaradiofonicadominicana.com\/portal\/wp-json\/wp\/v2\/users\/2"}],"replies":[{"embeddable":true,"href":"https:\/\/potenciaradiofonicadominicana.com\/portal\/wp-json\/wp\/v2\/comments?post=120636"}],"version-history":[{"count":1,"href":"https:\/\/potenciaradiofonicadominicana.com\/portal\/wp-json\/wp\/v2\/posts\/120636\/revisions"}],"predecessor-version":[{"id":120641,"href":"https:\/\/potenciaradiofonicadominicana.com\/portal\/wp-json\/wp\/v2\/posts\/120636\/revisions\/120641"}],"wp:featuredmedia":[{"embeddable":true,"href":"https:\/\/potenciaradiofonicadominicana.com\/portal\/wp-json\/wp\/v2\/media\/120638"}],"wp:attachment":[{"href":"https:\/\/potenciaradiofonicadominicana.com\/portal\/wp-json\/wp\/v2\/media?parent=120636"}],"wp:term":[{"taxonomy":"category","embeddable":true,"href":"https:\/\/potenciaradiofonicadominicana.com\/portal\/wp-json\/wp\/v2\/categories?post=120636"},{"taxonomy":"post_tag","embeddable":true,"href":"https:\/\/potenciaradiofonicadominicana.com\/portal\/wp-json\/wp\/v2\/tags?post=120636"}],"curies":[{"name":"wp","href":"https:\/\/api.w.org\/{rel}","templated":true}]}}