{"id":117293,"date":"2022-02-19T12:06:26","date_gmt":"2022-02-19T16:06:26","guid":{"rendered":"https:\/\/potenciaradiofonicadominicana.com\/portal\/?p=117293"},"modified":"2022-02-19T12:06:26","modified_gmt":"2022-02-19T16:06:26","slug":"bagricola-obtuvo-aporte-extra-de-rd10500-mm","status":"publish","type":"post","link":"https:\/\/potenciaradiofonicadominicana.com\/portal\/bagricola-obtuvo-aporte-extra-de-rd10500-mm\/","title":{"rendered":"Bagr\u00edcola obtuvo aporte extra de RD$10,500 MM"},"content":{"rendered":"<p><a href=\"https:\/\/potenciaradiofonicadominicana.com\/portal\/wp-content\/uploads\/2022\/02\/d4f82fa8-huevos-620ee64fd2228-640x364.jpg\"><img loading=\"lazy\" decoding=\"async\" class=\"alignnone size-full wp-image-117294\" src=\"https:\/\/potenciaradiofonicadominicana.com\/portal\/wp-content\/uploads\/2022\/02\/d4f82fa8-huevos-620ee64fd2228-640x364.jpg\" alt=\"\" width=\"640\" height=\"364\" srcset=\"https:\/\/potenciaradiofonicadominicana.com\/portal\/wp-content\/uploads\/2022\/02\/d4f82fa8-huevos-620ee64fd2228-640x364.jpg 640w, https:\/\/potenciaradiofonicadominicana.com\/portal\/wp-content\/uploads\/2022\/02\/d4f82fa8-huevos-620ee64fd2228-640x364-300x171.jpg 300w\" sizes=\"auto, (max-width: 640px) 100vw, 640px\" \/><\/a><\/p>\n<p>Entre agosto del 2020 y enero del 2021 el Banco Agr\u00edcola obtuvo un aporte extraordinario de parte del gobierno central de RD$10,550 millones.<span id=\"more-1263242\"><\/span><br \/>\nEse dinero, de acuerdo con informaciones ofrecidas a la prensa por el administrador de la instituci\u00f3n, Fernando Dur\u00e1n, permiti\u00f3 atender con m\u00e1s holgura las solicitudes de cr\u00e9ditos de los productores., de los cuales RD$5,400 fueron prestados a tasa cero.<\/p>\n<p>El monto prestado por el Banco Agr\u00edcola a tasa cero en lo que va de gobierno asciende a RD$7,666 millones y representa el 18.4 % del total de cr\u00e9ditos manejados por la entidad, que supera los RD$41,604.7 millones.<\/p>\n<p>El programa ha otorgado 8,235 pr\u00e9stamos sin intereses, representando el 22.5 % de los 36,593 pr\u00e9stamos que el Banco Agr\u00edcola maneja a una tasa que actualmente promedia un 8 % anual.<\/p>\n<p>Esa pol\u00edtica crediticia \u2013seg\u00fan el organismo- provoc\u00f3 un aumento en la producci\u00f3n de arroz, pl\u00e1tanos, guineos, cacao, pollo, huevos, leche y otros rubros de mayor consumo de parte de la poblaci\u00f3n. Indic\u00f3 que con el financiamiento recibido, la producci\u00f3n de arroz se elev\u00f3 en 1,511,000 quintales en 2021, tras pasar de 12.9 millones de quintales promediados en los \u00faltimos cinco a\u00f1os a 14.4 millones cosechados, abasteciendo los 13 millones de quintales consumidos en el promedio en el pa\u00eds y dejando reservas.<\/p>\n<p>En tanto, la producci\u00f3n de pl\u00e1tanos registr\u00f3 una mejor\u00eda de 219,343 racimos tras una producci\u00f3n de casi un mill\u00f3n de unidades diarias, 300 millones de unidades durante el 2021. Esto se tradujo en 2,634,562 racimos durante ese a\u00f1o, cuando el promedio del 2015 al 2020 era de 2,415,219. El pasado a\u00f1o, la producci\u00f3n de pollo obtuvo la cifra r\u00e9cord de 212,427,378 unidades, superando en 12,859,244 los 199,568,134 producidos anualmente desde 2015 hasta el 2020.<\/p>\n<p>El huevo fue el producto en unidades que m\u00e1s registr\u00f3 crecimiento, al superar en 719 millones las 2,098 millones promediadas, alcanzando 2,817 millones de huevos en 2021.<\/p>\n","protected":false},"excerpt":{"rendered":"<p>Entre agosto del 2020 y enero del 2021 el Banco Agr\u00edcola obtuvo un aporte extraordinario de parte del gobierno central &#8230;<\/p>\n","protected":false},"author":2,"featured_media":117294,"comment_status":"closed","ping_status":"closed","sticky":false,"template":"","format":"standard","meta":{"footnotes":""},"categories":[26],"tags":[],"class_list":["post-117293","post","type-post","status-publish","format-standard","has-post-thumbnail","hentry","category-economia"],"yoast_head":"<!-- This site is optimized with the Yoast SEO plugin v24.8.1 - https:\/\/yoast.com\/wordpress\/plugins\/seo\/ -->\n<title>Bagr\u00edcola obtuvo aporte extra de RD$10,500 MM - PotenciaRadiofonicaDominicana.com<\/title>\n<meta name=\"robots\" content=\"index, follow, max-snippet:-1, max-image-preview:large, max-video-preview:-1\" \/>\n<link rel=\"canonical\" href=\"https:\/\/potenciaradiofonicadominicana.com\/portal\/bagricola-obtuvo-aporte-extra-de-rd10500-mm\/\" \/>\n<meta property=\"og:locale\" content=\"es_ES\" \/>\n<meta property=\"og:type\" content=\"article\" \/>\n<meta property=\"og:title\" content=\"Bagr\u00edcola obtuvo aporte extra de RD$10,500 MM - PotenciaRadiofonicaDominicana.com\" \/>\n<meta property=\"og:description\" content=\"Entre agosto del 2020 y enero del 2021 el Banco Agr\u00edcola obtuvo un aporte extraordinario de parte del gobierno central ...\" \/>\n<meta property=\"og:url\" content=\"https:\/\/potenciaradiofonicadominicana.com\/portal\/bagricola-obtuvo-aporte-extra-de-rd10500-mm\/\" \/>\n<meta property=\"og:site_name\" content=\"PotenciaRadiofonicaDominicana.com\" \/>\n<meta property=\"article:publisher\" content=\"https:\/\/web.facebook.com\/PotenciaRadiofonicaD\" \/>\n<meta property=\"article:published_time\" content=\"2022-02-19T16:06:26+00:00\" \/>\n<meta property=\"og:image\" content=\"https:\/\/potenciaradiofonicadominicana.com\/portal\/wp-content\/uploads\/2022\/02\/d4f82fa8-huevos-620ee64fd2228-640x364.jpg\" \/>\n\t<meta property=\"og:image:width\" content=\"640\" \/>\n\t<meta property=\"og:image:height\" content=\"364\" \/>\n\t<meta property=\"og:image:type\" content=\"image\/jpeg\" \/>\n<meta name=\"author\" content=\"Potencia Radiof\u00f3nica Dominicana\" \/>\n<meta name=\"twitter:card\" content=\"summary_large_image\" \/>\n<meta name=\"twitter:label1\" content=\"Escrito por\" \/>\n\t<meta name=\"twitter:data1\" content=\"Potencia Radiof\u00f3nica Dominicana\" \/>\n\t<meta name=\"twitter:label2\" content=\"Tiempo de lectura\" \/>\n\t<meta name=\"twitter:data2\" content=\"2 minutos\" \/>\n<script type=\"application\/ld+json\" class=\"yoast-schema-graph\">{\"@context\":\"https:\/\/schema.org\",\"@graph\":[{\"@type\":\"Article\",\"@id\":\"https:\/\/potenciaradiofonicadominicana.com\/portal\/bagricola-obtuvo-aporte-extra-de-rd10500-mm\/#article\",\"isPartOf\":{\"@id\":\"https:\/\/potenciaradiofonicadominicana.com\/portal\/bagricola-obtuvo-aporte-extra-de-rd10500-mm\/\"},\"author\":{\"name\":\"Potencia Radiof\u00f3nica Dominicana\",\"@id\":\"https:\/\/potenciaradiofonicadominicana.com\/portal\/#\/schema\/person\/a5cf1fea13877803ee0573ac18b03490\"},\"headline\":\"Bagr\u00edcola obtuvo aporte extra de RD$10,500 MM\",\"datePublished\":\"2022-02-19T16:06:26+00:00\",\"mainEntityOfPage\":{\"@id\":\"https:\/\/potenciaradiofonicadominicana.com\/portal\/bagricola-obtuvo-aporte-extra-de-rd10500-mm\/\"},\"wordCount\":318,\"publisher\":{\"@id\":\"https:\/\/potenciaradiofonicadominicana.com\/portal\/#organization\"},\"image\":{\"@id\":\"https:\/\/potenciaradiofonicadominicana.com\/portal\/bagricola-obtuvo-aporte-extra-de-rd10500-mm\/#primaryimage\"},\"thumbnailUrl\":\"https:\/\/potenciaradiofonicadominicana.com\/portal\/wp-content\/uploads\/2022\/02\/d4f82fa8-huevos-620ee64fd2228-640x364.jpg\",\"articleSection\":[\"Econom\u00eda\"],\"inLanguage\":\"es\"},{\"@type\":\"WebPage\",\"@id\":\"https:\/\/potenciaradiofonicadominicana.com\/portal\/bagricola-obtuvo-aporte-extra-de-rd10500-mm\/\",\"url\":\"https:\/\/potenciaradiofonicadominicana.com\/portal\/bagricola-obtuvo-aporte-extra-de-rd10500-mm\/\",\"name\":\"Bagr\u00edcola obtuvo aporte extra de RD$10,500 MM - PotenciaRadiofonicaDominicana.com\",\"isPartOf\":{\"@id\":\"https:\/\/potenciaradiofonicadominicana.com\/portal\/#website\"},\"primaryImageOfPage\":{\"@id\":\"https:\/\/potenciaradiofonicadominicana.com\/portal\/bagricola-obtuvo-aporte-extra-de-rd10500-mm\/#primaryimage\"},\"image\":{\"@id\":\"https:\/\/potenciaradiofonicadominicana.com\/portal\/bagricola-obtuvo-aporte-extra-de-rd10500-mm\/#primaryimage\"},\"thumbnailUrl\":\"https:\/\/potenciaradiofonicadominicana.com\/portal\/wp-content\/uploads\/2022\/02\/d4f82fa8-huevos-620ee64fd2228-640x364.jpg\",\"datePublished\":\"2022-02-19T16:06:26+00:00\",\"breadcrumb\":{\"@id\":\"https:\/\/potenciaradiofonicadominicana.com\/portal\/bagricola-obtuvo-aporte-extra-de-rd10500-mm\/#breadcrumb\"},\"inLanguage\":\"es\",\"potentialAction\":[{\"@type\":\"ReadAction\",\"target\":[\"https:\/\/potenciaradiofonicadominicana.com\/portal\/bagricola-obtuvo-aporte-extra-de-rd10500-mm\/\"]}]},{\"@type\":\"ImageObject\",\"inLanguage\":\"es\",\"@id\":\"https:\/\/potenciaradiofonicadominicana.com\/portal\/bagricola-obtuvo-aporte-extra-de-rd10500-mm\/#primaryimage\",\"url\":\"https:\/\/potenciaradiofonicadominicana.com\/portal\/wp-content\/uploads\/2022\/02\/d4f82fa8-huevos-620ee64fd2228-640x364.jpg\",\"contentUrl\":\"https:\/\/potenciaradiofonicadominicana.com\/portal\/wp-content\/uploads\/2022\/02\/d4f82fa8-huevos-620ee64fd2228-640x364.jpg\",\"width\":640,\"height\":364},{\"@type\":\"BreadcrumbList\",\"@id\":\"https:\/\/potenciaradiofonicadominicana.com\/portal\/bagricola-obtuvo-aporte-extra-de-rd10500-mm\/#breadcrumb\",\"itemListElement\":[{\"@type\":\"ListItem\",\"position\":1,\"name\":\"Portada\",\"item\":\"https:\/\/potenciaradiofonicadominicana.com\/portal\/\"},{\"@type\":\"ListItem\",\"position\":2,\"name\":\"Bagr\u00edcola obtuvo aporte extra de RD$10,500 MM\"}]},{\"@type\":\"WebSite\",\"@id\":\"https:\/\/potenciaradiofonicadominicana.com\/portal\/#website\",\"url\":\"https:\/\/potenciaradiofonicadominicana.com\/portal\/\",\"name\":\"PotenciaRadiofonicaDominicana.com\",\"description\":\"Peri\u00f3dico Digital\",\"publisher\":{\"@id\":\"https:\/\/potenciaradiofonicadominicana.com\/portal\/#organization\"},\"potentialAction\":[{\"@type\":\"SearchAction\",\"target\":{\"@type\":\"EntryPoint\",\"urlTemplate\":\"https:\/\/potenciaradiofonicadominicana.com\/portal\/?s={search_term_string}\"},\"query-input\":{\"@type\":\"PropertyValueSpecification\",\"valueRequired\":true,\"valueName\":\"search_term_string\"}}],\"inLanguage\":\"es\"},{\"@type\":\"Organization\",\"@id\":\"https:\/\/potenciaradiofonicadominicana.com\/portal\/#organization\",\"name\":\"PotenciaRadiofonicaDominicana.com\",\"url\":\"https:\/\/potenciaradiofonicadominicana.com\/portal\/\",\"logo\":{\"@type\":\"ImageObject\",\"inLanguage\":\"es\",\"@id\":\"https:\/\/potenciaradiofonicadominicana.com\/portal\/#\/schema\/logo\/image\/\",\"url\":\"https:\/\/potenciaradiofonicadominicana.com\/portal\/wp-content\/uploads\/2022\/01\/descarga.png\",\"contentUrl\":\"https:\/\/potenciaradiofonicadominicana.com\/portal\/wp-content\/uploads\/2022\/01\/descarga.png\",\"width\":300,\"height\":100,\"caption\":\"PotenciaRadiofonicaDominicana.com\"},\"image\":{\"@id\":\"https:\/\/potenciaradiofonicadominicana.com\/portal\/#\/schema\/logo\/image\/\"},\"sameAs\":[\"https:\/\/web.facebook.com\/PotenciaRadiofonicaD\"]},{\"@type\":\"Person\",\"@id\":\"https:\/\/potenciaradiofonicadominicana.com\/portal\/#\/schema\/person\/a5cf1fea13877803ee0573ac18b03490\",\"name\":\"Potencia Radiof\u00f3nica Dominicana\",\"image\":{\"@type\":\"ImageObject\",\"inLanguage\":\"es\",\"@id\":\"https:\/\/potenciaradiofonicadominicana.com\/portal\/#\/schema\/person\/image\/\",\"url\":\"https:\/\/secure.gravatar.com\/avatar\/42a55ab9e8ccc656ba34cd791990602a?s=96&d=mm&r=g\",\"contentUrl\":\"https:\/\/secure.gravatar.com\/avatar\/42a55ab9e8ccc656ba34cd791990602a?s=96&d=mm&r=g\",\"caption\":\"Potencia Radiof\u00f3nica Dominicana\"},\"url\":\"https:\/\/potenciaradiofonicadominicana.com\/portal\/author\/johannyalmanzar\/\"}]}<\/script>\n<!-- \/ Yoast SEO plugin. -->","yoast_head_json":{"title":"Bagr\u00edcola obtuvo aporte extra de RD$10,500 MM - PotenciaRadiofonicaDominicana.com","robots":{"index":"index","follow":"follow","max-snippet":"max-snippet:-1","max-image-preview":"max-image-preview:large","max-video-preview":"max-video-preview:-1"},"canonical":"https:\/\/potenciaradiofonicadominicana.com\/portal\/bagricola-obtuvo-aporte-extra-de-rd10500-mm\/","og_locale":"es_ES","og_type":"article","og_title":"Bagr\u00edcola obtuvo aporte extra de RD$10,500 MM - PotenciaRadiofonicaDominicana.com","og_description":"Entre agosto del 2020 y enero del 2021 el Banco Agr\u00edcola obtuvo un aporte extraordinario de parte del gobierno central ...","og_url":"https:\/\/potenciaradiofonicadominicana.com\/portal\/bagricola-obtuvo-aporte-extra-de-rd10500-mm\/","og_site_name":"PotenciaRadiofonicaDominicana.com","article_publisher":"https:\/\/web.facebook.com\/PotenciaRadiofonicaD","article_published_time":"2022-02-19T16:06:26+00:00","og_image":[{"width":640,"height":364,"url":"https:\/\/potenciaradiofonicadominicana.com\/portal\/wp-content\/uploads\/2022\/02\/d4f82fa8-huevos-620ee64fd2228-640x364.jpg","type":"image\/jpeg"}],"author":"Potencia Radiof\u00f3nica Dominicana","twitter_card":"summary_large_image","twitter_misc":{"Escrito por":"Potencia Radiof\u00f3nica Dominicana","Tiempo de lectura":"2 minutos"},"schema":{"@context":"https:\/\/schema.org","@graph":[{"@type":"Article","@id":"https:\/\/potenciaradiofonicadominicana.com\/portal\/bagricola-obtuvo-aporte-extra-de-rd10500-mm\/#article","isPartOf":{"@id":"https:\/\/potenciaradiofonicadominicana.com\/portal\/bagricola-obtuvo-aporte-extra-de-rd10500-mm\/"},"author":{"name":"Potencia Radiof\u00f3nica Dominicana","@id":"https:\/\/potenciaradiofonicadominicana.com\/portal\/#\/schema\/person\/a5cf1fea13877803ee0573ac18b03490"},"headline":"Bagr\u00edcola obtuvo aporte extra de RD$10,500 MM","datePublished":"2022-02-19T16:06:26+00:00","mainEntityOfPage":{"@id":"https:\/\/potenciaradiofonicadominicana.com\/portal\/bagricola-obtuvo-aporte-extra-de-rd10500-mm\/"},"wordCount":318,"publisher":{"@id":"https:\/\/potenciaradiofonicadominicana.com\/portal\/#organization"},"image":{"@id":"https:\/\/potenciaradiofonicadominicana.com\/portal\/bagricola-obtuvo-aporte-extra-de-rd10500-mm\/#primaryimage"},"thumbnailUrl":"https:\/\/potenciaradiofonicadominicana.com\/portal\/wp-content\/uploads\/2022\/02\/d4f82fa8-huevos-620ee64fd2228-640x364.jpg","articleSection":["Econom\u00eda"],"inLanguage":"es"},{"@type":"WebPage","@id":"https:\/\/potenciaradiofonicadominicana.com\/portal\/bagricola-obtuvo-aporte-extra-de-rd10500-mm\/","url":"https:\/\/potenciaradiofonicadominicana.com\/portal\/bagricola-obtuvo-aporte-extra-de-rd10500-mm\/","name":"Bagr\u00edcola obtuvo aporte extra de RD$10,500 MM - PotenciaRadiofonicaDominicana.com","isPartOf":{"@id":"https:\/\/potenciaradiofonicadominicana.com\/portal\/#website"},"primaryImageOfPage":{"@id":"https:\/\/potenciaradiofonicadominicana.com\/portal\/bagricola-obtuvo-aporte-extra-de-rd10500-mm\/#primaryimage"},"image":{"@id":"https:\/\/potenciaradiofonicadominicana.com\/portal\/bagricola-obtuvo-aporte-extra-de-rd10500-mm\/#primaryimage"},"thumbnailUrl":"https:\/\/potenciaradiofonicadominicana.com\/portal\/wp-content\/uploads\/2022\/02\/d4f82fa8-huevos-620ee64fd2228-640x364.jpg","datePublished":"2022-02-19T16:06:26+00:00","breadcrumb":{"@id":"https:\/\/potenciaradiofonicadominicana.com\/portal\/bagricola-obtuvo-aporte-extra-de-rd10500-mm\/#breadcrumb"},"inLanguage":"es","potentialAction":[{"@type":"ReadAction","target":["https:\/\/potenciaradiofonicadominicana.com\/portal\/bagricola-obtuvo-aporte-extra-de-rd10500-mm\/"]}]},{"@type":"ImageObject","inLanguage":"es","@id":"https:\/\/potenciaradiofonicadominicana.com\/portal\/bagricola-obtuvo-aporte-extra-de-rd10500-mm\/#primaryimage","url":"https:\/\/potenciaradiofonicadominicana.com\/portal\/wp-content\/uploads\/2022\/02\/d4f82fa8-huevos-620ee64fd2228-640x364.jpg","contentUrl":"https:\/\/potenciaradiofonicadominicana.com\/portal\/wp-content\/uploads\/2022\/02\/d4f82fa8-huevos-620ee64fd2228-640x364.jpg","width":640,"height":364},{"@type":"BreadcrumbList","@id":"https:\/\/potenciaradiofonicadominicana.com\/portal\/bagricola-obtuvo-aporte-extra-de-rd10500-mm\/#breadcrumb","itemListElement":[{"@type":"ListItem","position":1,"name":"Portada","item":"https:\/\/potenciaradiofonicadominicana.com\/portal\/"},{"@type":"ListItem","position":2,"name":"Bagr\u00edcola obtuvo aporte extra de RD$10,500 MM"}]},{"@type":"WebSite","@id":"https:\/\/potenciaradiofonicadominicana.com\/portal\/#website","url":"https:\/\/potenciaradiofonicadominicana.com\/portal\/","name":"PotenciaRadiofonicaDominicana.com","description":"Peri\u00f3dico Digital","publisher":{"@id":"https:\/\/potenciaradiofonicadominicana.com\/portal\/#organization"},"potentialAction":[{"@type":"SearchAction","target":{"@type":"EntryPoint","urlTemplate":"https:\/\/potenciaradiofonicadominicana.com\/portal\/?s={search_term_string}"},"query-input":{"@type":"PropertyValueSpecification","valueRequired":true,"valueName":"search_term_string"}}],"inLanguage":"es"},{"@type":"Organization","@id":"https:\/\/potenciaradiofonicadominicana.com\/portal\/#organization","name":"PotenciaRadiofonicaDominicana.com","url":"https:\/\/potenciaradiofonicadominicana.com\/portal\/","logo":{"@type":"ImageObject","inLanguage":"es","@id":"https:\/\/potenciaradiofonicadominicana.com\/portal\/#\/schema\/logo\/image\/","url":"https:\/\/potenciaradiofonicadominicana.com\/portal\/wp-content\/uploads\/2022\/01\/descarga.png","contentUrl":"https:\/\/potenciaradiofonicadominicana.com\/portal\/wp-content\/uploads\/2022\/01\/descarga.png","width":300,"height":100,"caption":"PotenciaRadiofonicaDominicana.com"},"image":{"@id":"https:\/\/potenciaradiofonicadominicana.com\/portal\/#\/schema\/logo\/image\/"},"sameAs":["https:\/\/web.facebook.com\/PotenciaRadiofonicaD"]},{"@type":"Person","@id":"https:\/\/potenciaradiofonicadominicana.com\/portal\/#\/schema\/person\/a5cf1fea13877803ee0573ac18b03490","name":"Potencia Radiof\u00f3nica Dominicana","image":{"@type":"ImageObject","inLanguage":"es","@id":"https:\/\/potenciaradiofonicadominicana.com\/portal\/#\/schema\/person\/image\/","url":"https:\/\/secure.gravatar.com\/avatar\/42a55ab9e8ccc656ba34cd791990602a?s=96&d=mm&r=g","contentUrl":"https:\/\/secure.gravatar.com\/avatar\/42a55ab9e8ccc656ba34cd791990602a?s=96&d=mm&r=g","caption":"Potencia Radiof\u00f3nica Dominicana"},"url":"https:\/\/potenciaradiofonicadominicana.com\/portal\/author\/johannyalmanzar\/"}]}},"_links":{"self":[{"href":"https:\/\/potenciaradiofonicadominicana.com\/portal\/wp-json\/wp\/v2\/posts\/117293","targetHints":{"allow":["GET"]}}],"collection":[{"href":"https:\/\/potenciaradiofonicadominicana.com\/portal\/wp-json\/wp\/v2\/posts"}],"about":[{"href":"https:\/\/potenciaradiofonicadominicana.com\/portal\/wp-json\/wp\/v2\/types\/post"}],"author":[{"embeddable":true,"href":"https:\/\/potenciaradiofonicadominicana.com\/portal\/wp-json\/wp\/v2\/users\/2"}],"replies":[{"embeddable":true,"href":"https:\/\/potenciaradiofonicadominicana.com\/portal\/wp-json\/wp\/v2\/comments?post=117293"}],"version-history":[{"count":1,"href":"https:\/\/potenciaradiofonicadominicana.com\/portal\/wp-json\/wp\/v2\/posts\/117293\/revisions"}],"predecessor-version":[{"id":117295,"href":"https:\/\/potenciaradiofonicadominicana.com\/portal\/wp-json\/wp\/v2\/posts\/117293\/revisions\/117295"}],"wp:featuredmedia":[{"embeddable":true,"href":"https:\/\/potenciaradiofonicadominicana.com\/portal\/wp-json\/wp\/v2\/media\/117294"}],"wp:attachment":[{"href":"https:\/\/potenciaradiofonicadominicana.com\/portal\/wp-json\/wp\/v2\/media?parent=117293"}],"wp:term":[{"taxonomy":"category","embeddable":true,"href":"https:\/\/potenciaradiofonicadominicana.com\/portal\/wp-json\/wp\/v2\/categories?post=117293"},{"taxonomy":"post_tag","embeddable":true,"href":"https:\/\/potenciaradiofonicadominicana.com\/portal\/wp-json\/wp\/v2\/tags?post=117293"}],"curies":[{"name":"wp","href":"https:\/\/api.w.org\/{rel}","templated":true}]}}