{"id":117118,"date":"2022-02-18T11:14:36","date_gmt":"2022-02-18T15:14:36","guid":{"rendered":"https:\/\/potenciaradiofonicadominicana.com\/portal\/?p=117118"},"modified":"2022-02-18T11:14:36","modified_gmt":"2022-02-18T15:14:36","slug":"indotel-y-altice-firman-acuerdo-sobre-servicio-movil","status":"publish","type":"post","link":"https:\/\/potenciaradiofonicadominicana.com\/portal\/indotel-y-altice-firman-acuerdo-sobre-servicio-movil\/","title":{"rendered":"Indotel y Altice firman acuerdo sobre servicio m\u00f3vil"},"content":{"rendered":"<p><a href=\"https:\/\/potenciaradiofonicadominicana.com\/portal\/wp-content\/uploads\/2022\/02\/personas-sentadas-en-una-mesa-ccc460d8-focus-0-0-895-573.jpg\"><img loading=\"lazy\" decoding=\"async\" class=\"alignnone size-full wp-image-117119\" src=\"https:\/\/potenciaradiofonicadominicana.com\/portal\/wp-content\/uploads\/2022\/02\/personas-sentadas-en-una-mesa-ccc460d8-focus-0-0-895-573.jpg\" alt=\"\" width=\"895\" height=\"573\" srcset=\"https:\/\/potenciaradiofonicadominicana.com\/portal\/wp-content\/uploads\/2022\/02\/personas-sentadas-en-una-mesa-ccc460d8-focus-0-0-895-573.jpg 895w, https:\/\/potenciaradiofonicadominicana.com\/portal\/wp-content\/uploads\/2022\/02\/personas-sentadas-en-una-mesa-ccc460d8-focus-0-0-895-573-300x192.jpg 300w, https:\/\/potenciaradiofonicadominicana.com\/portal\/wp-content\/uploads\/2022\/02\/personas-sentadas-en-una-mesa-ccc460d8-focus-0-0-895-573-768x492.jpg 768w\" sizes=\"auto, (max-width: 895px) 100vw, 895px\" \/><\/a><\/p>\n<p>El Instituto Dominicano de las\u00a0Telecomunicaciones\u00a0(Indotel) y\u00a0Altice\u00a0Dominicana, S.A. firmaron el\u00a0acuerdo\u00a0que permite el servicio m\u00f3vil en los 30 MHz que dicha empresa ten\u00eda previamente asignado para los servicios fijos.<\/p>\n<p>Con tal motivo se le entregaron los certificados de licencia que acreditan a la operadora como licenciataria de 30 MHz (entre el rango de frecuencias de 3470 MHz y 3500 MHz) para la prestaci\u00f3n de servicios p\u00fablicos de\u00a0telecomunicaciones\u00a0tanto fijos como m\u00f3viles, inform\u00f3 el\u00a0Indotel\u00a0en una nota de prensa.<\/p>\n<p>Estas frecuencias, combinadas con los 70MHz que le fueron adjudicados en la pasada licitaci\u00f3n de espectro, le permitir\u00e1 a\u00a0Altice\u00a0agregar 100 MHz, que podr\u00e1 emplear para ofrecer servicios de banda ancha inal\u00e1mbrica de \u00faltima generaci\u00f3n (5G).<\/p>\n<p>Esta adenda a los certificados de licencia que se otorga a dicha empresa prestadora para operar en el marco del contrato de concesi\u00f3n del servicio p\u00fablico de\u00a0telecomunicaciones\u00a0se realiza en cumplimiento de la resoluci\u00f3n n\u00famero 010-2020 y fue firmada por Ana Figueiredo, CEO de\u00a0Altice\u00a0Dominicana y Julissa Cruz Abreu, directora ejecutiva del \u00f3rgano regulador.<\/p>\n<p>A trav\u00e9s de dicho contrato\u00a0Altice\u00a0Dominicana pagar\u00e1 al Estado dominicano US$2.8 millones por concepto de licencia de las frecuencias mencionadas.<\/p>\n<p>Como parte de los compromisos asumidos por\u00a0Altice, se encuentra la instalaci\u00f3n de cinco estaciones en comunidades que actualmente no gozaban de cobertura y la continuidad del servicio en los puntos wifi gratuitos en los que el\u00a0Indotel\u00a0identific\u00f3 que se generaba el mayor uso.<\/p>\n<p>Figueiredo expres\u00f3 que a trav\u00e9s de la utilizaci\u00f3n de dicho espectro los dominicanos tendr\u00e1n acceso a tecnolog\u00eda de\u00a0telecomunicaciones\u00a0de \u00faltima generaci\u00f3n.<\/p>\n","protected":false},"excerpt":{"rendered":"<p>El Instituto Dominicano de las\u00a0Telecomunicaciones\u00a0(Indotel) y\u00a0Altice\u00a0Dominicana, S.A. firmaron el\u00a0acuerdo\u00a0que permite el servicio m\u00f3vil en los 30 MHz que dicha empresa &#8230;<\/p>\n","protected":false},"author":2,"featured_media":117119,"comment_status":"closed","ping_status":"closed","sticky":false,"template":"","format":"standard","meta":{"footnotes":""},"categories":[26,25],"tags":[],"class_list":["post-117118","post","type-post","status-publish","format-standard","has-post-thumbnail","hentry","category-economia","category-noticias"],"yoast_head":"<!-- This site is optimized with the Yoast SEO plugin v24.8.1 - https:\/\/yoast.com\/wordpress\/plugins\/seo\/ -->\n<title>Indotel y Altice firman acuerdo sobre servicio m\u00f3vil - PotenciaRadiofonicaDominicana.com<\/title>\n<meta name=\"robots\" content=\"index, follow, max-snippet:-1, max-image-preview:large, max-video-preview:-1\" \/>\n<link rel=\"canonical\" href=\"https:\/\/potenciaradiofonicadominicana.com\/portal\/indotel-y-altice-firman-acuerdo-sobre-servicio-movil\/\" \/>\n<meta property=\"og:locale\" content=\"es_ES\" \/>\n<meta property=\"og:type\" content=\"article\" \/>\n<meta property=\"og:title\" content=\"Indotel y Altice firman acuerdo sobre servicio m\u00f3vil - PotenciaRadiofonicaDominicana.com\" \/>\n<meta property=\"og:description\" content=\"El Instituto Dominicano de las\u00a0Telecomunicaciones\u00a0(Indotel) y\u00a0Altice\u00a0Dominicana, S.A. firmaron el\u00a0acuerdo\u00a0que permite el servicio m\u00f3vil en los 30 MHz que dicha empresa ...\" \/>\n<meta property=\"og:url\" content=\"https:\/\/potenciaradiofonicadominicana.com\/portal\/indotel-y-altice-firman-acuerdo-sobre-servicio-movil\/\" \/>\n<meta property=\"og:site_name\" content=\"PotenciaRadiofonicaDominicana.com\" \/>\n<meta property=\"article:publisher\" content=\"https:\/\/web.facebook.com\/PotenciaRadiofonicaD\" \/>\n<meta property=\"article:published_time\" content=\"2022-02-18T15:14:36+00:00\" \/>\n<meta property=\"og:image\" content=\"https:\/\/potenciaradiofonicadominicana.com\/portal\/wp-content\/uploads\/2022\/02\/personas-sentadas-en-una-mesa-ccc460d8-focus-0-0-895-573.jpg\" \/>\n\t<meta property=\"og:image:width\" content=\"895\" \/>\n\t<meta property=\"og:image:height\" content=\"573\" \/>\n\t<meta property=\"og:image:type\" content=\"image\/jpeg\" \/>\n<meta name=\"author\" content=\"Potencia Radiof\u00f3nica Dominicana\" \/>\n<meta name=\"twitter:card\" content=\"summary_large_image\" \/>\n<meta name=\"twitter:label1\" content=\"Escrito por\" \/>\n\t<meta name=\"twitter:data1\" content=\"Potencia Radiof\u00f3nica Dominicana\" \/>\n\t<meta name=\"twitter:label2\" content=\"Tiempo de lectura\" \/>\n\t<meta name=\"twitter:data2\" content=\"1 minuto\" \/>\n<script type=\"application\/ld+json\" class=\"yoast-schema-graph\">{\"@context\":\"https:\/\/schema.org\",\"@graph\":[{\"@type\":\"Article\",\"@id\":\"https:\/\/potenciaradiofonicadominicana.com\/portal\/indotel-y-altice-firman-acuerdo-sobre-servicio-movil\/#article\",\"isPartOf\":{\"@id\":\"https:\/\/potenciaradiofonicadominicana.com\/portal\/indotel-y-altice-firman-acuerdo-sobre-servicio-movil\/\"},\"author\":{\"name\":\"Potencia Radiof\u00f3nica Dominicana\",\"@id\":\"https:\/\/potenciaradiofonicadominicana.com\/portal\/#\/schema\/person\/a5cf1fea13877803ee0573ac18b03490\"},\"headline\":\"Indotel y Altice firman acuerdo sobre servicio m\u00f3vil\",\"datePublished\":\"2022-02-18T15:14:36+00:00\",\"mainEntityOfPage\":{\"@id\":\"https:\/\/potenciaradiofonicadominicana.com\/portal\/indotel-y-altice-firman-acuerdo-sobre-servicio-movil\/\"},\"wordCount\":289,\"publisher\":{\"@id\":\"https:\/\/potenciaradiofonicadominicana.com\/portal\/#organization\"},\"image\":{\"@id\":\"https:\/\/potenciaradiofonicadominicana.com\/portal\/indotel-y-altice-firman-acuerdo-sobre-servicio-movil\/#primaryimage\"},\"thumbnailUrl\":\"https:\/\/potenciaradiofonicadominicana.com\/portal\/wp-content\/uploads\/2022\/02\/personas-sentadas-en-una-mesa-ccc460d8-focus-0-0-895-573.jpg\",\"articleSection\":[\"Econom\u00eda\",\"Noticias\"],\"inLanguage\":\"es\"},{\"@type\":\"WebPage\",\"@id\":\"https:\/\/potenciaradiofonicadominicana.com\/portal\/indotel-y-altice-firman-acuerdo-sobre-servicio-movil\/\",\"url\":\"https:\/\/potenciaradiofonicadominicana.com\/portal\/indotel-y-altice-firman-acuerdo-sobre-servicio-movil\/\",\"name\":\"Indotel y Altice firman acuerdo sobre servicio m\u00f3vil - PotenciaRadiofonicaDominicana.com\",\"isPartOf\":{\"@id\":\"https:\/\/potenciaradiofonicadominicana.com\/portal\/#website\"},\"primaryImageOfPage\":{\"@id\":\"https:\/\/potenciaradiofonicadominicana.com\/portal\/indotel-y-altice-firman-acuerdo-sobre-servicio-movil\/#primaryimage\"},\"image\":{\"@id\":\"https:\/\/potenciaradiofonicadominicana.com\/portal\/indotel-y-altice-firman-acuerdo-sobre-servicio-movil\/#primaryimage\"},\"thumbnailUrl\":\"https:\/\/potenciaradiofonicadominicana.com\/portal\/wp-content\/uploads\/2022\/02\/personas-sentadas-en-una-mesa-ccc460d8-focus-0-0-895-573.jpg\",\"datePublished\":\"2022-02-18T15:14:36+00:00\",\"breadcrumb\":{\"@id\":\"https:\/\/potenciaradiofonicadominicana.com\/portal\/indotel-y-altice-firman-acuerdo-sobre-servicio-movil\/#breadcrumb\"},\"inLanguage\":\"es\",\"potentialAction\":[{\"@type\":\"ReadAction\",\"target\":[\"https:\/\/potenciaradiofonicadominicana.com\/portal\/indotel-y-altice-firman-acuerdo-sobre-servicio-movil\/\"]}]},{\"@type\":\"ImageObject\",\"inLanguage\":\"es\",\"@id\":\"https:\/\/potenciaradiofonicadominicana.com\/portal\/indotel-y-altice-firman-acuerdo-sobre-servicio-movil\/#primaryimage\",\"url\":\"https:\/\/potenciaradiofonicadominicana.com\/portal\/wp-content\/uploads\/2022\/02\/personas-sentadas-en-una-mesa-ccc460d8-focus-0-0-895-573.jpg\",\"contentUrl\":\"https:\/\/potenciaradiofonicadominicana.com\/portal\/wp-content\/uploads\/2022\/02\/personas-sentadas-en-una-mesa-ccc460d8-focus-0-0-895-573.jpg\",\"width\":895,\"height\":573},{\"@type\":\"BreadcrumbList\",\"@id\":\"https:\/\/potenciaradiofonicadominicana.com\/portal\/indotel-y-altice-firman-acuerdo-sobre-servicio-movil\/#breadcrumb\",\"itemListElement\":[{\"@type\":\"ListItem\",\"position\":1,\"name\":\"Portada\",\"item\":\"https:\/\/potenciaradiofonicadominicana.com\/portal\/\"},{\"@type\":\"ListItem\",\"position\":2,\"name\":\"Indotel y Altice firman acuerdo sobre servicio m\u00f3vil\"}]},{\"@type\":\"WebSite\",\"@id\":\"https:\/\/potenciaradiofonicadominicana.com\/portal\/#website\",\"url\":\"https:\/\/potenciaradiofonicadominicana.com\/portal\/\",\"name\":\"PotenciaRadiofonicaDominicana.com\",\"description\":\"Peri\u00f3dico Digital\",\"publisher\":{\"@id\":\"https:\/\/potenciaradiofonicadominicana.com\/portal\/#organization\"},\"potentialAction\":[{\"@type\":\"SearchAction\",\"target\":{\"@type\":\"EntryPoint\",\"urlTemplate\":\"https:\/\/potenciaradiofonicadominicana.com\/portal\/?s={search_term_string}\"},\"query-input\":{\"@type\":\"PropertyValueSpecification\",\"valueRequired\":true,\"valueName\":\"search_term_string\"}}],\"inLanguage\":\"es\"},{\"@type\":\"Organization\",\"@id\":\"https:\/\/potenciaradiofonicadominicana.com\/portal\/#organization\",\"name\":\"PotenciaRadiofonicaDominicana.com\",\"url\":\"https:\/\/potenciaradiofonicadominicana.com\/portal\/\",\"logo\":{\"@type\":\"ImageObject\",\"inLanguage\":\"es\",\"@id\":\"https:\/\/potenciaradiofonicadominicana.com\/portal\/#\/schema\/logo\/image\/\",\"url\":\"https:\/\/potenciaradiofonicadominicana.com\/portal\/wp-content\/uploads\/2022\/01\/descarga.png\",\"contentUrl\":\"https:\/\/potenciaradiofonicadominicana.com\/portal\/wp-content\/uploads\/2022\/01\/descarga.png\",\"width\":300,\"height\":100,\"caption\":\"PotenciaRadiofonicaDominicana.com\"},\"image\":{\"@id\":\"https:\/\/potenciaradiofonicadominicana.com\/portal\/#\/schema\/logo\/image\/\"},\"sameAs\":[\"https:\/\/web.facebook.com\/PotenciaRadiofonicaD\"]},{\"@type\":\"Person\",\"@id\":\"https:\/\/potenciaradiofonicadominicana.com\/portal\/#\/schema\/person\/a5cf1fea13877803ee0573ac18b03490\",\"name\":\"Potencia Radiof\u00f3nica Dominicana\",\"image\":{\"@type\":\"ImageObject\",\"inLanguage\":\"es\",\"@id\":\"https:\/\/potenciaradiofonicadominicana.com\/portal\/#\/schema\/person\/image\/\",\"url\":\"https:\/\/secure.gravatar.com\/avatar\/42a55ab9e8ccc656ba34cd791990602a?s=96&d=mm&r=g\",\"contentUrl\":\"https:\/\/secure.gravatar.com\/avatar\/42a55ab9e8ccc656ba34cd791990602a?s=96&d=mm&r=g\",\"caption\":\"Potencia Radiof\u00f3nica Dominicana\"},\"url\":\"https:\/\/potenciaradiofonicadominicana.com\/portal\/author\/johannyalmanzar\/\"}]}<\/script>\n<!-- \/ Yoast SEO plugin. -->","yoast_head_json":{"title":"Indotel y Altice firman acuerdo sobre servicio m\u00f3vil - PotenciaRadiofonicaDominicana.com","robots":{"index":"index","follow":"follow","max-snippet":"max-snippet:-1","max-image-preview":"max-image-preview:large","max-video-preview":"max-video-preview:-1"},"canonical":"https:\/\/potenciaradiofonicadominicana.com\/portal\/indotel-y-altice-firman-acuerdo-sobre-servicio-movil\/","og_locale":"es_ES","og_type":"article","og_title":"Indotel y Altice firman acuerdo sobre servicio m\u00f3vil - PotenciaRadiofonicaDominicana.com","og_description":"El Instituto Dominicano de las\u00a0Telecomunicaciones\u00a0(Indotel) y\u00a0Altice\u00a0Dominicana, S.A. firmaron el\u00a0acuerdo\u00a0que permite el servicio m\u00f3vil en los 30 MHz que dicha empresa ...","og_url":"https:\/\/potenciaradiofonicadominicana.com\/portal\/indotel-y-altice-firman-acuerdo-sobre-servicio-movil\/","og_site_name":"PotenciaRadiofonicaDominicana.com","article_publisher":"https:\/\/web.facebook.com\/PotenciaRadiofonicaD","article_published_time":"2022-02-18T15:14:36+00:00","og_image":[{"width":895,"height":573,"url":"https:\/\/potenciaradiofonicadominicana.com\/portal\/wp-content\/uploads\/2022\/02\/personas-sentadas-en-una-mesa-ccc460d8-focus-0-0-895-573.jpg","type":"image\/jpeg"}],"author":"Potencia Radiof\u00f3nica Dominicana","twitter_card":"summary_large_image","twitter_misc":{"Escrito por":"Potencia Radiof\u00f3nica Dominicana","Tiempo de lectura":"1 minuto"},"schema":{"@context":"https:\/\/schema.org","@graph":[{"@type":"Article","@id":"https:\/\/potenciaradiofonicadominicana.com\/portal\/indotel-y-altice-firman-acuerdo-sobre-servicio-movil\/#article","isPartOf":{"@id":"https:\/\/potenciaradiofonicadominicana.com\/portal\/indotel-y-altice-firman-acuerdo-sobre-servicio-movil\/"},"author":{"name":"Potencia Radiof\u00f3nica Dominicana","@id":"https:\/\/potenciaradiofonicadominicana.com\/portal\/#\/schema\/person\/a5cf1fea13877803ee0573ac18b03490"},"headline":"Indotel y Altice firman acuerdo sobre servicio m\u00f3vil","datePublished":"2022-02-18T15:14:36+00:00","mainEntityOfPage":{"@id":"https:\/\/potenciaradiofonicadominicana.com\/portal\/indotel-y-altice-firman-acuerdo-sobre-servicio-movil\/"},"wordCount":289,"publisher":{"@id":"https:\/\/potenciaradiofonicadominicana.com\/portal\/#organization"},"image":{"@id":"https:\/\/potenciaradiofonicadominicana.com\/portal\/indotel-y-altice-firman-acuerdo-sobre-servicio-movil\/#primaryimage"},"thumbnailUrl":"https:\/\/potenciaradiofonicadominicana.com\/portal\/wp-content\/uploads\/2022\/02\/personas-sentadas-en-una-mesa-ccc460d8-focus-0-0-895-573.jpg","articleSection":["Econom\u00eda","Noticias"],"inLanguage":"es"},{"@type":"WebPage","@id":"https:\/\/potenciaradiofonicadominicana.com\/portal\/indotel-y-altice-firman-acuerdo-sobre-servicio-movil\/","url":"https:\/\/potenciaradiofonicadominicana.com\/portal\/indotel-y-altice-firman-acuerdo-sobre-servicio-movil\/","name":"Indotel y Altice firman acuerdo sobre servicio m\u00f3vil - PotenciaRadiofonicaDominicana.com","isPartOf":{"@id":"https:\/\/potenciaradiofonicadominicana.com\/portal\/#website"},"primaryImageOfPage":{"@id":"https:\/\/potenciaradiofonicadominicana.com\/portal\/indotel-y-altice-firman-acuerdo-sobre-servicio-movil\/#primaryimage"},"image":{"@id":"https:\/\/potenciaradiofonicadominicana.com\/portal\/indotel-y-altice-firman-acuerdo-sobre-servicio-movil\/#primaryimage"},"thumbnailUrl":"https:\/\/potenciaradiofonicadominicana.com\/portal\/wp-content\/uploads\/2022\/02\/personas-sentadas-en-una-mesa-ccc460d8-focus-0-0-895-573.jpg","datePublished":"2022-02-18T15:14:36+00:00","breadcrumb":{"@id":"https:\/\/potenciaradiofonicadominicana.com\/portal\/indotel-y-altice-firman-acuerdo-sobre-servicio-movil\/#breadcrumb"},"inLanguage":"es","potentialAction":[{"@type":"ReadAction","target":["https:\/\/potenciaradiofonicadominicana.com\/portal\/indotel-y-altice-firman-acuerdo-sobre-servicio-movil\/"]}]},{"@type":"ImageObject","inLanguage":"es","@id":"https:\/\/potenciaradiofonicadominicana.com\/portal\/indotel-y-altice-firman-acuerdo-sobre-servicio-movil\/#primaryimage","url":"https:\/\/potenciaradiofonicadominicana.com\/portal\/wp-content\/uploads\/2022\/02\/personas-sentadas-en-una-mesa-ccc460d8-focus-0-0-895-573.jpg","contentUrl":"https:\/\/potenciaradiofonicadominicana.com\/portal\/wp-content\/uploads\/2022\/02\/personas-sentadas-en-una-mesa-ccc460d8-focus-0-0-895-573.jpg","width":895,"height":573},{"@type":"BreadcrumbList","@id":"https:\/\/potenciaradiofonicadominicana.com\/portal\/indotel-y-altice-firman-acuerdo-sobre-servicio-movil\/#breadcrumb","itemListElement":[{"@type":"ListItem","position":1,"name":"Portada","item":"https:\/\/potenciaradiofonicadominicana.com\/portal\/"},{"@type":"ListItem","position":2,"name":"Indotel y Altice firman acuerdo sobre servicio m\u00f3vil"}]},{"@type":"WebSite","@id":"https:\/\/potenciaradiofonicadominicana.com\/portal\/#website","url":"https:\/\/potenciaradiofonicadominicana.com\/portal\/","name":"PotenciaRadiofonicaDominicana.com","description":"Peri\u00f3dico Digital","publisher":{"@id":"https:\/\/potenciaradiofonicadominicana.com\/portal\/#organization"},"potentialAction":[{"@type":"SearchAction","target":{"@type":"EntryPoint","urlTemplate":"https:\/\/potenciaradiofonicadominicana.com\/portal\/?s={search_term_string}"},"query-input":{"@type":"PropertyValueSpecification","valueRequired":true,"valueName":"search_term_string"}}],"inLanguage":"es"},{"@type":"Organization","@id":"https:\/\/potenciaradiofonicadominicana.com\/portal\/#organization","name":"PotenciaRadiofonicaDominicana.com","url":"https:\/\/potenciaradiofonicadominicana.com\/portal\/","logo":{"@type":"ImageObject","inLanguage":"es","@id":"https:\/\/potenciaradiofonicadominicana.com\/portal\/#\/schema\/logo\/image\/","url":"https:\/\/potenciaradiofonicadominicana.com\/portal\/wp-content\/uploads\/2022\/01\/descarga.png","contentUrl":"https:\/\/potenciaradiofonicadominicana.com\/portal\/wp-content\/uploads\/2022\/01\/descarga.png","width":300,"height":100,"caption":"PotenciaRadiofonicaDominicana.com"},"image":{"@id":"https:\/\/potenciaradiofonicadominicana.com\/portal\/#\/schema\/logo\/image\/"},"sameAs":["https:\/\/web.facebook.com\/PotenciaRadiofonicaD"]},{"@type":"Person","@id":"https:\/\/potenciaradiofonicadominicana.com\/portal\/#\/schema\/person\/a5cf1fea13877803ee0573ac18b03490","name":"Potencia Radiof\u00f3nica Dominicana","image":{"@type":"ImageObject","inLanguage":"es","@id":"https:\/\/potenciaradiofonicadominicana.com\/portal\/#\/schema\/person\/image\/","url":"https:\/\/secure.gravatar.com\/avatar\/42a55ab9e8ccc656ba34cd791990602a?s=96&d=mm&r=g","contentUrl":"https:\/\/secure.gravatar.com\/avatar\/42a55ab9e8ccc656ba34cd791990602a?s=96&d=mm&r=g","caption":"Potencia Radiof\u00f3nica Dominicana"},"url":"https:\/\/potenciaradiofonicadominicana.com\/portal\/author\/johannyalmanzar\/"}]}},"_links":{"self":[{"href":"https:\/\/potenciaradiofonicadominicana.com\/portal\/wp-json\/wp\/v2\/posts\/117118","targetHints":{"allow":["GET"]}}],"collection":[{"href":"https:\/\/potenciaradiofonicadominicana.com\/portal\/wp-json\/wp\/v2\/posts"}],"about":[{"href":"https:\/\/potenciaradiofonicadominicana.com\/portal\/wp-json\/wp\/v2\/types\/post"}],"author":[{"embeddable":true,"href":"https:\/\/potenciaradiofonicadominicana.com\/portal\/wp-json\/wp\/v2\/users\/2"}],"replies":[{"embeddable":true,"href":"https:\/\/potenciaradiofonicadominicana.com\/portal\/wp-json\/wp\/v2\/comments?post=117118"}],"version-history":[{"count":1,"href":"https:\/\/potenciaradiofonicadominicana.com\/portal\/wp-json\/wp\/v2\/posts\/117118\/revisions"}],"predecessor-version":[{"id":117120,"href":"https:\/\/potenciaradiofonicadominicana.com\/portal\/wp-json\/wp\/v2\/posts\/117118\/revisions\/117120"}],"wp:featuredmedia":[{"embeddable":true,"href":"https:\/\/potenciaradiofonicadominicana.com\/portal\/wp-json\/wp\/v2\/media\/117119"}],"wp:attachment":[{"href":"https:\/\/potenciaradiofonicadominicana.com\/portal\/wp-json\/wp\/v2\/media?parent=117118"}],"wp:term":[{"taxonomy":"category","embeddable":true,"href":"https:\/\/potenciaradiofonicadominicana.com\/portal\/wp-json\/wp\/v2\/categories?post=117118"},{"taxonomy":"post_tag","embeddable":true,"href":"https:\/\/potenciaradiofonicadominicana.com\/portal\/wp-json\/wp\/v2\/tags?post=117118"}],"curies":[{"name":"wp","href":"https:\/\/api.w.org\/{rel}","templated":true}]}}