{"id":117115,"date":"2022-02-18T11:11:57","date_gmt":"2022-02-18T15:11:57","guid":{"rendered":"https:\/\/potenciaradiofonicadominicana.com\/portal\/?p=117115"},"modified":"2022-02-18T11:11:57","modified_gmt":"2022-02-18T15:11:57","slug":"financiamiento-a-la-compra-y-remodelacion-de-viviendas-aumenta-41-3-en-cinco-anos","status":"publish","type":"post","link":"https:\/\/potenciaradiofonicadominicana.com\/portal\/financiamiento-a-la-compra-y-remodelacion-de-viviendas-aumenta-41-3-en-cinco-anos\/","title":{"rendered":"Financiamiento a la compra y remodelaci\u00f3n de viviendas aumenta 41.3 % en cinco a\u00f1os"},"content":{"rendered":"<p><a href=\"https:\/\/potenciaradiofonicadominicana.com\/portal\/wp-content\/uploads\/2022\/02\/hj8krjaljfzdbfvk4tkf.jpg\"><img loading=\"lazy\" decoding=\"async\" class=\"alignnone size-full wp-image-117116\" src=\"https:\/\/potenciaradiofonicadominicana.com\/portal\/wp-content\/uploads\/2022\/02\/hj8krjaljfzdbfvk4tkf.jpg\" alt=\"\" width=\"1920\" height=\"1280\" srcset=\"https:\/\/potenciaradiofonicadominicana.com\/portal\/wp-content\/uploads\/2022\/02\/hj8krjaljfzdbfvk4tkf.jpg 1920w, https:\/\/potenciaradiofonicadominicana.com\/portal\/wp-content\/uploads\/2022\/02\/hj8krjaljfzdbfvk4tkf-300x200.jpg 300w, https:\/\/potenciaradiofonicadominicana.com\/portal\/wp-content\/uploads\/2022\/02\/hj8krjaljfzdbfvk4tkf-768x512.jpg 768w, https:\/\/potenciaradiofonicadominicana.com\/portal\/wp-content\/uploads\/2022\/02\/hj8krjaljfzdbfvk4tkf-1024x683.jpg 1024w\" sizes=\"auto, (max-width: 1920px) 100vw, 1920px\" \/><\/a><\/p>\n<p>&nbsp;<\/p>\n<p>El\u00a0<strong>financiamiento<\/strong>\u00a0a la compra y remodelaci\u00f3n de\u00a0<strong>viviendas<\/strong>\u00a0en la Rep\u00fablica Dominicana registr\u00f3 un aumento del 41.3 % en el \u00faltimo lustro, es decir, RD$48,928 millones, inform\u00f3 hoy la\u00a0Asociaci\u00f3n de Bancos M\u00faltiples de la Rep\u00fablica Dominicana (ABA).<\/p>\n<p>En consecuencia, indic\u00f3 que la cartera pas\u00f3 de RD$118,488 millones en 2017 a RD$167,415 millones al t\u00e9rmino del 2021.<\/p>\n<p>Al cierre del 2021, la cartera de\u00a0<strong>financiamiento<\/strong>\u00a0destinada a la adquisici\u00f3n y remodelaci\u00f3n de\u00a0<strong>viviendas<\/strong>\u00a0totaliz\u00f3 RD$167,415 millones, cifra que implic\u00f3 un crecimiento de 12.1%, equivalente a RD$18,033 millones m\u00e1s que el per\u00edodo anterior.<\/p>\n<p>La ABA detall\u00f3 que dicho segmento crediticio de la banca m\u00faltiple pas\u00f3 de RD$149,382 millones en diciembre de 2020 a RD$167,415 millones en diciembre de 2021.<\/p>\n<p>El gremio expuso que se registr\u00f3 un total de 72,647 operaciones de cr\u00e9ditos, con un aumento de 4,182 nuevas gestiones de\u00a0pr\u00e9stamos\u00a0durante el \u00faltimo a\u00f1o, acorde a un an\u00e1lisis de la entidad basado en datos de la Superintendencia de Bancos.<\/p>\n<p>\u201cUn elemento a resaltar es que, aproximadamente, nueve de cada 10\u00a0pr\u00e9stamos\u00a0(89.7 %) estuvieron destinados a compra de\u00a0viviendas\u00a0de la persona deudora, con un total de RD$150,220 millones\u201d, sostuvo la ABA en un documento de prensa.<\/p>\n<p>La asociaci\u00f3n que representa la banca m\u00faltiple agreg\u00f3 que RD$7,822 millones (4.7 %) tuvieron como fin la adquisici\u00f3n de segunda vivienda o veraneo; mientras, los\u00a0pr\u00e9stamos\u00a0para la compra de\u00a0viviendas\u00a0de bajo costo procedente de un fideicomiso fueron RD$7,172 millones (4.3 %).<\/p>\n<p>En tanto, los cr\u00e9ditos para la remodelaci\u00f3n de la vivienda del deudor sumaron RD$1,969 millones (1.2 %) y los destinados a la construcci\u00f3n o remodelaci\u00f3n de la segunda vivienda o veraneo, RD$232 millones (0.1 %), desglos\u00f3 la ABA.<\/p>\n<p>Resalt\u00f3 que la banca m\u00faltiple representa el 66 % del total de cartera hipotecaria del sistema financiero, lo que constituye una evidencia del aporte y de la importancia que otorgan los bancos a la mejor\u00eda de la calidad de vida de los usuarios financieros y a la reducci\u00f3n del d\u00e9ficit habitacional en la Rep\u00fablica Dominicana.<\/p>\n","protected":false},"excerpt":{"rendered":"<p>&nbsp; El\u00a0financiamiento\u00a0a la compra y remodelaci\u00f3n de\u00a0viviendas\u00a0en la Rep\u00fablica Dominicana registr\u00f3 un aumento del 41.3 % en el \u00faltimo lustro, &#8230;<\/p>\n","protected":false},"author":2,"featured_media":117116,"comment_status":"closed","ping_status":"closed","sticky":false,"template":"","format":"standard","meta":{"footnotes":""},"categories":[26],"tags":[],"class_list":["post-117115","post","type-post","status-publish","format-standard","has-post-thumbnail","hentry","category-economia"],"yoast_head":"<!-- This site is optimized with the Yoast SEO plugin v24.8.1 - https:\/\/yoast.com\/wordpress\/plugins\/seo\/ -->\n<title>Financiamiento a la compra y remodelaci\u00f3n de viviendas aumenta 41.3 % en cinco a\u00f1os - PotenciaRadiofonicaDominicana.com<\/title>\n<meta name=\"robots\" content=\"index, follow, max-snippet:-1, max-image-preview:large, max-video-preview:-1\" \/>\n<link rel=\"canonical\" href=\"https:\/\/potenciaradiofonicadominicana.com\/portal\/financiamiento-a-la-compra-y-remodelacion-de-viviendas-aumenta-41-3-en-cinco-anos\/\" \/>\n<meta property=\"og:locale\" content=\"es_ES\" \/>\n<meta property=\"og:type\" content=\"article\" \/>\n<meta property=\"og:title\" content=\"Financiamiento a la compra y remodelaci\u00f3n de viviendas aumenta 41.3 % en cinco a\u00f1os - PotenciaRadiofonicaDominicana.com\" \/>\n<meta property=\"og:description\" content=\"&nbsp; El\u00a0financiamiento\u00a0a la compra y remodelaci\u00f3n de\u00a0viviendas\u00a0en la Rep\u00fablica Dominicana registr\u00f3 un aumento del 41.3 % en el \u00faltimo lustro, ...\" \/>\n<meta property=\"og:url\" content=\"https:\/\/potenciaradiofonicadominicana.com\/portal\/financiamiento-a-la-compra-y-remodelacion-de-viviendas-aumenta-41-3-en-cinco-anos\/\" \/>\n<meta property=\"og:site_name\" content=\"PotenciaRadiofonicaDominicana.com\" \/>\n<meta property=\"article:publisher\" content=\"https:\/\/web.facebook.com\/PotenciaRadiofonicaD\" \/>\n<meta property=\"article:published_time\" content=\"2022-02-18T15:11:57+00:00\" \/>\n<meta property=\"og:image\" content=\"https:\/\/potenciaradiofonicadominicana.com\/portal\/wp-content\/uploads\/2022\/02\/hj8krjaljfzdbfvk4tkf.jpg\" \/>\n\t<meta property=\"og:image:width\" content=\"1920\" \/>\n\t<meta property=\"og:image:height\" content=\"1280\" \/>\n\t<meta property=\"og:image:type\" content=\"image\/jpeg\" \/>\n<meta name=\"author\" content=\"Potencia Radiof\u00f3nica Dominicana\" \/>\n<meta name=\"twitter:card\" content=\"summary_large_image\" \/>\n<meta name=\"twitter:label1\" content=\"Escrito por\" \/>\n\t<meta name=\"twitter:data1\" content=\"Potencia Radiof\u00f3nica Dominicana\" \/>\n\t<meta name=\"twitter:label2\" content=\"Tiempo de lectura\" \/>\n\t<meta name=\"twitter:data2\" content=\"2 minutos\" \/>\n<script type=\"application\/ld+json\" class=\"yoast-schema-graph\">{\"@context\":\"https:\/\/schema.org\",\"@graph\":[{\"@type\":\"Article\",\"@id\":\"https:\/\/potenciaradiofonicadominicana.com\/portal\/financiamiento-a-la-compra-y-remodelacion-de-viviendas-aumenta-41-3-en-cinco-anos\/#article\",\"isPartOf\":{\"@id\":\"https:\/\/potenciaradiofonicadominicana.com\/portal\/financiamiento-a-la-compra-y-remodelacion-de-viviendas-aumenta-41-3-en-cinco-anos\/\"},\"author\":{\"name\":\"Potencia Radiof\u00f3nica Dominicana\",\"@id\":\"https:\/\/potenciaradiofonicadominicana.com\/portal\/#\/schema\/person\/a5cf1fea13877803ee0573ac18b03490\"},\"headline\":\"Financiamiento a la compra y remodelaci\u00f3n de viviendas aumenta 41.3 % en cinco a\u00f1os\",\"datePublished\":\"2022-02-18T15:11:57+00:00\",\"mainEntityOfPage\":{\"@id\":\"https:\/\/potenciaradiofonicadominicana.com\/portal\/financiamiento-a-la-compra-y-remodelacion-de-viviendas-aumenta-41-3-en-cinco-anos\/\"},\"wordCount\":355,\"publisher\":{\"@id\":\"https:\/\/potenciaradiofonicadominicana.com\/portal\/#organization\"},\"image\":{\"@id\":\"https:\/\/potenciaradiofonicadominicana.com\/portal\/financiamiento-a-la-compra-y-remodelacion-de-viviendas-aumenta-41-3-en-cinco-anos\/#primaryimage\"},\"thumbnailUrl\":\"https:\/\/potenciaradiofonicadominicana.com\/portal\/wp-content\/uploads\/2022\/02\/hj8krjaljfzdbfvk4tkf.jpg\",\"articleSection\":[\"Econom\u00eda\"],\"inLanguage\":\"es\"},{\"@type\":\"WebPage\",\"@id\":\"https:\/\/potenciaradiofonicadominicana.com\/portal\/financiamiento-a-la-compra-y-remodelacion-de-viviendas-aumenta-41-3-en-cinco-anos\/\",\"url\":\"https:\/\/potenciaradiofonicadominicana.com\/portal\/financiamiento-a-la-compra-y-remodelacion-de-viviendas-aumenta-41-3-en-cinco-anos\/\",\"name\":\"Financiamiento a la compra y remodelaci\u00f3n de viviendas aumenta 41.3 % en cinco a\u00f1os - PotenciaRadiofonicaDominicana.com\",\"isPartOf\":{\"@id\":\"https:\/\/potenciaradiofonicadominicana.com\/portal\/#website\"},\"primaryImageOfPage\":{\"@id\":\"https:\/\/potenciaradiofonicadominicana.com\/portal\/financiamiento-a-la-compra-y-remodelacion-de-viviendas-aumenta-41-3-en-cinco-anos\/#primaryimage\"},\"image\":{\"@id\":\"https:\/\/potenciaradiofonicadominicana.com\/portal\/financiamiento-a-la-compra-y-remodelacion-de-viviendas-aumenta-41-3-en-cinco-anos\/#primaryimage\"},\"thumbnailUrl\":\"https:\/\/potenciaradiofonicadominicana.com\/portal\/wp-content\/uploads\/2022\/02\/hj8krjaljfzdbfvk4tkf.jpg\",\"datePublished\":\"2022-02-18T15:11:57+00:00\",\"breadcrumb\":{\"@id\":\"https:\/\/potenciaradiofonicadominicana.com\/portal\/financiamiento-a-la-compra-y-remodelacion-de-viviendas-aumenta-41-3-en-cinco-anos\/#breadcrumb\"},\"inLanguage\":\"es\",\"potentialAction\":[{\"@type\":\"ReadAction\",\"target\":[\"https:\/\/potenciaradiofonicadominicana.com\/portal\/financiamiento-a-la-compra-y-remodelacion-de-viviendas-aumenta-41-3-en-cinco-anos\/\"]}]},{\"@type\":\"ImageObject\",\"inLanguage\":\"es\",\"@id\":\"https:\/\/potenciaradiofonicadominicana.com\/portal\/financiamiento-a-la-compra-y-remodelacion-de-viviendas-aumenta-41-3-en-cinco-anos\/#primaryimage\",\"url\":\"https:\/\/potenciaradiofonicadominicana.com\/portal\/wp-content\/uploads\/2022\/02\/hj8krjaljfzdbfvk4tkf.jpg\",\"contentUrl\":\"https:\/\/potenciaradiofonicadominicana.com\/portal\/wp-content\/uploads\/2022\/02\/hj8krjaljfzdbfvk4tkf.jpg\",\"width\":1920,\"height\":1280},{\"@type\":\"BreadcrumbList\",\"@id\":\"https:\/\/potenciaradiofonicadominicana.com\/portal\/financiamiento-a-la-compra-y-remodelacion-de-viviendas-aumenta-41-3-en-cinco-anos\/#breadcrumb\",\"itemListElement\":[{\"@type\":\"ListItem\",\"position\":1,\"name\":\"Portada\",\"item\":\"https:\/\/potenciaradiofonicadominicana.com\/portal\/\"},{\"@type\":\"ListItem\",\"position\":2,\"name\":\"Financiamiento a la compra y remodelaci\u00f3n de viviendas aumenta 41.3 % en cinco a\u00f1os\"}]},{\"@type\":\"WebSite\",\"@id\":\"https:\/\/potenciaradiofonicadominicana.com\/portal\/#website\",\"url\":\"https:\/\/potenciaradiofonicadominicana.com\/portal\/\",\"name\":\"PotenciaRadiofonicaDominicana.com\",\"description\":\"Peri\u00f3dico Digital\",\"publisher\":{\"@id\":\"https:\/\/potenciaradiofonicadominicana.com\/portal\/#organization\"},\"potentialAction\":[{\"@type\":\"SearchAction\",\"target\":{\"@type\":\"EntryPoint\",\"urlTemplate\":\"https:\/\/potenciaradiofonicadominicana.com\/portal\/?s={search_term_string}\"},\"query-input\":{\"@type\":\"PropertyValueSpecification\",\"valueRequired\":true,\"valueName\":\"search_term_string\"}}],\"inLanguage\":\"es\"},{\"@type\":\"Organization\",\"@id\":\"https:\/\/potenciaradiofonicadominicana.com\/portal\/#organization\",\"name\":\"PotenciaRadiofonicaDominicana.com\",\"url\":\"https:\/\/potenciaradiofonicadominicana.com\/portal\/\",\"logo\":{\"@type\":\"ImageObject\",\"inLanguage\":\"es\",\"@id\":\"https:\/\/potenciaradiofonicadominicana.com\/portal\/#\/schema\/logo\/image\/\",\"url\":\"https:\/\/potenciaradiofonicadominicana.com\/portal\/wp-content\/uploads\/2022\/01\/descarga.png\",\"contentUrl\":\"https:\/\/potenciaradiofonicadominicana.com\/portal\/wp-content\/uploads\/2022\/01\/descarga.png\",\"width\":300,\"height\":100,\"caption\":\"PotenciaRadiofonicaDominicana.com\"},\"image\":{\"@id\":\"https:\/\/potenciaradiofonicadominicana.com\/portal\/#\/schema\/logo\/image\/\"},\"sameAs\":[\"https:\/\/web.facebook.com\/PotenciaRadiofonicaD\"]},{\"@type\":\"Person\",\"@id\":\"https:\/\/potenciaradiofonicadominicana.com\/portal\/#\/schema\/person\/a5cf1fea13877803ee0573ac18b03490\",\"name\":\"Potencia Radiof\u00f3nica Dominicana\",\"image\":{\"@type\":\"ImageObject\",\"inLanguage\":\"es\",\"@id\":\"https:\/\/potenciaradiofonicadominicana.com\/portal\/#\/schema\/person\/image\/\",\"url\":\"https:\/\/secure.gravatar.com\/avatar\/42a55ab9e8ccc656ba34cd791990602a?s=96&d=mm&r=g\",\"contentUrl\":\"https:\/\/secure.gravatar.com\/avatar\/42a55ab9e8ccc656ba34cd791990602a?s=96&d=mm&r=g\",\"caption\":\"Potencia Radiof\u00f3nica Dominicana\"},\"url\":\"https:\/\/potenciaradiofonicadominicana.com\/portal\/author\/johannyalmanzar\/\"}]}<\/script>\n<!-- \/ Yoast SEO plugin. -->","yoast_head_json":{"title":"Financiamiento a la compra y remodelaci\u00f3n de viviendas aumenta 41.3 % en cinco a\u00f1os - PotenciaRadiofonicaDominicana.com","robots":{"index":"index","follow":"follow","max-snippet":"max-snippet:-1","max-image-preview":"max-image-preview:large","max-video-preview":"max-video-preview:-1"},"canonical":"https:\/\/potenciaradiofonicadominicana.com\/portal\/financiamiento-a-la-compra-y-remodelacion-de-viviendas-aumenta-41-3-en-cinco-anos\/","og_locale":"es_ES","og_type":"article","og_title":"Financiamiento a la compra y remodelaci\u00f3n de viviendas aumenta 41.3 % en cinco a\u00f1os - PotenciaRadiofonicaDominicana.com","og_description":"&nbsp; El\u00a0financiamiento\u00a0a la compra y remodelaci\u00f3n de\u00a0viviendas\u00a0en la Rep\u00fablica Dominicana registr\u00f3 un aumento del 41.3 % en el \u00faltimo lustro, ...","og_url":"https:\/\/potenciaradiofonicadominicana.com\/portal\/financiamiento-a-la-compra-y-remodelacion-de-viviendas-aumenta-41-3-en-cinco-anos\/","og_site_name":"PotenciaRadiofonicaDominicana.com","article_publisher":"https:\/\/web.facebook.com\/PotenciaRadiofonicaD","article_published_time":"2022-02-18T15:11:57+00:00","og_image":[{"width":1920,"height":1280,"url":"https:\/\/potenciaradiofonicadominicana.com\/portal\/wp-content\/uploads\/2022\/02\/hj8krjaljfzdbfvk4tkf.jpg","type":"image\/jpeg"}],"author":"Potencia Radiof\u00f3nica Dominicana","twitter_card":"summary_large_image","twitter_misc":{"Escrito por":"Potencia Radiof\u00f3nica Dominicana","Tiempo de lectura":"2 minutos"},"schema":{"@context":"https:\/\/schema.org","@graph":[{"@type":"Article","@id":"https:\/\/potenciaradiofonicadominicana.com\/portal\/financiamiento-a-la-compra-y-remodelacion-de-viviendas-aumenta-41-3-en-cinco-anos\/#article","isPartOf":{"@id":"https:\/\/potenciaradiofonicadominicana.com\/portal\/financiamiento-a-la-compra-y-remodelacion-de-viviendas-aumenta-41-3-en-cinco-anos\/"},"author":{"name":"Potencia Radiof\u00f3nica Dominicana","@id":"https:\/\/potenciaradiofonicadominicana.com\/portal\/#\/schema\/person\/a5cf1fea13877803ee0573ac18b03490"},"headline":"Financiamiento a la compra y remodelaci\u00f3n de viviendas aumenta 41.3 % en cinco a\u00f1os","datePublished":"2022-02-18T15:11:57+00:00","mainEntityOfPage":{"@id":"https:\/\/potenciaradiofonicadominicana.com\/portal\/financiamiento-a-la-compra-y-remodelacion-de-viviendas-aumenta-41-3-en-cinco-anos\/"},"wordCount":355,"publisher":{"@id":"https:\/\/potenciaradiofonicadominicana.com\/portal\/#organization"},"image":{"@id":"https:\/\/potenciaradiofonicadominicana.com\/portal\/financiamiento-a-la-compra-y-remodelacion-de-viviendas-aumenta-41-3-en-cinco-anos\/#primaryimage"},"thumbnailUrl":"https:\/\/potenciaradiofonicadominicana.com\/portal\/wp-content\/uploads\/2022\/02\/hj8krjaljfzdbfvk4tkf.jpg","articleSection":["Econom\u00eda"],"inLanguage":"es"},{"@type":"WebPage","@id":"https:\/\/potenciaradiofonicadominicana.com\/portal\/financiamiento-a-la-compra-y-remodelacion-de-viviendas-aumenta-41-3-en-cinco-anos\/","url":"https:\/\/potenciaradiofonicadominicana.com\/portal\/financiamiento-a-la-compra-y-remodelacion-de-viviendas-aumenta-41-3-en-cinco-anos\/","name":"Financiamiento a la compra y remodelaci\u00f3n de viviendas aumenta 41.3 % en cinco a\u00f1os - PotenciaRadiofonicaDominicana.com","isPartOf":{"@id":"https:\/\/potenciaradiofonicadominicana.com\/portal\/#website"},"primaryImageOfPage":{"@id":"https:\/\/potenciaradiofonicadominicana.com\/portal\/financiamiento-a-la-compra-y-remodelacion-de-viviendas-aumenta-41-3-en-cinco-anos\/#primaryimage"},"image":{"@id":"https:\/\/potenciaradiofonicadominicana.com\/portal\/financiamiento-a-la-compra-y-remodelacion-de-viviendas-aumenta-41-3-en-cinco-anos\/#primaryimage"},"thumbnailUrl":"https:\/\/potenciaradiofonicadominicana.com\/portal\/wp-content\/uploads\/2022\/02\/hj8krjaljfzdbfvk4tkf.jpg","datePublished":"2022-02-18T15:11:57+00:00","breadcrumb":{"@id":"https:\/\/potenciaradiofonicadominicana.com\/portal\/financiamiento-a-la-compra-y-remodelacion-de-viviendas-aumenta-41-3-en-cinco-anos\/#breadcrumb"},"inLanguage":"es","potentialAction":[{"@type":"ReadAction","target":["https:\/\/potenciaradiofonicadominicana.com\/portal\/financiamiento-a-la-compra-y-remodelacion-de-viviendas-aumenta-41-3-en-cinco-anos\/"]}]},{"@type":"ImageObject","inLanguage":"es","@id":"https:\/\/potenciaradiofonicadominicana.com\/portal\/financiamiento-a-la-compra-y-remodelacion-de-viviendas-aumenta-41-3-en-cinco-anos\/#primaryimage","url":"https:\/\/potenciaradiofonicadominicana.com\/portal\/wp-content\/uploads\/2022\/02\/hj8krjaljfzdbfvk4tkf.jpg","contentUrl":"https:\/\/potenciaradiofonicadominicana.com\/portal\/wp-content\/uploads\/2022\/02\/hj8krjaljfzdbfvk4tkf.jpg","width":1920,"height":1280},{"@type":"BreadcrumbList","@id":"https:\/\/potenciaradiofonicadominicana.com\/portal\/financiamiento-a-la-compra-y-remodelacion-de-viviendas-aumenta-41-3-en-cinco-anos\/#breadcrumb","itemListElement":[{"@type":"ListItem","position":1,"name":"Portada","item":"https:\/\/potenciaradiofonicadominicana.com\/portal\/"},{"@type":"ListItem","position":2,"name":"Financiamiento a la compra y remodelaci\u00f3n de viviendas aumenta 41.3 % en cinco a\u00f1os"}]},{"@type":"WebSite","@id":"https:\/\/potenciaradiofonicadominicana.com\/portal\/#website","url":"https:\/\/potenciaradiofonicadominicana.com\/portal\/","name":"PotenciaRadiofonicaDominicana.com","description":"Peri\u00f3dico Digital","publisher":{"@id":"https:\/\/potenciaradiofonicadominicana.com\/portal\/#organization"},"potentialAction":[{"@type":"SearchAction","target":{"@type":"EntryPoint","urlTemplate":"https:\/\/potenciaradiofonicadominicana.com\/portal\/?s={search_term_string}"},"query-input":{"@type":"PropertyValueSpecification","valueRequired":true,"valueName":"search_term_string"}}],"inLanguage":"es"},{"@type":"Organization","@id":"https:\/\/potenciaradiofonicadominicana.com\/portal\/#organization","name":"PotenciaRadiofonicaDominicana.com","url":"https:\/\/potenciaradiofonicadominicana.com\/portal\/","logo":{"@type":"ImageObject","inLanguage":"es","@id":"https:\/\/potenciaradiofonicadominicana.com\/portal\/#\/schema\/logo\/image\/","url":"https:\/\/potenciaradiofonicadominicana.com\/portal\/wp-content\/uploads\/2022\/01\/descarga.png","contentUrl":"https:\/\/potenciaradiofonicadominicana.com\/portal\/wp-content\/uploads\/2022\/01\/descarga.png","width":300,"height":100,"caption":"PotenciaRadiofonicaDominicana.com"},"image":{"@id":"https:\/\/potenciaradiofonicadominicana.com\/portal\/#\/schema\/logo\/image\/"},"sameAs":["https:\/\/web.facebook.com\/PotenciaRadiofonicaD"]},{"@type":"Person","@id":"https:\/\/potenciaradiofonicadominicana.com\/portal\/#\/schema\/person\/a5cf1fea13877803ee0573ac18b03490","name":"Potencia Radiof\u00f3nica Dominicana","image":{"@type":"ImageObject","inLanguage":"es","@id":"https:\/\/potenciaradiofonicadominicana.com\/portal\/#\/schema\/person\/image\/","url":"https:\/\/secure.gravatar.com\/avatar\/42a55ab9e8ccc656ba34cd791990602a?s=96&d=mm&r=g","contentUrl":"https:\/\/secure.gravatar.com\/avatar\/42a55ab9e8ccc656ba34cd791990602a?s=96&d=mm&r=g","caption":"Potencia Radiof\u00f3nica Dominicana"},"url":"https:\/\/potenciaradiofonicadominicana.com\/portal\/author\/johannyalmanzar\/"}]}},"_links":{"self":[{"href":"https:\/\/potenciaradiofonicadominicana.com\/portal\/wp-json\/wp\/v2\/posts\/117115","targetHints":{"allow":["GET"]}}],"collection":[{"href":"https:\/\/potenciaradiofonicadominicana.com\/portal\/wp-json\/wp\/v2\/posts"}],"about":[{"href":"https:\/\/potenciaradiofonicadominicana.com\/portal\/wp-json\/wp\/v2\/types\/post"}],"author":[{"embeddable":true,"href":"https:\/\/potenciaradiofonicadominicana.com\/portal\/wp-json\/wp\/v2\/users\/2"}],"replies":[{"embeddable":true,"href":"https:\/\/potenciaradiofonicadominicana.com\/portal\/wp-json\/wp\/v2\/comments?post=117115"}],"version-history":[{"count":1,"href":"https:\/\/potenciaradiofonicadominicana.com\/portal\/wp-json\/wp\/v2\/posts\/117115\/revisions"}],"predecessor-version":[{"id":117117,"href":"https:\/\/potenciaradiofonicadominicana.com\/portal\/wp-json\/wp\/v2\/posts\/117115\/revisions\/117117"}],"wp:featuredmedia":[{"embeddable":true,"href":"https:\/\/potenciaradiofonicadominicana.com\/portal\/wp-json\/wp\/v2\/media\/117116"}],"wp:attachment":[{"href":"https:\/\/potenciaradiofonicadominicana.com\/portal\/wp-json\/wp\/v2\/media?parent=117115"}],"wp:term":[{"taxonomy":"category","embeddable":true,"href":"https:\/\/potenciaradiofonicadominicana.com\/portal\/wp-json\/wp\/v2\/categories?post=117115"},{"taxonomy":"post_tag","embeddable":true,"href":"https:\/\/potenciaradiofonicadominicana.com\/portal\/wp-json\/wp\/v2\/tags?post=117115"}],"curies":[{"name":"wp","href":"https:\/\/api.w.org\/{rel}","templated":true}]}}