{"id":116976,"date":"2022-02-17T09:17:30","date_gmt":"2022-02-17T13:17:30","guid":{"rendered":"https:\/\/potenciaradiofonicadominicana.com\/portal\/?p=116976"},"modified":"2022-02-17T09:17:30","modified_gmt":"2022-02-17T13:17:30","slug":"gobierno-y-barrick-pueblo-viejo-cerca-de-acuerdo-para-nueva-presa-de-colas","status":"publish","type":"post","link":"https:\/\/potenciaradiofonicadominicana.com\/portal\/gobierno-y-barrick-pueblo-viejo-cerca-de-acuerdo-para-nueva-presa-de-colas\/","title":{"rendered":"Gobierno y Barrick Pueblo Viejo: cerca de acuerdo para nueva presa de colas"},"content":{"rendered":"<p><a href=\"https:\/\/potenciaradiofonicadominicana.com\/portal\/wp-content\/uploads\/2022\/02\/dji0095-c02f4f23-focus-0-0-895-573.jpg\"><img loading=\"lazy\" decoding=\"async\" class=\"alignnone size-full wp-image-116977\" src=\"https:\/\/potenciaradiofonicadominicana.com\/portal\/wp-content\/uploads\/2022\/02\/dji0095-c02f4f23-focus-0-0-895-573.jpg\" alt=\"\" width=\"895\" height=\"573\" srcset=\"https:\/\/potenciaradiofonicadominicana.com\/portal\/wp-content\/uploads\/2022\/02\/dji0095-c02f4f23-focus-0-0-895-573.jpg 895w, https:\/\/potenciaradiofonicadominicana.com\/portal\/wp-content\/uploads\/2022\/02\/dji0095-c02f4f23-focus-0-0-895-573-300x192.jpg 300w, https:\/\/potenciaradiofonicadominicana.com\/portal\/wp-content\/uploads\/2022\/02\/dji0095-c02f4f23-focus-0-0-895-573-768x492.jpg 768w\" sizes=\"auto, (max-width: 895px) 100vw, 895px\" \/><\/a><\/p>\n<p>El gobierno y la empresa\u00a0Barrick Pueblo Viejo\u00a0anunciar\u00e1n pr\u00f3ximamente el lugar donde se le permitir\u00e1 a la compa\u00f1\u00eda minera construir una\u00a0presa de colas\u00a0para continuar con la explotaci\u00f3n de oro que desarrolla en Maim\u00f3n.<\/p>\n<p>El anuncio lo hizo a\u00a0<em>Diario Libre<\/em>\u00a0el ministro de Energ\u00eda y Minas,\u00a0Antonio Almonte, durante una entrevista con este peri\u00f3dico, y se reserv\u00f3 entrar en mayores detalles antes de que se haga ese anuncio.<\/p>\n<p>\u201cHemos estado en estos d\u00edas, discutiendo ya aspectos finales para, en alg\u00fan momento, anunciarle al pa\u00eds una soluci\u00f3n definitiva que tiene que ver con la localizaci\u00f3n definitiva en que se har\u00e1 esa\u00a0presa de colas, las condiciones, etc\u00e9tera\u201d, dijo.<\/p>\n<p>Una\u00a0presa de colas\u00a0o relave es donde se deposita el material inerte que resulta de procesos mineros. Usualmente lo componen rocas molidas, agua y minerales sin valor comercial.<\/p>\n<p>La construcci\u00f3n de una\u00a0presa de colas\u00a0por la empresa minera ha generado controversia debido a que residentes en Monte Plata se oponen a que se desarrolle en esa provincia por el impacto ambiental que pudiera ocasionar.<\/p>\n<p>En noviembre del a\u00f1o pasado, Juana Barcel\u00f3, presidenta de\u00a0Barrick Pueblo Viejo, asegur\u00f3 que hay mucha desinformaci\u00f3n respecto al impacto ambiental de las operaciones del proyecto minero. Se mostr\u00f3 de acuerdo con que el gobierno dominicano contrate una firma que haga un estudio independiente en ese sentido.<\/p>\n","protected":false},"excerpt":{"rendered":"<p>El gobierno y la empresa\u00a0Barrick Pueblo Viejo\u00a0anunciar\u00e1n pr\u00f3ximamente el lugar donde se le permitir\u00e1 a la compa\u00f1\u00eda minera construir una\u00a0presa &#8230;<\/p>\n","protected":false},"author":2,"featured_media":116977,"comment_status":"closed","ping_status":"closed","sticky":false,"template":"","format":"standard","meta":{"footnotes":""},"categories":[26],"tags":[],"class_list":["post-116976","post","type-post","status-publish","format-standard","has-post-thumbnail","hentry","category-economia"],"yoast_head":"<!-- This site is optimized with the Yoast SEO plugin v24.8.1 - https:\/\/yoast.com\/wordpress\/plugins\/seo\/ -->\n<title>Gobierno y Barrick Pueblo Viejo: cerca de acuerdo para nueva presa de colas - PotenciaRadiofonicaDominicana.com<\/title>\n<meta name=\"robots\" content=\"index, follow, max-snippet:-1, max-image-preview:large, max-video-preview:-1\" \/>\n<link rel=\"canonical\" href=\"https:\/\/potenciaradiofonicadominicana.com\/portal\/gobierno-y-barrick-pueblo-viejo-cerca-de-acuerdo-para-nueva-presa-de-colas\/\" \/>\n<meta property=\"og:locale\" content=\"es_ES\" \/>\n<meta property=\"og:type\" content=\"article\" \/>\n<meta property=\"og:title\" content=\"Gobierno y Barrick Pueblo Viejo: cerca de acuerdo para nueva presa de colas - PotenciaRadiofonicaDominicana.com\" \/>\n<meta property=\"og:description\" content=\"El gobierno y la empresa\u00a0Barrick Pueblo Viejo\u00a0anunciar\u00e1n pr\u00f3ximamente el lugar donde se le permitir\u00e1 a la compa\u00f1\u00eda minera construir una\u00a0presa ...\" \/>\n<meta property=\"og:url\" content=\"https:\/\/potenciaradiofonicadominicana.com\/portal\/gobierno-y-barrick-pueblo-viejo-cerca-de-acuerdo-para-nueva-presa-de-colas\/\" \/>\n<meta property=\"og:site_name\" content=\"PotenciaRadiofonicaDominicana.com\" \/>\n<meta property=\"article:publisher\" content=\"https:\/\/web.facebook.com\/PotenciaRadiofonicaD\" \/>\n<meta property=\"article:published_time\" content=\"2022-02-17T13:17:30+00:00\" \/>\n<meta property=\"og:image\" content=\"https:\/\/potenciaradiofonicadominicana.com\/portal\/wp-content\/uploads\/2022\/02\/dji0095-c02f4f23-focus-0-0-895-573.jpg\" \/>\n\t<meta property=\"og:image:width\" content=\"895\" \/>\n\t<meta property=\"og:image:height\" content=\"573\" \/>\n\t<meta property=\"og:image:type\" content=\"image\/jpeg\" \/>\n<meta name=\"author\" content=\"Potencia Radiof\u00f3nica Dominicana\" \/>\n<meta name=\"twitter:card\" content=\"summary_large_image\" \/>\n<meta name=\"twitter:label1\" content=\"Escrito por\" \/>\n\t<meta name=\"twitter:data1\" content=\"Potencia Radiof\u00f3nica Dominicana\" \/>\n\t<meta name=\"twitter:label2\" content=\"Tiempo de lectura\" \/>\n\t<meta name=\"twitter:data2\" content=\"1 minuto\" \/>\n<script type=\"application\/ld+json\" class=\"yoast-schema-graph\">{\"@context\":\"https:\/\/schema.org\",\"@graph\":[{\"@type\":\"Article\",\"@id\":\"https:\/\/potenciaradiofonicadominicana.com\/portal\/gobierno-y-barrick-pueblo-viejo-cerca-de-acuerdo-para-nueva-presa-de-colas\/#article\",\"isPartOf\":{\"@id\":\"https:\/\/potenciaradiofonicadominicana.com\/portal\/gobierno-y-barrick-pueblo-viejo-cerca-de-acuerdo-para-nueva-presa-de-colas\/\"},\"author\":{\"name\":\"Potencia Radiof\u00f3nica Dominicana\",\"@id\":\"https:\/\/potenciaradiofonicadominicana.com\/portal\/#\/schema\/person\/a5cf1fea13877803ee0573ac18b03490\"},\"headline\":\"Gobierno y Barrick Pueblo Viejo: cerca de acuerdo para nueva presa de colas\",\"datePublished\":\"2022-02-17T13:17:30+00:00\",\"mainEntityOfPage\":{\"@id\":\"https:\/\/potenciaradiofonicadominicana.com\/portal\/gobierno-y-barrick-pueblo-viejo-cerca-de-acuerdo-para-nueva-presa-de-colas\/\"},\"wordCount\":252,\"publisher\":{\"@id\":\"https:\/\/potenciaradiofonicadominicana.com\/portal\/#organization\"},\"image\":{\"@id\":\"https:\/\/potenciaradiofonicadominicana.com\/portal\/gobierno-y-barrick-pueblo-viejo-cerca-de-acuerdo-para-nueva-presa-de-colas\/#primaryimage\"},\"thumbnailUrl\":\"https:\/\/potenciaradiofonicadominicana.com\/portal\/wp-content\/uploads\/2022\/02\/dji0095-c02f4f23-focus-0-0-895-573.jpg\",\"articleSection\":[\"Econom\u00eda\"],\"inLanguage\":\"es\"},{\"@type\":\"WebPage\",\"@id\":\"https:\/\/potenciaradiofonicadominicana.com\/portal\/gobierno-y-barrick-pueblo-viejo-cerca-de-acuerdo-para-nueva-presa-de-colas\/\",\"url\":\"https:\/\/potenciaradiofonicadominicana.com\/portal\/gobierno-y-barrick-pueblo-viejo-cerca-de-acuerdo-para-nueva-presa-de-colas\/\",\"name\":\"Gobierno y Barrick Pueblo Viejo: cerca de acuerdo para nueva presa de colas - PotenciaRadiofonicaDominicana.com\",\"isPartOf\":{\"@id\":\"https:\/\/potenciaradiofonicadominicana.com\/portal\/#website\"},\"primaryImageOfPage\":{\"@id\":\"https:\/\/potenciaradiofonicadominicana.com\/portal\/gobierno-y-barrick-pueblo-viejo-cerca-de-acuerdo-para-nueva-presa-de-colas\/#primaryimage\"},\"image\":{\"@id\":\"https:\/\/potenciaradiofonicadominicana.com\/portal\/gobierno-y-barrick-pueblo-viejo-cerca-de-acuerdo-para-nueva-presa-de-colas\/#primaryimage\"},\"thumbnailUrl\":\"https:\/\/potenciaradiofonicadominicana.com\/portal\/wp-content\/uploads\/2022\/02\/dji0095-c02f4f23-focus-0-0-895-573.jpg\",\"datePublished\":\"2022-02-17T13:17:30+00:00\",\"breadcrumb\":{\"@id\":\"https:\/\/potenciaradiofonicadominicana.com\/portal\/gobierno-y-barrick-pueblo-viejo-cerca-de-acuerdo-para-nueva-presa-de-colas\/#breadcrumb\"},\"inLanguage\":\"es\",\"potentialAction\":[{\"@type\":\"ReadAction\",\"target\":[\"https:\/\/potenciaradiofonicadominicana.com\/portal\/gobierno-y-barrick-pueblo-viejo-cerca-de-acuerdo-para-nueva-presa-de-colas\/\"]}]},{\"@type\":\"ImageObject\",\"inLanguage\":\"es\",\"@id\":\"https:\/\/potenciaradiofonicadominicana.com\/portal\/gobierno-y-barrick-pueblo-viejo-cerca-de-acuerdo-para-nueva-presa-de-colas\/#primaryimage\",\"url\":\"https:\/\/potenciaradiofonicadominicana.com\/portal\/wp-content\/uploads\/2022\/02\/dji0095-c02f4f23-focus-0-0-895-573.jpg\",\"contentUrl\":\"https:\/\/potenciaradiofonicadominicana.com\/portal\/wp-content\/uploads\/2022\/02\/dji0095-c02f4f23-focus-0-0-895-573.jpg\",\"width\":895,\"height\":573},{\"@type\":\"BreadcrumbList\",\"@id\":\"https:\/\/potenciaradiofonicadominicana.com\/portal\/gobierno-y-barrick-pueblo-viejo-cerca-de-acuerdo-para-nueva-presa-de-colas\/#breadcrumb\",\"itemListElement\":[{\"@type\":\"ListItem\",\"position\":1,\"name\":\"Portada\",\"item\":\"https:\/\/potenciaradiofonicadominicana.com\/portal\/\"},{\"@type\":\"ListItem\",\"position\":2,\"name\":\"Gobierno y Barrick Pueblo Viejo: cerca de acuerdo para nueva presa de colas\"}]},{\"@type\":\"WebSite\",\"@id\":\"https:\/\/potenciaradiofonicadominicana.com\/portal\/#website\",\"url\":\"https:\/\/potenciaradiofonicadominicana.com\/portal\/\",\"name\":\"PotenciaRadiofonicaDominicana.com\",\"description\":\"Peri\u00f3dico Digital\",\"publisher\":{\"@id\":\"https:\/\/potenciaradiofonicadominicana.com\/portal\/#organization\"},\"potentialAction\":[{\"@type\":\"SearchAction\",\"target\":{\"@type\":\"EntryPoint\",\"urlTemplate\":\"https:\/\/potenciaradiofonicadominicana.com\/portal\/?s={search_term_string}\"},\"query-input\":{\"@type\":\"PropertyValueSpecification\",\"valueRequired\":true,\"valueName\":\"search_term_string\"}}],\"inLanguage\":\"es\"},{\"@type\":\"Organization\",\"@id\":\"https:\/\/potenciaradiofonicadominicana.com\/portal\/#organization\",\"name\":\"PotenciaRadiofonicaDominicana.com\",\"url\":\"https:\/\/potenciaradiofonicadominicana.com\/portal\/\",\"logo\":{\"@type\":\"ImageObject\",\"inLanguage\":\"es\",\"@id\":\"https:\/\/potenciaradiofonicadominicana.com\/portal\/#\/schema\/logo\/image\/\",\"url\":\"https:\/\/potenciaradiofonicadominicana.com\/portal\/wp-content\/uploads\/2022\/01\/descarga.png\",\"contentUrl\":\"https:\/\/potenciaradiofonicadominicana.com\/portal\/wp-content\/uploads\/2022\/01\/descarga.png\",\"width\":300,\"height\":100,\"caption\":\"PotenciaRadiofonicaDominicana.com\"},\"image\":{\"@id\":\"https:\/\/potenciaradiofonicadominicana.com\/portal\/#\/schema\/logo\/image\/\"},\"sameAs\":[\"https:\/\/web.facebook.com\/PotenciaRadiofonicaD\"]},{\"@type\":\"Person\",\"@id\":\"https:\/\/potenciaradiofonicadominicana.com\/portal\/#\/schema\/person\/a5cf1fea13877803ee0573ac18b03490\",\"name\":\"Potencia Radiof\u00f3nica Dominicana\",\"image\":{\"@type\":\"ImageObject\",\"inLanguage\":\"es\",\"@id\":\"https:\/\/potenciaradiofonicadominicana.com\/portal\/#\/schema\/person\/image\/\",\"url\":\"https:\/\/secure.gravatar.com\/avatar\/42a55ab9e8ccc656ba34cd791990602a?s=96&d=mm&r=g\",\"contentUrl\":\"https:\/\/secure.gravatar.com\/avatar\/42a55ab9e8ccc656ba34cd791990602a?s=96&d=mm&r=g\",\"caption\":\"Potencia Radiof\u00f3nica Dominicana\"},\"url\":\"https:\/\/potenciaradiofonicadominicana.com\/portal\/author\/johannyalmanzar\/\"}]}<\/script>\n<!-- \/ Yoast SEO plugin. -->","yoast_head_json":{"title":"Gobierno y Barrick Pueblo Viejo: cerca de acuerdo para nueva presa de colas - PotenciaRadiofonicaDominicana.com","robots":{"index":"index","follow":"follow","max-snippet":"max-snippet:-1","max-image-preview":"max-image-preview:large","max-video-preview":"max-video-preview:-1"},"canonical":"https:\/\/potenciaradiofonicadominicana.com\/portal\/gobierno-y-barrick-pueblo-viejo-cerca-de-acuerdo-para-nueva-presa-de-colas\/","og_locale":"es_ES","og_type":"article","og_title":"Gobierno y Barrick Pueblo Viejo: cerca de acuerdo para nueva presa de colas - PotenciaRadiofonicaDominicana.com","og_description":"El gobierno y la empresa\u00a0Barrick Pueblo Viejo\u00a0anunciar\u00e1n pr\u00f3ximamente el lugar donde se le permitir\u00e1 a la compa\u00f1\u00eda minera construir una\u00a0presa ...","og_url":"https:\/\/potenciaradiofonicadominicana.com\/portal\/gobierno-y-barrick-pueblo-viejo-cerca-de-acuerdo-para-nueva-presa-de-colas\/","og_site_name":"PotenciaRadiofonicaDominicana.com","article_publisher":"https:\/\/web.facebook.com\/PotenciaRadiofonicaD","article_published_time":"2022-02-17T13:17:30+00:00","og_image":[{"width":895,"height":573,"url":"https:\/\/potenciaradiofonicadominicana.com\/portal\/wp-content\/uploads\/2022\/02\/dji0095-c02f4f23-focus-0-0-895-573.jpg","type":"image\/jpeg"}],"author":"Potencia Radiof\u00f3nica Dominicana","twitter_card":"summary_large_image","twitter_misc":{"Escrito por":"Potencia Radiof\u00f3nica Dominicana","Tiempo de lectura":"1 minuto"},"schema":{"@context":"https:\/\/schema.org","@graph":[{"@type":"Article","@id":"https:\/\/potenciaradiofonicadominicana.com\/portal\/gobierno-y-barrick-pueblo-viejo-cerca-de-acuerdo-para-nueva-presa-de-colas\/#article","isPartOf":{"@id":"https:\/\/potenciaradiofonicadominicana.com\/portal\/gobierno-y-barrick-pueblo-viejo-cerca-de-acuerdo-para-nueva-presa-de-colas\/"},"author":{"name":"Potencia Radiof\u00f3nica Dominicana","@id":"https:\/\/potenciaradiofonicadominicana.com\/portal\/#\/schema\/person\/a5cf1fea13877803ee0573ac18b03490"},"headline":"Gobierno y Barrick Pueblo Viejo: cerca de acuerdo para nueva presa de colas","datePublished":"2022-02-17T13:17:30+00:00","mainEntityOfPage":{"@id":"https:\/\/potenciaradiofonicadominicana.com\/portal\/gobierno-y-barrick-pueblo-viejo-cerca-de-acuerdo-para-nueva-presa-de-colas\/"},"wordCount":252,"publisher":{"@id":"https:\/\/potenciaradiofonicadominicana.com\/portal\/#organization"},"image":{"@id":"https:\/\/potenciaradiofonicadominicana.com\/portal\/gobierno-y-barrick-pueblo-viejo-cerca-de-acuerdo-para-nueva-presa-de-colas\/#primaryimage"},"thumbnailUrl":"https:\/\/potenciaradiofonicadominicana.com\/portal\/wp-content\/uploads\/2022\/02\/dji0095-c02f4f23-focus-0-0-895-573.jpg","articleSection":["Econom\u00eda"],"inLanguage":"es"},{"@type":"WebPage","@id":"https:\/\/potenciaradiofonicadominicana.com\/portal\/gobierno-y-barrick-pueblo-viejo-cerca-de-acuerdo-para-nueva-presa-de-colas\/","url":"https:\/\/potenciaradiofonicadominicana.com\/portal\/gobierno-y-barrick-pueblo-viejo-cerca-de-acuerdo-para-nueva-presa-de-colas\/","name":"Gobierno y Barrick Pueblo Viejo: cerca de acuerdo para nueva presa de colas - PotenciaRadiofonicaDominicana.com","isPartOf":{"@id":"https:\/\/potenciaradiofonicadominicana.com\/portal\/#website"},"primaryImageOfPage":{"@id":"https:\/\/potenciaradiofonicadominicana.com\/portal\/gobierno-y-barrick-pueblo-viejo-cerca-de-acuerdo-para-nueva-presa-de-colas\/#primaryimage"},"image":{"@id":"https:\/\/potenciaradiofonicadominicana.com\/portal\/gobierno-y-barrick-pueblo-viejo-cerca-de-acuerdo-para-nueva-presa-de-colas\/#primaryimage"},"thumbnailUrl":"https:\/\/potenciaradiofonicadominicana.com\/portal\/wp-content\/uploads\/2022\/02\/dji0095-c02f4f23-focus-0-0-895-573.jpg","datePublished":"2022-02-17T13:17:30+00:00","breadcrumb":{"@id":"https:\/\/potenciaradiofonicadominicana.com\/portal\/gobierno-y-barrick-pueblo-viejo-cerca-de-acuerdo-para-nueva-presa-de-colas\/#breadcrumb"},"inLanguage":"es","potentialAction":[{"@type":"ReadAction","target":["https:\/\/potenciaradiofonicadominicana.com\/portal\/gobierno-y-barrick-pueblo-viejo-cerca-de-acuerdo-para-nueva-presa-de-colas\/"]}]},{"@type":"ImageObject","inLanguage":"es","@id":"https:\/\/potenciaradiofonicadominicana.com\/portal\/gobierno-y-barrick-pueblo-viejo-cerca-de-acuerdo-para-nueva-presa-de-colas\/#primaryimage","url":"https:\/\/potenciaradiofonicadominicana.com\/portal\/wp-content\/uploads\/2022\/02\/dji0095-c02f4f23-focus-0-0-895-573.jpg","contentUrl":"https:\/\/potenciaradiofonicadominicana.com\/portal\/wp-content\/uploads\/2022\/02\/dji0095-c02f4f23-focus-0-0-895-573.jpg","width":895,"height":573},{"@type":"BreadcrumbList","@id":"https:\/\/potenciaradiofonicadominicana.com\/portal\/gobierno-y-barrick-pueblo-viejo-cerca-de-acuerdo-para-nueva-presa-de-colas\/#breadcrumb","itemListElement":[{"@type":"ListItem","position":1,"name":"Portada","item":"https:\/\/potenciaradiofonicadominicana.com\/portal\/"},{"@type":"ListItem","position":2,"name":"Gobierno y Barrick Pueblo Viejo: cerca de acuerdo para nueva presa de colas"}]},{"@type":"WebSite","@id":"https:\/\/potenciaradiofonicadominicana.com\/portal\/#website","url":"https:\/\/potenciaradiofonicadominicana.com\/portal\/","name":"PotenciaRadiofonicaDominicana.com","description":"Peri\u00f3dico Digital","publisher":{"@id":"https:\/\/potenciaradiofonicadominicana.com\/portal\/#organization"},"potentialAction":[{"@type":"SearchAction","target":{"@type":"EntryPoint","urlTemplate":"https:\/\/potenciaradiofonicadominicana.com\/portal\/?s={search_term_string}"},"query-input":{"@type":"PropertyValueSpecification","valueRequired":true,"valueName":"search_term_string"}}],"inLanguage":"es"},{"@type":"Organization","@id":"https:\/\/potenciaradiofonicadominicana.com\/portal\/#organization","name":"PotenciaRadiofonicaDominicana.com","url":"https:\/\/potenciaradiofonicadominicana.com\/portal\/","logo":{"@type":"ImageObject","inLanguage":"es","@id":"https:\/\/potenciaradiofonicadominicana.com\/portal\/#\/schema\/logo\/image\/","url":"https:\/\/potenciaradiofonicadominicana.com\/portal\/wp-content\/uploads\/2022\/01\/descarga.png","contentUrl":"https:\/\/potenciaradiofonicadominicana.com\/portal\/wp-content\/uploads\/2022\/01\/descarga.png","width":300,"height":100,"caption":"PotenciaRadiofonicaDominicana.com"},"image":{"@id":"https:\/\/potenciaradiofonicadominicana.com\/portal\/#\/schema\/logo\/image\/"},"sameAs":["https:\/\/web.facebook.com\/PotenciaRadiofonicaD"]},{"@type":"Person","@id":"https:\/\/potenciaradiofonicadominicana.com\/portal\/#\/schema\/person\/a5cf1fea13877803ee0573ac18b03490","name":"Potencia Radiof\u00f3nica Dominicana","image":{"@type":"ImageObject","inLanguage":"es","@id":"https:\/\/potenciaradiofonicadominicana.com\/portal\/#\/schema\/person\/image\/","url":"https:\/\/secure.gravatar.com\/avatar\/42a55ab9e8ccc656ba34cd791990602a?s=96&d=mm&r=g","contentUrl":"https:\/\/secure.gravatar.com\/avatar\/42a55ab9e8ccc656ba34cd791990602a?s=96&d=mm&r=g","caption":"Potencia Radiof\u00f3nica Dominicana"},"url":"https:\/\/potenciaradiofonicadominicana.com\/portal\/author\/johannyalmanzar\/"}]}},"_links":{"self":[{"href":"https:\/\/potenciaradiofonicadominicana.com\/portal\/wp-json\/wp\/v2\/posts\/116976","targetHints":{"allow":["GET"]}}],"collection":[{"href":"https:\/\/potenciaradiofonicadominicana.com\/portal\/wp-json\/wp\/v2\/posts"}],"about":[{"href":"https:\/\/potenciaradiofonicadominicana.com\/portal\/wp-json\/wp\/v2\/types\/post"}],"author":[{"embeddable":true,"href":"https:\/\/potenciaradiofonicadominicana.com\/portal\/wp-json\/wp\/v2\/users\/2"}],"replies":[{"embeddable":true,"href":"https:\/\/potenciaradiofonicadominicana.com\/portal\/wp-json\/wp\/v2\/comments?post=116976"}],"version-history":[{"count":1,"href":"https:\/\/potenciaradiofonicadominicana.com\/portal\/wp-json\/wp\/v2\/posts\/116976\/revisions"}],"predecessor-version":[{"id":116980,"href":"https:\/\/potenciaradiofonicadominicana.com\/portal\/wp-json\/wp\/v2\/posts\/116976\/revisions\/116980"}],"wp:featuredmedia":[{"embeddable":true,"href":"https:\/\/potenciaradiofonicadominicana.com\/portal\/wp-json\/wp\/v2\/media\/116977"}],"wp:attachment":[{"href":"https:\/\/potenciaradiofonicadominicana.com\/portal\/wp-json\/wp\/v2\/media?parent=116976"}],"wp:term":[{"taxonomy":"category","embeddable":true,"href":"https:\/\/potenciaradiofonicadominicana.com\/portal\/wp-json\/wp\/v2\/categories?post=116976"},{"taxonomy":"post_tag","embeddable":true,"href":"https:\/\/potenciaradiofonicadominicana.com\/portal\/wp-json\/wp\/v2\/tags?post=116976"}],"curies":[{"name":"wp","href":"https:\/\/api.w.org\/{rel}","templated":true}]}}