{"id":116968,"date":"2022-02-17T09:07:03","date_gmt":"2022-02-17T13:07:03","guid":{"rendered":"https:\/\/potenciaradiofonicadominicana.com\/portal\/?p=116968"},"modified":"2022-02-17T09:07:03","modified_gmt":"2022-02-17T13:07:03","slug":"empresario-mexicano-mira-hacia-el-proyecto-turistico-pedernales","status":"publish","type":"post","link":"https:\/\/potenciaradiofonicadominicana.com\/portal\/empresario-mexicano-mira-hacia-el-proyecto-turistico-pedernales\/","title":{"rendered":"Empresario mexicano mira hacia el proyecto tur\u00edstico Pedernales"},"content":{"rendered":"<p><a href=\"https:\/\/potenciaradiofonicadominicana.com\/portal\/wp-content\/uploads\/2022\/02\/Bahia-de-Las-Aguilas-Pedernales-Republica-Dominicana.jpeg\"><img loading=\"lazy\" decoding=\"async\" class=\"alignnone size-full wp-image-116970\" src=\"https:\/\/potenciaradiofonicadominicana.com\/portal\/wp-content\/uploads\/2022\/02\/Bahia-de-Las-Aguilas-Pedernales-Republica-Dominicana.jpeg\" alt=\"\" width=\"1300\" height=\"691\" srcset=\"https:\/\/potenciaradiofonicadominicana.com\/portal\/wp-content\/uploads\/2022\/02\/Bahia-de-Las-Aguilas-Pedernales-Republica-Dominicana.jpeg 1300w, https:\/\/potenciaradiofonicadominicana.com\/portal\/wp-content\/uploads\/2022\/02\/Bahia-de-Las-Aguilas-Pedernales-Republica-Dominicana-300x159.jpeg 300w, https:\/\/potenciaradiofonicadominicana.com\/portal\/wp-content\/uploads\/2022\/02\/Bahia-de-Las-Aguilas-Pedernales-Republica-Dominicana-768x408.jpeg 768w, https:\/\/potenciaradiofonicadominicana.com\/portal\/wp-content\/uploads\/2022\/02\/Bahia-de-Las-Aguilas-Pedernales-Republica-Dominicana-1024x544.jpeg 1024w\" sizes=\"auto, (max-width: 1300px) 100vw, 1300px\" \/><\/a><\/p>\n<p>El\u00a0empresario mexicano\u00a0 y presidente del Grupo Cosmos Global Holding, Germ\u00e1n Rosete, tiene entre sus planes mirar hacia la zona Sur de Rep\u00fablica Dominicana, donde se ubicar\u00e1 el\u00a0Proyecto de Desarrollo Tur\u00edstico de Pedernales\u00a0y donde la colaboraci\u00f3n p\u00fablico-privada ser\u00e1 fundamental.<\/p>\n<p>Dijo que all\u00ed es donde\u00a0\u201cqueremos ayudar a que el pa\u00eds caribe\u00f1o crezca tur\u00edsticamente\u201d.<\/p>\n<p>En una entrevista para L\u00edstin Diario, ofrecida a Juan Jos\u00e9 de la Llera, Rosete explic\u00f3 que analiza incursionar en nuevos proyectos de bienes ra\u00edces, nuevas tecnolog\u00edas y la energ\u00eda verde.<br \/>\nElogia la estabilidad del Gobierno del presidente Luis Abinader\u00a0y su voluntad por ayudar e incentivar a la iniciativa privada extranjera que desea invertir en el pa\u00eds.<\/p>\n<p>\u201cLo primero que analizamos es que el pa\u00eds tenga\u00a0un Gobierno estable con un prop\u00f3sito de coadyuvar a la iniciativa privada para invertir.\u00a0En este caso Rep\u00fablica Dominicana lo tiene. Nos gusta el Gobierno del presidente Abinader\u201d, asegura.<\/p>\n<p>Inter\u00e9s<br \/>\nUno de los proyectos m\u00e1s avanzados para Rep\u00fablica Dominicana, seg\u00fan explica Rosete, es la\u00a0promoci\u00f3n inmobiliaria habitacional, comercial y de oficinas\u00a0bajo un \u00fanico concepto.<\/p>\n<p>El desarrollo de complejos urban\u00edsticos en zonas de playa que re\u00fanan las tres \u00e1reas en un mismo lugar, algo que Cosmos Global Holding ya ha conseguido en M\u00e9xico con muy buena acogida en el mercado.<\/p>\n<p>El empresario y emprendedor quiere traer nuevos proyectos de tecnolog\u00eda en la educaci\u00f3n\u00a0a Rep\u00fablica Dominicana, nuevas plataformas tecnol\u00f3gicas que faciliten el aprendizaje.<\/p>\n<p>La diversificaci\u00f3n de los negocios para Cosmos Global Holding es una de las l\u00edneas identificativas de su pol\u00edtica.\u00a0\u201cSiempre hemos buscado diversificar para no poner en riesgo nuestro portafolio\u201d, dice Rosete.<\/p>\n<p>El sector energ\u00e9tico es, por importancia, su principal segmento de inversi\u00f3n, mientras que el tecnol\u00f3gico se ha convertido en el segundo rubro de actividad.<\/p>\n<p>&nbsp;<\/p>\n","protected":false},"excerpt":{"rendered":"<p>El\u00a0empresario mexicano\u00a0 y presidente del Grupo Cosmos Global Holding, Germ\u00e1n Rosete, tiene entre sus planes mirar hacia la zona Sur &#8230;<\/p>\n","protected":false},"author":2,"featured_media":116970,"comment_status":"closed","ping_status":"closed","sticky":false,"template":"","format":"standard","meta":{"footnotes":""},"categories":[26],"tags":[],"class_list":["post-116968","post","type-post","status-publish","format-standard","has-post-thumbnail","hentry","category-economia"],"yoast_head":"<!-- This site is optimized with the Yoast SEO plugin v24.8.1 - https:\/\/yoast.com\/wordpress\/plugins\/seo\/ -->\n<title>Empresario mexicano mira hacia el proyecto tur\u00edstico Pedernales - PotenciaRadiofonicaDominicana.com<\/title>\n<meta name=\"robots\" content=\"index, follow, max-snippet:-1, max-image-preview:large, max-video-preview:-1\" \/>\n<link rel=\"canonical\" href=\"https:\/\/potenciaradiofonicadominicana.com\/portal\/empresario-mexicano-mira-hacia-el-proyecto-turistico-pedernales\/\" \/>\n<meta property=\"og:locale\" content=\"es_ES\" \/>\n<meta property=\"og:type\" content=\"article\" \/>\n<meta property=\"og:title\" content=\"Empresario mexicano mira hacia el proyecto tur\u00edstico Pedernales - PotenciaRadiofonicaDominicana.com\" \/>\n<meta property=\"og:description\" content=\"El\u00a0empresario mexicano\u00a0 y presidente del Grupo Cosmos Global Holding, Germ\u00e1n Rosete, tiene entre sus planes mirar hacia la zona Sur ...\" \/>\n<meta property=\"og:url\" content=\"https:\/\/potenciaradiofonicadominicana.com\/portal\/empresario-mexicano-mira-hacia-el-proyecto-turistico-pedernales\/\" \/>\n<meta property=\"og:site_name\" content=\"PotenciaRadiofonicaDominicana.com\" \/>\n<meta property=\"article:publisher\" content=\"https:\/\/web.facebook.com\/PotenciaRadiofonicaD\" \/>\n<meta property=\"article:published_time\" content=\"2022-02-17T13:07:03+00:00\" \/>\n<meta property=\"og:image\" content=\"https:\/\/potenciaradiofonicadominicana.com\/portal\/wp-content\/uploads\/2022\/02\/Bahia-de-Las-Aguilas-Pedernales-Republica-Dominicana.jpeg\" \/>\n\t<meta property=\"og:image:width\" content=\"1300\" \/>\n\t<meta property=\"og:image:height\" content=\"691\" \/>\n\t<meta property=\"og:image:type\" content=\"image\/jpeg\" \/>\n<meta name=\"author\" content=\"Potencia Radiof\u00f3nica Dominicana\" \/>\n<meta name=\"twitter:card\" content=\"summary_large_image\" \/>\n<meta name=\"twitter:label1\" content=\"Escrito por\" \/>\n\t<meta name=\"twitter:data1\" content=\"Potencia Radiof\u00f3nica Dominicana\" \/>\n\t<meta name=\"twitter:label2\" content=\"Tiempo de lectura\" \/>\n\t<meta name=\"twitter:data2\" content=\"2 minutos\" \/>\n<script type=\"application\/ld+json\" class=\"yoast-schema-graph\">{\"@context\":\"https:\/\/schema.org\",\"@graph\":[{\"@type\":\"Article\",\"@id\":\"https:\/\/potenciaradiofonicadominicana.com\/portal\/empresario-mexicano-mira-hacia-el-proyecto-turistico-pedernales\/#article\",\"isPartOf\":{\"@id\":\"https:\/\/potenciaradiofonicadominicana.com\/portal\/empresario-mexicano-mira-hacia-el-proyecto-turistico-pedernales\/\"},\"author\":{\"name\":\"Potencia Radiof\u00f3nica Dominicana\",\"@id\":\"https:\/\/potenciaradiofonicadominicana.com\/portal\/#\/schema\/person\/a5cf1fea13877803ee0573ac18b03490\"},\"headline\":\"Empresario mexicano mira hacia el proyecto tur\u00edstico Pedernales\",\"datePublished\":\"2022-02-17T13:07:03+00:00\",\"mainEntityOfPage\":{\"@id\":\"https:\/\/potenciaradiofonicadominicana.com\/portal\/empresario-mexicano-mira-hacia-el-proyecto-turistico-pedernales\/\"},\"wordCount\":333,\"publisher\":{\"@id\":\"https:\/\/potenciaradiofonicadominicana.com\/portal\/#organization\"},\"image\":{\"@id\":\"https:\/\/potenciaradiofonicadominicana.com\/portal\/empresario-mexicano-mira-hacia-el-proyecto-turistico-pedernales\/#primaryimage\"},\"thumbnailUrl\":\"https:\/\/potenciaradiofonicadominicana.com\/portal\/wp-content\/uploads\/2022\/02\/Bahia-de-Las-Aguilas-Pedernales-Republica-Dominicana.jpeg\",\"articleSection\":[\"Econom\u00eda\"],\"inLanguage\":\"es\"},{\"@type\":\"WebPage\",\"@id\":\"https:\/\/potenciaradiofonicadominicana.com\/portal\/empresario-mexicano-mira-hacia-el-proyecto-turistico-pedernales\/\",\"url\":\"https:\/\/potenciaradiofonicadominicana.com\/portal\/empresario-mexicano-mira-hacia-el-proyecto-turistico-pedernales\/\",\"name\":\"Empresario mexicano mira hacia el proyecto tur\u00edstico Pedernales - PotenciaRadiofonicaDominicana.com\",\"isPartOf\":{\"@id\":\"https:\/\/potenciaradiofonicadominicana.com\/portal\/#website\"},\"primaryImageOfPage\":{\"@id\":\"https:\/\/potenciaradiofonicadominicana.com\/portal\/empresario-mexicano-mira-hacia-el-proyecto-turistico-pedernales\/#primaryimage\"},\"image\":{\"@id\":\"https:\/\/potenciaradiofonicadominicana.com\/portal\/empresario-mexicano-mira-hacia-el-proyecto-turistico-pedernales\/#primaryimage\"},\"thumbnailUrl\":\"https:\/\/potenciaradiofonicadominicana.com\/portal\/wp-content\/uploads\/2022\/02\/Bahia-de-Las-Aguilas-Pedernales-Republica-Dominicana.jpeg\",\"datePublished\":\"2022-02-17T13:07:03+00:00\",\"breadcrumb\":{\"@id\":\"https:\/\/potenciaradiofonicadominicana.com\/portal\/empresario-mexicano-mira-hacia-el-proyecto-turistico-pedernales\/#breadcrumb\"},\"inLanguage\":\"es\",\"potentialAction\":[{\"@type\":\"ReadAction\",\"target\":[\"https:\/\/potenciaradiofonicadominicana.com\/portal\/empresario-mexicano-mira-hacia-el-proyecto-turistico-pedernales\/\"]}]},{\"@type\":\"ImageObject\",\"inLanguage\":\"es\",\"@id\":\"https:\/\/potenciaradiofonicadominicana.com\/portal\/empresario-mexicano-mira-hacia-el-proyecto-turistico-pedernales\/#primaryimage\",\"url\":\"https:\/\/potenciaradiofonicadominicana.com\/portal\/wp-content\/uploads\/2022\/02\/Bahia-de-Las-Aguilas-Pedernales-Republica-Dominicana.jpeg\",\"contentUrl\":\"https:\/\/potenciaradiofonicadominicana.com\/portal\/wp-content\/uploads\/2022\/02\/Bahia-de-Las-Aguilas-Pedernales-Republica-Dominicana.jpeg\",\"width\":1300,\"height\":691},{\"@type\":\"BreadcrumbList\",\"@id\":\"https:\/\/potenciaradiofonicadominicana.com\/portal\/empresario-mexicano-mira-hacia-el-proyecto-turistico-pedernales\/#breadcrumb\",\"itemListElement\":[{\"@type\":\"ListItem\",\"position\":1,\"name\":\"Portada\",\"item\":\"https:\/\/potenciaradiofonicadominicana.com\/portal\/\"},{\"@type\":\"ListItem\",\"position\":2,\"name\":\"Empresario mexicano mira hacia el proyecto tur\u00edstico Pedernales\"}]},{\"@type\":\"WebSite\",\"@id\":\"https:\/\/potenciaradiofonicadominicana.com\/portal\/#website\",\"url\":\"https:\/\/potenciaradiofonicadominicana.com\/portal\/\",\"name\":\"PotenciaRadiofonicaDominicana.com\",\"description\":\"Peri\u00f3dico Digital\",\"publisher\":{\"@id\":\"https:\/\/potenciaradiofonicadominicana.com\/portal\/#organization\"},\"potentialAction\":[{\"@type\":\"SearchAction\",\"target\":{\"@type\":\"EntryPoint\",\"urlTemplate\":\"https:\/\/potenciaradiofonicadominicana.com\/portal\/?s={search_term_string}\"},\"query-input\":{\"@type\":\"PropertyValueSpecification\",\"valueRequired\":true,\"valueName\":\"search_term_string\"}}],\"inLanguage\":\"es\"},{\"@type\":\"Organization\",\"@id\":\"https:\/\/potenciaradiofonicadominicana.com\/portal\/#organization\",\"name\":\"PotenciaRadiofonicaDominicana.com\",\"url\":\"https:\/\/potenciaradiofonicadominicana.com\/portal\/\",\"logo\":{\"@type\":\"ImageObject\",\"inLanguage\":\"es\",\"@id\":\"https:\/\/potenciaradiofonicadominicana.com\/portal\/#\/schema\/logo\/image\/\",\"url\":\"https:\/\/potenciaradiofonicadominicana.com\/portal\/wp-content\/uploads\/2022\/01\/descarga.png\",\"contentUrl\":\"https:\/\/potenciaradiofonicadominicana.com\/portal\/wp-content\/uploads\/2022\/01\/descarga.png\",\"width\":300,\"height\":100,\"caption\":\"PotenciaRadiofonicaDominicana.com\"},\"image\":{\"@id\":\"https:\/\/potenciaradiofonicadominicana.com\/portal\/#\/schema\/logo\/image\/\"},\"sameAs\":[\"https:\/\/web.facebook.com\/PotenciaRadiofonicaD\"]},{\"@type\":\"Person\",\"@id\":\"https:\/\/potenciaradiofonicadominicana.com\/portal\/#\/schema\/person\/a5cf1fea13877803ee0573ac18b03490\",\"name\":\"Potencia Radiof\u00f3nica Dominicana\",\"image\":{\"@type\":\"ImageObject\",\"inLanguage\":\"es\",\"@id\":\"https:\/\/potenciaradiofonicadominicana.com\/portal\/#\/schema\/person\/image\/\",\"url\":\"https:\/\/secure.gravatar.com\/avatar\/42a55ab9e8ccc656ba34cd791990602a?s=96&d=mm&r=g\",\"contentUrl\":\"https:\/\/secure.gravatar.com\/avatar\/42a55ab9e8ccc656ba34cd791990602a?s=96&d=mm&r=g\",\"caption\":\"Potencia Radiof\u00f3nica Dominicana\"},\"url\":\"https:\/\/potenciaradiofonicadominicana.com\/portal\/author\/johannyalmanzar\/\"}]}<\/script>\n<!-- \/ Yoast SEO plugin. -->","yoast_head_json":{"title":"Empresario mexicano mira hacia el proyecto tur\u00edstico Pedernales - PotenciaRadiofonicaDominicana.com","robots":{"index":"index","follow":"follow","max-snippet":"max-snippet:-1","max-image-preview":"max-image-preview:large","max-video-preview":"max-video-preview:-1"},"canonical":"https:\/\/potenciaradiofonicadominicana.com\/portal\/empresario-mexicano-mira-hacia-el-proyecto-turistico-pedernales\/","og_locale":"es_ES","og_type":"article","og_title":"Empresario mexicano mira hacia el proyecto tur\u00edstico Pedernales - PotenciaRadiofonicaDominicana.com","og_description":"El\u00a0empresario mexicano\u00a0 y presidente del Grupo Cosmos Global Holding, Germ\u00e1n Rosete, tiene entre sus planes mirar hacia la zona Sur ...","og_url":"https:\/\/potenciaradiofonicadominicana.com\/portal\/empresario-mexicano-mira-hacia-el-proyecto-turistico-pedernales\/","og_site_name":"PotenciaRadiofonicaDominicana.com","article_publisher":"https:\/\/web.facebook.com\/PotenciaRadiofonicaD","article_published_time":"2022-02-17T13:07:03+00:00","og_image":[{"width":1300,"height":691,"url":"https:\/\/potenciaradiofonicadominicana.com\/portal\/wp-content\/uploads\/2022\/02\/Bahia-de-Las-Aguilas-Pedernales-Republica-Dominicana.jpeg","type":"image\/jpeg"}],"author":"Potencia Radiof\u00f3nica Dominicana","twitter_card":"summary_large_image","twitter_misc":{"Escrito por":"Potencia Radiof\u00f3nica Dominicana","Tiempo de lectura":"2 minutos"},"schema":{"@context":"https:\/\/schema.org","@graph":[{"@type":"Article","@id":"https:\/\/potenciaradiofonicadominicana.com\/portal\/empresario-mexicano-mira-hacia-el-proyecto-turistico-pedernales\/#article","isPartOf":{"@id":"https:\/\/potenciaradiofonicadominicana.com\/portal\/empresario-mexicano-mira-hacia-el-proyecto-turistico-pedernales\/"},"author":{"name":"Potencia Radiof\u00f3nica Dominicana","@id":"https:\/\/potenciaradiofonicadominicana.com\/portal\/#\/schema\/person\/a5cf1fea13877803ee0573ac18b03490"},"headline":"Empresario mexicano mira hacia el proyecto tur\u00edstico Pedernales","datePublished":"2022-02-17T13:07:03+00:00","mainEntityOfPage":{"@id":"https:\/\/potenciaradiofonicadominicana.com\/portal\/empresario-mexicano-mira-hacia-el-proyecto-turistico-pedernales\/"},"wordCount":333,"publisher":{"@id":"https:\/\/potenciaradiofonicadominicana.com\/portal\/#organization"},"image":{"@id":"https:\/\/potenciaradiofonicadominicana.com\/portal\/empresario-mexicano-mira-hacia-el-proyecto-turistico-pedernales\/#primaryimage"},"thumbnailUrl":"https:\/\/potenciaradiofonicadominicana.com\/portal\/wp-content\/uploads\/2022\/02\/Bahia-de-Las-Aguilas-Pedernales-Republica-Dominicana.jpeg","articleSection":["Econom\u00eda"],"inLanguage":"es"},{"@type":"WebPage","@id":"https:\/\/potenciaradiofonicadominicana.com\/portal\/empresario-mexicano-mira-hacia-el-proyecto-turistico-pedernales\/","url":"https:\/\/potenciaradiofonicadominicana.com\/portal\/empresario-mexicano-mira-hacia-el-proyecto-turistico-pedernales\/","name":"Empresario mexicano mira hacia el proyecto tur\u00edstico Pedernales - PotenciaRadiofonicaDominicana.com","isPartOf":{"@id":"https:\/\/potenciaradiofonicadominicana.com\/portal\/#website"},"primaryImageOfPage":{"@id":"https:\/\/potenciaradiofonicadominicana.com\/portal\/empresario-mexicano-mira-hacia-el-proyecto-turistico-pedernales\/#primaryimage"},"image":{"@id":"https:\/\/potenciaradiofonicadominicana.com\/portal\/empresario-mexicano-mira-hacia-el-proyecto-turistico-pedernales\/#primaryimage"},"thumbnailUrl":"https:\/\/potenciaradiofonicadominicana.com\/portal\/wp-content\/uploads\/2022\/02\/Bahia-de-Las-Aguilas-Pedernales-Republica-Dominicana.jpeg","datePublished":"2022-02-17T13:07:03+00:00","breadcrumb":{"@id":"https:\/\/potenciaradiofonicadominicana.com\/portal\/empresario-mexicano-mira-hacia-el-proyecto-turistico-pedernales\/#breadcrumb"},"inLanguage":"es","potentialAction":[{"@type":"ReadAction","target":["https:\/\/potenciaradiofonicadominicana.com\/portal\/empresario-mexicano-mira-hacia-el-proyecto-turistico-pedernales\/"]}]},{"@type":"ImageObject","inLanguage":"es","@id":"https:\/\/potenciaradiofonicadominicana.com\/portal\/empresario-mexicano-mira-hacia-el-proyecto-turistico-pedernales\/#primaryimage","url":"https:\/\/potenciaradiofonicadominicana.com\/portal\/wp-content\/uploads\/2022\/02\/Bahia-de-Las-Aguilas-Pedernales-Republica-Dominicana.jpeg","contentUrl":"https:\/\/potenciaradiofonicadominicana.com\/portal\/wp-content\/uploads\/2022\/02\/Bahia-de-Las-Aguilas-Pedernales-Republica-Dominicana.jpeg","width":1300,"height":691},{"@type":"BreadcrumbList","@id":"https:\/\/potenciaradiofonicadominicana.com\/portal\/empresario-mexicano-mira-hacia-el-proyecto-turistico-pedernales\/#breadcrumb","itemListElement":[{"@type":"ListItem","position":1,"name":"Portada","item":"https:\/\/potenciaradiofonicadominicana.com\/portal\/"},{"@type":"ListItem","position":2,"name":"Empresario mexicano mira hacia el proyecto tur\u00edstico Pedernales"}]},{"@type":"WebSite","@id":"https:\/\/potenciaradiofonicadominicana.com\/portal\/#website","url":"https:\/\/potenciaradiofonicadominicana.com\/portal\/","name":"PotenciaRadiofonicaDominicana.com","description":"Peri\u00f3dico Digital","publisher":{"@id":"https:\/\/potenciaradiofonicadominicana.com\/portal\/#organization"},"potentialAction":[{"@type":"SearchAction","target":{"@type":"EntryPoint","urlTemplate":"https:\/\/potenciaradiofonicadominicana.com\/portal\/?s={search_term_string}"},"query-input":{"@type":"PropertyValueSpecification","valueRequired":true,"valueName":"search_term_string"}}],"inLanguage":"es"},{"@type":"Organization","@id":"https:\/\/potenciaradiofonicadominicana.com\/portal\/#organization","name":"PotenciaRadiofonicaDominicana.com","url":"https:\/\/potenciaradiofonicadominicana.com\/portal\/","logo":{"@type":"ImageObject","inLanguage":"es","@id":"https:\/\/potenciaradiofonicadominicana.com\/portal\/#\/schema\/logo\/image\/","url":"https:\/\/potenciaradiofonicadominicana.com\/portal\/wp-content\/uploads\/2022\/01\/descarga.png","contentUrl":"https:\/\/potenciaradiofonicadominicana.com\/portal\/wp-content\/uploads\/2022\/01\/descarga.png","width":300,"height":100,"caption":"PotenciaRadiofonicaDominicana.com"},"image":{"@id":"https:\/\/potenciaradiofonicadominicana.com\/portal\/#\/schema\/logo\/image\/"},"sameAs":["https:\/\/web.facebook.com\/PotenciaRadiofonicaD"]},{"@type":"Person","@id":"https:\/\/potenciaradiofonicadominicana.com\/portal\/#\/schema\/person\/a5cf1fea13877803ee0573ac18b03490","name":"Potencia Radiof\u00f3nica Dominicana","image":{"@type":"ImageObject","inLanguage":"es","@id":"https:\/\/potenciaradiofonicadominicana.com\/portal\/#\/schema\/person\/image\/","url":"https:\/\/secure.gravatar.com\/avatar\/42a55ab9e8ccc656ba34cd791990602a?s=96&d=mm&r=g","contentUrl":"https:\/\/secure.gravatar.com\/avatar\/42a55ab9e8ccc656ba34cd791990602a?s=96&d=mm&r=g","caption":"Potencia Radiof\u00f3nica Dominicana"},"url":"https:\/\/potenciaradiofonicadominicana.com\/portal\/author\/johannyalmanzar\/"}]}},"_links":{"self":[{"href":"https:\/\/potenciaradiofonicadominicana.com\/portal\/wp-json\/wp\/v2\/posts\/116968","targetHints":{"allow":["GET"]}}],"collection":[{"href":"https:\/\/potenciaradiofonicadominicana.com\/portal\/wp-json\/wp\/v2\/posts"}],"about":[{"href":"https:\/\/potenciaradiofonicadominicana.com\/portal\/wp-json\/wp\/v2\/types\/post"}],"author":[{"embeddable":true,"href":"https:\/\/potenciaradiofonicadominicana.com\/portal\/wp-json\/wp\/v2\/users\/2"}],"replies":[{"embeddable":true,"href":"https:\/\/potenciaradiofonicadominicana.com\/portal\/wp-json\/wp\/v2\/comments?post=116968"}],"version-history":[{"count":1,"href":"https:\/\/potenciaradiofonicadominicana.com\/portal\/wp-json\/wp\/v2\/posts\/116968\/revisions"}],"predecessor-version":[{"id":116971,"href":"https:\/\/potenciaradiofonicadominicana.com\/portal\/wp-json\/wp\/v2\/posts\/116968\/revisions\/116971"}],"wp:featuredmedia":[{"embeddable":true,"href":"https:\/\/potenciaradiofonicadominicana.com\/portal\/wp-json\/wp\/v2\/media\/116970"}],"wp:attachment":[{"href":"https:\/\/potenciaradiofonicadominicana.com\/portal\/wp-json\/wp\/v2\/media?parent=116968"}],"wp:term":[{"taxonomy":"category","embeddable":true,"href":"https:\/\/potenciaradiofonicadominicana.com\/portal\/wp-json\/wp\/v2\/categories?post=116968"},{"taxonomy":"post_tag","embeddable":true,"href":"https:\/\/potenciaradiofonicadominicana.com\/portal\/wp-json\/wp\/v2\/tags?post=116968"}],"curies":[{"name":"wp","href":"https:\/\/api.w.org\/{rel}","templated":true}]}}