{"id":116959,"date":"2022-02-17T09:03:51","date_gmt":"2022-02-17T13:03:51","guid":{"rendered":"https:\/\/potenciaradiofonicadominicana.com\/portal\/?p=116959"},"modified":"2022-02-17T09:04:08","modified_gmt":"2022-02-17T13:04:08","slug":"el-gobierno-inauguro-50-obras-construidas-por-el-mopc","status":"publish","type":"post","link":"https:\/\/potenciaradiofonicadominicana.com\/portal\/el-gobierno-inauguro-50-obras-construidas-por-el-mopc\/","title":{"rendered":"El Gobierno inaugur\u00f3 50 obras construidas por el MOPC"},"content":{"rendered":"<p><a href=\"https:\/\/potenciaradiofonicadominicana.com\/portal\/wp-content\/uploads\/2022\/02\/carretera-turistica.jpg\"><img loading=\"lazy\" decoding=\"async\" class=\"alignnone size-full wp-image-116961\" src=\"https:\/\/potenciaradiofonicadominicana.com\/portal\/wp-content\/uploads\/2022\/02\/carretera-turistica.jpg\" alt=\"\" width=\"1410\" height=\"940\" srcset=\"https:\/\/potenciaradiofonicadominicana.com\/portal\/wp-content\/uploads\/2022\/02\/carretera-turistica.jpg 1410w, https:\/\/potenciaradiofonicadominicana.com\/portal\/wp-content\/uploads\/2022\/02\/carretera-turistica-300x200.jpg 300w, https:\/\/potenciaradiofonicadominicana.com\/portal\/wp-content\/uploads\/2022\/02\/carretera-turistica-768x512.jpg 768w, https:\/\/potenciaradiofonicadominicana.com\/portal\/wp-content\/uploads\/2022\/02\/carretera-turistica-1024x683.jpg 1024w\" sizes=\"auto, (max-width: 1410px) 100vw, 1410px\" \/><\/a><\/p>\n<p>El Ministerio de Obras P\u00fablicas y Comunicaciones\u00a0 inform\u00f3 que en este\u00a0Gobierno del presidente Luis Abinader ha inaugurado unas 50 obras distribuidas en todo el pa\u00eds, con una inversi\u00f3n superior a los RD$39,000 millones.<\/p>\n<p>Durante la presente gesti\u00f3n del ministro Deligne Ascenci\u00f3n tambi\u00e9n se han iniciado y reiniciado unos\u00a0480 proyectos, que movilizan un presupuesto superior a los RD$200,000 millones, constituyendo un importante aporte al desarrollo y la dinamizaci\u00f3n de la econom\u00eda del pa\u00eds, dice un nota del Ministerio.<\/p>\n<p>Entre esas obras cita las\u00a0carreteras\u00a0Villa Riva-Arenoso; la Antonio Guzm\u00e1n Fern\u00e1ndez, que comunica Cruce de Controbas con San Francisco de Macor\u00eds; Jobo Dulce-Hig\u00fcey; Montecristi-Copey-Dajab\u00f3n; Dajab\u00f3n-Loma de Cabrera, la tur\u00edstica Gregorio Luper\u00f3n, entre otras.<\/p>\n<p>Asimismo, nueve\u00a0puentes\u00a0de reciente construcci\u00f3n, y colocaci\u00f3n de nuevas juntas a los puentes Juan Bosch y Mauricio B\u00e1ez. Tambi\u00e9n resaltan la rehabilitaci\u00f3n de miles de kil\u00f3metros de carreteras, caminos vecinales. asfaltado de calles, reconstrucci\u00f3n de aceras, contenes y se\u00f1alizaci\u00f3n de v\u00edas.<\/p>\n<p>Entre esas\u00a0v\u00edas\u00a0est\u00e1n las autopistas Duarte y 6 de Noviembre, que han sido sometidas a intensos trabajos de remodelaci\u00f3n.<\/p>\n<p>Dentro de esas obras est\u00e1n la inauguraci\u00f3n del\u00a0parqueo\u00a0de La Atarazana, el hospital de Las Terrenas, dos cuarteles del Ej\u00e9rcito, un monasterio de la Orden de Las Carmelitas, y viviendas de inter\u00e9s social en la provincia Peravia.<\/p>\n<p>En la actualidad,\u00a0el MOPC trabaja en la ejecuci\u00f3n de m\u00e1s de 400 obras\u00a0distribuidas en toda la geograf\u00eda nacional, que ser\u00e1n inauguradas pr\u00f3ximamente. Y como parte del Plan Nacional de Asfaltado y reconstrucci\u00f3n de aceras, calles, contenes y se\u00f1alizaci\u00f3n vial que lleva a cabo el MOPC a nivel nacional, en la actualidad se trabaja en distintas provincias y sus municipios.<\/p>\n<p>En total, se han inaugurado nueve puentes, y se ha prestado especial inter\u00e9s en\u00a0mejorar la red vial del pa\u00eds\u00a0con la construcci\u00f3n de carreteras, reparaci\u00f3n y modernizaci\u00f3n de las existentes. Adem\u00e1s de la modernizaci\u00f3n de la autopista Duarte.<\/p>\n<p>Desarrollo vial<br \/>\nEn la actualidad se construyen avenidas de circunvalaci\u00f3n de Ban\u00ed y Azua, que sacar\u00e1n el fuerte tr\u00e1nsito vehicular de esos centros urbanos. Tambi\u00e9n la carretera Barahona-Enriquillo-Pedernales, que contribuir\u00e1 a reducir el tiempo de llegada a esa provincia.<\/p>\n","protected":false},"excerpt":{"rendered":"<p>El Ministerio de Obras P\u00fablicas y Comunicaciones\u00a0 inform\u00f3 que en este\u00a0Gobierno del presidente Luis Abinader ha inaugurado unas 50 obras &#8230;<\/p>\n","protected":false},"author":2,"featured_media":116961,"comment_status":"closed","ping_status":"closed","sticky":false,"template":"","format":"standard","meta":{"footnotes":""},"categories":[26],"tags":[],"class_list":["post-116959","post","type-post","status-publish","format-standard","has-post-thumbnail","hentry","category-economia"],"yoast_head":"<!-- This site is optimized with the Yoast SEO plugin v24.8.1 - https:\/\/yoast.com\/wordpress\/plugins\/seo\/ -->\n<title>El Gobierno inaugur\u00f3 50 obras construidas por el MOPC - PotenciaRadiofonicaDominicana.com<\/title>\n<meta name=\"robots\" content=\"index, follow, max-snippet:-1, max-image-preview:large, max-video-preview:-1\" \/>\n<link rel=\"canonical\" href=\"https:\/\/potenciaradiofonicadominicana.com\/portal\/el-gobierno-inauguro-50-obras-construidas-por-el-mopc\/\" \/>\n<meta property=\"og:locale\" content=\"es_ES\" \/>\n<meta property=\"og:type\" content=\"article\" \/>\n<meta property=\"og:title\" content=\"El Gobierno inaugur\u00f3 50 obras construidas por el MOPC - PotenciaRadiofonicaDominicana.com\" \/>\n<meta property=\"og:description\" content=\"El Ministerio de Obras P\u00fablicas y Comunicaciones\u00a0 inform\u00f3 que en este\u00a0Gobierno del presidente Luis Abinader ha inaugurado unas 50 obras ...\" \/>\n<meta property=\"og:url\" content=\"https:\/\/potenciaradiofonicadominicana.com\/portal\/el-gobierno-inauguro-50-obras-construidas-por-el-mopc\/\" \/>\n<meta property=\"og:site_name\" content=\"PotenciaRadiofonicaDominicana.com\" \/>\n<meta property=\"article:publisher\" content=\"https:\/\/web.facebook.com\/PotenciaRadiofonicaD\" \/>\n<meta property=\"article:published_time\" content=\"2022-02-17T13:03:51+00:00\" \/>\n<meta property=\"article:modified_time\" content=\"2022-02-17T13:04:08+00:00\" \/>\n<meta property=\"og:image\" content=\"https:\/\/potenciaradiofonicadominicana.com\/portal\/wp-content\/uploads\/2022\/02\/carretera-turistica.jpg\" \/>\n\t<meta property=\"og:image:width\" content=\"1410\" \/>\n\t<meta property=\"og:image:height\" content=\"940\" \/>\n\t<meta property=\"og:image:type\" content=\"image\/jpeg\" \/>\n<meta name=\"author\" content=\"Potencia Radiof\u00f3nica Dominicana\" \/>\n<meta name=\"twitter:card\" content=\"summary_large_image\" \/>\n<meta name=\"twitter:label1\" content=\"Escrito por\" \/>\n\t<meta name=\"twitter:data1\" content=\"Potencia Radiof\u00f3nica Dominicana\" \/>\n\t<meta name=\"twitter:label2\" content=\"Tiempo de lectura\" \/>\n\t<meta name=\"twitter:data2\" content=\"2 minutos\" \/>\n<script type=\"application\/ld+json\" class=\"yoast-schema-graph\">{\"@context\":\"https:\/\/schema.org\",\"@graph\":[{\"@type\":\"Article\",\"@id\":\"https:\/\/potenciaradiofonicadominicana.com\/portal\/el-gobierno-inauguro-50-obras-construidas-por-el-mopc\/#article\",\"isPartOf\":{\"@id\":\"https:\/\/potenciaradiofonicadominicana.com\/portal\/el-gobierno-inauguro-50-obras-construidas-por-el-mopc\/\"},\"author\":{\"name\":\"Potencia Radiof\u00f3nica Dominicana\",\"@id\":\"https:\/\/potenciaradiofonicadominicana.com\/portal\/#\/schema\/person\/a5cf1fea13877803ee0573ac18b03490\"},\"headline\":\"El Gobierno inaugur\u00f3 50 obras construidas por el MOPC\",\"datePublished\":\"2022-02-17T13:03:51+00:00\",\"dateModified\":\"2022-02-17T13:04:08+00:00\",\"mainEntityOfPage\":{\"@id\":\"https:\/\/potenciaradiofonicadominicana.com\/portal\/el-gobierno-inauguro-50-obras-construidas-por-el-mopc\/\"},\"wordCount\":409,\"publisher\":{\"@id\":\"https:\/\/potenciaradiofonicadominicana.com\/portal\/#organization\"},\"image\":{\"@id\":\"https:\/\/potenciaradiofonicadominicana.com\/portal\/el-gobierno-inauguro-50-obras-construidas-por-el-mopc\/#primaryimage\"},\"thumbnailUrl\":\"https:\/\/potenciaradiofonicadominicana.com\/portal\/wp-content\/uploads\/2022\/02\/carretera-turistica.jpg\",\"articleSection\":[\"Econom\u00eda\"],\"inLanguage\":\"es\"},{\"@type\":\"WebPage\",\"@id\":\"https:\/\/potenciaradiofonicadominicana.com\/portal\/el-gobierno-inauguro-50-obras-construidas-por-el-mopc\/\",\"url\":\"https:\/\/potenciaradiofonicadominicana.com\/portal\/el-gobierno-inauguro-50-obras-construidas-por-el-mopc\/\",\"name\":\"El Gobierno inaugur\u00f3 50 obras construidas por el MOPC - PotenciaRadiofonicaDominicana.com\",\"isPartOf\":{\"@id\":\"https:\/\/potenciaradiofonicadominicana.com\/portal\/#website\"},\"primaryImageOfPage\":{\"@id\":\"https:\/\/potenciaradiofonicadominicana.com\/portal\/el-gobierno-inauguro-50-obras-construidas-por-el-mopc\/#primaryimage\"},\"image\":{\"@id\":\"https:\/\/potenciaradiofonicadominicana.com\/portal\/el-gobierno-inauguro-50-obras-construidas-por-el-mopc\/#primaryimage\"},\"thumbnailUrl\":\"https:\/\/potenciaradiofonicadominicana.com\/portal\/wp-content\/uploads\/2022\/02\/carretera-turistica.jpg\",\"datePublished\":\"2022-02-17T13:03:51+00:00\",\"dateModified\":\"2022-02-17T13:04:08+00:00\",\"breadcrumb\":{\"@id\":\"https:\/\/potenciaradiofonicadominicana.com\/portal\/el-gobierno-inauguro-50-obras-construidas-por-el-mopc\/#breadcrumb\"},\"inLanguage\":\"es\",\"potentialAction\":[{\"@type\":\"ReadAction\",\"target\":[\"https:\/\/potenciaradiofonicadominicana.com\/portal\/el-gobierno-inauguro-50-obras-construidas-por-el-mopc\/\"]}]},{\"@type\":\"ImageObject\",\"inLanguage\":\"es\",\"@id\":\"https:\/\/potenciaradiofonicadominicana.com\/portal\/el-gobierno-inauguro-50-obras-construidas-por-el-mopc\/#primaryimage\",\"url\":\"https:\/\/potenciaradiofonicadominicana.com\/portal\/wp-content\/uploads\/2022\/02\/carretera-turistica.jpg\",\"contentUrl\":\"https:\/\/potenciaradiofonicadominicana.com\/portal\/wp-content\/uploads\/2022\/02\/carretera-turistica.jpg\",\"width\":1410,\"height\":940},{\"@type\":\"BreadcrumbList\",\"@id\":\"https:\/\/potenciaradiofonicadominicana.com\/portal\/el-gobierno-inauguro-50-obras-construidas-por-el-mopc\/#breadcrumb\",\"itemListElement\":[{\"@type\":\"ListItem\",\"position\":1,\"name\":\"Portada\",\"item\":\"https:\/\/potenciaradiofonicadominicana.com\/portal\/\"},{\"@type\":\"ListItem\",\"position\":2,\"name\":\"El Gobierno inaugur\u00f3 50 obras construidas por el MOPC\"}]},{\"@type\":\"WebSite\",\"@id\":\"https:\/\/potenciaradiofonicadominicana.com\/portal\/#website\",\"url\":\"https:\/\/potenciaradiofonicadominicana.com\/portal\/\",\"name\":\"PotenciaRadiofonicaDominicana.com\",\"description\":\"Peri\u00f3dico Digital\",\"publisher\":{\"@id\":\"https:\/\/potenciaradiofonicadominicana.com\/portal\/#organization\"},\"potentialAction\":[{\"@type\":\"SearchAction\",\"target\":{\"@type\":\"EntryPoint\",\"urlTemplate\":\"https:\/\/potenciaradiofonicadominicana.com\/portal\/?s={search_term_string}\"},\"query-input\":{\"@type\":\"PropertyValueSpecification\",\"valueRequired\":true,\"valueName\":\"search_term_string\"}}],\"inLanguage\":\"es\"},{\"@type\":\"Organization\",\"@id\":\"https:\/\/potenciaradiofonicadominicana.com\/portal\/#organization\",\"name\":\"PotenciaRadiofonicaDominicana.com\",\"url\":\"https:\/\/potenciaradiofonicadominicana.com\/portal\/\",\"logo\":{\"@type\":\"ImageObject\",\"inLanguage\":\"es\",\"@id\":\"https:\/\/potenciaradiofonicadominicana.com\/portal\/#\/schema\/logo\/image\/\",\"url\":\"https:\/\/potenciaradiofonicadominicana.com\/portal\/wp-content\/uploads\/2022\/01\/descarga.png\",\"contentUrl\":\"https:\/\/potenciaradiofonicadominicana.com\/portal\/wp-content\/uploads\/2022\/01\/descarga.png\",\"width\":300,\"height\":100,\"caption\":\"PotenciaRadiofonicaDominicana.com\"},\"image\":{\"@id\":\"https:\/\/potenciaradiofonicadominicana.com\/portal\/#\/schema\/logo\/image\/\"},\"sameAs\":[\"https:\/\/web.facebook.com\/PotenciaRadiofonicaD\"]},{\"@type\":\"Person\",\"@id\":\"https:\/\/potenciaradiofonicadominicana.com\/portal\/#\/schema\/person\/a5cf1fea13877803ee0573ac18b03490\",\"name\":\"Potencia Radiof\u00f3nica Dominicana\",\"image\":{\"@type\":\"ImageObject\",\"inLanguage\":\"es\",\"@id\":\"https:\/\/potenciaradiofonicadominicana.com\/portal\/#\/schema\/person\/image\/\",\"url\":\"https:\/\/secure.gravatar.com\/avatar\/42a55ab9e8ccc656ba34cd791990602a?s=96&d=mm&r=g\",\"contentUrl\":\"https:\/\/secure.gravatar.com\/avatar\/42a55ab9e8ccc656ba34cd791990602a?s=96&d=mm&r=g\",\"caption\":\"Potencia Radiof\u00f3nica Dominicana\"},\"url\":\"https:\/\/potenciaradiofonicadominicana.com\/portal\/author\/johannyalmanzar\/\"}]}<\/script>\n<!-- \/ Yoast SEO plugin. -->","yoast_head_json":{"title":"El Gobierno inaugur\u00f3 50 obras construidas por el MOPC - PotenciaRadiofonicaDominicana.com","robots":{"index":"index","follow":"follow","max-snippet":"max-snippet:-1","max-image-preview":"max-image-preview:large","max-video-preview":"max-video-preview:-1"},"canonical":"https:\/\/potenciaradiofonicadominicana.com\/portal\/el-gobierno-inauguro-50-obras-construidas-por-el-mopc\/","og_locale":"es_ES","og_type":"article","og_title":"El Gobierno inaugur\u00f3 50 obras construidas por el MOPC - PotenciaRadiofonicaDominicana.com","og_description":"El Ministerio de Obras P\u00fablicas y Comunicaciones\u00a0 inform\u00f3 que en este\u00a0Gobierno del presidente Luis Abinader ha inaugurado unas 50 obras ...","og_url":"https:\/\/potenciaradiofonicadominicana.com\/portal\/el-gobierno-inauguro-50-obras-construidas-por-el-mopc\/","og_site_name":"PotenciaRadiofonicaDominicana.com","article_publisher":"https:\/\/web.facebook.com\/PotenciaRadiofonicaD","article_published_time":"2022-02-17T13:03:51+00:00","article_modified_time":"2022-02-17T13:04:08+00:00","og_image":[{"width":1410,"height":940,"url":"https:\/\/potenciaradiofonicadominicana.com\/portal\/wp-content\/uploads\/2022\/02\/carretera-turistica.jpg","type":"image\/jpeg"}],"author":"Potencia Radiof\u00f3nica Dominicana","twitter_card":"summary_large_image","twitter_misc":{"Escrito por":"Potencia Radiof\u00f3nica Dominicana","Tiempo de lectura":"2 minutos"},"schema":{"@context":"https:\/\/schema.org","@graph":[{"@type":"Article","@id":"https:\/\/potenciaradiofonicadominicana.com\/portal\/el-gobierno-inauguro-50-obras-construidas-por-el-mopc\/#article","isPartOf":{"@id":"https:\/\/potenciaradiofonicadominicana.com\/portal\/el-gobierno-inauguro-50-obras-construidas-por-el-mopc\/"},"author":{"name":"Potencia Radiof\u00f3nica Dominicana","@id":"https:\/\/potenciaradiofonicadominicana.com\/portal\/#\/schema\/person\/a5cf1fea13877803ee0573ac18b03490"},"headline":"El Gobierno inaugur\u00f3 50 obras construidas por el MOPC","datePublished":"2022-02-17T13:03:51+00:00","dateModified":"2022-02-17T13:04:08+00:00","mainEntityOfPage":{"@id":"https:\/\/potenciaradiofonicadominicana.com\/portal\/el-gobierno-inauguro-50-obras-construidas-por-el-mopc\/"},"wordCount":409,"publisher":{"@id":"https:\/\/potenciaradiofonicadominicana.com\/portal\/#organization"},"image":{"@id":"https:\/\/potenciaradiofonicadominicana.com\/portal\/el-gobierno-inauguro-50-obras-construidas-por-el-mopc\/#primaryimage"},"thumbnailUrl":"https:\/\/potenciaradiofonicadominicana.com\/portal\/wp-content\/uploads\/2022\/02\/carretera-turistica.jpg","articleSection":["Econom\u00eda"],"inLanguage":"es"},{"@type":"WebPage","@id":"https:\/\/potenciaradiofonicadominicana.com\/portal\/el-gobierno-inauguro-50-obras-construidas-por-el-mopc\/","url":"https:\/\/potenciaradiofonicadominicana.com\/portal\/el-gobierno-inauguro-50-obras-construidas-por-el-mopc\/","name":"El Gobierno inaugur\u00f3 50 obras construidas por el MOPC - PotenciaRadiofonicaDominicana.com","isPartOf":{"@id":"https:\/\/potenciaradiofonicadominicana.com\/portal\/#website"},"primaryImageOfPage":{"@id":"https:\/\/potenciaradiofonicadominicana.com\/portal\/el-gobierno-inauguro-50-obras-construidas-por-el-mopc\/#primaryimage"},"image":{"@id":"https:\/\/potenciaradiofonicadominicana.com\/portal\/el-gobierno-inauguro-50-obras-construidas-por-el-mopc\/#primaryimage"},"thumbnailUrl":"https:\/\/potenciaradiofonicadominicana.com\/portal\/wp-content\/uploads\/2022\/02\/carretera-turistica.jpg","datePublished":"2022-02-17T13:03:51+00:00","dateModified":"2022-02-17T13:04:08+00:00","breadcrumb":{"@id":"https:\/\/potenciaradiofonicadominicana.com\/portal\/el-gobierno-inauguro-50-obras-construidas-por-el-mopc\/#breadcrumb"},"inLanguage":"es","potentialAction":[{"@type":"ReadAction","target":["https:\/\/potenciaradiofonicadominicana.com\/portal\/el-gobierno-inauguro-50-obras-construidas-por-el-mopc\/"]}]},{"@type":"ImageObject","inLanguage":"es","@id":"https:\/\/potenciaradiofonicadominicana.com\/portal\/el-gobierno-inauguro-50-obras-construidas-por-el-mopc\/#primaryimage","url":"https:\/\/potenciaradiofonicadominicana.com\/portal\/wp-content\/uploads\/2022\/02\/carretera-turistica.jpg","contentUrl":"https:\/\/potenciaradiofonicadominicana.com\/portal\/wp-content\/uploads\/2022\/02\/carretera-turistica.jpg","width":1410,"height":940},{"@type":"BreadcrumbList","@id":"https:\/\/potenciaradiofonicadominicana.com\/portal\/el-gobierno-inauguro-50-obras-construidas-por-el-mopc\/#breadcrumb","itemListElement":[{"@type":"ListItem","position":1,"name":"Portada","item":"https:\/\/potenciaradiofonicadominicana.com\/portal\/"},{"@type":"ListItem","position":2,"name":"El Gobierno inaugur\u00f3 50 obras construidas por el MOPC"}]},{"@type":"WebSite","@id":"https:\/\/potenciaradiofonicadominicana.com\/portal\/#website","url":"https:\/\/potenciaradiofonicadominicana.com\/portal\/","name":"PotenciaRadiofonicaDominicana.com","description":"Peri\u00f3dico Digital","publisher":{"@id":"https:\/\/potenciaradiofonicadominicana.com\/portal\/#organization"},"potentialAction":[{"@type":"SearchAction","target":{"@type":"EntryPoint","urlTemplate":"https:\/\/potenciaradiofonicadominicana.com\/portal\/?s={search_term_string}"},"query-input":{"@type":"PropertyValueSpecification","valueRequired":true,"valueName":"search_term_string"}}],"inLanguage":"es"},{"@type":"Organization","@id":"https:\/\/potenciaradiofonicadominicana.com\/portal\/#organization","name":"PotenciaRadiofonicaDominicana.com","url":"https:\/\/potenciaradiofonicadominicana.com\/portal\/","logo":{"@type":"ImageObject","inLanguage":"es","@id":"https:\/\/potenciaradiofonicadominicana.com\/portal\/#\/schema\/logo\/image\/","url":"https:\/\/potenciaradiofonicadominicana.com\/portal\/wp-content\/uploads\/2022\/01\/descarga.png","contentUrl":"https:\/\/potenciaradiofonicadominicana.com\/portal\/wp-content\/uploads\/2022\/01\/descarga.png","width":300,"height":100,"caption":"PotenciaRadiofonicaDominicana.com"},"image":{"@id":"https:\/\/potenciaradiofonicadominicana.com\/portal\/#\/schema\/logo\/image\/"},"sameAs":["https:\/\/web.facebook.com\/PotenciaRadiofonicaD"]},{"@type":"Person","@id":"https:\/\/potenciaradiofonicadominicana.com\/portal\/#\/schema\/person\/a5cf1fea13877803ee0573ac18b03490","name":"Potencia Radiof\u00f3nica Dominicana","image":{"@type":"ImageObject","inLanguage":"es","@id":"https:\/\/potenciaradiofonicadominicana.com\/portal\/#\/schema\/person\/image\/","url":"https:\/\/secure.gravatar.com\/avatar\/42a55ab9e8ccc656ba34cd791990602a?s=96&d=mm&r=g","contentUrl":"https:\/\/secure.gravatar.com\/avatar\/42a55ab9e8ccc656ba34cd791990602a?s=96&d=mm&r=g","caption":"Potencia Radiof\u00f3nica Dominicana"},"url":"https:\/\/potenciaradiofonicadominicana.com\/portal\/author\/johannyalmanzar\/"}]}},"_links":{"self":[{"href":"https:\/\/potenciaradiofonicadominicana.com\/portal\/wp-json\/wp\/v2\/posts\/116959","targetHints":{"allow":["GET"]}}],"collection":[{"href":"https:\/\/potenciaradiofonicadominicana.com\/portal\/wp-json\/wp\/v2\/posts"}],"about":[{"href":"https:\/\/potenciaradiofonicadominicana.com\/portal\/wp-json\/wp\/v2\/types\/post"}],"author":[{"embeddable":true,"href":"https:\/\/potenciaradiofonicadominicana.com\/portal\/wp-json\/wp\/v2\/users\/2"}],"replies":[{"embeddable":true,"href":"https:\/\/potenciaradiofonicadominicana.com\/portal\/wp-json\/wp\/v2\/comments?post=116959"}],"version-history":[{"count":1,"href":"https:\/\/potenciaradiofonicadominicana.com\/portal\/wp-json\/wp\/v2\/posts\/116959\/revisions"}],"predecessor-version":[{"id":116964,"href":"https:\/\/potenciaradiofonicadominicana.com\/portal\/wp-json\/wp\/v2\/posts\/116959\/revisions\/116964"}],"wp:featuredmedia":[{"embeddable":true,"href":"https:\/\/potenciaradiofonicadominicana.com\/portal\/wp-json\/wp\/v2\/media\/116961"}],"wp:attachment":[{"href":"https:\/\/potenciaradiofonicadominicana.com\/portal\/wp-json\/wp\/v2\/media?parent=116959"}],"wp:term":[{"taxonomy":"category","embeddable":true,"href":"https:\/\/potenciaradiofonicadominicana.com\/portal\/wp-json\/wp\/v2\/categories?post=116959"},{"taxonomy":"post_tag","embeddable":true,"href":"https:\/\/potenciaradiofonicadominicana.com\/portal\/wp-json\/wp\/v2\/tags?post=116959"}],"curies":[{"name":"wp","href":"https:\/\/api.w.org\/{rel}","templated":true}]}}