{"id":116951,"date":"2022-02-17T08:59:34","date_gmt":"2022-02-17T12:59:34","guid":{"rendered":"https:\/\/potenciaradiofonicadominicana.com\/portal\/?p=116951"},"modified":"2022-02-17T08:59:34","modified_gmt":"2022-02-17T12:59:34","slug":"pro-consumidor-hara-operativos-para-detectar-especulacion-en-colmados-y-otros-comercios","status":"publish","type":"post","link":"https:\/\/potenciaradiofonicadominicana.com\/portal\/pro-consumidor-hara-operativos-para-detectar-especulacion-en-colmados-y-otros-comercios\/","title":{"rendered":"Pro Consumidor har\u00e1 operativos para detectar especulaci\u00f3n en colmados y otros comercios"},"content":{"rendered":"<p><a href=\"https:\/\/potenciaradiofonicadominicana.com\/portal\/wp-content\/uploads\/2022\/02\/alimentos-97f343e6-focus-0-0-895-573.jpg\"><img loading=\"lazy\" decoding=\"async\" class=\"alignnone size-full wp-image-116952\" src=\"https:\/\/potenciaradiofonicadominicana.com\/portal\/wp-content\/uploads\/2022\/02\/alimentos-97f343e6-focus-0-0-895-573.jpg\" alt=\"\" width=\"895\" height=\"573\" srcset=\"https:\/\/potenciaradiofonicadominicana.com\/portal\/wp-content\/uploads\/2022\/02\/alimentos-97f343e6-focus-0-0-895-573.jpg 895w, https:\/\/potenciaradiofonicadominicana.com\/portal\/wp-content\/uploads\/2022\/02\/alimentos-97f343e6-focus-0-0-895-573-300x192.jpg 300w, https:\/\/potenciaradiofonicadominicana.com\/portal\/wp-content\/uploads\/2022\/02\/alimentos-97f343e6-focus-0-0-895-573-768x492.jpg 768w\" sizes=\"auto, (max-width: 895px) 100vw, 895px\" \/><\/a><\/p>\n<p>Ante las constantes denuncias sobre este tema, el director ejecutivo del Instituto Nacional de Protecci\u00f3n de los Derechos del Consumidor (Pro Consumidor),\u00a0Eddy Alc\u00e1ntara, dijo a\u00a0<em>Diario Libre<\/em>\u00a0que no existe raz\u00f3n para que los precios sean tan diferentes entre los establecimientos.<\/p>\n<p>\u201cLa preocupaci\u00f3n existe. No hay raz\u00f3n para que los\u00a0colmados\u00a0est\u00e9n obteniendo m\u00e1rgenes con tanta amplitud, independiente de que haya libre mercado, porque hay que pensar, no solamente en los beneficios individuales, sino tambi\u00e9n en la situaci\u00f3n universal econ\u00f3mica por la que estamos atravesando, y que el pa\u00eds necesita la colaboraci\u00f3n de todos los sectores productivos\u201d, expres\u00f3 el funcionario.<\/p>\n<p>Dijo que, a partir del pr\u00f3ximo lunes 21 de febrero, se iniciar\u00e1n operativos para comprobar si hay alg\u00fan tipo de especulaci\u00f3n comercial, no de precios, porque en Rep\u00fablica Dominicana hay libre mercado.<\/p>\n<p>\u201cEn caso de que nosotros podamos comprobar de que existe alg\u00fan tipo de especulaci\u00f3n procurando mayores beneficios en el mercado, nosotros ah\u00ed podemos intervenir. Esos productos, de los cuales la mayor\u00eda de los dominicanos se han quejado en las diferentes plataformas de\u00a0Pro Consumidor\u00a0y algunos de manera presencial, son los productos que corresponden a la canasta b\u00e1sica\u201d, expres\u00f3.<\/p>\n<p>A\u00f1adi\u00f3 que siempre ha habido diferencias entre los precios de\u00a0colmados,\u00a0supermercados\u00a0y mercados, pero ahora, al ver lo amplio que es el aumento entre los\u00a0colmados\u00a0y dem\u00e1s centros de comercializaci\u00f3n de productos de la canasta b\u00e1sica, ha llamado la atenci\u00f3n de\u00a0Pro Consumidor.<\/p>\n<div class=\"my-12 component web-insert relative border bg-component\"><span class=\"text-xl block my-3 component-title glosa\"><strong>Colmados<\/strong><\/span>De acuerdo a datos obtenidos por Diario Libre, en la Rep\u00fablica Dominicana existen m\u00e1s de 75,000 colmados, con un promedio de tres empleados. Una de las desventajas que tienen los colmados ante los supermercados y mercados es el volumen de compra y venta. Adem\u00e1s, que el producto, antes de llegar al colmado, pasa por varios manos que al final impacta en los precios al consumidor final.<\/p>\n<\/div>\n","protected":false},"excerpt":{"rendered":"<p>Ante las constantes denuncias sobre este tema, el director ejecutivo del Instituto Nacional de Protecci\u00f3n de los Derechos del Consumidor &#8230;<\/p>\n","protected":false},"author":2,"featured_media":116952,"comment_status":"closed","ping_status":"closed","sticky":false,"template":"","format":"standard","meta":{"footnotes":""},"categories":[26],"tags":[],"class_list":["post-116951","post","type-post","status-publish","format-standard","has-post-thumbnail","hentry","category-economia"],"yoast_head":"<!-- This site is optimized with the Yoast SEO plugin v24.8.1 - https:\/\/yoast.com\/wordpress\/plugins\/seo\/ -->\n<title>Pro Consumidor har\u00e1 operativos para detectar especulaci\u00f3n en colmados y otros comercios - PotenciaRadiofonicaDominicana.com<\/title>\n<meta name=\"robots\" content=\"index, follow, max-snippet:-1, max-image-preview:large, max-video-preview:-1\" \/>\n<link rel=\"canonical\" href=\"https:\/\/potenciaradiofonicadominicana.com\/portal\/pro-consumidor-hara-operativos-para-detectar-especulacion-en-colmados-y-otros-comercios\/\" \/>\n<meta property=\"og:locale\" content=\"es_ES\" \/>\n<meta property=\"og:type\" content=\"article\" \/>\n<meta property=\"og:title\" content=\"Pro Consumidor har\u00e1 operativos para detectar especulaci\u00f3n en colmados y otros comercios - PotenciaRadiofonicaDominicana.com\" \/>\n<meta property=\"og:description\" content=\"Ante las constantes denuncias sobre este tema, el director ejecutivo del Instituto Nacional de Protecci\u00f3n de los Derechos del Consumidor ...\" \/>\n<meta property=\"og:url\" content=\"https:\/\/potenciaradiofonicadominicana.com\/portal\/pro-consumidor-hara-operativos-para-detectar-especulacion-en-colmados-y-otros-comercios\/\" \/>\n<meta property=\"og:site_name\" content=\"PotenciaRadiofonicaDominicana.com\" \/>\n<meta property=\"article:publisher\" content=\"https:\/\/web.facebook.com\/PotenciaRadiofonicaD\" \/>\n<meta property=\"article:published_time\" content=\"2022-02-17T12:59:34+00:00\" \/>\n<meta property=\"og:image\" content=\"https:\/\/potenciaradiofonicadominicana.com\/portal\/wp-content\/uploads\/2022\/02\/alimentos-97f343e6-focus-0-0-895-573.jpg\" \/>\n\t<meta property=\"og:image:width\" content=\"895\" \/>\n\t<meta property=\"og:image:height\" content=\"573\" \/>\n\t<meta property=\"og:image:type\" content=\"image\/jpeg\" \/>\n<meta name=\"author\" content=\"Potencia Radiof\u00f3nica Dominicana\" \/>\n<meta name=\"twitter:card\" content=\"summary_large_image\" \/>\n<meta name=\"twitter:label1\" content=\"Escrito por\" \/>\n\t<meta name=\"twitter:data1\" content=\"Potencia Radiof\u00f3nica Dominicana\" \/>\n\t<meta name=\"twitter:label2\" content=\"Tiempo de lectura\" \/>\n\t<meta name=\"twitter:data2\" content=\"2 minutos\" \/>\n<script type=\"application\/ld+json\" class=\"yoast-schema-graph\">{\"@context\":\"https:\/\/schema.org\",\"@graph\":[{\"@type\":\"Article\",\"@id\":\"https:\/\/potenciaradiofonicadominicana.com\/portal\/pro-consumidor-hara-operativos-para-detectar-especulacion-en-colmados-y-otros-comercios\/#article\",\"isPartOf\":{\"@id\":\"https:\/\/potenciaradiofonicadominicana.com\/portal\/pro-consumidor-hara-operativos-para-detectar-especulacion-en-colmados-y-otros-comercios\/\"},\"author\":{\"name\":\"Potencia Radiof\u00f3nica Dominicana\",\"@id\":\"https:\/\/potenciaradiofonicadominicana.com\/portal\/#\/schema\/person\/a5cf1fea13877803ee0573ac18b03490\"},\"headline\":\"Pro Consumidor har\u00e1 operativos para detectar especulaci\u00f3n en colmados y otros comercios\",\"datePublished\":\"2022-02-17T12:59:34+00:00\",\"mainEntityOfPage\":{\"@id\":\"https:\/\/potenciaradiofonicadominicana.com\/portal\/pro-consumidor-hara-operativos-para-detectar-especulacion-en-colmados-y-otros-comercios\/\"},\"wordCount\":344,\"publisher\":{\"@id\":\"https:\/\/potenciaradiofonicadominicana.com\/portal\/#organization\"},\"image\":{\"@id\":\"https:\/\/potenciaradiofonicadominicana.com\/portal\/pro-consumidor-hara-operativos-para-detectar-especulacion-en-colmados-y-otros-comercios\/#primaryimage\"},\"thumbnailUrl\":\"https:\/\/potenciaradiofonicadominicana.com\/portal\/wp-content\/uploads\/2022\/02\/alimentos-97f343e6-focus-0-0-895-573.jpg\",\"articleSection\":[\"Econom\u00eda\"],\"inLanguage\":\"es\"},{\"@type\":\"WebPage\",\"@id\":\"https:\/\/potenciaradiofonicadominicana.com\/portal\/pro-consumidor-hara-operativos-para-detectar-especulacion-en-colmados-y-otros-comercios\/\",\"url\":\"https:\/\/potenciaradiofonicadominicana.com\/portal\/pro-consumidor-hara-operativos-para-detectar-especulacion-en-colmados-y-otros-comercios\/\",\"name\":\"Pro Consumidor har\u00e1 operativos para detectar especulaci\u00f3n en colmados y otros comercios - PotenciaRadiofonicaDominicana.com\",\"isPartOf\":{\"@id\":\"https:\/\/potenciaradiofonicadominicana.com\/portal\/#website\"},\"primaryImageOfPage\":{\"@id\":\"https:\/\/potenciaradiofonicadominicana.com\/portal\/pro-consumidor-hara-operativos-para-detectar-especulacion-en-colmados-y-otros-comercios\/#primaryimage\"},\"image\":{\"@id\":\"https:\/\/potenciaradiofonicadominicana.com\/portal\/pro-consumidor-hara-operativos-para-detectar-especulacion-en-colmados-y-otros-comercios\/#primaryimage\"},\"thumbnailUrl\":\"https:\/\/potenciaradiofonicadominicana.com\/portal\/wp-content\/uploads\/2022\/02\/alimentos-97f343e6-focus-0-0-895-573.jpg\",\"datePublished\":\"2022-02-17T12:59:34+00:00\",\"breadcrumb\":{\"@id\":\"https:\/\/potenciaradiofonicadominicana.com\/portal\/pro-consumidor-hara-operativos-para-detectar-especulacion-en-colmados-y-otros-comercios\/#breadcrumb\"},\"inLanguage\":\"es\",\"potentialAction\":[{\"@type\":\"ReadAction\",\"target\":[\"https:\/\/potenciaradiofonicadominicana.com\/portal\/pro-consumidor-hara-operativos-para-detectar-especulacion-en-colmados-y-otros-comercios\/\"]}]},{\"@type\":\"ImageObject\",\"inLanguage\":\"es\",\"@id\":\"https:\/\/potenciaradiofonicadominicana.com\/portal\/pro-consumidor-hara-operativos-para-detectar-especulacion-en-colmados-y-otros-comercios\/#primaryimage\",\"url\":\"https:\/\/potenciaradiofonicadominicana.com\/portal\/wp-content\/uploads\/2022\/02\/alimentos-97f343e6-focus-0-0-895-573.jpg\",\"contentUrl\":\"https:\/\/potenciaradiofonicadominicana.com\/portal\/wp-content\/uploads\/2022\/02\/alimentos-97f343e6-focus-0-0-895-573.jpg\",\"width\":895,\"height\":573},{\"@type\":\"BreadcrumbList\",\"@id\":\"https:\/\/potenciaradiofonicadominicana.com\/portal\/pro-consumidor-hara-operativos-para-detectar-especulacion-en-colmados-y-otros-comercios\/#breadcrumb\",\"itemListElement\":[{\"@type\":\"ListItem\",\"position\":1,\"name\":\"Portada\",\"item\":\"https:\/\/potenciaradiofonicadominicana.com\/portal\/\"},{\"@type\":\"ListItem\",\"position\":2,\"name\":\"Pro Consumidor har\u00e1 operativos para detectar especulaci\u00f3n en colmados y otros comercios\"}]},{\"@type\":\"WebSite\",\"@id\":\"https:\/\/potenciaradiofonicadominicana.com\/portal\/#website\",\"url\":\"https:\/\/potenciaradiofonicadominicana.com\/portal\/\",\"name\":\"PotenciaRadiofonicaDominicana.com\",\"description\":\"Peri\u00f3dico Digital\",\"publisher\":{\"@id\":\"https:\/\/potenciaradiofonicadominicana.com\/portal\/#organization\"},\"potentialAction\":[{\"@type\":\"SearchAction\",\"target\":{\"@type\":\"EntryPoint\",\"urlTemplate\":\"https:\/\/potenciaradiofonicadominicana.com\/portal\/?s={search_term_string}\"},\"query-input\":{\"@type\":\"PropertyValueSpecification\",\"valueRequired\":true,\"valueName\":\"search_term_string\"}}],\"inLanguage\":\"es\"},{\"@type\":\"Organization\",\"@id\":\"https:\/\/potenciaradiofonicadominicana.com\/portal\/#organization\",\"name\":\"PotenciaRadiofonicaDominicana.com\",\"url\":\"https:\/\/potenciaradiofonicadominicana.com\/portal\/\",\"logo\":{\"@type\":\"ImageObject\",\"inLanguage\":\"es\",\"@id\":\"https:\/\/potenciaradiofonicadominicana.com\/portal\/#\/schema\/logo\/image\/\",\"url\":\"https:\/\/potenciaradiofonicadominicana.com\/portal\/wp-content\/uploads\/2022\/01\/descarga.png\",\"contentUrl\":\"https:\/\/potenciaradiofonicadominicana.com\/portal\/wp-content\/uploads\/2022\/01\/descarga.png\",\"width\":300,\"height\":100,\"caption\":\"PotenciaRadiofonicaDominicana.com\"},\"image\":{\"@id\":\"https:\/\/potenciaradiofonicadominicana.com\/portal\/#\/schema\/logo\/image\/\"},\"sameAs\":[\"https:\/\/web.facebook.com\/PotenciaRadiofonicaD\"]},{\"@type\":\"Person\",\"@id\":\"https:\/\/potenciaradiofonicadominicana.com\/portal\/#\/schema\/person\/a5cf1fea13877803ee0573ac18b03490\",\"name\":\"Potencia Radiof\u00f3nica Dominicana\",\"image\":{\"@type\":\"ImageObject\",\"inLanguage\":\"es\",\"@id\":\"https:\/\/potenciaradiofonicadominicana.com\/portal\/#\/schema\/person\/image\/\",\"url\":\"https:\/\/secure.gravatar.com\/avatar\/42a55ab9e8ccc656ba34cd791990602a?s=96&d=mm&r=g\",\"contentUrl\":\"https:\/\/secure.gravatar.com\/avatar\/42a55ab9e8ccc656ba34cd791990602a?s=96&d=mm&r=g\",\"caption\":\"Potencia Radiof\u00f3nica Dominicana\"},\"url\":\"https:\/\/potenciaradiofonicadominicana.com\/portal\/author\/johannyalmanzar\/\"}]}<\/script>\n<!-- \/ Yoast SEO plugin. -->","yoast_head_json":{"title":"Pro Consumidor har\u00e1 operativos para detectar especulaci\u00f3n en colmados y otros comercios - PotenciaRadiofonicaDominicana.com","robots":{"index":"index","follow":"follow","max-snippet":"max-snippet:-1","max-image-preview":"max-image-preview:large","max-video-preview":"max-video-preview:-1"},"canonical":"https:\/\/potenciaradiofonicadominicana.com\/portal\/pro-consumidor-hara-operativos-para-detectar-especulacion-en-colmados-y-otros-comercios\/","og_locale":"es_ES","og_type":"article","og_title":"Pro Consumidor har\u00e1 operativos para detectar especulaci\u00f3n en colmados y otros comercios - PotenciaRadiofonicaDominicana.com","og_description":"Ante las constantes denuncias sobre este tema, el director ejecutivo del Instituto Nacional de Protecci\u00f3n de los Derechos del Consumidor ...","og_url":"https:\/\/potenciaradiofonicadominicana.com\/portal\/pro-consumidor-hara-operativos-para-detectar-especulacion-en-colmados-y-otros-comercios\/","og_site_name":"PotenciaRadiofonicaDominicana.com","article_publisher":"https:\/\/web.facebook.com\/PotenciaRadiofonicaD","article_published_time":"2022-02-17T12:59:34+00:00","og_image":[{"width":895,"height":573,"url":"https:\/\/potenciaradiofonicadominicana.com\/portal\/wp-content\/uploads\/2022\/02\/alimentos-97f343e6-focus-0-0-895-573.jpg","type":"image\/jpeg"}],"author":"Potencia Radiof\u00f3nica Dominicana","twitter_card":"summary_large_image","twitter_misc":{"Escrito por":"Potencia Radiof\u00f3nica Dominicana","Tiempo de lectura":"2 minutos"},"schema":{"@context":"https:\/\/schema.org","@graph":[{"@type":"Article","@id":"https:\/\/potenciaradiofonicadominicana.com\/portal\/pro-consumidor-hara-operativos-para-detectar-especulacion-en-colmados-y-otros-comercios\/#article","isPartOf":{"@id":"https:\/\/potenciaradiofonicadominicana.com\/portal\/pro-consumidor-hara-operativos-para-detectar-especulacion-en-colmados-y-otros-comercios\/"},"author":{"name":"Potencia Radiof\u00f3nica Dominicana","@id":"https:\/\/potenciaradiofonicadominicana.com\/portal\/#\/schema\/person\/a5cf1fea13877803ee0573ac18b03490"},"headline":"Pro Consumidor har\u00e1 operativos para detectar especulaci\u00f3n en colmados y otros comercios","datePublished":"2022-02-17T12:59:34+00:00","mainEntityOfPage":{"@id":"https:\/\/potenciaradiofonicadominicana.com\/portal\/pro-consumidor-hara-operativos-para-detectar-especulacion-en-colmados-y-otros-comercios\/"},"wordCount":344,"publisher":{"@id":"https:\/\/potenciaradiofonicadominicana.com\/portal\/#organization"},"image":{"@id":"https:\/\/potenciaradiofonicadominicana.com\/portal\/pro-consumidor-hara-operativos-para-detectar-especulacion-en-colmados-y-otros-comercios\/#primaryimage"},"thumbnailUrl":"https:\/\/potenciaradiofonicadominicana.com\/portal\/wp-content\/uploads\/2022\/02\/alimentos-97f343e6-focus-0-0-895-573.jpg","articleSection":["Econom\u00eda"],"inLanguage":"es"},{"@type":"WebPage","@id":"https:\/\/potenciaradiofonicadominicana.com\/portal\/pro-consumidor-hara-operativos-para-detectar-especulacion-en-colmados-y-otros-comercios\/","url":"https:\/\/potenciaradiofonicadominicana.com\/portal\/pro-consumidor-hara-operativos-para-detectar-especulacion-en-colmados-y-otros-comercios\/","name":"Pro Consumidor har\u00e1 operativos para detectar especulaci\u00f3n en colmados y otros comercios - PotenciaRadiofonicaDominicana.com","isPartOf":{"@id":"https:\/\/potenciaradiofonicadominicana.com\/portal\/#website"},"primaryImageOfPage":{"@id":"https:\/\/potenciaradiofonicadominicana.com\/portal\/pro-consumidor-hara-operativos-para-detectar-especulacion-en-colmados-y-otros-comercios\/#primaryimage"},"image":{"@id":"https:\/\/potenciaradiofonicadominicana.com\/portal\/pro-consumidor-hara-operativos-para-detectar-especulacion-en-colmados-y-otros-comercios\/#primaryimage"},"thumbnailUrl":"https:\/\/potenciaradiofonicadominicana.com\/portal\/wp-content\/uploads\/2022\/02\/alimentos-97f343e6-focus-0-0-895-573.jpg","datePublished":"2022-02-17T12:59:34+00:00","breadcrumb":{"@id":"https:\/\/potenciaradiofonicadominicana.com\/portal\/pro-consumidor-hara-operativos-para-detectar-especulacion-en-colmados-y-otros-comercios\/#breadcrumb"},"inLanguage":"es","potentialAction":[{"@type":"ReadAction","target":["https:\/\/potenciaradiofonicadominicana.com\/portal\/pro-consumidor-hara-operativos-para-detectar-especulacion-en-colmados-y-otros-comercios\/"]}]},{"@type":"ImageObject","inLanguage":"es","@id":"https:\/\/potenciaradiofonicadominicana.com\/portal\/pro-consumidor-hara-operativos-para-detectar-especulacion-en-colmados-y-otros-comercios\/#primaryimage","url":"https:\/\/potenciaradiofonicadominicana.com\/portal\/wp-content\/uploads\/2022\/02\/alimentos-97f343e6-focus-0-0-895-573.jpg","contentUrl":"https:\/\/potenciaradiofonicadominicana.com\/portal\/wp-content\/uploads\/2022\/02\/alimentos-97f343e6-focus-0-0-895-573.jpg","width":895,"height":573},{"@type":"BreadcrumbList","@id":"https:\/\/potenciaradiofonicadominicana.com\/portal\/pro-consumidor-hara-operativos-para-detectar-especulacion-en-colmados-y-otros-comercios\/#breadcrumb","itemListElement":[{"@type":"ListItem","position":1,"name":"Portada","item":"https:\/\/potenciaradiofonicadominicana.com\/portal\/"},{"@type":"ListItem","position":2,"name":"Pro Consumidor har\u00e1 operativos para detectar especulaci\u00f3n en colmados y otros comercios"}]},{"@type":"WebSite","@id":"https:\/\/potenciaradiofonicadominicana.com\/portal\/#website","url":"https:\/\/potenciaradiofonicadominicana.com\/portal\/","name":"PotenciaRadiofonicaDominicana.com","description":"Peri\u00f3dico Digital","publisher":{"@id":"https:\/\/potenciaradiofonicadominicana.com\/portal\/#organization"},"potentialAction":[{"@type":"SearchAction","target":{"@type":"EntryPoint","urlTemplate":"https:\/\/potenciaradiofonicadominicana.com\/portal\/?s={search_term_string}"},"query-input":{"@type":"PropertyValueSpecification","valueRequired":true,"valueName":"search_term_string"}}],"inLanguage":"es"},{"@type":"Organization","@id":"https:\/\/potenciaradiofonicadominicana.com\/portal\/#organization","name":"PotenciaRadiofonicaDominicana.com","url":"https:\/\/potenciaradiofonicadominicana.com\/portal\/","logo":{"@type":"ImageObject","inLanguage":"es","@id":"https:\/\/potenciaradiofonicadominicana.com\/portal\/#\/schema\/logo\/image\/","url":"https:\/\/potenciaradiofonicadominicana.com\/portal\/wp-content\/uploads\/2022\/01\/descarga.png","contentUrl":"https:\/\/potenciaradiofonicadominicana.com\/portal\/wp-content\/uploads\/2022\/01\/descarga.png","width":300,"height":100,"caption":"PotenciaRadiofonicaDominicana.com"},"image":{"@id":"https:\/\/potenciaradiofonicadominicana.com\/portal\/#\/schema\/logo\/image\/"},"sameAs":["https:\/\/web.facebook.com\/PotenciaRadiofonicaD"]},{"@type":"Person","@id":"https:\/\/potenciaradiofonicadominicana.com\/portal\/#\/schema\/person\/a5cf1fea13877803ee0573ac18b03490","name":"Potencia Radiof\u00f3nica Dominicana","image":{"@type":"ImageObject","inLanguage":"es","@id":"https:\/\/potenciaradiofonicadominicana.com\/portal\/#\/schema\/person\/image\/","url":"https:\/\/secure.gravatar.com\/avatar\/42a55ab9e8ccc656ba34cd791990602a?s=96&d=mm&r=g","contentUrl":"https:\/\/secure.gravatar.com\/avatar\/42a55ab9e8ccc656ba34cd791990602a?s=96&d=mm&r=g","caption":"Potencia Radiof\u00f3nica Dominicana"},"url":"https:\/\/potenciaradiofonicadominicana.com\/portal\/author\/johannyalmanzar\/"}]}},"_links":{"self":[{"href":"https:\/\/potenciaradiofonicadominicana.com\/portal\/wp-json\/wp\/v2\/posts\/116951","targetHints":{"allow":["GET"]}}],"collection":[{"href":"https:\/\/potenciaradiofonicadominicana.com\/portal\/wp-json\/wp\/v2\/posts"}],"about":[{"href":"https:\/\/potenciaradiofonicadominicana.com\/portal\/wp-json\/wp\/v2\/types\/post"}],"author":[{"embeddable":true,"href":"https:\/\/potenciaradiofonicadominicana.com\/portal\/wp-json\/wp\/v2\/users\/2"}],"replies":[{"embeddable":true,"href":"https:\/\/potenciaradiofonicadominicana.com\/portal\/wp-json\/wp\/v2\/comments?post=116951"}],"version-history":[{"count":1,"href":"https:\/\/potenciaradiofonicadominicana.com\/portal\/wp-json\/wp\/v2\/posts\/116951\/revisions"}],"predecessor-version":[{"id":116953,"href":"https:\/\/potenciaradiofonicadominicana.com\/portal\/wp-json\/wp\/v2\/posts\/116951\/revisions\/116953"}],"wp:featuredmedia":[{"embeddable":true,"href":"https:\/\/potenciaradiofonicadominicana.com\/portal\/wp-json\/wp\/v2\/media\/116952"}],"wp:attachment":[{"href":"https:\/\/potenciaradiofonicadominicana.com\/portal\/wp-json\/wp\/v2\/media?parent=116951"}],"wp:term":[{"taxonomy":"category","embeddable":true,"href":"https:\/\/potenciaradiofonicadominicana.com\/portal\/wp-json\/wp\/v2\/categories?post=116951"},{"taxonomy":"post_tag","embeddable":true,"href":"https:\/\/potenciaradiofonicadominicana.com\/portal\/wp-json\/wp\/v2\/tags?post=116951"}],"curies":[{"name":"wp","href":"https:\/\/api.w.org\/{rel}","templated":true}]}}