{"id":116948,"date":"2022-02-17T08:57:28","date_gmt":"2022-02-17T12:57:28","guid":{"rendered":"https:\/\/potenciaradiofonicadominicana.com\/portal\/?p=116948"},"modified":"2022-02-17T08:57:28","modified_gmt":"2022-02-17T12:57:28","slug":"didi-y-uber-opinan-sobre-reglamento-que-gravaria-con-itbis-los-servicios-digitales","status":"publish","type":"post","link":"https:\/\/potenciaradiofonicadominicana.com\/portal\/didi-y-uber-opinan-sobre-reglamento-que-gravaria-con-itbis-los-servicios-digitales\/","title":{"rendered":"DiDi y Uber opinan sobre reglamento que gravar\u00eda con ITBIS los servicios digitales"},"content":{"rendered":"<p><a href=\"https:\/\/potenciaradiofonicadominicana.com\/portal\/wp-content\/uploads\/2022\/02\/didi-45abb9d0-focus-min0.4-min0.09-895-573.jpg\"><img loading=\"lazy\" decoding=\"async\" class=\"alignnone size-full wp-image-116949\" src=\"https:\/\/potenciaradiofonicadominicana.com\/portal\/wp-content\/uploads\/2022\/02\/didi-45abb9d0-focus-min0.4-min0.09-895-573.jpg\" alt=\"\" width=\"895\" height=\"573\" srcset=\"https:\/\/potenciaradiofonicadominicana.com\/portal\/wp-content\/uploads\/2022\/02\/didi-45abb9d0-focus-min0.4-min0.09-895-573.jpg 895w, https:\/\/potenciaradiofonicadominicana.com\/portal\/wp-content\/uploads\/2022\/02\/didi-45abb9d0-focus-min0.4-min0.09-895-573-300x192.jpg 300w, https:\/\/potenciaradiofonicadominicana.com\/portal\/wp-content\/uploads\/2022\/02\/didi-45abb9d0-focus-min0.4-min0.09-895-573-768x492.jpg 768w\" sizes=\"auto, (max-width: 895px) 100vw, 895px\" \/><\/a><\/p>\n<p>La oficina regional de la empresa de transporte china DiDi comunic\u00f3 hoy que se encuentra analizando la propuesta de la\u00a0Direcci\u00f3n General de Impuestos Internos\u00a0(DGII) que gravar\u00eda con un 18 % de\u00a0ITBIS\u00a0(impuesto sobre transferencias de bienes industrializados y servicios) los servicios que se ofrecen a trav\u00e9s de\u00a0plataformas digitales.<\/p>\n<p>La empresa, una de las que ser\u00eda afectada con la posible entrada en vigencia del Reglamento -en fase de discusi\u00f3n- para la aplicaci\u00f3n del\u00a0ITBIS\u00a0a los servicios digitales captados en la Rep\u00fablica Dominicana y que son prestados por proveedores del exterior, indic\u00f3 que una valoraci\u00f3n de un tema t\u00e9cnico como este a\u00fan es prematura.<\/p>\n<p>\u201cEstamos en la fase inicial de consulta p\u00fablica sobre el texto preparado por la\u00a0Direcci\u00f3n General de Impuestos Internos\u201d, se\u00f1al\u00f3 DiDi.<\/p>\n<p>La compa\u00f1\u00eda estadounidense de transporte Uber asegur\u00f3 hoy que est\u00e1 debidamente constituida y que, como cualquier otra empresa en este pa\u00eds, est\u00e1 registrada en la\u00a0DGII\u00a0y cumple con el pago del impuesto sobre la renta y del\u00a0ITBIS.<\/p>\n<p>\u201cBuscamos ser un aliado de los gobiernos en los pa\u00edses donde la app (aplicaci\u00f3n m\u00f3vil) se encuentra disponible, y desde nuestra llegada al pa\u00eds hemos cumplido responsablemente con todas las obligaciones tributarias que la ley exige, y as\u00ed continuaremos\u201d, declar\u00f3.<\/p>\n<p>La\u00a0DGII\u00a0establece que los contribuyentes, en este caso las\u00a0plataformas digitales, tributar\u00e1n de manera virtual, presentando el\u00a0ITBIS\u00a0mediante una declaraci\u00f3n especial que deber\u00e1 ser liquidada antes de los d\u00edas 20 de cada mes.<\/p>\n<h4>Recomendaciones de la OCDE<\/h4>\n<p>El mecanismo que pretende implementar la\u00a0DGII\u00a0se asimila a las recomendaciones hechas por la Organizaci\u00f3n para la Cooperaci\u00f3n y el Desarrollo Econ\u00f3micos\u00a0(OCDE) para abordar los desaf\u00edos del comercio electr\u00f3nico en materia de impuesto al valor agrega (IVA) o\u00a0ITBIS, en el caso dominicano.<\/p>\n<p>La OCDE recomienda que se garantice la recaudaci\u00f3n eficaz del\u00a0ITBIS\u00a0sobre las ventas en l\u00ednea de bienes, servicios y productos digitales por parte de proveedores en l\u00ednea no residentes mediante un mecanismo electr\u00f3nico de registro y recaudaci\u00f3n simplificados.<\/p>\n<p>Adem\u00e1s, aumentar la eficacia de la recaudaci\u00f3n del IVA por medio de exigir a los operadores de\u00a0plataformas digitales, las cuales dominan en gran medida el comercio digital mundial, que recauden y paguen este tributo correspondiente a las ventas realizadas a trav\u00e9s de sus respectivas plataformas.<\/p>\n","protected":false},"excerpt":{"rendered":"<p>La oficina regional de la empresa de transporte china DiDi comunic\u00f3 hoy que se encuentra analizando la propuesta de la\u00a0Direcci\u00f3n &#8230;<\/p>\n","protected":false},"author":2,"featured_media":116949,"comment_status":"closed","ping_status":"closed","sticky":false,"template":"","format":"standard","meta":{"footnotes":""},"categories":[26],"tags":[],"class_list":["post-116948","post","type-post","status-publish","format-standard","has-post-thumbnail","hentry","category-economia"],"yoast_head":"<!-- This site is optimized with the Yoast SEO plugin v24.8.1 - https:\/\/yoast.com\/wordpress\/plugins\/seo\/ -->\n<title>DiDi y Uber opinan sobre reglamento que gravar\u00eda con ITBIS los servicios digitales - PotenciaRadiofonicaDominicana.com<\/title>\n<meta name=\"robots\" content=\"index, follow, max-snippet:-1, max-image-preview:large, max-video-preview:-1\" \/>\n<link rel=\"canonical\" href=\"https:\/\/potenciaradiofonicadominicana.com\/portal\/didi-y-uber-opinan-sobre-reglamento-que-gravaria-con-itbis-los-servicios-digitales\/\" \/>\n<meta property=\"og:locale\" content=\"es_ES\" \/>\n<meta property=\"og:type\" content=\"article\" \/>\n<meta property=\"og:title\" content=\"DiDi y Uber opinan sobre reglamento que gravar\u00eda con ITBIS los servicios digitales - PotenciaRadiofonicaDominicana.com\" \/>\n<meta property=\"og:description\" content=\"La oficina regional de la empresa de transporte china DiDi comunic\u00f3 hoy que se encuentra analizando la propuesta de la\u00a0Direcci\u00f3n ...\" \/>\n<meta property=\"og:url\" content=\"https:\/\/potenciaradiofonicadominicana.com\/portal\/didi-y-uber-opinan-sobre-reglamento-que-gravaria-con-itbis-los-servicios-digitales\/\" \/>\n<meta property=\"og:site_name\" content=\"PotenciaRadiofonicaDominicana.com\" \/>\n<meta property=\"article:publisher\" content=\"https:\/\/web.facebook.com\/PotenciaRadiofonicaD\" \/>\n<meta property=\"article:published_time\" content=\"2022-02-17T12:57:28+00:00\" \/>\n<meta property=\"og:image\" content=\"https:\/\/potenciaradiofonicadominicana.com\/portal\/wp-content\/uploads\/2022\/02\/didi-45abb9d0-focus-min0.4-min0.09-895-573.jpg\" \/>\n\t<meta property=\"og:image:width\" content=\"895\" \/>\n\t<meta property=\"og:image:height\" content=\"573\" \/>\n\t<meta property=\"og:image:type\" content=\"image\/jpeg\" \/>\n<meta name=\"author\" content=\"Potencia Radiof\u00f3nica Dominicana\" \/>\n<meta name=\"twitter:card\" content=\"summary_large_image\" \/>\n<meta name=\"twitter:label1\" content=\"Escrito por\" \/>\n\t<meta name=\"twitter:data1\" content=\"Potencia Radiof\u00f3nica Dominicana\" \/>\n\t<meta name=\"twitter:label2\" content=\"Tiempo de lectura\" \/>\n\t<meta name=\"twitter:data2\" content=\"2 minutos\" \/>\n<script type=\"application\/ld+json\" class=\"yoast-schema-graph\">{\"@context\":\"https:\/\/schema.org\",\"@graph\":[{\"@type\":\"Article\",\"@id\":\"https:\/\/potenciaradiofonicadominicana.com\/portal\/didi-y-uber-opinan-sobre-reglamento-que-gravaria-con-itbis-los-servicios-digitales\/#article\",\"isPartOf\":{\"@id\":\"https:\/\/potenciaradiofonicadominicana.com\/portal\/didi-y-uber-opinan-sobre-reglamento-que-gravaria-con-itbis-los-servicios-digitales\/\"},\"author\":{\"name\":\"Potencia Radiof\u00f3nica Dominicana\",\"@id\":\"https:\/\/potenciaradiofonicadominicana.com\/portal\/#\/schema\/person\/a5cf1fea13877803ee0573ac18b03490\"},\"headline\":\"DiDi y Uber opinan sobre reglamento que gravar\u00eda con ITBIS los servicios digitales\",\"datePublished\":\"2022-02-17T12:57:28+00:00\",\"mainEntityOfPage\":{\"@id\":\"https:\/\/potenciaradiofonicadominicana.com\/portal\/didi-y-uber-opinan-sobre-reglamento-que-gravaria-con-itbis-los-servicios-digitales\/\"},\"wordCount\":422,\"publisher\":{\"@id\":\"https:\/\/potenciaradiofonicadominicana.com\/portal\/#organization\"},\"image\":{\"@id\":\"https:\/\/potenciaradiofonicadominicana.com\/portal\/didi-y-uber-opinan-sobre-reglamento-que-gravaria-con-itbis-los-servicios-digitales\/#primaryimage\"},\"thumbnailUrl\":\"https:\/\/potenciaradiofonicadominicana.com\/portal\/wp-content\/uploads\/2022\/02\/didi-45abb9d0-focus-min0.4-min0.09-895-573.jpg\",\"articleSection\":[\"Econom\u00eda\"],\"inLanguage\":\"es\"},{\"@type\":\"WebPage\",\"@id\":\"https:\/\/potenciaradiofonicadominicana.com\/portal\/didi-y-uber-opinan-sobre-reglamento-que-gravaria-con-itbis-los-servicios-digitales\/\",\"url\":\"https:\/\/potenciaradiofonicadominicana.com\/portal\/didi-y-uber-opinan-sobre-reglamento-que-gravaria-con-itbis-los-servicios-digitales\/\",\"name\":\"DiDi y Uber opinan sobre reglamento que gravar\u00eda con ITBIS los servicios digitales - PotenciaRadiofonicaDominicana.com\",\"isPartOf\":{\"@id\":\"https:\/\/potenciaradiofonicadominicana.com\/portal\/#website\"},\"primaryImageOfPage\":{\"@id\":\"https:\/\/potenciaradiofonicadominicana.com\/portal\/didi-y-uber-opinan-sobre-reglamento-que-gravaria-con-itbis-los-servicios-digitales\/#primaryimage\"},\"image\":{\"@id\":\"https:\/\/potenciaradiofonicadominicana.com\/portal\/didi-y-uber-opinan-sobre-reglamento-que-gravaria-con-itbis-los-servicios-digitales\/#primaryimage\"},\"thumbnailUrl\":\"https:\/\/potenciaradiofonicadominicana.com\/portal\/wp-content\/uploads\/2022\/02\/didi-45abb9d0-focus-min0.4-min0.09-895-573.jpg\",\"datePublished\":\"2022-02-17T12:57:28+00:00\",\"breadcrumb\":{\"@id\":\"https:\/\/potenciaradiofonicadominicana.com\/portal\/didi-y-uber-opinan-sobre-reglamento-que-gravaria-con-itbis-los-servicios-digitales\/#breadcrumb\"},\"inLanguage\":\"es\",\"potentialAction\":[{\"@type\":\"ReadAction\",\"target\":[\"https:\/\/potenciaradiofonicadominicana.com\/portal\/didi-y-uber-opinan-sobre-reglamento-que-gravaria-con-itbis-los-servicios-digitales\/\"]}]},{\"@type\":\"ImageObject\",\"inLanguage\":\"es\",\"@id\":\"https:\/\/potenciaradiofonicadominicana.com\/portal\/didi-y-uber-opinan-sobre-reglamento-que-gravaria-con-itbis-los-servicios-digitales\/#primaryimage\",\"url\":\"https:\/\/potenciaradiofonicadominicana.com\/portal\/wp-content\/uploads\/2022\/02\/didi-45abb9d0-focus-min0.4-min0.09-895-573.jpg\",\"contentUrl\":\"https:\/\/potenciaradiofonicadominicana.com\/portal\/wp-content\/uploads\/2022\/02\/didi-45abb9d0-focus-min0.4-min0.09-895-573.jpg\",\"width\":895,\"height\":573},{\"@type\":\"BreadcrumbList\",\"@id\":\"https:\/\/potenciaradiofonicadominicana.com\/portal\/didi-y-uber-opinan-sobre-reglamento-que-gravaria-con-itbis-los-servicios-digitales\/#breadcrumb\",\"itemListElement\":[{\"@type\":\"ListItem\",\"position\":1,\"name\":\"Portada\",\"item\":\"https:\/\/potenciaradiofonicadominicana.com\/portal\/\"},{\"@type\":\"ListItem\",\"position\":2,\"name\":\"DiDi y Uber opinan sobre reglamento que gravar\u00eda con ITBIS los servicios digitales\"}]},{\"@type\":\"WebSite\",\"@id\":\"https:\/\/potenciaradiofonicadominicana.com\/portal\/#website\",\"url\":\"https:\/\/potenciaradiofonicadominicana.com\/portal\/\",\"name\":\"PotenciaRadiofonicaDominicana.com\",\"description\":\"Peri\u00f3dico Digital\",\"publisher\":{\"@id\":\"https:\/\/potenciaradiofonicadominicana.com\/portal\/#organization\"},\"potentialAction\":[{\"@type\":\"SearchAction\",\"target\":{\"@type\":\"EntryPoint\",\"urlTemplate\":\"https:\/\/potenciaradiofonicadominicana.com\/portal\/?s={search_term_string}\"},\"query-input\":{\"@type\":\"PropertyValueSpecification\",\"valueRequired\":true,\"valueName\":\"search_term_string\"}}],\"inLanguage\":\"es\"},{\"@type\":\"Organization\",\"@id\":\"https:\/\/potenciaradiofonicadominicana.com\/portal\/#organization\",\"name\":\"PotenciaRadiofonicaDominicana.com\",\"url\":\"https:\/\/potenciaradiofonicadominicana.com\/portal\/\",\"logo\":{\"@type\":\"ImageObject\",\"inLanguage\":\"es\",\"@id\":\"https:\/\/potenciaradiofonicadominicana.com\/portal\/#\/schema\/logo\/image\/\",\"url\":\"https:\/\/potenciaradiofonicadominicana.com\/portal\/wp-content\/uploads\/2022\/01\/descarga.png\",\"contentUrl\":\"https:\/\/potenciaradiofonicadominicana.com\/portal\/wp-content\/uploads\/2022\/01\/descarga.png\",\"width\":300,\"height\":100,\"caption\":\"PotenciaRadiofonicaDominicana.com\"},\"image\":{\"@id\":\"https:\/\/potenciaradiofonicadominicana.com\/portal\/#\/schema\/logo\/image\/\"},\"sameAs\":[\"https:\/\/web.facebook.com\/PotenciaRadiofonicaD\"]},{\"@type\":\"Person\",\"@id\":\"https:\/\/potenciaradiofonicadominicana.com\/portal\/#\/schema\/person\/a5cf1fea13877803ee0573ac18b03490\",\"name\":\"Potencia Radiof\u00f3nica Dominicana\",\"image\":{\"@type\":\"ImageObject\",\"inLanguage\":\"es\",\"@id\":\"https:\/\/potenciaradiofonicadominicana.com\/portal\/#\/schema\/person\/image\/\",\"url\":\"https:\/\/secure.gravatar.com\/avatar\/42a55ab9e8ccc656ba34cd791990602a?s=96&d=mm&r=g\",\"contentUrl\":\"https:\/\/secure.gravatar.com\/avatar\/42a55ab9e8ccc656ba34cd791990602a?s=96&d=mm&r=g\",\"caption\":\"Potencia Radiof\u00f3nica Dominicana\"},\"url\":\"https:\/\/potenciaradiofonicadominicana.com\/portal\/author\/johannyalmanzar\/\"}]}<\/script>\n<!-- \/ Yoast SEO plugin. -->","yoast_head_json":{"title":"DiDi y Uber opinan sobre reglamento que gravar\u00eda con ITBIS los servicios digitales - PotenciaRadiofonicaDominicana.com","robots":{"index":"index","follow":"follow","max-snippet":"max-snippet:-1","max-image-preview":"max-image-preview:large","max-video-preview":"max-video-preview:-1"},"canonical":"https:\/\/potenciaradiofonicadominicana.com\/portal\/didi-y-uber-opinan-sobre-reglamento-que-gravaria-con-itbis-los-servicios-digitales\/","og_locale":"es_ES","og_type":"article","og_title":"DiDi y Uber opinan sobre reglamento que gravar\u00eda con ITBIS los servicios digitales - PotenciaRadiofonicaDominicana.com","og_description":"La oficina regional de la empresa de transporte china DiDi comunic\u00f3 hoy que se encuentra analizando la propuesta de la\u00a0Direcci\u00f3n ...","og_url":"https:\/\/potenciaradiofonicadominicana.com\/portal\/didi-y-uber-opinan-sobre-reglamento-que-gravaria-con-itbis-los-servicios-digitales\/","og_site_name":"PotenciaRadiofonicaDominicana.com","article_publisher":"https:\/\/web.facebook.com\/PotenciaRadiofonicaD","article_published_time":"2022-02-17T12:57:28+00:00","og_image":[{"width":895,"height":573,"url":"https:\/\/potenciaradiofonicadominicana.com\/portal\/wp-content\/uploads\/2022\/02\/didi-45abb9d0-focus-min0.4-min0.09-895-573.jpg","type":"image\/jpeg"}],"author":"Potencia Radiof\u00f3nica Dominicana","twitter_card":"summary_large_image","twitter_misc":{"Escrito por":"Potencia Radiof\u00f3nica Dominicana","Tiempo de lectura":"2 minutos"},"schema":{"@context":"https:\/\/schema.org","@graph":[{"@type":"Article","@id":"https:\/\/potenciaradiofonicadominicana.com\/portal\/didi-y-uber-opinan-sobre-reglamento-que-gravaria-con-itbis-los-servicios-digitales\/#article","isPartOf":{"@id":"https:\/\/potenciaradiofonicadominicana.com\/portal\/didi-y-uber-opinan-sobre-reglamento-que-gravaria-con-itbis-los-servicios-digitales\/"},"author":{"name":"Potencia Radiof\u00f3nica Dominicana","@id":"https:\/\/potenciaradiofonicadominicana.com\/portal\/#\/schema\/person\/a5cf1fea13877803ee0573ac18b03490"},"headline":"DiDi y Uber opinan sobre reglamento que gravar\u00eda con ITBIS los servicios digitales","datePublished":"2022-02-17T12:57:28+00:00","mainEntityOfPage":{"@id":"https:\/\/potenciaradiofonicadominicana.com\/portal\/didi-y-uber-opinan-sobre-reglamento-que-gravaria-con-itbis-los-servicios-digitales\/"},"wordCount":422,"publisher":{"@id":"https:\/\/potenciaradiofonicadominicana.com\/portal\/#organization"},"image":{"@id":"https:\/\/potenciaradiofonicadominicana.com\/portal\/didi-y-uber-opinan-sobre-reglamento-que-gravaria-con-itbis-los-servicios-digitales\/#primaryimage"},"thumbnailUrl":"https:\/\/potenciaradiofonicadominicana.com\/portal\/wp-content\/uploads\/2022\/02\/didi-45abb9d0-focus-min0.4-min0.09-895-573.jpg","articleSection":["Econom\u00eda"],"inLanguage":"es"},{"@type":"WebPage","@id":"https:\/\/potenciaradiofonicadominicana.com\/portal\/didi-y-uber-opinan-sobre-reglamento-que-gravaria-con-itbis-los-servicios-digitales\/","url":"https:\/\/potenciaradiofonicadominicana.com\/portal\/didi-y-uber-opinan-sobre-reglamento-que-gravaria-con-itbis-los-servicios-digitales\/","name":"DiDi y Uber opinan sobre reglamento que gravar\u00eda con ITBIS los servicios digitales - PotenciaRadiofonicaDominicana.com","isPartOf":{"@id":"https:\/\/potenciaradiofonicadominicana.com\/portal\/#website"},"primaryImageOfPage":{"@id":"https:\/\/potenciaradiofonicadominicana.com\/portal\/didi-y-uber-opinan-sobre-reglamento-que-gravaria-con-itbis-los-servicios-digitales\/#primaryimage"},"image":{"@id":"https:\/\/potenciaradiofonicadominicana.com\/portal\/didi-y-uber-opinan-sobre-reglamento-que-gravaria-con-itbis-los-servicios-digitales\/#primaryimage"},"thumbnailUrl":"https:\/\/potenciaradiofonicadominicana.com\/portal\/wp-content\/uploads\/2022\/02\/didi-45abb9d0-focus-min0.4-min0.09-895-573.jpg","datePublished":"2022-02-17T12:57:28+00:00","breadcrumb":{"@id":"https:\/\/potenciaradiofonicadominicana.com\/portal\/didi-y-uber-opinan-sobre-reglamento-que-gravaria-con-itbis-los-servicios-digitales\/#breadcrumb"},"inLanguage":"es","potentialAction":[{"@type":"ReadAction","target":["https:\/\/potenciaradiofonicadominicana.com\/portal\/didi-y-uber-opinan-sobre-reglamento-que-gravaria-con-itbis-los-servicios-digitales\/"]}]},{"@type":"ImageObject","inLanguage":"es","@id":"https:\/\/potenciaradiofonicadominicana.com\/portal\/didi-y-uber-opinan-sobre-reglamento-que-gravaria-con-itbis-los-servicios-digitales\/#primaryimage","url":"https:\/\/potenciaradiofonicadominicana.com\/portal\/wp-content\/uploads\/2022\/02\/didi-45abb9d0-focus-min0.4-min0.09-895-573.jpg","contentUrl":"https:\/\/potenciaradiofonicadominicana.com\/portal\/wp-content\/uploads\/2022\/02\/didi-45abb9d0-focus-min0.4-min0.09-895-573.jpg","width":895,"height":573},{"@type":"BreadcrumbList","@id":"https:\/\/potenciaradiofonicadominicana.com\/portal\/didi-y-uber-opinan-sobre-reglamento-que-gravaria-con-itbis-los-servicios-digitales\/#breadcrumb","itemListElement":[{"@type":"ListItem","position":1,"name":"Portada","item":"https:\/\/potenciaradiofonicadominicana.com\/portal\/"},{"@type":"ListItem","position":2,"name":"DiDi y Uber opinan sobre reglamento que gravar\u00eda con ITBIS los servicios digitales"}]},{"@type":"WebSite","@id":"https:\/\/potenciaradiofonicadominicana.com\/portal\/#website","url":"https:\/\/potenciaradiofonicadominicana.com\/portal\/","name":"PotenciaRadiofonicaDominicana.com","description":"Peri\u00f3dico Digital","publisher":{"@id":"https:\/\/potenciaradiofonicadominicana.com\/portal\/#organization"},"potentialAction":[{"@type":"SearchAction","target":{"@type":"EntryPoint","urlTemplate":"https:\/\/potenciaradiofonicadominicana.com\/portal\/?s={search_term_string}"},"query-input":{"@type":"PropertyValueSpecification","valueRequired":true,"valueName":"search_term_string"}}],"inLanguage":"es"},{"@type":"Organization","@id":"https:\/\/potenciaradiofonicadominicana.com\/portal\/#organization","name":"PotenciaRadiofonicaDominicana.com","url":"https:\/\/potenciaradiofonicadominicana.com\/portal\/","logo":{"@type":"ImageObject","inLanguage":"es","@id":"https:\/\/potenciaradiofonicadominicana.com\/portal\/#\/schema\/logo\/image\/","url":"https:\/\/potenciaradiofonicadominicana.com\/portal\/wp-content\/uploads\/2022\/01\/descarga.png","contentUrl":"https:\/\/potenciaradiofonicadominicana.com\/portal\/wp-content\/uploads\/2022\/01\/descarga.png","width":300,"height":100,"caption":"PotenciaRadiofonicaDominicana.com"},"image":{"@id":"https:\/\/potenciaradiofonicadominicana.com\/portal\/#\/schema\/logo\/image\/"},"sameAs":["https:\/\/web.facebook.com\/PotenciaRadiofonicaD"]},{"@type":"Person","@id":"https:\/\/potenciaradiofonicadominicana.com\/portal\/#\/schema\/person\/a5cf1fea13877803ee0573ac18b03490","name":"Potencia Radiof\u00f3nica Dominicana","image":{"@type":"ImageObject","inLanguage":"es","@id":"https:\/\/potenciaradiofonicadominicana.com\/portal\/#\/schema\/person\/image\/","url":"https:\/\/secure.gravatar.com\/avatar\/42a55ab9e8ccc656ba34cd791990602a?s=96&d=mm&r=g","contentUrl":"https:\/\/secure.gravatar.com\/avatar\/42a55ab9e8ccc656ba34cd791990602a?s=96&d=mm&r=g","caption":"Potencia Radiof\u00f3nica Dominicana"},"url":"https:\/\/potenciaradiofonicadominicana.com\/portal\/author\/johannyalmanzar\/"}]}},"_links":{"self":[{"href":"https:\/\/potenciaradiofonicadominicana.com\/portal\/wp-json\/wp\/v2\/posts\/116948","targetHints":{"allow":["GET"]}}],"collection":[{"href":"https:\/\/potenciaradiofonicadominicana.com\/portal\/wp-json\/wp\/v2\/posts"}],"about":[{"href":"https:\/\/potenciaradiofonicadominicana.com\/portal\/wp-json\/wp\/v2\/types\/post"}],"author":[{"embeddable":true,"href":"https:\/\/potenciaradiofonicadominicana.com\/portal\/wp-json\/wp\/v2\/users\/2"}],"replies":[{"embeddable":true,"href":"https:\/\/potenciaradiofonicadominicana.com\/portal\/wp-json\/wp\/v2\/comments?post=116948"}],"version-history":[{"count":1,"href":"https:\/\/potenciaradiofonicadominicana.com\/portal\/wp-json\/wp\/v2\/posts\/116948\/revisions"}],"predecessor-version":[{"id":116950,"href":"https:\/\/potenciaradiofonicadominicana.com\/portal\/wp-json\/wp\/v2\/posts\/116948\/revisions\/116950"}],"wp:featuredmedia":[{"embeddable":true,"href":"https:\/\/potenciaradiofonicadominicana.com\/portal\/wp-json\/wp\/v2\/media\/116949"}],"wp:attachment":[{"href":"https:\/\/potenciaradiofonicadominicana.com\/portal\/wp-json\/wp\/v2\/media?parent=116948"}],"wp:term":[{"taxonomy":"category","embeddable":true,"href":"https:\/\/potenciaradiofonicadominicana.com\/portal\/wp-json\/wp\/v2\/categories?post=116948"},{"taxonomy":"post_tag","embeddable":true,"href":"https:\/\/potenciaradiofonicadominicana.com\/portal\/wp-json\/wp\/v2\/tags?post=116948"}],"curies":[{"name":"wp","href":"https:\/\/api.w.org\/{rel}","templated":true}]}}