{"id":116945,"date":"2022-02-17T08:54:48","date_gmt":"2022-02-17T12:54:48","guid":{"rendered":"https:\/\/potenciaradiofonicadominicana.com\/portal\/?p=116945"},"modified":"2022-02-17T08:54:48","modified_gmt":"2022-02-17T12:54:48","slug":"pacas-impactan-negativamente-las-industrias-textiles-asegura-aditex","status":"publish","type":"post","link":"https:\/\/potenciaradiofonicadominicana.com\/portal\/pacas-impactan-negativamente-las-industrias-textiles-asegura-aditex\/","title":{"rendered":"Pacas impactan negativamente las industrias textiles, asegura Aditex"},"content":{"rendered":"<p><a href=\"https:\/\/potenciaradiofonicadominicana.com\/portal\/wp-content\/uploads\/2022\/02\/tienda-ropa-de-segunda-mano-131561f3-7ba25320-focus-0-0-895-573.jpg\"><img loading=\"lazy\" decoding=\"async\" class=\"alignnone size-full wp-image-116946\" src=\"https:\/\/potenciaradiofonicadominicana.com\/portal\/wp-content\/uploads\/2022\/02\/tienda-ropa-de-segunda-mano-131561f3-7ba25320-focus-0-0-895-573.jpg\" alt=\"\" width=\"640\" height=\"409\" srcset=\"https:\/\/potenciaradiofonicadominicana.com\/portal\/wp-content\/uploads\/2022\/02\/tienda-ropa-de-segunda-mano-131561f3-7ba25320-focus-0-0-895-573.jpg 640w, https:\/\/potenciaradiofonicadominicana.com\/portal\/wp-content\/uploads\/2022\/02\/tienda-ropa-de-segunda-mano-131561f3-7ba25320-focus-0-0-895-573-300x192.jpg 300w\" sizes=\"auto, (max-width: 640px) 100vw, 640px\" \/><\/a><\/p>\n<p>\u201cContrario a lo que aparenta, el gran y lucrativo negocio de las\u00a0pacas, es una actividad comercial manejada por unos pocos que reciben inmensos beneficios, en los que est\u00e1n envueltos pol\u00edticos de los pasados gobiernos, aprovech\u00e1ndose de la necesidad del pueblo dominicano que no se da cuenta que ese negocio destruye el aparato productivo nacional\u201d, asegur\u00f3 este mi\u00e9rcoles la\u00a0Asociaci\u00f3n Dominicana de Industria textiles\u00a0(Aditex).<\/p>\n<p>Expres\u00f3 en un comunicado de prensa, que las\u00a0pacas\u00a0tambi\u00e9n destruyen los empleos formales y el desarrollo de la industria local, afectando el comercio formal de venta y distribuci\u00f3n de textiles, que genera cientos de miles de empleos.<\/p>\n<p>Aditex\u00a0valor\u00f3 el coraje de\u00a0Eduardo Sanz Lovat\u00f3n, director General de\u00a0Aduanas, por sus declaraciones sobre el impacto negativo de la importaci\u00f3n de\u00a0pacas\u00a0de\u00a0ropas usadas, actividad en la cual Rep\u00fablica Dominicana se coloca entre los pa\u00edses de mayor incidencia en este negocio informal en Am\u00e9rica Latina.<\/p>\n<p>El funcionario luego aclar\u00f3, por presiones que se generaron en redes sociales, que\u00a0Aduanas\u00a0no hab\u00eda cambiado nada del r\u00e9gimen legal de las\u00a0pacas\u00a0ni tampoco en su aplicaci\u00f3n.<\/p>\n<p>\u201cEntendemos la ilusi\u00f3n positiva a corto plazo que crea esta actividad para los sectores de menos recursos que creen resolver sus necesidades de vestido, pero sin medir los riesgos que representan las\u00a0pacas, que por cada empleo informal que generan sus ventas, se eliminan diez puestos de trabajo formales de las industrias\u201d,<strong>\u00a0<\/strong>explican.<\/p>\n<p>Dicen, que los sectores m\u00e1s humildes de la sociedad no eval\u00faan el riesgo que esto pudiera representar para su salud, ropas que son desechadas por los pa\u00edses de origen despu\u00e9s de a\u00f1os de uso y que son recogidas como basura por los que la comercializan, sin ning\u00fan control de la contaminaci\u00f3n que incurren en su recogida, empacado y transportaci\u00f3n.<\/p>\n<p>\u201cA trav\u00e9s de los empleos formales mejora la calidad de vida en general de nuestra gente, porque cada persona empleada por una industria nacional adquiere de inmediato unos ingresos que en la industria textil est\u00e1por encima de los RD$21,000.00 mensuales, inmediatamente entra en la Seguridad Social y obtiene seguro para toda la familia, que le garantiza una atenci\u00f3n m\u00e9dica y seguridad de salud para todos los miembros del hogar y el empleado acumula ahorros para su retiro cuando ya no pueda trabajar\u00bb, subray\u00f3\u00a0Aditex.<\/p>\n<p>La asociaci\u00f3n concluye con la afirmaci\u00f3n que en el mediano y largo plazo, \u00absiempre ser\u00e1 m\u00e1s conveniente para el pa\u00eds y para todo el pueblo dominicano invertir y apostar al desarrollo de la industria y de la formalidad\u00bb.<\/p>\n","protected":false},"excerpt":{"rendered":"<p>\u201cContrario a lo que aparenta, el gran y lucrativo negocio de las\u00a0pacas, es una actividad comercial manejada por unos pocos &#8230;<\/p>\n","protected":false},"author":2,"featured_media":116946,"comment_status":"closed","ping_status":"closed","sticky":false,"template":"","format":"standard","meta":{"footnotes":""},"categories":[26],"tags":[],"class_list":["post-116945","post","type-post","status-publish","format-standard","has-post-thumbnail","hentry","category-economia"],"yoast_head":"<!-- This site is optimized with the Yoast SEO plugin v24.8.1 - https:\/\/yoast.com\/wordpress\/plugins\/seo\/ -->\n<title>Pacas impactan negativamente las industrias textiles, asegura Aditex - PotenciaRadiofonicaDominicana.com<\/title>\n<meta name=\"robots\" content=\"index, follow, max-snippet:-1, max-image-preview:large, max-video-preview:-1\" \/>\n<link rel=\"canonical\" href=\"https:\/\/potenciaradiofonicadominicana.com\/portal\/pacas-impactan-negativamente-las-industrias-textiles-asegura-aditex\/\" \/>\n<meta property=\"og:locale\" content=\"es_ES\" \/>\n<meta property=\"og:type\" content=\"article\" \/>\n<meta property=\"og:title\" content=\"Pacas impactan negativamente las industrias textiles, asegura Aditex - PotenciaRadiofonicaDominicana.com\" \/>\n<meta property=\"og:description\" content=\"\u201cContrario a lo que aparenta, el gran y lucrativo negocio de las\u00a0pacas, es una actividad comercial manejada por unos pocos ...\" \/>\n<meta property=\"og:url\" content=\"https:\/\/potenciaradiofonicadominicana.com\/portal\/pacas-impactan-negativamente-las-industrias-textiles-asegura-aditex\/\" \/>\n<meta property=\"og:site_name\" content=\"PotenciaRadiofonicaDominicana.com\" \/>\n<meta property=\"article:publisher\" content=\"https:\/\/web.facebook.com\/PotenciaRadiofonicaD\" \/>\n<meta property=\"article:published_time\" content=\"2022-02-17T12:54:48+00:00\" \/>\n<meta property=\"og:image\" content=\"https:\/\/potenciaradiofonicadominicana.com\/portal\/wp-content\/uploads\/2022\/02\/tienda-ropa-de-segunda-mano-131561f3-7ba25320-focus-0-0-895-573.jpg\" \/>\n\t<meta property=\"og:image:width\" content=\"640\" \/>\n\t<meta property=\"og:image:height\" content=\"409\" \/>\n\t<meta property=\"og:image:type\" content=\"image\/jpeg\" \/>\n<meta name=\"author\" content=\"Potencia Radiof\u00f3nica Dominicana\" \/>\n<meta name=\"twitter:card\" content=\"summary_large_image\" \/>\n<meta name=\"twitter:label1\" content=\"Escrito por\" \/>\n\t<meta name=\"twitter:data1\" content=\"Potencia Radiof\u00f3nica Dominicana\" \/>\n\t<meta name=\"twitter:label2\" content=\"Tiempo de lectura\" \/>\n\t<meta name=\"twitter:data2\" content=\"2 minutos\" \/>\n<script type=\"application\/ld+json\" class=\"yoast-schema-graph\">{\"@context\":\"https:\/\/schema.org\",\"@graph\":[{\"@type\":\"Article\",\"@id\":\"https:\/\/potenciaradiofonicadominicana.com\/portal\/pacas-impactan-negativamente-las-industrias-textiles-asegura-aditex\/#article\",\"isPartOf\":{\"@id\":\"https:\/\/potenciaradiofonicadominicana.com\/portal\/pacas-impactan-negativamente-las-industrias-textiles-asegura-aditex\/\"},\"author\":{\"name\":\"Potencia Radiof\u00f3nica Dominicana\",\"@id\":\"https:\/\/potenciaradiofonicadominicana.com\/portal\/#\/schema\/person\/a5cf1fea13877803ee0573ac18b03490\"},\"headline\":\"Pacas impactan negativamente las industrias textiles, asegura Aditex\",\"datePublished\":\"2022-02-17T12:54:48+00:00\",\"mainEntityOfPage\":{\"@id\":\"https:\/\/potenciaradiofonicadominicana.com\/portal\/pacas-impactan-negativamente-las-industrias-textiles-asegura-aditex\/\"},\"wordCount\":454,\"publisher\":{\"@id\":\"https:\/\/potenciaradiofonicadominicana.com\/portal\/#organization\"},\"image\":{\"@id\":\"https:\/\/potenciaradiofonicadominicana.com\/portal\/pacas-impactan-negativamente-las-industrias-textiles-asegura-aditex\/#primaryimage\"},\"thumbnailUrl\":\"https:\/\/potenciaradiofonicadominicana.com\/portal\/wp-content\/uploads\/2022\/02\/tienda-ropa-de-segunda-mano-131561f3-7ba25320-focus-0-0-895-573.jpg\",\"articleSection\":[\"Econom\u00eda\"],\"inLanguage\":\"es\"},{\"@type\":\"WebPage\",\"@id\":\"https:\/\/potenciaradiofonicadominicana.com\/portal\/pacas-impactan-negativamente-las-industrias-textiles-asegura-aditex\/\",\"url\":\"https:\/\/potenciaradiofonicadominicana.com\/portal\/pacas-impactan-negativamente-las-industrias-textiles-asegura-aditex\/\",\"name\":\"Pacas impactan negativamente las industrias textiles, asegura Aditex - PotenciaRadiofonicaDominicana.com\",\"isPartOf\":{\"@id\":\"https:\/\/potenciaradiofonicadominicana.com\/portal\/#website\"},\"primaryImageOfPage\":{\"@id\":\"https:\/\/potenciaradiofonicadominicana.com\/portal\/pacas-impactan-negativamente-las-industrias-textiles-asegura-aditex\/#primaryimage\"},\"image\":{\"@id\":\"https:\/\/potenciaradiofonicadominicana.com\/portal\/pacas-impactan-negativamente-las-industrias-textiles-asegura-aditex\/#primaryimage\"},\"thumbnailUrl\":\"https:\/\/potenciaradiofonicadominicana.com\/portal\/wp-content\/uploads\/2022\/02\/tienda-ropa-de-segunda-mano-131561f3-7ba25320-focus-0-0-895-573.jpg\",\"datePublished\":\"2022-02-17T12:54:48+00:00\",\"breadcrumb\":{\"@id\":\"https:\/\/potenciaradiofonicadominicana.com\/portal\/pacas-impactan-negativamente-las-industrias-textiles-asegura-aditex\/#breadcrumb\"},\"inLanguage\":\"es\",\"potentialAction\":[{\"@type\":\"ReadAction\",\"target\":[\"https:\/\/potenciaradiofonicadominicana.com\/portal\/pacas-impactan-negativamente-las-industrias-textiles-asegura-aditex\/\"]}]},{\"@type\":\"ImageObject\",\"inLanguage\":\"es\",\"@id\":\"https:\/\/potenciaradiofonicadominicana.com\/portal\/pacas-impactan-negativamente-las-industrias-textiles-asegura-aditex\/#primaryimage\",\"url\":\"https:\/\/potenciaradiofonicadominicana.com\/portal\/wp-content\/uploads\/2022\/02\/tienda-ropa-de-segunda-mano-131561f3-7ba25320-focus-0-0-895-573.jpg\",\"contentUrl\":\"https:\/\/potenciaradiofonicadominicana.com\/portal\/wp-content\/uploads\/2022\/02\/tienda-ropa-de-segunda-mano-131561f3-7ba25320-focus-0-0-895-573.jpg\",\"width\":640,\"height\":409},{\"@type\":\"BreadcrumbList\",\"@id\":\"https:\/\/potenciaradiofonicadominicana.com\/portal\/pacas-impactan-negativamente-las-industrias-textiles-asegura-aditex\/#breadcrumb\",\"itemListElement\":[{\"@type\":\"ListItem\",\"position\":1,\"name\":\"Portada\",\"item\":\"https:\/\/potenciaradiofonicadominicana.com\/portal\/\"},{\"@type\":\"ListItem\",\"position\":2,\"name\":\"Pacas impactan negativamente las industrias textiles, asegura Aditex\"}]},{\"@type\":\"WebSite\",\"@id\":\"https:\/\/potenciaradiofonicadominicana.com\/portal\/#website\",\"url\":\"https:\/\/potenciaradiofonicadominicana.com\/portal\/\",\"name\":\"PotenciaRadiofonicaDominicana.com\",\"description\":\"Peri\u00f3dico Digital\",\"publisher\":{\"@id\":\"https:\/\/potenciaradiofonicadominicana.com\/portal\/#organization\"},\"potentialAction\":[{\"@type\":\"SearchAction\",\"target\":{\"@type\":\"EntryPoint\",\"urlTemplate\":\"https:\/\/potenciaradiofonicadominicana.com\/portal\/?s={search_term_string}\"},\"query-input\":{\"@type\":\"PropertyValueSpecification\",\"valueRequired\":true,\"valueName\":\"search_term_string\"}}],\"inLanguage\":\"es\"},{\"@type\":\"Organization\",\"@id\":\"https:\/\/potenciaradiofonicadominicana.com\/portal\/#organization\",\"name\":\"PotenciaRadiofonicaDominicana.com\",\"url\":\"https:\/\/potenciaradiofonicadominicana.com\/portal\/\",\"logo\":{\"@type\":\"ImageObject\",\"inLanguage\":\"es\",\"@id\":\"https:\/\/potenciaradiofonicadominicana.com\/portal\/#\/schema\/logo\/image\/\",\"url\":\"https:\/\/potenciaradiofonicadominicana.com\/portal\/wp-content\/uploads\/2022\/01\/descarga.png\",\"contentUrl\":\"https:\/\/potenciaradiofonicadominicana.com\/portal\/wp-content\/uploads\/2022\/01\/descarga.png\",\"width\":300,\"height\":100,\"caption\":\"PotenciaRadiofonicaDominicana.com\"},\"image\":{\"@id\":\"https:\/\/potenciaradiofonicadominicana.com\/portal\/#\/schema\/logo\/image\/\"},\"sameAs\":[\"https:\/\/web.facebook.com\/PotenciaRadiofonicaD\"]},{\"@type\":\"Person\",\"@id\":\"https:\/\/potenciaradiofonicadominicana.com\/portal\/#\/schema\/person\/a5cf1fea13877803ee0573ac18b03490\",\"name\":\"Potencia Radiof\u00f3nica Dominicana\",\"image\":{\"@type\":\"ImageObject\",\"inLanguage\":\"es\",\"@id\":\"https:\/\/potenciaradiofonicadominicana.com\/portal\/#\/schema\/person\/image\/\",\"url\":\"https:\/\/secure.gravatar.com\/avatar\/42a55ab9e8ccc656ba34cd791990602a?s=96&d=mm&r=g\",\"contentUrl\":\"https:\/\/secure.gravatar.com\/avatar\/42a55ab9e8ccc656ba34cd791990602a?s=96&d=mm&r=g\",\"caption\":\"Potencia Radiof\u00f3nica Dominicana\"},\"url\":\"https:\/\/potenciaradiofonicadominicana.com\/portal\/author\/johannyalmanzar\/\"}]}<\/script>\n<!-- \/ Yoast SEO plugin. -->","yoast_head_json":{"title":"Pacas impactan negativamente las industrias textiles, asegura Aditex - PotenciaRadiofonicaDominicana.com","robots":{"index":"index","follow":"follow","max-snippet":"max-snippet:-1","max-image-preview":"max-image-preview:large","max-video-preview":"max-video-preview:-1"},"canonical":"https:\/\/potenciaradiofonicadominicana.com\/portal\/pacas-impactan-negativamente-las-industrias-textiles-asegura-aditex\/","og_locale":"es_ES","og_type":"article","og_title":"Pacas impactan negativamente las industrias textiles, asegura Aditex - PotenciaRadiofonicaDominicana.com","og_description":"\u201cContrario a lo que aparenta, el gran y lucrativo negocio de las\u00a0pacas, es una actividad comercial manejada por unos pocos ...","og_url":"https:\/\/potenciaradiofonicadominicana.com\/portal\/pacas-impactan-negativamente-las-industrias-textiles-asegura-aditex\/","og_site_name":"PotenciaRadiofonicaDominicana.com","article_publisher":"https:\/\/web.facebook.com\/PotenciaRadiofonicaD","article_published_time":"2022-02-17T12:54:48+00:00","og_image":[{"width":640,"height":409,"url":"https:\/\/potenciaradiofonicadominicana.com\/portal\/wp-content\/uploads\/2022\/02\/tienda-ropa-de-segunda-mano-131561f3-7ba25320-focus-0-0-895-573.jpg","type":"image\/jpeg"}],"author":"Potencia Radiof\u00f3nica Dominicana","twitter_card":"summary_large_image","twitter_misc":{"Escrito por":"Potencia Radiof\u00f3nica Dominicana","Tiempo de lectura":"2 minutos"},"schema":{"@context":"https:\/\/schema.org","@graph":[{"@type":"Article","@id":"https:\/\/potenciaradiofonicadominicana.com\/portal\/pacas-impactan-negativamente-las-industrias-textiles-asegura-aditex\/#article","isPartOf":{"@id":"https:\/\/potenciaradiofonicadominicana.com\/portal\/pacas-impactan-negativamente-las-industrias-textiles-asegura-aditex\/"},"author":{"name":"Potencia Radiof\u00f3nica Dominicana","@id":"https:\/\/potenciaradiofonicadominicana.com\/portal\/#\/schema\/person\/a5cf1fea13877803ee0573ac18b03490"},"headline":"Pacas impactan negativamente las industrias textiles, asegura Aditex","datePublished":"2022-02-17T12:54:48+00:00","mainEntityOfPage":{"@id":"https:\/\/potenciaradiofonicadominicana.com\/portal\/pacas-impactan-negativamente-las-industrias-textiles-asegura-aditex\/"},"wordCount":454,"publisher":{"@id":"https:\/\/potenciaradiofonicadominicana.com\/portal\/#organization"},"image":{"@id":"https:\/\/potenciaradiofonicadominicana.com\/portal\/pacas-impactan-negativamente-las-industrias-textiles-asegura-aditex\/#primaryimage"},"thumbnailUrl":"https:\/\/potenciaradiofonicadominicana.com\/portal\/wp-content\/uploads\/2022\/02\/tienda-ropa-de-segunda-mano-131561f3-7ba25320-focus-0-0-895-573.jpg","articleSection":["Econom\u00eda"],"inLanguage":"es"},{"@type":"WebPage","@id":"https:\/\/potenciaradiofonicadominicana.com\/portal\/pacas-impactan-negativamente-las-industrias-textiles-asegura-aditex\/","url":"https:\/\/potenciaradiofonicadominicana.com\/portal\/pacas-impactan-negativamente-las-industrias-textiles-asegura-aditex\/","name":"Pacas impactan negativamente las industrias textiles, asegura Aditex - PotenciaRadiofonicaDominicana.com","isPartOf":{"@id":"https:\/\/potenciaradiofonicadominicana.com\/portal\/#website"},"primaryImageOfPage":{"@id":"https:\/\/potenciaradiofonicadominicana.com\/portal\/pacas-impactan-negativamente-las-industrias-textiles-asegura-aditex\/#primaryimage"},"image":{"@id":"https:\/\/potenciaradiofonicadominicana.com\/portal\/pacas-impactan-negativamente-las-industrias-textiles-asegura-aditex\/#primaryimage"},"thumbnailUrl":"https:\/\/potenciaradiofonicadominicana.com\/portal\/wp-content\/uploads\/2022\/02\/tienda-ropa-de-segunda-mano-131561f3-7ba25320-focus-0-0-895-573.jpg","datePublished":"2022-02-17T12:54:48+00:00","breadcrumb":{"@id":"https:\/\/potenciaradiofonicadominicana.com\/portal\/pacas-impactan-negativamente-las-industrias-textiles-asegura-aditex\/#breadcrumb"},"inLanguage":"es","potentialAction":[{"@type":"ReadAction","target":["https:\/\/potenciaradiofonicadominicana.com\/portal\/pacas-impactan-negativamente-las-industrias-textiles-asegura-aditex\/"]}]},{"@type":"ImageObject","inLanguage":"es","@id":"https:\/\/potenciaradiofonicadominicana.com\/portal\/pacas-impactan-negativamente-las-industrias-textiles-asegura-aditex\/#primaryimage","url":"https:\/\/potenciaradiofonicadominicana.com\/portal\/wp-content\/uploads\/2022\/02\/tienda-ropa-de-segunda-mano-131561f3-7ba25320-focus-0-0-895-573.jpg","contentUrl":"https:\/\/potenciaradiofonicadominicana.com\/portal\/wp-content\/uploads\/2022\/02\/tienda-ropa-de-segunda-mano-131561f3-7ba25320-focus-0-0-895-573.jpg","width":640,"height":409},{"@type":"BreadcrumbList","@id":"https:\/\/potenciaradiofonicadominicana.com\/portal\/pacas-impactan-negativamente-las-industrias-textiles-asegura-aditex\/#breadcrumb","itemListElement":[{"@type":"ListItem","position":1,"name":"Portada","item":"https:\/\/potenciaradiofonicadominicana.com\/portal\/"},{"@type":"ListItem","position":2,"name":"Pacas impactan negativamente las industrias textiles, asegura Aditex"}]},{"@type":"WebSite","@id":"https:\/\/potenciaradiofonicadominicana.com\/portal\/#website","url":"https:\/\/potenciaradiofonicadominicana.com\/portal\/","name":"PotenciaRadiofonicaDominicana.com","description":"Peri\u00f3dico Digital","publisher":{"@id":"https:\/\/potenciaradiofonicadominicana.com\/portal\/#organization"},"potentialAction":[{"@type":"SearchAction","target":{"@type":"EntryPoint","urlTemplate":"https:\/\/potenciaradiofonicadominicana.com\/portal\/?s={search_term_string}"},"query-input":{"@type":"PropertyValueSpecification","valueRequired":true,"valueName":"search_term_string"}}],"inLanguage":"es"},{"@type":"Organization","@id":"https:\/\/potenciaradiofonicadominicana.com\/portal\/#organization","name":"PotenciaRadiofonicaDominicana.com","url":"https:\/\/potenciaradiofonicadominicana.com\/portal\/","logo":{"@type":"ImageObject","inLanguage":"es","@id":"https:\/\/potenciaradiofonicadominicana.com\/portal\/#\/schema\/logo\/image\/","url":"https:\/\/potenciaradiofonicadominicana.com\/portal\/wp-content\/uploads\/2022\/01\/descarga.png","contentUrl":"https:\/\/potenciaradiofonicadominicana.com\/portal\/wp-content\/uploads\/2022\/01\/descarga.png","width":300,"height":100,"caption":"PotenciaRadiofonicaDominicana.com"},"image":{"@id":"https:\/\/potenciaradiofonicadominicana.com\/portal\/#\/schema\/logo\/image\/"},"sameAs":["https:\/\/web.facebook.com\/PotenciaRadiofonicaD"]},{"@type":"Person","@id":"https:\/\/potenciaradiofonicadominicana.com\/portal\/#\/schema\/person\/a5cf1fea13877803ee0573ac18b03490","name":"Potencia Radiof\u00f3nica Dominicana","image":{"@type":"ImageObject","inLanguage":"es","@id":"https:\/\/potenciaradiofonicadominicana.com\/portal\/#\/schema\/person\/image\/","url":"https:\/\/secure.gravatar.com\/avatar\/42a55ab9e8ccc656ba34cd791990602a?s=96&d=mm&r=g","contentUrl":"https:\/\/secure.gravatar.com\/avatar\/42a55ab9e8ccc656ba34cd791990602a?s=96&d=mm&r=g","caption":"Potencia Radiof\u00f3nica Dominicana"},"url":"https:\/\/potenciaradiofonicadominicana.com\/portal\/author\/johannyalmanzar\/"}]}},"_links":{"self":[{"href":"https:\/\/potenciaradiofonicadominicana.com\/portal\/wp-json\/wp\/v2\/posts\/116945","targetHints":{"allow":["GET"]}}],"collection":[{"href":"https:\/\/potenciaradiofonicadominicana.com\/portal\/wp-json\/wp\/v2\/posts"}],"about":[{"href":"https:\/\/potenciaradiofonicadominicana.com\/portal\/wp-json\/wp\/v2\/types\/post"}],"author":[{"embeddable":true,"href":"https:\/\/potenciaradiofonicadominicana.com\/portal\/wp-json\/wp\/v2\/users\/2"}],"replies":[{"embeddable":true,"href":"https:\/\/potenciaradiofonicadominicana.com\/portal\/wp-json\/wp\/v2\/comments?post=116945"}],"version-history":[{"count":1,"href":"https:\/\/potenciaradiofonicadominicana.com\/portal\/wp-json\/wp\/v2\/posts\/116945\/revisions"}],"predecessor-version":[{"id":116947,"href":"https:\/\/potenciaradiofonicadominicana.com\/portal\/wp-json\/wp\/v2\/posts\/116945\/revisions\/116947"}],"wp:featuredmedia":[{"embeddable":true,"href":"https:\/\/potenciaradiofonicadominicana.com\/portal\/wp-json\/wp\/v2\/media\/116946"}],"wp:attachment":[{"href":"https:\/\/potenciaradiofonicadominicana.com\/portal\/wp-json\/wp\/v2\/media?parent=116945"}],"wp:term":[{"taxonomy":"category","embeddable":true,"href":"https:\/\/potenciaradiofonicadominicana.com\/portal\/wp-json\/wp\/v2\/categories?post=116945"},{"taxonomy":"post_tag","embeddable":true,"href":"https:\/\/potenciaradiofonicadominicana.com\/portal\/wp-json\/wp\/v2\/tags?post=116945"}],"curies":[{"name":"wp","href":"https:\/\/api.w.org\/{rel}","templated":true}]}}