{"id":116934,"date":"2022-02-17T08:49:08","date_gmt":"2022-02-17T12:49:08","guid":{"rendered":"https:\/\/potenciaradiofonicadominicana.com\/portal\/?p=116934"},"modified":"2022-02-17T08:49:08","modified_gmt":"2022-02-17T12:49:08","slug":"construiran-parque-de-generacion-electrica-solar-en-bani","status":"publish","type":"post","link":"https:\/\/potenciaradiofonicadominicana.com\/portal\/construiran-parque-de-generacion-electrica-solar-en-bani\/","title":{"rendered":"Construir\u00e1n parque de generaci\u00f3n el\u00e9ctrica solar en Ban\u00ed"},"content":{"rendered":"<p><a href=\"https:\/\/potenciaradiofonicadominicana.com\/portal\/wp-content\/uploads\/2022\/02\/whatsapp-image-2022-02-16-at-21721-pm-b9650735-focus-min0.44-0.08-895-573.jpg\"><img loading=\"lazy\" decoding=\"async\" class=\"alignnone size-full wp-image-116936\" src=\"https:\/\/potenciaradiofonicadominicana.com\/portal\/wp-content\/uploads\/2022\/02\/whatsapp-image-2022-02-16-at-21721-pm-b9650735-focus-min0.44-0.08-895-573.jpg\" alt=\"\" width=\"895\" height=\"573\" srcset=\"https:\/\/potenciaradiofonicadominicana.com\/portal\/wp-content\/uploads\/2022\/02\/whatsapp-image-2022-02-16-at-21721-pm-b9650735-focus-min0.44-0.08-895-573.jpg 895w, https:\/\/potenciaradiofonicadominicana.com\/portal\/wp-content\/uploads\/2022\/02\/whatsapp-image-2022-02-16-at-21721-pm-b9650735-focus-min0.44-0.08-895-573-300x192.jpg 300w, https:\/\/potenciaradiofonicadominicana.com\/portal\/wp-content\/uploads\/2022\/02\/whatsapp-image-2022-02-16-at-21721-pm-b9650735-focus-min0.44-0.08-895-573-768x492.jpg 768w\" sizes=\"auto, (max-width: 895px) 100vw, 895px\" \/><\/a><\/p>\n<p>El Estado dominicano, representado por\u00a0la\u00a0Comisi\u00f3n Nacional de Energ\u00eda\u00a0(CNE),\u00a0y la empresa\u00a0EDP Energ\u00edas Renovables Dominicana\u00a0firmaron hoy el contrato de concesi\u00f3n definitiva para la instalaci\u00f3n del proyecto Ban\u00ed Solar, que tendr\u00e1 una generaci\u00f3n de 160 megavatios.<\/p>\n<p>El contrato fue suscrito por el director ejecutivo de la CNE, Edward Veras D\u00edaz, y por Frank Epps, presidente de la empresa que operar\u00e1 el proyecto en la comunidad de Gale\u00f3n, en el municipio de Ban\u00ed, provincia Peravia.<\/p>\n<p>Veras D\u00edaz resalt\u00f3 la importancia de la obra de generaci\u00f3n el\u00e9ctrica, que lograr\u00e1 reducir la dependencia de combustibles f\u00f3siles, limitando la emisi\u00f3n de gases de efecto invernadero y generando cientos de empleos directos e indirectos en sus fases de construcci\u00f3n y operaci\u00f3n.<\/p>\n<p>Signific\u00f3 que la firma de concesi\u00f3n es una muestra m\u00e1s de la eficiencia, transparencia y apego a la normativa con que trabajan las autoridades del sector energ\u00e9tico, as\u00ed como la confianza que tienen los diversos sectores de invertir en el pa\u00eds debido a las garant\u00edas que le brinda el gobierno que preside Luis Abinader, seg\u00fan una nota de prensa.<\/p>\n<p>En tanto, Frank Epps agradeci\u00f3 a la CNE y dem\u00e1s autoridades las facilidades que les brindaron para el otorgamiento de la concesi\u00f3n y para la inscripci\u00f3n de la empresa en el Registro de instalaci\u00f3n de producci\u00f3n en el R\u00e9gimen especial de electricidad.<\/p>\n<p>El empresario\u00a0indic\u00f3 que el proyecto\u00a0Ban\u00ed Solar\u00a0tendr\u00e1 una capacidad nominal de generaci\u00f3n de 160 megavatios y una producci\u00f3n pico de 200.2 megavatios.<\/p>\n<p>La concesi\u00f3n definitiva para el\u00a0parque,<strong>\u00a0<\/strong>otorgada mediante la resoluci\u00f3n CNE-ER-0003-2022 del 16 de febrero de 2022, tiene una duraci\u00f3n de 30 a\u00f1os.<\/p>\n","protected":false},"excerpt":{"rendered":"<p>El Estado dominicano, representado por\u00a0la\u00a0Comisi\u00f3n Nacional de Energ\u00eda\u00a0(CNE),\u00a0y la empresa\u00a0EDP Energ\u00edas Renovables Dominicana\u00a0firmaron hoy el contrato de concesi\u00f3n definitiva para &#8230;<\/p>\n","protected":false},"author":2,"featured_media":116936,"comment_status":"closed","ping_status":"closed","sticky":false,"template":"","format":"standard","meta":{"footnotes":""},"categories":[26],"tags":[],"class_list":["post-116934","post","type-post","status-publish","format-standard","has-post-thumbnail","hentry","category-economia"],"yoast_head":"<!-- This site is optimized with the Yoast SEO plugin v24.8.1 - https:\/\/yoast.com\/wordpress\/plugins\/seo\/ -->\n<title>Construir\u00e1n parque de generaci\u00f3n el\u00e9ctrica solar en Ban\u00ed - PotenciaRadiofonicaDominicana.com<\/title>\n<meta name=\"robots\" content=\"index, follow, max-snippet:-1, max-image-preview:large, max-video-preview:-1\" \/>\n<link rel=\"canonical\" href=\"https:\/\/potenciaradiofonicadominicana.com\/portal\/construiran-parque-de-generacion-electrica-solar-en-bani\/\" \/>\n<meta property=\"og:locale\" content=\"es_ES\" \/>\n<meta property=\"og:type\" content=\"article\" \/>\n<meta property=\"og:title\" content=\"Construir\u00e1n parque de generaci\u00f3n el\u00e9ctrica solar en Ban\u00ed - PotenciaRadiofonicaDominicana.com\" \/>\n<meta property=\"og:description\" content=\"El Estado dominicano, representado por\u00a0la\u00a0Comisi\u00f3n Nacional de Energ\u00eda\u00a0(CNE),\u00a0y la empresa\u00a0EDP Energ\u00edas Renovables Dominicana\u00a0firmaron hoy el contrato de concesi\u00f3n definitiva para ...\" \/>\n<meta property=\"og:url\" content=\"https:\/\/potenciaradiofonicadominicana.com\/portal\/construiran-parque-de-generacion-electrica-solar-en-bani\/\" \/>\n<meta property=\"og:site_name\" content=\"PotenciaRadiofonicaDominicana.com\" \/>\n<meta property=\"article:publisher\" content=\"https:\/\/web.facebook.com\/PotenciaRadiofonicaD\" \/>\n<meta property=\"article:published_time\" content=\"2022-02-17T12:49:08+00:00\" \/>\n<meta property=\"og:image\" content=\"https:\/\/potenciaradiofonicadominicana.com\/portal\/wp-content\/uploads\/2022\/02\/whatsapp-image-2022-02-16-at-21721-pm-b9650735-focus-min0.44-0.08-895-573.jpg\" \/>\n\t<meta property=\"og:image:width\" content=\"895\" \/>\n\t<meta property=\"og:image:height\" content=\"573\" \/>\n\t<meta property=\"og:image:type\" content=\"image\/jpeg\" \/>\n<meta name=\"author\" content=\"Potencia Radiof\u00f3nica Dominicana\" \/>\n<meta name=\"twitter:card\" content=\"summary_large_image\" \/>\n<meta name=\"twitter:label1\" content=\"Escrito por\" \/>\n\t<meta name=\"twitter:data1\" content=\"Potencia Radiof\u00f3nica Dominicana\" \/>\n\t<meta name=\"twitter:label2\" content=\"Tiempo de lectura\" \/>\n\t<meta name=\"twitter:data2\" content=\"1 minuto\" \/>\n<script type=\"application\/ld+json\" class=\"yoast-schema-graph\">{\"@context\":\"https:\/\/schema.org\",\"@graph\":[{\"@type\":\"Article\",\"@id\":\"https:\/\/potenciaradiofonicadominicana.com\/portal\/construiran-parque-de-generacion-electrica-solar-en-bani\/#article\",\"isPartOf\":{\"@id\":\"https:\/\/potenciaradiofonicadominicana.com\/portal\/construiran-parque-de-generacion-electrica-solar-en-bani\/\"},\"author\":{\"name\":\"Potencia Radiof\u00f3nica Dominicana\",\"@id\":\"https:\/\/potenciaradiofonicadominicana.com\/portal\/#\/schema\/person\/a5cf1fea13877803ee0573ac18b03490\"},\"headline\":\"Construir\u00e1n parque de generaci\u00f3n el\u00e9ctrica solar en Ban\u00ed\",\"datePublished\":\"2022-02-17T12:49:08+00:00\",\"mainEntityOfPage\":{\"@id\":\"https:\/\/potenciaradiofonicadominicana.com\/portal\/construiran-parque-de-generacion-electrica-solar-en-bani\/\"},\"wordCount\":306,\"publisher\":{\"@id\":\"https:\/\/potenciaradiofonicadominicana.com\/portal\/#organization\"},\"image\":{\"@id\":\"https:\/\/potenciaradiofonicadominicana.com\/portal\/construiran-parque-de-generacion-electrica-solar-en-bani\/#primaryimage\"},\"thumbnailUrl\":\"https:\/\/potenciaradiofonicadominicana.com\/portal\/wp-content\/uploads\/2022\/02\/whatsapp-image-2022-02-16-at-21721-pm-b9650735-focus-min0.44-0.08-895-573.jpg\",\"articleSection\":[\"Econom\u00eda\"],\"inLanguage\":\"es\"},{\"@type\":\"WebPage\",\"@id\":\"https:\/\/potenciaradiofonicadominicana.com\/portal\/construiran-parque-de-generacion-electrica-solar-en-bani\/\",\"url\":\"https:\/\/potenciaradiofonicadominicana.com\/portal\/construiran-parque-de-generacion-electrica-solar-en-bani\/\",\"name\":\"Construir\u00e1n parque de generaci\u00f3n el\u00e9ctrica solar en Ban\u00ed - PotenciaRadiofonicaDominicana.com\",\"isPartOf\":{\"@id\":\"https:\/\/potenciaradiofonicadominicana.com\/portal\/#website\"},\"primaryImageOfPage\":{\"@id\":\"https:\/\/potenciaradiofonicadominicana.com\/portal\/construiran-parque-de-generacion-electrica-solar-en-bani\/#primaryimage\"},\"image\":{\"@id\":\"https:\/\/potenciaradiofonicadominicana.com\/portal\/construiran-parque-de-generacion-electrica-solar-en-bani\/#primaryimage\"},\"thumbnailUrl\":\"https:\/\/potenciaradiofonicadominicana.com\/portal\/wp-content\/uploads\/2022\/02\/whatsapp-image-2022-02-16-at-21721-pm-b9650735-focus-min0.44-0.08-895-573.jpg\",\"datePublished\":\"2022-02-17T12:49:08+00:00\",\"breadcrumb\":{\"@id\":\"https:\/\/potenciaradiofonicadominicana.com\/portal\/construiran-parque-de-generacion-electrica-solar-en-bani\/#breadcrumb\"},\"inLanguage\":\"es\",\"potentialAction\":[{\"@type\":\"ReadAction\",\"target\":[\"https:\/\/potenciaradiofonicadominicana.com\/portal\/construiran-parque-de-generacion-electrica-solar-en-bani\/\"]}]},{\"@type\":\"ImageObject\",\"inLanguage\":\"es\",\"@id\":\"https:\/\/potenciaradiofonicadominicana.com\/portal\/construiran-parque-de-generacion-electrica-solar-en-bani\/#primaryimage\",\"url\":\"https:\/\/potenciaradiofonicadominicana.com\/portal\/wp-content\/uploads\/2022\/02\/whatsapp-image-2022-02-16-at-21721-pm-b9650735-focus-min0.44-0.08-895-573.jpg\",\"contentUrl\":\"https:\/\/potenciaradiofonicadominicana.com\/portal\/wp-content\/uploads\/2022\/02\/whatsapp-image-2022-02-16-at-21721-pm-b9650735-focus-min0.44-0.08-895-573.jpg\",\"width\":895,\"height\":573},{\"@type\":\"BreadcrumbList\",\"@id\":\"https:\/\/potenciaradiofonicadominicana.com\/portal\/construiran-parque-de-generacion-electrica-solar-en-bani\/#breadcrumb\",\"itemListElement\":[{\"@type\":\"ListItem\",\"position\":1,\"name\":\"Portada\",\"item\":\"https:\/\/potenciaradiofonicadominicana.com\/portal\/\"},{\"@type\":\"ListItem\",\"position\":2,\"name\":\"Construir\u00e1n parque de generaci\u00f3n el\u00e9ctrica solar en Ban\u00ed\"}]},{\"@type\":\"WebSite\",\"@id\":\"https:\/\/potenciaradiofonicadominicana.com\/portal\/#website\",\"url\":\"https:\/\/potenciaradiofonicadominicana.com\/portal\/\",\"name\":\"PotenciaRadiofonicaDominicana.com\",\"description\":\"Peri\u00f3dico Digital\",\"publisher\":{\"@id\":\"https:\/\/potenciaradiofonicadominicana.com\/portal\/#organization\"},\"potentialAction\":[{\"@type\":\"SearchAction\",\"target\":{\"@type\":\"EntryPoint\",\"urlTemplate\":\"https:\/\/potenciaradiofonicadominicana.com\/portal\/?s={search_term_string}\"},\"query-input\":{\"@type\":\"PropertyValueSpecification\",\"valueRequired\":true,\"valueName\":\"search_term_string\"}}],\"inLanguage\":\"es\"},{\"@type\":\"Organization\",\"@id\":\"https:\/\/potenciaradiofonicadominicana.com\/portal\/#organization\",\"name\":\"PotenciaRadiofonicaDominicana.com\",\"url\":\"https:\/\/potenciaradiofonicadominicana.com\/portal\/\",\"logo\":{\"@type\":\"ImageObject\",\"inLanguage\":\"es\",\"@id\":\"https:\/\/potenciaradiofonicadominicana.com\/portal\/#\/schema\/logo\/image\/\",\"url\":\"https:\/\/potenciaradiofonicadominicana.com\/portal\/wp-content\/uploads\/2022\/01\/descarga.png\",\"contentUrl\":\"https:\/\/potenciaradiofonicadominicana.com\/portal\/wp-content\/uploads\/2022\/01\/descarga.png\",\"width\":300,\"height\":100,\"caption\":\"PotenciaRadiofonicaDominicana.com\"},\"image\":{\"@id\":\"https:\/\/potenciaradiofonicadominicana.com\/portal\/#\/schema\/logo\/image\/\"},\"sameAs\":[\"https:\/\/web.facebook.com\/PotenciaRadiofonicaD\"]},{\"@type\":\"Person\",\"@id\":\"https:\/\/potenciaradiofonicadominicana.com\/portal\/#\/schema\/person\/a5cf1fea13877803ee0573ac18b03490\",\"name\":\"Potencia Radiof\u00f3nica Dominicana\",\"image\":{\"@type\":\"ImageObject\",\"inLanguage\":\"es\",\"@id\":\"https:\/\/potenciaradiofonicadominicana.com\/portal\/#\/schema\/person\/image\/\",\"url\":\"https:\/\/secure.gravatar.com\/avatar\/42a55ab9e8ccc656ba34cd791990602a?s=96&d=mm&r=g\",\"contentUrl\":\"https:\/\/secure.gravatar.com\/avatar\/42a55ab9e8ccc656ba34cd791990602a?s=96&d=mm&r=g\",\"caption\":\"Potencia Radiof\u00f3nica Dominicana\"},\"url\":\"https:\/\/potenciaradiofonicadominicana.com\/portal\/author\/johannyalmanzar\/\"}]}<\/script>\n<!-- \/ Yoast SEO plugin. -->","yoast_head_json":{"title":"Construir\u00e1n parque de generaci\u00f3n el\u00e9ctrica solar en Ban\u00ed - PotenciaRadiofonicaDominicana.com","robots":{"index":"index","follow":"follow","max-snippet":"max-snippet:-1","max-image-preview":"max-image-preview:large","max-video-preview":"max-video-preview:-1"},"canonical":"https:\/\/potenciaradiofonicadominicana.com\/portal\/construiran-parque-de-generacion-electrica-solar-en-bani\/","og_locale":"es_ES","og_type":"article","og_title":"Construir\u00e1n parque de generaci\u00f3n el\u00e9ctrica solar en Ban\u00ed - PotenciaRadiofonicaDominicana.com","og_description":"El Estado dominicano, representado por\u00a0la\u00a0Comisi\u00f3n Nacional de Energ\u00eda\u00a0(CNE),\u00a0y la empresa\u00a0EDP Energ\u00edas Renovables Dominicana\u00a0firmaron hoy el contrato de concesi\u00f3n definitiva para ...","og_url":"https:\/\/potenciaradiofonicadominicana.com\/portal\/construiran-parque-de-generacion-electrica-solar-en-bani\/","og_site_name":"PotenciaRadiofonicaDominicana.com","article_publisher":"https:\/\/web.facebook.com\/PotenciaRadiofonicaD","article_published_time":"2022-02-17T12:49:08+00:00","og_image":[{"width":895,"height":573,"url":"https:\/\/potenciaradiofonicadominicana.com\/portal\/wp-content\/uploads\/2022\/02\/whatsapp-image-2022-02-16-at-21721-pm-b9650735-focus-min0.44-0.08-895-573.jpg","type":"image\/jpeg"}],"author":"Potencia Radiof\u00f3nica Dominicana","twitter_card":"summary_large_image","twitter_misc":{"Escrito por":"Potencia Radiof\u00f3nica Dominicana","Tiempo de lectura":"1 minuto"},"schema":{"@context":"https:\/\/schema.org","@graph":[{"@type":"Article","@id":"https:\/\/potenciaradiofonicadominicana.com\/portal\/construiran-parque-de-generacion-electrica-solar-en-bani\/#article","isPartOf":{"@id":"https:\/\/potenciaradiofonicadominicana.com\/portal\/construiran-parque-de-generacion-electrica-solar-en-bani\/"},"author":{"name":"Potencia Radiof\u00f3nica Dominicana","@id":"https:\/\/potenciaradiofonicadominicana.com\/portal\/#\/schema\/person\/a5cf1fea13877803ee0573ac18b03490"},"headline":"Construir\u00e1n parque de generaci\u00f3n el\u00e9ctrica solar en Ban\u00ed","datePublished":"2022-02-17T12:49:08+00:00","mainEntityOfPage":{"@id":"https:\/\/potenciaradiofonicadominicana.com\/portal\/construiran-parque-de-generacion-electrica-solar-en-bani\/"},"wordCount":306,"publisher":{"@id":"https:\/\/potenciaradiofonicadominicana.com\/portal\/#organization"},"image":{"@id":"https:\/\/potenciaradiofonicadominicana.com\/portal\/construiran-parque-de-generacion-electrica-solar-en-bani\/#primaryimage"},"thumbnailUrl":"https:\/\/potenciaradiofonicadominicana.com\/portal\/wp-content\/uploads\/2022\/02\/whatsapp-image-2022-02-16-at-21721-pm-b9650735-focus-min0.44-0.08-895-573.jpg","articleSection":["Econom\u00eda"],"inLanguage":"es"},{"@type":"WebPage","@id":"https:\/\/potenciaradiofonicadominicana.com\/portal\/construiran-parque-de-generacion-electrica-solar-en-bani\/","url":"https:\/\/potenciaradiofonicadominicana.com\/portal\/construiran-parque-de-generacion-electrica-solar-en-bani\/","name":"Construir\u00e1n parque de generaci\u00f3n el\u00e9ctrica solar en Ban\u00ed - PotenciaRadiofonicaDominicana.com","isPartOf":{"@id":"https:\/\/potenciaradiofonicadominicana.com\/portal\/#website"},"primaryImageOfPage":{"@id":"https:\/\/potenciaradiofonicadominicana.com\/portal\/construiran-parque-de-generacion-electrica-solar-en-bani\/#primaryimage"},"image":{"@id":"https:\/\/potenciaradiofonicadominicana.com\/portal\/construiran-parque-de-generacion-electrica-solar-en-bani\/#primaryimage"},"thumbnailUrl":"https:\/\/potenciaradiofonicadominicana.com\/portal\/wp-content\/uploads\/2022\/02\/whatsapp-image-2022-02-16-at-21721-pm-b9650735-focus-min0.44-0.08-895-573.jpg","datePublished":"2022-02-17T12:49:08+00:00","breadcrumb":{"@id":"https:\/\/potenciaradiofonicadominicana.com\/portal\/construiran-parque-de-generacion-electrica-solar-en-bani\/#breadcrumb"},"inLanguage":"es","potentialAction":[{"@type":"ReadAction","target":["https:\/\/potenciaradiofonicadominicana.com\/portal\/construiran-parque-de-generacion-electrica-solar-en-bani\/"]}]},{"@type":"ImageObject","inLanguage":"es","@id":"https:\/\/potenciaradiofonicadominicana.com\/portal\/construiran-parque-de-generacion-electrica-solar-en-bani\/#primaryimage","url":"https:\/\/potenciaradiofonicadominicana.com\/portal\/wp-content\/uploads\/2022\/02\/whatsapp-image-2022-02-16-at-21721-pm-b9650735-focus-min0.44-0.08-895-573.jpg","contentUrl":"https:\/\/potenciaradiofonicadominicana.com\/portal\/wp-content\/uploads\/2022\/02\/whatsapp-image-2022-02-16-at-21721-pm-b9650735-focus-min0.44-0.08-895-573.jpg","width":895,"height":573},{"@type":"BreadcrumbList","@id":"https:\/\/potenciaradiofonicadominicana.com\/portal\/construiran-parque-de-generacion-electrica-solar-en-bani\/#breadcrumb","itemListElement":[{"@type":"ListItem","position":1,"name":"Portada","item":"https:\/\/potenciaradiofonicadominicana.com\/portal\/"},{"@type":"ListItem","position":2,"name":"Construir\u00e1n parque de generaci\u00f3n el\u00e9ctrica solar en Ban\u00ed"}]},{"@type":"WebSite","@id":"https:\/\/potenciaradiofonicadominicana.com\/portal\/#website","url":"https:\/\/potenciaradiofonicadominicana.com\/portal\/","name":"PotenciaRadiofonicaDominicana.com","description":"Peri\u00f3dico Digital","publisher":{"@id":"https:\/\/potenciaradiofonicadominicana.com\/portal\/#organization"},"potentialAction":[{"@type":"SearchAction","target":{"@type":"EntryPoint","urlTemplate":"https:\/\/potenciaradiofonicadominicana.com\/portal\/?s={search_term_string}"},"query-input":{"@type":"PropertyValueSpecification","valueRequired":true,"valueName":"search_term_string"}}],"inLanguage":"es"},{"@type":"Organization","@id":"https:\/\/potenciaradiofonicadominicana.com\/portal\/#organization","name":"PotenciaRadiofonicaDominicana.com","url":"https:\/\/potenciaradiofonicadominicana.com\/portal\/","logo":{"@type":"ImageObject","inLanguage":"es","@id":"https:\/\/potenciaradiofonicadominicana.com\/portal\/#\/schema\/logo\/image\/","url":"https:\/\/potenciaradiofonicadominicana.com\/portal\/wp-content\/uploads\/2022\/01\/descarga.png","contentUrl":"https:\/\/potenciaradiofonicadominicana.com\/portal\/wp-content\/uploads\/2022\/01\/descarga.png","width":300,"height":100,"caption":"PotenciaRadiofonicaDominicana.com"},"image":{"@id":"https:\/\/potenciaradiofonicadominicana.com\/portal\/#\/schema\/logo\/image\/"},"sameAs":["https:\/\/web.facebook.com\/PotenciaRadiofonicaD"]},{"@type":"Person","@id":"https:\/\/potenciaradiofonicadominicana.com\/portal\/#\/schema\/person\/a5cf1fea13877803ee0573ac18b03490","name":"Potencia Radiof\u00f3nica Dominicana","image":{"@type":"ImageObject","inLanguage":"es","@id":"https:\/\/potenciaradiofonicadominicana.com\/portal\/#\/schema\/person\/image\/","url":"https:\/\/secure.gravatar.com\/avatar\/42a55ab9e8ccc656ba34cd791990602a?s=96&d=mm&r=g","contentUrl":"https:\/\/secure.gravatar.com\/avatar\/42a55ab9e8ccc656ba34cd791990602a?s=96&d=mm&r=g","caption":"Potencia Radiof\u00f3nica Dominicana"},"url":"https:\/\/potenciaradiofonicadominicana.com\/portal\/author\/johannyalmanzar\/"}]}},"_links":{"self":[{"href":"https:\/\/potenciaradiofonicadominicana.com\/portal\/wp-json\/wp\/v2\/posts\/116934","targetHints":{"allow":["GET"]}}],"collection":[{"href":"https:\/\/potenciaradiofonicadominicana.com\/portal\/wp-json\/wp\/v2\/posts"}],"about":[{"href":"https:\/\/potenciaradiofonicadominicana.com\/portal\/wp-json\/wp\/v2\/types\/post"}],"author":[{"embeddable":true,"href":"https:\/\/potenciaradiofonicadominicana.com\/portal\/wp-json\/wp\/v2\/users\/2"}],"replies":[{"embeddable":true,"href":"https:\/\/potenciaradiofonicadominicana.com\/portal\/wp-json\/wp\/v2\/comments?post=116934"}],"version-history":[{"count":1,"href":"https:\/\/potenciaradiofonicadominicana.com\/portal\/wp-json\/wp\/v2\/posts\/116934\/revisions"}],"predecessor-version":[{"id":116939,"href":"https:\/\/potenciaradiofonicadominicana.com\/portal\/wp-json\/wp\/v2\/posts\/116934\/revisions\/116939"}],"wp:featuredmedia":[{"embeddable":true,"href":"https:\/\/potenciaradiofonicadominicana.com\/portal\/wp-json\/wp\/v2\/media\/116936"}],"wp:attachment":[{"href":"https:\/\/potenciaradiofonicadominicana.com\/portal\/wp-json\/wp\/v2\/media?parent=116934"}],"wp:term":[{"taxonomy":"category","embeddable":true,"href":"https:\/\/potenciaradiofonicadominicana.com\/portal\/wp-json\/wp\/v2\/categories?post=116934"},{"taxonomy":"post_tag","embeddable":true,"href":"https:\/\/potenciaradiofonicadominicana.com\/portal\/wp-json\/wp\/v2\/tags?post=116934"}],"curies":[{"name":"wp","href":"https:\/\/api.w.org\/{rel}","templated":true}]}}