{"id":116788,"date":"2022-02-16T13:23:40","date_gmt":"2022-02-16T17:23:40","guid":{"rendered":"https:\/\/potenciaradiofonicadominicana.com\/portal\/?p=116788"},"modified":"2022-02-16T13:23:40","modified_gmt":"2022-02-16T17:23:40","slug":"los-impuestos-digitales-se-pagarian-a-traves-de-mecanismos-especiales","status":"publish","type":"post","link":"https:\/\/potenciaradiofonicadominicana.com\/portal\/los-impuestos-digitales-se-pagarian-a-traves-de-mecanismos-especiales\/","title":{"rendered":"Los impuestos digitales se pagar\u00edan a trav\u00e9s de mecanismos especiales"},"content":{"rendered":"<p><a href=\"https:\/\/potenciaradiofonicadominicana.com\/portal\/wp-content\/uploads\/2022\/02\/netflix-ecbcf1ca-focus-0-0-895-573.jpg\"><img loading=\"lazy\" decoding=\"async\" class=\"alignnone size-full wp-image-116789\" src=\"https:\/\/potenciaradiofonicadominicana.com\/portal\/wp-content\/uploads\/2022\/02\/netflix-ecbcf1ca-focus-0-0-895-573.jpg\" alt=\"\" width=\"895\" height=\"573\" srcset=\"https:\/\/potenciaradiofonicadominicana.com\/portal\/wp-content\/uploads\/2022\/02\/netflix-ecbcf1ca-focus-0-0-895-573.jpg 895w, https:\/\/potenciaradiofonicadominicana.com\/portal\/wp-content\/uploads\/2022\/02\/netflix-ecbcf1ca-focus-0-0-895-573-300x192.jpg 300w, https:\/\/potenciaradiofonicadominicana.com\/portal\/wp-content\/uploads\/2022\/02\/netflix-ecbcf1ca-focus-0-0-895-573-768x492.jpg 768w\" sizes=\"auto, (max-width: 895px) 100vw, 895px\" \/><\/a><\/p>\n<p>Como en algunos pa\u00edses de Am\u00e9rica Latina, las empresas proveedoras de\u00a0servicios digitales\u00a0en el extranjero tendr\u00edan que tributar a trav\u00e9s de mecanismos especiales en Rep\u00fablica Dominicana, en este caso ser\u00eda una tasa de un 18 % por el Impuesto sobre Transferencias de Bienes Industrializados y Servicios (ITBIS).<\/p>\n<p>As\u00ed lo explica la\u00a0Direcci\u00f3n General de Impuestos Internos\u00a0(DGII) en un comunicado difundido este martes, en el que busca aclarar las dudas generadas por la convocatoria a discusi\u00f3n p\u00fablica sobre el proyecto titulado\u00a0\u201cReglamento que regula el procedimiento para la aplicaci\u00f3n del Itbis a los\u00a0servicios digitales\u00a0captados en la Rep\u00fablica Dominicana y que son prestados por\u00a0proveedores\u00a0del exterior\u201d.<\/p>\n<p>\u201cTributar\u00e1n de manera virtual, presentando el ITBIS mediante una declaraci\u00f3n especial que deber\u00e1 ser liquidada antes de los d\u00edas 20 de cada mes\u201d, especifica la\u00a0DGII\u00a0sobre la iniciativa de recaudaci\u00f3n por el uso de plataformas como\u00a0Amazon, Expedia, Google, Netflix, Spotify, DiDi, Uber,\u00a0 Airbnb, Indriver, entre otros.<\/p>\n<p>Indica que los\u00a0servicios digitales\u00a0que estar\u00e1n sujetos a la recaudaci\u00f3n del ITBIS ser\u00e1n la publicidad en l\u00ednea, intermediaci\u00f3n en l\u00ednea (comisi\u00f3n), los de transmisi\u00f3n de datos, streaming, entre otros.<\/p>\n<p>En Chile, desde 1 de junio de 2020, los\u00a0proveedores\u00a0de servicio exterior digital tienen la obligaci\u00f3n de realizar declaraciones del impuesto al valor agregado (IVA), que es de un 19 %, y lo hacen a trav\u00e9s de un sistema online.<\/p>\n<p>Mecanismos similares han sido adoptados en Argentina y M\u00e9xico, en vigencia desde 2018; Colombia, desde 2019; y Costa Rica, desde 2020.<\/p>\n<p>No ser\u00e1 al usuario<\/p>\n<p>Ante la duda de si este impuesto ser\u00e1 retenido de manera directa al usuario en Rep\u00fablica Dominicana, al momento de pagar el servicio digital, la\u00a0DGII\u00a0ha respondido con un contundente \u201cno\u201d.<\/p>\n<p>\u201cNo. El Decreto no instaura agentes de retenci\u00f3n sobre el consumo del servicio al usuario dominicano\u201d, se indica textualmente en el comunicado.<\/p>\n<p>En otro p\u00e1rrafo del texto, cuando se plantea la cuesti\u00f3n de si se aplicar\u00e1 el impuesto cuando sea contratado o consumido el servicio digital, se explica que \u201cquien va a pagar el ITBIS es el proveedor internacional respecto a su servicio de intermediaci\u00f3n (comisi\u00f3n). Este ITBIS no podr\u00e1 repercutirse ni compensarse en la Rep\u00fablica Dominicana, salvo que estos\u00a0proveedores\u00a0instauren establecimiento permanente en este pa\u00eds\u201d.<\/p>\n<div class=\"social-embed mb-4\">\n<div class=\"twitter-tweet twitter-tweet-rendered\"><iframe loading=\"lazy\" id=\"twitter-widget-0\" class=\"\" title=\"Twitter Tweet\" src=\"https:\/\/platform.twitter.com\/embed\/Tweet.html?dnt=false&amp;embedId=twitter-widget-0&amp;features=eyJ0ZndfZXhwZXJpbWVudHNfY29va2llX2V4cGlyYXRpb24iOnsiYnVja2V0IjoxMjA5NjAwLCJ2ZXJzaW9uIjpudWxsfSwidGZ3X2hvcml6b25fdHdlZXRfZW1iZWRfOTU1NSI6eyJidWNrZXQiOiJodGUiLCJ2ZXJzaW9uIjpudWxsfSwidGZ3X3NwYWNlX2NhcmQiOnsiYnVja2V0Ijoib2ZmIiwidmVyc2lvbiI6bnVsbH19&amp;frame=false&amp;hideCard=false&amp;hideThread=false&amp;id=1493753938151018496&amp;lang=es&amp;origin=https%3A%2F%2Fwww.diariolibre.com%2Feconomia%2Ffinanzas%2F2022%2F02%2F15%2Fdeclaracion-especial-para-empresas-de-servicios-digitales%2F1643500&amp;sessionId=4e1b9cb05e7548eba6f3ae4710585a9202ebfe13&amp;siteScreenName=diariolibre&amp;theme=light&amp;widgetsVersion=0a8eea3%3A1643743420422&amp;width=550px\" width=\"300\" height=\"150\" frameborder=\"0\" scrolling=\"no\" allowfullscreen=\"allowfullscreen\" data-tweet-id=\"1493753938151018496\" data-mce-fragment=\"1\"><\/iframe><\/div>\n<div class=\" lazyloaded\" data-script=\"https:\/\/platform.twitter.com\/widgets.js\"><\/div>\n<\/div>\n<p>Este m\u00e9todo, aplicado en la mayor\u00eda de los pa\u00edses en Am\u00e9rica Latina que han aprobado este impuesto, es diferente al de Ecuador, donde se grava el 12 % del IVA directamente a los pagos con tarjeta de cr\u00e9dito de los usuarios.<\/p>\n<p>Frente a la duda de si el usuario podr\u00e1 pedir a estas empresas de\u00a0servicios digitales\u00a0extranjeras que emitan factura con comprobante fiscal, la\u00a0DGII\u00a0se\u00f1ala que mientras el proveedor internacional \u201cno constituya establecimiento permanente en la Rep\u00fablica Dominicana, no estar\u00e1 sujeto a las formalidades de facturaci\u00f3n decreto 254-06 y la Norma General 06-21 o de cualquier documento tributario por sus operaciones en territorio dominicano\u201d.<\/p>\n<p>Las razones<\/p>\n<p>La\u00a0DGII\u00a0dedica gran parte del comunicado a explicar las razones de por qu\u00e9 el Gobierno dominicano busca establecer el cobro de ITBIS a los\u00a0servicios digitales\u00a0de empresas extranjeras.<\/p>\n<p>\u201cConforme al principio del destino en el caso del Impuesto sobre Transferencias de Bienes Industrializados y Servicios cuando grave el consumo de servicios y bienes intangibles objeto de comercio internacional est\u00e1 dise\u00f1ado para asegurar que dicho impuesto se aplique en la jurisdicci\u00f3n fiscal donde se produce el consumo o captaci\u00f3n final, lo que mantiene la neutralidad del sistema\u201d, explica el organismo.<\/p>\n<p>Otra raz\u00f3n es el criterio de equidad tributaria.\u00a0<strong>\u201c<\/strong>Las empresas dominicanas que realizan servicios similares pagan sus\u00a0impuestos. En ese sentido, la\u00a0DGII\u00a0tiene la obligaci\u00f3n de garantizar y facilitar la equidad en la aplicaci\u00f3n equilibrada de las leyes tributarias para garantizar un adecuado clima de competitividad en todos los sectores econ\u00f3micos\u201d.<\/p>\n<p>Aclara, adem\u00e1s, que estos servicios no est\u00e1n exentos del pago del ITBIS, \u201cseg\u00fan el art\u00edculo 344 del C\u00f3digo Tributario; por lo que les son aplicables las disposiciones del C\u00f3digo Tributario y del Reglamento N\u00fam. 293-11 para la Aplicaci\u00f3n del T\u00edtulo III del referido C\u00f3digo\u201d.<\/p>\n<p>Luego de plantear respuestas a las dudas y cuestiones sobre este proyecto, en el comunicado, la\u00a0DGII\u00a0reitera su llamado a los interesados a participar de la consulta p\u00fablica en torno a esta iniciativa,\u00a0que comenz\u00f3 ayer y finalizar\u00e1 el 21 de marzo, a trav\u00e9s de su portal web.<\/p>\n","protected":false},"excerpt":{"rendered":"<p>Como en algunos pa\u00edses de Am\u00e9rica Latina, las empresas proveedoras de\u00a0servicios digitales\u00a0en el extranjero tendr\u00edan que tributar a trav\u00e9s de &#8230;<\/p>\n","protected":false},"author":2,"featured_media":116789,"comment_status":"closed","ping_status":"closed","sticky":false,"template":"","format":"standard","meta":{"footnotes":""},"categories":[26],"tags":[],"class_list":["post-116788","post","type-post","status-publish","format-standard","has-post-thumbnail","hentry","category-economia"],"yoast_head":"<!-- This site is optimized with the Yoast SEO plugin v24.8.1 - https:\/\/yoast.com\/wordpress\/plugins\/seo\/ -->\n<title>Los impuestos digitales se pagar\u00edan a trav\u00e9s de mecanismos especiales - PotenciaRadiofonicaDominicana.com<\/title>\n<meta name=\"robots\" content=\"index, follow, max-snippet:-1, max-image-preview:large, max-video-preview:-1\" \/>\n<link rel=\"canonical\" href=\"https:\/\/potenciaradiofonicadominicana.com\/portal\/los-impuestos-digitales-se-pagarian-a-traves-de-mecanismos-especiales\/\" \/>\n<meta property=\"og:locale\" content=\"es_ES\" \/>\n<meta property=\"og:type\" content=\"article\" \/>\n<meta property=\"og:title\" content=\"Los impuestos digitales se pagar\u00edan a trav\u00e9s de mecanismos especiales - PotenciaRadiofonicaDominicana.com\" \/>\n<meta property=\"og:description\" content=\"Como en algunos pa\u00edses de Am\u00e9rica Latina, las empresas proveedoras de\u00a0servicios digitales\u00a0en el extranjero tendr\u00edan que tributar a trav\u00e9s de ...\" \/>\n<meta property=\"og:url\" content=\"https:\/\/potenciaradiofonicadominicana.com\/portal\/los-impuestos-digitales-se-pagarian-a-traves-de-mecanismos-especiales\/\" \/>\n<meta property=\"og:site_name\" content=\"PotenciaRadiofonicaDominicana.com\" \/>\n<meta property=\"article:publisher\" content=\"https:\/\/web.facebook.com\/PotenciaRadiofonicaD\" \/>\n<meta property=\"article:published_time\" content=\"2022-02-16T17:23:40+00:00\" \/>\n<meta property=\"og:image\" content=\"https:\/\/potenciaradiofonicadominicana.com\/portal\/wp-content\/uploads\/2022\/02\/netflix-ecbcf1ca-focus-0-0-895-573.jpg\" \/>\n\t<meta property=\"og:image:width\" content=\"895\" \/>\n\t<meta property=\"og:image:height\" content=\"573\" \/>\n\t<meta property=\"og:image:type\" content=\"image\/jpeg\" \/>\n<meta name=\"author\" content=\"Potencia Radiof\u00f3nica Dominicana\" \/>\n<meta name=\"twitter:card\" content=\"summary_large_image\" \/>\n<meta name=\"twitter:label1\" content=\"Escrito por\" \/>\n\t<meta name=\"twitter:data1\" content=\"Potencia Radiof\u00f3nica Dominicana\" \/>\n\t<meta name=\"twitter:label2\" content=\"Tiempo de lectura\" \/>\n\t<meta name=\"twitter:data2\" content=\"4 minutos\" \/>\n<script type=\"application\/ld+json\" class=\"yoast-schema-graph\">{\"@context\":\"https:\/\/schema.org\",\"@graph\":[{\"@type\":\"Article\",\"@id\":\"https:\/\/potenciaradiofonicadominicana.com\/portal\/los-impuestos-digitales-se-pagarian-a-traves-de-mecanismos-especiales\/#article\",\"isPartOf\":{\"@id\":\"https:\/\/potenciaradiofonicadominicana.com\/portal\/los-impuestos-digitales-se-pagarian-a-traves-de-mecanismos-especiales\/\"},\"author\":{\"name\":\"Potencia Radiof\u00f3nica Dominicana\",\"@id\":\"https:\/\/potenciaradiofonicadominicana.com\/portal\/#\/schema\/person\/a5cf1fea13877803ee0573ac18b03490\"},\"headline\":\"Los impuestos digitales se pagar\u00edan a trav\u00e9s de mecanismos especiales\",\"datePublished\":\"2022-02-16T17:23:40+00:00\",\"mainEntityOfPage\":{\"@id\":\"https:\/\/potenciaradiofonicadominicana.com\/portal\/los-impuestos-digitales-se-pagarian-a-traves-de-mecanismos-especiales\/\"},\"wordCount\":775,\"publisher\":{\"@id\":\"https:\/\/potenciaradiofonicadominicana.com\/portal\/#organization\"},\"image\":{\"@id\":\"https:\/\/potenciaradiofonicadominicana.com\/portal\/los-impuestos-digitales-se-pagarian-a-traves-de-mecanismos-especiales\/#primaryimage\"},\"thumbnailUrl\":\"https:\/\/potenciaradiofonicadominicana.com\/portal\/wp-content\/uploads\/2022\/02\/netflix-ecbcf1ca-focus-0-0-895-573.jpg\",\"articleSection\":[\"Econom\u00eda\"],\"inLanguage\":\"es\"},{\"@type\":\"WebPage\",\"@id\":\"https:\/\/potenciaradiofonicadominicana.com\/portal\/los-impuestos-digitales-se-pagarian-a-traves-de-mecanismos-especiales\/\",\"url\":\"https:\/\/potenciaradiofonicadominicana.com\/portal\/los-impuestos-digitales-se-pagarian-a-traves-de-mecanismos-especiales\/\",\"name\":\"Los impuestos digitales se pagar\u00edan a trav\u00e9s de mecanismos especiales - PotenciaRadiofonicaDominicana.com\",\"isPartOf\":{\"@id\":\"https:\/\/potenciaradiofonicadominicana.com\/portal\/#website\"},\"primaryImageOfPage\":{\"@id\":\"https:\/\/potenciaradiofonicadominicana.com\/portal\/los-impuestos-digitales-se-pagarian-a-traves-de-mecanismos-especiales\/#primaryimage\"},\"image\":{\"@id\":\"https:\/\/potenciaradiofonicadominicana.com\/portal\/los-impuestos-digitales-se-pagarian-a-traves-de-mecanismos-especiales\/#primaryimage\"},\"thumbnailUrl\":\"https:\/\/potenciaradiofonicadominicana.com\/portal\/wp-content\/uploads\/2022\/02\/netflix-ecbcf1ca-focus-0-0-895-573.jpg\",\"datePublished\":\"2022-02-16T17:23:40+00:00\",\"breadcrumb\":{\"@id\":\"https:\/\/potenciaradiofonicadominicana.com\/portal\/los-impuestos-digitales-se-pagarian-a-traves-de-mecanismos-especiales\/#breadcrumb\"},\"inLanguage\":\"es\",\"potentialAction\":[{\"@type\":\"ReadAction\",\"target\":[\"https:\/\/potenciaradiofonicadominicana.com\/portal\/los-impuestos-digitales-se-pagarian-a-traves-de-mecanismos-especiales\/\"]}]},{\"@type\":\"ImageObject\",\"inLanguage\":\"es\",\"@id\":\"https:\/\/potenciaradiofonicadominicana.com\/portal\/los-impuestos-digitales-se-pagarian-a-traves-de-mecanismos-especiales\/#primaryimage\",\"url\":\"https:\/\/potenciaradiofonicadominicana.com\/portal\/wp-content\/uploads\/2022\/02\/netflix-ecbcf1ca-focus-0-0-895-573.jpg\",\"contentUrl\":\"https:\/\/potenciaradiofonicadominicana.com\/portal\/wp-content\/uploads\/2022\/02\/netflix-ecbcf1ca-focus-0-0-895-573.jpg\",\"width\":895,\"height\":573},{\"@type\":\"BreadcrumbList\",\"@id\":\"https:\/\/potenciaradiofonicadominicana.com\/portal\/los-impuestos-digitales-se-pagarian-a-traves-de-mecanismos-especiales\/#breadcrumb\",\"itemListElement\":[{\"@type\":\"ListItem\",\"position\":1,\"name\":\"Portada\",\"item\":\"https:\/\/potenciaradiofonicadominicana.com\/portal\/\"},{\"@type\":\"ListItem\",\"position\":2,\"name\":\"Los impuestos digitales se pagar\u00edan a trav\u00e9s de mecanismos especiales\"}]},{\"@type\":\"WebSite\",\"@id\":\"https:\/\/potenciaradiofonicadominicana.com\/portal\/#website\",\"url\":\"https:\/\/potenciaradiofonicadominicana.com\/portal\/\",\"name\":\"PotenciaRadiofonicaDominicana.com\",\"description\":\"Peri\u00f3dico Digital\",\"publisher\":{\"@id\":\"https:\/\/potenciaradiofonicadominicana.com\/portal\/#organization\"},\"potentialAction\":[{\"@type\":\"SearchAction\",\"target\":{\"@type\":\"EntryPoint\",\"urlTemplate\":\"https:\/\/potenciaradiofonicadominicana.com\/portal\/?s={search_term_string}\"},\"query-input\":{\"@type\":\"PropertyValueSpecification\",\"valueRequired\":true,\"valueName\":\"search_term_string\"}}],\"inLanguage\":\"es\"},{\"@type\":\"Organization\",\"@id\":\"https:\/\/potenciaradiofonicadominicana.com\/portal\/#organization\",\"name\":\"PotenciaRadiofonicaDominicana.com\",\"url\":\"https:\/\/potenciaradiofonicadominicana.com\/portal\/\",\"logo\":{\"@type\":\"ImageObject\",\"inLanguage\":\"es\",\"@id\":\"https:\/\/potenciaradiofonicadominicana.com\/portal\/#\/schema\/logo\/image\/\",\"url\":\"https:\/\/potenciaradiofonicadominicana.com\/portal\/wp-content\/uploads\/2022\/01\/descarga.png\",\"contentUrl\":\"https:\/\/potenciaradiofonicadominicana.com\/portal\/wp-content\/uploads\/2022\/01\/descarga.png\",\"width\":300,\"height\":100,\"caption\":\"PotenciaRadiofonicaDominicana.com\"},\"image\":{\"@id\":\"https:\/\/potenciaradiofonicadominicana.com\/portal\/#\/schema\/logo\/image\/\"},\"sameAs\":[\"https:\/\/web.facebook.com\/PotenciaRadiofonicaD\"]},{\"@type\":\"Person\",\"@id\":\"https:\/\/potenciaradiofonicadominicana.com\/portal\/#\/schema\/person\/a5cf1fea13877803ee0573ac18b03490\",\"name\":\"Potencia Radiof\u00f3nica Dominicana\",\"image\":{\"@type\":\"ImageObject\",\"inLanguage\":\"es\",\"@id\":\"https:\/\/potenciaradiofonicadominicana.com\/portal\/#\/schema\/person\/image\/\",\"url\":\"https:\/\/secure.gravatar.com\/avatar\/42a55ab9e8ccc656ba34cd791990602a?s=96&d=mm&r=g\",\"contentUrl\":\"https:\/\/secure.gravatar.com\/avatar\/42a55ab9e8ccc656ba34cd791990602a?s=96&d=mm&r=g\",\"caption\":\"Potencia Radiof\u00f3nica Dominicana\"},\"url\":\"https:\/\/potenciaradiofonicadominicana.com\/portal\/author\/johannyalmanzar\/\"}]}<\/script>\n<!-- \/ Yoast SEO plugin. -->","yoast_head_json":{"title":"Los impuestos digitales se pagar\u00edan a trav\u00e9s de mecanismos especiales - PotenciaRadiofonicaDominicana.com","robots":{"index":"index","follow":"follow","max-snippet":"max-snippet:-1","max-image-preview":"max-image-preview:large","max-video-preview":"max-video-preview:-1"},"canonical":"https:\/\/potenciaradiofonicadominicana.com\/portal\/los-impuestos-digitales-se-pagarian-a-traves-de-mecanismos-especiales\/","og_locale":"es_ES","og_type":"article","og_title":"Los impuestos digitales se pagar\u00edan a trav\u00e9s de mecanismos especiales - PotenciaRadiofonicaDominicana.com","og_description":"Como en algunos pa\u00edses de Am\u00e9rica Latina, las empresas proveedoras de\u00a0servicios digitales\u00a0en el extranjero tendr\u00edan que tributar a trav\u00e9s de ...","og_url":"https:\/\/potenciaradiofonicadominicana.com\/portal\/los-impuestos-digitales-se-pagarian-a-traves-de-mecanismos-especiales\/","og_site_name":"PotenciaRadiofonicaDominicana.com","article_publisher":"https:\/\/web.facebook.com\/PotenciaRadiofonicaD","article_published_time":"2022-02-16T17:23:40+00:00","og_image":[{"width":895,"height":573,"url":"https:\/\/potenciaradiofonicadominicana.com\/portal\/wp-content\/uploads\/2022\/02\/netflix-ecbcf1ca-focus-0-0-895-573.jpg","type":"image\/jpeg"}],"author":"Potencia Radiof\u00f3nica Dominicana","twitter_card":"summary_large_image","twitter_misc":{"Escrito por":"Potencia Radiof\u00f3nica Dominicana","Tiempo de lectura":"4 minutos"},"schema":{"@context":"https:\/\/schema.org","@graph":[{"@type":"Article","@id":"https:\/\/potenciaradiofonicadominicana.com\/portal\/los-impuestos-digitales-se-pagarian-a-traves-de-mecanismos-especiales\/#article","isPartOf":{"@id":"https:\/\/potenciaradiofonicadominicana.com\/portal\/los-impuestos-digitales-se-pagarian-a-traves-de-mecanismos-especiales\/"},"author":{"name":"Potencia Radiof\u00f3nica Dominicana","@id":"https:\/\/potenciaradiofonicadominicana.com\/portal\/#\/schema\/person\/a5cf1fea13877803ee0573ac18b03490"},"headline":"Los impuestos digitales se pagar\u00edan a trav\u00e9s de mecanismos especiales","datePublished":"2022-02-16T17:23:40+00:00","mainEntityOfPage":{"@id":"https:\/\/potenciaradiofonicadominicana.com\/portal\/los-impuestos-digitales-se-pagarian-a-traves-de-mecanismos-especiales\/"},"wordCount":775,"publisher":{"@id":"https:\/\/potenciaradiofonicadominicana.com\/portal\/#organization"},"image":{"@id":"https:\/\/potenciaradiofonicadominicana.com\/portal\/los-impuestos-digitales-se-pagarian-a-traves-de-mecanismos-especiales\/#primaryimage"},"thumbnailUrl":"https:\/\/potenciaradiofonicadominicana.com\/portal\/wp-content\/uploads\/2022\/02\/netflix-ecbcf1ca-focus-0-0-895-573.jpg","articleSection":["Econom\u00eda"],"inLanguage":"es"},{"@type":"WebPage","@id":"https:\/\/potenciaradiofonicadominicana.com\/portal\/los-impuestos-digitales-se-pagarian-a-traves-de-mecanismos-especiales\/","url":"https:\/\/potenciaradiofonicadominicana.com\/portal\/los-impuestos-digitales-se-pagarian-a-traves-de-mecanismos-especiales\/","name":"Los impuestos digitales se pagar\u00edan a trav\u00e9s de mecanismos especiales - PotenciaRadiofonicaDominicana.com","isPartOf":{"@id":"https:\/\/potenciaradiofonicadominicana.com\/portal\/#website"},"primaryImageOfPage":{"@id":"https:\/\/potenciaradiofonicadominicana.com\/portal\/los-impuestos-digitales-se-pagarian-a-traves-de-mecanismos-especiales\/#primaryimage"},"image":{"@id":"https:\/\/potenciaradiofonicadominicana.com\/portal\/los-impuestos-digitales-se-pagarian-a-traves-de-mecanismos-especiales\/#primaryimage"},"thumbnailUrl":"https:\/\/potenciaradiofonicadominicana.com\/portal\/wp-content\/uploads\/2022\/02\/netflix-ecbcf1ca-focus-0-0-895-573.jpg","datePublished":"2022-02-16T17:23:40+00:00","breadcrumb":{"@id":"https:\/\/potenciaradiofonicadominicana.com\/portal\/los-impuestos-digitales-se-pagarian-a-traves-de-mecanismos-especiales\/#breadcrumb"},"inLanguage":"es","potentialAction":[{"@type":"ReadAction","target":["https:\/\/potenciaradiofonicadominicana.com\/portal\/los-impuestos-digitales-se-pagarian-a-traves-de-mecanismos-especiales\/"]}]},{"@type":"ImageObject","inLanguage":"es","@id":"https:\/\/potenciaradiofonicadominicana.com\/portal\/los-impuestos-digitales-se-pagarian-a-traves-de-mecanismos-especiales\/#primaryimage","url":"https:\/\/potenciaradiofonicadominicana.com\/portal\/wp-content\/uploads\/2022\/02\/netflix-ecbcf1ca-focus-0-0-895-573.jpg","contentUrl":"https:\/\/potenciaradiofonicadominicana.com\/portal\/wp-content\/uploads\/2022\/02\/netflix-ecbcf1ca-focus-0-0-895-573.jpg","width":895,"height":573},{"@type":"BreadcrumbList","@id":"https:\/\/potenciaradiofonicadominicana.com\/portal\/los-impuestos-digitales-se-pagarian-a-traves-de-mecanismos-especiales\/#breadcrumb","itemListElement":[{"@type":"ListItem","position":1,"name":"Portada","item":"https:\/\/potenciaradiofonicadominicana.com\/portal\/"},{"@type":"ListItem","position":2,"name":"Los impuestos digitales se pagar\u00edan a trav\u00e9s de mecanismos especiales"}]},{"@type":"WebSite","@id":"https:\/\/potenciaradiofonicadominicana.com\/portal\/#website","url":"https:\/\/potenciaradiofonicadominicana.com\/portal\/","name":"PotenciaRadiofonicaDominicana.com","description":"Peri\u00f3dico Digital","publisher":{"@id":"https:\/\/potenciaradiofonicadominicana.com\/portal\/#organization"},"potentialAction":[{"@type":"SearchAction","target":{"@type":"EntryPoint","urlTemplate":"https:\/\/potenciaradiofonicadominicana.com\/portal\/?s={search_term_string}"},"query-input":{"@type":"PropertyValueSpecification","valueRequired":true,"valueName":"search_term_string"}}],"inLanguage":"es"},{"@type":"Organization","@id":"https:\/\/potenciaradiofonicadominicana.com\/portal\/#organization","name":"PotenciaRadiofonicaDominicana.com","url":"https:\/\/potenciaradiofonicadominicana.com\/portal\/","logo":{"@type":"ImageObject","inLanguage":"es","@id":"https:\/\/potenciaradiofonicadominicana.com\/portal\/#\/schema\/logo\/image\/","url":"https:\/\/potenciaradiofonicadominicana.com\/portal\/wp-content\/uploads\/2022\/01\/descarga.png","contentUrl":"https:\/\/potenciaradiofonicadominicana.com\/portal\/wp-content\/uploads\/2022\/01\/descarga.png","width":300,"height":100,"caption":"PotenciaRadiofonicaDominicana.com"},"image":{"@id":"https:\/\/potenciaradiofonicadominicana.com\/portal\/#\/schema\/logo\/image\/"},"sameAs":["https:\/\/web.facebook.com\/PotenciaRadiofonicaD"]},{"@type":"Person","@id":"https:\/\/potenciaradiofonicadominicana.com\/portal\/#\/schema\/person\/a5cf1fea13877803ee0573ac18b03490","name":"Potencia Radiof\u00f3nica Dominicana","image":{"@type":"ImageObject","inLanguage":"es","@id":"https:\/\/potenciaradiofonicadominicana.com\/portal\/#\/schema\/person\/image\/","url":"https:\/\/secure.gravatar.com\/avatar\/42a55ab9e8ccc656ba34cd791990602a?s=96&d=mm&r=g","contentUrl":"https:\/\/secure.gravatar.com\/avatar\/42a55ab9e8ccc656ba34cd791990602a?s=96&d=mm&r=g","caption":"Potencia Radiof\u00f3nica Dominicana"},"url":"https:\/\/potenciaradiofonicadominicana.com\/portal\/author\/johannyalmanzar\/"}]}},"_links":{"self":[{"href":"https:\/\/potenciaradiofonicadominicana.com\/portal\/wp-json\/wp\/v2\/posts\/116788","targetHints":{"allow":["GET"]}}],"collection":[{"href":"https:\/\/potenciaradiofonicadominicana.com\/portal\/wp-json\/wp\/v2\/posts"}],"about":[{"href":"https:\/\/potenciaradiofonicadominicana.com\/portal\/wp-json\/wp\/v2\/types\/post"}],"author":[{"embeddable":true,"href":"https:\/\/potenciaradiofonicadominicana.com\/portal\/wp-json\/wp\/v2\/users\/2"}],"replies":[{"embeddable":true,"href":"https:\/\/potenciaradiofonicadominicana.com\/portal\/wp-json\/wp\/v2\/comments?post=116788"}],"version-history":[{"count":1,"href":"https:\/\/potenciaradiofonicadominicana.com\/portal\/wp-json\/wp\/v2\/posts\/116788\/revisions"}],"predecessor-version":[{"id":116790,"href":"https:\/\/potenciaradiofonicadominicana.com\/portal\/wp-json\/wp\/v2\/posts\/116788\/revisions\/116790"}],"wp:featuredmedia":[{"embeddable":true,"href":"https:\/\/potenciaradiofonicadominicana.com\/portal\/wp-json\/wp\/v2\/media\/116789"}],"wp:attachment":[{"href":"https:\/\/potenciaradiofonicadominicana.com\/portal\/wp-json\/wp\/v2\/media?parent=116788"}],"wp:term":[{"taxonomy":"category","embeddable":true,"href":"https:\/\/potenciaradiofonicadominicana.com\/portal\/wp-json\/wp\/v2\/categories?post=116788"},{"taxonomy":"post_tag","embeddable":true,"href":"https:\/\/potenciaradiofonicadominicana.com\/portal\/wp-json\/wp\/v2\/tags?post=116788"}],"curies":[{"name":"wp","href":"https:\/\/api.w.org\/{rel}","templated":true}]}}