{"id":116782,"date":"2022-02-16T13:17:58","date_gmt":"2022-02-16T17:17:58","guid":{"rendered":"https:\/\/potenciaradiofonicadominicana.com\/portal\/?p=116782"},"modified":"2022-02-16T13:17:58","modified_gmt":"2022-02-16T17:17:58","slug":"republica-dominicana-suscribira-un-acuerdo-de-cielos-abiertos-con-estados-unidos","status":"publish","type":"post","link":"https:\/\/potenciaradiofonicadominicana.com\/portal\/republica-dominicana-suscribira-un-acuerdo-de-cielos-abiertos-con-estados-unidos\/","title":{"rendered":"Rep\u00fablica Dominicana suscribir\u00e1 un acuerdo de \u00abCielos Abiertos\u00bb con Estados Unidos"},"content":{"rendered":"<p><a href=\"https:\/\/potenciaradiofonicadominicana.com\/portal\/wp-content\/uploads\/2022\/02\/crop-w628-h419-marte-puantini-99c36cfc-focus-0-0-895-573.jpg\"><img loading=\"lazy\" decoding=\"async\" class=\"alignnone size-full wp-image-116783\" src=\"https:\/\/potenciaradiofonicadominicana.com\/portal\/wp-content\/uploads\/2022\/02\/crop-w628-h419-marte-puantini-99c36cfc-focus-0-0-895-573.jpg\" alt=\"\" width=\"546\" height=\"350\" srcset=\"https:\/\/potenciaradiofonicadominicana.com\/portal\/wp-content\/uploads\/2022\/02\/crop-w628-h419-marte-puantini-99c36cfc-focus-0-0-895-573.jpg 546w, https:\/\/potenciaradiofonicadominicana.com\/portal\/wp-content\/uploads\/2022\/02\/crop-w628-h419-marte-puantini-99c36cfc-focus-0-0-895-573-300x192.jpg 300w\" sizes=\"auto, (max-width: 546px) 100vw, 546px\" \/><\/a><\/p>\n<p>Rep\u00fablica Dominicana\u00a0suscribir\u00e1 un acuerdo de \u00abCielos Abiertos\u00bb con\u00a0Estados Unidos, a trav\u00e9s de la\u00a0Junta de Aviaci\u00f3n Civil\u00a0(JAC), que busca incrementar las operaciones a\u00e9reas de las aerol\u00edneas nacionales y extranjeras desde y hacia cualquier ciudad estadounidense sin l\u00edmites de frecuencia.<u><\/u>\u00a0<u><\/u><\/p>\n<p>El presidente de la\u00a0Junta de Aviaci\u00f3n Civil, Jos\u00e9 Ernesto Marte Piantini, quien ofreci\u00f3 la informaci\u00f3n, declar\u00f3 que las negociaciones para la firma del convenio est\u00e1n muy avanzadas.<u><\/u>\u00a0<u><\/u><\/p>\n<p>Indic\u00f3 que con la suscripci\u00f3n del acuerdo se percibe buscar las condiciones para que las aerol\u00edneas puedan competir de manera efectiva, adem\u00e1s de promover m\u00e1s y mejores alternativas para los usuarios del transporte a\u00e9reo.<u><\/u><\/p>\n<p>\u201cEste acuerdo tambi\u00e9n contempla mejores tarifas a\u00e9reas, con el fin de que sean precios competitivos para el mercado dominicano\u201d, enfatiz\u00f3 el funcionario.<u><\/u>\u00a0<u><\/u><\/p>\n<p>Explic\u00f3 que, de acuerdo con la Pol\u00edtica A\u00e9rea de\u00a0Rep\u00fablica Dominicana, se negocian acuerdos de servicios a\u00e9reos permitiendo la m\u00faltiple designaci\u00f3n de l\u00edneas a\u00e9reas, lo que repercute de manera favorable en la sana competencia, y se traduce en mejores precios para los pasajeros.<u><\/u>\u00a0<u><\/u><\/p>\n<p>El presidente de la\u00a0Junta de Aviaci\u00f3n Civil\u00a0dijo que, adem\u00e1s, el acuerdo fomentar\u00e1 la creaci\u00f3n de m\u00e1s rutas y frecuencias, e impulsa el intercambio comercial y tur\u00edstico entre\u00a0Rep\u00fablica Dominicana\u00a0y\u00a0Estados Unidos.<u><\/u>\u00a0<u><\/u><\/p>\n<p>\u201cIniciamos el proceso para dar otro paso hist\u00f3rico en la\u00a0aviaci\u00f3n\u00a0nacional y llevar a un nivel m\u00e1s alto la fuerte alianza econ\u00f3mica entre los\u00a0Estados Unidos\u00a0y la\u00a0Rep\u00fablica Dominicana\u201d, dijo Marte Piantini.<u><\/u>\u00a0<u><\/u><\/p>\n<p>Record\u00f3 que durante el 2021, en lo que respecta a la conectividad e incentivo al desarrollo del turismo dominicano, la\u00a0JAC\u00a0aprob\u00f3 12 acuerdos de cooperaci\u00f3n comercial entre aerol\u00edneas de diferentes nacionalidades.<u><\/u>\u00a0<u><\/u><\/p>\n<p>A\u00f1adi\u00f3 que, en el mismo periodo, la\u00a0JAC\u00a0tambi\u00e9n aprob\u00f3 48 nuevas rutas y frecuencias de vuelos, concertaci\u00f3n de nuevos acuerdos de servicios a\u00e9reos y la ratificaci\u00f3n y enmienda de los ya concretados.<u><\/u>\u00a0<u><\/u><\/p>\n<p>Adem\u00e1s, se autorizaron 5,491 vuelos no regulares o ch\u00e1rter para operaciones a\u00e9reas exclusivas de cargas y 5,909 para transporte de pasajeros y combinado, totalizando un total general de 11,400 operaciones ch\u00e1rter.<u><\/u>\u00a0<u><\/u><\/p>\n<p>Indic\u00f3 que el pa\u00eds tuvo un importante incremento del n\u00famero de pasajeros v\u00eda a\u00e9rea, cerrando con 10,753,720 personas, de entrada y salida, transportados por los aeropuertos dominicanos, lo que se traduce en ingresos directos e indirectos estimados para el pa\u00eds de 9,926 millones de d\u00f3lares y la recuperaci\u00f3n de m\u00e1s de 400 mil empleos directos e indirectos.<u><\/u>\u00a0<u><\/u><\/p>\n<p>Recientemente, el pa\u00eds firm\u00f3, a trav\u00e9s de la\u00a0Junta de Aviaci\u00f3n Civil, en la Feria Internacional de Turismo, en Madrid, Espa\u00f1a, el acuerdo de servicio a\u00e9reo entre ambas naciones.<u><\/u><\/p>\n","protected":false},"excerpt":{"rendered":"<p>Rep\u00fablica Dominicana\u00a0suscribir\u00e1 un acuerdo de \u00abCielos Abiertos\u00bb con\u00a0Estados Unidos, a trav\u00e9s de la\u00a0Junta de Aviaci\u00f3n Civil\u00a0(JAC), que busca incrementar las &#8230;<\/p>\n","protected":false},"author":2,"featured_media":116783,"comment_status":"closed","ping_status":"closed","sticky":false,"template":"","format":"standard","meta":{"footnotes":""},"categories":[26],"tags":[],"class_list":["post-116782","post","type-post","status-publish","format-standard","has-post-thumbnail","hentry","category-economia"],"yoast_head":"<!-- This site is optimized with the Yoast SEO plugin v24.8.1 - https:\/\/yoast.com\/wordpress\/plugins\/seo\/ -->\n<title>Rep\u00fablica Dominicana suscribir\u00e1 un acuerdo de &quot;Cielos Abiertos&quot; con Estados Unidos - PotenciaRadiofonicaDominicana.com<\/title>\n<meta name=\"robots\" content=\"index, follow, max-snippet:-1, max-image-preview:large, max-video-preview:-1\" \/>\n<link rel=\"canonical\" href=\"https:\/\/potenciaradiofonicadominicana.com\/portal\/republica-dominicana-suscribira-un-acuerdo-de-cielos-abiertos-con-estados-unidos\/\" \/>\n<meta property=\"og:locale\" content=\"es_ES\" \/>\n<meta property=\"og:type\" content=\"article\" \/>\n<meta property=\"og:title\" content=\"Rep\u00fablica Dominicana suscribir\u00e1 un acuerdo de &quot;Cielos Abiertos&quot; con Estados Unidos - PotenciaRadiofonicaDominicana.com\" \/>\n<meta property=\"og:description\" content=\"Rep\u00fablica Dominicana\u00a0suscribir\u00e1 un acuerdo de \u00abCielos Abiertos\u00bb con\u00a0Estados Unidos, a trav\u00e9s de la\u00a0Junta de Aviaci\u00f3n Civil\u00a0(JAC), que busca incrementar las ...\" \/>\n<meta property=\"og:url\" content=\"https:\/\/potenciaradiofonicadominicana.com\/portal\/republica-dominicana-suscribira-un-acuerdo-de-cielos-abiertos-con-estados-unidos\/\" \/>\n<meta property=\"og:site_name\" content=\"PotenciaRadiofonicaDominicana.com\" \/>\n<meta property=\"article:publisher\" content=\"https:\/\/web.facebook.com\/PotenciaRadiofonicaD\" \/>\n<meta property=\"article:published_time\" content=\"2022-02-16T17:17:58+00:00\" \/>\n<meta property=\"og:image\" content=\"https:\/\/potenciaradiofonicadominicana.com\/portal\/wp-content\/uploads\/2022\/02\/crop-w628-h419-marte-puantini-99c36cfc-focus-0-0-895-573.jpg\" \/>\n\t<meta property=\"og:image:width\" content=\"546\" \/>\n\t<meta property=\"og:image:height\" content=\"350\" \/>\n\t<meta property=\"og:image:type\" content=\"image\/jpeg\" \/>\n<meta name=\"author\" content=\"Potencia Radiof\u00f3nica Dominicana\" \/>\n<meta name=\"twitter:card\" content=\"summary_large_image\" \/>\n<meta name=\"twitter:label1\" content=\"Escrito por\" \/>\n\t<meta name=\"twitter:data1\" content=\"Potencia Radiof\u00f3nica Dominicana\" \/>\n\t<meta name=\"twitter:label2\" content=\"Tiempo de lectura\" \/>\n\t<meta name=\"twitter:data2\" content=\"2 minutos\" \/>\n<script type=\"application\/ld+json\" class=\"yoast-schema-graph\">{\"@context\":\"https:\/\/schema.org\",\"@graph\":[{\"@type\":\"Article\",\"@id\":\"https:\/\/potenciaradiofonicadominicana.com\/portal\/republica-dominicana-suscribira-un-acuerdo-de-cielos-abiertos-con-estados-unidos\/#article\",\"isPartOf\":{\"@id\":\"https:\/\/potenciaradiofonicadominicana.com\/portal\/republica-dominicana-suscribira-un-acuerdo-de-cielos-abiertos-con-estados-unidos\/\"},\"author\":{\"name\":\"Potencia Radiof\u00f3nica Dominicana\",\"@id\":\"https:\/\/potenciaradiofonicadominicana.com\/portal\/#\/schema\/person\/a5cf1fea13877803ee0573ac18b03490\"},\"headline\":\"Rep\u00fablica Dominicana suscribir\u00e1 un acuerdo de \u00abCielos Abiertos\u00bb con Estados Unidos\",\"datePublished\":\"2022-02-16T17:17:58+00:00\",\"mainEntityOfPage\":{\"@id\":\"https:\/\/potenciaradiofonicadominicana.com\/portal\/republica-dominicana-suscribira-un-acuerdo-de-cielos-abiertos-con-estados-unidos\/\"},\"wordCount\":481,\"publisher\":{\"@id\":\"https:\/\/potenciaradiofonicadominicana.com\/portal\/#organization\"},\"image\":{\"@id\":\"https:\/\/potenciaradiofonicadominicana.com\/portal\/republica-dominicana-suscribira-un-acuerdo-de-cielos-abiertos-con-estados-unidos\/#primaryimage\"},\"thumbnailUrl\":\"https:\/\/potenciaradiofonicadominicana.com\/portal\/wp-content\/uploads\/2022\/02\/crop-w628-h419-marte-puantini-99c36cfc-focus-0-0-895-573.jpg\",\"articleSection\":[\"Econom\u00eda\"],\"inLanguage\":\"es\"},{\"@type\":\"WebPage\",\"@id\":\"https:\/\/potenciaradiofonicadominicana.com\/portal\/republica-dominicana-suscribira-un-acuerdo-de-cielos-abiertos-con-estados-unidos\/\",\"url\":\"https:\/\/potenciaradiofonicadominicana.com\/portal\/republica-dominicana-suscribira-un-acuerdo-de-cielos-abiertos-con-estados-unidos\/\",\"name\":\"Rep\u00fablica Dominicana suscribir\u00e1 un acuerdo de \\\"Cielos Abiertos\\\" con Estados Unidos - PotenciaRadiofonicaDominicana.com\",\"isPartOf\":{\"@id\":\"https:\/\/potenciaradiofonicadominicana.com\/portal\/#website\"},\"primaryImageOfPage\":{\"@id\":\"https:\/\/potenciaradiofonicadominicana.com\/portal\/republica-dominicana-suscribira-un-acuerdo-de-cielos-abiertos-con-estados-unidos\/#primaryimage\"},\"image\":{\"@id\":\"https:\/\/potenciaradiofonicadominicana.com\/portal\/republica-dominicana-suscribira-un-acuerdo-de-cielos-abiertos-con-estados-unidos\/#primaryimage\"},\"thumbnailUrl\":\"https:\/\/potenciaradiofonicadominicana.com\/portal\/wp-content\/uploads\/2022\/02\/crop-w628-h419-marte-puantini-99c36cfc-focus-0-0-895-573.jpg\",\"datePublished\":\"2022-02-16T17:17:58+00:00\",\"breadcrumb\":{\"@id\":\"https:\/\/potenciaradiofonicadominicana.com\/portal\/republica-dominicana-suscribira-un-acuerdo-de-cielos-abiertos-con-estados-unidos\/#breadcrumb\"},\"inLanguage\":\"es\",\"potentialAction\":[{\"@type\":\"ReadAction\",\"target\":[\"https:\/\/potenciaradiofonicadominicana.com\/portal\/republica-dominicana-suscribira-un-acuerdo-de-cielos-abiertos-con-estados-unidos\/\"]}]},{\"@type\":\"ImageObject\",\"inLanguage\":\"es\",\"@id\":\"https:\/\/potenciaradiofonicadominicana.com\/portal\/republica-dominicana-suscribira-un-acuerdo-de-cielos-abiertos-con-estados-unidos\/#primaryimage\",\"url\":\"https:\/\/potenciaradiofonicadominicana.com\/portal\/wp-content\/uploads\/2022\/02\/crop-w628-h419-marte-puantini-99c36cfc-focus-0-0-895-573.jpg\",\"contentUrl\":\"https:\/\/potenciaradiofonicadominicana.com\/portal\/wp-content\/uploads\/2022\/02\/crop-w628-h419-marte-puantini-99c36cfc-focus-0-0-895-573.jpg\",\"width\":546,\"height\":350},{\"@type\":\"BreadcrumbList\",\"@id\":\"https:\/\/potenciaradiofonicadominicana.com\/portal\/republica-dominicana-suscribira-un-acuerdo-de-cielos-abiertos-con-estados-unidos\/#breadcrumb\",\"itemListElement\":[{\"@type\":\"ListItem\",\"position\":1,\"name\":\"Portada\",\"item\":\"https:\/\/potenciaradiofonicadominicana.com\/portal\/\"},{\"@type\":\"ListItem\",\"position\":2,\"name\":\"Rep\u00fablica Dominicana suscribir\u00e1 un acuerdo de \u00abCielos Abiertos\u00bb con Estados Unidos\"}]},{\"@type\":\"WebSite\",\"@id\":\"https:\/\/potenciaradiofonicadominicana.com\/portal\/#website\",\"url\":\"https:\/\/potenciaradiofonicadominicana.com\/portal\/\",\"name\":\"PotenciaRadiofonicaDominicana.com\",\"description\":\"Peri\u00f3dico Digital\",\"publisher\":{\"@id\":\"https:\/\/potenciaradiofonicadominicana.com\/portal\/#organization\"},\"potentialAction\":[{\"@type\":\"SearchAction\",\"target\":{\"@type\":\"EntryPoint\",\"urlTemplate\":\"https:\/\/potenciaradiofonicadominicana.com\/portal\/?s={search_term_string}\"},\"query-input\":{\"@type\":\"PropertyValueSpecification\",\"valueRequired\":true,\"valueName\":\"search_term_string\"}}],\"inLanguage\":\"es\"},{\"@type\":\"Organization\",\"@id\":\"https:\/\/potenciaradiofonicadominicana.com\/portal\/#organization\",\"name\":\"PotenciaRadiofonicaDominicana.com\",\"url\":\"https:\/\/potenciaradiofonicadominicana.com\/portal\/\",\"logo\":{\"@type\":\"ImageObject\",\"inLanguage\":\"es\",\"@id\":\"https:\/\/potenciaradiofonicadominicana.com\/portal\/#\/schema\/logo\/image\/\",\"url\":\"https:\/\/potenciaradiofonicadominicana.com\/portal\/wp-content\/uploads\/2022\/01\/descarga.png\",\"contentUrl\":\"https:\/\/potenciaradiofonicadominicana.com\/portal\/wp-content\/uploads\/2022\/01\/descarga.png\",\"width\":300,\"height\":100,\"caption\":\"PotenciaRadiofonicaDominicana.com\"},\"image\":{\"@id\":\"https:\/\/potenciaradiofonicadominicana.com\/portal\/#\/schema\/logo\/image\/\"},\"sameAs\":[\"https:\/\/web.facebook.com\/PotenciaRadiofonicaD\"]},{\"@type\":\"Person\",\"@id\":\"https:\/\/potenciaradiofonicadominicana.com\/portal\/#\/schema\/person\/a5cf1fea13877803ee0573ac18b03490\",\"name\":\"Potencia Radiof\u00f3nica Dominicana\",\"image\":{\"@type\":\"ImageObject\",\"inLanguage\":\"es\",\"@id\":\"https:\/\/potenciaradiofonicadominicana.com\/portal\/#\/schema\/person\/image\/\",\"url\":\"https:\/\/secure.gravatar.com\/avatar\/42a55ab9e8ccc656ba34cd791990602a?s=96&d=mm&r=g\",\"contentUrl\":\"https:\/\/secure.gravatar.com\/avatar\/42a55ab9e8ccc656ba34cd791990602a?s=96&d=mm&r=g\",\"caption\":\"Potencia Radiof\u00f3nica Dominicana\"},\"url\":\"https:\/\/potenciaradiofonicadominicana.com\/portal\/author\/johannyalmanzar\/\"}]}<\/script>\n<!-- \/ Yoast SEO plugin. -->","yoast_head_json":{"title":"Rep\u00fablica Dominicana suscribir\u00e1 un acuerdo de \"Cielos Abiertos\" con Estados Unidos - PotenciaRadiofonicaDominicana.com","robots":{"index":"index","follow":"follow","max-snippet":"max-snippet:-1","max-image-preview":"max-image-preview:large","max-video-preview":"max-video-preview:-1"},"canonical":"https:\/\/potenciaradiofonicadominicana.com\/portal\/republica-dominicana-suscribira-un-acuerdo-de-cielos-abiertos-con-estados-unidos\/","og_locale":"es_ES","og_type":"article","og_title":"Rep\u00fablica Dominicana suscribir\u00e1 un acuerdo de \"Cielos Abiertos\" con Estados Unidos - PotenciaRadiofonicaDominicana.com","og_description":"Rep\u00fablica Dominicana\u00a0suscribir\u00e1 un acuerdo de \u00abCielos Abiertos\u00bb con\u00a0Estados Unidos, a trav\u00e9s de la\u00a0Junta de Aviaci\u00f3n Civil\u00a0(JAC), que busca incrementar las ...","og_url":"https:\/\/potenciaradiofonicadominicana.com\/portal\/republica-dominicana-suscribira-un-acuerdo-de-cielos-abiertos-con-estados-unidos\/","og_site_name":"PotenciaRadiofonicaDominicana.com","article_publisher":"https:\/\/web.facebook.com\/PotenciaRadiofonicaD","article_published_time":"2022-02-16T17:17:58+00:00","og_image":[{"width":546,"height":350,"url":"https:\/\/potenciaradiofonicadominicana.com\/portal\/wp-content\/uploads\/2022\/02\/crop-w628-h419-marte-puantini-99c36cfc-focus-0-0-895-573.jpg","type":"image\/jpeg"}],"author":"Potencia Radiof\u00f3nica Dominicana","twitter_card":"summary_large_image","twitter_misc":{"Escrito por":"Potencia Radiof\u00f3nica Dominicana","Tiempo de lectura":"2 minutos"},"schema":{"@context":"https:\/\/schema.org","@graph":[{"@type":"Article","@id":"https:\/\/potenciaradiofonicadominicana.com\/portal\/republica-dominicana-suscribira-un-acuerdo-de-cielos-abiertos-con-estados-unidos\/#article","isPartOf":{"@id":"https:\/\/potenciaradiofonicadominicana.com\/portal\/republica-dominicana-suscribira-un-acuerdo-de-cielos-abiertos-con-estados-unidos\/"},"author":{"name":"Potencia Radiof\u00f3nica Dominicana","@id":"https:\/\/potenciaradiofonicadominicana.com\/portal\/#\/schema\/person\/a5cf1fea13877803ee0573ac18b03490"},"headline":"Rep\u00fablica Dominicana suscribir\u00e1 un acuerdo de \u00abCielos Abiertos\u00bb con Estados Unidos","datePublished":"2022-02-16T17:17:58+00:00","mainEntityOfPage":{"@id":"https:\/\/potenciaradiofonicadominicana.com\/portal\/republica-dominicana-suscribira-un-acuerdo-de-cielos-abiertos-con-estados-unidos\/"},"wordCount":481,"publisher":{"@id":"https:\/\/potenciaradiofonicadominicana.com\/portal\/#organization"},"image":{"@id":"https:\/\/potenciaradiofonicadominicana.com\/portal\/republica-dominicana-suscribira-un-acuerdo-de-cielos-abiertos-con-estados-unidos\/#primaryimage"},"thumbnailUrl":"https:\/\/potenciaradiofonicadominicana.com\/portal\/wp-content\/uploads\/2022\/02\/crop-w628-h419-marte-puantini-99c36cfc-focus-0-0-895-573.jpg","articleSection":["Econom\u00eda"],"inLanguage":"es"},{"@type":"WebPage","@id":"https:\/\/potenciaradiofonicadominicana.com\/portal\/republica-dominicana-suscribira-un-acuerdo-de-cielos-abiertos-con-estados-unidos\/","url":"https:\/\/potenciaradiofonicadominicana.com\/portal\/republica-dominicana-suscribira-un-acuerdo-de-cielos-abiertos-con-estados-unidos\/","name":"Rep\u00fablica Dominicana suscribir\u00e1 un acuerdo de \"Cielos Abiertos\" con Estados Unidos - PotenciaRadiofonicaDominicana.com","isPartOf":{"@id":"https:\/\/potenciaradiofonicadominicana.com\/portal\/#website"},"primaryImageOfPage":{"@id":"https:\/\/potenciaradiofonicadominicana.com\/portal\/republica-dominicana-suscribira-un-acuerdo-de-cielos-abiertos-con-estados-unidos\/#primaryimage"},"image":{"@id":"https:\/\/potenciaradiofonicadominicana.com\/portal\/republica-dominicana-suscribira-un-acuerdo-de-cielos-abiertos-con-estados-unidos\/#primaryimage"},"thumbnailUrl":"https:\/\/potenciaradiofonicadominicana.com\/portal\/wp-content\/uploads\/2022\/02\/crop-w628-h419-marte-puantini-99c36cfc-focus-0-0-895-573.jpg","datePublished":"2022-02-16T17:17:58+00:00","breadcrumb":{"@id":"https:\/\/potenciaradiofonicadominicana.com\/portal\/republica-dominicana-suscribira-un-acuerdo-de-cielos-abiertos-con-estados-unidos\/#breadcrumb"},"inLanguage":"es","potentialAction":[{"@type":"ReadAction","target":["https:\/\/potenciaradiofonicadominicana.com\/portal\/republica-dominicana-suscribira-un-acuerdo-de-cielos-abiertos-con-estados-unidos\/"]}]},{"@type":"ImageObject","inLanguage":"es","@id":"https:\/\/potenciaradiofonicadominicana.com\/portal\/republica-dominicana-suscribira-un-acuerdo-de-cielos-abiertos-con-estados-unidos\/#primaryimage","url":"https:\/\/potenciaradiofonicadominicana.com\/portal\/wp-content\/uploads\/2022\/02\/crop-w628-h419-marte-puantini-99c36cfc-focus-0-0-895-573.jpg","contentUrl":"https:\/\/potenciaradiofonicadominicana.com\/portal\/wp-content\/uploads\/2022\/02\/crop-w628-h419-marte-puantini-99c36cfc-focus-0-0-895-573.jpg","width":546,"height":350},{"@type":"BreadcrumbList","@id":"https:\/\/potenciaradiofonicadominicana.com\/portal\/republica-dominicana-suscribira-un-acuerdo-de-cielos-abiertos-con-estados-unidos\/#breadcrumb","itemListElement":[{"@type":"ListItem","position":1,"name":"Portada","item":"https:\/\/potenciaradiofonicadominicana.com\/portal\/"},{"@type":"ListItem","position":2,"name":"Rep\u00fablica Dominicana suscribir\u00e1 un acuerdo de \u00abCielos Abiertos\u00bb con Estados Unidos"}]},{"@type":"WebSite","@id":"https:\/\/potenciaradiofonicadominicana.com\/portal\/#website","url":"https:\/\/potenciaradiofonicadominicana.com\/portal\/","name":"PotenciaRadiofonicaDominicana.com","description":"Peri\u00f3dico Digital","publisher":{"@id":"https:\/\/potenciaradiofonicadominicana.com\/portal\/#organization"},"potentialAction":[{"@type":"SearchAction","target":{"@type":"EntryPoint","urlTemplate":"https:\/\/potenciaradiofonicadominicana.com\/portal\/?s={search_term_string}"},"query-input":{"@type":"PropertyValueSpecification","valueRequired":true,"valueName":"search_term_string"}}],"inLanguage":"es"},{"@type":"Organization","@id":"https:\/\/potenciaradiofonicadominicana.com\/portal\/#organization","name":"PotenciaRadiofonicaDominicana.com","url":"https:\/\/potenciaradiofonicadominicana.com\/portal\/","logo":{"@type":"ImageObject","inLanguage":"es","@id":"https:\/\/potenciaradiofonicadominicana.com\/portal\/#\/schema\/logo\/image\/","url":"https:\/\/potenciaradiofonicadominicana.com\/portal\/wp-content\/uploads\/2022\/01\/descarga.png","contentUrl":"https:\/\/potenciaradiofonicadominicana.com\/portal\/wp-content\/uploads\/2022\/01\/descarga.png","width":300,"height":100,"caption":"PotenciaRadiofonicaDominicana.com"},"image":{"@id":"https:\/\/potenciaradiofonicadominicana.com\/portal\/#\/schema\/logo\/image\/"},"sameAs":["https:\/\/web.facebook.com\/PotenciaRadiofonicaD"]},{"@type":"Person","@id":"https:\/\/potenciaradiofonicadominicana.com\/portal\/#\/schema\/person\/a5cf1fea13877803ee0573ac18b03490","name":"Potencia Radiof\u00f3nica Dominicana","image":{"@type":"ImageObject","inLanguage":"es","@id":"https:\/\/potenciaradiofonicadominicana.com\/portal\/#\/schema\/person\/image\/","url":"https:\/\/secure.gravatar.com\/avatar\/42a55ab9e8ccc656ba34cd791990602a?s=96&d=mm&r=g","contentUrl":"https:\/\/secure.gravatar.com\/avatar\/42a55ab9e8ccc656ba34cd791990602a?s=96&d=mm&r=g","caption":"Potencia Radiof\u00f3nica Dominicana"},"url":"https:\/\/potenciaradiofonicadominicana.com\/portal\/author\/johannyalmanzar\/"}]}},"_links":{"self":[{"href":"https:\/\/potenciaradiofonicadominicana.com\/portal\/wp-json\/wp\/v2\/posts\/116782","targetHints":{"allow":["GET"]}}],"collection":[{"href":"https:\/\/potenciaradiofonicadominicana.com\/portal\/wp-json\/wp\/v2\/posts"}],"about":[{"href":"https:\/\/potenciaradiofonicadominicana.com\/portal\/wp-json\/wp\/v2\/types\/post"}],"author":[{"embeddable":true,"href":"https:\/\/potenciaradiofonicadominicana.com\/portal\/wp-json\/wp\/v2\/users\/2"}],"replies":[{"embeddable":true,"href":"https:\/\/potenciaradiofonicadominicana.com\/portal\/wp-json\/wp\/v2\/comments?post=116782"}],"version-history":[{"count":1,"href":"https:\/\/potenciaradiofonicadominicana.com\/portal\/wp-json\/wp\/v2\/posts\/116782\/revisions"}],"predecessor-version":[{"id":116784,"href":"https:\/\/potenciaradiofonicadominicana.com\/portal\/wp-json\/wp\/v2\/posts\/116782\/revisions\/116784"}],"wp:featuredmedia":[{"embeddable":true,"href":"https:\/\/potenciaradiofonicadominicana.com\/portal\/wp-json\/wp\/v2\/media\/116783"}],"wp:attachment":[{"href":"https:\/\/potenciaradiofonicadominicana.com\/portal\/wp-json\/wp\/v2\/media?parent=116782"}],"wp:term":[{"taxonomy":"category","embeddable":true,"href":"https:\/\/potenciaradiofonicadominicana.com\/portal\/wp-json\/wp\/v2\/categories?post=116782"},{"taxonomy":"post_tag","embeddable":true,"href":"https:\/\/potenciaradiofonicadominicana.com\/portal\/wp-json\/wp\/v2\/tags?post=116782"}],"curies":[{"name":"wp","href":"https:\/\/api.w.org\/{rel}","templated":true}]}}