{"id":116779,"date":"2022-02-16T13:15:23","date_gmt":"2022-02-16T17:15:23","guid":{"rendered":"https:\/\/potenciaradiofonicadominicana.com\/portal\/?p=116779"},"modified":"2022-02-16T13:15:23","modified_gmt":"2022-02-16T17:15:23","slug":"vivienda-alimentos-y-bebidas-y-transporte-grupos-que-mas-subieron-de-precios-en-enero","status":"publish","type":"post","link":"https:\/\/potenciaradiofonicadominicana.com\/portal\/vivienda-alimentos-y-bebidas-y-transporte-grupos-que-mas-subieron-de-precios-en-enero\/","title":{"rendered":"Vivienda, alimentos y bebidas, y transporte: grupos que m\u00e1s subieron de precios en enero"},"content":{"rendered":"<p><a href=\"https:\/\/potenciaradiofonicadominicana.com\/portal\/wp-content\/uploads\/2022\/02\/platanos-2015-punto-de-972360-541bf6f0-focus-0.57-0.05-895-573.jpg\"><img loading=\"lazy\" decoding=\"async\" class=\"alignnone size-full wp-image-116780\" src=\"https:\/\/potenciaradiofonicadominicana.com\/portal\/wp-content\/uploads\/2022\/02\/platanos-2015-punto-de-972360-541bf6f0-focus-0.57-0.05-895-573.jpg\" alt=\"\" width=\"895\" height=\"573\" srcset=\"https:\/\/potenciaradiofonicadominicana.com\/portal\/wp-content\/uploads\/2022\/02\/platanos-2015-punto-de-972360-541bf6f0-focus-0.57-0.05-895-573.jpg 895w, https:\/\/potenciaradiofonicadominicana.com\/portal\/wp-content\/uploads\/2022\/02\/platanos-2015-punto-de-972360-541bf6f0-focus-0.57-0.05-895-573-300x192.jpg 300w, https:\/\/potenciaradiofonicadominicana.com\/portal\/wp-content\/uploads\/2022\/02\/platanos-2015-punto-de-972360-541bf6f0-focus-0.57-0.05-895-573-768x492.jpg 768w\" sizes=\"auto, (max-width: 895px) 100vw, 895px\" \/><\/a><\/p>\n<p>El\u00a0Banco Central\u00a0inform\u00f3 hoy que el \u00edndice de\u00a0precios\u00a0al consumidor (IPC) registr\u00f3 una variaci\u00f3n de 1.18 % con respecto a diciembre de 2021, mientras la\u00a0inflaci\u00f3n\u00a0interanual, medida desde enero de 2021 hasta enero 2022, se coloc\u00f3 en 8.73 %.<\/p>\n<p>La instituci\u00f3n detall\u00f3 que los grupos de mayor contribuci\u00f3n a la\u00a0inflaci\u00f3n\u00a0fueron vivienda (3.45 %),\u00a0alimentos\u00a0y bebidas no alcoh\u00f3licas (1.17 %) y transporte (0.88 %), los cuales explicaron el 75 % de la\u00a0inflaci\u00f3n\u00a0general de enero 2022.<\/p>\n<p>Agreg\u00f3 que el grupo vivienda, primero en aporte en el IPC general de enero de 2022, vari\u00f3 3.45 %, producto del incremento de las tarifas del servicio de energ\u00eda el\u00e9ctrica en 15.43 %, dispuesto por la Superintendencia de Electricidad, en el marco del Pacto Nacional Para la Reforma del Sector El\u00e9ctrico.<\/p>\n<p>Adem\u00e1s, incidieron en el comportamiento de este grupo las alzas del gas licuado de petr\u00f3leo (GLP) de uso dom\u00e9stico en 2.20 %, los servicios de mantenimiento de la vivienda 0.89 % y de las pinturas (0.59 %).<\/p>\n<article class=\"border-t border-b py-5 mb-5 component nota-incrustada\"><span class=\"block mb-2\"><strong>TE PUEDE INTERESAR<\/strong><\/span><\/article>\n<p>En cuanto al crecimiento de 1.17 % en el IPC del grupo\u00a0alimentos\u00a0y bebidas no alcoh\u00f3licas, explic\u00f3 que este responde b\u00e1sicamente a los aumentos en los\u00a0precios\u00a0de pl\u00e1tanos verdes (10.79 %), pollo fresco (0.66 %), limones agrios (25.62 %), arroz (0.68 %), guineos verdes (3.85 %), huevos (1.59 %), caf\u00e9 (2.06 %), carne de cerdo (1.76 %) y otros.<\/p>\n<p>La variaci\u00f3n de 0.88 % en el \u00edndice de\u00a0precios\u00a0del grupo transporte en enero de 2022 obedece a los aumentos de\u00a0precios\u00a0de las gasolinas regular (2.24 %) y Premium (2.52 %), GLP para veh\u00edculos (2.20 %) y gasoil (3.24 %), debido a los ajustes semanales dispuestos por el Ministerio de Industria, Comercio y Mipymes.<\/p>\n<p>Adicionalmente, aportaron los incrementos en los\u00a0precios\u00a0de los autom\u00f3viles (1.26 %), de los servicios de transporte terrestre en carro p\u00fablico (1.40 %), en motoconcho (1.38 %), en autob\u00fas urbano (1.79 %) y taxi (1.65 %), as\u00ed como el servicio de reparaci\u00f3n de veh\u00edculos (0.85 %).<\/p>\n<article class=\"border-t border-b py-5 mb-5 component nota-incrustada\"><span class=\"block mb-2\"><strong>TE PUEDE INTERESAR<\/strong><\/span><\/article>\n<p>En sentido contrario, registraron disminuciones de\u00a0precios\u00a0los pasajes al exterior \u00a0(-33.26 %), incidiendo en que la\u00a0inflaci\u00f3n\u00a0de este grupo no fuera de mayor magnitud.<\/p>\n<p>En cuanto al IPC del grupo bienes y servicios diversos, el mismo creci\u00f3 0.70 % en enero de 2022, debido fundamentalmente a los incrementos de\u00a0precios\u00a0en los servicios de cuidado personal, como el lavado y peinado de pelo (1.23 %), corte de pelo para hombre (0.69 %), en los art\u00edculos de cuidado personal (0.52 %), adem\u00e1s de los de los servicios de celebraci\u00f3n de cumplea\u00f1os (8.75 %).<\/p>\n<p>El informe agrega que el incremento de 0.77 % del IPC del grupo restaurantes y hoteles, responde b\u00e1sicamente al aumento de los\u00a0precios\u00a0de los servicios de comidas preparadas fuera del hogar, como el plato del d\u00eda (0.66 %), el servicio de pollo (1.17 %) y los servicios de v\u00edveres con acompa\u00f1amiento (0.72 %).<\/p>\n<p>\u00abEs importante reiterar, que el alza de\u00a0precios\u00a0observado en el \u00edndice de\u00a0precios\u00a0de este grupo es resultado de las alzas de\u00a0precios\u00a0de los insumos b\u00e1sicos para su elaboraci\u00f3n, entre ellos las carnes, los aceites, el arroz, los pl\u00e1tanos, los panes, los embutidos, el queso, el gas, entre otros, que de manera directa inciden en el precio final de estos servicios de comida\u00bb, observ\u00f3 el\u00a0Banco Central.<\/p>\n<p>El \u00edndice de\u00a0precios\u00a0de Educaci\u00f3n registr\u00f3 un aumento de 2.17 % en enero de 2022, debido a los aumentos en algunas tarifas de ense\u00f1anza universitaria (4.61 %) y clases de idiomas (1.61 %).<\/p>\n<div class=\"my-12 component web-insert relative border bg-component\"><span class=\"text-xl block my-3 component-title glosa\">Inflaci\u00f3n por \u00e1reas geogr\u00e1ficas<\/span>El \u00f3rgano regulador indica en su informe que el comportamiento del IPC por regiones geogr\u00e1ficas arroj\u00f3 que la variaci\u00f3n del \u00edndice de precios al consumidor de la regi\u00f3n Ozama, que comprende el Distrito Nacional y la provincia Santo Domingo, fue 0.95 %, la regi\u00f3n Norte 1.50 %, la regi\u00f3n Este 1.20 % y la regi\u00f3n Sur 1.19 %. La inflaci\u00f3n m\u00e1s alta en la regi\u00f3n Norte se explica por la combinaci\u00f3n de la mayor incidencia del IPC de los grupos Vivienda, Transporte y Alimentos y Bebidas No Alcoh\u00f3licas, mientras que la variaci\u00f3n m\u00e1s baja registrada en el IPC de la regi\u00f3n Ozama, es producto de la menor variaci\u00f3n del IPC del grupo Transporte en esta \u00e1rea geogr\u00e1fica.<\/p>\n<p>El organismo rector de la pol\u00edtica monetaria resalta que la din\u00e1mica de los\u00a0precios\u00a0contin\u00faa afectada por choques externos. De manera particular, el precio del barril del petr\u00f3leo intermedio de Texas (WTI) continu\u00f3 incrementando su precio, al pasar de un promedio de US$71 en diciembre de 2021 a un promedio de US$83 durante enero de 2022, condicionado por limitaciones en la producci\u00f3n mundial del crudo y tensiones geopol\u00edticas en algunos pa\u00edses productores.<\/p>\n<p>Igualmente, otras materias primas importantes para la producci\u00f3n local como soya, ma\u00edz y trigo, registraron nuevas alzas durante enero, del orden de 9.40 %, 4.57 % y 1.29 %, respectivamente.<\/p>\n<p>Asimismo, se mantiene el alto costo del transporte de contenedores, lo que repercute en los\u00a0precios\u00a0de los bienes importados.<\/p>\n<\/div>\n","protected":false},"excerpt":{"rendered":"<p>El\u00a0Banco Central\u00a0inform\u00f3 hoy que el \u00edndice de\u00a0precios\u00a0al consumidor (IPC) registr\u00f3 una variaci\u00f3n de 1.18 % con respecto a diciembre de &#8230;<\/p>\n","protected":false},"author":2,"featured_media":116780,"comment_status":"closed","ping_status":"closed","sticky":false,"template":"","format":"standard","meta":{"footnotes":""},"categories":[26],"tags":[],"class_list":["post-116779","post","type-post","status-publish","format-standard","has-post-thumbnail","hentry","category-economia"],"yoast_head":"<!-- This site is optimized with the Yoast SEO plugin v24.8.1 - https:\/\/yoast.com\/wordpress\/plugins\/seo\/ -->\n<title>Vivienda, alimentos y bebidas, y transporte: grupos que m\u00e1s subieron de precios en enero - PotenciaRadiofonicaDominicana.com<\/title>\n<meta name=\"robots\" content=\"index, follow, max-snippet:-1, max-image-preview:large, max-video-preview:-1\" \/>\n<link rel=\"canonical\" href=\"https:\/\/potenciaradiofonicadominicana.com\/portal\/vivienda-alimentos-y-bebidas-y-transporte-grupos-que-mas-subieron-de-precios-en-enero\/\" \/>\n<meta property=\"og:locale\" content=\"es_ES\" \/>\n<meta property=\"og:type\" content=\"article\" \/>\n<meta property=\"og:title\" content=\"Vivienda, alimentos y bebidas, y transporte: grupos que m\u00e1s subieron de precios en enero - PotenciaRadiofonicaDominicana.com\" \/>\n<meta property=\"og:description\" content=\"El\u00a0Banco Central\u00a0inform\u00f3 hoy que el \u00edndice de\u00a0precios\u00a0al consumidor (IPC) registr\u00f3 una variaci\u00f3n de 1.18 % con respecto a diciembre de ...\" \/>\n<meta property=\"og:url\" content=\"https:\/\/potenciaradiofonicadominicana.com\/portal\/vivienda-alimentos-y-bebidas-y-transporte-grupos-que-mas-subieron-de-precios-en-enero\/\" \/>\n<meta property=\"og:site_name\" content=\"PotenciaRadiofonicaDominicana.com\" \/>\n<meta property=\"article:publisher\" content=\"https:\/\/web.facebook.com\/PotenciaRadiofonicaD\" \/>\n<meta property=\"article:published_time\" content=\"2022-02-16T17:15:23+00:00\" \/>\n<meta property=\"og:image\" content=\"https:\/\/potenciaradiofonicadominicana.com\/portal\/wp-content\/uploads\/2022\/02\/platanos-2015-punto-de-972360-541bf6f0-focus-0.57-0.05-895-573.jpg\" \/>\n\t<meta property=\"og:image:width\" content=\"895\" \/>\n\t<meta property=\"og:image:height\" content=\"573\" \/>\n\t<meta property=\"og:image:type\" content=\"image\/jpeg\" \/>\n<meta name=\"author\" content=\"Potencia Radiof\u00f3nica Dominicana\" \/>\n<meta name=\"twitter:card\" content=\"summary_large_image\" \/>\n<meta name=\"twitter:label1\" content=\"Escrito por\" \/>\n\t<meta name=\"twitter:data1\" content=\"Potencia Radiof\u00f3nica Dominicana\" \/>\n\t<meta name=\"twitter:label2\" content=\"Tiempo de lectura\" \/>\n\t<meta name=\"twitter:data2\" content=\"4 minutos\" \/>\n<script type=\"application\/ld+json\" class=\"yoast-schema-graph\">{\"@context\":\"https:\/\/schema.org\",\"@graph\":[{\"@type\":\"Article\",\"@id\":\"https:\/\/potenciaradiofonicadominicana.com\/portal\/vivienda-alimentos-y-bebidas-y-transporte-grupos-que-mas-subieron-de-precios-en-enero\/#article\",\"isPartOf\":{\"@id\":\"https:\/\/potenciaradiofonicadominicana.com\/portal\/vivienda-alimentos-y-bebidas-y-transporte-grupos-que-mas-subieron-de-precios-en-enero\/\"},\"author\":{\"name\":\"Potencia Radiof\u00f3nica Dominicana\",\"@id\":\"https:\/\/potenciaradiofonicadominicana.com\/portal\/#\/schema\/person\/a5cf1fea13877803ee0573ac18b03490\"},\"headline\":\"Vivienda, alimentos y bebidas, y transporte: grupos que m\u00e1s subieron de precios en enero\",\"datePublished\":\"2022-02-16T17:15:23+00:00\",\"mainEntityOfPage\":{\"@id\":\"https:\/\/potenciaradiofonicadominicana.com\/portal\/vivienda-alimentos-y-bebidas-y-transporte-grupos-que-mas-subieron-de-precios-en-enero\/\"},\"wordCount\":800,\"publisher\":{\"@id\":\"https:\/\/potenciaradiofonicadominicana.com\/portal\/#organization\"},\"image\":{\"@id\":\"https:\/\/potenciaradiofonicadominicana.com\/portal\/vivienda-alimentos-y-bebidas-y-transporte-grupos-que-mas-subieron-de-precios-en-enero\/#primaryimage\"},\"thumbnailUrl\":\"https:\/\/potenciaradiofonicadominicana.com\/portal\/wp-content\/uploads\/2022\/02\/platanos-2015-punto-de-972360-541bf6f0-focus-0.57-0.05-895-573.jpg\",\"articleSection\":[\"Econom\u00eda\"],\"inLanguage\":\"es\"},{\"@type\":\"WebPage\",\"@id\":\"https:\/\/potenciaradiofonicadominicana.com\/portal\/vivienda-alimentos-y-bebidas-y-transporte-grupos-que-mas-subieron-de-precios-en-enero\/\",\"url\":\"https:\/\/potenciaradiofonicadominicana.com\/portal\/vivienda-alimentos-y-bebidas-y-transporte-grupos-que-mas-subieron-de-precios-en-enero\/\",\"name\":\"Vivienda, alimentos y bebidas, y transporte: grupos que m\u00e1s subieron de precios en enero - PotenciaRadiofonicaDominicana.com\",\"isPartOf\":{\"@id\":\"https:\/\/potenciaradiofonicadominicana.com\/portal\/#website\"},\"primaryImageOfPage\":{\"@id\":\"https:\/\/potenciaradiofonicadominicana.com\/portal\/vivienda-alimentos-y-bebidas-y-transporte-grupos-que-mas-subieron-de-precios-en-enero\/#primaryimage\"},\"image\":{\"@id\":\"https:\/\/potenciaradiofonicadominicana.com\/portal\/vivienda-alimentos-y-bebidas-y-transporte-grupos-que-mas-subieron-de-precios-en-enero\/#primaryimage\"},\"thumbnailUrl\":\"https:\/\/potenciaradiofonicadominicana.com\/portal\/wp-content\/uploads\/2022\/02\/platanos-2015-punto-de-972360-541bf6f0-focus-0.57-0.05-895-573.jpg\",\"datePublished\":\"2022-02-16T17:15:23+00:00\",\"breadcrumb\":{\"@id\":\"https:\/\/potenciaradiofonicadominicana.com\/portal\/vivienda-alimentos-y-bebidas-y-transporte-grupos-que-mas-subieron-de-precios-en-enero\/#breadcrumb\"},\"inLanguage\":\"es\",\"potentialAction\":[{\"@type\":\"ReadAction\",\"target\":[\"https:\/\/potenciaradiofonicadominicana.com\/portal\/vivienda-alimentos-y-bebidas-y-transporte-grupos-que-mas-subieron-de-precios-en-enero\/\"]}]},{\"@type\":\"ImageObject\",\"inLanguage\":\"es\",\"@id\":\"https:\/\/potenciaradiofonicadominicana.com\/portal\/vivienda-alimentos-y-bebidas-y-transporte-grupos-que-mas-subieron-de-precios-en-enero\/#primaryimage\",\"url\":\"https:\/\/potenciaradiofonicadominicana.com\/portal\/wp-content\/uploads\/2022\/02\/platanos-2015-punto-de-972360-541bf6f0-focus-0.57-0.05-895-573.jpg\",\"contentUrl\":\"https:\/\/potenciaradiofonicadominicana.com\/portal\/wp-content\/uploads\/2022\/02\/platanos-2015-punto-de-972360-541bf6f0-focus-0.57-0.05-895-573.jpg\",\"width\":895,\"height\":573},{\"@type\":\"BreadcrumbList\",\"@id\":\"https:\/\/potenciaradiofonicadominicana.com\/portal\/vivienda-alimentos-y-bebidas-y-transporte-grupos-que-mas-subieron-de-precios-en-enero\/#breadcrumb\",\"itemListElement\":[{\"@type\":\"ListItem\",\"position\":1,\"name\":\"Portada\",\"item\":\"https:\/\/potenciaradiofonicadominicana.com\/portal\/\"},{\"@type\":\"ListItem\",\"position\":2,\"name\":\"Vivienda, alimentos y bebidas, y transporte: grupos que m\u00e1s subieron de precios en enero\"}]},{\"@type\":\"WebSite\",\"@id\":\"https:\/\/potenciaradiofonicadominicana.com\/portal\/#website\",\"url\":\"https:\/\/potenciaradiofonicadominicana.com\/portal\/\",\"name\":\"PotenciaRadiofonicaDominicana.com\",\"description\":\"Peri\u00f3dico Digital\",\"publisher\":{\"@id\":\"https:\/\/potenciaradiofonicadominicana.com\/portal\/#organization\"},\"potentialAction\":[{\"@type\":\"SearchAction\",\"target\":{\"@type\":\"EntryPoint\",\"urlTemplate\":\"https:\/\/potenciaradiofonicadominicana.com\/portal\/?s={search_term_string}\"},\"query-input\":{\"@type\":\"PropertyValueSpecification\",\"valueRequired\":true,\"valueName\":\"search_term_string\"}}],\"inLanguage\":\"es\"},{\"@type\":\"Organization\",\"@id\":\"https:\/\/potenciaradiofonicadominicana.com\/portal\/#organization\",\"name\":\"PotenciaRadiofonicaDominicana.com\",\"url\":\"https:\/\/potenciaradiofonicadominicana.com\/portal\/\",\"logo\":{\"@type\":\"ImageObject\",\"inLanguage\":\"es\",\"@id\":\"https:\/\/potenciaradiofonicadominicana.com\/portal\/#\/schema\/logo\/image\/\",\"url\":\"https:\/\/potenciaradiofonicadominicana.com\/portal\/wp-content\/uploads\/2022\/01\/descarga.png\",\"contentUrl\":\"https:\/\/potenciaradiofonicadominicana.com\/portal\/wp-content\/uploads\/2022\/01\/descarga.png\",\"width\":300,\"height\":100,\"caption\":\"PotenciaRadiofonicaDominicana.com\"},\"image\":{\"@id\":\"https:\/\/potenciaradiofonicadominicana.com\/portal\/#\/schema\/logo\/image\/\"},\"sameAs\":[\"https:\/\/web.facebook.com\/PotenciaRadiofonicaD\"]},{\"@type\":\"Person\",\"@id\":\"https:\/\/potenciaradiofonicadominicana.com\/portal\/#\/schema\/person\/a5cf1fea13877803ee0573ac18b03490\",\"name\":\"Potencia Radiof\u00f3nica Dominicana\",\"image\":{\"@type\":\"ImageObject\",\"inLanguage\":\"es\",\"@id\":\"https:\/\/potenciaradiofonicadominicana.com\/portal\/#\/schema\/person\/image\/\",\"url\":\"https:\/\/secure.gravatar.com\/avatar\/42a55ab9e8ccc656ba34cd791990602a?s=96&d=mm&r=g\",\"contentUrl\":\"https:\/\/secure.gravatar.com\/avatar\/42a55ab9e8ccc656ba34cd791990602a?s=96&d=mm&r=g\",\"caption\":\"Potencia Radiof\u00f3nica Dominicana\"},\"url\":\"https:\/\/potenciaradiofonicadominicana.com\/portal\/author\/johannyalmanzar\/\"}]}<\/script>\n<!-- \/ Yoast SEO plugin. -->","yoast_head_json":{"title":"Vivienda, alimentos y bebidas, y transporte: grupos que m\u00e1s subieron de precios en enero - PotenciaRadiofonicaDominicana.com","robots":{"index":"index","follow":"follow","max-snippet":"max-snippet:-1","max-image-preview":"max-image-preview:large","max-video-preview":"max-video-preview:-1"},"canonical":"https:\/\/potenciaradiofonicadominicana.com\/portal\/vivienda-alimentos-y-bebidas-y-transporte-grupos-que-mas-subieron-de-precios-en-enero\/","og_locale":"es_ES","og_type":"article","og_title":"Vivienda, alimentos y bebidas, y transporte: grupos que m\u00e1s subieron de precios en enero - PotenciaRadiofonicaDominicana.com","og_description":"El\u00a0Banco Central\u00a0inform\u00f3 hoy que el \u00edndice de\u00a0precios\u00a0al consumidor (IPC) registr\u00f3 una variaci\u00f3n de 1.18 % con respecto a diciembre de ...","og_url":"https:\/\/potenciaradiofonicadominicana.com\/portal\/vivienda-alimentos-y-bebidas-y-transporte-grupos-que-mas-subieron-de-precios-en-enero\/","og_site_name":"PotenciaRadiofonicaDominicana.com","article_publisher":"https:\/\/web.facebook.com\/PotenciaRadiofonicaD","article_published_time":"2022-02-16T17:15:23+00:00","og_image":[{"width":895,"height":573,"url":"https:\/\/potenciaradiofonicadominicana.com\/portal\/wp-content\/uploads\/2022\/02\/platanos-2015-punto-de-972360-541bf6f0-focus-0.57-0.05-895-573.jpg","type":"image\/jpeg"}],"author":"Potencia Radiof\u00f3nica Dominicana","twitter_card":"summary_large_image","twitter_misc":{"Escrito por":"Potencia Radiof\u00f3nica Dominicana","Tiempo de lectura":"4 minutos"},"schema":{"@context":"https:\/\/schema.org","@graph":[{"@type":"Article","@id":"https:\/\/potenciaradiofonicadominicana.com\/portal\/vivienda-alimentos-y-bebidas-y-transporte-grupos-que-mas-subieron-de-precios-en-enero\/#article","isPartOf":{"@id":"https:\/\/potenciaradiofonicadominicana.com\/portal\/vivienda-alimentos-y-bebidas-y-transporte-grupos-que-mas-subieron-de-precios-en-enero\/"},"author":{"name":"Potencia Radiof\u00f3nica Dominicana","@id":"https:\/\/potenciaradiofonicadominicana.com\/portal\/#\/schema\/person\/a5cf1fea13877803ee0573ac18b03490"},"headline":"Vivienda, alimentos y bebidas, y transporte: grupos que m\u00e1s subieron de precios en enero","datePublished":"2022-02-16T17:15:23+00:00","mainEntityOfPage":{"@id":"https:\/\/potenciaradiofonicadominicana.com\/portal\/vivienda-alimentos-y-bebidas-y-transporte-grupos-que-mas-subieron-de-precios-en-enero\/"},"wordCount":800,"publisher":{"@id":"https:\/\/potenciaradiofonicadominicana.com\/portal\/#organization"},"image":{"@id":"https:\/\/potenciaradiofonicadominicana.com\/portal\/vivienda-alimentos-y-bebidas-y-transporte-grupos-que-mas-subieron-de-precios-en-enero\/#primaryimage"},"thumbnailUrl":"https:\/\/potenciaradiofonicadominicana.com\/portal\/wp-content\/uploads\/2022\/02\/platanos-2015-punto-de-972360-541bf6f0-focus-0.57-0.05-895-573.jpg","articleSection":["Econom\u00eda"],"inLanguage":"es"},{"@type":"WebPage","@id":"https:\/\/potenciaradiofonicadominicana.com\/portal\/vivienda-alimentos-y-bebidas-y-transporte-grupos-que-mas-subieron-de-precios-en-enero\/","url":"https:\/\/potenciaradiofonicadominicana.com\/portal\/vivienda-alimentos-y-bebidas-y-transporte-grupos-que-mas-subieron-de-precios-en-enero\/","name":"Vivienda, alimentos y bebidas, y transporte: grupos que m\u00e1s subieron de precios en enero - PotenciaRadiofonicaDominicana.com","isPartOf":{"@id":"https:\/\/potenciaradiofonicadominicana.com\/portal\/#website"},"primaryImageOfPage":{"@id":"https:\/\/potenciaradiofonicadominicana.com\/portal\/vivienda-alimentos-y-bebidas-y-transporte-grupos-que-mas-subieron-de-precios-en-enero\/#primaryimage"},"image":{"@id":"https:\/\/potenciaradiofonicadominicana.com\/portal\/vivienda-alimentos-y-bebidas-y-transporte-grupos-que-mas-subieron-de-precios-en-enero\/#primaryimage"},"thumbnailUrl":"https:\/\/potenciaradiofonicadominicana.com\/portal\/wp-content\/uploads\/2022\/02\/platanos-2015-punto-de-972360-541bf6f0-focus-0.57-0.05-895-573.jpg","datePublished":"2022-02-16T17:15:23+00:00","breadcrumb":{"@id":"https:\/\/potenciaradiofonicadominicana.com\/portal\/vivienda-alimentos-y-bebidas-y-transporte-grupos-que-mas-subieron-de-precios-en-enero\/#breadcrumb"},"inLanguage":"es","potentialAction":[{"@type":"ReadAction","target":["https:\/\/potenciaradiofonicadominicana.com\/portal\/vivienda-alimentos-y-bebidas-y-transporte-grupos-que-mas-subieron-de-precios-en-enero\/"]}]},{"@type":"ImageObject","inLanguage":"es","@id":"https:\/\/potenciaradiofonicadominicana.com\/portal\/vivienda-alimentos-y-bebidas-y-transporte-grupos-que-mas-subieron-de-precios-en-enero\/#primaryimage","url":"https:\/\/potenciaradiofonicadominicana.com\/portal\/wp-content\/uploads\/2022\/02\/platanos-2015-punto-de-972360-541bf6f0-focus-0.57-0.05-895-573.jpg","contentUrl":"https:\/\/potenciaradiofonicadominicana.com\/portal\/wp-content\/uploads\/2022\/02\/platanos-2015-punto-de-972360-541bf6f0-focus-0.57-0.05-895-573.jpg","width":895,"height":573},{"@type":"BreadcrumbList","@id":"https:\/\/potenciaradiofonicadominicana.com\/portal\/vivienda-alimentos-y-bebidas-y-transporte-grupos-que-mas-subieron-de-precios-en-enero\/#breadcrumb","itemListElement":[{"@type":"ListItem","position":1,"name":"Portada","item":"https:\/\/potenciaradiofonicadominicana.com\/portal\/"},{"@type":"ListItem","position":2,"name":"Vivienda, alimentos y bebidas, y transporte: grupos que m\u00e1s subieron de precios en enero"}]},{"@type":"WebSite","@id":"https:\/\/potenciaradiofonicadominicana.com\/portal\/#website","url":"https:\/\/potenciaradiofonicadominicana.com\/portal\/","name":"PotenciaRadiofonicaDominicana.com","description":"Peri\u00f3dico Digital","publisher":{"@id":"https:\/\/potenciaradiofonicadominicana.com\/portal\/#organization"},"potentialAction":[{"@type":"SearchAction","target":{"@type":"EntryPoint","urlTemplate":"https:\/\/potenciaradiofonicadominicana.com\/portal\/?s={search_term_string}"},"query-input":{"@type":"PropertyValueSpecification","valueRequired":true,"valueName":"search_term_string"}}],"inLanguage":"es"},{"@type":"Organization","@id":"https:\/\/potenciaradiofonicadominicana.com\/portal\/#organization","name":"PotenciaRadiofonicaDominicana.com","url":"https:\/\/potenciaradiofonicadominicana.com\/portal\/","logo":{"@type":"ImageObject","inLanguage":"es","@id":"https:\/\/potenciaradiofonicadominicana.com\/portal\/#\/schema\/logo\/image\/","url":"https:\/\/potenciaradiofonicadominicana.com\/portal\/wp-content\/uploads\/2022\/01\/descarga.png","contentUrl":"https:\/\/potenciaradiofonicadominicana.com\/portal\/wp-content\/uploads\/2022\/01\/descarga.png","width":300,"height":100,"caption":"PotenciaRadiofonicaDominicana.com"},"image":{"@id":"https:\/\/potenciaradiofonicadominicana.com\/portal\/#\/schema\/logo\/image\/"},"sameAs":["https:\/\/web.facebook.com\/PotenciaRadiofonicaD"]},{"@type":"Person","@id":"https:\/\/potenciaradiofonicadominicana.com\/portal\/#\/schema\/person\/a5cf1fea13877803ee0573ac18b03490","name":"Potencia Radiof\u00f3nica Dominicana","image":{"@type":"ImageObject","inLanguage":"es","@id":"https:\/\/potenciaradiofonicadominicana.com\/portal\/#\/schema\/person\/image\/","url":"https:\/\/secure.gravatar.com\/avatar\/42a55ab9e8ccc656ba34cd791990602a?s=96&d=mm&r=g","contentUrl":"https:\/\/secure.gravatar.com\/avatar\/42a55ab9e8ccc656ba34cd791990602a?s=96&d=mm&r=g","caption":"Potencia Radiof\u00f3nica Dominicana"},"url":"https:\/\/potenciaradiofonicadominicana.com\/portal\/author\/johannyalmanzar\/"}]}},"_links":{"self":[{"href":"https:\/\/potenciaradiofonicadominicana.com\/portal\/wp-json\/wp\/v2\/posts\/116779","targetHints":{"allow":["GET"]}}],"collection":[{"href":"https:\/\/potenciaradiofonicadominicana.com\/portal\/wp-json\/wp\/v2\/posts"}],"about":[{"href":"https:\/\/potenciaradiofonicadominicana.com\/portal\/wp-json\/wp\/v2\/types\/post"}],"author":[{"embeddable":true,"href":"https:\/\/potenciaradiofonicadominicana.com\/portal\/wp-json\/wp\/v2\/users\/2"}],"replies":[{"embeddable":true,"href":"https:\/\/potenciaradiofonicadominicana.com\/portal\/wp-json\/wp\/v2\/comments?post=116779"}],"version-history":[{"count":1,"href":"https:\/\/potenciaradiofonicadominicana.com\/portal\/wp-json\/wp\/v2\/posts\/116779\/revisions"}],"predecessor-version":[{"id":116781,"href":"https:\/\/potenciaradiofonicadominicana.com\/portal\/wp-json\/wp\/v2\/posts\/116779\/revisions\/116781"}],"wp:featuredmedia":[{"embeddable":true,"href":"https:\/\/potenciaradiofonicadominicana.com\/portal\/wp-json\/wp\/v2\/media\/116780"}],"wp:attachment":[{"href":"https:\/\/potenciaradiofonicadominicana.com\/portal\/wp-json\/wp\/v2\/media?parent=116779"}],"wp:term":[{"taxonomy":"category","embeddable":true,"href":"https:\/\/potenciaradiofonicadominicana.com\/portal\/wp-json\/wp\/v2\/categories?post=116779"},{"taxonomy":"post_tag","embeddable":true,"href":"https:\/\/potenciaradiofonicadominicana.com\/portal\/wp-json\/wp\/v2\/tags?post=116779"}],"curies":[{"name":"wp","href":"https:\/\/api.w.org\/{rel}","templated":true}]}}