{"id":116773,"date":"2022-02-16T13:10:46","date_gmt":"2022-02-16T17:10:46","guid":{"rendered":"https:\/\/potenciaradiofonicadominicana.com\/portal\/?p=116773"},"modified":"2022-02-16T13:10:46","modified_gmt":"2022-02-16T17:10:46","slug":"asofer-nuevo-reglamento-de-generacion-distribuida-atrasaria-al-sector-de-energia-renovable","status":"publish","type":"post","link":"https:\/\/potenciaradiofonicadominicana.com\/portal\/asofer-nuevo-reglamento-de-generacion-distribuida-atrasaria-al-sector-de-energia-renovable\/","title":{"rendered":"Asofer: \u201cNuevo reglamento de Generaci\u00f3n Distribuida atrasar\u00eda al sector de energ\u00eda renovable\u201d"},"content":{"rendered":"<p><a href=\"https:\/\/potenciaradiofonicadominicana.com\/portal\/wp-content\/uploads\/2022\/02\/whatsapp-image-2022-02-16-at-111612-am-b2601de4-focus-0-0-895-573.jpg\"><img loading=\"lazy\" decoding=\"async\" class=\"alignnone size-full wp-image-116774\" src=\"https:\/\/potenciaradiofonicadominicana.com\/portal\/wp-content\/uploads\/2022\/02\/whatsapp-image-2022-02-16-at-111612-am-b2601de4-focus-0-0-895-573.jpg\" alt=\"\" width=\"895\" height=\"573\" srcset=\"https:\/\/potenciaradiofonicadominicana.com\/portal\/wp-content\/uploads\/2022\/02\/whatsapp-image-2022-02-16-at-111612-am-b2601de4-focus-0-0-895-573.jpg 895w, https:\/\/potenciaradiofonicadominicana.com\/portal\/wp-content\/uploads\/2022\/02\/whatsapp-image-2022-02-16-at-111612-am-b2601de4-focus-0-0-895-573-300x192.jpg 300w, https:\/\/potenciaradiofonicadominicana.com\/portal\/wp-content\/uploads\/2022\/02\/whatsapp-image-2022-02-16-at-111612-am-b2601de4-focus-0-0-895-573-768x492.jpg 768w\" sizes=\"auto, (max-width: 895px) 100vw, 895px\" \/><\/a><\/p>\n<p>La\u00a0Asociaci\u00f3n del Fomento de las Energ\u00edas Renovables\u00a0(Asofer) mostr\u00f3 su preocupaci\u00f3n ante la propuesta de un nuevo reglamento de\u00a0Generaci\u00f3n Distribuida\u00a0que se discute en la Superintendencia de Electricidad, la cual indican detiene el crecimiento y la propia subsistencia de este sector de las renovables.<\/p>\n<p>Los directivos de Asofer, mediante una nota, explicaron que, en materia de autoconsumo de energ\u00eda, esta nueva normativa impactar\u00e1 el costo de vida de los dominicanos, provocando el cierre de cientos de empresas y sobre todo afectar\u00eda el compromiso del pa\u00eds para reducir sus emisiones de gases de efecto invernadero para el 2030, en un 27% respecto al 2010, as\u00ed como generar el 25% de su energ\u00eda a trav\u00e9s de fuentes renovables para el a\u00f1o 2025.<\/p>\n<p>Explic\u00f3 que han depositado ante la Superintendencia de Electricidad una comunicaci\u00f3n sobre c\u00f3mo afectar\u00eda este reglamento a los dominicanos y las sugerencias que entienden deben ser tomadas en cuenta para que dicho documento sirva para regular equitativamente y est\u00e9 en consonancia con las metas del gobierno.<\/p>\n<p>La asociaci\u00f3n solicit\u00f3 un acercamiento con el Gabinete El\u00e9ctrico para juntos velar por los intereses de todos los dominicanos. Agreg\u00f3 que les preocupa que mientras el mundo se mueve a aumentar el uso de energ\u00edas m\u00e1s sostenibles, en nuestro pa\u00eds se est\u00e9 llevando a cabo la propuesta que puede afectar al sector.<\/p>\n<p>\u00abA pesar de que vemos un apoyo masivo de la poblaci\u00f3n a la estrategia nacional de\u00a0descarbonizaci\u00f3n\u00a0de la econom\u00eda, a trav\u00e9s de la instalaci\u00f3n de paneles solares para autoconsumo en sus hogares y negocios, as\u00ed como un creciente inter\u00e9s en el uso de carros el\u00e9ctricos, lo cierto es que la cantidad de ciudadanos que han logrado superar las barreras regulatorias y el poder de mercado de las empresas distribuidoras para autogenerar su energ\u00eda, es muy m\u00ednima\u00bb, sostiene Asofer en la nota.<\/p>\n<p>Apunta que, al hacer un an\u00e1lisis en las empresas distribuidoras, de la cantidad de clientes dentro del programa de medici\u00f3n neta que producen parte de su energ\u00eda con renovable, apenas representan el 0.27% de todos los clientes que gestionan. \u00abEn Edeeste, por ejemplo, solo existen 681 clientes, en\u00a0Edesur, 2,870 y en Edenorte 4,611\u00bb, sostiene Asofer.<\/p>\n","protected":false},"excerpt":{"rendered":"<p>La\u00a0Asociaci\u00f3n del Fomento de las Energ\u00edas Renovables\u00a0(Asofer) mostr\u00f3 su preocupaci\u00f3n ante la propuesta de un nuevo reglamento de\u00a0Generaci\u00f3n Distribuida\u00a0que se &#8230;<\/p>\n","protected":false},"author":2,"featured_media":116774,"comment_status":"closed","ping_status":"closed","sticky":false,"template":"","format":"standard","meta":{"footnotes":""},"categories":[26],"tags":[],"class_list":["post-116773","post","type-post","status-publish","format-standard","has-post-thumbnail","hentry","category-economia"],"yoast_head":"<!-- This site is optimized with the Yoast SEO plugin v24.8.1 - https:\/\/yoast.com\/wordpress\/plugins\/seo\/ -->\n<title>Asofer: \u201cNuevo reglamento de Generaci\u00f3n Distribuida atrasar\u00eda al sector de energ\u00eda renovable\u201d - PotenciaRadiofonicaDominicana.com<\/title>\n<meta name=\"robots\" content=\"index, follow, max-snippet:-1, max-image-preview:large, max-video-preview:-1\" \/>\n<link rel=\"canonical\" href=\"https:\/\/potenciaradiofonicadominicana.com\/portal\/asofer-nuevo-reglamento-de-generacion-distribuida-atrasaria-al-sector-de-energia-renovable\/\" \/>\n<meta property=\"og:locale\" content=\"es_ES\" \/>\n<meta property=\"og:type\" content=\"article\" \/>\n<meta property=\"og:title\" content=\"Asofer: \u201cNuevo reglamento de Generaci\u00f3n Distribuida atrasar\u00eda al sector de energ\u00eda renovable\u201d - PotenciaRadiofonicaDominicana.com\" \/>\n<meta property=\"og:description\" content=\"La\u00a0Asociaci\u00f3n del Fomento de las Energ\u00edas Renovables\u00a0(Asofer) mostr\u00f3 su preocupaci\u00f3n ante la propuesta de un nuevo reglamento de\u00a0Generaci\u00f3n Distribuida\u00a0que se ...\" \/>\n<meta property=\"og:url\" content=\"https:\/\/potenciaradiofonicadominicana.com\/portal\/asofer-nuevo-reglamento-de-generacion-distribuida-atrasaria-al-sector-de-energia-renovable\/\" \/>\n<meta property=\"og:site_name\" content=\"PotenciaRadiofonicaDominicana.com\" \/>\n<meta property=\"article:publisher\" content=\"https:\/\/web.facebook.com\/PotenciaRadiofonicaD\" \/>\n<meta property=\"article:published_time\" content=\"2022-02-16T17:10:46+00:00\" \/>\n<meta property=\"og:image\" content=\"https:\/\/potenciaradiofonicadominicana.com\/portal\/wp-content\/uploads\/2022\/02\/whatsapp-image-2022-02-16-at-111612-am-b2601de4-focus-0-0-895-573.jpg\" \/>\n\t<meta property=\"og:image:width\" content=\"895\" \/>\n\t<meta property=\"og:image:height\" content=\"573\" \/>\n\t<meta property=\"og:image:type\" content=\"image\/jpeg\" \/>\n<meta name=\"author\" content=\"Potencia Radiof\u00f3nica Dominicana\" \/>\n<meta name=\"twitter:card\" content=\"summary_large_image\" \/>\n<meta name=\"twitter:label1\" content=\"Escrito por\" \/>\n\t<meta name=\"twitter:data1\" content=\"Potencia Radiof\u00f3nica Dominicana\" \/>\n\t<meta name=\"twitter:label2\" content=\"Tiempo de lectura\" \/>\n\t<meta name=\"twitter:data2\" content=\"2 minutos\" \/>\n<script type=\"application\/ld+json\" class=\"yoast-schema-graph\">{\"@context\":\"https:\/\/schema.org\",\"@graph\":[{\"@type\":\"Article\",\"@id\":\"https:\/\/potenciaradiofonicadominicana.com\/portal\/asofer-nuevo-reglamento-de-generacion-distribuida-atrasaria-al-sector-de-energia-renovable\/#article\",\"isPartOf\":{\"@id\":\"https:\/\/potenciaradiofonicadominicana.com\/portal\/asofer-nuevo-reglamento-de-generacion-distribuida-atrasaria-al-sector-de-energia-renovable\/\"},\"author\":{\"name\":\"Potencia Radiof\u00f3nica Dominicana\",\"@id\":\"https:\/\/potenciaradiofonicadominicana.com\/portal\/#\/schema\/person\/a5cf1fea13877803ee0573ac18b03490\"},\"headline\":\"Asofer: \u201cNuevo reglamento de Generaci\u00f3n Distribuida atrasar\u00eda al sector de energ\u00eda renovable\u201d\",\"datePublished\":\"2022-02-16T17:10:46+00:00\",\"mainEntityOfPage\":{\"@id\":\"https:\/\/potenciaradiofonicadominicana.com\/portal\/asofer-nuevo-reglamento-de-generacion-distribuida-atrasaria-al-sector-de-energia-renovable\/\"},\"wordCount\":394,\"publisher\":{\"@id\":\"https:\/\/potenciaradiofonicadominicana.com\/portal\/#organization\"},\"image\":{\"@id\":\"https:\/\/potenciaradiofonicadominicana.com\/portal\/asofer-nuevo-reglamento-de-generacion-distribuida-atrasaria-al-sector-de-energia-renovable\/#primaryimage\"},\"thumbnailUrl\":\"https:\/\/potenciaradiofonicadominicana.com\/portal\/wp-content\/uploads\/2022\/02\/whatsapp-image-2022-02-16-at-111612-am-b2601de4-focus-0-0-895-573.jpg\",\"articleSection\":[\"Econom\u00eda\"],\"inLanguage\":\"es\"},{\"@type\":\"WebPage\",\"@id\":\"https:\/\/potenciaradiofonicadominicana.com\/portal\/asofer-nuevo-reglamento-de-generacion-distribuida-atrasaria-al-sector-de-energia-renovable\/\",\"url\":\"https:\/\/potenciaradiofonicadominicana.com\/portal\/asofer-nuevo-reglamento-de-generacion-distribuida-atrasaria-al-sector-de-energia-renovable\/\",\"name\":\"Asofer: \u201cNuevo reglamento de Generaci\u00f3n Distribuida atrasar\u00eda al sector de energ\u00eda renovable\u201d - PotenciaRadiofonicaDominicana.com\",\"isPartOf\":{\"@id\":\"https:\/\/potenciaradiofonicadominicana.com\/portal\/#website\"},\"primaryImageOfPage\":{\"@id\":\"https:\/\/potenciaradiofonicadominicana.com\/portal\/asofer-nuevo-reglamento-de-generacion-distribuida-atrasaria-al-sector-de-energia-renovable\/#primaryimage\"},\"image\":{\"@id\":\"https:\/\/potenciaradiofonicadominicana.com\/portal\/asofer-nuevo-reglamento-de-generacion-distribuida-atrasaria-al-sector-de-energia-renovable\/#primaryimage\"},\"thumbnailUrl\":\"https:\/\/potenciaradiofonicadominicana.com\/portal\/wp-content\/uploads\/2022\/02\/whatsapp-image-2022-02-16-at-111612-am-b2601de4-focus-0-0-895-573.jpg\",\"datePublished\":\"2022-02-16T17:10:46+00:00\",\"breadcrumb\":{\"@id\":\"https:\/\/potenciaradiofonicadominicana.com\/portal\/asofer-nuevo-reglamento-de-generacion-distribuida-atrasaria-al-sector-de-energia-renovable\/#breadcrumb\"},\"inLanguage\":\"es\",\"potentialAction\":[{\"@type\":\"ReadAction\",\"target\":[\"https:\/\/potenciaradiofonicadominicana.com\/portal\/asofer-nuevo-reglamento-de-generacion-distribuida-atrasaria-al-sector-de-energia-renovable\/\"]}]},{\"@type\":\"ImageObject\",\"inLanguage\":\"es\",\"@id\":\"https:\/\/potenciaradiofonicadominicana.com\/portal\/asofer-nuevo-reglamento-de-generacion-distribuida-atrasaria-al-sector-de-energia-renovable\/#primaryimage\",\"url\":\"https:\/\/potenciaradiofonicadominicana.com\/portal\/wp-content\/uploads\/2022\/02\/whatsapp-image-2022-02-16-at-111612-am-b2601de4-focus-0-0-895-573.jpg\",\"contentUrl\":\"https:\/\/potenciaradiofonicadominicana.com\/portal\/wp-content\/uploads\/2022\/02\/whatsapp-image-2022-02-16-at-111612-am-b2601de4-focus-0-0-895-573.jpg\",\"width\":895,\"height\":573},{\"@type\":\"BreadcrumbList\",\"@id\":\"https:\/\/potenciaradiofonicadominicana.com\/portal\/asofer-nuevo-reglamento-de-generacion-distribuida-atrasaria-al-sector-de-energia-renovable\/#breadcrumb\",\"itemListElement\":[{\"@type\":\"ListItem\",\"position\":1,\"name\":\"Portada\",\"item\":\"https:\/\/potenciaradiofonicadominicana.com\/portal\/\"},{\"@type\":\"ListItem\",\"position\":2,\"name\":\"Asofer: \u201cNuevo reglamento de Generaci\u00f3n Distribuida atrasar\u00eda al sector de energ\u00eda renovable\u201d\"}]},{\"@type\":\"WebSite\",\"@id\":\"https:\/\/potenciaradiofonicadominicana.com\/portal\/#website\",\"url\":\"https:\/\/potenciaradiofonicadominicana.com\/portal\/\",\"name\":\"PotenciaRadiofonicaDominicana.com\",\"description\":\"Peri\u00f3dico Digital\",\"publisher\":{\"@id\":\"https:\/\/potenciaradiofonicadominicana.com\/portal\/#organization\"},\"potentialAction\":[{\"@type\":\"SearchAction\",\"target\":{\"@type\":\"EntryPoint\",\"urlTemplate\":\"https:\/\/potenciaradiofonicadominicana.com\/portal\/?s={search_term_string}\"},\"query-input\":{\"@type\":\"PropertyValueSpecification\",\"valueRequired\":true,\"valueName\":\"search_term_string\"}}],\"inLanguage\":\"es\"},{\"@type\":\"Organization\",\"@id\":\"https:\/\/potenciaradiofonicadominicana.com\/portal\/#organization\",\"name\":\"PotenciaRadiofonicaDominicana.com\",\"url\":\"https:\/\/potenciaradiofonicadominicana.com\/portal\/\",\"logo\":{\"@type\":\"ImageObject\",\"inLanguage\":\"es\",\"@id\":\"https:\/\/potenciaradiofonicadominicana.com\/portal\/#\/schema\/logo\/image\/\",\"url\":\"https:\/\/potenciaradiofonicadominicana.com\/portal\/wp-content\/uploads\/2022\/01\/descarga.png\",\"contentUrl\":\"https:\/\/potenciaradiofonicadominicana.com\/portal\/wp-content\/uploads\/2022\/01\/descarga.png\",\"width\":300,\"height\":100,\"caption\":\"PotenciaRadiofonicaDominicana.com\"},\"image\":{\"@id\":\"https:\/\/potenciaradiofonicadominicana.com\/portal\/#\/schema\/logo\/image\/\"},\"sameAs\":[\"https:\/\/web.facebook.com\/PotenciaRadiofonicaD\"]},{\"@type\":\"Person\",\"@id\":\"https:\/\/potenciaradiofonicadominicana.com\/portal\/#\/schema\/person\/a5cf1fea13877803ee0573ac18b03490\",\"name\":\"Potencia Radiof\u00f3nica Dominicana\",\"image\":{\"@type\":\"ImageObject\",\"inLanguage\":\"es\",\"@id\":\"https:\/\/potenciaradiofonicadominicana.com\/portal\/#\/schema\/person\/image\/\",\"url\":\"https:\/\/secure.gravatar.com\/avatar\/42a55ab9e8ccc656ba34cd791990602a?s=96&d=mm&r=g\",\"contentUrl\":\"https:\/\/secure.gravatar.com\/avatar\/42a55ab9e8ccc656ba34cd791990602a?s=96&d=mm&r=g\",\"caption\":\"Potencia Radiof\u00f3nica Dominicana\"},\"url\":\"https:\/\/potenciaradiofonicadominicana.com\/portal\/author\/johannyalmanzar\/\"}]}<\/script>\n<!-- \/ Yoast SEO plugin. -->","yoast_head_json":{"title":"Asofer: \u201cNuevo reglamento de Generaci\u00f3n Distribuida atrasar\u00eda al sector de energ\u00eda renovable\u201d - PotenciaRadiofonicaDominicana.com","robots":{"index":"index","follow":"follow","max-snippet":"max-snippet:-1","max-image-preview":"max-image-preview:large","max-video-preview":"max-video-preview:-1"},"canonical":"https:\/\/potenciaradiofonicadominicana.com\/portal\/asofer-nuevo-reglamento-de-generacion-distribuida-atrasaria-al-sector-de-energia-renovable\/","og_locale":"es_ES","og_type":"article","og_title":"Asofer: \u201cNuevo reglamento de Generaci\u00f3n Distribuida atrasar\u00eda al sector de energ\u00eda renovable\u201d - PotenciaRadiofonicaDominicana.com","og_description":"La\u00a0Asociaci\u00f3n del Fomento de las Energ\u00edas Renovables\u00a0(Asofer) mostr\u00f3 su preocupaci\u00f3n ante la propuesta de un nuevo reglamento de\u00a0Generaci\u00f3n Distribuida\u00a0que se ...","og_url":"https:\/\/potenciaradiofonicadominicana.com\/portal\/asofer-nuevo-reglamento-de-generacion-distribuida-atrasaria-al-sector-de-energia-renovable\/","og_site_name":"PotenciaRadiofonicaDominicana.com","article_publisher":"https:\/\/web.facebook.com\/PotenciaRadiofonicaD","article_published_time":"2022-02-16T17:10:46+00:00","og_image":[{"width":895,"height":573,"url":"https:\/\/potenciaradiofonicadominicana.com\/portal\/wp-content\/uploads\/2022\/02\/whatsapp-image-2022-02-16-at-111612-am-b2601de4-focus-0-0-895-573.jpg","type":"image\/jpeg"}],"author":"Potencia Radiof\u00f3nica Dominicana","twitter_card":"summary_large_image","twitter_misc":{"Escrito por":"Potencia Radiof\u00f3nica Dominicana","Tiempo de lectura":"2 minutos"},"schema":{"@context":"https:\/\/schema.org","@graph":[{"@type":"Article","@id":"https:\/\/potenciaradiofonicadominicana.com\/portal\/asofer-nuevo-reglamento-de-generacion-distribuida-atrasaria-al-sector-de-energia-renovable\/#article","isPartOf":{"@id":"https:\/\/potenciaradiofonicadominicana.com\/portal\/asofer-nuevo-reglamento-de-generacion-distribuida-atrasaria-al-sector-de-energia-renovable\/"},"author":{"name":"Potencia Radiof\u00f3nica Dominicana","@id":"https:\/\/potenciaradiofonicadominicana.com\/portal\/#\/schema\/person\/a5cf1fea13877803ee0573ac18b03490"},"headline":"Asofer: \u201cNuevo reglamento de Generaci\u00f3n Distribuida atrasar\u00eda al sector de energ\u00eda renovable\u201d","datePublished":"2022-02-16T17:10:46+00:00","mainEntityOfPage":{"@id":"https:\/\/potenciaradiofonicadominicana.com\/portal\/asofer-nuevo-reglamento-de-generacion-distribuida-atrasaria-al-sector-de-energia-renovable\/"},"wordCount":394,"publisher":{"@id":"https:\/\/potenciaradiofonicadominicana.com\/portal\/#organization"},"image":{"@id":"https:\/\/potenciaradiofonicadominicana.com\/portal\/asofer-nuevo-reglamento-de-generacion-distribuida-atrasaria-al-sector-de-energia-renovable\/#primaryimage"},"thumbnailUrl":"https:\/\/potenciaradiofonicadominicana.com\/portal\/wp-content\/uploads\/2022\/02\/whatsapp-image-2022-02-16-at-111612-am-b2601de4-focus-0-0-895-573.jpg","articleSection":["Econom\u00eda"],"inLanguage":"es"},{"@type":"WebPage","@id":"https:\/\/potenciaradiofonicadominicana.com\/portal\/asofer-nuevo-reglamento-de-generacion-distribuida-atrasaria-al-sector-de-energia-renovable\/","url":"https:\/\/potenciaradiofonicadominicana.com\/portal\/asofer-nuevo-reglamento-de-generacion-distribuida-atrasaria-al-sector-de-energia-renovable\/","name":"Asofer: \u201cNuevo reglamento de Generaci\u00f3n Distribuida atrasar\u00eda al sector de energ\u00eda renovable\u201d - PotenciaRadiofonicaDominicana.com","isPartOf":{"@id":"https:\/\/potenciaradiofonicadominicana.com\/portal\/#website"},"primaryImageOfPage":{"@id":"https:\/\/potenciaradiofonicadominicana.com\/portal\/asofer-nuevo-reglamento-de-generacion-distribuida-atrasaria-al-sector-de-energia-renovable\/#primaryimage"},"image":{"@id":"https:\/\/potenciaradiofonicadominicana.com\/portal\/asofer-nuevo-reglamento-de-generacion-distribuida-atrasaria-al-sector-de-energia-renovable\/#primaryimage"},"thumbnailUrl":"https:\/\/potenciaradiofonicadominicana.com\/portal\/wp-content\/uploads\/2022\/02\/whatsapp-image-2022-02-16-at-111612-am-b2601de4-focus-0-0-895-573.jpg","datePublished":"2022-02-16T17:10:46+00:00","breadcrumb":{"@id":"https:\/\/potenciaradiofonicadominicana.com\/portal\/asofer-nuevo-reglamento-de-generacion-distribuida-atrasaria-al-sector-de-energia-renovable\/#breadcrumb"},"inLanguage":"es","potentialAction":[{"@type":"ReadAction","target":["https:\/\/potenciaradiofonicadominicana.com\/portal\/asofer-nuevo-reglamento-de-generacion-distribuida-atrasaria-al-sector-de-energia-renovable\/"]}]},{"@type":"ImageObject","inLanguage":"es","@id":"https:\/\/potenciaradiofonicadominicana.com\/portal\/asofer-nuevo-reglamento-de-generacion-distribuida-atrasaria-al-sector-de-energia-renovable\/#primaryimage","url":"https:\/\/potenciaradiofonicadominicana.com\/portal\/wp-content\/uploads\/2022\/02\/whatsapp-image-2022-02-16-at-111612-am-b2601de4-focus-0-0-895-573.jpg","contentUrl":"https:\/\/potenciaradiofonicadominicana.com\/portal\/wp-content\/uploads\/2022\/02\/whatsapp-image-2022-02-16-at-111612-am-b2601de4-focus-0-0-895-573.jpg","width":895,"height":573},{"@type":"BreadcrumbList","@id":"https:\/\/potenciaradiofonicadominicana.com\/portal\/asofer-nuevo-reglamento-de-generacion-distribuida-atrasaria-al-sector-de-energia-renovable\/#breadcrumb","itemListElement":[{"@type":"ListItem","position":1,"name":"Portada","item":"https:\/\/potenciaradiofonicadominicana.com\/portal\/"},{"@type":"ListItem","position":2,"name":"Asofer: \u201cNuevo reglamento de Generaci\u00f3n Distribuida atrasar\u00eda al sector de energ\u00eda renovable\u201d"}]},{"@type":"WebSite","@id":"https:\/\/potenciaradiofonicadominicana.com\/portal\/#website","url":"https:\/\/potenciaradiofonicadominicana.com\/portal\/","name":"PotenciaRadiofonicaDominicana.com","description":"Peri\u00f3dico Digital","publisher":{"@id":"https:\/\/potenciaradiofonicadominicana.com\/portal\/#organization"},"potentialAction":[{"@type":"SearchAction","target":{"@type":"EntryPoint","urlTemplate":"https:\/\/potenciaradiofonicadominicana.com\/portal\/?s={search_term_string}"},"query-input":{"@type":"PropertyValueSpecification","valueRequired":true,"valueName":"search_term_string"}}],"inLanguage":"es"},{"@type":"Organization","@id":"https:\/\/potenciaradiofonicadominicana.com\/portal\/#organization","name":"PotenciaRadiofonicaDominicana.com","url":"https:\/\/potenciaradiofonicadominicana.com\/portal\/","logo":{"@type":"ImageObject","inLanguage":"es","@id":"https:\/\/potenciaradiofonicadominicana.com\/portal\/#\/schema\/logo\/image\/","url":"https:\/\/potenciaradiofonicadominicana.com\/portal\/wp-content\/uploads\/2022\/01\/descarga.png","contentUrl":"https:\/\/potenciaradiofonicadominicana.com\/portal\/wp-content\/uploads\/2022\/01\/descarga.png","width":300,"height":100,"caption":"PotenciaRadiofonicaDominicana.com"},"image":{"@id":"https:\/\/potenciaradiofonicadominicana.com\/portal\/#\/schema\/logo\/image\/"},"sameAs":["https:\/\/web.facebook.com\/PotenciaRadiofonicaD"]},{"@type":"Person","@id":"https:\/\/potenciaradiofonicadominicana.com\/portal\/#\/schema\/person\/a5cf1fea13877803ee0573ac18b03490","name":"Potencia Radiof\u00f3nica Dominicana","image":{"@type":"ImageObject","inLanguage":"es","@id":"https:\/\/potenciaradiofonicadominicana.com\/portal\/#\/schema\/person\/image\/","url":"https:\/\/secure.gravatar.com\/avatar\/42a55ab9e8ccc656ba34cd791990602a?s=96&d=mm&r=g","contentUrl":"https:\/\/secure.gravatar.com\/avatar\/42a55ab9e8ccc656ba34cd791990602a?s=96&d=mm&r=g","caption":"Potencia Radiof\u00f3nica Dominicana"},"url":"https:\/\/potenciaradiofonicadominicana.com\/portal\/author\/johannyalmanzar\/"}]}},"_links":{"self":[{"href":"https:\/\/potenciaradiofonicadominicana.com\/portal\/wp-json\/wp\/v2\/posts\/116773","targetHints":{"allow":["GET"]}}],"collection":[{"href":"https:\/\/potenciaradiofonicadominicana.com\/portal\/wp-json\/wp\/v2\/posts"}],"about":[{"href":"https:\/\/potenciaradiofonicadominicana.com\/portal\/wp-json\/wp\/v2\/types\/post"}],"author":[{"embeddable":true,"href":"https:\/\/potenciaradiofonicadominicana.com\/portal\/wp-json\/wp\/v2\/users\/2"}],"replies":[{"embeddable":true,"href":"https:\/\/potenciaradiofonicadominicana.com\/portal\/wp-json\/wp\/v2\/comments?post=116773"}],"version-history":[{"count":1,"href":"https:\/\/potenciaradiofonicadominicana.com\/portal\/wp-json\/wp\/v2\/posts\/116773\/revisions"}],"predecessor-version":[{"id":116775,"href":"https:\/\/potenciaradiofonicadominicana.com\/portal\/wp-json\/wp\/v2\/posts\/116773\/revisions\/116775"}],"wp:featuredmedia":[{"embeddable":true,"href":"https:\/\/potenciaradiofonicadominicana.com\/portal\/wp-json\/wp\/v2\/media\/116774"}],"wp:attachment":[{"href":"https:\/\/potenciaradiofonicadominicana.com\/portal\/wp-json\/wp\/v2\/media?parent=116773"}],"wp:term":[{"taxonomy":"category","embeddable":true,"href":"https:\/\/potenciaradiofonicadominicana.com\/portal\/wp-json\/wp\/v2\/categories?post=116773"},{"taxonomy":"post_tag","embeddable":true,"href":"https:\/\/potenciaradiofonicadominicana.com\/portal\/wp-json\/wp\/v2\/tags?post=116773"}],"curies":[{"name":"wp","href":"https:\/\/api.w.org\/{rel}","templated":true}]}}